{"id":7057,"date":"2025-04-26T21:17:45","date_gmt":"2025-04-26T19:17:45","guid":{"rendered":"https:\/\/vieassociative.be\/actualites\/cette-cyberattaque-cible-les-comptes-microsoft-365\/"},"modified":"2025-04-26T21:17:45","modified_gmt":"2025-04-26T19:17:45","slug":"cette-cyberattaque-cible-les-comptes-microsoft-365","status":"publish","type":"post","link":"https:\/\/vieassociative.be\/actualites\/cette-cyberattaque-cible-les-comptes-microsoft-365\/","title":{"rendered":"Cette cyberattaque cible les comptes Microsoft 365"},"content":{"rendered":"<div class=\"mt-4 leading-6 md:mb-8\">Les pirates contactent les victimes via WhatsApp et Signal.<\/div>\n<p><\/p>\n<p>Une nouvelle cyberattaque cible les utilisateurs de Microsoft 365 via des messages Signal et WhatsApp, avec des pirates qui se font l&rsquo;identit\u00e9 de responsables gouvernementaux afin d&rsquo;acc\u00e9der aux comptes. <\/p>\n<p>Selon les rapports de Bleeping Computer, de mauvais acteurs &#8211; qui seraient des Russes qui pr\u00e9tendent \u00eatre des responsables politiques ou des diplomates europ\u00e9ens &#8211; contactent les employ\u00e9s d&rsquo;organisations travaillant sur des questions li\u00e9es \u00e0 l&rsquo;Ukraine et aux droits de l&rsquo;homme. L&rsquo;objectif final est de inciter les cibles \u00e0 cliquer sur un lien de phishing OAuth les conduisant \u00e0 authentifier leurs informations d&rsquo;identification Microsoft 365. <\/p>\n<p>Cette arnaque, d\u00e9couverte pour la premi\u00e8re fois par la volexit\u00e9 de la soci\u00e9t\u00e9 de cybers\u00e9curit\u00e9, s&rsquo;est concentr\u00e9e sp\u00e9cifiquement sur les organisations li\u00e9es \u00e0 l&rsquo;Ukraine, mais une approche similaire pourrait \u00eatre utilis\u00e9e plus largement pour voler des donn\u00e9es utilisateur ou prendre le contr\u00f4le des appareils. <\/p>\n<h2 id=\"how-the-microsoft-365-oauth-attack-works\">Comment fonctionne l&rsquo;attaque Microsoft 365 OAuth<\/h2>\n<p>Cette attaque commence g\u00e9n\u00e9ralement par des cibles recevant un message via Signal ou WhatsApp d&rsquo;un utilisateur se faisant passer pour un fonctionnaire politique ou un diplomate avec une invitation \u00e0 un appel vid\u00e9o ou \u00e0 une conf\u00e9rence pour discuter des questions li\u00e9es \u00e0 l&rsquo;Ukraine. <\/p>\n<p>Selon la volexit\u00e9, les attaquants peuvent pr\u00e9tendre provenir de la mission d&rsquo;Ukraine \u00e0 l&rsquo;Union europ\u00e9enne, de la d\u00e9l\u00e9gation permanente de la R\u00e9publique de Bulgarie \u00e0 l&rsquo;OTAN, ou de la repr\u00e9sentation permanente de la Roumanie \u00e0 l&rsquo;Union europ\u00e9enne. Dans une variation, la campagne commence par un e-mail envoy\u00e9 \u00e0 partir d&rsquo;un compte gouvernemental ukrainien pirat\u00e9 suivi d&rsquo;une communication via Signal et WhatsApp. <\/p>\n<p>Une fois qu&rsquo;un fil est \u00e9tabli, les mauvais acteurs envoient des instructions PDF victimes avec une URL de phishing OAuth. Lorsque vous cliquez sur, l&rsquo;utilisateur est invit\u00e9 \u00e0 se connecter \u00e0 Microsoft et aux applications tierces qui utilisent Microsoft 365 OAuth et redirig\u00e9 vers une page de destination avec un code d&rsquo;authentification, qu&rsquo;il est dit de partager afin d&rsquo;entrer dans la r\u00e9union. Ce code, qui est valable pendant 60 jours, donne aux attaquants acc\u00e8s aux e-mails et autres ressources Microsoft 365, m\u00eame si les victimes modifient leurs mots de passe. <\/p>\n<div class=\"pogoClear relative my-10 border-b-(1.5px) border-t-(1.5px) border-dashed border-black py-5 sm:my-14 sm:border-0 sm:py-0\" data-ga-click data-ga-template=\"News\" data-ga-module=\"openweb_widget\" data-ga-element=\"openweb_scroll\" data-ga-item=\"openweb_scroll_midpage\" x-cloak x-data=\"{ commentsCount: null, hasComments: false }\" x-init=\"commentsCount = await window.openweb.getMessagesCount(01JSPTPCEWM3CQF5MBXGQTMPM6);\n     hasComments = commentsCount !== null &amp;&amp; commentsCount &gt; 0\"><\/p>\n<div class=\"absolute top-1\/2 hidden w-full -translate-y-1\/2 border-t-(1.5px) border-dashed border-black sm:block\"><\/div>\n<div class=\"relative flex justify-center\">\n<div class=\"flex max-w-max items-center gap-x-3 bg-white px-5\">\n<div class=\"relative\">\n                <span class=\"absolute left-1\/2 top-1\/2 -translate-x-1\/2 -translate-y-1\/2 font-akshar text-sm font-medium text-black\" x-show=\"hasComments\" x-text=\"commentsCount\"><\/span><\/p>\n<p>                <svg class=\"h-8 w-8 text-black\">\n                    <use href=\"http:\/\/lifehacker.com\/images\/icons\/spritemap.svg#sprite-chat-bubble\"><\/use>\n                <\/svg>\n            <\/div>\n<p>            <span class=\"text-sm font-medium text-black\"><\/p>\n<p>                Que pensez-vous jusqu&rsquo;\u00e0 pr\u00e9sent?<br \/>\n                <button class=\"font-semibold text-brand-green underline hover:text-brand-green-700\" onclick=\"window.openweb.scrollToComments(01JSPTPCEWM3CQF5MBXGQTMPM6)\" x-text=\"hasComments ? 'Post a comment.' : 'Be the first to post a comment.'\"><\/button><br \/>\n            <\/span>\n        <\/div>\n<\/p><\/div>\n<\/div>\n<h2 id=\"how-to-spot-the-microsoft-365-oauth-attack\">Comment rep\u00e9rer l&rsquo;attaque Microsoft 365 OAuth<\/h2>\n<p>Cette attaque est l&rsquo;une des nombreuses menaces r\u00e9centes abusant de l&rsquo;authentification OAuth, ce qui peut rendre plus difficile l&rsquo;identification comme suspecte, du moins d&rsquo;un point de vue technique. Volexity recommande de configurer les politiques d&rsquo;acc\u00e8s conditionnel sur les comptes Microsoft 365 aux appareils approuv\u00e9s uniquement, ainsi que l&rsquo;activation des alertes de connexion. <\/p>\n<p>Les utilisateurs devraient \u00e9galement se m\u00e9fier des tactiques d&rsquo;ing\u00e9nierie sociale qui jouent sur la psychologie humaine pour r\u00e9aliser avec succ\u00e8s le phishing et d&rsquo;autres types de cyberattaques. Les exemples incluent des messages inhabituels ou hors de caract\u00e8re, en particulier pour un exp\u00e9diteur que vous connaissez ou en qui vous avez confiance &#8211; la communication qui provoque une r\u00e9ponse \u00e9motionnelle (comme la peur ou la curiosit\u00e9), et des demandes urgentes ou des offres trop belles pour \u00eatre vraies. <\/p>\n<p>Un explicateur d&rsquo;ing\u00e9nierie sociale de CSO conseille un \u00ab\u00a0\u00e9tat d&rsquo;esprit z\u00e9ro-frust\u00a0\u00bb ainsi que de surveiller des signes communs comme la grammaire et les erreurs d&rsquo;orthographe et les instructions pour cliquer sur les liens ou ouvrir les pi\u00e8ces jointes. Les captures d&rsquo;\u00e9cran du signal et des messages WhatsApp partag\u00e9es par volexit\u00e9 montrent de petites erreurs qui les donnent comme potentiellement frauduleux. <\/p>\n","protected":false},"excerpt":{"rendered":"<p>Les pirates contactent les victimes via WhatsApp et Signal. Une nouvelle cyberattaque cible les utilisateurs de Microsoft 365 via des messages Signal et WhatsApp, avec<\/p>\n","protected":false},"author":1,"featured_media":7058,"comment_status":"","ping_status":"","sticky":false,"template":"","format":"standard","meta":{"footnotes":""},"categories":[13],"tags":[206,3673,1222,6642,14,1190],"class_list":["post-7057","post","type-post","status-publish","format-standard","has-post-thumbnail","hentry","category-technologie","tag-cette","tag-cible","tag-comptes","tag-cyberattaque","tag-les","tag-microsoft","generate-columns","tablet-grid-50","mobile-grid-100","grid-parent","grid-33"],"yoast_head":"<!-- This site is optimized with the Yoast SEO plugin v24.0 - https:\/\/yoast.com\/wordpress\/plugins\/seo\/ -->\n<title>Cette cyberattaque cible les comptes Microsoft 365 | Vie Associative<\/title>\n<meta name=\"robots\" content=\"index, follow, max-snippet:-1, max-image-preview:large, max-video-preview:-1\" \/>\n<link rel=\"canonical\" href=\"https:\/\/vieassociative.be\/actualites\/cette-cyberattaque-cible-les-comptes-microsoft-365\/\" \/>\n<meta property=\"og:locale\" content=\"fr_FR\" \/>\n<meta property=\"og:type\" content=\"article\" \/>\n<meta property=\"og:title\" content=\"Cette cyberattaque cible les comptes Microsoft 365 | Vie Associative\" \/>\n<meta property=\"og:description\" content=\"Les pirates contactent les victimes via WhatsApp et Signal. Une nouvelle cyberattaque cible les utilisateurs de Microsoft 365 via des messages Signal et WhatsApp, avec\" \/>\n<meta property=\"og:url\" content=\"https:\/\/vieassociative.be\/actualites\/cette-cyberattaque-cible-les-comptes-microsoft-365\/\" \/>\n<meta property=\"og:site_name\" content=\"Vie Associative\" \/>\n<meta property=\"article:published_time\" content=\"2025-04-26T19:17:45+00:00\" \/>\n<meta property=\"og:image\" content=\"https:\/\/vieassociative.be\/actualites\/wp-content\/uploads\/2024\/09\/header_backgroundk-01-e1726694325946.png\" \/>\n\t<meta property=\"og:image:width\" content=\"279\" \/>\n\t<meta property=\"og:image:height\" content=\"92\" \/>\n\t<meta property=\"og:image:type\" content=\"image\/png\" \/>\n<meta name=\"author\" content=\"Julien\" \/>\n<meta name=\"twitter:card\" content=\"summary_large_image\" \/>\n<meta name=\"twitter:label1\" content=\"\u00c9crit par\" \/>\n\t<meta name=\"twitter:data1\" content=\"Julien\" \/>\n\t<meta name=\"twitter:label2\" content=\"Dur\u00e9e de lecture est.\" \/>\n\t<meta name=\"twitter:data2\" content=\"3 minutes\" \/>\n<script type=\"application\/ld+json\" class=\"yoast-schema-graph\">{\"@context\":\"https:\/\/schema.org\",\"@graph\":[{\"@type\":\"Article\",\"@id\":\"https:\/\/vieassociative.be\/actualites\/cette-cyberattaque-cible-les-comptes-microsoft-365\/#article\",\"isPartOf\":{\"@id\":\"https:\/\/vieassociative.be\/actualites\/cette-cyberattaque-cible-les-comptes-microsoft-365\/\"},\"author\":{\"name\":\"Julien\",\"@id\":\"https:\/\/vieassociative.be\/actualites\/#\/schema\/person\/b87ac4f82f9d4e7b7cec7395b679edc4\"},\"headline\":\"Cette cyberattaque cible les comptes Microsoft 365\",\"datePublished\":\"2025-04-26T19:17:45+00:00\",\"dateModified\":\"2025-04-26T19:17:45+00:00\",\"mainEntityOfPage\":{\"@id\":\"https:\/\/vieassociative.be\/actualites\/cette-cyberattaque-cible-les-comptes-microsoft-365\/\"},\"wordCount\":614,\"publisher\":{\"@id\":\"https:\/\/vieassociative.be\/actualites\/#organization\"},\"image\":{\"@id\":\"https:\/\/vieassociative.be\/actualites\/cette-cyberattaque-cible-les-comptes-microsoft-365\/#primaryimage\"},\"thumbnailUrl\":\"https:\/\/vieassociative.be\/actualites\/wp-content\/uploads\/2025\/04\/Cette-cyberattaque-cible-les-comptes-Microsoft-365.png\",\"keywords\":[\"cette\",\"cible\",\"comptes\",\"cyberattaque\",\"Les\",\"Microsoft\"],\"articleSection\":[\"Technologie\"],\"inLanguage\":\"fr-BE\"},{\"@type\":\"WebPage\",\"@id\":\"https:\/\/vieassociative.be\/actualites\/cette-cyberattaque-cible-les-comptes-microsoft-365\/\",\"url\":\"https:\/\/vieassociative.be\/actualites\/cette-cyberattaque-cible-les-comptes-microsoft-365\/\",\"name\":\"Cette cyberattaque cible les comptes Microsoft 365 | Vie Associative\",\"isPartOf\":{\"@id\":\"https:\/\/vieassociative.be\/actualites\/#website\"},\"primaryImageOfPage\":{\"@id\":\"https:\/\/vieassociative.be\/actualites\/cette-cyberattaque-cible-les-comptes-microsoft-365\/#primaryimage\"},\"image\":{\"@id\":\"https:\/\/vieassociative.be\/actualites\/cette-cyberattaque-cible-les-comptes-microsoft-365\/#primaryimage\"},\"thumbnailUrl\":\"https:\/\/vieassociative.be\/actualites\/wp-content\/uploads\/2025\/04\/Cette-cyberattaque-cible-les-comptes-Microsoft-365.png\",\"datePublished\":\"2025-04-26T19:17:45+00:00\",\"dateModified\":\"2025-04-26T19:17:45+00:00\",\"breadcrumb\":{\"@id\":\"https:\/\/vieassociative.be\/actualites\/cette-cyberattaque-cible-les-comptes-microsoft-365\/#breadcrumb\"},\"inLanguage\":\"fr-BE\",\"potentialAction\":[{\"@type\":\"ReadAction\",\"target\":[\"https:\/\/vieassociative.be\/actualites\/cette-cyberattaque-cible-les-comptes-microsoft-365\/\"]}]},{\"@type\":\"ImageObject\",\"inLanguage\":\"fr-BE\",\"@id\":\"https:\/\/vieassociative.be\/actualites\/cette-cyberattaque-cible-les-comptes-microsoft-365\/#primaryimage\",\"url\":\"https:\/\/vieassociative.be\/actualites\/wp-content\/uploads\/2025\/04\/Cette-cyberattaque-cible-les-comptes-Microsoft-365.png\",\"contentUrl\":\"https:\/\/vieassociative.be\/actualites\/wp-content\/uploads\/2025\/04\/Cette-cyberattaque-cible-les-comptes-Microsoft-365.png\",\"width\":1200,\"height\":675,\"caption\":\"Cette cyberattaque cible les comptes Microsoft 365\"},{\"@type\":\"BreadcrumbList\",\"@id\":\"https:\/\/vieassociative.be\/actualites\/cette-cyberattaque-cible-les-comptes-microsoft-365\/#breadcrumb\",\"itemListElement\":[{\"@type\":\"ListItem\",\"position\":1,\"name\":\"Accueil\",\"item\":\"https:\/\/vieassociative.be\/actualites\/\"},{\"@type\":\"ListItem\",\"position\":2,\"name\":\"Cette cyberattaque cible les comptes Microsoft 365\"}]},{\"@type\":\"WebSite\",\"@id\":\"https:\/\/vieassociative.be\/actualites\/#website\",\"url\":\"https:\/\/vieassociative.be\/actualites\/\",\"name\":\"Vie Associative\",\"description\":\"\",\"publisher\":{\"@id\":\"https:\/\/vieassociative.be\/actualites\/#organization\"},\"potentialAction\":[{\"@type\":\"SearchAction\",\"target\":{\"@type\":\"EntryPoint\",\"urlTemplate\":\"https:\/\/vieassociative.be\/actualites\/?s={search_term_string}\"},\"query-input\":{\"@type\":\"PropertyValueSpecification\",\"valueRequired\":true,\"valueName\":\"search_term_string\"}}],\"inLanguage\":\"fr-BE\"},{\"@type\":\"Organization\",\"@id\":\"https:\/\/vieassociative.be\/actualites\/#organization\",\"name\":\"Vie Associative\",\"url\":\"https:\/\/vieassociative.be\/actualites\/\",\"logo\":{\"@type\":\"ImageObject\",\"inLanguage\":\"fr-BE\",\"@id\":\"https:\/\/vieassociative.be\/actualites\/#\/schema\/logo\/image\/\",\"url\":\"https:\/\/vieassociative.be\/actualites\/wp-content\/uploads\/2024\/09\/cropped-vieassociative_favicon.ico.png\",\"contentUrl\":\"https:\/\/vieassociative.be\/actualites\/wp-content\/uploads\/2024\/09\/cropped-vieassociative_favicon.ico.png\",\"width\":512,\"height\":512,\"caption\":\"Vie Associative\"},\"image\":{\"@id\":\"https:\/\/vieassociative.be\/actualites\/#\/schema\/logo\/image\/\"}},{\"@type\":\"Person\",\"@id\":\"https:\/\/vieassociative.be\/actualites\/#\/schema\/person\/b87ac4f82f9d4e7b7cec7395b679edc4\",\"name\":\"Julien\",\"image\":{\"@type\":\"ImageObject\",\"inLanguage\":\"fr-BE\",\"@id\":\"https:\/\/vieassociative.be\/actualites\/#\/schema\/person\/image\/\",\"url\":\"https:\/\/vieassociative.be\/actualites\/wp-content\/uploads\/2024\/09\/vie-associative-1-150x150.jpg\",\"contentUrl\":\"https:\/\/vieassociative.be\/actualites\/wp-content\/uploads\/2024\/09\/vie-associative-1-150x150.jpg\",\"caption\":\"Julien\"},\"description\":\"Je suis Julien, r\u00e9dacteur pour Vie Associative. Passionn\u00e9 par le monde associatif depuis plus de 10 ans, j'ai \u00e0 c\u0153ur de partager des histoires inspirantes et de mettre en lumi\u00e8re les initiatives locales. Mon objectif est de sensibiliser et d'encourager l'engagement communautaire \u00e0 travers mes articles.\",\"sameAs\":[\"https:\/\/vieassociative.be\/\"]}]}<\/script>\n<!-- \/ Yoast SEO plugin. -->","yoast_head_json":{"title":"Cette cyberattaque cible les comptes Microsoft 365 | Vie Associative","robots":{"index":"index","follow":"follow","max-snippet":"max-snippet:-1","max-image-preview":"max-image-preview:large","max-video-preview":"max-video-preview:-1"},"canonical":"https:\/\/vieassociative.be\/actualites\/cette-cyberattaque-cible-les-comptes-microsoft-365\/","og_locale":"fr_FR","og_type":"article","og_title":"Cette cyberattaque cible les comptes Microsoft 365 | Vie Associative","og_description":"Les pirates contactent les victimes via WhatsApp et Signal. Une nouvelle cyberattaque cible les utilisateurs de Microsoft 365 via des messages Signal et WhatsApp, avec","og_url":"https:\/\/vieassociative.be\/actualites\/cette-cyberattaque-cible-les-comptes-microsoft-365\/","og_site_name":"Vie Associative","article_published_time":"2025-04-26T19:17:45+00:00","og_image":[{"width":279,"height":92,"url":"https:\/\/vieassociative.be\/actualites\/wp-content\/uploads\/2024\/09\/header_backgroundk-01-e1726694325946.png","type":"image\/png"}],"author":"Julien","twitter_card":"summary_large_image","twitter_misc":{"\u00c9crit par":"Julien","Dur\u00e9e de lecture est.":"3 minutes"},"schema":{"@context":"https:\/\/schema.org","@graph":[{"@type":"Article","@id":"https:\/\/vieassociative.be\/actualites\/cette-cyberattaque-cible-les-comptes-microsoft-365\/#article","isPartOf":{"@id":"https:\/\/vieassociative.be\/actualites\/cette-cyberattaque-cible-les-comptes-microsoft-365\/"},"author":{"name":"Julien","@id":"https:\/\/vieassociative.be\/actualites\/#\/schema\/person\/b87ac4f82f9d4e7b7cec7395b679edc4"},"headline":"Cette cyberattaque cible les comptes Microsoft 365","datePublished":"2025-04-26T19:17:45+00:00","dateModified":"2025-04-26T19:17:45+00:00","mainEntityOfPage":{"@id":"https:\/\/vieassociative.be\/actualites\/cette-cyberattaque-cible-les-comptes-microsoft-365\/"},"wordCount":614,"publisher":{"@id":"https:\/\/vieassociative.be\/actualites\/#organization"},"image":{"@id":"https:\/\/vieassociative.be\/actualites\/cette-cyberattaque-cible-les-comptes-microsoft-365\/#primaryimage"},"thumbnailUrl":"https:\/\/vieassociative.be\/actualites\/wp-content\/uploads\/2025\/04\/Cette-cyberattaque-cible-les-comptes-Microsoft-365.png","keywords":["cette","cible","comptes","cyberattaque","Les","Microsoft"],"articleSection":["Technologie"],"inLanguage":"fr-BE"},{"@type":"WebPage","@id":"https:\/\/vieassociative.be\/actualites\/cette-cyberattaque-cible-les-comptes-microsoft-365\/","url":"https:\/\/vieassociative.be\/actualites\/cette-cyberattaque-cible-les-comptes-microsoft-365\/","name":"Cette cyberattaque cible les comptes Microsoft 365 | Vie Associative","isPartOf":{"@id":"https:\/\/vieassociative.be\/actualites\/#website"},"primaryImageOfPage":{"@id":"https:\/\/vieassociative.be\/actualites\/cette-cyberattaque-cible-les-comptes-microsoft-365\/#primaryimage"},"image":{"@id":"https:\/\/vieassociative.be\/actualites\/cette-cyberattaque-cible-les-comptes-microsoft-365\/#primaryimage"},"thumbnailUrl":"https:\/\/vieassociative.be\/actualites\/wp-content\/uploads\/2025\/04\/Cette-cyberattaque-cible-les-comptes-Microsoft-365.png","datePublished":"2025-04-26T19:17:45+00:00","dateModified":"2025-04-26T19:17:45+00:00","breadcrumb":{"@id":"https:\/\/vieassociative.be\/actualites\/cette-cyberattaque-cible-les-comptes-microsoft-365\/#breadcrumb"},"inLanguage":"fr-BE","potentialAction":[{"@type":"ReadAction","target":["https:\/\/vieassociative.be\/actualites\/cette-cyberattaque-cible-les-comptes-microsoft-365\/"]}]},{"@type":"ImageObject","inLanguage":"fr-BE","@id":"https:\/\/vieassociative.be\/actualites\/cette-cyberattaque-cible-les-comptes-microsoft-365\/#primaryimage","url":"https:\/\/vieassociative.be\/actualites\/wp-content\/uploads\/2025\/04\/Cette-cyberattaque-cible-les-comptes-Microsoft-365.png","contentUrl":"https:\/\/vieassociative.be\/actualites\/wp-content\/uploads\/2025\/04\/Cette-cyberattaque-cible-les-comptes-Microsoft-365.png","width":1200,"height":675,"caption":"Cette cyberattaque cible les comptes Microsoft 365"},{"@type":"BreadcrumbList","@id":"https:\/\/vieassociative.be\/actualites\/cette-cyberattaque-cible-les-comptes-microsoft-365\/#breadcrumb","itemListElement":[{"@type":"ListItem","position":1,"name":"Accueil","item":"https:\/\/vieassociative.be\/actualites\/"},{"@type":"ListItem","position":2,"name":"Cette cyberattaque cible les comptes Microsoft 365"}]},{"@type":"WebSite","@id":"https:\/\/vieassociative.be\/actualites\/#website","url":"https:\/\/vieassociative.be\/actualites\/","name":"Vie Associative","description":"","publisher":{"@id":"https:\/\/vieassociative.be\/actualites\/#organization"},"potentialAction":[{"@type":"SearchAction","target":{"@type":"EntryPoint","urlTemplate":"https:\/\/vieassociative.be\/actualites\/?s={search_term_string}"},"query-input":{"@type":"PropertyValueSpecification","valueRequired":true,"valueName":"search_term_string"}}],"inLanguage":"fr-BE"},{"@type":"Organization","@id":"https:\/\/vieassociative.be\/actualites\/#organization","name":"Vie Associative","url":"https:\/\/vieassociative.be\/actualites\/","logo":{"@type":"ImageObject","inLanguage":"fr-BE","@id":"https:\/\/vieassociative.be\/actualites\/#\/schema\/logo\/image\/","url":"https:\/\/vieassociative.be\/actualites\/wp-content\/uploads\/2024\/09\/cropped-vieassociative_favicon.ico.png","contentUrl":"https:\/\/vieassociative.be\/actualites\/wp-content\/uploads\/2024\/09\/cropped-vieassociative_favicon.ico.png","width":512,"height":512,"caption":"Vie Associative"},"image":{"@id":"https:\/\/vieassociative.be\/actualites\/#\/schema\/logo\/image\/"}},{"@type":"Person","@id":"https:\/\/vieassociative.be\/actualites\/#\/schema\/person\/b87ac4f82f9d4e7b7cec7395b679edc4","name":"Julien","image":{"@type":"ImageObject","inLanguage":"fr-BE","@id":"https:\/\/vieassociative.be\/actualites\/#\/schema\/person\/image\/","url":"https:\/\/vieassociative.be\/actualites\/wp-content\/uploads\/2024\/09\/vie-associative-1-150x150.jpg","contentUrl":"https:\/\/vieassociative.be\/actualites\/wp-content\/uploads\/2024\/09\/vie-associative-1-150x150.jpg","caption":"Julien"},"description":"Je suis Julien, r\u00e9dacteur pour Vie Associative. Passionn\u00e9 par le monde associatif depuis plus de 10 ans, j'ai \u00e0 c\u0153ur de partager des histoires inspirantes et de mettre en lumi\u00e8re les initiatives locales. Mon objectif est de sensibiliser et d'encourager l'engagement communautaire \u00e0 travers mes articles.","sameAs":["https:\/\/vieassociative.be\/"]}]}},"_links":{"self":[{"href":"https:\/\/vieassociative.be\/actualites\/wp-json\/wp\/v2\/posts\/7057"}],"collection":[{"href":"https:\/\/vieassociative.be\/actualites\/wp-json\/wp\/v2\/posts"}],"about":[{"href":"https:\/\/vieassociative.be\/actualites\/wp-json\/wp\/v2\/types\/post"}],"author":[{"embeddable":true,"href":"https:\/\/vieassociative.be\/actualites\/wp-json\/wp\/v2\/users\/1"}],"replies":[{"embeddable":true,"href":"https:\/\/vieassociative.be\/actualites\/wp-json\/wp\/v2\/comments?post=7057"}],"version-history":[{"count":0,"href":"https:\/\/vieassociative.be\/actualites\/wp-json\/wp\/v2\/posts\/7057\/revisions"}],"wp:featuredmedia":[{"embeddable":true,"href":"https:\/\/vieassociative.be\/actualites\/wp-json\/wp\/v2\/media\/7058"}],"wp:attachment":[{"href":"https:\/\/vieassociative.be\/actualites\/wp-json\/wp\/v2\/media?parent=7057"}],"wp:term":[{"taxonomy":"category","embeddable":true,"href":"https:\/\/vieassociative.be\/actualites\/wp-json\/wp\/v2\/categories?post=7057"},{"taxonomy":"post_tag","embeddable":true,"href":"https:\/\/vieassociative.be\/actualites\/wp-json\/wp\/v2\/tags?post=7057"}],"curies":[{"name":"wp","href":"https:\/\/api.w.org\/{rel}","templated":true}]}}