{"id":7056,"date":"2025-04-26T20:17:28","date_gmt":"2025-04-26T18:17:28","guid":{"rendered":"https:\/\/vieassociative.be\/actualites\/comment-creer-une-routine-de-sommeil-qui-est-parfaite-pour-vous-2\/"},"modified":"2025-04-26T20:17:28","modified_gmt":"2025-04-26T18:17:28","slug":"comment-creer-une-routine-de-sommeil-qui-est-parfaite-pour-vous-2","status":"publish","type":"post","link":"https:\/\/vieassociative.be\/actualites\/comment-creer-une-routine-de-sommeil-qui-est-parfaite-pour-vous-2\/","title":{"rendered":"Comment cr\u00e9er une routine de sommeil qui est parfaite pour vous"},"content":{"rendered":"<div class=\"mt-4 leading-6 md:mb-8\">Si vous \u00eates \u00e0 faible \u00e9nergie tout le temps, avez-vous essay\u00e9 de passer huit heures dans une pi\u00e8ce fra\u00eeche, sombre et calme?<\/div>\n<p><\/p>\n<p>Il est \u00e9tonnant de voir combien de probl\u00e8mes peuvent \u00eatre r\u00e9solus avec une bonne hygi\u00e8ne du sommeil. Si vous vous sentez souvent faible sur l&rsquo;\u00e9nergie, l&rsquo;une des premi\u00e8res choses que vous devriez vous demander est de savoir combien de sommeil vous obtenez. Un bon sommeil aide \u00e9galement notre sant\u00e9 globale, notre r\u00e9cup\u00e9ration de l&rsquo;exercice, notre capacit\u00e9 \u00e0 nous concentrer, et plus encore. Et bien qu&rsquo;il y ait beaucoup de gadgets et de biohacks qui pr\u00e9tendent aider, les principes fondamentaux de l&rsquo;hygi\u00e8ne du sommeil sont basiques et simples. <\/p>\n<h2 id=\"how-to-know-if-you-need-more-sleep\">Comment savoir si vous avez besoin de plus de sommeil<\/h2>\n<p>La plupart des adultes ont besoin de sept \u00e0 neuf heures de sommeil, en moyenne, chaque nuit. Cela varie: Uou pourrait \u00eatre une personne de sept heures ou une personne de neuf heures. (Les jeunes en ont g\u00e9n\u00e9ralement besoin encore plus; les personnes \u00e2g\u00e9es peuvent \u00eatre d&rsquo;accord avec moins.) Donc, si vous vous sentez fatigu\u00e9 tout le temps, un contr\u00f4le intestinal facile est de noter combien de temps vous passez au lit, en moyenne. Si c&rsquo;est moins de sept heures, ce n&rsquo;est probablement pas suffisant. Et m\u00eame si c&rsquo;est dans cette fen\u00eatre de sept \u00e0 neuf heures, essayez de prendre une heure suppl\u00e9mentaire ou deux de quelques jours de suite. Si vous vous sentez beaucoup mieux, vous avez votre r\u00e9ponse. <\/p>\n<p>Si vous avez du mal \u00e0 vous r\u00e9veiller \u00e0 l&rsquo;heure mais que vous vous endormez facilement lorsque vous \u00eates assis tranquillement (comme regarder un film), c&rsquo;est un autre signe que vous ne dormez probablement pas assez. Si vous dormez lorsque vous en avez l&rsquo;occasion, votre temps de r\u00e9veil est un autre indice. Si vous dormez en deux heures ou plus au-del\u00e0 de votre temps normal, c&rsquo;est votre corps en appliquant une correction \u00e0 court terme (dormir suffisamment) \u00e0 un probl\u00e8me \u00e0 long terme (en dormant trop peu). <\/p>\n<p>Si vous savez que vous devriez dormir plus, mais que vous ne semblez pas comprendre comment, voici les bases de l&rsquo;hygi\u00e8ne du sommeil que vous devez ma\u00eetriser.<\/p>\n<h2 id=\"stick-to-a-sleep-schedule\">S&rsquo;en tenir \u00e0 un horaire de sommeil<\/h2>\n<p><strong>D\u00e9finir un temps de r\u00e9veil<\/strong> auquel vous pouvez vous en tenir tous les jours. La coh\u00e9rence est importante ici: ne r\u00e9glez pas l&rsquo;alarme pendant 6 heures du matin en semaine et dormez avant midi le week-end. Si vous ne pouvez pas \u00eatre parfaitement coh\u00e9rent, par exemple, si vous travaillez diff\u00e9rents quarts de travail, additionnez-vous si n\u00e9cessaire, mais essayez de faire de votre mieux. <\/p>\n<p>Prochain vient <strong>se coucher<\/strong>. D\u00e9terminez le temps dont vous avez besoin pour frapper le foin pour dormir suffisamment avant que votre alarme ne se d\u00e9clenche. Puis travaillez en arri\u00e8re \u00e0 partir de <em>que<\/em> Pour comprendre quand commencer \u00e0 se transformer en jammies et quelle que soit votre routine nocturne. (Plus sur cette routine ci-dessous.)<\/p>\n<p>Crucial pour les deux \u00e9tapes est <em>priorisation<\/em> Dormez pour que vous puissiez vous rendre dans les d\u00e9lais. Si vous avez eu du mal \u00e0 dormir suffisamment ces derniers temps, donnez-vous une semaine ou deux pour passer votre temps de coucher et votre temps de r\u00e9veil (et neuf heures entre les deux) les rendez-vous les plus prioritaires de votre calendrier. Ne sortez pas trop tard et ne restez pas \u00e0 la vengeance de procrastination. Il y aura du temps pour des indulgences occasionnelles une fois que votre horaire quotidien sera plus coh\u00e9rent. <\/p>\n<h2 id=\"include-these-four-things-in-your-bedtime-routine\">Incluez ces quatre choses dans votre routine au coucher<\/h2>\n<p>D&rsquo;accord, alors qu&rsquo;est-ce qui entre dans cette routine? N&rsquo;h\u00e9sitez pas \u00e0 personnaliser les experts sp\u00e9cifiques, mais les experts du sommeil vous recommandent d&rsquo;inclure ce qui suit en tant que blocs de construction de base: <\/p>\n<ul>\n<li>\n<p><strong>Au moins 30 minutes d\u00e9di\u00e9es \u00e0 la fin de la fin<\/strong>. Ne vous attendez pas \u00e0 \u00e9teindre les lumi\u00e8res et \u00e0 pouvoir installer instantan\u00e9ment.<\/p>\n<\/li>\n<li>\n<p><strong>Pas d&rsquo;\u00e9crans juste avant le coucher<\/strong>. Non, m\u00eame pas avec des lunettes de blocage bleu. Ces lunettes ne bloquent pas vraiment beaucoup la lumi\u00e8re bleue de toute fa\u00e7on. Les vid\u00e9os et les m\u00e9dias sociaux gardent votre cerveau \u00e9veill\u00e9 et non li\u00e9, ils n&rsquo;ont donc pas vraiment de place dans votre temps de vent. <\/p>\n<\/li>\n<li>\n<p><strong>Dim les lumi\u00e8res<\/strong>. Une chambre froide et sombre facilite le sommeil et le sommeil. <\/p>\n<\/li>\n<li>\n<p><strong>Faire quelque chose de relaxant<\/strong>. Lisez un livre de froid. Prenez un bain luxueux. Faites quelques exercices de respiration. Tout ce qui fonctionne pour vous. <\/p>\n<\/li>\n<\/ul>\n<p>S&rsquo;en tenir \u00e0 cette routine vous aide non seulement \u00e0 entrer dans une ambiance d\u00e9tendue pour dormir, mais vous aide \u00e9galement \u00e0 vous en tenir \u00e0 cet horaire de sommeil que vous avez d\u00e9fini dans la premi\u00e8re \u00e9tape. Apr\u00e8s tout, vous ne pouvez pas \u00eatre \u00e0 mi-chemin d&rsquo;un film \u00e0 22 heures si vous vous \u00eates abstenu de le d\u00e9marrer \u00e0 21 h<\/p>\n<h2 id=\"set-your-body-clock-during-the-day\">R\u00e9glez votre horloge corporelle pendant la journ\u00e9e<\/h2>\n<p>Le sommeil et l&rsquo;obscurit\u00e9 ne sont pas les seules choses qui ont mis les rythmes circadiens de votre corps. Les activit\u00e9s diurnes aident \u00e0 garder votre horloge interne sur la bonne voie, et celles-ci peuvent \u00e9galement aider votre sant\u00e9 globale.<\/p>\n<ul>\n<li>\n<p><strong>Obtenez beaucoup de soleil le matin<\/strong>. (En hiver, une bo\u00eete \u00e0 lumi\u00e8re peut aider.) <\/p>\n<\/li>\n<li>\n<p><strong>Exercice pendant la journ\u00e9e<\/strong>. Vous pouvez combiner cela avec la lumi\u00e8re du soleil en allant pour une promenade matinale ou midi. Mais tout type d&rsquo;exercice vous aidera \u00e0 mieux dormir. <\/p>\n<\/li>\n<li>\n<p><strong>Manger des repas pendant la journ\u00e9e<\/strong>. Nous dormons mieux lorsque nous mangeons pendant la journ\u00e9e; Si un bon petit-d\u00e9jeuner pr\u00e9coce correspond \u00e0 votre emploi du temps, pensez \u00e0 en faire une chose r\u00e9guli\u00e8re. Mais \u00e0 tout le moins, ne mange pas <em>droite<\/em> avant de se coucher. <\/p>\n<\/li>\n<\/ul>\n<h2 id=\"avoid-caffeine-and-alcohol-in-the-evenings\">\u00c9vitez la caf\u00e9ine et l&rsquo;alcool le soir<\/h2>\n<p>La caf\u00e9ine vous tient debout et ses effets persistent plus longtemps que vous ne le pensez. La caf\u00e9ine a une demi-vie de cinq heures, certains d&rsquo;entre nous le traitant un peu plus rapidement ou un peu plus lent. Pour dire cela d&rsquo;une autre mani\u00e8re, si la personne moyenne a une tasse de caf\u00e9 de 250 milligrammes \u00e0 midi (comme un caf\u00e9 infus\u00e9 de taille Starbucks), ils auront encore environ 125 milligrammes dans leur syst\u00e8me \u00e0 17 h et 63 milligrammes \u00e0 22 h<\/p>\n<p>La vitesse \u00e0 laquelle nous d\u00e9composons la caf\u00e9ine varie d&rsquo;une personne \u00e0 l&rsquo;autre, mais en g\u00e9n\u00e9ral: cela vous affecte plus que vous ne le pensez. Si vous vous consid\u00e9rez comme une personne qui \u00abpeut prendre une boisson \u00e9nergisante et ensuite tomber dans le sommeil\u00bb, vous \u00eates probablement (a) dans le d\u00e9ni &#8211; hey, <em>tu es<\/em> Celui qui a cliqu\u00e9 sur un article pour mieux dormir &#8211; et \/ ou (b) vous avez constitu\u00e9 une \u00e9norme tol\u00e9rance \u00e0 la caf\u00e9ine parce que vous buvez tellement de choses pour rester \u00e9veill\u00e9, ce qui \u00e0 son tour est parce que vous ne dormez pas assez, donc vous \u00eates fatigu\u00e9 tout le temps. Faites-vous une faveur et brisez le cycle. <\/p>\n<div class=\"pogoClear relative my-10 border-b-(1.5px) border-t-(1.5px) border-dashed border-black py-5 sm:my-14 sm:border-0 sm:py-0\" data-ga-click data-ga-template=\"Explainers\" data-ga-module=\"openweb_widget\" data-ga-element=\"openweb_scroll\" data-ga-item=\"openweb_scroll_midpage\" x-cloak x-data=\"{ commentsCount: null, hasComments: false }\" x-init=\"commentsCount = await window.openweb.getMessagesCount(1849180354);\n     hasComments = commentsCount !== null &amp;&amp; commentsCount &gt; 0\"><\/p>\n<div class=\"absolute top-1\/2 hidden w-full -translate-y-1\/2 border-t-(1.5px) border-dashed border-black sm:block\"><\/div>\n<div class=\"relative flex justify-center\">\n<div class=\"flex max-w-max items-center gap-x-3 bg-white px-5\">\n<div class=\"relative\">\n                <span class=\"absolute left-1\/2 top-1\/2 -translate-x-1\/2 -translate-y-1\/2 font-akshar text-sm font-medium text-black\" x-show=\"hasComments\" x-text=\"commentsCount\"><\/span><\/p>\n<p>                <svg class=\"h-8 w-8 text-black\">\n                    <use href=\"http:\/\/lifehacker.com\/images\/icons\/spritemap.svg#sprite-chat-bubble\"><\/use>\n                <\/svg>\n            <\/div>\n<p>            <span class=\"text-sm font-medium text-black\"><\/p>\n<p>                Que pensez-vous jusqu&rsquo;\u00e0 pr\u00e9sent?<br \/>\n                <button class=\"font-semibold text-brand-green underline hover:text-brand-green-700\" onclick=\"window.openweb.scrollToComments(1849180354)\" x-text=\"hasComments ? 'Post a comment.' : 'Be the first to post a comment.'\"><\/button><br \/>\n            <\/span>\n        <\/div>\n<\/p><\/div>\n<\/div>\n<p>Un moyen facile de reculer est de vous donner un temps de coupure. Pas de caf\u00e9ine apr\u00e8s 17 heures, disons. Une fois que cela fait partie de votre routine, recommencez \u00e0 14 h ou midi. <\/p>\n<p>L&rsquo;alcool est un autre produit chimique qui affecte notre sommeil. Un chapeau de nuit avant de vous coucher peut vous donner un sommeil, mais il a tendance \u00e0 perturber la qualit\u00e9 de votre sommeil. Si vous n&rsquo;\u00eates pas convaincu, commencez simplement \u00e0 tenir un journal de sommeil &#8211; sur le papier est bien si vous n&rsquo;avez pas de gadget de suivi du sommeil &#8211; et voyez si vous ne dormez pas de plus en plus les nuits que vous ne buvez pas.<\/p>\n<h2 id=\"make-your-bedroom-a-dark-little-cave\">Faites de votre chambre une petite grotte sombre<\/h2>\n<p>Un lit accueillant et confortable vous aidera \u00e0 vous endormir plus rapidement. Faites-le sombre, avec des rideaux de panne ou un masque pour les yeux, si n\u00e9cessaire. Rendez-vous silencieux, avec une machine \u00e0 bruit blanc ou des bouchons d&rsquo;oreille si vous ne pouvez pas compl\u00e8tement faire taire votre environnement. Et en faire une temp\u00e9rature confortable. La plupart des gens pr\u00e9f\u00e8rent un environnement cool &#8211; g\u00e9n\u00e9ralement environ 66 degr\u00e9s, mais encore une fois, cela varie d&rsquo;une personne \u00e0 l&rsquo;autre.<\/p>\n<p>Des draps et des oreillers confortables peuvent aider. Si vous lancez et tournez toujours, essayez de d\u00e9terminer s&rsquo;il y a quelque chose qui vous d\u00e9range physiquement. Un nouveau matelas n&rsquo;est peut-\u00eatre pas dans le budget, mais un matelas sup\u00e9rieur ou un oreiller diff\u00e9rent est une solution facile.<\/p>\n<h2 id=\"experiment\">Exp\u00e9rience<\/h2>\n<p>Tandis que les conseils ici sont les choses de base, vous devriez au moins <em>essayer<\/em>vous n&rsquo;avez peut-\u00eatre pas besoin de chaque aspect pour \u00eatre un manuel. Je me fige si ma chambre est r\u00e9gl\u00e9e \u00e0 66 degr\u00e9s, par exemple, donc je garde le thermostat un tick plus chaud et je m&rsquo;assure que j&rsquo;ai toujours une couette chaude, m\u00eame en \u00e9t\u00e9. <\/p>\n<p>Vous pouvez constater que vous pouvez plier certaines r\u00e8gles mais pas d&rsquo;autres. J&rsquo;ai toujours une nuit de nuit de sommeil si je buvais, mais les repas tardifs ne me d\u00e9rangent pas beaucoup. Une fois que vous avez une bonne nuit de sommeil r\u00e9guli\u00e8rement, vous pouvez commencer \u00e0 jouer avec la routine. <\/p>\n<p>Et si vous faites tout ce que vous pouvez pour une bonne hygi\u00e8ne de sommeil et vous <em>toujours<\/em> Sentez-vous fatigu\u00e9 tout le temps, envisagez de chercher de l&rsquo;aide m\u00e9dicale au cas o\u00f9 vous auriez une apn\u00e9e du sommeil ou une autre condition qui pourrait affecter votre sommeil ou votre niveau d&rsquo;\u00e9nergie.<\/p>\n","protected":false},"excerpt":{"rendered":"<p>Si vous \u00eates \u00e0 faible \u00e9nergie tout le temps, avez-vous essay\u00e9 de passer huit heures dans une pi\u00e8ce fra\u00eeche, sombre et calme? Il est \u00e9tonnant<\/p>\n","protected":false},"author":1,"featured_media":6714,"comment_status":"","ping_status":"","sticky":false,"template":"","format":"standard","meta":{"footnotes":""},"categories":[38],"tags":[44,711,76,245,81,99,1375,4050,110,4],"class_list":["post-7056","post","type-post","status-publish","format-standard","has-post-thumbnail","hentry","category-sante","tag-comment","tag-creer","tag-est","tag-parfaite","tag-pour","tag-qui","tag-routine","tag-sommeil","tag-une","tag-vous","generate-columns","tablet-grid-50","mobile-grid-100","grid-parent","grid-33"],"yoast_head":"<!-- This site is optimized with the Yoast SEO plugin v24.0 - https:\/\/yoast.com\/wordpress\/plugins\/seo\/ -->\n<title>Comment cr\u00e9er une routine de sommeil qui est parfaite pour vous | Vie Associative<\/title>\n<meta name=\"robots\" content=\"index, follow, max-snippet:-1, max-image-preview:large, max-video-preview:-1\" \/>\n<link rel=\"canonical\" href=\"https:\/\/vieassociative.be\/actualites\/comment-creer-une-routine-de-sommeil-qui-est-parfaite-pour-vous-2\/\" \/>\n<meta property=\"og:locale\" content=\"fr_FR\" \/>\n<meta property=\"og:type\" content=\"article\" \/>\n<meta property=\"og:title\" content=\"Comment cr\u00e9er une routine de sommeil qui est parfaite pour vous | Vie Associative\" \/>\n<meta property=\"og:description\" content=\"Si vous \u00eates \u00e0 faible \u00e9nergie tout le temps, avez-vous essay\u00e9 de passer huit heures dans une pi\u00e8ce fra\u00eeche, sombre et calme? Il est \u00e9tonnant\" \/>\n<meta property=\"og:url\" content=\"https:\/\/vieassociative.be\/actualites\/comment-creer-une-routine-de-sommeil-qui-est-parfaite-pour-vous-2\/\" \/>\n<meta property=\"og:site_name\" content=\"Vie Associative\" \/>\n<meta property=\"article:published_time\" content=\"2025-04-26T18:17:28+00:00\" \/>\n<meta property=\"og:image\" content=\"https:\/\/vieassociative.be\/actualites\/wp-content\/uploads\/2024\/09\/header_backgroundk-01-e1726694325946.png\" \/>\n\t<meta property=\"og:image:width\" content=\"279\" \/>\n\t<meta property=\"og:image:height\" content=\"92\" \/>\n\t<meta property=\"og:image:type\" content=\"image\/png\" \/>\n<meta name=\"author\" content=\"Julien\" \/>\n<meta name=\"twitter:card\" content=\"summary_large_image\" \/>\n<meta name=\"twitter:label1\" content=\"\u00c9crit par\" \/>\n\t<meta name=\"twitter:data1\" content=\"Julien\" \/>\n\t<meta name=\"twitter:label2\" content=\"Dur\u00e9e de lecture est.\" \/>\n\t<meta name=\"twitter:data2\" content=\"8 minutes\" \/>\n<script type=\"application\/ld+json\" class=\"yoast-schema-graph\">{\"@context\":\"https:\/\/schema.org\",\"@graph\":[{\"@type\":\"Article\",\"@id\":\"https:\/\/vieassociative.be\/actualites\/comment-creer-une-routine-de-sommeil-qui-est-parfaite-pour-vous-2\/#article\",\"isPartOf\":{\"@id\":\"https:\/\/vieassociative.be\/actualites\/comment-creer-une-routine-de-sommeil-qui-est-parfaite-pour-vous-2\/\"},\"author\":{\"name\":\"Julien\",\"@id\":\"https:\/\/vieassociative.be\/actualites\/#\/schema\/person\/b87ac4f82f9d4e7b7cec7395b679edc4\"},\"headline\":\"Comment cr\u00e9er une routine de sommeil qui est parfaite pour vous\",\"datePublished\":\"2025-04-26T18:17:28+00:00\",\"dateModified\":\"2025-04-26T18:17:28+00:00\",\"mainEntityOfPage\":{\"@id\":\"https:\/\/vieassociative.be\/actualites\/comment-creer-une-routine-de-sommeil-qui-est-parfaite-pour-vous-2\/\"},\"wordCount\":1656,\"publisher\":{\"@id\":\"https:\/\/vieassociative.be\/actualites\/#organization\"},\"image\":{\"@id\":\"https:\/\/vieassociative.be\/actualites\/comment-creer-une-routine-de-sommeil-qui-est-parfaite-pour-vous-2\/#primaryimage\"},\"thumbnailUrl\":\"https:\/\/vieassociative.be\/actualites\/wp-content\/uploads\/2025\/04\/Comment-creer-une-routine-de-sommeil-qui-est-parfaite-pour.jpg\",\"keywords\":[\"Comment\",\"cr\u00e9er\",\"est\",\"parfaite\",\"pour\",\"qui\",\"routine\",\"sommeil\",\"une\",\"Vous\"],\"articleSection\":[\"Sant\u00e9\"],\"inLanguage\":\"fr-BE\"},{\"@type\":\"WebPage\",\"@id\":\"https:\/\/vieassociative.be\/actualites\/comment-creer-une-routine-de-sommeil-qui-est-parfaite-pour-vous-2\/\",\"url\":\"https:\/\/vieassociative.be\/actualites\/comment-creer-une-routine-de-sommeil-qui-est-parfaite-pour-vous-2\/\",\"name\":\"Comment cr\u00e9er une routine de sommeil qui est parfaite pour vous | Vie Associative\",\"isPartOf\":{\"@id\":\"https:\/\/vieassociative.be\/actualites\/#website\"},\"primaryImageOfPage\":{\"@id\":\"https:\/\/vieassociative.be\/actualites\/comment-creer-une-routine-de-sommeil-qui-est-parfaite-pour-vous-2\/#primaryimage\"},\"image\":{\"@id\":\"https:\/\/vieassociative.be\/actualites\/comment-creer-une-routine-de-sommeil-qui-est-parfaite-pour-vous-2\/#primaryimage\"},\"thumbnailUrl\":\"https:\/\/vieassociative.be\/actualites\/wp-content\/uploads\/2025\/04\/Comment-creer-une-routine-de-sommeil-qui-est-parfaite-pour.jpg\",\"datePublished\":\"2025-04-26T18:17:28+00:00\",\"dateModified\":\"2025-04-26T18:17:28+00:00\",\"breadcrumb\":{\"@id\":\"https:\/\/vieassociative.be\/actualites\/comment-creer-une-routine-de-sommeil-qui-est-parfaite-pour-vous-2\/#breadcrumb\"},\"inLanguage\":\"fr-BE\",\"potentialAction\":[{\"@type\":\"ReadAction\",\"target\":[\"https:\/\/vieassociative.be\/actualites\/comment-creer-une-routine-de-sommeil-qui-est-parfaite-pour-vous-2\/\"]}]},{\"@type\":\"ImageObject\",\"inLanguage\":\"fr-BE\",\"@id\":\"https:\/\/vieassociative.be\/actualites\/comment-creer-une-routine-de-sommeil-qui-est-parfaite-pour-vous-2\/#primaryimage\",\"url\":\"https:\/\/vieassociative.be\/actualites\/wp-content\/uploads\/2025\/04\/Comment-creer-une-routine-de-sommeil-qui-est-parfaite-pour.jpg\",\"contentUrl\":\"https:\/\/vieassociative.be\/actualites\/wp-content\/uploads\/2025\/04\/Comment-creer-une-routine-de-sommeil-qui-est-parfaite-pour.jpg\",\"width\":1200,\"height\":675,\"caption\":\"Comment cr\u00e9er une routine de sommeil qui est parfaite pour vous\"},{\"@type\":\"BreadcrumbList\",\"@id\":\"https:\/\/vieassociative.be\/actualites\/comment-creer-une-routine-de-sommeil-qui-est-parfaite-pour-vous-2\/#breadcrumb\",\"itemListElement\":[{\"@type\":\"ListItem\",\"position\":1,\"name\":\"Accueil\",\"item\":\"https:\/\/vieassociative.be\/actualites\/\"},{\"@type\":\"ListItem\",\"position\":2,\"name\":\"Comment cr\u00e9er une routine de sommeil qui est parfaite pour vous\"}]},{\"@type\":\"WebSite\",\"@id\":\"https:\/\/vieassociative.be\/actualites\/#website\",\"url\":\"https:\/\/vieassociative.be\/actualites\/\",\"name\":\"Vie Associative\",\"description\":\"\",\"publisher\":{\"@id\":\"https:\/\/vieassociative.be\/actualites\/#organization\"},\"potentialAction\":[{\"@type\":\"SearchAction\",\"target\":{\"@type\":\"EntryPoint\",\"urlTemplate\":\"https:\/\/vieassociative.be\/actualites\/?s={search_term_string}\"},\"query-input\":{\"@type\":\"PropertyValueSpecification\",\"valueRequired\":true,\"valueName\":\"search_term_string\"}}],\"inLanguage\":\"fr-BE\"},{\"@type\":\"Organization\",\"@id\":\"https:\/\/vieassociative.be\/actualites\/#organization\",\"name\":\"Vie Associative\",\"url\":\"https:\/\/vieassociative.be\/actualites\/\",\"logo\":{\"@type\":\"ImageObject\",\"inLanguage\":\"fr-BE\",\"@id\":\"https:\/\/vieassociative.be\/actualites\/#\/schema\/logo\/image\/\",\"url\":\"https:\/\/vieassociative.be\/actualites\/wp-content\/uploads\/2024\/09\/cropped-vieassociative_favicon.ico.png\",\"contentUrl\":\"https:\/\/vieassociative.be\/actualites\/wp-content\/uploads\/2024\/09\/cropped-vieassociative_favicon.ico.png\",\"width\":512,\"height\":512,\"caption\":\"Vie Associative\"},\"image\":{\"@id\":\"https:\/\/vieassociative.be\/actualites\/#\/schema\/logo\/image\/\"}},{\"@type\":\"Person\",\"@id\":\"https:\/\/vieassociative.be\/actualites\/#\/schema\/person\/b87ac4f82f9d4e7b7cec7395b679edc4\",\"name\":\"Julien\",\"image\":{\"@type\":\"ImageObject\",\"inLanguage\":\"fr-BE\",\"@id\":\"https:\/\/vieassociative.be\/actualites\/#\/schema\/person\/image\/\",\"url\":\"https:\/\/vieassociative.be\/actualites\/wp-content\/uploads\/2024\/09\/vie-associative-1-150x150.jpg\",\"contentUrl\":\"https:\/\/vieassociative.be\/actualites\/wp-content\/uploads\/2024\/09\/vie-associative-1-150x150.jpg\",\"caption\":\"Julien\"},\"description\":\"Je suis Julien, r\u00e9dacteur pour Vie Associative. Passionn\u00e9 par le monde associatif depuis plus de 10 ans, j'ai \u00e0 c\u0153ur de partager des histoires inspirantes et de mettre en lumi\u00e8re les initiatives locales. Mon objectif est de sensibiliser et d'encourager l'engagement communautaire \u00e0 travers mes articles.\",\"sameAs\":[\"https:\/\/vieassociative.be\/\"]}]}<\/script>\n<!-- \/ Yoast SEO plugin. -->","yoast_head_json":{"title":"Comment cr\u00e9er une routine de sommeil qui est parfaite pour vous | Vie Associative","robots":{"index":"index","follow":"follow","max-snippet":"max-snippet:-1","max-image-preview":"max-image-preview:large","max-video-preview":"max-video-preview:-1"},"canonical":"https:\/\/vieassociative.be\/actualites\/comment-creer-une-routine-de-sommeil-qui-est-parfaite-pour-vous-2\/","og_locale":"fr_FR","og_type":"article","og_title":"Comment cr\u00e9er une routine de sommeil qui est parfaite pour vous | Vie Associative","og_description":"Si vous \u00eates \u00e0 faible \u00e9nergie tout le temps, avez-vous essay\u00e9 de passer huit heures dans une pi\u00e8ce fra\u00eeche, sombre et calme? Il est \u00e9tonnant","og_url":"https:\/\/vieassociative.be\/actualites\/comment-creer-une-routine-de-sommeil-qui-est-parfaite-pour-vous-2\/","og_site_name":"Vie Associative","article_published_time":"2025-04-26T18:17:28+00:00","og_image":[{"width":279,"height":92,"url":"https:\/\/vieassociative.be\/actualites\/wp-content\/uploads\/2024\/09\/header_backgroundk-01-e1726694325946.png","type":"image\/png"}],"author":"Julien","twitter_card":"summary_large_image","twitter_misc":{"\u00c9crit par":"Julien","Dur\u00e9e de lecture est.":"8 minutes"},"schema":{"@context":"https:\/\/schema.org","@graph":[{"@type":"Article","@id":"https:\/\/vieassociative.be\/actualites\/comment-creer-une-routine-de-sommeil-qui-est-parfaite-pour-vous-2\/#article","isPartOf":{"@id":"https:\/\/vieassociative.be\/actualites\/comment-creer-une-routine-de-sommeil-qui-est-parfaite-pour-vous-2\/"},"author":{"name":"Julien","@id":"https:\/\/vieassociative.be\/actualites\/#\/schema\/person\/b87ac4f82f9d4e7b7cec7395b679edc4"},"headline":"Comment cr\u00e9er une routine de sommeil qui est parfaite pour vous","datePublished":"2025-04-26T18:17:28+00:00","dateModified":"2025-04-26T18:17:28+00:00","mainEntityOfPage":{"@id":"https:\/\/vieassociative.be\/actualites\/comment-creer-une-routine-de-sommeil-qui-est-parfaite-pour-vous-2\/"},"wordCount":1656,"publisher":{"@id":"https:\/\/vieassociative.be\/actualites\/#organization"},"image":{"@id":"https:\/\/vieassociative.be\/actualites\/comment-creer-une-routine-de-sommeil-qui-est-parfaite-pour-vous-2\/#primaryimage"},"thumbnailUrl":"https:\/\/vieassociative.be\/actualites\/wp-content\/uploads\/2025\/04\/Comment-creer-une-routine-de-sommeil-qui-est-parfaite-pour.jpg","keywords":["Comment","cr\u00e9er","est","parfaite","pour","qui","routine","sommeil","une","Vous"],"articleSection":["Sant\u00e9"],"inLanguage":"fr-BE"},{"@type":"WebPage","@id":"https:\/\/vieassociative.be\/actualites\/comment-creer-une-routine-de-sommeil-qui-est-parfaite-pour-vous-2\/","url":"https:\/\/vieassociative.be\/actualites\/comment-creer-une-routine-de-sommeil-qui-est-parfaite-pour-vous-2\/","name":"Comment cr\u00e9er une routine de sommeil qui est parfaite pour vous | Vie Associative","isPartOf":{"@id":"https:\/\/vieassociative.be\/actualites\/#website"},"primaryImageOfPage":{"@id":"https:\/\/vieassociative.be\/actualites\/comment-creer-une-routine-de-sommeil-qui-est-parfaite-pour-vous-2\/#primaryimage"},"image":{"@id":"https:\/\/vieassociative.be\/actualites\/comment-creer-une-routine-de-sommeil-qui-est-parfaite-pour-vous-2\/#primaryimage"},"thumbnailUrl":"https:\/\/vieassociative.be\/actualites\/wp-content\/uploads\/2025\/04\/Comment-creer-une-routine-de-sommeil-qui-est-parfaite-pour.jpg","datePublished":"2025-04-26T18:17:28+00:00","dateModified":"2025-04-26T18:17:28+00:00","breadcrumb":{"@id":"https:\/\/vieassociative.be\/actualites\/comment-creer-une-routine-de-sommeil-qui-est-parfaite-pour-vous-2\/#breadcrumb"},"inLanguage":"fr-BE","potentialAction":[{"@type":"ReadAction","target":["https:\/\/vieassociative.be\/actualites\/comment-creer-une-routine-de-sommeil-qui-est-parfaite-pour-vous-2\/"]}]},{"@type":"ImageObject","inLanguage":"fr-BE","@id":"https:\/\/vieassociative.be\/actualites\/comment-creer-une-routine-de-sommeil-qui-est-parfaite-pour-vous-2\/#primaryimage","url":"https:\/\/vieassociative.be\/actualites\/wp-content\/uploads\/2025\/04\/Comment-creer-une-routine-de-sommeil-qui-est-parfaite-pour.jpg","contentUrl":"https:\/\/vieassociative.be\/actualites\/wp-content\/uploads\/2025\/04\/Comment-creer-une-routine-de-sommeil-qui-est-parfaite-pour.jpg","width":1200,"height":675,"caption":"Comment cr\u00e9er une routine de sommeil qui est parfaite pour vous"},{"@type":"BreadcrumbList","@id":"https:\/\/vieassociative.be\/actualites\/comment-creer-une-routine-de-sommeil-qui-est-parfaite-pour-vous-2\/#breadcrumb","itemListElement":[{"@type":"ListItem","position":1,"name":"Accueil","item":"https:\/\/vieassociative.be\/actualites\/"},{"@type":"ListItem","position":2,"name":"Comment cr\u00e9er une routine de sommeil qui est parfaite pour vous"}]},{"@type":"WebSite","@id":"https:\/\/vieassociative.be\/actualites\/#website","url":"https:\/\/vieassociative.be\/actualites\/","name":"Vie Associative","description":"","publisher":{"@id":"https:\/\/vieassociative.be\/actualites\/#organization"},"potentialAction":[{"@type":"SearchAction","target":{"@type":"EntryPoint","urlTemplate":"https:\/\/vieassociative.be\/actualites\/?s={search_term_string}"},"query-input":{"@type":"PropertyValueSpecification","valueRequired":true,"valueName":"search_term_string"}}],"inLanguage":"fr-BE"},{"@type":"Organization","@id":"https:\/\/vieassociative.be\/actualites\/#organization","name":"Vie Associative","url":"https:\/\/vieassociative.be\/actualites\/","logo":{"@type":"ImageObject","inLanguage":"fr-BE","@id":"https:\/\/vieassociative.be\/actualites\/#\/schema\/logo\/image\/","url":"https:\/\/vieassociative.be\/actualites\/wp-content\/uploads\/2024\/09\/cropped-vieassociative_favicon.ico.png","contentUrl":"https:\/\/vieassociative.be\/actualites\/wp-content\/uploads\/2024\/09\/cropped-vieassociative_favicon.ico.png","width":512,"height":512,"caption":"Vie Associative"},"image":{"@id":"https:\/\/vieassociative.be\/actualites\/#\/schema\/logo\/image\/"}},{"@type":"Person","@id":"https:\/\/vieassociative.be\/actualites\/#\/schema\/person\/b87ac4f82f9d4e7b7cec7395b679edc4","name":"Julien","image":{"@type":"ImageObject","inLanguage":"fr-BE","@id":"https:\/\/vieassociative.be\/actualites\/#\/schema\/person\/image\/","url":"https:\/\/vieassociative.be\/actualites\/wp-content\/uploads\/2024\/09\/vie-associative-1-150x150.jpg","contentUrl":"https:\/\/vieassociative.be\/actualites\/wp-content\/uploads\/2024\/09\/vie-associative-1-150x150.jpg","caption":"Julien"},"description":"Je suis Julien, r\u00e9dacteur pour Vie Associative. Passionn\u00e9 par le monde associatif depuis plus de 10 ans, j'ai \u00e0 c\u0153ur de partager des histoires inspirantes et de mettre en lumi\u00e8re les initiatives locales. Mon objectif est de sensibiliser et d'encourager l'engagement communautaire \u00e0 travers mes articles.","sameAs":["https:\/\/vieassociative.be\/"]}]}},"_links":{"self":[{"href":"https:\/\/vieassociative.be\/actualites\/wp-json\/wp\/v2\/posts\/7056"}],"collection":[{"href":"https:\/\/vieassociative.be\/actualites\/wp-json\/wp\/v2\/posts"}],"about":[{"href":"https:\/\/vieassociative.be\/actualites\/wp-json\/wp\/v2\/types\/post"}],"author":[{"embeddable":true,"href":"https:\/\/vieassociative.be\/actualites\/wp-json\/wp\/v2\/users\/1"}],"replies":[{"embeddable":true,"href":"https:\/\/vieassociative.be\/actualites\/wp-json\/wp\/v2\/comments?post=7056"}],"version-history":[{"count":0,"href":"https:\/\/vieassociative.be\/actualites\/wp-json\/wp\/v2\/posts\/7056\/revisions"}],"wp:featuredmedia":[{"embeddable":true,"href":"https:\/\/vieassociative.be\/actualites\/wp-json\/wp\/v2\/media\/6714"}],"wp:attachment":[{"href":"https:\/\/vieassociative.be\/actualites\/wp-json\/wp\/v2\/media?parent=7056"}],"wp:term":[{"taxonomy":"category","embeddable":true,"href":"https:\/\/vieassociative.be\/actualites\/wp-json\/wp\/v2\/categories?post=7056"},{"taxonomy":"post_tag","embeddable":true,"href":"https:\/\/vieassociative.be\/actualites\/wp-json\/wp\/v2\/tags?post=7056"}],"curies":[{"name":"wp","href":"https:\/\/api.w.org\/{rel}","templated":true}]}}