{"id":7052,"date":"2025-04-26T16:17:14","date_gmt":"2025-04-26T14:17:14","guid":{"rendered":"https:\/\/vieassociative.be\/actualites\/pourquoi-la-tondeuse-a-gazon-devrait-rester-a-lechelle-en-mai\/"},"modified":"2025-04-26T16:17:14","modified_gmt":"2025-04-26T14:17:14","slug":"pourquoi-la-tondeuse-a-gazon-devrait-rester-a-lechelle-en-mai","status":"publish","type":"post","link":"https:\/\/vieassociative.be\/actualites\/pourquoi-la-tondeuse-a-gazon-devrait-rester-a-lechelle-en-mai\/","title":{"rendered":"Pourquoi la tondeuse \u00e0 gazon devrait rester \u00e0 l&rsquo;\u00e9chelle en mai"},"content":{"rendered":"<p><strong>Laissez simplement la tondeuse \u00e0 gazon pour rester inutilis\u00e9e pour un mois de printemps? Oui, s&rsquo;il vous pla\u00eet &#8211; pour la biodiversit\u00e9, demandez les associations de conservation de la nature. Mais cela apporte-t-il vraiment quoi?<\/strong><\/p>\n<p><span id=\"more-414228\"><\/span>C&rsquo;est la triade clich\u00e9e samedi apr\u00e8s-midi au printemps, quelque part en Allemagne: la conf\u00e9rence de radio les jours de match crucial en Bundesliga, lavez-vous et tondez la pelouse. Maintenant, les associations de conservation de la nature appellent \u00e0 quitter la tondeuse \u00e0 gazon dans les \u00e9chelles en mai. Pourquoi? En bref, la campagne \u00absans maxe peut\u00bb devrait aider les insectes tels que les abeilles et les bourdons \u00e0 plus de nourriture parce que les fleurs peuvent fleurir dans le jardin.<\/p>\n<p><strong>&#8211; D&rsquo;o\u00f9 vient la \u00ab\u00a0tondeuse libre\u00a0\u00bb?<\/strong> La campagne a son origine en Angleterre et s&rsquo;appelle \u00ab\u00a0No Mow May\u00a0\u00bb l\u00e0-bas. La pelouse anglaise est particuli\u00e8rement courte, les fleurs sauvages n&rsquo;ont aucune chance de fleurir. Cela peut \u00eatre soign\u00e9 et soign\u00e9. Mais: c&rsquo;est une situation difficile pour les insectes et autres animaux &#8211; ils ne trouvent aucun aliment.<\/p>\n<div id=\"attachment_414232\" class=\"wp-caption alignleft\" style=\"max-width: 300px\"><img fetchpriority=\"high\" decoding=\"async\" class=\"wp-image-414232 size-medium\" src=\"https:\/\/vieassociative.be\/actualites\/wp-content\/uploads\/2025\/04\/Pourquoi-la-tondeuse-a-gazon-devrait-rester-a-lechelle-en.jpg\" alt=\"\" width=\"300\" height=\"201\"><\/p>\n<p class=\"wp-caption-text\">Un jaune de tr\u00e8fle blanc se trouve dans une prairie de fleur sous un ciel blanc et bleu dans une fleur. Photo: Karl-Josef Hildenbrand \/ DPA<\/p>\n<\/div>\n<p>\u00c0 Nabu Baden -W\u00fcrttemberg, il est dit que l&rsquo;initiative devrait motiver les propri\u00e9taires de jardin \u00e0 moins tondre. \u00ab\u00a0Important: cela n&rsquo;a de sens que si vous avez une pelouse classique. Les prairies de faune peuvent parfois \u00eatre le bon moment \u00e0 la fin de mai pour tondre\u00a0\u00bb, souligne une porte-parole. En Allemagne, un certain nombre d&rsquo;organisations appellent d\u00e9sormais \u00e0 profiter de la nature en mai plut\u00f4t que de couper la pelouse.<\/p>\n<p><strong>&#8211; Pourquoi cela est-il logique de faire sans tonte?<\/strong> \u00ab\u00a0Si la tonte est dispens\u00e9e au printemps et au d\u00e9but de l&rsquo;\u00e9t\u00e9, les plantes peuvent se d\u00e9velopper pour fleurir. Dans la pelouse, ce sont des marguerites, Wei\u00dfklee, Gundermann ou L\u00f6wenzahn\u00a0\u00bb, explique Tarja Richter, biologiste et insecte expert de la Bavarian Nature and Environmental Association LBV. Cela aide les insectes qui ont besoin de nectar et de pollen des plantes \u00e0 fournir eux-m\u00eames et leurs descendants. \u00ab\u00a0Les poussins \u00e0 oiseaux \u00e9clos en mai peuvent \u00e9galement \u00eatre aliment\u00e9s aux insectes qui s&rsquo;installent.\u00a0\u00bb<\/p>\n<p>Le Nabu dans le Bade-Wurtemberg conseille davantage de s\u00e9r\u00e9nit\u00e9 dans les soins de pelouse dans le jardin, ce qui signifie \u00e9galement moins de travail: \u00ab\u00a0Il suffit de cueillir moins radicalement et de ne pas taillir constamment, alors la nature florissante vient tout seul\u00a0\u00bb, explique l&rsquo;expert du jardin Aniela Arnold. Si vous tondez moins, vous pouvez profiter de plus de nature et avoir moins de stress.<\/p>\n<p><strong>&#8211; Les jardins sont-ils vraiment une taille pertinente?<\/strong> Oui, les experts assurent aux experts. \u00ab\u00a0Dans la zone de peuplement, de nombreuses esp\u00e8ces vivent \u00e9tonnantes qui ont trouv\u00e9 un remplacement du paysage libre ici\u00a0\u00bb, explique Tarja Richter de LBV. Par exemple, l&rsquo;Universit\u00e9 de W\u00fcrzburg a prouv\u00e9 247 esp\u00e8ces d&rsquo;abeilles sauvages dans 40 villages dans un projet. \u00ab\u00a0Bien s\u00fbr, les plus grands efforts pour maintenir et restaurer les habitats du paysage culturel doivent cibler, mais tant qu&rsquo;il y en ressemble, nous pouvons contribuer de mani\u00e8re surprenante dans la zone de colonie. Et cette zone n&rsquo;est pas si petite: environ deux pour cent de la zone totale de l&rsquo;Allemagne sont des jardins priv\u00e9s.\u00a0\u00bb<\/p>\n<div id=\"attachment_414233\" class=\"wp-caption alignleft\" style=\"max-width: 300px\"><img decoding=\"async\" class=\"wp-image-414233 size-medium\" src=\"https:\/\/vieassociative.be\/actualites\/wp-content\/uploads\/2025\/04\/1745677034_476_Pourquoi-la-tondeuse-a-gazon-devrait-rester-a-lechelle-en.jpg\" alt=\"\" width=\"300\" height=\"169\"  ><\/p>\n<p class=\"wp-caption-text\">Un h\u00e9risson avec une blessure \u00e0 la t\u00eate est trait\u00e9 dans un sanctuaire faunique. Les associations de protection des animaux en Allemagne exigent de limiter l&rsquo;utilisation des robots. Selon un expert en jardin du gouvernement f\u00e9d\u00e9ral. \u00c9tant donn\u00e9 que les robots ont fait leur travail sans surveillance et silencieusement, ils aimeraient utiliser les propri\u00e9taires de jardin la nuit si les h\u00e9rissons nocturnes recherchent de la nourriture. Photo: Sascha Thelen \/ DPA<\/p>\n<\/div>\n<p>Le Nabu dans le sud-ouest garantit \u00e9galement qu&rsquo;il y a une question de biodiversit\u00e9 dans les 17 millions de jardins priv\u00e9s estim\u00e9s en Allemagne: \u00ab\u00a0M\u00eame si les jardins individuels peuvent ne pas \u00eatre importants, au total, vous pouvez avoir un effet positif important sur la biodiversit\u00e9 &#8211; et agir comme des biotopes en pierre.\u00a0\u00bb<\/p>\n<p><strong>&#8211; Les institutions publiques telles que les municipalit\u00e9s sont-elles?<\/strong> Oui, certaines municipalit\u00e9s participent. Les bandes vertes, les remblais et les zones autour des b\u00e2timents publics ne sont alors pas tondues en mai. Le district de Wunsiedel dans le nord de la Bavi\u00e8re, par exemple, \u00e9tait l\u00e0 l&rsquo;ann\u00e9e derni\u00e8re et souhaite participer \u00e0 nouveau cette ann\u00e9e. La campagne a du sens, a d\u00e9clar\u00e9 une porte-parole. La conscience du public est renforc\u00e9e qu&rsquo;une prairie de fleurs color\u00e9e peut \u00eatre aussi belle qu&rsquo;une pelouse tondue. Cette ann\u00e9e, les zones seront marqu\u00e9es par leur propre panneau pour attirer la population consciente de l&rsquo;action.<\/p>\n<p>Le Nabu dit: \u00ab\u00a0Si les espaces verts publics, les talus, le chemin et les bords de la route sont moins tondus, \u00e9conomise du temps et du personnel et en m\u00eame temps favorise la biodiversit\u00e9 &#8211; moins.\u00a0\u00bb<\/p>\n<p><strong>&#8211; et apr\u00e8s le 31 mai?<\/strong> Bien s\u00fbr, cela n&rsquo;aide pas \u00e0 faire sans tonte en mai, mais \u00e0 garder la pelouse \u00e0 nouveau chaque semaine. Il est pr\u00e9f\u00e9rable d&rsquo;utiliser une faux et \u00ab\u00e9tirer les intervalles de tonte\u00bb, conseille le LBV. En outre: \u00ab\u00a0Il est conseill\u00e9 de proc\u00e9der en sections: si une section de jardin n&rsquo;est que tondeuse, d&rsquo;autres parties du jardin seront conserv\u00e9es en retraite pour les animaux.\u00a0\u00bb Les coupures de presse ne doivent pas \u00eatre laiss\u00e9es sur les surfaces.<\/p>\n<p>Un robot \u00e0 gazon n&rsquo;est pas une alternative appropri\u00e9e, car cet appareil pourrait blesser les h\u00e9rissons ou endommager les insectes. En plus des insectes et des fleurs sauvages, le sol b\u00e9n\u00e9ficie \u00e9galement de l&rsquo;herbe sup\u00e9rieure. La Terre ne reste pas humide et s\u00e8che en \u00e9t\u00e9 chauds.<\/p>\n<p>Si vous vous souciez toujours de la commande dans le jardin, le LBV a \u00e9galement un pourboire: si les chemins et les bords sont d\u00e9coup\u00e9s, le jardin sera toujours rang\u00e9. (DPA)<\/p>\n","protected":false},"excerpt":{"rendered":"<p>Laissez simplement la tondeuse \u00e0 gazon pour rester inutilis\u00e9e pour un mois de printemps? Oui, s&rsquo;il vous pla\u00eet &#8211; pour la biodiversit\u00e9, demandez les associations<\/p>\n","protected":false},"author":1,"featured_media":7053,"comment_status":"","ping_status":"","sticky":false,"template":"","format":"standard","meta":{"footnotes":""},"categories":[298],"tags":[238,3693,6639,3160,734,2213,3692],"class_list":["post-7052","post","type-post","status-publish","format-standard","has-post-thumbnail","hentry","category-belgique","tag-devrait","tag-gazon","tag-lechelle","tag-mai","tag-pourquoi","tag-rester","tag-tondeuse","generate-columns","tablet-grid-50","mobile-grid-100","grid-parent","grid-33"],"yoast_head":"<!-- This site is optimized with the Yoast SEO plugin v24.0 - https:\/\/yoast.com\/wordpress\/plugins\/seo\/ -->\n<title>Pourquoi la tondeuse \u00e0 gazon devrait rester \u00e0 l&#039;\u00e9chelle en mai | Vie Associative<\/title>\n<meta name=\"robots\" content=\"index, follow, max-snippet:-1, max-image-preview:large, max-video-preview:-1\" \/>\n<link rel=\"canonical\" href=\"https:\/\/vieassociative.be\/actualites\/pourquoi-la-tondeuse-a-gazon-devrait-rester-a-lechelle-en-mai\/\" \/>\n<meta property=\"og:locale\" content=\"fr_FR\" \/>\n<meta property=\"og:type\" content=\"article\" \/>\n<meta property=\"og:title\" content=\"Pourquoi la tondeuse \u00e0 gazon devrait rester \u00e0 l&#039;\u00e9chelle en mai | Vie Associative\" \/>\n<meta property=\"og:description\" content=\"Laissez simplement la tondeuse \u00e0 gazon pour rester inutilis\u00e9e pour un mois de printemps? Oui, s&rsquo;il vous pla\u00eet &#8211; pour la biodiversit\u00e9, demandez les associations\" \/>\n<meta property=\"og:url\" content=\"https:\/\/vieassociative.be\/actualites\/pourquoi-la-tondeuse-a-gazon-devrait-rester-a-lechelle-en-mai\/\" \/>\n<meta property=\"og:site_name\" content=\"Vie Associative\" \/>\n<meta property=\"article:published_time\" content=\"2025-04-26T14:17:14+00:00\" \/>\n<meta property=\"og:image\" content=\"https:\/\/vieassociative.be\/actualites\/wp-content\/uploads\/2024\/09\/header_backgroundk-01-e1726694325946.png\" \/>\n\t<meta property=\"og:image:width\" content=\"279\" \/>\n\t<meta property=\"og:image:height\" content=\"92\" \/>\n\t<meta property=\"og:image:type\" content=\"image\/png\" \/>\n<meta name=\"author\" content=\"Julien\" \/>\n<meta name=\"twitter:card\" content=\"summary_large_image\" \/>\n<meta name=\"twitter:label1\" content=\"\u00c9crit par\" \/>\n\t<meta name=\"twitter:data1\" content=\"Julien\" \/>\n\t<meta name=\"twitter:label2\" content=\"Dur\u00e9e de lecture est.\" \/>\n\t<meta name=\"twitter:data2\" content=\"5 minutes\" \/>\n<script type=\"application\/ld+json\" class=\"yoast-schema-graph\">{\"@context\":\"https:\/\/schema.org\",\"@graph\":[{\"@type\":\"Article\",\"@id\":\"https:\/\/vieassociative.be\/actualites\/pourquoi-la-tondeuse-a-gazon-devrait-rester-a-lechelle-en-mai\/#article\",\"isPartOf\":{\"@id\":\"https:\/\/vieassociative.be\/actualites\/pourquoi-la-tondeuse-a-gazon-devrait-rester-a-lechelle-en-mai\/\"},\"author\":{\"name\":\"Julien\",\"@id\":\"https:\/\/vieassociative.be\/actualites\/#\/schema\/person\/b87ac4f82f9d4e7b7cec7395b679edc4\"},\"headline\":\"Pourquoi la tondeuse \u00e0 gazon devrait rester \u00e0 l&rsquo;\u00e9chelle en mai\",\"datePublished\":\"2025-04-26T14:17:14+00:00\",\"dateModified\":\"2025-04-26T14:17:14+00:00\",\"mainEntityOfPage\":{\"@id\":\"https:\/\/vieassociative.be\/actualites\/pourquoi-la-tondeuse-a-gazon-devrait-rester-a-lechelle-en-mai\/\"},\"wordCount\":1031,\"publisher\":{\"@id\":\"https:\/\/vieassociative.be\/actualites\/#organization\"},\"image\":{\"@id\":\"https:\/\/vieassociative.be\/actualites\/pourquoi-la-tondeuse-a-gazon-devrait-rester-a-lechelle-en-mai\/#primaryimage\"},\"thumbnailUrl\":\"https:\/\/vieassociative.be\/actualites\/wp-content\/uploads\/2025\/04\/1745677034_Pourquoi-la-tondeuse-a-gazon-devrait-rester-a-lechelle-en.jpg\",\"keywords\":[\"devrait\",\"gazon\",\"l\u00e9chelle\",\"mai\",\"Pourquoi\",\"rester\",\"tondeuse\"],\"articleSection\":[\"Belgique\"],\"inLanguage\":\"fr-BE\"},{\"@type\":\"WebPage\",\"@id\":\"https:\/\/vieassociative.be\/actualites\/pourquoi-la-tondeuse-a-gazon-devrait-rester-a-lechelle-en-mai\/\",\"url\":\"https:\/\/vieassociative.be\/actualites\/pourquoi-la-tondeuse-a-gazon-devrait-rester-a-lechelle-en-mai\/\",\"name\":\"Pourquoi la tondeuse \u00e0 gazon devrait rester \u00e0 l'\u00e9chelle en mai | Vie Associative\",\"isPartOf\":{\"@id\":\"https:\/\/vieassociative.be\/actualites\/#website\"},\"primaryImageOfPage\":{\"@id\":\"https:\/\/vieassociative.be\/actualites\/pourquoi-la-tondeuse-a-gazon-devrait-rester-a-lechelle-en-mai\/#primaryimage\"},\"image\":{\"@id\":\"https:\/\/vieassociative.be\/actualites\/pourquoi-la-tondeuse-a-gazon-devrait-rester-a-lechelle-en-mai\/#primaryimage\"},\"thumbnailUrl\":\"https:\/\/vieassociative.be\/actualites\/wp-content\/uploads\/2025\/04\/1745677034_Pourquoi-la-tondeuse-a-gazon-devrait-rester-a-lechelle-en.jpg\",\"datePublished\":\"2025-04-26T14:17:14+00:00\",\"dateModified\":\"2025-04-26T14:17:14+00:00\",\"breadcrumb\":{\"@id\":\"https:\/\/vieassociative.be\/actualites\/pourquoi-la-tondeuse-a-gazon-devrait-rester-a-lechelle-en-mai\/#breadcrumb\"},\"inLanguage\":\"fr-BE\",\"potentialAction\":[{\"@type\":\"ReadAction\",\"target\":[\"https:\/\/vieassociative.be\/actualites\/pourquoi-la-tondeuse-a-gazon-devrait-rester-a-lechelle-en-mai\/\"]}]},{\"@type\":\"ImageObject\",\"inLanguage\":\"fr-BE\",\"@id\":\"https:\/\/vieassociative.be\/actualites\/pourquoi-la-tondeuse-a-gazon-devrait-rester-a-lechelle-en-mai\/#primaryimage\",\"url\":\"https:\/\/vieassociative.be\/actualites\/wp-content\/uploads\/2025\/04\/1745677034_Pourquoi-la-tondeuse-a-gazon-devrait-rester-a-lechelle-en.jpg\",\"contentUrl\":\"https:\/\/vieassociative.be\/actualites\/wp-content\/uploads\/2025\/04\/1745677034_Pourquoi-la-tondeuse-a-gazon-devrait-rester-a-lechelle-en.jpg\",\"width\":1200,\"height\":855,\"caption\":\"Pourquoi la tondeuse \u00e0 gazon devrait rester \u00e0 l'\u00e9chelle en mai\"},{\"@type\":\"BreadcrumbList\",\"@id\":\"https:\/\/vieassociative.be\/actualites\/pourquoi-la-tondeuse-a-gazon-devrait-rester-a-lechelle-en-mai\/#breadcrumb\",\"itemListElement\":[{\"@type\":\"ListItem\",\"position\":1,\"name\":\"Accueil\",\"item\":\"https:\/\/vieassociative.be\/actualites\/\"},{\"@type\":\"ListItem\",\"position\":2,\"name\":\"Pourquoi la tondeuse \u00e0 gazon devrait rester \u00e0 l&rsquo;\u00e9chelle en mai\"}]},{\"@type\":\"WebSite\",\"@id\":\"https:\/\/vieassociative.be\/actualites\/#website\",\"url\":\"https:\/\/vieassociative.be\/actualites\/\",\"name\":\"Vie Associative\",\"description\":\"\",\"publisher\":{\"@id\":\"https:\/\/vieassociative.be\/actualites\/#organization\"},\"potentialAction\":[{\"@type\":\"SearchAction\",\"target\":{\"@type\":\"EntryPoint\",\"urlTemplate\":\"https:\/\/vieassociative.be\/actualites\/?s={search_term_string}\"},\"query-input\":{\"@type\":\"PropertyValueSpecification\",\"valueRequired\":true,\"valueName\":\"search_term_string\"}}],\"inLanguage\":\"fr-BE\"},{\"@type\":\"Organization\",\"@id\":\"https:\/\/vieassociative.be\/actualites\/#organization\",\"name\":\"Vie Associative\",\"url\":\"https:\/\/vieassociative.be\/actualites\/\",\"logo\":{\"@type\":\"ImageObject\",\"inLanguage\":\"fr-BE\",\"@id\":\"https:\/\/vieassociative.be\/actualites\/#\/schema\/logo\/image\/\",\"url\":\"https:\/\/vieassociative.be\/actualites\/wp-content\/uploads\/2024\/09\/cropped-vieassociative_favicon.ico.png\",\"contentUrl\":\"https:\/\/vieassociative.be\/actualites\/wp-content\/uploads\/2024\/09\/cropped-vieassociative_favicon.ico.png\",\"width\":512,\"height\":512,\"caption\":\"Vie Associative\"},\"image\":{\"@id\":\"https:\/\/vieassociative.be\/actualites\/#\/schema\/logo\/image\/\"}},{\"@type\":\"Person\",\"@id\":\"https:\/\/vieassociative.be\/actualites\/#\/schema\/person\/b87ac4f82f9d4e7b7cec7395b679edc4\",\"name\":\"Julien\",\"image\":{\"@type\":\"ImageObject\",\"inLanguage\":\"fr-BE\",\"@id\":\"https:\/\/vieassociative.be\/actualites\/#\/schema\/person\/image\/\",\"url\":\"https:\/\/vieassociative.be\/actualites\/wp-content\/uploads\/2024\/09\/vie-associative-1-150x150.jpg\",\"contentUrl\":\"https:\/\/vieassociative.be\/actualites\/wp-content\/uploads\/2024\/09\/vie-associative-1-150x150.jpg\",\"caption\":\"Julien\"},\"description\":\"Je suis Julien, r\u00e9dacteur pour Vie Associative. Passionn\u00e9 par le monde associatif depuis plus de 10 ans, j'ai \u00e0 c\u0153ur de partager des histoires inspirantes et de mettre en lumi\u00e8re les initiatives locales. Mon objectif est de sensibiliser et d'encourager l'engagement communautaire \u00e0 travers mes articles.\",\"sameAs\":[\"https:\/\/vieassociative.be\/\"]}]}<\/script>\n<!-- \/ Yoast SEO plugin. -->","yoast_head_json":{"title":"Pourquoi la tondeuse \u00e0 gazon devrait rester \u00e0 l'\u00e9chelle en mai | Vie Associative","robots":{"index":"index","follow":"follow","max-snippet":"max-snippet:-1","max-image-preview":"max-image-preview:large","max-video-preview":"max-video-preview:-1"},"canonical":"https:\/\/vieassociative.be\/actualites\/pourquoi-la-tondeuse-a-gazon-devrait-rester-a-lechelle-en-mai\/","og_locale":"fr_FR","og_type":"article","og_title":"Pourquoi la tondeuse \u00e0 gazon devrait rester \u00e0 l'\u00e9chelle en mai | Vie Associative","og_description":"Laissez simplement la tondeuse \u00e0 gazon pour rester inutilis\u00e9e pour un mois de printemps? Oui, s&rsquo;il vous pla\u00eet &#8211; pour la biodiversit\u00e9, demandez les associations","og_url":"https:\/\/vieassociative.be\/actualites\/pourquoi-la-tondeuse-a-gazon-devrait-rester-a-lechelle-en-mai\/","og_site_name":"Vie Associative","article_published_time":"2025-04-26T14:17:14+00:00","og_image":[{"width":279,"height":92,"url":"https:\/\/vieassociative.be\/actualites\/wp-content\/uploads\/2024\/09\/header_backgroundk-01-e1726694325946.png","type":"image\/png"}],"author":"Julien","twitter_card":"summary_large_image","twitter_misc":{"\u00c9crit par":"Julien","Dur\u00e9e de lecture est.":"5 minutes"},"schema":{"@context":"https:\/\/schema.org","@graph":[{"@type":"Article","@id":"https:\/\/vieassociative.be\/actualites\/pourquoi-la-tondeuse-a-gazon-devrait-rester-a-lechelle-en-mai\/#article","isPartOf":{"@id":"https:\/\/vieassociative.be\/actualites\/pourquoi-la-tondeuse-a-gazon-devrait-rester-a-lechelle-en-mai\/"},"author":{"name":"Julien","@id":"https:\/\/vieassociative.be\/actualites\/#\/schema\/person\/b87ac4f82f9d4e7b7cec7395b679edc4"},"headline":"Pourquoi la tondeuse \u00e0 gazon devrait rester \u00e0 l&rsquo;\u00e9chelle en mai","datePublished":"2025-04-26T14:17:14+00:00","dateModified":"2025-04-26T14:17:14+00:00","mainEntityOfPage":{"@id":"https:\/\/vieassociative.be\/actualites\/pourquoi-la-tondeuse-a-gazon-devrait-rester-a-lechelle-en-mai\/"},"wordCount":1031,"publisher":{"@id":"https:\/\/vieassociative.be\/actualites\/#organization"},"image":{"@id":"https:\/\/vieassociative.be\/actualites\/pourquoi-la-tondeuse-a-gazon-devrait-rester-a-lechelle-en-mai\/#primaryimage"},"thumbnailUrl":"https:\/\/vieassociative.be\/actualites\/wp-content\/uploads\/2025\/04\/1745677034_Pourquoi-la-tondeuse-a-gazon-devrait-rester-a-lechelle-en.jpg","keywords":["devrait","gazon","l\u00e9chelle","mai","Pourquoi","rester","tondeuse"],"articleSection":["Belgique"],"inLanguage":"fr-BE"},{"@type":"WebPage","@id":"https:\/\/vieassociative.be\/actualites\/pourquoi-la-tondeuse-a-gazon-devrait-rester-a-lechelle-en-mai\/","url":"https:\/\/vieassociative.be\/actualites\/pourquoi-la-tondeuse-a-gazon-devrait-rester-a-lechelle-en-mai\/","name":"Pourquoi la tondeuse \u00e0 gazon devrait rester \u00e0 l'\u00e9chelle en mai | Vie Associative","isPartOf":{"@id":"https:\/\/vieassociative.be\/actualites\/#website"},"primaryImageOfPage":{"@id":"https:\/\/vieassociative.be\/actualites\/pourquoi-la-tondeuse-a-gazon-devrait-rester-a-lechelle-en-mai\/#primaryimage"},"image":{"@id":"https:\/\/vieassociative.be\/actualites\/pourquoi-la-tondeuse-a-gazon-devrait-rester-a-lechelle-en-mai\/#primaryimage"},"thumbnailUrl":"https:\/\/vieassociative.be\/actualites\/wp-content\/uploads\/2025\/04\/1745677034_Pourquoi-la-tondeuse-a-gazon-devrait-rester-a-lechelle-en.jpg","datePublished":"2025-04-26T14:17:14+00:00","dateModified":"2025-04-26T14:17:14+00:00","breadcrumb":{"@id":"https:\/\/vieassociative.be\/actualites\/pourquoi-la-tondeuse-a-gazon-devrait-rester-a-lechelle-en-mai\/#breadcrumb"},"inLanguage":"fr-BE","potentialAction":[{"@type":"ReadAction","target":["https:\/\/vieassociative.be\/actualites\/pourquoi-la-tondeuse-a-gazon-devrait-rester-a-lechelle-en-mai\/"]}]},{"@type":"ImageObject","inLanguage":"fr-BE","@id":"https:\/\/vieassociative.be\/actualites\/pourquoi-la-tondeuse-a-gazon-devrait-rester-a-lechelle-en-mai\/#primaryimage","url":"https:\/\/vieassociative.be\/actualites\/wp-content\/uploads\/2025\/04\/1745677034_Pourquoi-la-tondeuse-a-gazon-devrait-rester-a-lechelle-en.jpg","contentUrl":"https:\/\/vieassociative.be\/actualites\/wp-content\/uploads\/2025\/04\/1745677034_Pourquoi-la-tondeuse-a-gazon-devrait-rester-a-lechelle-en.jpg","width":1200,"height":855,"caption":"Pourquoi la tondeuse \u00e0 gazon devrait rester \u00e0 l'\u00e9chelle en mai"},{"@type":"BreadcrumbList","@id":"https:\/\/vieassociative.be\/actualites\/pourquoi-la-tondeuse-a-gazon-devrait-rester-a-lechelle-en-mai\/#breadcrumb","itemListElement":[{"@type":"ListItem","position":1,"name":"Accueil","item":"https:\/\/vieassociative.be\/actualites\/"},{"@type":"ListItem","position":2,"name":"Pourquoi la tondeuse \u00e0 gazon devrait rester \u00e0 l&rsquo;\u00e9chelle en mai"}]},{"@type":"WebSite","@id":"https:\/\/vieassociative.be\/actualites\/#website","url":"https:\/\/vieassociative.be\/actualites\/","name":"Vie Associative","description":"","publisher":{"@id":"https:\/\/vieassociative.be\/actualites\/#organization"},"potentialAction":[{"@type":"SearchAction","target":{"@type":"EntryPoint","urlTemplate":"https:\/\/vieassociative.be\/actualites\/?s={search_term_string}"},"query-input":{"@type":"PropertyValueSpecification","valueRequired":true,"valueName":"search_term_string"}}],"inLanguage":"fr-BE"},{"@type":"Organization","@id":"https:\/\/vieassociative.be\/actualites\/#organization","name":"Vie Associative","url":"https:\/\/vieassociative.be\/actualites\/","logo":{"@type":"ImageObject","inLanguage":"fr-BE","@id":"https:\/\/vieassociative.be\/actualites\/#\/schema\/logo\/image\/","url":"https:\/\/vieassociative.be\/actualites\/wp-content\/uploads\/2024\/09\/cropped-vieassociative_favicon.ico.png","contentUrl":"https:\/\/vieassociative.be\/actualites\/wp-content\/uploads\/2024\/09\/cropped-vieassociative_favicon.ico.png","width":512,"height":512,"caption":"Vie Associative"},"image":{"@id":"https:\/\/vieassociative.be\/actualites\/#\/schema\/logo\/image\/"}},{"@type":"Person","@id":"https:\/\/vieassociative.be\/actualites\/#\/schema\/person\/b87ac4f82f9d4e7b7cec7395b679edc4","name":"Julien","image":{"@type":"ImageObject","inLanguage":"fr-BE","@id":"https:\/\/vieassociative.be\/actualites\/#\/schema\/person\/image\/","url":"https:\/\/vieassociative.be\/actualites\/wp-content\/uploads\/2024\/09\/vie-associative-1-150x150.jpg","contentUrl":"https:\/\/vieassociative.be\/actualites\/wp-content\/uploads\/2024\/09\/vie-associative-1-150x150.jpg","caption":"Julien"},"description":"Je suis Julien, r\u00e9dacteur pour Vie Associative. Passionn\u00e9 par le monde associatif depuis plus de 10 ans, j'ai \u00e0 c\u0153ur de partager des histoires inspirantes et de mettre en lumi\u00e8re les initiatives locales. Mon objectif est de sensibiliser et d'encourager l'engagement communautaire \u00e0 travers mes articles.","sameAs":["https:\/\/vieassociative.be\/"]}]}},"_links":{"self":[{"href":"https:\/\/vieassociative.be\/actualites\/wp-json\/wp\/v2\/posts\/7052"}],"collection":[{"href":"https:\/\/vieassociative.be\/actualites\/wp-json\/wp\/v2\/posts"}],"about":[{"href":"https:\/\/vieassociative.be\/actualites\/wp-json\/wp\/v2\/types\/post"}],"author":[{"embeddable":true,"href":"https:\/\/vieassociative.be\/actualites\/wp-json\/wp\/v2\/users\/1"}],"replies":[{"embeddable":true,"href":"https:\/\/vieassociative.be\/actualites\/wp-json\/wp\/v2\/comments?post=7052"}],"version-history":[{"count":0,"href":"https:\/\/vieassociative.be\/actualites\/wp-json\/wp\/v2\/posts\/7052\/revisions"}],"wp:featuredmedia":[{"embeddable":true,"href":"https:\/\/vieassociative.be\/actualites\/wp-json\/wp\/v2\/media\/7053"}],"wp:attachment":[{"href":"https:\/\/vieassociative.be\/actualites\/wp-json\/wp\/v2\/media?parent=7052"}],"wp:term":[{"taxonomy":"category","embeddable":true,"href":"https:\/\/vieassociative.be\/actualites\/wp-json\/wp\/v2\/categories?post=7052"},{"taxonomy":"post_tag","embeddable":true,"href":"https:\/\/vieassociative.be\/actualites\/wp-json\/wp\/v2\/tags?post=7052"}],"curies":[{"name":"wp","href":"https:\/\/api.w.org\/{rel}","templated":true}]}}