{"id":7033,"date":"2025-04-25T22:17:21","date_gmt":"2025-04-25T20:17:21","guid":{"rendered":"https:\/\/vieassociative.be\/actualites\/la-ville-de-liege-a-enfin-un-tramway\/"},"modified":"2025-04-25T22:17:21","modified_gmt":"2025-04-25T20:17:21","slug":"la-ville-de-liege-a-enfin-un-tramway","status":"publish","type":"post","link":"https:\/\/vieassociative.be\/actualites\/la-ville-de-liege-a-enfin-un-tramway\/","title":{"rendered":"La ville de Li\u00e8ge a enfin un tramway"},"content":{"rendered":"<p><strong>Le tramway, \u00e9galement connu sous le nom de tramway, a \u00e9t\u00e9 officiellement inaugur\u00e9 vendredi. Apr\u00e8s des ann\u00e9es de travail de construction, il sera enfin mis en service ce lundi 28 avril.<\/strong><\/p>\n<p><span id=\"more-414171\"><\/span>C&rsquo;est la fin d&rsquo;une histoire qui semblait infinie, mais qui a maintenant une fin heureuse. Les Li\u00e8ge attendent le tramway depuis pr\u00e8s de 10 ans.<\/p>\n<p>Le premier voyage commence lundi \u00e0 5 heures du matin. \u00ab\u00a0C&rsquo;est un moment historique\u00a0\u00bb, a d\u00e9clar\u00e9 le chef de la ville. Le dernier tramway a \u00e9t\u00e9 arr\u00eat\u00e9 en 1967.<\/p>\n<div id=\"attachment_414175\" class=\"wp-caption alignleft\" style=\"max-width: 300px\"><img fetchpriority=\"high\" decoding=\"async\" class=\"wp-image-414175 size-medium\" src=\"https:\/\/vieassociative.be\/actualites\/wp-content\/uploads\/2025\/04\/La-ville-de-Liege-a-enfin-un-tramway.jpg\" alt=\"\" width=\"300\" height=\"300\"  ><\/p>\n<p class=\"wp-caption-text\">Le r\u00e9seau de routes Tram Li\u00e8ge, qui sera mis en service ce lundi. (Cliquez sur la carte) Source: @Carte du Tram de Li\u00e8ge<\/p>\n<\/div>\n<p>Pour rappel: la mise en service du nouveau tramway a \u00e9t\u00e9 report\u00e9e sept fois. Si tout s&rsquo;\u00e9tait d\u00e9roul\u00e9 comme pr\u00e9vu, le tramway existe &#8230; 2017. Malheureusement, rien ne s&rsquo;est d\u00e9roul\u00e9 comme pr\u00e9vu.<\/p>\n<p>L&rsquo;UE a rejet\u00e9 le financement \u00e0 trois reprises et lorsque la commande a \u00e9t\u00e9 attribu\u00e9e, nous avons \u00e9crit l&rsquo;ann\u00e9e 2019. Les travaux de construction pourraient enfin commencer. Bien s\u00fbr, il n&rsquo;y avait aucune attente avec la pand\u00e9mie covide, les inondations et non aussi avec la confusion des canaux, des tuyaux et des c\u00e2bles qui se trouvent dans le souterrain de Li\u00e8ge. Enfin, vous avez attendu mai 2023, puis pour octobre 2023. Et enfin, il devrait enfin commencer le 31 janvier 2025 &#8230;<\/p>\n<p>De nouvelles pannes ont \u00e9t\u00e9 plaints au d\u00e9but de l&rsquo;ann\u00e9e. Lors de l&rsquo;inspection du chantier de construction, certains d\u00e9fauts devaient \u00eatre corrig\u00e9s. Cela a rendu un septi\u00e8me quart de travail n\u00e9cessaire. C&rsquo;\u00e9tait un drame non seulement pour le Li\u00e8ge en g\u00e9n\u00e9ral, mais surtout pour le monde des affaires du Maasstadt. (Cre)<\/p>\n<h3>Le tramway li\u00e9ge<\/h3>\n<ul>\n<li><strong>Itin\u00e9raire:<\/strong> Relie SCNESSIN (standard Li\u00e8ge Stadium) \u00e0 Coronmeuse et Li\u00e8ge Expo.<\/li>\n<li><strong>Port\u00e9e:<\/strong> De 5 h \u00e0 1 h, du lundi au dimanche, toute l&rsquo;ann\u00e9e.<\/li>\n<li><strong>Fr\u00e9quence:<\/strong> Toutes les 5 minutes de la circulation principale, toutes les 7 \u00e0 15 minutes dans le trafic local.<\/li>\n<li><strong>V\u00e9hicules:<\/strong> 18 trains aux heures de pointe, qui peuvent promouvoir 372 personnes par train, il y a 62 si\u00e8ges.<\/li>\n<li><b>Prix \u200b\u200bpour un trajet<\/b>: Il n&rsquo;y a pas de diff\u00e9rence de prix entre le tramway et le bus. Tous les billets valides pour le r\u00e9seau de bus peuvent \u00e9galement \u00eatre utilis\u00e9s sur le tramway. Il n&rsquo;est donc pas n\u00e9cessaire de modifier l&rsquo;abonnement. Le prix pour un seul voyage continue d&rsquo;\u00eatre de 2,20 euros par itin\u00e9raire, 1,15 euros avec une carte multiprip. Un d\u00e9tail important: aucun billets n&rsquo;est vendu sur le tramway. Vous devez acheter votre billet dans une machine configur\u00e9e sur chaque plate-forme. De plus, si vous souhaitez vous rendre \u00e0 Li\u00e8ge en voiture, puis prendre le tramway, vous devez savoir que deux places de stationnement \u00e0 parc et \u00e0 promenade sont accessibles. L&rsquo;un avec 771 si\u00e8ges \u00e0 Bressoux et l&rsquo;autre avec 665 si\u00e8ges \u00e0 l&rsquo;autre bout de l&rsquo;itin\u00e9raire.<\/li>\n<li><strong>Co\u00fbt:<\/strong> Le tramway \u00e0 Li\u00e8ge co\u00fbtera finalement un milliard apr\u00e8s 27 ans de fonctionnement.<\/li>\n<\/ul>\n<p><em><strong>Plus d&rsquo;informations (en fran\u00e7ais) \u00e0 <u>https:\/\/nouveauseseau.lete.be\/liege\/<\/u><\/strong><\/em><\/p>\n","protected":false},"excerpt":{"rendered":"<p>Le tramway, \u00e9galement connu sous le nom de tramway, a \u00e9t\u00e9 officiellement inaugur\u00e9 vendredi. Apr\u00e8s des ann\u00e9es de travail de construction, il sera enfin mis<\/p>\n","protected":false},"author":1,"featured_media":7034,"comment_status":"","ping_status":"","sticky":false,"template":"","format":"standard","meta":{"footnotes":""},"categories":[298],"tags":[545,6554,6624,684],"class_list":["post-7033","post","type-post","status-publish","format-standard","has-post-thumbnail","hentry","category-belgique","tag-enfin","tag-liege","tag-tramway","tag-ville","generate-columns","tablet-grid-50","mobile-grid-100","grid-parent","grid-33"],"yoast_head":"<!-- This site is optimized with the Yoast SEO plugin v24.0 - https:\/\/yoast.com\/wordpress\/plugins\/seo\/ -->\n<title>La ville de Li\u00e8ge a enfin un tramway | Vie Associative<\/title>\n<meta name=\"robots\" content=\"index, follow, max-snippet:-1, max-image-preview:large, max-video-preview:-1\" \/>\n<link rel=\"canonical\" href=\"https:\/\/vieassociative.be\/actualites\/la-ville-de-liege-a-enfin-un-tramway\/\" \/>\n<meta property=\"og:locale\" content=\"fr_FR\" \/>\n<meta property=\"og:type\" content=\"article\" \/>\n<meta property=\"og:title\" content=\"La ville de Li\u00e8ge a enfin un tramway | Vie Associative\" \/>\n<meta property=\"og:description\" content=\"Le tramway, \u00e9galement connu sous le nom de tramway, a \u00e9t\u00e9 officiellement inaugur\u00e9 vendredi. Apr\u00e8s des ann\u00e9es de travail de construction, il sera enfin mis\" \/>\n<meta property=\"og:url\" content=\"https:\/\/vieassociative.be\/actualites\/la-ville-de-liege-a-enfin-un-tramway\/\" \/>\n<meta property=\"og:site_name\" content=\"Vie Associative\" \/>\n<meta property=\"article:published_time\" content=\"2025-04-25T20:17:21+00:00\" \/>\n<meta property=\"og:image\" content=\"https:\/\/vieassociative.be\/actualites\/wp-content\/uploads\/2024\/09\/header_backgroundk-01-e1726694325946.png\" \/>\n\t<meta property=\"og:image:width\" content=\"279\" \/>\n\t<meta property=\"og:image:height\" content=\"92\" \/>\n\t<meta property=\"og:image:type\" content=\"image\/png\" \/>\n<meta name=\"author\" content=\"Julien\" \/>\n<meta name=\"twitter:card\" content=\"summary_large_image\" \/>\n<meta name=\"twitter:label1\" content=\"\u00c9crit par\" \/>\n\t<meta name=\"twitter:data1\" content=\"Julien\" \/>\n\t<meta name=\"twitter:label2\" content=\"Dur\u00e9e de lecture est.\" \/>\n\t<meta name=\"twitter:data2\" content=\"3 minutes\" \/>\n<script type=\"application\/ld+json\" class=\"yoast-schema-graph\">{\"@context\":\"https:\/\/schema.org\",\"@graph\":[{\"@type\":\"Article\",\"@id\":\"https:\/\/vieassociative.be\/actualites\/la-ville-de-liege-a-enfin-un-tramway\/#article\",\"isPartOf\":{\"@id\":\"https:\/\/vieassociative.be\/actualites\/la-ville-de-liege-a-enfin-un-tramway\/\"},\"author\":{\"name\":\"Julien\",\"@id\":\"https:\/\/vieassociative.be\/actualites\/#\/schema\/person\/b87ac4f82f9d4e7b7cec7395b679edc4\"},\"headline\":\"La ville de Li\u00e8ge a enfin un tramway\",\"datePublished\":\"2025-04-25T20:17:21+00:00\",\"dateModified\":\"2025-04-25T20:17:21+00:00\",\"mainEntityOfPage\":{\"@id\":\"https:\/\/vieassociative.be\/actualites\/la-ville-de-liege-a-enfin-un-tramway\/\"},\"wordCount\":539,\"publisher\":{\"@id\":\"https:\/\/vieassociative.be\/actualites\/#organization\"},\"image\":{\"@id\":\"https:\/\/vieassociative.be\/actualites\/la-ville-de-liege-a-enfin-un-tramway\/#primaryimage\"},\"thumbnailUrl\":\"https:\/\/vieassociative.be\/actualites\/wp-content\/uploads\/2025\/04\/1745612241_La-ville-de-Liege-a-enfin-un-tramway.jpg\",\"keywords\":[\"enfin\",\"Li\u00e8ge\",\"tramway\",\"ville\"],\"articleSection\":[\"Belgique\"],\"inLanguage\":\"fr-BE\"},{\"@type\":\"WebPage\",\"@id\":\"https:\/\/vieassociative.be\/actualites\/la-ville-de-liege-a-enfin-un-tramway\/\",\"url\":\"https:\/\/vieassociative.be\/actualites\/la-ville-de-liege-a-enfin-un-tramway\/\",\"name\":\"La ville de Li\u00e8ge a enfin un tramway | Vie Associative\",\"isPartOf\":{\"@id\":\"https:\/\/vieassociative.be\/actualites\/#website\"},\"primaryImageOfPage\":{\"@id\":\"https:\/\/vieassociative.be\/actualites\/la-ville-de-liege-a-enfin-un-tramway\/#primaryimage\"},\"image\":{\"@id\":\"https:\/\/vieassociative.be\/actualites\/la-ville-de-liege-a-enfin-un-tramway\/#primaryimage\"},\"thumbnailUrl\":\"https:\/\/vieassociative.be\/actualites\/wp-content\/uploads\/2025\/04\/1745612241_La-ville-de-Liege-a-enfin-un-tramway.jpg\",\"datePublished\":\"2025-04-25T20:17:21+00:00\",\"dateModified\":\"2025-04-25T20:17:21+00:00\",\"breadcrumb\":{\"@id\":\"https:\/\/vieassociative.be\/actualites\/la-ville-de-liege-a-enfin-un-tramway\/#breadcrumb\"},\"inLanguage\":\"fr-BE\",\"potentialAction\":[{\"@type\":\"ReadAction\",\"target\":[\"https:\/\/vieassociative.be\/actualites\/la-ville-de-liege-a-enfin-un-tramway\/\"]}]},{\"@type\":\"ImageObject\",\"inLanguage\":\"fr-BE\",\"@id\":\"https:\/\/vieassociative.be\/actualites\/la-ville-de-liege-a-enfin-un-tramway\/#primaryimage\",\"url\":\"https:\/\/vieassociative.be\/actualites\/wp-content\/uploads\/2025\/04\/1745612241_La-ville-de-Liege-a-enfin-un-tramway.jpg\",\"contentUrl\":\"https:\/\/vieassociative.be\/actualites\/wp-content\/uploads\/2025\/04\/1745612241_La-ville-de-Liege-a-enfin-un-tramway.jpg\",\"width\":1200,\"height\":800,\"caption\":\"La ville de Li\u00e8ge a enfin un tramway\"},{\"@type\":\"BreadcrumbList\",\"@id\":\"https:\/\/vieassociative.be\/actualites\/la-ville-de-liege-a-enfin-un-tramway\/#breadcrumb\",\"itemListElement\":[{\"@type\":\"ListItem\",\"position\":1,\"name\":\"Accueil\",\"item\":\"https:\/\/vieassociative.be\/actualites\/\"},{\"@type\":\"ListItem\",\"position\":2,\"name\":\"La ville de Li\u00e8ge a enfin un tramway\"}]},{\"@type\":\"WebSite\",\"@id\":\"https:\/\/vieassociative.be\/actualites\/#website\",\"url\":\"https:\/\/vieassociative.be\/actualites\/\",\"name\":\"Vie Associative\",\"description\":\"\",\"publisher\":{\"@id\":\"https:\/\/vieassociative.be\/actualites\/#organization\"},\"potentialAction\":[{\"@type\":\"SearchAction\",\"target\":{\"@type\":\"EntryPoint\",\"urlTemplate\":\"https:\/\/vieassociative.be\/actualites\/?s={search_term_string}\"},\"query-input\":{\"@type\":\"PropertyValueSpecification\",\"valueRequired\":true,\"valueName\":\"search_term_string\"}}],\"inLanguage\":\"fr-BE\"},{\"@type\":\"Organization\",\"@id\":\"https:\/\/vieassociative.be\/actualites\/#organization\",\"name\":\"Vie Associative\",\"url\":\"https:\/\/vieassociative.be\/actualites\/\",\"logo\":{\"@type\":\"ImageObject\",\"inLanguage\":\"fr-BE\",\"@id\":\"https:\/\/vieassociative.be\/actualites\/#\/schema\/logo\/image\/\",\"url\":\"https:\/\/vieassociative.be\/actualites\/wp-content\/uploads\/2024\/09\/cropped-vieassociative_favicon.ico.png\",\"contentUrl\":\"https:\/\/vieassociative.be\/actualites\/wp-content\/uploads\/2024\/09\/cropped-vieassociative_favicon.ico.png\",\"width\":512,\"height\":512,\"caption\":\"Vie Associative\"},\"image\":{\"@id\":\"https:\/\/vieassociative.be\/actualites\/#\/schema\/logo\/image\/\"}},{\"@type\":\"Person\",\"@id\":\"https:\/\/vieassociative.be\/actualites\/#\/schema\/person\/b87ac4f82f9d4e7b7cec7395b679edc4\",\"name\":\"Julien\",\"image\":{\"@type\":\"ImageObject\",\"inLanguage\":\"fr-BE\",\"@id\":\"https:\/\/vieassociative.be\/actualites\/#\/schema\/person\/image\/\",\"url\":\"https:\/\/vieassociative.be\/actualites\/wp-content\/uploads\/2024\/09\/vie-associative-1-150x150.jpg\",\"contentUrl\":\"https:\/\/vieassociative.be\/actualites\/wp-content\/uploads\/2024\/09\/vie-associative-1-150x150.jpg\",\"caption\":\"Julien\"},\"description\":\"Je suis Julien, r\u00e9dacteur pour Vie Associative. Passionn\u00e9 par le monde associatif depuis plus de 10 ans, j'ai \u00e0 c\u0153ur de partager des histoires inspirantes et de mettre en lumi\u00e8re les initiatives locales. Mon objectif est de sensibiliser et d'encourager l'engagement communautaire \u00e0 travers mes articles.\",\"sameAs\":[\"https:\/\/vieassociative.be\/\"]}]}<\/script>\n<!-- \/ Yoast SEO plugin. -->","yoast_head_json":{"title":"La ville de Li\u00e8ge a enfin un tramway | Vie Associative","robots":{"index":"index","follow":"follow","max-snippet":"max-snippet:-1","max-image-preview":"max-image-preview:large","max-video-preview":"max-video-preview:-1"},"canonical":"https:\/\/vieassociative.be\/actualites\/la-ville-de-liege-a-enfin-un-tramway\/","og_locale":"fr_FR","og_type":"article","og_title":"La ville de Li\u00e8ge a enfin un tramway | Vie Associative","og_description":"Le tramway, \u00e9galement connu sous le nom de tramway, a \u00e9t\u00e9 officiellement inaugur\u00e9 vendredi. Apr\u00e8s des ann\u00e9es de travail de construction, il sera enfin mis","og_url":"https:\/\/vieassociative.be\/actualites\/la-ville-de-liege-a-enfin-un-tramway\/","og_site_name":"Vie Associative","article_published_time":"2025-04-25T20:17:21+00:00","og_image":[{"width":279,"height":92,"url":"https:\/\/vieassociative.be\/actualites\/wp-content\/uploads\/2024\/09\/header_backgroundk-01-e1726694325946.png","type":"image\/png"}],"author":"Julien","twitter_card":"summary_large_image","twitter_misc":{"\u00c9crit par":"Julien","Dur\u00e9e de lecture est.":"3 minutes"},"schema":{"@context":"https:\/\/schema.org","@graph":[{"@type":"Article","@id":"https:\/\/vieassociative.be\/actualites\/la-ville-de-liege-a-enfin-un-tramway\/#article","isPartOf":{"@id":"https:\/\/vieassociative.be\/actualites\/la-ville-de-liege-a-enfin-un-tramway\/"},"author":{"name":"Julien","@id":"https:\/\/vieassociative.be\/actualites\/#\/schema\/person\/b87ac4f82f9d4e7b7cec7395b679edc4"},"headline":"La ville de Li\u00e8ge a enfin un tramway","datePublished":"2025-04-25T20:17:21+00:00","dateModified":"2025-04-25T20:17:21+00:00","mainEntityOfPage":{"@id":"https:\/\/vieassociative.be\/actualites\/la-ville-de-liege-a-enfin-un-tramway\/"},"wordCount":539,"publisher":{"@id":"https:\/\/vieassociative.be\/actualites\/#organization"},"image":{"@id":"https:\/\/vieassociative.be\/actualites\/la-ville-de-liege-a-enfin-un-tramway\/#primaryimage"},"thumbnailUrl":"https:\/\/vieassociative.be\/actualites\/wp-content\/uploads\/2025\/04\/1745612241_La-ville-de-Liege-a-enfin-un-tramway.jpg","keywords":["enfin","Li\u00e8ge","tramway","ville"],"articleSection":["Belgique"],"inLanguage":"fr-BE"},{"@type":"WebPage","@id":"https:\/\/vieassociative.be\/actualites\/la-ville-de-liege-a-enfin-un-tramway\/","url":"https:\/\/vieassociative.be\/actualites\/la-ville-de-liege-a-enfin-un-tramway\/","name":"La ville de Li\u00e8ge a enfin un tramway | Vie Associative","isPartOf":{"@id":"https:\/\/vieassociative.be\/actualites\/#website"},"primaryImageOfPage":{"@id":"https:\/\/vieassociative.be\/actualites\/la-ville-de-liege-a-enfin-un-tramway\/#primaryimage"},"image":{"@id":"https:\/\/vieassociative.be\/actualites\/la-ville-de-liege-a-enfin-un-tramway\/#primaryimage"},"thumbnailUrl":"https:\/\/vieassociative.be\/actualites\/wp-content\/uploads\/2025\/04\/1745612241_La-ville-de-Liege-a-enfin-un-tramway.jpg","datePublished":"2025-04-25T20:17:21+00:00","dateModified":"2025-04-25T20:17:21+00:00","breadcrumb":{"@id":"https:\/\/vieassociative.be\/actualites\/la-ville-de-liege-a-enfin-un-tramway\/#breadcrumb"},"inLanguage":"fr-BE","potentialAction":[{"@type":"ReadAction","target":["https:\/\/vieassociative.be\/actualites\/la-ville-de-liege-a-enfin-un-tramway\/"]}]},{"@type":"ImageObject","inLanguage":"fr-BE","@id":"https:\/\/vieassociative.be\/actualites\/la-ville-de-liege-a-enfin-un-tramway\/#primaryimage","url":"https:\/\/vieassociative.be\/actualites\/wp-content\/uploads\/2025\/04\/1745612241_La-ville-de-Liege-a-enfin-un-tramway.jpg","contentUrl":"https:\/\/vieassociative.be\/actualites\/wp-content\/uploads\/2025\/04\/1745612241_La-ville-de-Liege-a-enfin-un-tramway.jpg","width":1200,"height":800,"caption":"La ville de Li\u00e8ge a enfin un tramway"},{"@type":"BreadcrumbList","@id":"https:\/\/vieassociative.be\/actualites\/la-ville-de-liege-a-enfin-un-tramway\/#breadcrumb","itemListElement":[{"@type":"ListItem","position":1,"name":"Accueil","item":"https:\/\/vieassociative.be\/actualites\/"},{"@type":"ListItem","position":2,"name":"La ville de Li\u00e8ge a enfin un tramway"}]},{"@type":"WebSite","@id":"https:\/\/vieassociative.be\/actualites\/#website","url":"https:\/\/vieassociative.be\/actualites\/","name":"Vie Associative","description":"","publisher":{"@id":"https:\/\/vieassociative.be\/actualites\/#organization"},"potentialAction":[{"@type":"SearchAction","target":{"@type":"EntryPoint","urlTemplate":"https:\/\/vieassociative.be\/actualites\/?s={search_term_string}"},"query-input":{"@type":"PropertyValueSpecification","valueRequired":true,"valueName":"search_term_string"}}],"inLanguage":"fr-BE"},{"@type":"Organization","@id":"https:\/\/vieassociative.be\/actualites\/#organization","name":"Vie Associative","url":"https:\/\/vieassociative.be\/actualites\/","logo":{"@type":"ImageObject","inLanguage":"fr-BE","@id":"https:\/\/vieassociative.be\/actualites\/#\/schema\/logo\/image\/","url":"https:\/\/vieassociative.be\/actualites\/wp-content\/uploads\/2024\/09\/cropped-vieassociative_favicon.ico.png","contentUrl":"https:\/\/vieassociative.be\/actualites\/wp-content\/uploads\/2024\/09\/cropped-vieassociative_favicon.ico.png","width":512,"height":512,"caption":"Vie Associative"},"image":{"@id":"https:\/\/vieassociative.be\/actualites\/#\/schema\/logo\/image\/"}},{"@type":"Person","@id":"https:\/\/vieassociative.be\/actualites\/#\/schema\/person\/b87ac4f82f9d4e7b7cec7395b679edc4","name":"Julien","image":{"@type":"ImageObject","inLanguage":"fr-BE","@id":"https:\/\/vieassociative.be\/actualites\/#\/schema\/person\/image\/","url":"https:\/\/vieassociative.be\/actualites\/wp-content\/uploads\/2024\/09\/vie-associative-1-150x150.jpg","contentUrl":"https:\/\/vieassociative.be\/actualites\/wp-content\/uploads\/2024\/09\/vie-associative-1-150x150.jpg","caption":"Julien"},"description":"Je suis Julien, r\u00e9dacteur pour Vie Associative. Passionn\u00e9 par le monde associatif depuis plus de 10 ans, j'ai \u00e0 c\u0153ur de partager des histoires inspirantes et de mettre en lumi\u00e8re les initiatives locales. Mon objectif est de sensibiliser et d'encourager l'engagement communautaire \u00e0 travers mes articles.","sameAs":["https:\/\/vieassociative.be\/"]}]}},"_links":{"self":[{"href":"https:\/\/vieassociative.be\/actualites\/wp-json\/wp\/v2\/posts\/7033"}],"collection":[{"href":"https:\/\/vieassociative.be\/actualites\/wp-json\/wp\/v2\/posts"}],"about":[{"href":"https:\/\/vieassociative.be\/actualites\/wp-json\/wp\/v2\/types\/post"}],"author":[{"embeddable":true,"href":"https:\/\/vieassociative.be\/actualites\/wp-json\/wp\/v2\/users\/1"}],"replies":[{"embeddable":true,"href":"https:\/\/vieassociative.be\/actualites\/wp-json\/wp\/v2\/comments?post=7033"}],"version-history":[{"count":0,"href":"https:\/\/vieassociative.be\/actualites\/wp-json\/wp\/v2\/posts\/7033\/revisions"}],"wp:featuredmedia":[{"embeddable":true,"href":"https:\/\/vieassociative.be\/actualites\/wp-json\/wp\/v2\/media\/7034"}],"wp:attachment":[{"href":"https:\/\/vieassociative.be\/actualites\/wp-json\/wp\/v2\/media?parent=7033"}],"wp:term":[{"taxonomy":"category","embeddable":true,"href":"https:\/\/vieassociative.be\/actualites\/wp-json\/wp\/v2\/categories?post=7033"},{"taxonomy":"post_tag","embeddable":true,"href":"https:\/\/vieassociative.be\/actualites\/wp-json\/wp\/v2\/tags?post=7033"}],"curies":[{"name":"wp","href":"https:\/\/api.w.org\/{rel}","templated":true}]}}