{"id":703,"date":"2024-09-30T22:19:33","date_gmt":"2024-09-30T20:19:33","guid":{"rendered":"https:\/\/vieassociative.be\/actualites\/ce-kit-dalarme-de-sonnerie-pour-toute-la-maison-coute-actuellement-moins-de-200\/"},"modified":"2024-09-30T22:19:33","modified_gmt":"2024-09-30T20:19:33","slug":"ce-kit-dalarme-de-sonnerie-pour-toute-la-maison-coute-actuellement-moins-de-200","status":"publish","type":"post","link":"https:\/\/vieassociative.be\/actualites\/ce-kit-dalarme-de-sonnerie-pour-toute-la-maison-coute-actuellement-moins-de-200\/","title":{"rendered":"Ce kit d&rsquo;alarme de sonnerie pour toute la maison co\u00fbte actuellement moins de 200 $"},"content":{"rendered":"<div class=\"mt-4 leading-6 md:mb-8\">C&rsquo;est une excellente solution de bricolage pour une petite maison.<\/div>\n<p><\/p>\n<p>Les solutions de s\u00e9curit\u00e9 domestique ne n\u00e9cessitent pas n\u00e9cessairement un co\u00fbt initial \u00e9lev\u00e9 ni un abonnement mensuel obligatoire. \u00c0 l&rsquo;heure actuelle, vous pouvez vous procurer un kit d&rsquo;alarme Ring de 14 pi\u00e8ces, couvrant toutes les bases de s\u00e9curit\u00e9 pour une maison de deux \u00e0 quatre chambres et comprenant une station de base, deux d\u00e9tecteurs de mouvement, deux claviers, huit capteurs de contact et un prolongateur de port\u00e9e, pour <strong>197,99\u00a0$<\/strong>. C&rsquo;est 40 % de r\u00e9duction sur le prix catalogue de 329,99 $ et le prix le plus bas que le kit ait jamais atteint, selon des outils de suivi des prix comme Keepa. <\/p>\n<p>Installer 14 pi\u00e8ces peut sembler beaucoup, mais le travail est assez simple : vous branchez la station de base, activez le syst\u00e8me via l&rsquo;application Ring et placez les capteurs l\u00e0 o\u00f9 vous en avez besoin. C&rsquo;est \u00e7a.<\/p>\n<p>Il existe trois modes de s\u00e9curit\u00e9 : un mode maison qui d\u00e9sarme les capteurs int\u00e9rieurs mais maintient les capteurs ext\u00e9rieurs actifs, un mode absence qui arme tous les capteurs de votre maison et un mode d\u00e9sarmement qui d\u00e9sactive tous les capteurs. (\u00c0 titre d&rsquo;avertissement, vous ne recevrez pas d&rsquo;alertes push ou par e-mail en mode d\u00e9sarm\u00e9, selon cette revue PCMag.)<\/p>\n<p>Si vous pr\u00e9f\u00e9rez g\u00e9rer les choses vous-m\u00eame et que cela ne vous d\u00e9range pas de contacter les autorit\u00e9s en cas d&rsquo;urgence, vous pouvez choisir d&rsquo;auto-surveiller le syst\u00e8me. Cependant, si vous pr\u00e9f\u00e9rez laisser cela aux pros, vous pouvez souscrire au plan Ring Protect Pro, qui offre une surveillance professionnelle 24h\/24 et 7j\/7, des services de r\u00e9partition et des alertes par e-mail pour 20 $ par mois. <\/p>\n<p>Ce kit fonctionne bien avec une vari\u00e9t\u00e9 de serrures de porte intelligentes, de commutateurs et d&rsquo;autres produits Ring, et est compatible avec Amazon Echo et Alexa (bien qu&rsquo;un abonnement soit requis pour les int\u00e9grer). Si vous recherchez une compatibilit\u00e9 plus large avec des appareils tiers, un syst\u00e8me de maison intelligente Apple ou Google Assistant, vous voudrez peut-\u00eatre envisager l&rsquo;Abode Iota (329,99 $).<\/p>\n","protected":false},"excerpt":{"rendered":"<p>C&rsquo;est une excellente solution de bricolage pour une petite maison. Les solutions de s\u00e9curit\u00e9 domestique ne n\u00e9cessitent pas n\u00e9cessairement un co\u00fbt initial \u00e9lev\u00e9 ni un<\/p>\n","protected":false},"author":1,"featured_media":704,"comment_status":"","ping_status":"","sticky":false,"template":"","format":"standard","meta":{"footnotes":""},"categories":[13],"tags":[19,1122,1120,1023,560,469,81,1121,150],"class_list":["post-703","post","type-post","status-publish","format-standard","has-post-thumbnail","hentry","category-technologie","tag-actuellement","tag-coute","tag-dalarme","tag-kit","tag-maison","tag-moins","tag-pour","tag-sonnerie","tag-toute","generate-columns","tablet-grid-50","mobile-grid-100","grid-parent","grid-33"],"yoast_head":"<!-- This site is optimized with the Yoast SEO plugin v24.0 - https:\/\/yoast.com\/wordpress\/plugins\/seo\/ -->\n<title>Ce kit d&#039;alarme de sonnerie pour toute la maison co\u00fbte actuellement moins de 200 $ | Vie Associative<\/title>\n<meta name=\"robots\" content=\"index, follow, max-snippet:-1, max-image-preview:large, max-video-preview:-1\" \/>\n<link rel=\"canonical\" href=\"https:\/\/vieassociative.be\/actualites\/ce-kit-dalarme-de-sonnerie-pour-toute-la-maison-coute-actuellement-moins-de-200\/\" \/>\n<meta property=\"og:locale\" content=\"fr_FR\" \/>\n<meta property=\"og:type\" content=\"article\" \/>\n<meta property=\"og:title\" content=\"Ce kit d&#039;alarme de sonnerie pour toute la maison co\u00fbte actuellement moins de 200 $ | Vie Associative\" \/>\n<meta property=\"og:description\" content=\"C&rsquo;est une excellente solution de bricolage pour une petite maison. Les solutions de s\u00e9curit\u00e9 domestique ne n\u00e9cessitent pas n\u00e9cessairement un co\u00fbt initial \u00e9lev\u00e9 ni un\" \/>\n<meta property=\"og:url\" content=\"https:\/\/vieassociative.be\/actualites\/ce-kit-dalarme-de-sonnerie-pour-toute-la-maison-coute-actuellement-moins-de-200\/\" \/>\n<meta property=\"og:site_name\" content=\"Vie Associative\" \/>\n<meta property=\"article:published_time\" content=\"2024-09-30T20:19:33+00:00\" \/>\n<meta property=\"og:image\" content=\"https:\/\/vieassociative.be\/actualites\/wp-content\/uploads\/2024\/09\/header_backgroundk-01-e1726694325946.png\" \/>\n\t<meta property=\"og:image:width\" content=\"279\" \/>\n\t<meta property=\"og:image:height\" content=\"92\" \/>\n\t<meta property=\"og:image:type\" content=\"image\/png\" \/>\n<meta name=\"author\" content=\"Julien\" \/>\n<meta name=\"twitter:card\" content=\"summary_large_image\" \/>\n<meta name=\"twitter:label1\" content=\"\u00c9crit par\" \/>\n\t<meta name=\"twitter:data1\" content=\"Julien\" \/>\n\t<meta name=\"twitter:label2\" content=\"Dur\u00e9e de lecture est.\" \/>\n\t<meta name=\"twitter:data2\" content=\"2 minutes\" \/>\n<script type=\"application\/ld+json\" class=\"yoast-schema-graph\">{\"@context\":\"https:\/\/schema.org\",\"@graph\":[{\"@type\":\"Article\",\"@id\":\"https:\/\/vieassociative.be\/actualites\/ce-kit-dalarme-de-sonnerie-pour-toute-la-maison-coute-actuellement-moins-de-200\/#article\",\"isPartOf\":{\"@id\":\"https:\/\/vieassociative.be\/actualites\/ce-kit-dalarme-de-sonnerie-pour-toute-la-maison-coute-actuellement-moins-de-200\/\"},\"author\":{\"name\":\"Julien\",\"@id\":\"https:\/\/vieassociative.be\/actualites\/#\/schema\/person\/b87ac4f82f9d4e7b7cec7395b679edc4\"},\"headline\":\"Ce kit d&rsquo;alarme de sonnerie pour toute la maison co\u00fbte actuellement moins de 200 $\",\"datePublished\":\"2024-09-30T20:19:33+00:00\",\"dateModified\":\"2024-09-30T20:19:33+00:00\",\"mainEntityOfPage\":{\"@id\":\"https:\/\/vieassociative.be\/actualites\/ce-kit-dalarme-de-sonnerie-pour-toute-la-maison-coute-actuellement-moins-de-200\/\"},\"wordCount\":380,\"publisher\":{\"@id\":\"https:\/\/vieassociative.be\/actualites\/#organization\"},\"image\":{\"@id\":\"https:\/\/vieassociative.be\/actualites\/ce-kit-dalarme-de-sonnerie-pour-toute-la-maison-coute-actuellement-moins-de-200\/#primaryimage\"},\"thumbnailUrl\":\"https:\/\/vieassociative.be\/actualites\/wp-content\/uploads\/2024\/09\/Ce-kit-dalarme-de-sonnerie-pour-toute-la-maison-coute.png\",\"keywords\":[\"actuellement\",\"co\u00fbte\",\"dalarme\",\"kit\",\"maison\",\"moins\",\"pour\",\"sonnerie\",\"toute\"],\"articleSection\":[\"Technologie\"],\"inLanguage\":\"fr-BE\"},{\"@type\":\"WebPage\",\"@id\":\"https:\/\/vieassociative.be\/actualites\/ce-kit-dalarme-de-sonnerie-pour-toute-la-maison-coute-actuellement-moins-de-200\/\",\"url\":\"https:\/\/vieassociative.be\/actualites\/ce-kit-dalarme-de-sonnerie-pour-toute-la-maison-coute-actuellement-moins-de-200\/\",\"name\":\"Ce kit d'alarme de sonnerie pour toute la maison co\u00fbte actuellement moins de 200 $ | Vie Associative\",\"isPartOf\":{\"@id\":\"https:\/\/vieassociative.be\/actualites\/#website\"},\"primaryImageOfPage\":{\"@id\":\"https:\/\/vieassociative.be\/actualites\/ce-kit-dalarme-de-sonnerie-pour-toute-la-maison-coute-actuellement-moins-de-200\/#primaryimage\"},\"image\":{\"@id\":\"https:\/\/vieassociative.be\/actualites\/ce-kit-dalarme-de-sonnerie-pour-toute-la-maison-coute-actuellement-moins-de-200\/#primaryimage\"},\"thumbnailUrl\":\"https:\/\/vieassociative.be\/actualites\/wp-content\/uploads\/2024\/09\/Ce-kit-dalarme-de-sonnerie-pour-toute-la-maison-coute.png\",\"datePublished\":\"2024-09-30T20:19:33+00:00\",\"dateModified\":\"2024-09-30T20:19:33+00:00\",\"breadcrumb\":{\"@id\":\"https:\/\/vieassociative.be\/actualites\/ce-kit-dalarme-de-sonnerie-pour-toute-la-maison-coute-actuellement-moins-de-200\/#breadcrumb\"},\"inLanguage\":\"fr-BE\",\"potentialAction\":[{\"@type\":\"ReadAction\",\"target\":[\"https:\/\/vieassociative.be\/actualites\/ce-kit-dalarme-de-sonnerie-pour-toute-la-maison-coute-actuellement-moins-de-200\/\"]}]},{\"@type\":\"ImageObject\",\"inLanguage\":\"fr-BE\",\"@id\":\"https:\/\/vieassociative.be\/actualites\/ce-kit-dalarme-de-sonnerie-pour-toute-la-maison-coute-actuellement-moins-de-200\/#primaryimage\",\"url\":\"https:\/\/vieassociative.be\/actualites\/wp-content\/uploads\/2024\/09\/Ce-kit-dalarme-de-sonnerie-pour-toute-la-maison-coute.png\",\"contentUrl\":\"https:\/\/vieassociative.be\/actualites\/wp-content\/uploads\/2024\/09\/Ce-kit-dalarme-de-sonnerie-pour-toute-la-maison-coute.png\",\"width\":1200,\"height\":675,\"caption\":\"Ce kit d'alarme de sonnerie pour toute la maison co\u00fbte actuellement moins de 200 $\"},{\"@type\":\"BreadcrumbList\",\"@id\":\"https:\/\/vieassociative.be\/actualites\/ce-kit-dalarme-de-sonnerie-pour-toute-la-maison-coute-actuellement-moins-de-200\/#breadcrumb\",\"itemListElement\":[{\"@type\":\"ListItem\",\"position\":1,\"name\":\"Accueil\",\"item\":\"https:\/\/vieassociative.be\/actualites\/\"},{\"@type\":\"ListItem\",\"position\":2,\"name\":\"Ce kit d&rsquo;alarme de sonnerie pour toute la maison co\u00fbte actuellement moins de 200 $\"}]},{\"@type\":\"WebSite\",\"@id\":\"https:\/\/vieassociative.be\/actualites\/#website\",\"url\":\"https:\/\/vieassociative.be\/actualites\/\",\"name\":\"Vie Associative\",\"description\":\"\",\"publisher\":{\"@id\":\"https:\/\/vieassociative.be\/actualites\/#organization\"},\"potentialAction\":[{\"@type\":\"SearchAction\",\"target\":{\"@type\":\"EntryPoint\",\"urlTemplate\":\"https:\/\/vieassociative.be\/actualites\/?s={search_term_string}\"},\"query-input\":{\"@type\":\"PropertyValueSpecification\",\"valueRequired\":true,\"valueName\":\"search_term_string\"}}],\"inLanguage\":\"fr-BE\"},{\"@type\":\"Organization\",\"@id\":\"https:\/\/vieassociative.be\/actualites\/#organization\",\"name\":\"Vie Associative\",\"url\":\"https:\/\/vieassociative.be\/actualites\/\",\"logo\":{\"@type\":\"ImageObject\",\"inLanguage\":\"fr-BE\",\"@id\":\"https:\/\/vieassociative.be\/actualites\/#\/schema\/logo\/image\/\",\"url\":\"https:\/\/vieassociative.be\/actualites\/wp-content\/uploads\/2024\/09\/cropped-vieassociative_favicon.ico.png\",\"contentUrl\":\"https:\/\/vieassociative.be\/actualites\/wp-content\/uploads\/2024\/09\/cropped-vieassociative_favicon.ico.png\",\"width\":512,\"height\":512,\"caption\":\"Vie Associative\"},\"image\":{\"@id\":\"https:\/\/vieassociative.be\/actualites\/#\/schema\/logo\/image\/\"}},{\"@type\":\"Person\",\"@id\":\"https:\/\/vieassociative.be\/actualites\/#\/schema\/person\/b87ac4f82f9d4e7b7cec7395b679edc4\",\"name\":\"Julien\",\"image\":{\"@type\":\"ImageObject\",\"inLanguage\":\"fr-BE\",\"@id\":\"https:\/\/vieassociative.be\/actualites\/#\/schema\/person\/image\/\",\"url\":\"https:\/\/vieassociative.be\/actualites\/wp-content\/uploads\/2024\/09\/vie-associative-1-150x150.jpg\",\"contentUrl\":\"https:\/\/vieassociative.be\/actualites\/wp-content\/uploads\/2024\/09\/vie-associative-1-150x150.jpg\",\"caption\":\"Julien\"},\"description\":\"Je suis Julien, r\u00e9dacteur pour Vie Associative. Passionn\u00e9 par le monde associatif depuis plus de 10 ans, j'ai \u00e0 c\u0153ur de partager des histoires inspirantes et de mettre en lumi\u00e8re les initiatives locales. Mon objectif est de sensibiliser et d'encourager l'engagement communautaire \u00e0 travers mes articles.\",\"sameAs\":[\"https:\/\/vieassociative.be\/\"]}]}<\/script>\n<!-- \/ Yoast SEO plugin. -->","yoast_head_json":{"title":"Ce kit d'alarme de sonnerie pour toute la maison co\u00fbte actuellement moins de 200 $ | Vie Associative","robots":{"index":"index","follow":"follow","max-snippet":"max-snippet:-1","max-image-preview":"max-image-preview:large","max-video-preview":"max-video-preview:-1"},"canonical":"https:\/\/vieassociative.be\/actualites\/ce-kit-dalarme-de-sonnerie-pour-toute-la-maison-coute-actuellement-moins-de-200\/","og_locale":"fr_FR","og_type":"article","og_title":"Ce kit d'alarme de sonnerie pour toute la maison co\u00fbte actuellement moins de 200 $ | Vie Associative","og_description":"C&rsquo;est une excellente solution de bricolage pour une petite maison. Les solutions de s\u00e9curit\u00e9 domestique ne n\u00e9cessitent pas n\u00e9cessairement un co\u00fbt initial \u00e9lev\u00e9 ni un","og_url":"https:\/\/vieassociative.be\/actualites\/ce-kit-dalarme-de-sonnerie-pour-toute-la-maison-coute-actuellement-moins-de-200\/","og_site_name":"Vie Associative","article_published_time":"2024-09-30T20:19:33+00:00","og_image":[{"width":279,"height":92,"url":"https:\/\/vieassociative.be\/actualites\/wp-content\/uploads\/2024\/09\/header_backgroundk-01-e1726694325946.png","type":"image\/png"}],"author":"Julien","twitter_card":"summary_large_image","twitter_misc":{"\u00c9crit par":"Julien","Dur\u00e9e de lecture est.":"2 minutes"},"schema":{"@context":"https:\/\/schema.org","@graph":[{"@type":"Article","@id":"https:\/\/vieassociative.be\/actualites\/ce-kit-dalarme-de-sonnerie-pour-toute-la-maison-coute-actuellement-moins-de-200\/#article","isPartOf":{"@id":"https:\/\/vieassociative.be\/actualites\/ce-kit-dalarme-de-sonnerie-pour-toute-la-maison-coute-actuellement-moins-de-200\/"},"author":{"name":"Julien","@id":"https:\/\/vieassociative.be\/actualites\/#\/schema\/person\/b87ac4f82f9d4e7b7cec7395b679edc4"},"headline":"Ce kit d&rsquo;alarme de sonnerie pour toute la maison co\u00fbte actuellement moins de 200 $","datePublished":"2024-09-30T20:19:33+00:00","dateModified":"2024-09-30T20:19:33+00:00","mainEntityOfPage":{"@id":"https:\/\/vieassociative.be\/actualites\/ce-kit-dalarme-de-sonnerie-pour-toute-la-maison-coute-actuellement-moins-de-200\/"},"wordCount":380,"publisher":{"@id":"https:\/\/vieassociative.be\/actualites\/#organization"},"image":{"@id":"https:\/\/vieassociative.be\/actualites\/ce-kit-dalarme-de-sonnerie-pour-toute-la-maison-coute-actuellement-moins-de-200\/#primaryimage"},"thumbnailUrl":"https:\/\/vieassociative.be\/actualites\/wp-content\/uploads\/2024\/09\/Ce-kit-dalarme-de-sonnerie-pour-toute-la-maison-coute.png","keywords":["actuellement","co\u00fbte","dalarme","kit","maison","moins","pour","sonnerie","toute"],"articleSection":["Technologie"],"inLanguage":"fr-BE"},{"@type":"WebPage","@id":"https:\/\/vieassociative.be\/actualites\/ce-kit-dalarme-de-sonnerie-pour-toute-la-maison-coute-actuellement-moins-de-200\/","url":"https:\/\/vieassociative.be\/actualites\/ce-kit-dalarme-de-sonnerie-pour-toute-la-maison-coute-actuellement-moins-de-200\/","name":"Ce kit d'alarme de sonnerie pour toute la maison co\u00fbte actuellement moins de 200 $ | Vie Associative","isPartOf":{"@id":"https:\/\/vieassociative.be\/actualites\/#website"},"primaryImageOfPage":{"@id":"https:\/\/vieassociative.be\/actualites\/ce-kit-dalarme-de-sonnerie-pour-toute-la-maison-coute-actuellement-moins-de-200\/#primaryimage"},"image":{"@id":"https:\/\/vieassociative.be\/actualites\/ce-kit-dalarme-de-sonnerie-pour-toute-la-maison-coute-actuellement-moins-de-200\/#primaryimage"},"thumbnailUrl":"https:\/\/vieassociative.be\/actualites\/wp-content\/uploads\/2024\/09\/Ce-kit-dalarme-de-sonnerie-pour-toute-la-maison-coute.png","datePublished":"2024-09-30T20:19:33+00:00","dateModified":"2024-09-30T20:19:33+00:00","breadcrumb":{"@id":"https:\/\/vieassociative.be\/actualites\/ce-kit-dalarme-de-sonnerie-pour-toute-la-maison-coute-actuellement-moins-de-200\/#breadcrumb"},"inLanguage":"fr-BE","potentialAction":[{"@type":"ReadAction","target":["https:\/\/vieassociative.be\/actualites\/ce-kit-dalarme-de-sonnerie-pour-toute-la-maison-coute-actuellement-moins-de-200\/"]}]},{"@type":"ImageObject","inLanguage":"fr-BE","@id":"https:\/\/vieassociative.be\/actualites\/ce-kit-dalarme-de-sonnerie-pour-toute-la-maison-coute-actuellement-moins-de-200\/#primaryimage","url":"https:\/\/vieassociative.be\/actualites\/wp-content\/uploads\/2024\/09\/Ce-kit-dalarme-de-sonnerie-pour-toute-la-maison-coute.png","contentUrl":"https:\/\/vieassociative.be\/actualites\/wp-content\/uploads\/2024\/09\/Ce-kit-dalarme-de-sonnerie-pour-toute-la-maison-coute.png","width":1200,"height":675,"caption":"Ce kit d'alarme de sonnerie pour toute la maison co\u00fbte actuellement moins de 200 $"},{"@type":"BreadcrumbList","@id":"https:\/\/vieassociative.be\/actualites\/ce-kit-dalarme-de-sonnerie-pour-toute-la-maison-coute-actuellement-moins-de-200\/#breadcrumb","itemListElement":[{"@type":"ListItem","position":1,"name":"Accueil","item":"https:\/\/vieassociative.be\/actualites\/"},{"@type":"ListItem","position":2,"name":"Ce kit d&rsquo;alarme de sonnerie pour toute la maison co\u00fbte actuellement moins de 200 $"}]},{"@type":"WebSite","@id":"https:\/\/vieassociative.be\/actualites\/#website","url":"https:\/\/vieassociative.be\/actualites\/","name":"Vie Associative","description":"","publisher":{"@id":"https:\/\/vieassociative.be\/actualites\/#organization"},"potentialAction":[{"@type":"SearchAction","target":{"@type":"EntryPoint","urlTemplate":"https:\/\/vieassociative.be\/actualites\/?s={search_term_string}"},"query-input":{"@type":"PropertyValueSpecification","valueRequired":true,"valueName":"search_term_string"}}],"inLanguage":"fr-BE"},{"@type":"Organization","@id":"https:\/\/vieassociative.be\/actualites\/#organization","name":"Vie Associative","url":"https:\/\/vieassociative.be\/actualites\/","logo":{"@type":"ImageObject","inLanguage":"fr-BE","@id":"https:\/\/vieassociative.be\/actualites\/#\/schema\/logo\/image\/","url":"https:\/\/vieassociative.be\/actualites\/wp-content\/uploads\/2024\/09\/cropped-vieassociative_favicon.ico.png","contentUrl":"https:\/\/vieassociative.be\/actualites\/wp-content\/uploads\/2024\/09\/cropped-vieassociative_favicon.ico.png","width":512,"height":512,"caption":"Vie Associative"},"image":{"@id":"https:\/\/vieassociative.be\/actualites\/#\/schema\/logo\/image\/"}},{"@type":"Person","@id":"https:\/\/vieassociative.be\/actualites\/#\/schema\/person\/b87ac4f82f9d4e7b7cec7395b679edc4","name":"Julien","image":{"@type":"ImageObject","inLanguage":"fr-BE","@id":"https:\/\/vieassociative.be\/actualites\/#\/schema\/person\/image\/","url":"https:\/\/vieassociative.be\/actualites\/wp-content\/uploads\/2024\/09\/vie-associative-1-150x150.jpg","contentUrl":"https:\/\/vieassociative.be\/actualites\/wp-content\/uploads\/2024\/09\/vie-associative-1-150x150.jpg","caption":"Julien"},"description":"Je suis Julien, r\u00e9dacteur pour Vie Associative. Passionn\u00e9 par le monde associatif depuis plus de 10 ans, j'ai \u00e0 c\u0153ur de partager des histoires inspirantes et de mettre en lumi\u00e8re les initiatives locales. Mon objectif est de sensibiliser et d'encourager l'engagement communautaire \u00e0 travers mes articles.","sameAs":["https:\/\/vieassociative.be\/"]}]}},"_links":{"self":[{"href":"https:\/\/vieassociative.be\/actualites\/wp-json\/wp\/v2\/posts\/703"}],"collection":[{"href":"https:\/\/vieassociative.be\/actualites\/wp-json\/wp\/v2\/posts"}],"about":[{"href":"https:\/\/vieassociative.be\/actualites\/wp-json\/wp\/v2\/types\/post"}],"author":[{"embeddable":true,"href":"https:\/\/vieassociative.be\/actualites\/wp-json\/wp\/v2\/users\/1"}],"replies":[{"embeddable":true,"href":"https:\/\/vieassociative.be\/actualites\/wp-json\/wp\/v2\/comments?post=703"}],"version-history":[{"count":0,"href":"https:\/\/vieassociative.be\/actualites\/wp-json\/wp\/v2\/posts\/703\/revisions"}],"wp:featuredmedia":[{"embeddable":true,"href":"https:\/\/vieassociative.be\/actualites\/wp-json\/wp\/v2\/media\/704"}],"wp:attachment":[{"href":"https:\/\/vieassociative.be\/actualites\/wp-json\/wp\/v2\/media?parent=703"}],"wp:term":[{"taxonomy":"category","embeddable":true,"href":"https:\/\/vieassociative.be\/actualites\/wp-json\/wp\/v2\/categories?post=703"},{"taxonomy":"post_tag","embeddable":true,"href":"https:\/\/vieassociative.be\/actualites\/wp-json\/wp\/v2\/tags?post=703"}],"curies":[{"name":"wp","href":"https:\/\/api.w.org\/{rel}","templated":true}]}}