{"id":7021,"date":"2025-04-25T15:17:30","date_gmt":"2025-04-25T13:17:30","guid":{"rendered":"https:\/\/vieassociative.be\/actualites\/cette-violation-de-donnees-sur-les-soins-de-sante-a-compromis-55-millions-dinformations-sur-les-patients\/"},"modified":"2025-04-25T15:17:30","modified_gmt":"2025-04-25T13:17:30","slug":"cette-violation-de-donnees-sur-les-soins-de-sante-a-compromis-55-millions-dinformations-sur-les-patients","status":"publish","type":"post","link":"https:\/\/vieassociative.be\/actualites\/cette-violation-de-donnees-sur-les-soins-de-sante-a-compromis-55-millions-dinformations-sur-les-patients\/","title":{"rendered":"Cette violation de donn\u00e9es sur les soins de sant\u00e9 a compromis 5,5 millions d&rsquo;informations sur les patients"},"content":{"rendered":"<div class=\"mt-4 leading-6 md:mb-8\">Yale New Haven Health a subi une attaque en mars 2025.<\/div>\n<p><\/p>\n<p>Les violations de donn\u00e9es ciblant les soins de sant\u00e9 et les informations compromettantes sur les patients semblent se produire rapidement et furieuses, dont la derni\u00e8re derni\u00e8re a eu lieu chez Yale New Haven Health (YNHHS), un \u00e9norme r\u00e9seau de soins de sant\u00e9 \u00e0 but non lucratif dans le Connecticut. Les pirates ont vol\u00e9 les donn\u00e9es de plus de 5,5 millions de personnes lors d&rsquo;une attaque en mars 2025. <\/p>\n<p>Les autres cyber-incidents majeurs r\u00e9v\u00e9l\u00e9s par les organisations de soins de sant\u00e9 au cours des derni\u00e8res semaines incluent l&rsquo;exposition au Blue Shield de la Californie de 4,7 millions de donn\u00e9es \u00e0 Google \u00e0 Google ainsi qu&rsquo;une violation du groupe m\u00e9dical Frederick Health du Maryland, qui a affect\u00e9 pr\u00e8s d&rsquo;un million de patients. <\/p>\n<h2 id=\"what-happened-at-yale-new-haven-health\">Que s&rsquo;est-il pass\u00e9 \u00e0 Yale New Haven Health? <\/h2>\n<p>Selon un avis public sur le site Web du YNHHS, l&rsquo;organisation a d\u00e9couvert \u00ab\u00a0une activit\u00e9 inhabituelle\u00a0\u00bb sur son syst\u00e8me le 8 mars 2025, qui a ensuite \u00e9t\u00e9 identifi\u00e9e comme un acc\u00e8s tiers non autoris\u00e9 qui a permis aux mauvais acteurs de copier certaines donn\u00e9es sur les patients. Bien que les informations vol\u00e9es varient selon l&rsquo;individu, elles peuvent inclure les \u00e9l\u00e9ments suivants: <\/p>\n<ul>\n<li>\n<p>Nom<\/p>\n<\/li>\n<li>\n<p>Date de naissance<\/p>\n<\/li>\n<li>\n<p>Adresse<\/p>\n<\/li>\n<li>\n<p>Num\u00e9ro de t\u00e9l\u00e9phone<\/p>\n<\/li>\n<li>\n<p>Adresse email<\/p>\n<\/li>\n<li>\n<p>Course<\/p>\n<\/li>\n<li>\n<p>Ethnique<\/p>\n<\/li>\n<li>\n<p>Num\u00e9ro de s\u00e9curit\u00e9 sociale<\/p>\n<\/li>\n<li>\n<p>Type de patient<\/p>\n<\/li>\n<li>\n<p>Num\u00e9ro de dossier m\u00e9dical<\/p>\n<\/li>\n<\/ul>\n<p>Le YNHHS affirme que la violation n&rsquo;a pas inclus l&rsquo;acc\u00e8s aux dossiers m\u00e9dicaux, aux informations sur le traitement ou aux donn\u00e9es financi\u00e8res (telles que les informations de compte et de paiement). <\/p>\n<h2 id=\"what-to-do-if-your-records-were-affected\">Que faire si vos dossiers ont \u00e9t\u00e9 affect\u00e9s<\/h2>\n<p>Si vous avez \u00e9t\u00e9 patient dans le r\u00e9seau YNHHS, vos donn\u00e9es peuvent avoir \u00e9t\u00e9 compromises. L&rsquo;organisation a commenc\u00e9 \u00e0 envoyer des avis aux personnes touch\u00e9es le 14 avril, alors gardez un \u0153il sur une lettre par la poste. <\/p>\n<div class=\"pogoClear relative my-10 border-b-(1.5px) border-t-(1.5px) border-dashed border-black py-5 sm:my-14 sm:border-0 sm:py-0\" data-ga-click data-ga-template=\"News\" data-ga-module=\"openweb_widget\" data-ga-element=\"openweb_scroll\" data-ga-item=\"openweb_scroll_midpage\" x-cloak x-data=\"{ commentsCount: null, hasComments: false }\" x-init=\"commentsCount = await window.openweb.getMessagesCount(01JSMP04SMMR0Y0VTP4FFC1CSX);\n     hasComments = commentsCount !== null &amp;&amp; commentsCount &gt; 0\"><\/p>\n<div class=\"absolute top-1\/2 hidden w-full -translate-y-1\/2 border-t-(1.5px) border-dashed border-black sm:block\"><\/div>\n<div class=\"relative flex justify-center\">\n<div class=\"flex max-w-max items-center gap-x-3 bg-white px-5\">\n<div class=\"relative\">\n                <span class=\"absolute left-1\/2 top-1\/2 -translate-x-1\/2 -translate-y-1\/2 font-akshar text-sm font-medium text-black\" x-show=\"hasComments\" x-text=\"commentsCount\"><\/span><\/p>\n<p>                <svg class=\"h-8 w-8 text-black\">\n                    <use href=\"http:\/\/lifehacker.com\/images\/icons\/spritemap.svg#sprite-chat-bubble\"><\/use>\n                <\/svg>\n            <\/div>\n<p>            <span class=\"text-sm font-medium text-black\"><\/p>\n<p>                Que pensez-vous jusqu&rsquo;\u00e0 pr\u00e9sent?<br \/>\n                <button class=\"font-semibold text-brand-green underline hover:text-brand-green-700\" onclick=\"window.openweb.scrollToComments(01JSMP04SMMR0Y0VTP4FFC1CSX)\" x-text=\"hasComments ? 'Post a comment.' : 'Be the first to post a comment.'\"><\/button><br \/>\n            <\/span>\n        <\/div>\n<\/p><\/div>\n<\/div>\n<p>YNHHS fournit des services de surveillance et de protection de l&rsquo;identit\u00e9 compl\u00e9mentaires aux patients dont les num\u00e9ros de s\u00e9curit\u00e9 sociale ont \u00e9t\u00e9 vol\u00e9s, avec des instructions pour profiter de ces services vraisemblablement inclus dans les avis envoy\u00e9s. Vous pouvez appeler la ligne d&rsquo;assistance au 855-549-2678 du lundi au vendredi entre 9 h et 21 h HE si vous avez des questions sur l&rsquo;incident ou comment vous pouvez \u00eatre affect\u00e9.<\/p>\n<p>Il existe \u00e9galement des recours collectifs dans les travaux pour demander des dommages-int\u00e9r\u00eats pour les personnes touch\u00e9es par la violation, vous pouvez donc garder un \u0153il sur les nouvelles sur ces d\u00e9p\u00f4ts.  <\/p>\n<p>Comme toujours, vous ne pouvez pas r\u00e9cup\u00e9rer des donn\u00e9es vol\u00e9es, mais vous pouvez minimiser l&rsquo;impact n\u00e9gatif potentiel sur votre vie. G\u00c9L\u00c9GER VOTRE CR\u00c9DIT, Placez une alerte de fraude et demandez r\u00e9guli\u00e8rement des copies de votre rapport de cr\u00e9dit. Verrouillez votre num\u00e9ro de s\u00e9curit\u00e9 sociale pour \u00e9viter le vol d&rsquo;identit\u00e9. Vous devez \u00e9galement consulter les factures m\u00e9dicales et les d\u00e9clarations du YNHHS et signaler imm\u00e9diatement toute divergence. Exercez de bonnes pratiques d&rsquo;hygi\u00e8ne num\u00e9rique, comme \u00e9viter de cliquer sur des liens dans les messages que vous recevez. <\/p>\n","protected":false},"excerpt":{"rendered":"<p>Yale New Haven Health a subi une attaque en mars 2025. Les violations de donn\u00e9es ciblant les soins de sant\u00e9 et les informations compromettantes sur<\/p>\n","protected":false},"author":1,"featured_media":7022,"comment_status":"","ping_status":"","sticky":false,"template":"","format":"standard","meta":{"footnotes":""},"categories":[13],"tags":[206,5096,5098,154,14,1751,780,916,1401,33,5095],"class_list":["post-7021","post","type-post","status-publish","format-standard","has-post-thumbnail","hentry","category-technologie","tag-cette","tag-compromis","tag-dinformations","tag-donnees","tag-les","tag-millions","tag-patients","tag-sante","tag-soins","tag-sur","tag-violation","generate-columns","tablet-grid-50","mobile-grid-100","grid-parent","grid-33"],"yoast_head":"<!-- This site is optimized with the Yoast SEO plugin v24.0 - https:\/\/yoast.com\/wordpress\/plugins\/seo\/ -->\n<title>Cette violation de donn\u00e9es sur les soins de sant\u00e9 a compromis 5,5 millions d&#039;informations sur les patients | Vie Associative<\/title>\n<meta name=\"robots\" content=\"index, follow, max-snippet:-1, max-image-preview:large, max-video-preview:-1\" \/>\n<link rel=\"canonical\" href=\"https:\/\/vieassociative.be\/actualites\/cette-violation-de-donnees-sur-les-soins-de-sante-a-compromis-55-millions-dinformations-sur-les-patients\/\" \/>\n<meta property=\"og:locale\" content=\"fr_FR\" \/>\n<meta property=\"og:type\" content=\"article\" \/>\n<meta property=\"og:title\" content=\"Cette violation de donn\u00e9es sur les soins de sant\u00e9 a compromis 5,5 millions d&#039;informations sur les patients | Vie Associative\" \/>\n<meta property=\"og:description\" content=\"Yale New Haven Health a subi une attaque en mars 2025. Les violations de donn\u00e9es ciblant les soins de sant\u00e9 et les informations compromettantes sur\" \/>\n<meta property=\"og:url\" content=\"https:\/\/vieassociative.be\/actualites\/cette-violation-de-donnees-sur-les-soins-de-sante-a-compromis-55-millions-dinformations-sur-les-patients\/\" \/>\n<meta property=\"og:site_name\" content=\"Vie Associative\" \/>\n<meta property=\"article:published_time\" content=\"2025-04-25T13:17:30+00:00\" \/>\n<meta property=\"og:image\" content=\"https:\/\/vieassociative.be\/actualites\/wp-content\/uploads\/2024\/09\/header_backgroundk-01-e1726694325946.png\" \/>\n\t<meta property=\"og:image:width\" content=\"279\" \/>\n\t<meta property=\"og:image:height\" content=\"92\" \/>\n\t<meta property=\"og:image:type\" content=\"image\/png\" \/>\n<meta name=\"author\" content=\"Julien\" \/>\n<meta name=\"twitter:card\" content=\"summary_large_image\" \/>\n<meta name=\"twitter:label1\" content=\"\u00c9crit par\" \/>\n\t<meta name=\"twitter:data1\" content=\"Julien\" \/>\n\t<meta name=\"twitter:label2\" content=\"Dur\u00e9e de lecture est.\" \/>\n\t<meta name=\"twitter:data2\" content=\"3 minutes\" \/>\n<script type=\"application\/ld+json\" class=\"yoast-schema-graph\">{\"@context\":\"https:\/\/schema.org\",\"@graph\":[{\"@type\":\"Article\",\"@id\":\"https:\/\/vieassociative.be\/actualites\/cette-violation-de-donnees-sur-les-soins-de-sante-a-compromis-55-millions-dinformations-sur-les-patients\/#article\",\"isPartOf\":{\"@id\":\"https:\/\/vieassociative.be\/actualites\/cette-violation-de-donnees-sur-les-soins-de-sante-a-compromis-55-millions-dinformations-sur-les-patients\/\"},\"author\":{\"name\":\"Julien\",\"@id\":\"https:\/\/vieassociative.be\/actualites\/#\/schema\/person\/b87ac4f82f9d4e7b7cec7395b679edc4\"},\"headline\":\"Cette violation de donn\u00e9es sur les soins de sant\u00e9 a compromis 5,5 millions d&rsquo;informations sur les patients\",\"datePublished\":\"2025-04-25T13:17:30+00:00\",\"dateModified\":\"2025-04-25T13:17:30+00:00\",\"mainEntityOfPage\":{\"@id\":\"https:\/\/vieassociative.be\/actualites\/cette-violation-de-donnees-sur-les-soins-de-sante-a-compromis-55-millions-dinformations-sur-les-patients\/\"},\"wordCount\":574,\"publisher\":{\"@id\":\"https:\/\/vieassociative.be\/actualites\/#organization\"},\"image\":{\"@id\":\"https:\/\/vieassociative.be\/actualites\/cette-violation-de-donnees-sur-les-soins-de-sante-a-compromis-55-millions-dinformations-sur-les-patients\/#primaryimage\"},\"thumbnailUrl\":\"https:\/\/vieassociative.be\/actualites\/wp-content\/uploads\/2025\/04\/Cette-violation-de-donnees-sur-les-soins-de-sante-a.png\",\"keywords\":[\"cette\",\"compromis\",\"dinformations\",\"donn\u00e9es\",\"Les\",\"millions\",\"patients\",\"sant\u00e9\",\"soins\",\"sur\",\"violation\"],\"articleSection\":[\"Technologie\"],\"inLanguage\":\"fr-BE\"},{\"@type\":\"WebPage\",\"@id\":\"https:\/\/vieassociative.be\/actualites\/cette-violation-de-donnees-sur-les-soins-de-sante-a-compromis-55-millions-dinformations-sur-les-patients\/\",\"url\":\"https:\/\/vieassociative.be\/actualites\/cette-violation-de-donnees-sur-les-soins-de-sante-a-compromis-55-millions-dinformations-sur-les-patients\/\",\"name\":\"Cette violation de donn\u00e9es sur les soins de sant\u00e9 a compromis 5,5 millions d'informations sur les patients | Vie Associative\",\"isPartOf\":{\"@id\":\"https:\/\/vieassociative.be\/actualites\/#website\"},\"primaryImageOfPage\":{\"@id\":\"https:\/\/vieassociative.be\/actualites\/cette-violation-de-donnees-sur-les-soins-de-sante-a-compromis-55-millions-dinformations-sur-les-patients\/#primaryimage\"},\"image\":{\"@id\":\"https:\/\/vieassociative.be\/actualites\/cette-violation-de-donnees-sur-les-soins-de-sante-a-compromis-55-millions-dinformations-sur-les-patients\/#primaryimage\"},\"thumbnailUrl\":\"https:\/\/vieassociative.be\/actualites\/wp-content\/uploads\/2025\/04\/Cette-violation-de-donnees-sur-les-soins-de-sante-a.png\",\"datePublished\":\"2025-04-25T13:17:30+00:00\",\"dateModified\":\"2025-04-25T13:17:30+00:00\",\"breadcrumb\":{\"@id\":\"https:\/\/vieassociative.be\/actualites\/cette-violation-de-donnees-sur-les-soins-de-sante-a-compromis-55-millions-dinformations-sur-les-patients\/#breadcrumb\"},\"inLanguage\":\"fr-BE\",\"potentialAction\":[{\"@type\":\"ReadAction\",\"target\":[\"https:\/\/vieassociative.be\/actualites\/cette-violation-de-donnees-sur-les-soins-de-sante-a-compromis-55-millions-dinformations-sur-les-patients\/\"]}]},{\"@type\":\"ImageObject\",\"inLanguage\":\"fr-BE\",\"@id\":\"https:\/\/vieassociative.be\/actualites\/cette-violation-de-donnees-sur-les-soins-de-sante-a-compromis-55-millions-dinformations-sur-les-patients\/#primaryimage\",\"url\":\"https:\/\/vieassociative.be\/actualites\/wp-content\/uploads\/2025\/04\/Cette-violation-de-donnees-sur-les-soins-de-sante-a.png\",\"contentUrl\":\"https:\/\/vieassociative.be\/actualites\/wp-content\/uploads\/2025\/04\/Cette-violation-de-donnees-sur-les-soins-de-sante-a.png\",\"width\":1200,\"height\":675,\"caption\":\"Cette violation de donn\u00e9es sur les soins de sant\u00e9 a compromis 5,5 millions d'informations sur les patients\"},{\"@type\":\"BreadcrumbList\",\"@id\":\"https:\/\/vieassociative.be\/actualites\/cette-violation-de-donnees-sur-les-soins-de-sante-a-compromis-55-millions-dinformations-sur-les-patients\/#breadcrumb\",\"itemListElement\":[{\"@type\":\"ListItem\",\"position\":1,\"name\":\"Accueil\",\"item\":\"https:\/\/vieassociative.be\/actualites\/\"},{\"@type\":\"ListItem\",\"position\":2,\"name\":\"Cette violation de donn\u00e9es sur les soins de sant\u00e9 a compromis 5,5 millions d&rsquo;informations sur les patients\"}]},{\"@type\":\"WebSite\",\"@id\":\"https:\/\/vieassociative.be\/actualites\/#website\",\"url\":\"https:\/\/vieassociative.be\/actualites\/\",\"name\":\"Vie Associative\",\"description\":\"\",\"publisher\":{\"@id\":\"https:\/\/vieassociative.be\/actualites\/#organization\"},\"potentialAction\":[{\"@type\":\"SearchAction\",\"target\":{\"@type\":\"EntryPoint\",\"urlTemplate\":\"https:\/\/vieassociative.be\/actualites\/?s={search_term_string}\"},\"query-input\":{\"@type\":\"PropertyValueSpecification\",\"valueRequired\":true,\"valueName\":\"search_term_string\"}}],\"inLanguage\":\"fr-BE\"},{\"@type\":\"Organization\",\"@id\":\"https:\/\/vieassociative.be\/actualites\/#organization\",\"name\":\"Vie Associative\",\"url\":\"https:\/\/vieassociative.be\/actualites\/\",\"logo\":{\"@type\":\"ImageObject\",\"inLanguage\":\"fr-BE\",\"@id\":\"https:\/\/vieassociative.be\/actualites\/#\/schema\/logo\/image\/\",\"url\":\"https:\/\/vieassociative.be\/actualites\/wp-content\/uploads\/2024\/09\/cropped-vieassociative_favicon.ico.png\",\"contentUrl\":\"https:\/\/vieassociative.be\/actualites\/wp-content\/uploads\/2024\/09\/cropped-vieassociative_favicon.ico.png\",\"width\":512,\"height\":512,\"caption\":\"Vie Associative\"},\"image\":{\"@id\":\"https:\/\/vieassociative.be\/actualites\/#\/schema\/logo\/image\/\"}},{\"@type\":\"Person\",\"@id\":\"https:\/\/vieassociative.be\/actualites\/#\/schema\/person\/b87ac4f82f9d4e7b7cec7395b679edc4\",\"name\":\"Julien\",\"image\":{\"@type\":\"ImageObject\",\"inLanguage\":\"fr-BE\",\"@id\":\"https:\/\/vieassociative.be\/actualites\/#\/schema\/person\/image\/\",\"url\":\"https:\/\/vieassociative.be\/actualites\/wp-content\/uploads\/2024\/09\/vie-associative-1-150x150.jpg\",\"contentUrl\":\"https:\/\/vieassociative.be\/actualites\/wp-content\/uploads\/2024\/09\/vie-associative-1-150x150.jpg\",\"caption\":\"Julien\"},\"description\":\"Je suis Julien, r\u00e9dacteur pour Vie Associative. Passionn\u00e9 par le monde associatif depuis plus de 10 ans, j'ai \u00e0 c\u0153ur de partager des histoires inspirantes et de mettre en lumi\u00e8re les initiatives locales. Mon objectif est de sensibiliser et d'encourager l'engagement communautaire \u00e0 travers mes articles.\",\"sameAs\":[\"https:\/\/vieassociative.be\/\"]}]}<\/script>\n<!-- \/ Yoast SEO plugin. -->","yoast_head_json":{"title":"Cette violation de donn\u00e9es sur les soins de sant\u00e9 a compromis 5,5 millions d'informations sur les patients | Vie Associative","robots":{"index":"index","follow":"follow","max-snippet":"max-snippet:-1","max-image-preview":"max-image-preview:large","max-video-preview":"max-video-preview:-1"},"canonical":"https:\/\/vieassociative.be\/actualites\/cette-violation-de-donnees-sur-les-soins-de-sante-a-compromis-55-millions-dinformations-sur-les-patients\/","og_locale":"fr_FR","og_type":"article","og_title":"Cette violation de donn\u00e9es sur les soins de sant\u00e9 a compromis 5,5 millions d'informations sur les patients | Vie Associative","og_description":"Yale New Haven Health a subi une attaque en mars 2025. Les violations de donn\u00e9es ciblant les soins de sant\u00e9 et les informations compromettantes sur","og_url":"https:\/\/vieassociative.be\/actualites\/cette-violation-de-donnees-sur-les-soins-de-sante-a-compromis-55-millions-dinformations-sur-les-patients\/","og_site_name":"Vie Associative","article_published_time":"2025-04-25T13:17:30+00:00","og_image":[{"width":279,"height":92,"url":"https:\/\/vieassociative.be\/actualites\/wp-content\/uploads\/2024\/09\/header_backgroundk-01-e1726694325946.png","type":"image\/png"}],"author":"Julien","twitter_card":"summary_large_image","twitter_misc":{"\u00c9crit par":"Julien","Dur\u00e9e de lecture est.":"3 minutes"},"schema":{"@context":"https:\/\/schema.org","@graph":[{"@type":"Article","@id":"https:\/\/vieassociative.be\/actualites\/cette-violation-de-donnees-sur-les-soins-de-sante-a-compromis-55-millions-dinformations-sur-les-patients\/#article","isPartOf":{"@id":"https:\/\/vieassociative.be\/actualites\/cette-violation-de-donnees-sur-les-soins-de-sante-a-compromis-55-millions-dinformations-sur-les-patients\/"},"author":{"name":"Julien","@id":"https:\/\/vieassociative.be\/actualites\/#\/schema\/person\/b87ac4f82f9d4e7b7cec7395b679edc4"},"headline":"Cette violation de donn\u00e9es sur les soins de sant\u00e9 a compromis 5,5 millions d&rsquo;informations sur les patients","datePublished":"2025-04-25T13:17:30+00:00","dateModified":"2025-04-25T13:17:30+00:00","mainEntityOfPage":{"@id":"https:\/\/vieassociative.be\/actualites\/cette-violation-de-donnees-sur-les-soins-de-sante-a-compromis-55-millions-dinformations-sur-les-patients\/"},"wordCount":574,"publisher":{"@id":"https:\/\/vieassociative.be\/actualites\/#organization"},"image":{"@id":"https:\/\/vieassociative.be\/actualites\/cette-violation-de-donnees-sur-les-soins-de-sante-a-compromis-55-millions-dinformations-sur-les-patients\/#primaryimage"},"thumbnailUrl":"https:\/\/vieassociative.be\/actualites\/wp-content\/uploads\/2025\/04\/Cette-violation-de-donnees-sur-les-soins-de-sante-a.png","keywords":["cette","compromis","dinformations","donn\u00e9es","Les","millions","patients","sant\u00e9","soins","sur","violation"],"articleSection":["Technologie"],"inLanguage":"fr-BE"},{"@type":"WebPage","@id":"https:\/\/vieassociative.be\/actualites\/cette-violation-de-donnees-sur-les-soins-de-sante-a-compromis-55-millions-dinformations-sur-les-patients\/","url":"https:\/\/vieassociative.be\/actualites\/cette-violation-de-donnees-sur-les-soins-de-sante-a-compromis-55-millions-dinformations-sur-les-patients\/","name":"Cette violation de donn\u00e9es sur les soins de sant\u00e9 a compromis 5,5 millions d'informations sur les patients | Vie Associative","isPartOf":{"@id":"https:\/\/vieassociative.be\/actualites\/#website"},"primaryImageOfPage":{"@id":"https:\/\/vieassociative.be\/actualites\/cette-violation-de-donnees-sur-les-soins-de-sante-a-compromis-55-millions-dinformations-sur-les-patients\/#primaryimage"},"image":{"@id":"https:\/\/vieassociative.be\/actualites\/cette-violation-de-donnees-sur-les-soins-de-sante-a-compromis-55-millions-dinformations-sur-les-patients\/#primaryimage"},"thumbnailUrl":"https:\/\/vieassociative.be\/actualites\/wp-content\/uploads\/2025\/04\/Cette-violation-de-donnees-sur-les-soins-de-sante-a.png","datePublished":"2025-04-25T13:17:30+00:00","dateModified":"2025-04-25T13:17:30+00:00","breadcrumb":{"@id":"https:\/\/vieassociative.be\/actualites\/cette-violation-de-donnees-sur-les-soins-de-sante-a-compromis-55-millions-dinformations-sur-les-patients\/#breadcrumb"},"inLanguage":"fr-BE","potentialAction":[{"@type":"ReadAction","target":["https:\/\/vieassociative.be\/actualites\/cette-violation-de-donnees-sur-les-soins-de-sante-a-compromis-55-millions-dinformations-sur-les-patients\/"]}]},{"@type":"ImageObject","inLanguage":"fr-BE","@id":"https:\/\/vieassociative.be\/actualites\/cette-violation-de-donnees-sur-les-soins-de-sante-a-compromis-55-millions-dinformations-sur-les-patients\/#primaryimage","url":"https:\/\/vieassociative.be\/actualites\/wp-content\/uploads\/2025\/04\/Cette-violation-de-donnees-sur-les-soins-de-sante-a.png","contentUrl":"https:\/\/vieassociative.be\/actualites\/wp-content\/uploads\/2025\/04\/Cette-violation-de-donnees-sur-les-soins-de-sante-a.png","width":1200,"height":675,"caption":"Cette violation de donn\u00e9es sur les soins de sant\u00e9 a compromis 5,5 millions d'informations sur les patients"},{"@type":"BreadcrumbList","@id":"https:\/\/vieassociative.be\/actualites\/cette-violation-de-donnees-sur-les-soins-de-sante-a-compromis-55-millions-dinformations-sur-les-patients\/#breadcrumb","itemListElement":[{"@type":"ListItem","position":1,"name":"Accueil","item":"https:\/\/vieassociative.be\/actualites\/"},{"@type":"ListItem","position":2,"name":"Cette violation de donn\u00e9es sur les soins de sant\u00e9 a compromis 5,5 millions d&rsquo;informations sur les patients"}]},{"@type":"WebSite","@id":"https:\/\/vieassociative.be\/actualites\/#website","url":"https:\/\/vieassociative.be\/actualites\/","name":"Vie Associative","description":"","publisher":{"@id":"https:\/\/vieassociative.be\/actualites\/#organization"},"potentialAction":[{"@type":"SearchAction","target":{"@type":"EntryPoint","urlTemplate":"https:\/\/vieassociative.be\/actualites\/?s={search_term_string}"},"query-input":{"@type":"PropertyValueSpecification","valueRequired":true,"valueName":"search_term_string"}}],"inLanguage":"fr-BE"},{"@type":"Organization","@id":"https:\/\/vieassociative.be\/actualites\/#organization","name":"Vie Associative","url":"https:\/\/vieassociative.be\/actualites\/","logo":{"@type":"ImageObject","inLanguage":"fr-BE","@id":"https:\/\/vieassociative.be\/actualites\/#\/schema\/logo\/image\/","url":"https:\/\/vieassociative.be\/actualites\/wp-content\/uploads\/2024\/09\/cropped-vieassociative_favicon.ico.png","contentUrl":"https:\/\/vieassociative.be\/actualites\/wp-content\/uploads\/2024\/09\/cropped-vieassociative_favicon.ico.png","width":512,"height":512,"caption":"Vie Associative"},"image":{"@id":"https:\/\/vieassociative.be\/actualites\/#\/schema\/logo\/image\/"}},{"@type":"Person","@id":"https:\/\/vieassociative.be\/actualites\/#\/schema\/person\/b87ac4f82f9d4e7b7cec7395b679edc4","name":"Julien","image":{"@type":"ImageObject","inLanguage":"fr-BE","@id":"https:\/\/vieassociative.be\/actualites\/#\/schema\/person\/image\/","url":"https:\/\/vieassociative.be\/actualites\/wp-content\/uploads\/2024\/09\/vie-associative-1-150x150.jpg","contentUrl":"https:\/\/vieassociative.be\/actualites\/wp-content\/uploads\/2024\/09\/vie-associative-1-150x150.jpg","caption":"Julien"},"description":"Je suis Julien, r\u00e9dacteur pour Vie Associative. Passionn\u00e9 par le monde associatif depuis plus de 10 ans, j'ai \u00e0 c\u0153ur de partager des histoires inspirantes et de mettre en lumi\u00e8re les initiatives locales. Mon objectif est de sensibiliser et d'encourager l'engagement communautaire \u00e0 travers mes articles.","sameAs":["https:\/\/vieassociative.be\/"]}]}},"_links":{"self":[{"href":"https:\/\/vieassociative.be\/actualites\/wp-json\/wp\/v2\/posts\/7021"}],"collection":[{"href":"https:\/\/vieassociative.be\/actualites\/wp-json\/wp\/v2\/posts"}],"about":[{"href":"https:\/\/vieassociative.be\/actualites\/wp-json\/wp\/v2\/types\/post"}],"author":[{"embeddable":true,"href":"https:\/\/vieassociative.be\/actualites\/wp-json\/wp\/v2\/users\/1"}],"replies":[{"embeddable":true,"href":"https:\/\/vieassociative.be\/actualites\/wp-json\/wp\/v2\/comments?post=7021"}],"version-history":[{"count":0,"href":"https:\/\/vieassociative.be\/actualites\/wp-json\/wp\/v2\/posts\/7021\/revisions"}],"wp:featuredmedia":[{"embeddable":true,"href":"https:\/\/vieassociative.be\/actualites\/wp-json\/wp\/v2\/media\/7022"}],"wp:attachment":[{"href":"https:\/\/vieassociative.be\/actualites\/wp-json\/wp\/v2\/media?parent=7021"}],"wp:term":[{"taxonomy":"category","embeddable":true,"href":"https:\/\/vieassociative.be\/actualites\/wp-json\/wp\/v2\/categories?post=7021"},{"taxonomy":"post_tag","embeddable":true,"href":"https:\/\/vieassociative.be\/actualites\/wp-json\/wp\/v2\/tags?post=7021"}],"curies":[{"name":"wp","href":"https:\/\/api.w.org\/{rel}","templated":true}]}}