{"id":7016,"date":"2025-04-25T09:17:25","date_gmt":"2025-04-25T07:17:25","guid":{"rendered":"https:\/\/vieassociative.be\/actualites\/trois-facons-dont-les-personnes-ayant-des-dettes-de-pret-etudiant-peuvent-proteger-leurs-cotes-de-credit\/"},"modified":"2025-04-25T09:17:25","modified_gmt":"2025-04-25T07:17:25","slug":"trois-facons-dont-les-personnes-ayant-des-dettes-de-pret-etudiant-peuvent-proteger-leurs-cotes-de-credit","status":"publish","type":"post","link":"https:\/\/vieassociative.be\/actualites\/trois-facons-dont-les-personnes-ayant-des-dettes-de-pret-etudiant-peuvent-proteger-leurs-cotes-de-credit\/","title":{"rendered":"Trois fa\u00e7ons dont les personnes ayant des dettes de pr\u00eat \u00e9tudiant peuvent prot\u00e9ger leurs cotes de cr\u00e9dit"},"content":{"rendered":"<div class=\"mt-4 leading-6 md:mb-8\">Le gouvernement pourrait bient\u00f4t commencer \u00e0 percevoir des remboursements des remboursements fiscaux, de retenir les prestations de s\u00e9curit\u00e9 sociale et m\u00eame de garnir des salaires.<\/div>\n<p><\/p>\n<p>Le minist\u00e8re de l&rsquo;\u00c9ducation a annonc\u00e9 lundi que l&rsquo;Aide f\u00e9d\u00e9rale des \u00e9tudiants (FSA) red\u00e9marrera les collections sur les pr\u00eats \u00e9tudiants par d\u00e9faut \u00e0 partir du 5 mai. M\u00eame avant cette nouvelle, des millions d&#8217;emprunteurs voyaient d\u00e9j\u00e0 leurs scores de cr\u00e9dit plonger ces derniers mois, et les agents de pr\u00eat avertissent qu&rsquo;un nombre record d&#8217;emprunteurs risquent de d\u00e9fier d&rsquo;ici la fin de l&rsquo;ann\u00e9e. J&rsquo;ai r\u00e9cemment couvert les bases de ce que vous devez savoir sur les changements \u00e0 venir, ainsi que sur la fa\u00e7on de les pr\u00e9parer. Maintenant, plongeons un peu plus dans la fa\u00e7on dont les emprunteurs souffrant de collections peuvent naviguer dans leur avenir financier.<\/p>\n<h2 id=\"what-the-end-of-the-pause-means-for-your-finances\">Ce que signifie la fin de la pause pour vos finances<\/h2>\n<p>\u00ab\u00a0Beaucoup de gens ont l&rsquo;impression d&rsquo;\u00eatre dans une sorte de r\u00e9cession financi\u00e8re personnelle depuis des ann\u00e9es maintenant\u00a0\u00bb, explique Lauren Bringle, conseill\u00e8re financi\u00e8re accr\u00e9dit\u00e9e \u00e0 la plateforme de cr\u00e9dits Self Financial. Et si vous avez port\u00e9 une dette de carte de cr\u00e9dit, vous savez que ces taux d&rsquo;int\u00e9r\u00eat plus \u00e9lev\u00e9s ont peut-\u00eatre fait augmenter consid\u00e9rablement ce que vous devez augmenter.<\/p>\n<p>Tivre \u00e0 l&rsquo;\u00e9gard du co\u00fbt de nombreuses d\u00e9penses mensuelles &#8211; les caract\u00e9ristiques, le gaz, les \u0153ufs &#8211; tous, tandis que les salaires sont rest\u00e9s stagnants. \u00ab\u00a0Maintenant, ajoutez que les paiements de pr\u00eats \u00e9tudiants ont repris, et pour certains, cela signifie des centaines de dollars en d\u00e9penses suppl\u00e9mentaires mensuellement\u00a0\u00bb, note Bringle. Surtout apr\u00e8s la pause de cinq ans sur les paiements qui ont commenc\u00e9 pendant la pand\u00e9mie Covid-19, de nombreux emprunteurs doivent r\u00e9ajuster et r\u00e9\u00e9valuer consid\u00e9rablement leurs budgets. Avec tous les co\u00fbts suppl\u00e9mentaires, il a laiss\u00e9 des millions d&rsquo;Am\u00e9ricains s&rsquo;\u00e9tendant au-del\u00e0 de leurs moyens.<\/p>\n<h2 id=\"strategies-to-protect-and-rebuild-your-credit\">Strat\u00e9gies pour prot\u00e9ger et reconstruire votre cr\u00e9dit<\/h2>\n<p>Voici ce que vous pouvez faire pour naviguer sur votre pointage de cr\u00e9dit. <\/p>\n<h3>1. Lib\u00e9rer de l&rsquo;argent o\u00f9 que vous puissiez<\/h3>\n<p>Si votre revenu est limit\u00e9 et que vous n&rsquo;en faites tout simplement pas assez pour couvrir vos paiements de pr\u00eats \u00e9tudiants, Bringle sugg\u00e8re un plan de remboursement ax\u00e9 sur les revenus pour les pr\u00eats \u00e9tudiants f\u00e9d\u00e9raux. \u00ab\u00a0Le paysage f\u00e9d\u00e9ral des pr\u00eats \u00e9tudiants a chang\u00e9 rapidement, mais vous pourrez peut-\u00eatre \u00eatre admissible \u00e0 des options de paiement mensuelles inf\u00e9rieures (m\u00eame \u00e0 0 $ \/ mois dans certains cas) en fonction de vos revenus\u00a0\u00bb, conseille Bringle. Vous pouvez en savoir plus et postuler sur StudentAid.gov ici.<\/p>\n<h3>2. Priorisez votre cr\u00e9dit<\/h3>\n<p>\u00ab\u00a0Le cr\u00e9dit est une partie essentielle de votre profil financier global car il ouvre la porte \u00e0 des objectifs financiers \u00e0 long terme, comme la location d&rsquo;un appartement ou la garantie d&rsquo;une hypoth\u00e8que\u00a0\u00bb, explique Bringle. Les paiements de pr\u00eats manqu\u00e9s peuvent avoir un impact significatif sur votre cr\u00e9dit, car l&rsquo;historique des paiements repr\u00e9sente 35% de votre pointage de cr\u00e9dit FICO, ce qui rend les paiements \u00e0 temps critique.<\/p>\n<p>Si votre cr\u00e9dit a d\u00e9j\u00e0 pris un coup en raison de paiements de pr\u00eats \u00e9tudiants manqu\u00e9s, envisagez d&rsquo;autres moyens de reconstruire. Par exemple, quelque chose d&rsquo;aussi petit que la mise en \u0153uvre de ce calendrier de paiement aide \u00e0 envoyer votre pointage de cr\u00e9dit dans la bonne direction.<\/p>\n<div class=\"pogoClear relative my-10 border-b-(1.5px) border-t-(1.5px) border-dashed border-black py-5 sm:my-14 sm:border-0 sm:py-0\" data-ga-click data-ga-template=\"Explainers\" data-ga-module=\"openweb_widget\" data-ga-element=\"openweb_scroll\" data-ga-item=\"openweb_scroll_midpage\" x-cloak x-data=\"{ commentsCount: null, hasComments: false }\" x-init=\"commentsCount = await window.openweb.getMessagesCount(01JSMC8780WTER9Q6TSW4EGWD0);\n     hasComments = commentsCount !== null &amp;&amp; commentsCount &gt; 0\"><\/p>\n<div class=\"absolute top-1\/2 hidden w-full -translate-y-1\/2 border-t-(1.5px) border-dashed border-black sm:block\"><\/div>\n<div class=\"relative flex justify-center\">\n<div class=\"flex max-w-max items-center gap-x-3 bg-white px-5\">\n<div class=\"relative\">\n                <span class=\"absolute left-1\/2 top-1\/2 -translate-x-1\/2 -translate-y-1\/2 font-akshar text-sm font-medium text-black\" x-show=\"hasComments\" x-text=\"commentsCount\"><\/span><\/p>\n<p>                <svg class=\"h-8 w-8 text-black\">\n                    <use href=\"http:\/\/lifehacker.com\/images\/icons\/spritemap.svg#sprite-chat-bubble\"><\/use>\n                <\/svg>\n            <\/div>\n<p>            <span class=\"text-sm font-medium text-black\"><\/p>\n<p>                Que pensez-vous jusqu&rsquo;\u00e0 pr\u00e9sent?<br \/>\n                <button class=\"font-semibold text-brand-green underline hover:text-brand-green-700\" onclick=\"window.openweb.scrollToComments(01JSMC8780WTER9Q6TSW4EGWD0)\" x-text=\"hasComments ? 'Post a comment.' : 'Be the first to post a comment.'\"><\/button><br \/>\n            <\/span>\n        <\/div>\n<\/p><\/div>\n<\/div>\n<p>De plus, Bringle recommande aux organisations comme Operation Hope, NFCC et AFCPE, o\u00f9 les conseillers en cr\u00e9dit peuvent examiner vos revenus, vos d\u00e9penses, vos dettes et votre image financi\u00e8re globale pour vous aider \u00e0 cr\u00e9er un budget et un plan de d\u00e9penses personnalis\u00e9s.<\/p>\n<h3>3. Continuez \u00e0 construire des habitudes d&rsquo;argent positives<\/h3>\n<p>Peu importe o\u00f9 vous vous tenez financi\u00e8rement, concentrez-vous sur le d\u00e9veloppement de habitudes positives \u00e0 court terme. Surtout face \u00e0 quelque chose comme la dette \u00e9tudiante, cela aide \u00e0 contr\u00f4ler tout ce que vous pouvez.<\/p>\n<ul>\n<li>\n<p><strong>Respectez votre budget.<\/strong> \u00ab\u00a0Alors que vous cr\u00e9ez vos objectifs financiers, assurez-vous d&rsquo;avoir une vue vraiment claire de vos finances globales\u00a0\u00bb, explique Bringle. \u00ab\u00a0Votre budget joue un r\u00f4le important en aidant votre pointage de cr\u00e9dit, car il vous aide \u00e0 suivre vos d\u00e9penses et garantit que vous \u00eates en mesure de payer vos paiements mensuels \u00e0 temps, et en entier.\u00a0\u00bb Voici mon guide pour \u00e9valuer et effectuer des coupes strat\u00e9giques \u00e0 votre budget.<\/p>\n<\/li>\n<li>\n<p><strong>Effectuer des paiements \u00e0 temps<\/strong>. La configuration des paiements automatiques peut vous aider \u00e0 ne pas manquer les dates d&rsquo;\u00e9ch\u00e9ance, ce qui aurait un impact n\u00e9gatif sur votre score. \u00ab\u00a0Selon les conditions de vos pr\u00eats \u00e9tudiants, les emprunteurs ont g\u00e9n\u00e9ralement jusqu&rsquo;\u00e0 six mois apr\u00e8s l&rsquo;obtention du dipl\u00f4me avant de commencer \u00e0 effectuer des paiements\u00a0\u00bb, note Bringle. \u00ab\u00a0Assurez-vous de v\u00e9rifier votre pr\u00eat et de savoir exactement quand votre premier paiement est d\u00fb afin que vous puissiez planifier \u00e0 l&rsquo;avance et payer \u00e0 temps, car l&rsquo;historique des paiements est une pi\u00e8ce critique pour construire et maintenir un cr\u00e9dit sain.\u00a0\u00bb Pour savoir exactement combien vous devez payer, rendez-vous sur StudentAid.gov.<\/p>\n<\/li>\n<li>\n<p><strong>Piratez votre utilisation de cr\u00e9dit. <\/strong>L&rsquo;utilisation du cr\u00e9dit est le deuxi\u00e8me facteur de votre score FICO, il est donc important de ne pas utiliser trop de votre cr\u00e9dit disponible. La r\u00e8gle g\u00e9n\u00e9rale est de rester en dessous du seuil de 30%, mais encore plus bas est meilleur. L&rsquo;utilisation de plus de 30% de votre cr\u00e9dit disponible peut affecter votre utilisation du cr\u00e9dit, ce qui pourrait finalement r\u00e9duire votre score. Par exemple, si votre limite de cr\u00e9dit est de 1 000 $, vous ne devez pas mettre plus de 300 $ sur votre carte de cr\u00e9dit avant de rembourser le solde.<\/p>\n<\/li>\n<li>\n<p><strong>Passez en revue votre rapport de cr\u00e9dit r\u00e9guli\u00e8rement<\/strong>. La v\u00e9rification de votre rapport vous donne une compr\u00e9hension claire de votre sant\u00e9 du cr\u00e9dit et de ce qui pourrait avoir un impact sur votre score. Vous pouvez consulter l&rsquo;historique des paiements, les soldes r\u00e9cents signal\u00e9s aux bureaux de cr\u00e9dits, les comptes sous votre nom et identifier des \u00e9l\u00e9ments n\u00e9gatifs comme les collections qui doivent \u00eatre trait\u00e9es. Des copies gratuites de vos rapports de cr\u00e9dit de Experian, Equifax et TransUnion sont disponibles sur AnnualCreditReport.com.<\/p>\n<\/li>\n<\/ul>\n<h2 id=\"looking-ahead\">En avant<\/h2>\n<p>Bringle souligne l&rsquo;importance de la pr\u00e9paration: \u00ab\u00a0Assurez-vous que votre budget est configur\u00e9 pour soutenir vos paiements, commencez \u00e0 r\u00e9server les paiements de votre budget mensuel pour renforcer l&rsquo;habitude et mettre en place automatique si vous le pouvez pour r\u00e9duire les risques de paiement en retard.\u00a0\u00bb<\/p>\n<p>En prenant des mesures proactives maintenant, vous pouvez prot\u00e9ger et reconstruire votre pointage de cr\u00e9dit autant que possible avant que les collections de pr\u00eats \u00e9tudiants reprennent. <\/p>\n","protected":false},"excerpt":{"rendered":"<p>Le gouvernement pourrait bient\u00f4t commencer \u00e0 percevoir des remboursements des remboursements fiscaux, de retenir les prestations de s\u00e9curit\u00e9 sociale et m\u00eame de garnir des salaires.<\/p>\n","protected":false},"author":1,"featured_media":7017,"comment_status":"","ping_status":"","sticky":false,"template":"","format":"standard","meta":{"footnotes":""},"categories":[41],"tags":[5151,6618,512,29,4460,257,1525,119,14,845,714,293,185,275,771],"class_list":["post-7016","post","type-post","status-publish","format-standard","has-post-thumbnail","hentry","category-argent","tag-ayant","tag-cotes","tag-credit","tag-des","tag-dettes","tag-dont","tag-etudiant","tag-facons","tag-les","tag-leurs","tag-personnes","tag-peuvent","tag-pret","tag-proteger","tag-trois","generate-columns","tablet-grid-50","mobile-grid-100","grid-parent","grid-33"],"yoast_head":"<!-- This site is optimized with the Yoast SEO plugin v24.0 - https:\/\/yoast.com\/wordpress\/plugins\/seo\/ -->\n<title>Trois fa\u00e7ons dont les personnes ayant des dettes de pr\u00eat \u00e9tudiant peuvent prot\u00e9ger leurs cotes de cr\u00e9dit | Vie Associative<\/title>\n<meta name=\"robots\" content=\"index, follow, max-snippet:-1, max-image-preview:large, max-video-preview:-1\" \/>\n<link rel=\"canonical\" href=\"https:\/\/vieassociative.be\/actualites\/trois-facons-dont-les-personnes-ayant-des-dettes-de-pret-etudiant-peuvent-proteger-leurs-cotes-de-credit\/\" \/>\n<meta property=\"og:locale\" content=\"fr_FR\" \/>\n<meta property=\"og:type\" content=\"article\" \/>\n<meta property=\"og:title\" content=\"Trois fa\u00e7ons dont les personnes ayant des dettes de pr\u00eat \u00e9tudiant peuvent prot\u00e9ger leurs cotes de cr\u00e9dit | Vie Associative\" \/>\n<meta property=\"og:description\" content=\"Le gouvernement pourrait bient\u00f4t commencer \u00e0 percevoir des remboursements des remboursements fiscaux, de retenir les prestations de s\u00e9curit\u00e9 sociale et m\u00eame de garnir des salaires.\" \/>\n<meta property=\"og:url\" content=\"https:\/\/vieassociative.be\/actualites\/trois-facons-dont-les-personnes-ayant-des-dettes-de-pret-etudiant-peuvent-proteger-leurs-cotes-de-credit\/\" \/>\n<meta property=\"og:site_name\" content=\"Vie Associative\" \/>\n<meta property=\"article:published_time\" content=\"2025-04-25T07:17:25+00:00\" \/>\n<meta property=\"og:image\" content=\"https:\/\/vieassociative.be\/actualites\/wp-content\/uploads\/2024\/09\/header_backgroundk-01-e1726694325946.png\" \/>\n\t<meta property=\"og:image:width\" content=\"279\" \/>\n\t<meta property=\"og:image:height\" content=\"92\" \/>\n\t<meta property=\"og:image:type\" content=\"image\/png\" \/>\n<meta name=\"author\" content=\"Julien\" \/>\n<meta name=\"twitter:card\" content=\"summary_large_image\" \/>\n<meta name=\"twitter:label1\" content=\"\u00c9crit par\" \/>\n\t<meta name=\"twitter:data1\" content=\"Julien\" \/>\n\t<meta name=\"twitter:label2\" content=\"Dur\u00e9e de lecture est.\" \/>\n\t<meta name=\"twitter:data2\" content=\"6 minutes\" \/>\n<script type=\"application\/ld+json\" class=\"yoast-schema-graph\">{\"@context\":\"https:\/\/schema.org\",\"@graph\":[{\"@type\":\"Article\",\"@id\":\"https:\/\/vieassociative.be\/actualites\/trois-facons-dont-les-personnes-ayant-des-dettes-de-pret-etudiant-peuvent-proteger-leurs-cotes-de-credit\/#article\",\"isPartOf\":{\"@id\":\"https:\/\/vieassociative.be\/actualites\/trois-facons-dont-les-personnes-ayant-des-dettes-de-pret-etudiant-peuvent-proteger-leurs-cotes-de-credit\/\"},\"author\":{\"name\":\"Julien\",\"@id\":\"https:\/\/vieassociative.be\/actualites\/#\/schema\/person\/b87ac4f82f9d4e7b7cec7395b679edc4\"},\"headline\":\"Trois fa\u00e7ons dont les personnes ayant des dettes de pr\u00eat \u00e9tudiant peuvent prot\u00e9ger leurs cotes de cr\u00e9dit\",\"datePublished\":\"2025-04-25T07:17:25+00:00\",\"dateModified\":\"2025-04-25T07:17:25+00:00\",\"mainEntityOfPage\":{\"@id\":\"https:\/\/vieassociative.be\/actualites\/trois-facons-dont-les-personnes-ayant-des-dettes-de-pret-etudiant-peuvent-proteger-leurs-cotes-de-credit\/\"},\"wordCount\":1200,\"publisher\":{\"@id\":\"https:\/\/vieassociative.be\/actualites\/#organization\"},\"image\":{\"@id\":\"https:\/\/vieassociative.be\/actualites\/trois-facons-dont-les-personnes-ayant-des-dettes-de-pret-etudiant-peuvent-proteger-leurs-cotes-de-credit\/#primaryimage\"},\"thumbnailUrl\":\"https:\/\/vieassociative.be\/actualites\/wp-content\/uploads\/2025\/04\/Trois-facons-dont-les-personnes-ayant-des-dettes-de-pret.png\",\"keywords\":[\"ayant\",\"cotes\",\"cr\u00e9dit\",\"Des\",\"dettes\",\"dont\",\"\u00e9tudiant\",\"fa\u00e7ons\",\"Les\",\"leurs\",\"personnes\",\"peuvent\",\"pr\u00eat\",\"prot\u00e9ger\",\"trois\"],\"articleSection\":[\"Argent\"],\"inLanguage\":\"fr-BE\"},{\"@type\":\"WebPage\",\"@id\":\"https:\/\/vieassociative.be\/actualites\/trois-facons-dont-les-personnes-ayant-des-dettes-de-pret-etudiant-peuvent-proteger-leurs-cotes-de-credit\/\",\"url\":\"https:\/\/vieassociative.be\/actualites\/trois-facons-dont-les-personnes-ayant-des-dettes-de-pret-etudiant-peuvent-proteger-leurs-cotes-de-credit\/\",\"name\":\"Trois fa\u00e7ons dont les personnes ayant des dettes de pr\u00eat \u00e9tudiant peuvent prot\u00e9ger leurs cotes de cr\u00e9dit | Vie Associative\",\"isPartOf\":{\"@id\":\"https:\/\/vieassociative.be\/actualites\/#website\"},\"primaryImageOfPage\":{\"@id\":\"https:\/\/vieassociative.be\/actualites\/trois-facons-dont-les-personnes-ayant-des-dettes-de-pret-etudiant-peuvent-proteger-leurs-cotes-de-credit\/#primaryimage\"},\"image\":{\"@id\":\"https:\/\/vieassociative.be\/actualites\/trois-facons-dont-les-personnes-ayant-des-dettes-de-pret-etudiant-peuvent-proteger-leurs-cotes-de-credit\/#primaryimage\"},\"thumbnailUrl\":\"https:\/\/vieassociative.be\/actualites\/wp-content\/uploads\/2025\/04\/Trois-facons-dont-les-personnes-ayant-des-dettes-de-pret.png\",\"datePublished\":\"2025-04-25T07:17:25+00:00\",\"dateModified\":\"2025-04-25T07:17:25+00:00\",\"breadcrumb\":{\"@id\":\"https:\/\/vieassociative.be\/actualites\/trois-facons-dont-les-personnes-ayant-des-dettes-de-pret-etudiant-peuvent-proteger-leurs-cotes-de-credit\/#breadcrumb\"},\"inLanguage\":\"fr-BE\",\"potentialAction\":[{\"@type\":\"ReadAction\",\"target\":[\"https:\/\/vieassociative.be\/actualites\/trois-facons-dont-les-personnes-ayant-des-dettes-de-pret-etudiant-peuvent-proteger-leurs-cotes-de-credit\/\"]}]},{\"@type\":\"ImageObject\",\"inLanguage\":\"fr-BE\",\"@id\":\"https:\/\/vieassociative.be\/actualites\/trois-facons-dont-les-personnes-ayant-des-dettes-de-pret-etudiant-peuvent-proteger-leurs-cotes-de-credit\/#primaryimage\",\"url\":\"https:\/\/vieassociative.be\/actualites\/wp-content\/uploads\/2025\/04\/Trois-facons-dont-les-personnes-ayant-des-dettes-de-pret.png\",\"contentUrl\":\"https:\/\/vieassociative.be\/actualites\/wp-content\/uploads\/2025\/04\/Trois-facons-dont-les-personnes-ayant-des-dettes-de-pret.png\",\"width\":1200,\"height\":675,\"caption\":\"Trois fa\u00e7ons dont les personnes ayant des dettes de pr\u00eat \u00e9tudiant peuvent prot\u00e9ger leurs cotes de cr\u00e9dit\"},{\"@type\":\"BreadcrumbList\",\"@id\":\"https:\/\/vieassociative.be\/actualites\/trois-facons-dont-les-personnes-ayant-des-dettes-de-pret-etudiant-peuvent-proteger-leurs-cotes-de-credit\/#breadcrumb\",\"itemListElement\":[{\"@type\":\"ListItem\",\"position\":1,\"name\":\"Accueil\",\"item\":\"https:\/\/vieassociative.be\/actualites\/\"},{\"@type\":\"ListItem\",\"position\":2,\"name\":\"Trois fa\u00e7ons dont les personnes ayant des dettes de pr\u00eat \u00e9tudiant peuvent prot\u00e9ger leurs cotes de cr\u00e9dit\"}]},{\"@type\":\"WebSite\",\"@id\":\"https:\/\/vieassociative.be\/actualites\/#website\",\"url\":\"https:\/\/vieassociative.be\/actualites\/\",\"name\":\"Vie Associative\",\"description\":\"\",\"publisher\":{\"@id\":\"https:\/\/vieassociative.be\/actualites\/#organization\"},\"potentialAction\":[{\"@type\":\"SearchAction\",\"target\":{\"@type\":\"EntryPoint\",\"urlTemplate\":\"https:\/\/vieassociative.be\/actualites\/?s={search_term_string}\"},\"query-input\":{\"@type\":\"PropertyValueSpecification\",\"valueRequired\":true,\"valueName\":\"search_term_string\"}}],\"inLanguage\":\"fr-BE\"},{\"@type\":\"Organization\",\"@id\":\"https:\/\/vieassociative.be\/actualites\/#organization\",\"name\":\"Vie Associative\",\"url\":\"https:\/\/vieassociative.be\/actualites\/\",\"logo\":{\"@type\":\"ImageObject\",\"inLanguage\":\"fr-BE\",\"@id\":\"https:\/\/vieassociative.be\/actualites\/#\/schema\/logo\/image\/\",\"url\":\"https:\/\/vieassociative.be\/actualites\/wp-content\/uploads\/2024\/09\/cropped-vieassociative_favicon.ico.png\",\"contentUrl\":\"https:\/\/vieassociative.be\/actualites\/wp-content\/uploads\/2024\/09\/cropped-vieassociative_favicon.ico.png\",\"width\":512,\"height\":512,\"caption\":\"Vie Associative\"},\"image\":{\"@id\":\"https:\/\/vieassociative.be\/actualites\/#\/schema\/logo\/image\/\"}},{\"@type\":\"Person\",\"@id\":\"https:\/\/vieassociative.be\/actualites\/#\/schema\/person\/b87ac4f82f9d4e7b7cec7395b679edc4\",\"name\":\"Julien\",\"image\":{\"@type\":\"ImageObject\",\"inLanguage\":\"fr-BE\",\"@id\":\"https:\/\/vieassociative.be\/actualites\/#\/schema\/person\/image\/\",\"url\":\"https:\/\/vieassociative.be\/actualites\/wp-content\/uploads\/2024\/09\/vie-associative-1-150x150.jpg\",\"contentUrl\":\"https:\/\/vieassociative.be\/actualites\/wp-content\/uploads\/2024\/09\/vie-associative-1-150x150.jpg\",\"caption\":\"Julien\"},\"description\":\"Je suis Julien, r\u00e9dacteur pour Vie Associative. Passionn\u00e9 par le monde associatif depuis plus de 10 ans, j'ai \u00e0 c\u0153ur de partager des histoires inspirantes et de mettre en lumi\u00e8re les initiatives locales. Mon objectif est de sensibiliser et d'encourager l'engagement communautaire \u00e0 travers mes articles.\",\"sameAs\":[\"https:\/\/vieassociative.be\/\"]}]}<\/script>\n<!-- \/ Yoast SEO plugin. -->","yoast_head_json":{"title":"Trois fa\u00e7ons dont les personnes ayant des dettes de pr\u00eat \u00e9tudiant peuvent prot\u00e9ger leurs cotes de cr\u00e9dit | Vie Associative","robots":{"index":"index","follow":"follow","max-snippet":"max-snippet:-1","max-image-preview":"max-image-preview:large","max-video-preview":"max-video-preview:-1"},"canonical":"https:\/\/vieassociative.be\/actualites\/trois-facons-dont-les-personnes-ayant-des-dettes-de-pret-etudiant-peuvent-proteger-leurs-cotes-de-credit\/","og_locale":"fr_FR","og_type":"article","og_title":"Trois fa\u00e7ons dont les personnes ayant des dettes de pr\u00eat \u00e9tudiant peuvent prot\u00e9ger leurs cotes de cr\u00e9dit | Vie Associative","og_description":"Le gouvernement pourrait bient\u00f4t commencer \u00e0 percevoir des remboursements des remboursements fiscaux, de retenir les prestations de s\u00e9curit\u00e9 sociale et m\u00eame de garnir des salaires.","og_url":"https:\/\/vieassociative.be\/actualites\/trois-facons-dont-les-personnes-ayant-des-dettes-de-pret-etudiant-peuvent-proteger-leurs-cotes-de-credit\/","og_site_name":"Vie Associative","article_published_time":"2025-04-25T07:17:25+00:00","og_image":[{"width":279,"height":92,"url":"https:\/\/vieassociative.be\/actualites\/wp-content\/uploads\/2024\/09\/header_backgroundk-01-e1726694325946.png","type":"image\/png"}],"author":"Julien","twitter_card":"summary_large_image","twitter_misc":{"\u00c9crit par":"Julien","Dur\u00e9e de lecture est.":"6 minutes"},"schema":{"@context":"https:\/\/schema.org","@graph":[{"@type":"Article","@id":"https:\/\/vieassociative.be\/actualites\/trois-facons-dont-les-personnes-ayant-des-dettes-de-pret-etudiant-peuvent-proteger-leurs-cotes-de-credit\/#article","isPartOf":{"@id":"https:\/\/vieassociative.be\/actualites\/trois-facons-dont-les-personnes-ayant-des-dettes-de-pret-etudiant-peuvent-proteger-leurs-cotes-de-credit\/"},"author":{"name":"Julien","@id":"https:\/\/vieassociative.be\/actualites\/#\/schema\/person\/b87ac4f82f9d4e7b7cec7395b679edc4"},"headline":"Trois fa\u00e7ons dont les personnes ayant des dettes de pr\u00eat \u00e9tudiant peuvent prot\u00e9ger leurs cotes de cr\u00e9dit","datePublished":"2025-04-25T07:17:25+00:00","dateModified":"2025-04-25T07:17:25+00:00","mainEntityOfPage":{"@id":"https:\/\/vieassociative.be\/actualites\/trois-facons-dont-les-personnes-ayant-des-dettes-de-pret-etudiant-peuvent-proteger-leurs-cotes-de-credit\/"},"wordCount":1200,"publisher":{"@id":"https:\/\/vieassociative.be\/actualites\/#organization"},"image":{"@id":"https:\/\/vieassociative.be\/actualites\/trois-facons-dont-les-personnes-ayant-des-dettes-de-pret-etudiant-peuvent-proteger-leurs-cotes-de-credit\/#primaryimage"},"thumbnailUrl":"https:\/\/vieassociative.be\/actualites\/wp-content\/uploads\/2025\/04\/Trois-facons-dont-les-personnes-ayant-des-dettes-de-pret.png","keywords":["ayant","cotes","cr\u00e9dit","Des","dettes","dont","\u00e9tudiant","fa\u00e7ons","Les","leurs","personnes","peuvent","pr\u00eat","prot\u00e9ger","trois"],"articleSection":["Argent"],"inLanguage":"fr-BE"},{"@type":"WebPage","@id":"https:\/\/vieassociative.be\/actualites\/trois-facons-dont-les-personnes-ayant-des-dettes-de-pret-etudiant-peuvent-proteger-leurs-cotes-de-credit\/","url":"https:\/\/vieassociative.be\/actualites\/trois-facons-dont-les-personnes-ayant-des-dettes-de-pret-etudiant-peuvent-proteger-leurs-cotes-de-credit\/","name":"Trois fa\u00e7ons dont les personnes ayant des dettes de pr\u00eat \u00e9tudiant peuvent prot\u00e9ger leurs cotes de cr\u00e9dit | Vie Associative","isPartOf":{"@id":"https:\/\/vieassociative.be\/actualites\/#website"},"primaryImageOfPage":{"@id":"https:\/\/vieassociative.be\/actualites\/trois-facons-dont-les-personnes-ayant-des-dettes-de-pret-etudiant-peuvent-proteger-leurs-cotes-de-credit\/#primaryimage"},"image":{"@id":"https:\/\/vieassociative.be\/actualites\/trois-facons-dont-les-personnes-ayant-des-dettes-de-pret-etudiant-peuvent-proteger-leurs-cotes-de-credit\/#primaryimage"},"thumbnailUrl":"https:\/\/vieassociative.be\/actualites\/wp-content\/uploads\/2025\/04\/Trois-facons-dont-les-personnes-ayant-des-dettes-de-pret.png","datePublished":"2025-04-25T07:17:25+00:00","dateModified":"2025-04-25T07:17:25+00:00","breadcrumb":{"@id":"https:\/\/vieassociative.be\/actualites\/trois-facons-dont-les-personnes-ayant-des-dettes-de-pret-etudiant-peuvent-proteger-leurs-cotes-de-credit\/#breadcrumb"},"inLanguage":"fr-BE","potentialAction":[{"@type":"ReadAction","target":["https:\/\/vieassociative.be\/actualites\/trois-facons-dont-les-personnes-ayant-des-dettes-de-pret-etudiant-peuvent-proteger-leurs-cotes-de-credit\/"]}]},{"@type":"ImageObject","inLanguage":"fr-BE","@id":"https:\/\/vieassociative.be\/actualites\/trois-facons-dont-les-personnes-ayant-des-dettes-de-pret-etudiant-peuvent-proteger-leurs-cotes-de-credit\/#primaryimage","url":"https:\/\/vieassociative.be\/actualites\/wp-content\/uploads\/2025\/04\/Trois-facons-dont-les-personnes-ayant-des-dettes-de-pret.png","contentUrl":"https:\/\/vieassociative.be\/actualites\/wp-content\/uploads\/2025\/04\/Trois-facons-dont-les-personnes-ayant-des-dettes-de-pret.png","width":1200,"height":675,"caption":"Trois fa\u00e7ons dont les personnes ayant des dettes de pr\u00eat \u00e9tudiant peuvent prot\u00e9ger leurs cotes de cr\u00e9dit"},{"@type":"BreadcrumbList","@id":"https:\/\/vieassociative.be\/actualites\/trois-facons-dont-les-personnes-ayant-des-dettes-de-pret-etudiant-peuvent-proteger-leurs-cotes-de-credit\/#breadcrumb","itemListElement":[{"@type":"ListItem","position":1,"name":"Accueil","item":"https:\/\/vieassociative.be\/actualites\/"},{"@type":"ListItem","position":2,"name":"Trois fa\u00e7ons dont les personnes ayant des dettes de pr\u00eat \u00e9tudiant peuvent prot\u00e9ger leurs cotes de cr\u00e9dit"}]},{"@type":"WebSite","@id":"https:\/\/vieassociative.be\/actualites\/#website","url":"https:\/\/vieassociative.be\/actualites\/","name":"Vie Associative","description":"","publisher":{"@id":"https:\/\/vieassociative.be\/actualites\/#organization"},"potentialAction":[{"@type":"SearchAction","target":{"@type":"EntryPoint","urlTemplate":"https:\/\/vieassociative.be\/actualites\/?s={search_term_string}"},"query-input":{"@type":"PropertyValueSpecification","valueRequired":true,"valueName":"search_term_string"}}],"inLanguage":"fr-BE"},{"@type":"Organization","@id":"https:\/\/vieassociative.be\/actualites\/#organization","name":"Vie Associative","url":"https:\/\/vieassociative.be\/actualites\/","logo":{"@type":"ImageObject","inLanguage":"fr-BE","@id":"https:\/\/vieassociative.be\/actualites\/#\/schema\/logo\/image\/","url":"https:\/\/vieassociative.be\/actualites\/wp-content\/uploads\/2024\/09\/cropped-vieassociative_favicon.ico.png","contentUrl":"https:\/\/vieassociative.be\/actualites\/wp-content\/uploads\/2024\/09\/cropped-vieassociative_favicon.ico.png","width":512,"height":512,"caption":"Vie Associative"},"image":{"@id":"https:\/\/vieassociative.be\/actualites\/#\/schema\/logo\/image\/"}},{"@type":"Person","@id":"https:\/\/vieassociative.be\/actualites\/#\/schema\/person\/b87ac4f82f9d4e7b7cec7395b679edc4","name":"Julien","image":{"@type":"ImageObject","inLanguage":"fr-BE","@id":"https:\/\/vieassociative.be\/actualites\/#\/schema\/person\/image\/","url":"https:\/\/vieassociative.be\/actualites\/wp-content\/uploads\/2024\/09\/vie-associative-1-150x150.jpg","contentUrl":"https:\/\/vieassociative.be\/actualites\/wp-content\/uploads\/2024\/09\/vie-associative-1-150x150.jpg","caption":"Julien"},"description":"Je suis Julien, r\u00e9dacteur pour Vie Associative. Passionn\u00e9 par le monde associatif depuis plus de 10 ans, j'ai \u00e0 c\u0153ur de partager des histoires inspirantes et de mettre en lumi\u00e8re les initiatives locales. Mon objectif est de sensibiliser et d'encourager l'engagement communautaire \u00e0 travers mes articles.","sameAs":["https:\/\/vieassociative.be\/"]}]}},"_links":{"self":[{"href":"https:\/\/vieassociative.be\/actualites\/wp-json\/wp\/v2\/posts\/7016"}],"collection":[{"href":"https:\/\/vieassociative.be\/actualites\/wp-json\/wp\/v2\/posts"}],"about":[{"href":"https:\/\/vieassociative.be\/actualites\/wp-json\/wp\/v2\/types\/post"}],"author":[{"embeddable":true,"href":"https:\/\/vieassociative.be\/actualites\/wp-json\/wp\/v2\/users\/1"}],"replies":[{"embeddable":true,"href":"https:\/\/vieassociative.be\/actualites\/wp-json\/wp\/v2\/comments?post=7016"}],"version-history":[{"count":0,"href":"https:\/\/vieassociative.be\/actualites\/wp-json\/wp\/v2\/posts\/7016\/revisions"}],"wp:featuredmedia":[{"embeddable":true,"href":"https:\/\/vieassociative.be\/actualites\/wp-json\/wp\/v2\/media\/7017"}],"wp:attachment":[{"href":"https:\/\/vieassociative.be\/actualites\/wp-json\/wp\/v2\/media?parent=7016"}],"wp:term":[{"taxonomy":"category","embeddable":true,"href":"https:\/\/vieassociative.be\/actualites\/wp-json\/wp\/v2\/categories?post=7016"},{"taxonomy":"post_tag","embeddable":true,"href":"https:\/\/vieassociative.be\/actualites\/wp-json\/wp\/v2\/tags?post=7016"}],"curies":[{"name":"wp","href":"https:\/\/api.w.org\/{rel}","templated":true}]}}