{"id":7007,"date":"2025-04-24T22:17:44","date_gmt":"2025-04-24T20:17:44","guid":{"rendered":"https:\/\/vieassociative.be\/actualites\/fc-bruges-union-saint-gilloise-ou-the-krc-genk-final-sprint-dans-le-combat-a-trois-pour-le-championnat\/"},"modified":"2025-04-24T22:17:44","modified_gmt":"2025-04-24T20:17:44","slug":"fc-bruges-union-saint-gilloise-ou-the-krc-genk-final-sprint-dans-le-combat-a-trois-pour-le-championnat","status":"publish","type":"post","link":"https:\/\/vieassociative.be\/actualites\/fc-bruges-union-saint-gilloise-ou-the-krc-genk-final-sprint-dans-le-combat-a-trois-pour-le-championnat\/","title":{"rendered":"FC Bruges, Union Saint-Gilloise ou The KRC Genk: Final Sprint dans le combat \u00e0 trois pour le championnat"},"content":{"rendered":"<p><strong>Dans les s\u00e9ries \u00e9liminatoires des champions de la Jupilers Pro League, une d\u00e9cision pr\u00e9liminaire pourrait \u00eatre prise ce jeudi et dimanche lorsque le champion en titre FC Bruges et l&rsquo;Union Saint-Gilloise se disputent deux fois dans une sorte de finale de championnat avec la premi\u00e8re et le deuxi\u00e8me \u00e9tage.<\/strong><\/p>\n<p><span id=\"more-414107\"><\/span>Jeudi soir (20h30 \/ Live on Dazn), le FC Bruges organise avant que le syndicat n&rsquo;ait le domicile dimanche (18h30).<\/p>\n<p>Le Genk KRC a \u00e9galement des chances pour le titre, mais apr\u00e8s seulement 1: 8 points lors des trois derniers matchs, les Limburgers ont perdu leur r\u00f4le pr\u00e9f\u00e9r\u00e9.<\/p>\n<p>L&rsquo;\u00e9quipe de l&rsquo;entra\u00eeneur Thorsten Fink n&rsquo;est plus aussi forte que dans la phase classique du championnat, qu&rsquo;elle s&rsquo;est termin\u00e9e avec une avance de 9 points sur le FC Bruges et 13 points sur l&rsquo;Union. Mais comme cela a \u00e9t\u00e9 montr\u00e9 dans le pass\u00e9, les s\u00e9ries \u00e9liminatoires ont leurs propres lois.<\/p>\n<div id=\"attachment_404939\" class=\"wp-caption alignleft\" style=\"max-width: 300px\"><img fetchpriority=\"high\" decoding=\"async\" class=\"wp-image-404939 size-medium\" src=\"https:\/\/vieassociative.be\/actualites\/wp-content\/uploads\/2025\/04\/FC-Bruges-Union-Saint-Gilloise-ou-The-KRC-Genk-Final-Sprint.jpg\" alt=\"\" width=\"300\" height=\"206\"><\/p>\n<p class=\"wp-caption-text\">26 d\u00e9cembre 2024, Belgique, Gand: Ross Sykes (R) d&rsquo;Union Saint-Gilloinge marque un but au 1: 3 dans l&rsquo;ar\u00e8ne de Ghelamco \u00e0 Gand. Photo: Belga<\/p>\n<\/div>\n<p>Les 9 points d&rsquo;avance sur Bruges sont devenus 1 point de retard, apr\u00e8s le premier match d&rsquo;aujourd&rsquo;hui entre Bruges et l&rsquo;Union Saint-Gilloie, il peut y avoir 4 points. En bref, le Genk KRC ne peut plus se permettre d&rsquo;\u00e9chouer.<\/p>\n<p>Les RSC Anderlecht, AA Gand et Royal Anvers n&rsquo;ont rien \u00e0 voir avec le combat pour le championnat, mais peuvent certainement l&rsquo;influencer. Le RSC Anderlecht s&rsquo;appuie sur la finale de la Coupe contre le FC Bruges le 4 mai dans le stade de Bruxelles K\u00f6nig-Bau-Douin (18 h \/ Live sur RTL-TVI et VTM). En remportant la Coupe Croky, le champion de disques sauverait sa saison. FC Bruges peut \u00eatre le seul club \u00e0 cr\u00e9er le double.<\/p>\n<p>Si Hans Vanaken &#038; Co. redevient des ma\u00eetres, ce serait le 20e titre de champion pour \u00ab\u00a0Blauw en Zwart\u00a0\u00bb. Le FC Bruges est plus que jamais le \u00ab\u00a0FC Bayern de Belgique\u00a0\u00bb. Ce serait le 11e championnat de l&rsquo;Union. Cependant, le dernier \u00e9tait il y a 90 ans (!) Il y a 90 ans. Le Genk KRC pourrait \u00eatre champion national pour la cinqui\u00e8me fois. (Cre)<\/p>\n<p><strong>Champions Playoffs (jeux \/ victoires \/ points):<\/strong><\/p>\n<p>Jeu. 24\/04 20h30 FC Bruges &#8211; Union St. Gillo\u00efse<br \/>\nSoleil. 27\/04 18h30 Union St. Gilloise &#8211; FC Bruges<\/p>\n<ol>\n<li>FC Bruges 34 21 42<\/li>\n<li>KRC Genk 35 23 41<\/li>\n<li>Union SG. 34 19 40<\/li>\n<li>Anderlecht 35 16 30<\/li>\n<li>Aa gent 35 12 26<\/li>\n<li>Anvers. 35 12 25<\/li>\n<\/ol>\n<p><em><strong>Sur le sujet, voir \u00e9galement l&rsquo;article suivant sur OD:<\/strong><\/em><\/p>\n<div class=\"responsive-embed widescreen\">\n<blockquote class=\"wp-embedded-content\" data-secret=\"T9nOFK8XzO\">\n<p>Finale de battement de c\u0153ur le vendredi dans la Challenger Pro League: Zulte Waregem et Raal La Louvi\u00e8re Climb dans Jupiler Pro League<\/p>\n<\/blockquote>\n<p><iframe loading=\"lazy\" class=\"wp-embedded-content\" sandbox=\"allow-scripts\" security=\"restricted\" style=\"position: absolute; visibility: hidden;\" title=\"\u201eHerzschlagfinale am Freitag in der Challenger Pro League: Zulte Waregem und RAAL La Louvi\u00e8re steigen in Jupiler Pro League auf\u201c \u2014 Ostbelgien Direkt\" src=\"https:\/\/ostbelgiendirekt.be\/about:blank\" data-secret=\"T9nOFK8XzO\" width=\"500\" height=\"282\" frameborder=\"0\" marginwidth=\"0\" marginheight=\"0\" scrolling=\"no\" data-rocket-lazyload=\"fitvidscompatible\" data-lazy-src=\"https:\/\/ostbelgiendirekt.be\/herzschlagfinale-challenger-pro-league-413675\/embed#?secret=c09O6LNWnr#?secret=T9nOFK8XzO\"><\/iframe><noscript><iframe class=\"wp-embedded-content\" sandbox=\"allow-scripts\" security=\"restricted\" style=\"position: absolute; visibility: hidden;\" title=\"\u201eHerzschlagfinale am Freitag in der Challenger Pro League: Zulte Waregem und RAAL La Louvi\u00e8re steigen in Jupiler Pro League auf\u201c \u2014 Ostbelgien Direkt\" src=\"https:\/\/ostbelgiendirekt.be\/herzschlagfinale-challenger-pro-league-413675\/embed#?secret=c09O6LNWnr#?secret=T9nOFK8XzO\" data-secret=\"T9nOFK8XzO\" width=\"500\" height=\"282\" frameborder=\"0\" marginwidth=\"0\" marginheight=\"0\" scrolling=\"no\"><\/iframe><\/noscript><\/p>\n<\/div>\n","protected":false},"excerpt":{"rendered":"<p>Dans les s\u00e9ries \u00e9liminatoires des champions de la Jupilers Pro League, une d\u00e9cision pr\u00e9liminaire pourrait \u00eatre prise ce jeudi et dimanche lorsque le champion en<\/p>\n","protected":false},"author":1,"featured_media":7008,"comment_status":"","ping_status":"","sticky":false,"template":"","format":"standard","meta":{"footnotes":""},"categories":[298],"tags":[2851,4054,5197,166,3354,932,931,81,2502,6145,771,4627],"class_list":["post-7007","post","type-post","status-publish","format-standard","has-post-thumbnail","hentry","category-belgique","tag-bruges","tag-championnat","tag-combat","tag-dans","tag-final","tag-genk","tag-krc","tag-pour","tag-saintgilloise","tag-sprint","tag-trois","tag-union","generate-columns","tablet-grid-50","mobile-grid-100","grid-parent","grid-33"],"yoast_head":"<!-- This site is optimized with the Yoast SEO plugin v24.0 - https:\/\/yoast.com\/wordpress\/plugins\/seo\/ -->\n<title>FC Bruges, Union Saint-Gilloise ou The KRC Genk: Final Sprint dans le combat \u00e0 trois pour le championnat | Vie Associative<\/title>\n<meta name=\"robots\" content=\"index, follow, max-snippet:-1, max-image-preview:large, max-video-preview:-1\" \/>\n<link rel=\"canonical\" href=\"https:\/\/vieassociative.be\/actualites\/fc-bruges-union-saint-gilloise-ou-the-krc-genk-final-sprint-dans-le-combat-a-trois-pour-le-championnat\/\" \/>\n<meta property=\"og:locale\" content=\"fr_FR\" \/>\n<meta property=\"og:type\" content=\"article\" \/>\n<meta property=\"og:title\" content=\"FC Bruges, Union Saint-Gilloise ou The KRC Genk: Final Sprint dans le combat \u00e0 trois pour le championnat | Vie Associative\" \/>\n<meta property=\"og:description\" content=\"Dans les s\u00e9ries \u00e9liminatoires des champions de la Jupilers Pro League, une d\u00e9cision pr\u00e9liminaire pourrait \u00eatre prise ce jeudi et dimanche lorsque le champion en\" \/>\n<meta property=\"og:url\" content=\"https:\/\/vieassociative.be\/actualites\/fc-bruges-union-saint-gilloise-ou-the-krc-genk-final-sprint-dans-le-combat-a-trois-pour-le-championnat\/\" \/>\n<meta property=\"og:site_name\" content=\"Vie Associative\" \/>\n<meta property=\"article:published_time\" content=\"2025-04-24T20:17:44+00:00\" \/>\n<meta property=\"og:image\" content=\"https:\/\/vieassociative.be\/actualites\/wp-content\/uploads\/2024\/09\/header_backgroundk-01-e1726694325946.png\" \/>\n\t<meta property=\"og:image:width\" content=\"279\" \/>\n\t<meta property=\"og:image:height\" content=\"92\" \/>\n\t<meta property=\"og:image:type\" content=\"image\/png\" \/>\n<meta name=\"author\" content=\"Julien\" \/>\n<meta name=\"twitter:card\" content=\"summary_large_image\" \/>\n<meta name=\"twitter:label1\" content=\"\u00c9crit par\" \/>\n\t<meta name=\"twitter:data1\" content=\"Julien\" \/>\n\t<meta name=\"twitter:label2\" content=\"Dur\u00e9e de lecture est.\" \/>\n\t<meta name=\"twitter:data2\" content=\"2 minutes\" \/>\n<script type=\"application\/ld+json\" class=\"yoast-schema-graph\">{\"@context\":\"https:\/\/schema.org\",\"@graph\":[{\"@type\":\"Article\",\"@id\":\"https:\/\/vieassociative.be\/actualites\/fc-bruges-union-saint-gilloise-ou-the-krc-genk-final-sprint-dans-le-combat-a-trois-pour-le-championnat\/#article\",\"isPartOf\":{\"@id\":\"https:\/\/vieassociative.be\/actualites\/fc-bruges-union-saint-gilloise-ou-the-krc-genk-final-sprint-dans-le-combat-a-trois-pour-le-championnat\/\"},\"author\":{\"name\":\"Julien\",\"@id\":\"https:\/\/vieassociative.be\/actualites\/#\/schema\/person\/b87ac4f82f9d4e7b7cec7395b679edc4\"},\"headline\":\"FC Bruges, Union Saint-Gilloise ou The KRC Genk: Final Sprint dans le combat \u00e0 trois pour le championnat\",\"datePublished\":\"2025-04-24T20:17:44+00:00\",\"dateModified\":\"2025-04-24T20:17:44+00:00\",\"mainEntityOfPage\":{\"@id\":\"https:\/\/vieassociative.be\/actualites\/fc-bruges-union-saint-gilloise-ou-the-krc-genk-final-sprint-dans-le-combat-a-trois-pour-le-championnat\/\"},\"wordCount\":451,\"publisher\":{\"@id\":\"https:\/\/vieassociative.be\/actualites\/#organization\"},\"image\":{\"@id\":\"https:\/\/vieassociative.be\/actualites\/fc-bruges-union-saint-gilloise-ou-the-krc-genk-final-sprint-dans-le-combat-a-trois-pour-le-championnat\/#primaryimage\"},\"thumbnailUrl\":\"https:\/\/vieassociative.be\/actualites\/wp-content\/uploads\/2025\/04\/1745525864_FC-Bruges-Union-Saint-Gilloise-ou-The-KRC-Genk-Final-Sprint.jpg\",\"keywords\":[\"Bruges\",\"Championnat\",\"combat\",\"dans\",\"final\",\"Genk\",\"KRC\",\"pour\",\"SaintGilloise\",\"sprint\",\"trois\",\"Union\"],\"articleSection\":[\"Belgique\"],\"inLanguage\":\"fr-BE\"},{\"@type\":\"WebPage\",\"@id\":\"https:\/\/vieassociative.be\/actualites\/fc-bruges-union-saint-gilloise-ou-the-krc-genk-final-sprint-dans-le-combat-a-trois-pour-le-championnat\/\",\"url\":\"https:\/\/vieassociative.be\/actualites\/fc-bruges-union-saint-gilloise-ou-the-krc-genk-final-sprint-dans-le-combat-a-trois-pour-le-championnat\/\",\"name\":\"FC Bruges, Union Saint-Gilloise ou The KRC Genk: Final Sprint dans le combat \u00e0 trois pour le championnat | Vie Associative\",\"isPartOf\":{\"@id\":\"https:\/\/vieassociative.be\/actualites\/#website\"},\"primaryImageOfPage\":{\"@id\":\"https:\/\/vieassociative.be\/actualites\/fc-bruges-union-saint-gilloise-ou-the-krc-genk-final-sprint-dans-le-combat-a-trois-pour-le-championnat\/#primaryimage\"},\"image\":{\"@id\":\"https:\/\/vieassociative.be\/actualites\/fc-bruges-union-saint-gilloise-ou-the-krc-genk-final-sprint-dans-le-combat-a-trois-pour-le-championnat\/#primaryimage\"},\"thumbnailUrl\":\"https:\/\/vieassociative.be\/actualites\/wp-content\/uploads\/2025\/04\/1745525864_FC-Bruges-Union-Saint-Gilloise-ou-The-KRC-Genk-Final-Sprint.jpg\",\"datePublished\":\"2025-04-24T20:17:44+00:00\",\"dateModified\":\"2025-04-24T20:17:44+00:00\",\"breadcrumb\":{\"@id\":\"https:\/\/vieassociative.be\/actualites\/fc-bruges-union-saint-gilloise-ou-the-krc-genk-final-sprint-dans-le-combat-a-trois-pour-le-championnat\/#breadcrumb\"},\"inLanguage\":\"fr-BE\",\"potentialAction\":[{\"@type\":\"ReadAction\",\"target\":[\"https:\/\/vieassociative.be\/actualites\/fc-bruges-union-saint-gilloise-ou-the-krc-genk-final-sprint-dans-le-combat-a-trois-pour-le-championnat\/\"]}]},{\"@type\":\"ImageObject\",\"inLanguage\":\"fr-BE\",\"@id\":\"https:\/\/vieassociative.be\/actualites\/fc-bruges-union-saint-gilloise-ou-the-krc-genk-final-sprint-dans-le-combat-a-trois-pour-le-championnat\/#primaryimage\",\"url\":\"https:\/\/vieassociative.be\/actualites\/wp-content\/uploads\/2025\/04\/1745525864_FC-Bruges-Union-Saint-Gilloise-ou-The-KRC-Genk-Final-Sprint.jpg\",\"contentUrl\":\"https:\/\/vieassociative.be\/actualites\/wp-content\/uploads\/2025\/04\/1745525864_FC-Bruges-Union-Saint-Gilloise-ou-The-KRC-Genk-Final-Sprint.jpg\",\"width\":1200,\"height\":800,\"caption\":\"FC Bruges, Union Saint-Gilloise ou The KRC Genk: Final Sprint dans le combat \u00e0 trois pour le championnat\"},{\"@type\":\"BreadcrumbList\",\"@id\":\"https:\/\/vieassociative.be\/actualites\/fc-bruges-union-saint-gilloise-ou-the-krc-genk-final-sprint-dans-le-combat-a-trois-pour-le-championnat\/#breadcrumb\",\"itemListElement\":[{\"@type\":\"ListItem\",\"position\":1,\"name\":\"Accueil\",\"item\":\"https:\/\/vieassociative.be\/actualites\/\"},{\"@type\":\"ListItem\",\"position\":2,\"name\":\"FC Bruges, Union Saint-Gilloise ou The KRC Genk: Final Sprint dans le combat \u00e0 trois pour le championnat\"}]},{\"@type\":\"WebSite\",\"@id\":\"https:\/\/vieassociative.be\/actualites\/#website\",\"url\":\"https:\/\/vieassociative.be\/actualites\/\",\"name\":\"Vie Associative\",\"description\":\"\",\"publisher\":{\"@id\":\"https:\/\/vieassociative.be\/actualites\/#organization\"},\"potentialAction\":[{\"@type\":\"SearchAction\",\"target\":{\"@type\":\"EntryPoint\",\"urlTemplate\":\"https:\/\/vieassociative.be\/actualites\/?s={search_term_string}\"},\"query-input\":{\"@type\":\"PropertyValueSpecification\",\"valueRequired\":true,\"valueName\":\"search_term_string\"}}],\"inLanguage\":\"fr-BE\"},{\"@type\":\"Organization\",\"@id\":\"https:\/\/vieassociative.be\/actualites\/#organization\",\"name\":\"Vie Associative\",\"url\":\"https:\/\/vieassociative.be\/actualites\/\",\"logo\":{\"@type\":\"ImageObject\",\"inLanguage\":\"fr-BE\",\"@id\":\"https:\/\/vieassociative.be\/actualites\/#\/schema\/logo\/image\/\",\"url\":\"https:\/\/vieassociative.be\/actualites\/wp-content\/uploads\/2024\/09\/cropped-vieassociative_favicon.ico.png\",\"contentUrl\":\"https:\/\/vieassociative.be\/actualites\/wp-content\/uploads\/2024\/09\/cropped-vieassociative_favicon.ico.png\",\"width\":512,\"height\":512,\"caption\":\"Vie Associative\"},\"image\":{\"@id\":\"https:\/\/vieassociative.be\/actualites\/#\/schema\/logo\/image\/\"}},{\"@type\":\"Person\",\"@id\":\"https:\/\/vieassociative.be\/actualites\/#\/schema\/person\/b87ac4f82f9d4e7b7cec7395b679edc4\",\"name\":\"Julien\",\"image\":{\"@type\":\"ImageObject\",\"inLanguage\":\"fr-BE\",\"@id\":\"https:\/\/vieassociative.be\/actualites\/#\/schema\/person\/image\/\",\"url\":\"https:\/\/vieassociative.be\/actualites\/wp-content\/uploads\/2024\/09\/vie-associative-1-150x150.jpg\",\"contentUrl\":\"https:\/\/vieassociative.be\/actualites\/wp-content\/uploads\/2024\/09\/vie-associative-1-150x150.jpg\",\"caption\":\"Julien\"},\"description\":\"Je suis Julien, r\u00e9dacteur pour Vie Associative. Passionn\u00e9 par le monde associatif depuis plus de 10 ans, j'ai \u00e0 c\u0153ur de partager des histoires inspirantes et de mettre en lumi\u00e8re les initiatives locales. Mon objectif est de sensibiliser et d'encourager l'engagement communautaire \u00e0 travers mes articles.\",\"sameAs\":[\"https:\/\/vieassociative.be\/\"]}]}<\/script>\n<!-- \/ Yoast SEO plugin. -->","yoast_head_json":{"title":"FC Bruges, Union Saint-Gilloise ou The KRC Genk: Final Sprint dans le combat \u00e0 trois pour le championnat | Vie Associative","robots":{"index":"index","follow":"follow","max-snippet":"max-snippet:-1","max-image-preview":"max-image-preview:large","max-video-preview":"max-video-preview:-1"},"canonical":"https:\/\/vieassociative.be\/actualites\/fc-bruges-union-saint-gilloise-ou-the-krc-genk-final-sprint-dans-le-combat-a-trois-pour-le-championnat\/","og_locale":"fr_FR","og_type":"article","og_title":"FC Bruges, Union Saint-Gilloise ou The KRC Genk: Final Sprint dans le combat \u00e0 trois pour le championnat | Vie Associative","og_description":"Dans les s\u00e9ries \u00e9liminatoires des champions de la Jupilers Pro League, une d\u00e9cision pr\u00e9liminaire pourrait \u00eatre prise ce jeudi et dimanche lorsque le champion en","og_url":"https:\/\/vieassociative.be\/actualites\/fc-bruges-union-saint-gilloise-ou-the-krc-genk-final-sprint-dans-le-combat-a-trois-pour-le-championnat\/","og_site_name":"Vie Associative","article_published_time":"2025-04-24T20:17:44+00:00","og_image":[{"width":279,"height":92,"url":"https:\/\/vieassociative.be\/actualites\/wp-content\/uploads\/2024\/09\/header_backgroundk-01-e1726694325946.png","type":"image\/png"}],"author":"Julien","twitter_card":"summary_large_image","twitter_misc":{"\u00c9crit par":"Julien","Dur\u00e9e de lecture est.":"2 minutes"},"schema":{"@context":"https:\/\/schema.org","@graph":[{"@type":"Article","@id":"https:\/\/vieassociative.be\/actualites\/fc-bruges-union-saint-gilloise-ou-the-krc-genk-final-sprint-dans-le-combat-a-trois-pour-le-championnat\/#article","isPartOf":{"@id":"https:\/\/vieassociative.be\/actualites\/fc-bruges-union-saint-gilloise-ou-the-krc-genk-final-sprint-dans-le-combat-a-trois-pour-le-championnat\/"},"author":{"name":"Julien","@id":"https:\/\/vieassociative.be\/actualites\/#\/schema\/person\/b87ac4f82f9d4e7b7cec7395b679edc4"},"headline":"FC Bruges, Union Saint-Gilloise ou The KRC Genk: Final Sprint dans le combat \u00e0 trois pour le championnat","datePublished":"2025-04-24T20:17:44+00:00","dateModified":"2025-04-24T20:17:44+00:00","mainEntityOfPage":{"@id":"https:\/\/vieassociative.be\/actualites\/fc-bruges-union-saint-gilloise-ou-the-krc-genk-final-sprint-dans-le-combat-a-trois-pour-le-championnat\/"},"wordCount":451,"publisher":{"@id":"https:\/\/vieassociative.be\/actualites\/#organization"},"image":{"@id":"https:\/\/vieassociative.be\/actualites\/fc-bruges-union-saint-gilloise-ou-the-krc-genk-final-sprint-dans-le-combat-a-trois-pour-le-championnat\/#primaryimage"},"thumbnailUrl":"https:\/\/vieassociative.be\/actualites\/wp-content\/uploads\/2025\/04\/1745525864_FC-Bruges-Union-Saint-Gilloise-ou-The-KRC-Genk-Final-Sprint.jpg","keywords":["Bruges","Championnat","combat","dans","final","Genk","KRC","pour","SaintGilloise","sprint","trois","Union"],"articleSection":["Belgique"],"inLanguage":"fr-BE"},{"@type":"WebPage","@id":"https:\/\/vieassociative.be\/actualites\/fc-bruges-union-saint-gilloise-ou-the-krc-genk-final-sprint-dans-le-combat-a-trois-pour-le-championnat\/","url":"https:\/\/vieassociative.be\/actualites\/fc-bruges-union-saint-gilloise-ou-the-krc-genk-final-sprint-dans-le-combat-a-trois-pour-le-championnat\/","name":"FC Bruges, Union Saint-Gilloise ou The KRC Genk: Final Sprint dans le combat \u00e0 trois pour le championnat | Vie Associative","isPartOf":{"@id":"https:\/\/vieassociative.be\/actualites\/#website"},"primaryImageOfPage":{"@id":"https:\/\/vieassociative.be\/actualites\/fc-bruges-union-saint-gilloise-ou-the-krc-genk-final-sprint-dans-le-combat-a-trois-pour-le-championnat\/#primaryimage"},"image":{"@id":"https:\/\/vieassociative.be\/actualites\/fc-bruges-union-saint-gilloise-ou-the-krc-genk-final-sprint-dans-le-combat-a-trois-pour-le-championnat\/#primaryimage"},"thumbnailUrl":"https:\/\/vieassociative.be\/actualites\/wp-content\/uploads\/2025\/04\/1745525864_FC-Bruges-Union-Saint-Gilloise-ou-The-KRC-Genk-Final-Sprint.jpg","datePublished":"2025-04-24T20:17:44+00:00","dateModified":"2025-04-24T20:17:44+00:00","breadcrumb":{"@id":"https:\/\/vieassociative.be\/actualites\/fc-bruges-union-saint-gilloise-ou-the-krc-genk-final-sprint-dans-le-combat-a-trois-pour-le-championnat\/#breadcrumb"},"inLanguage":"fr-BE","potentialAction":[{"@type":"ReadAction","target":["https:\/\/vieassociative.be\/actualites\/fc-bruges-union-saint-gilloise-ou-the-krc-genk-final-sprint-dans-le-combat-a-trois-pour-le-championnat\/"]}]},{"@type":"ImageObject","inLanguage":"fr-BE","@id":"https:\/\/vieassociative.be\/actualites\/fc-bruges-union-saint-gilloise-ou-the-krc-genk-final-sprint-dans-le-combat-a-trois-pour-le-championnat\/#primaryimage","url":"https:\/\/vieassociative.be\/actualites\/wp-content\/uploads\/2025\/04\/1745525864_FC-Bruges-Union-Saint-Gilloise-ou-The-KRC-Genk-Final-Sprint.jpg","contentUrl":"https:\/\/vieassociative.be\/actualites\/wp-content\/uploads\/2025\/04\/1745525864_FC-Bruges-Union-Saint-Gilloise-ou-The-KRC-Genk-Final-Sprint.jpg","width":1200,"height":800,"caption":"FC Bruges, Union Saint-Gilloise ou The KRC Genk: Final Sprint dans le combat \u00e0 trois pour le championnat"},{"@type":"BreadcrumbList","@id":"https:\/\/vieassociative.be\/actualites\/fc-bruges-union-saint-gilloise-ou-the-krc-genk-final-sprint-dans-le-combat-a-trois-pour-le-championnat\/#breadcrumb","itemListElement":[{"@type":"ListItem","position":1,"name":"Accueil","item":"https:\/\/vieassociative.be\/actualites\/"},{"@type":"ListItem","position":2,"name":"FC Bruges, Union Saint-Gilloise ou The KRC Genk: Final Sprint dans le combat \u00e0 trois pour le championnat"}]},{"@type":"WebSite","@id":"https:\/\/vieassociative.be\/actualites\/#website","url":"https:\/\/vieassociative.be\/actualites\/","name":"Vie Associative","description":"","publisher":{"@id":"https:\/\/vieassociative.be\/actualites\/#organization"},"potentialAction":[{"@type":"SearchAction","target":{"@type":"EntryPoint","urlTemplate":"https:\/\/vieassociative.be\/actualites\/?s={search_term_string}"},"query-input":{"@type":"PropertyValueSpecification","valueRequired":true,"valueName":"search_term_string"}}],"inLanguage":"fr-BE"},{"@type":"Organization","@id":"https:\/\/vieassociative.be\/actualites\/#organization","name":"Vie Associative","url":"https:\/\/vieassociative.be\/actualites\/","logo":{"@type":"ImageObject","inLanguage":"fr-BE","@id":"https:\/\/vieassociative.be\/actualites\/#\/schema\/logo\/image\/","url":"https:\/\/vieassociative.be\/actualites\/wp-content\/uploads\/2024\/09\/cropped-vieassociative_favicon.ico.png","contentUrl":"https:\/\/vieassociative.be\/actualites\/wp-content\/uploads\/2024\/09\/cropped-vieassociative_favicon.ico.png","width":512,"height":512,"caption":"Vie Associative"},"image":{"@id":"https:\/\/vieassociative.be\/actualites\/#\/schema\/logo\/image\/"}},{"@type":"Person","@id":"https:\/\/vieassociative.be\/actualites\/#\/schema\/person\/b87ac4f82f9d4e7b7cec7395b679edc4","name":"Julien","image":{"@type":"ImageObject","inLanguage":"fr-BE","@id":"https:\/\/vieassociative.be\/actualites\/#\/schema\/person\/image\/","url":"https:\/\/vieassociative.be\/actualites\/wp-content\/uploads\/2024\/09\/vie-associative-1-150x150.jpg","contentUrl":"https:\/\/vieassociative.be\/actualites\/wp-content\/uploads\/2024\/09\/vie-associative-1-150x150.jpg","caption":"Julien"},"description":"Je suis Julien, r\u00e9dacteur pour Vie Associative. Passionn\u00e9 par le monde associatif depuis plus de 10 ans, j'ai \u00e0 c\u0153ur de partager des histoires inspirantes et de mettre en lumi\u00e8re les initiatives locales. Mon objectif est de sensibiliser et d'encourager l'engagement communautaire \u00e0 travers mes articles.","sameAs":["https:\/\/vieassociative.be\/"]}]}},"_links":{"self":[{"href":"https:\/\/vieassociative.be\/actualites\/wp-json\/wp\/v2\/posts\/7007"}],"collection":[{"href":"https:\/\/vieassociative.be\/actualites\/wp-json\/wp\/v2\/posts"}],"about":[{"href":"https:\/\/vieassociative.be\/actualites\/wp-json\/wp\/v2\/types\/post"}],"author":[{"embeddable":true,"href":"https:\/\/vieassociative.be\/actualites\/wp-json\/wp\/v2\/users\/1"}],"replies":[{"embeddable":true,"href":"https:\/\/vieassociative.be\/actualites\/wp-json\/wp\/v2\/comments?post=7007"}],"version-history":[{"count":0,"href":"https:\/\/vieassociative.be\/actualites\/wp-json\/wp\/v2\/posts\/7007\/revisions"}],"wp:featuredmedia":[{"embeddable":true,"href":"https:\/\/vieassociative.be\/actualites\/wp-json\/wp\/v2\/media\/7008"}],"wp:attachment":[{"href":"https:\/\/vieassociative.be\/actualites\/wp-json\/wp\/v2\/media?parent=7007"}],"wp:term":[{"taxonomy":"category","embeddable":true,"href":"https:\/\/vieassociative.be\/actualites\/wp-json\/wp\/v2\/categories?post=7007"},{"taxonomy":"post_tag","embeddable":true,"href":"https:\/\/vieassociative.be\/actualites\/wp-json\/wp\/v2\/tags?post=7007"}],"curies":[{"name":"wp","href":"https:\/\/api.w.org\/{rel}","templated":true}]}}