{"id":7005,"date":"2025-04-24T21:17:38","date_gmt":"2025-04-24T19:17:38","guid":{"rendered":"https:\/\/vieassociative.be\/actualites\/comment-jai-reduit-ma-consommation-de-sel-avec-la-sauce-soja-et-le-msg\/"},"modified":"2025-04-24T21:17:38","modified_gmt":"2025-04-24T19:17:38","slug":"comment-jai-reduit-ma-consommation-de-sel-avec-la-sauce-soja-et-le-msg","status":"publish","type":"post","link":"https:\/\/vieassociative.be\/actualites\/comment-jai-reduit-ma-consommation-de-sel-avec-la-sauce-soja-et-le-msg\/","title":{"rendered":"Comment j&rsquo;ai r\u00e9duit ma consommation de sel avec la sauce soja et le msg"},"content":{"rendered":"<div class=\"mt-4 leading-6 md:mb-8\">Je suis le plus grand fan de Salt, mais il existe d&rsquo;autres fa\u00e7ons de faire de la nourriture savoureuse.<\/div>\n<p><\/p>\n<p>Je d\u00e9jeunais r\u00e9cemment avec quelques amis et leur enfant de 7 ans et nous avons command\u00e9 un bretzel doux g\u00e9ant avec du fromage de bi\u00e8re. Alors que nous rompons sans r\u00e9fl\u00e9chir des morceaux de bretzel pendant notre bavardage, j&rsquo;ai remarqu\u00e9 \u00e0 quel point le petit humain mangeait silencieusement sa pi\u00e8ce de bretzel &#8211; en premier &#8211; et j&rsquo;ai vu un peu d&rsquo;elle en elle. J&rsquo;ai un souvenir vivant d&rsquo;\u00eatre au coll\u00e8ge chez un ami et de manger du sel assaisonn\u00e9 directement d&rsquo;une assiette. Manger du sel si voracieusement n&rsquo;est pas faux, en soi, mais malheureusement, l&rsquo;histoire d&rsquo;amour ne peut pas durer \u00e9ternellement.   <\/p>\n<p>Bien que mon amour pour les cristaux de chlorure de sodium ait \u00e0 peine disparu, je suis d&rsquo;un \u00e2ge o\u00f9 je dois me d\u00e9tendre sur ma consommation de sel car je suis int\u00e9ress\u00e9 par la long\u00e9vit\u00e9. Suis-je parfait? \u00c0 peine. J&rsquo;aime toujours les viandes de charcuterie et la restauration rapide occasionnelle, mais je suis <em>am\u00e9lioration<\/em>. C&rsquo;est un travail en cours. Pour r\u00e9duire ma consommation de sel, j&rsquo;utilise du MSG et de la sauce soja pour m&rsquo;aider dans mon voyage. <\/p>\n<h2 id=\"salt-isnt-everything\">Le sel n&rsquo;est pas tout<\/h2>\n<p>Pour d&rsquo;autres fans de sel, c&rsquo;est un blasph\u00e8me, mais il y a vraiment quatre autres saveurs auxquelles nous devrions accorder une attention \u00e9gale: amer, aigre, umami et sucr\u00e9. Si vous vous retrouvez constamment \u00e0 atteindre la cave \u00e0 sel lorsque vous cuisinez parce que \u00abquelque chose\u00bb manque, ce pourrait \u00eatre l&rsquo;une de ces autres saveurs. <\/p>\n<p>Apr\u00e8s avoir ajout\u00e9 cette premi\u00e8re mesure du sel, essayez de saisir un \u00e9quilibre avec ces autres saveurs. Presser du jus de citron ou de citron vert frais; M\u00eame une cuiller\u00e9e de sauce tomate pourrait apporter une acidit\u00e9 bien n\u00e9cessaire. Ajouter les noix hach\u00e9es ou garder les pelures sur vos l\u00e9gumes pour l&rsquo;amertume. Une cuill\u00e8re \u00e0 caf\u00e9 de sucre, de sirop d&rsquo;\u00e9rable ou une poign\u00e9e de raisins secs peut ajouter une douceur \u00e9tonnamment bienvenue. <\/p>\n<p>Mais les assaisonnements s\u0153urs de Salt sont certainement ceux qui pr\u00e9sentent Umami. Les assaisonnements comme MSG et la sauce soja peuvent \u00eatre le \u00abquelque chose\u00bb que vous avez cherch\u00e9.<\/p>\n<h2 id=\"how-msg-and-soy-sauce-can-help-you-cut-down-on-salt\">Comment le MSG et la sauce soja peuvent vous aider \u00e0 r\u00e9duire le sel<\/h2>\n<p>Pour le contexte, dans une comparaison de mesure \u00e9gale, le sel contient beaucoup plus de sodium que la sauce soja et le msg. Une cuill\u00e8re \u00e0 caf\u00e9 de sel de table contient environ 2 300 mg de sodium. Une cuill\u00e8re \u00e0 caf\u00e9 de sauce de soja en a environ 300 et une cuill\u00e8re \u00e0 caf\u00e9 de MSG en a environ 500. <\/p>\n<div class=\"eloquent-imagery-image\">\n<div class=\"flex justify-center\">\n                    <img decoding=\"async\" class=\"border border-gray-100\" src=\"https:\/\/vieassociative.be\/actualites\/wp-content\/uploads\/2025\/04\/Comment-jai-reduit-ma-consommation-de-sel-avec-la-sauce.jpg\" alt=\"\u00c9tiquetez les faits nutritionnels sur la bouteille de sauce de soja Kikkoman.\" width=\"2000\" height=\"1124\" loading=\"lazy\"  >\n            <\/div>\n<\/p><\/div>\n<p>Mis \u00e0 part la quantit\u00e9 de sodium, il est important de garder \u00e0 l&rsquo;esprit que chaque agent aromatisant a \u00e9galement une puissance diff\u00e9rente. Un quart de prison de MSG peut aromatiser ad\u00e9quatement environ deux tasses de bouillon de soupe, tandis que vous pouvez utiliser \u00be d&rsquo;une cuill\u00e8re \u00e0 caf\u00e9 de sel pour le m\u00eame volume de liquide. J&rsquo;utilise rarement plus d&rsquo;un huiti\u00e8me de cuill\u00e8re \u00e0 caf\u00e9 de MSG lorsque je fais une portion personnelle de l\u00e9gumes par exemple. Pour d&rsquo;autres fa\u00e7ons, j&rsquo;utilise MSG dans la cuisine et la cuisson, lisez ici.<\/p>\n<h2 id=\"how-i-cook-to-reduce-salt\">Comment je cuisine pour r\u00e9duire le sel<\/h2>\n<p>Vous pouvez voir comment en ajoutant une pinc\u00e9e de MSG et une cuill\u00e8re \u00e0 caf\u00e9 de sauce de soja (qui contient \u00e9galement les \u00e9l\u00e9ments constitutifs de MSG), vous obtenez toujours cette saveur sal\u00e9e mais avec bien plus encore. Avec ces deux assaisonnements, vous activez vos r\u00e9cepteurs de glutamate, ce qui stimule cette r\u00e9ponse all\u00e9chante, ainsi que la construction d&rsquo;une saveur sal\u00e9e bien \u00e9quilibr\u00e9e. <\/p>\n<div class=\"pogoClear relative my-10 border-b-(1.5px) border-t-(1.5px) border-dashed border-black py-5 sm:my-14 sm:border-0 sm:py-0\" data-ga-click data-ga-template=\"Opinions\" data-ga-module=\"openweb_widget\" data-ga-element=\"openweb_scroll\" data-ga-item=\"openweb_scroll_midpage\" x-cloak x-data=\"{ commentsCount: null, hasComments: false }\" x-init=\"commentsCount = await window.openweb.getMessagesCount(01JSMDJ0EZVG49SJ6XQVHVQ49X);\n     hasComments = commentsCount !== null &amp;&amp; commentsCount &gt; 0\"><\/p>\n<div class=\"absolute top-1\/2 hidden w-full -translate-y-1\/2 border-t-(1.5px) border-dashed border-black sm:block\"><\/div>\n<div class=\"relative flex justify-center\">\n<div class=\"flex max-w-max items-center gap-x-3 bg-white px-5\">\n<div class=\"relative\">\n                <span class=\"absolute left-1\/2 top-1\/2 -translate-x-1\/2 -translate-y-1\/2 font-akshar text-sm font-medium text-black\" x-show=\"hasComments\" x-text=\"commentsCount\"><\/span><\/p>\n<p>                <svg class=\"h-8 w-8 text-black\">\n                    <use href=\"http:\/\/lifehacker.com\/images\/icons\/spritemap.svg#sprite-chat-bubble\"><\/use>\n                <\/svg>\n            <\/div>\n<p>            <span class=\"text-sm font-medium text-black\"><\/p>\n<p>                Que pensez-vous jusqu&rsquo;\u00e0 pr\u00e9sent?<br \/>\n                <button class=\"font-semibold text-brand-green underline hover:text-brand-green-700\" onclick=\"window.openweb.scrollToComments(01JSMDJ0EZVG49SJ6XQVHVQ49X)\" x-text=\"hasComments ? 'Post a comment.' : 'Be the first to post a comment.'\"><\/button><br \/>\n            <\/span>\n        <\/div>\n<\/p><\/div>\n<\/div>\n<p>Malgr\u00e9 mon histoire de vraiment pencher sur le sel, j&rsquo;apprends que l&rsquo;umami et un peu de sel suffisent souvent. Alors que dans le pass\u00e9, j&rsquo;ajouterais une autre pinc\u00e9e de sel, puis une autre, jamais vraiment frapp\u00e9 la note parfaite. <\/p>\n<p>Pour r\u00e9duire le sel, j&rsquo;ai l\u00e9g\u00e8rement bascul\u00e9 autour de mon style de cuisson en utilisant une m\u00e9thode d&rsquo;assaisonnement \u00abSalt Last\u00bb quand je le peux. Je saute, je fais des baisses ou je fais de la soupe comme d&rsquo;habitude, mais j&rsquo;ajoute d&rsquo;abord une partie de la sauce MSG ou soja. Ensuite, je vais go\u00fbter le plat fini. S&rsquo;il a besoin d&rsquo;un peu de sel, j&rsquo;en ajouterai et le go\u00fbte \u00e0 nouveau. De cette fa\u00e7on, je peux utiliser du MSG et de la sauce soja en combinaison avec du sel ou en remplacement complet du sel lorsqu&rsquo;il fonctionne. <\/p>\n<p>Certes, je pr\u00e9f\u00e8re parfois ajouter du sel plus t\u00f4t dans le processus de cuisson, comme si je fais r\u00f4tir des l\u00e9gumes ou de sauter un poulet. Pour les l\u00e9gumes r\u00f4tis, j&rsquo;ai simplement pris la coupe du sel habituel en deux et en ajoutant une touche de sauce de soja apr\u00e8s la cuisson termin\u00e9e. Pour le saumurement sec, je vais encore couper le sel en deux et le remplacer par du msg. Sainte vache, quel poulet. Ne dormez pas en ajoutant du msg \u00e0 vos saumures, s\u00e8ches ou humides. <\/p>\n<p>Heureusement, la sauce de soja et le MSG vont bien avec \u00e0 peu pr\u00e8s tout, donc vous n&rsquo;avez pas \u00e0 d\u00e9penser beaucoup de puissance c\u00e9r\u00e9brale \u00e0 vous demander si cela se marie bien avec ce que vous cuisinez. Si vous avez besoin d&rsquo;inspiration, voici quelques fa\u00e7ons inattendues d&rsquo;utiliser MSG et un excellent livre de cuisine, <em>Sel, sucre, msg<\/em>pour des recettes savoureuses qui incluent ces h\u00e9ros d&rsquo;assaisonnement. Notez que ce sont mes astuces pour r\u00e9duire le sel simplement parce que je voudrais, mais si vous avez une exigence m\u00e9dicale pour r\u00e9duire votre apport en sel, assurez-vous de v\u00e9rifier aupr\u00e8s de votre m\u00e9decin lorsque vous apportez des modifications \u00e0 votre alimentation. <\/p>\n","protected":false},"excerpt":{"rendered":"<p>Je suis le plus grand fan de Salt, mais il existe d&rsquo;autres fa\u00e7ons de faire de la nourriture savoureuse. Je d\u00e9jeunais r\u00e9cemment avec quelques amis<\/p>\n","protected":false},"author":1,"featured_media":7006,"comment_status":"","ping_status":"","sticky":false,"template":"","format":"standard","meta":{"footnotes":""},"categories":[1],"tags":[61,44,4483,823,5946,6022,207,5226,6613],"class_list":["post-7005","post","type-post","status-publish","format-standard","has-post-thumbnail","hentry","category-non-classe","tag-avec","tag-comment","tag-consommation","tag-jai","tag-msg","tag-reduit","tag-sauce","tag-sel","tag-soja","generate-columns","tablet-grid-50","mobile-grid-100","grid-parent","grid-33"],"yoast_head":"<!-- This site is optimized with the Yoast SEO plugin v24.0 - https:\/\/yoast.com\/wordpress\/plugins\/seo\/ -->\n<title>Comment j&#039;ai r\u00e9duit ma consommation de sel avec la sauce soja et le msg | Vie Associative<\/title>\n<meta name=\"robots\" content=\"index, follow, max-snippet:-1, max-image-preview:large, max-video-preview:-1\" \/>\n<link rel=\"canonical\" href=\"https:\/\/vieassociative.be\/actualites\/comment-jai-reduit-ma-consommation-de-sel-avec-la-sauce-soja-et-le-msg\/\" \/>\n<meta property=\"og:locale\" content=\"fr_FR\" \/>\n<meta property=\"og:type\" content=\"article\" \/>\n<meta property=\"og:title\" content=\"Comment j&#039;ai r\u00e9duit ma consommation de sel avec la sauce soja et le msg | Vie Associative\" \/>\n<meta property=\"og:description\" content=\"Je suis le plus grand fan de Salt, mais il existe d&rsquo;autres fa\u00e7ons de faire de la nourriture savoureuse. Je d\u00e9jeunais r\u00e9cemment avec quelques amis\" \/>\n<meta property=\"og:url\" content=\"https:\/\/vieassociative.be\/actualites\/comment-jai-reduit-ma-consommation-de-sel-avec-la-sauce-soja-et-le-msg\/\" \/>\n<meta property=\"og:site_name\" content=\"Vie Associative\" \/>\n<meta property=\"article:published_time\" content=\"2025-04-24T19:17:38+00:00\" \/>\n<meta property=\"og:image\" content=\"https:\/\/vieassociative.be\/actualites\/wp-content\/uploads\/2025\/04\/Comment-jai-reduit-ma-consommation-de-sel-avec-la-sauce.jpg\" \/>\n<meta name=\"author\" content=\"Julien\" \/>\n<meta name=\"twitter:card\" content=\"summary_large_image\" \/>\n<meta name=\"twitter:label1\" content=\"\u00c9crit par\" \/>\n\t<meta name=\"twitter:data1\" content=\"Julien\" \/>\n\t<meta name=\"twitter:label2\" content=\"Dur\u00e9e de lecture est.\" \/>\n\t<meta name=\"twitter:data2\" content=\"5 minutes\" \/>\n<script type=\"application\/ld+json\" class=\"yoast-schema-graph\">{\"@context\":\"https:\/\/schema.org\",\"@graph\":[{\"@type\":\"Article\",\"@id\":\"https:\/\/vieassociative.be\/actualites\/comment-jai-reduit-ma-consommation-de-sel-avec-la-sauce-soja-et-le-msg\/#article\",\"isPartOf\":{\"@id\":\"https:\/\/vieassociative.be\/actualites\/comment-jai-reduit-ma-consommation-de-sel-avec-la-sauce-soja-et-le-msg\/\"},\"author\":{\"name\":\"Julien\",\"@id\":\"https:\/\/vieassociative.be\/actualites\/#\/schema\/person\/b87ac4f82f9d4e7b7cec7395b679edc4\"},\"headline\":\"Comment j&rsquo;ai r\u00e9duit ma consommation de sel avec la sauce soja et le msg\",\"datePublished\":\"2025-04-24T19:17:38+00:00\",\"dateModified\":\"2025-04-24T19:17:38+00:00\",\"mainEntityOfPage\":{\"@id\":\"https:\/\/vieassociative.be\/actualites\/comment-jai-reduit-ma-consommation-de-sel-avec-la-sauce-soja-et-le-msg\/\"},\"wordCount\":1047,\"publisher\":{\"@id\":\"https:\/\/vieassociative.be\/actualites\/#organization\"},\"image\":{\"@id\":\"https:\/\/vieassociative.be\/actualites\/comment-jai-reduit-ma-consommation-de-sel-avec-la-sauce-soja-et-le-msg\/#primaryimage\"},\"thumbnailUrl\":\"https:\/\/vieassociative.be\/actualites\/wp-content\/uploads\/2025\/04\/1745522259_Comment-jai-reduit-ma-consommation-de-sel-avec-la-sauce.jpg\",\"keywords\":[\"avec\",\"Comment\",\"consommation\",\"Jai\",\"MSG\",\"r\u00e9duit\",\"sauce\",\"sel\",\"soja\"],\"inLanguage\":\"fr-BE\"},{\"@type\":\"WebPage\",\"@id\":\"https:\/\/vieassociative.be\/actualites\/comment-jai-reduit-ma-consommation-de-sel-avec-la-sauce-soja-et-le-msg\/\",\"url\":\"https:\/\/vieassociative.be\/actualites\/comment-jai-reduit-ma-consommation-de-sel-avec-la-sauce-soja-et-le-msg\/\",\"name\":\"Comment j'ai r\u00e9duit ma consommation de sel avec la sauce soja et le msg | Vie Associative\",\"isPartOf\":{\"@id\":\"https:\/\/vieassociative.be\/actualites\/#website\"},\"primaryImageOfPage\":{\"@id\":\"https:\/\/vieassociative.be\/actualites\/comment-jai-reduit-ma-consommation-de-sel-avec-la-sauce-soja-et-le-msg\/#primaryimage\"},\"image\":{\"@id\":\"https:\/\/vieassociative.be\/actualites\/comment-jai-reduit-ma-consommation-de-sel-avec-la-sauce-soja-et-le-msg\/#primaryimage\"},\"thumbnailUrl\":\"https:\/\/vieassociative.be\/actualites\/wp-content\/uploads\/2025\/04\/1745522259_Comment-jai-reduit-ma-consommation-de-sel-avec-la-sauce.jpg\",\"datePublished\":\"2025-04-24T19:17:38+00:00\",\"dateModified\":\"2025-04-24T19:17:38+00:00\",\"breadcrumb\":{\"@id\":\"https:\/\/vieassociative.be\/actualites\/comment-jai-reduit-ma-consommation-de-sel-avec-la-sauce-soja-et-le-msg\/#breadcrumb\"},\"inLanguage\":\"fr-BE\",\"potentialAction\":[{\"@type\":\"ReadAction\",\"target\":[\"https:\/\/vieassociative.be\/actualites\/comment-jai-reduit-ma-consommation-de-sel-avec-la-sauce-soja-et-le-msg\/\"]}]},{\"@type\":\"ImageObject\",\"inLanguage\":\"fr-BE\",\"@id\":\"https:\/\/vieassociative.be\/actualites\/comment-jai-reduit-ma-consommation-de-sel-avec-la-sauce-soja-et-le-msg\/#primaryimage\",\"url\":\"https:\/\/vieassociative.be\/actualites\/wp-content\/uploads\/2025\/04\/1745522259_Comment-jai-reduit-ma-consommation-de-sel-avec-la-sauce.jpg\",\"contentUrl\":\"https:\/\/vieassociative.be\/actualites\/wp-content\/uploads\/2025\/04\/1745522259_Comment-jai-reduit-ma-consommation-de-sel-avec-la-sauce.jpg\",\"width\":1200,\"height\":675,\"caption\":\"Comment j'ai r\u00e9duit ma consommation de sel avec la sauce soja et le msg\"},{\"@type\":\"BreadcrumbList\",\"@id\":\"https:\/\/vieassociative.be\/actualites\/comment-jai-reduit-ma-consommation-de-sel-avec-la-sauce-soja-et-le-msg\/#breadcrumb\",\"itemListElement\":[{\"@type\":\"ListItem\",\"position\":1,\"name\":\"Accueil\",\"item\":\"https:\/\/vieassociative.be\/actualites\/\"},{\"@type\":\"ListItem\",\"position\":2,\"name\":\"Comment j&rsquo;ai r\u00e9duit ma consommation de sel avec la sauce soja et le msg\"}]},{\"@type\":\"WebSite\",\"@id\":\"https:\/\/vieassociative.be\/actualites\/#website\",\"url\":\"https:\/\/vieassociative.be\/actualites\/\",\"name\":\"Vie Associative\",\"description\":\"\",\"publisher\":{\"@id\":\"https:\/\/vieassociative.be\/actualites\/#organization\"},\"potentialAction\":[{\"@type\":\"SearchAction\",\"target\":{\"@type\":\"EntryPoint\",\"urlTemplate\":\"https:\/\/vieassociative.be\/actualites\/?s={search_term_string}\"},\"query-input\":{\"@type\":\"PropertyValueSpecification\",\"valueRequired\":true,\"valueName\":\"search_term_string\"}}],\"inLanguage\":\"fr-BE\"},{\"@type\":\"Organization\",\"@id\":\"https:\/\/vieassociative.be\/actualites\/#organization\",\"name\":\"Vie Associative\",\"url\":\"https:\/\/vieassociative.be\/actualites\/\",\"logo\":{\"@type\":\"ImageObject\",\"inLanguage\":\"fr-BE\",\"@id\":\"https:\/\/vieassociative.be\/actualites\/#\/schema\/logo\/image\/\",\"url\":\"https:\/\/vieassociative.be\/actualites\/wp-content\/uploads\/2024\/09\/cropped-vieassociative_favicon.ico.png\",\"contentUrl\":\"https:\/\/vieassociative.be\/actualites\/wp-content\/uploads\/2024\/09\/cropped-vieassociative_favicon.ico.png\",\"width\":512,\"height\":512,\"caption\":\"Vie Associative\"},\"image\":{\"@id\":\"https:\/\/vieassociative.be\/actualites\/#\/schema\/logo\/image\/\"}},{\"@type\":\"Person\",\"@id\":\"https:\/\/vieassociative.be\/actualites\/#\/schema\/person\/b87ac4f82f9d4e7b7cec7395b679edc4\",\"name\":\"Julien\",\"image\":{\"@type\":\"ImageObject\",\"inLanguage\":\"fr-BE\",\"@id\":\"https:\/\/vieassociative.be\/actualites\/#\/schema\/person\/image\/\",\"url\":\"https:\/\/vieassociative.be\/actualites\/wp-content\/uploads\/2024\/09\/vie-associative-1-150x150.jpg\",\"contentUrl\":\"https:\/\/vieassociative.be\/actualites\/wp-content\/uploads\/2024\/09\/vie-associative-1-150x150.jpg\",\"caption\":\"Julien\"},\"description\":\"Je suis Julien, r\u00e9dacteur pour Vie Associative. Passionn\u00e9 par le monde associatif depuis plus de 10 ans, j'ai \u00e0 c\u0153ur de partager des histoires inspirantes et de mettre en lumi\u00e8re les initiatives locales. Mon objectif est de sensibiliser et d'encourager l'engagement communautaire \u00e0 travers mes articles.\",\"sameAs\":[\"https:\/\/vieassociative.be\/\"]}]}<\/script>\n<!-- \/ Yoast SEO plugin. -->","yoast_head_json":{"title":"Comment j'ai r\u00e9duit ma consommation de sel avec la sauce soja et le msg | Vie Associative","robots":{"index":"index","follow":"follow","max-snippet":"max-snippet:-1","max-image-preview":"max-image-preview:large","max-video-preview":"max-video-preview:-1"},"canonical":"https:\/\/vieassociative.be\/actualites\/comment-jai-reduit-ma-consommation-de-sel-avec-la-sauce-soja-et-le-msg\/","og_locale":"fr_FR","og_type":"article","og_title":"Comment j'ai r\u00e9duit ma consommation de sel avec la sauce soja et le msg | Vie Associative","og_description":"Je suis le plus grand fan de Salt, mais il existe d&rsquo;autres fa\u00e7ons de faire de la nourriture savoureuse. Je d\u00e9jeunais r\u00e9cemment avec quelques amis","og_url":"https:\/\/vieassociative.be\/actualites\/comment-jai-reduit-ma-consommation-de-sel-avec-la-sauce-soja-et-le-msg\/","og_site_name":"Vie Associative","article_published_time":"2025-04-24T19:17:38+00:00","og_image":[{"url":"https:\/\/vieassociative.be\/actualites\/wp-content\/uploads\/2025\/04\/Comment-jai-reduit-ma-consommation-de-sel-avec-la-sauce.jpg","type":"","width":"","height":""}],"author":"Julien","twitter_card":"summary_large_image","twitter_misc":{"\u00c9crit par":"Julien","Dur\u00e9e de lecture est.":"5 minutes"},"schema":{"@context":"https:\/\/schema.org","@graph":[{"@type":"Article","@id":"https:\/\/vieassociative.be\/actualites\/comment-jai-reduit-ma-consommation-de-sel-avec-la-sauce-soja-et-le-msg\/#article","isPartOf":{"@id":"https:\/\/vieassociative.be\/actualites\/comment-jai-reduit-ma-consommation-de-sel-avec-la-sauce-soja-et-le-msg\/"},"author":{"name":"Julien","@id":"https:\/\/vieassociative.be\/actualites\/#\/schema\/person\/b87ac4f82f9d4e7b7cec7395b679edc4"},"headline":"Comment j&rsquo;ai r\u00e9duit ma consommation de sel avec la sauce soja et le msg","datePublished":"2025-04-24T19:17:38+00:00","dateModified":"2025-04-24T19:17:38+00:00","mainEntityOfPage":{"@id":"https:\/\/vieassociative.be\/actualites\/comment-jai-reduit-ma-consommation-de-sel-avec-la-sauce-soja-et-le-msg\/"},"wordCount":1047,"publisher":{"@id":"https:\/\/vieassociative.be\/actualites\/#organization"},"image":{"@id":"https:\/\/vieassociative.be\/actualites\/comment-jai-reduit-ma-consommation-de-sel-avec-la-sauce-soja-et-le-msg\/#primaryimage"},"thumbnailUrl":"https:\/\/vieassociative.be\/actualites\/wp-content\/uploads\/2025\/04\/1745522259_Comment-jai-reduit-ma-consommation-de-sel-avec-la-sauce.jpg","keywords":["avec","Comment","consommation","Jai","MSG","r\u00e9duit","sauce","sel","soja"],"inLanguage":"fr-BE"},{"@type":"WebPage","@id":"https:\/\/vieassociative.be\/actualites\/comment-jai-reduit-ma-consommation-de-sel-avec-la-sauce-soja-et-le-msg\/","url":"https:\/\/vieassociative.be\/actualites\/comment-jai-reduit-ma-consommation-de-sel-avec-la-sauce-soja-et-le-msg\/","name":"Comment j'ai r\u00e9duit ma consommation de sel avec la sauce soja et le msg | Vie Associative","isPartOf":{"@id":"https:\/\/vieassociative.be\/actualites\/#website"},"primaryImageOfPage":{"@id":"https:\/\/vieassociative.be\/actualites\/comment-jai-reduit-ma-consommation-de-sel-avec-la-sauce-soja-et-le-msg\/#primaryimage"},"image":{"@id":"https:\/\/vieassociative.be\/actualites\/comment-jai-reduit-ma-consommation-de-sel-avec-la-sauce-soja-et-le-msg\/#primaryimage"},"thumbnailUrl":"https:\/\/vieassociative.be\/actualites\/wp-content\/uploads\/2025\/04\/1745522259_Comment-jai-reduit-ma-consommation-de-sel-avec-la-sauce.jpg","datePublished":"2025-04-24T19:17:38+00:00","dateModified":"2025-04-24T19:17:38+00:00","breadcrumb":{"@id":"https:\/\/vieassociative.be\/actualites\/comment-jai-reduit-ma-consommation-de-sel-avec-la-sauce-soja-et-le-msg\/#breadcrumb"},"inLanguage":"fr-BE","potentialAction":[{"@type":"ReadAction","target":["https:\/\/vieassociative.be\/actualites\/comment-jai-reduit-ma-consommation-de-sel-avec-la-sauce-soja-et-le-msg\/"]}]},{"@type":"ImageObject","inLanguage":"fr-BE","@id":"https:\/\/vieassociative.be\/actualites\/comment-jai-reduit-ma-consommation-de-sel-avec-la-sauce-soja-et-le-msg\/#primaryimage","url":"https:\/\/vieassociative.be\/actualites\/wp-content\/uploads\/2025\/04\/1745522259_Comment-jai-reduit-ma-consommation-de-sel-avec-la-sauce.jpg","contentUrl":"https:\/\/vieassociative.be\/actualites\/wp-content\/uploads\/2025\/04\/1745522259_Comment-jai-reduit-ma-consommation-de-sel-avec-la-sauce.jpg","width":1200,"height":675,"caption":"Comment j'ai r\u00e9duit ma consommation de sel avec la sauce soja et le msg"},{"@type":"BreadcrumbList","@id":"https:\/\/vieassociative.be\/actualites\/comment-jai-reduit-ma-consommation-de-sel-avec-la-sauce-soja-et-le-msg\/#breadcrumb","itemListElement":[{"@type":"ListItem","position":1,"name":"Accueil","item":"https:\/\/vieassociative.be\/actualites\/"},{"@type":"ListItem","position":2,"name":"Comment j&rsquo;ai r\u00e9duit ma consommation de sel avec la sauce soja et le msg"}]},{"@type":"WebSite","@id":"https:\/\/vieassociative.be\/actualites\/#website","url":"https:\/\/vieassociative.be\/actualites\/","name":"Vie Associative","description":"","publisher":{"@id":"https:\/\/vieassociative.be\/actualites\/#organization"},"potentialAction":[{"@type":"SearchAction","target":{"@type":"EntryPoint","urlTemplate":"https:\/\/vieassociative.be\/actualites\/?s={search_term_string}"},"query-input":{"@type":"PropertyValueSpecification","valueRequired":true,"valueName":"search_term_string"}}],"inLanguage":"fr-BE"},{"@type":"Organization","@id":"https:\/\/vieassociative.be\/actualites\/#organization","name":"Vie Associative","url":"https:\/\/vieassociative.be\/actualites\/","logo":{"@type":"ImageObject","inLanguage":"fr-BE","@id":"https:\/\/vieassociative.be\/actualites\/#\/schema\/logo\/image\/","url":"https:\/\/vieassociative.be\/actualites\/wp-content\/uploads\/2024\/09\/cropped-vieassociative_favicon.ico.png","contentUrl":"https:\/\/vieassociative.be\/actualites\/wp-content\/uploads\/2024\/09\/cropped-vieassociative_favicon.ico.png","width":512,"height":512,"caption":"Vie Associative"},"image":{"@id":"https:\/\/vieassociative.be\/actualites\/#\/schema\/logo\/image\/"}},{"@type":"Person","@id":"https:\/\/vieassociative.be\/actualites\/#\/schema\/person\/b87ac4f82f9d4e7b7cec7395b679edc4","name":"Julien","image":{"@type":"ImageObject","inLanguage":"fr-BE","@id":"https:\/\/vieassociative.be\/actualites\/#\/schema\/person\/image\/","url":"https:\/\/vieassociative.be\/actualites\/wp-content\/uploads\/2024\/09\/vie-associative-1-150x150.jpg","contentUrl":"https:\/\/vieassociative.be\/actualites\/wp-content\/uploads\/2024\/09\/vie-associative-1-150x150.jpg","caption":"Julien"},"description":"Je suis Julien, r\u00e9dacteur pour Vie Associative. Passionn\u00e9 par le monde associatif depuis plus de 10 ans, j'ai \u00e0 c\u0153ur de partager des histoires inspirantes et de mettre en lumi\u00e8re les initiatives locales. Mon objectif est de sensibiliser et d'encourager l'engagement communautaire \u00e0 travers mes articles.","sameAs":["https:\/\/vieassociative.be\/"]}]}},"_links":{"self":[{"href":"https:\/\/vieassociative.be\/actualites\/wp-json\/wp\/v2\/posts\/7005"}],"collection":[{"href":"https:\/\/vieassociative.be\/actualites\/wp-json\/wp\/v2\/posts"}],"about":[{"href":"https:\/\/vieassociative.be\/actualites\/wp-json\/wp\/v2\/types\/post"}],"author":[{"embeddable":true,"href":"https:\/\/vieassociative.be\/actualites\/wp-json\/wp\/v2\/users\/1"}],"replies":[{"embeddable":true,"href":"https:\/\/vieassociative.be\/actualites\/wp-json\/wp\/v2\/comments?post=7005"}],"version-history":[{"count":0,"href":"https:\/\/vieassociative.be\/actualites\/wp-json\/wp\/v2\/posts\/7005\/revisions"}],"wp:featuredmedia":[{"embeddable":true,"href":"https:\/\/vieassociative.be\/actualites\/wp-json\/wp\/v2\/media\/7006"}],"wp:attachment":[{"href":"https:\/\/vieassociative.be\/actualites\/wp-json\/wp\/v2\/media?parent=7005"}],"wp:term":[{"taxonomy":"category","embeddable":true,"href":"https:\/\/vieassociative.be\/actualites\/wp-json\/wp\/v2\/categories?post=7005"},{"taxonomy":"post_tag","embeddable":true,"href":"https:\/\/vieassociative.be\/actualites\/wp-json\/wp\/v2\/tags?post=7005"}],"curies":[{"name":"wp","href":"https:\/\/api.w.org\/{rel}","templated":true}]}}