{"id":7003,"date":"2025-04-24T20:17:30","date_gmt":"2025-04-24T18:17:30","guid":{"rendered":"https:\/\/vieassociative.be\/actualites\/10-tres-bons-podcasts-sur-de-tres-mauvaises-personnes\/"},"modified":"2025-04-24T20:17:30","modified_gmt":"2025-04-24T18:17:30","slug":"10-tres-bons-podcasts-sur-de-tres-mauvaises-personnes","status":"publish","type":"post","link":"https:\/\/vieassociative.be\/actualites\/10-tres-bons-podcasts-sur-de-tres-mauvaises-personnes\/","title":{"rendered":"10 tr\u00e8s bons podcasts sur de tr\u00e8s mauvaises personnes"},"content":{"rendered":"<div class=\"mt-4 leading-6 md:mb-8\">Ces podcasts explorent les figures les plus d\u00e9sordonn\u00e9es, les plus mena\u00e7antes du monde (et parfois mal compris).<\/div>\n<p><\/p>\n<p>Des tyrants inf\u00e2mes aux monstres m\u00e9diatiques modernes, ces podcasts explorent les personnages les plus d\u00e9sordonn\u00e9s, les plus mena\u00e7ants et parfois mal compris \u00e0 travers l&rsquo;histoire. Que vous soyez dans le v\u00e9ritable crime, la culture pop, la philosophie ou l&rsquo;intrigue politique, voici 10 podcasts remarquables qui plongent profond\u00e9ment dans le c\u00f4t\u00e9 obscur.<\/p>\n<hr>\n<h2 id=\"behind-the-bastards\"><em>Derri\u00e8re les salauds<\/em><\/h2>\n<div class=\"eloquent-imagery-image\">\n<div class=\"flex justify-center\">\n                    <img decoding=\"async\" class=\"border border-gray-100\" src=\"https:\/\/vieassociative.be\/actualites\/wp-content\/uploads\/2025\/04\/10-tres-bons-podcasts-sur-de-tres-mauvaises-personnes.webp.webp\" alt=\"Derri\u00e8re l'art du podcast \"derri\u00e8re les salauds\"\" width=\"2000\" height=\"2000\" loading=\"lazy\"  >\n            <\/div>\n<\/p><\/div>\n<p>H\u00e9berg\u00e9 par Robert Evans (pas le Film Guy, le journaliste et ancien correspondant de guerre) <em>Derri\u00e8re les salauds<\/em> est une plong\u00e9e profonde dans certaines des pires personnes de l&rsquo;histoire, des dictateurs brutaux aux grainters modernes et aux chefs de culte. Les \u00e9pisodes sont longs et sont extr\u00eamement en profondeur. Evans prendra souvent plusieurs \u00e9pisodes pour couvrir un seul sujet. (Comme sa s\u00e9rie Vince McMahon, qui est incroyable et un bon point de d\u00e9part.) \u00c0 chaque \u00e9pisode, lui et un invit\u00e9 m\u00e9langent une recherche historique nette avec l&rsquo;humour mordant et une petite rage juste. C&rsquo;est sombre, dr\u00f4le et \u00e9ducatif.<\/p>\n<hr>\n<h2 id=\"behind-the-insurrections\"><em>Derri\u00e8re les insurrections<\/em><\/h2>\n<div class=\"eloquent-imagery-image\">\n<div class=\"flex justify-center\">\n                    <img decoding=\"async\" class=\"border border-gray-100\" src=\"https:\/\/vieassociative.be\/actualites\/wp-content\/uploads\/2025\/04\/1745518648_474_10-tres-bons-podcasts-sur-de-tres-mauvaises-personnes.webp.webp\" alt=\"Derri\u00e8re l'art du podcast \"derri\u00e8re les insurrections\"\" width=\"2000\" height=\"2000\" loading=\"lazy\"  >\n            <\/div>\n<\/p><\/div>\n<p>Un spin-off de <em>Derri\u00e8re les salauds<\/em> (et \u00e9galement h\u00e9berg\u00e9 par Robert Evans), <em>Derri\u00e8re les insurrections<\/em> est une s\u00e9rie limit\u00e9e qui examine l&rsquo;histoire des tentatives d&rsquo;insurrections (et r\u00e9ussies) dans le monde. (Il y a aussi une pinc\u00e9e amusante sur les antifascistes de l&rsquo;histoire.) Avec son ami et co-animateur de propagande (de <em>Politique de capot<\/em>), Evans utilise son esprit et sa perspicacit\u00e9 signature pour entra\u00eener des parall\u00e8les effrayants entre les soul\u00e8vements pass\u00e9s et les menaces modernes \u00e0 la d\u00e9mocratie qui se sentent \u00e0 la fois clarifiantes et terrifiantes. C&rsquo;est choquant \u00e0 quel point tout cela semble familier. Commencez au tout d\u00e9but avec \u00ab\u00a0Mussolini&rsquo;s March sur Rome: la premi\u00e8re insurrection fasciste\u00a0\u00bb.<\/p>\n<hr>\n<h2 id=\"weird-little-guys\"><em>Petits gars bizarres<\/em><\/h2>\n<div class=\"eloquent-imagery-image\">\n<div class=\"flex justify-center\">\n                    <img decoding=\"async\" class=\"border border-gray-100\" src=\"https:\/\/vieassociative.be\/actualites\/wp-content\/uploads\/2025\/04\/1745518648_361_10-tres-bons-podcasts-sur-de-tres-mauvaises-personnes.webp.webp\" alt=\"L'art du podcast \"bizarre des petits gars\" width=\"2000\" height=\"2000\" loading=\"lazy\"  >\n            <\/div>\n<\/p><\/div>\n<p>Sur les petits gars bizarres, Molly Conger se penche dans son expertise de niche: des gens terribles qui, au fond, sont en fait juste g\u00e2ch\u00e9s. Dans chaque \u00e9pisode, elle profil les personnages douteux de l&rsquo;histoire, des m\u00e9dias et du mythe dont vous avez peut-\u00eatre entendu parler. J&rsquo;adore que m\u00eame si le sujet est lourd ou d\u00e9primant, \u00e9couter cette \u00e9mission ressemble \u00e0 des ragots de votre ami intelligent et bien lu. Si vous ne pouvez rien faire pour Skinheads, le moins que vous puissiez faire est de d\u00e9terminer comment ils devaient \u00eatre des perdants aussi \u00e9normes. C&rsquo;est cathartique. <\/p>\n<hr>\n<h2 id=\"this-guy-sucked\"><em>Ce mec a suc\u00e9<\/em><\/h2>\n<div class=\"eloquent-imagery-image\">\n<div class=\"flex justify-center\">\n                    <img decoding=\"async\" class=\"border border-gray-100\" src=\"https:\/\/vieassociative.be\/actualites\/wp-content\/uploads\/2025\/04\/1745518649_647_10-tres-bons-podcasts-sur-de-tres-mauvaises-personnes.webp.webp\" alt=\"L'art du podcast \u00abce mec a \u00e9t\u00e9 nul\u00bb\" width=\"2000\" height=\"2000\" loading=\"lazy\"  >\n            <\/div>\n<\/p><\/div>\n<p>L&rsquo;historienne Claire Aubin est l&rsquo;h\u00f4te de <em>Ce mec a suc\u00e9<\/em>un d\u00e9montage acad\u00e9mique d&rsquo;hommes horribles \u00e0 travers l&rsquo;histoire, la culture et les \u00e9v\u00e9nements actuels, de Voltaire aux lib\u00e9raux du milieu du si\u00e8cle. Claire monte la mise avec les historiens et les professeurs pour des conversations qui sont \u00e0 parts \u00e9gales dr\u00f4les et intelligentes. C&rsquo;est un podcast d&rsquo;histoire avec un h\u00f4te formidable qui fait plus que la simple lecture des entr\u00e9es Wikipedia &#8211; elle a d\u00e9clench\u00e9 des conversations attrayantes et vous enseigne certaines des choses que vous avez mal apprises la premi\u00e8re fois. <\/p>\n<hr>\n<h2 id=\"bad-gays\"><em>Mauvais gays<\/em><\/h2>\n<div class=\"eloquent-imagery-image\">\n<div class=\"flex justify-center\">\n                    <img decoding=\"async\" class=\"border border-gray-100\" src=\"https:\/\/vieassociative.be\/actualites\/wp-content\/uploads\/2025\/04\/1745518649_25_10-tres-bons-podcasts-sur-de-tres-mauvaises-personnes.webp.webp\" alt=\"Art du podcast 'Bad Gays'\" width=\"2000\" height=\"2000\" loading=\"lazy\"  >\n            <\/div>\n<\/p><\/div>\n<p>Bad Gays, anim\u00e9 par Huw Lemmey et Ben Miller, met en lumi\u00e8re des personnages m\u00e9chants, mais seulement les queer. Chaque \u00e9pisode est plein de grande narration, de nombreuses blagues et de rigueur acad\u00e9mique. Il remet en question les r\u00e9cits simplistes et pose des questions importantes sur le pouvoir, l&rsquo;identit\u00e9 et la complicit\u00e9, quelque chose auquel quiconque sur le spectre de genre peut \u00eatre la proie. Commencez par \u00abJ. Edgar Hoover\u00bb, un \u00e9pisode sur un mauvais gay embl\u00e9matique, diss\u00e9qu\u00e9 avec nuance et esprit.<\/p>\n<hr>\n<h2 id=\"real-dictators\"><em>Vrais dictateurs<\/em><\/h2>\n<div class=\"eloquent-imagery-image\">\n<div class=\"flex justify-center\">\n                    <img decoding=\"async\" class=\"border border-gray-100\" src=\"https:\/\/vieassociative.be\/actualites\/wp-content\/uploads\/2025\/04\/1745518649_882_10-tres-bons-podcasts-sur-de-tres-mauvaises-personnes.webp.webp\" alt=\"Art du podcast \"Real Dictors\"\" width=\"2000\" height=\"2000\" loading=\"lazy\"  >\n            <\/div>\n<\/p><\/div>\n<p>Les vrais dictateurs sont un podcast d&rsquo;histoire narrative captivante qui plonge dans la vie de certains des dirigeants autoritaires les plus inf\u00e2mes du monde. H\u00e9berg\u00e9 par Paul McGann (avec un ton dramatique et cin\u00e9matographique), le spectacle m\u00e9lange des faits historiques avec le genre de narration immersive, une narration dramatique, un beau design sonore et une rythme convaincant qui vous donnera l&rsquo;impression d&rsquo;\u00eatre au cin\u00e9ma. Chaque saison ou \u00e9pisode en plusieurs parties se concentre sur un dictateur diff\u00e9rent &#8211; pensez \u00e0 Staline, Mao, Saddam Hussein &#8211; en tra\u00e7ant leur ascension au pouvoir, aux id\u00e9ologies et aux r\u00e9gimes brutaux.<\/p>\n<div class=\"pogoClear relative my-10 border-b-(1.5px) border-t-(1.5px) border-dashed border-black py-5 sm:my-14 sm:border-0 sm:py-0\" data-ga-click data-ga-template=\"Opinions\" data-ga-module=\"openweb_widget\" data-ga-element=\"openweb_scroll\" data-ga-item=\"openweb_scroll_midpage\" x-cloak x-data=\"{ commentsCount: null, hasComments: false }\" x-init=\"commentsCount = await window.openweb.getMessagesCount(01JSCV35QRDC0A2G9BRFFD6V1Y);\n     hasComments = commentsCount !== null &amp;&amp; commentsCount &gt; 0\"><\/p>\n<div class=\"absolute top-1\/2 hidden w-full -translate-y-1\/2 border-t-(1.5px) border-dashed border-black sm:block\"><\/div>\n<div class=\"relative flex justify-center\">\n<div class=\"flex max-w-max items-center gap-x-3 bg-white px-5\">\n<div class=\"relative\">\n                <span class=\"absolute left-1\/2 top-1\/2 -translate-x-1\/2 -translate-y-1\/2 font-akshar text-sm font-medium text-black\" x-show=\"hasComments\" x-text=\"commentsCount\"><\/span><\/p>\n<p>                <svg class=\"h-8 w-8 text-black\">\n                    <use href=\"http:\/\/lifehacker.com\/images\/icons\/spritemap.svg#sprite-chat-bubble\"><\/use>\n                <\/svg>\n            <\/div>\n<p>            <span class=\"text-sm font-medium text-black\"><\/p>\n<p>                Que pensez-vous jusqu&rsquo;\u00e0 pr\u00e9sent?<br \/>\n                <button class=\"font-semibold text-brand-green underline hover:text-brand-green-700\" onclick=\"window.openweb.scrollToComments(01JSCV35QRDC0A2G9BRFFD6V1Y)\" x-text=\"hasComments ? 'Post a comment.' : 'Be the first to post a comment.'\"><\/button><br \/>\n            <\/span>\n        <\/div>\n<\/p><\/div>\n<\/div>\n<hr>\n<h2 id=\"the-villain-was-right\"><em>Le m\u00e9chant avait raison<\/em><\/h2>\n<div class=\"eloquent-imagery-image\">\n<div class=\"flex justify-center\">\n                    <img decoding=\"async\" class=\"border border-gray-100\" src=\"https:\/\/vieassociative.be\/actualites\/wp-content\/uploads\/2025\/04\/1745518650_114_10-tres-bons-podcasts-sur-de-tres-mauvaises-personnes.webp.webp\" alt=\"`` Le m\u00e9chant \u00e9tait juste '' Podcast Art\" width=\"2000\" height=\"2000\" loading=\"lazy\"  >\n            <\/div>\n<\/p><\/div>\n<p><em>Le m\u00e9chant avait raison<\/em> Est-ce qu&rsquo;un podcast de Rewatch hilarant qui d\u00e9fend des m\u00e9chants de films c\u00e9l\u00e8bres et demande: \u00ab\u00a0\u00c9taient-ils vraiment si mal?\u00a0\u00bb Les com\u00e9diens Craig Fay et Rebecca Reeds apportent des \u00e9pisodes intelligents, irr\u00e9v\u00e9rencieux et \u00e9tonnamment convaincants. Tu ne regarderas jamais <em>Le diable porte Prada<\/em> de la m\u00eame mani\u00e8re. Nous ne parlons pas de Staline et Hitler, nous parlons des bandits humides <em>Seul \u00e0 la maison<\/em>. (En fait, c&rsquo;est un point de d\u00e9part amusant.) <\/p>\n<hr>\n<h2 id=\"disgraceland\"><em>D\u00e9mission<\/em><\/h2>\n<div class=\"eloquent-imagery-image\">\n<div class=\"flex justify-center\">\n                    <img decoding=\"async\" class=\"border border-gray-100\" src=\"https:\/\/vieassociative.be\/actualites\/wp-content\/uploads\/2025\/04\/1745518650_490_10-tres-bons-podcasts-sur-de-tres-mauvaises-personnes.webp.webp\" alt=\"Art du podcast 'Disgraceland'\" width=\"2000\" height=\"2000\" loading=\"lazy\"  >\n            <\/div>\n<\/p><\/div>\n<p>Sur <em>D\u00e9mission<\/em>Jake Brennan combine de v\u00e9ritables histoires de crime et le monde de la musique, pour raconter les histoires de musiciens qui se sont \u00e9loign\u00e9s de meurtre, sinon litt\u00e9ralement alors au figur\u00e9. Le niveau de production est \u00e9lev\u00e9, Jake a une voix inoubliable qui apporte un drame \u00e0 chaque histoire, et le spectacle est infiniment bingable. Pense <em>Derri\u00e8re la musique<\/em> Derri\u00e8re les barreaux.<\/p>\n<hr>\n<h2 id=\"evil-genius-with-russell-kane\"><em>Evil Genius avec Russell Kane<\/em><\/h2>\n<div class=\"eloquent-imagery-image\">\n<div class=\"flex justify-center\">\n                    <img decoding=\"async\" class=\"border border-gray-100\" src=\"https:\/\/vieassociative.be\/actualites\/wp-content\/uploads\/2025\/04\/1745518650_14_10-tres-bons-podcasts-sur-de-tres-mauvaises-personnes.webp.webp\" alt=\"Art du podcast 'Evil Genius'\" width=\"2000\" height=\"2000\" loading=\"lazy\"  >\n            <\/div>\n<\/p><\/div>\n<p>Vous allez adorer les d\u00e9bats sur <em>Mauvais g\u00e9nie<\/em>o\u00f9 l&rsquo;h\u00f4te et com\u00e9dien Russell Kane (et ses invit\u00e9s) soutiennent si les personnalit\u00e9s historiques controvers\u00e9es \u00e9taient vraiment mauvaises &#8211; ou tout simplement compliqu\u00e9es. C&rsquo;est \u00e0 la fois l&rsquo;histoire et le jeu! Russell est un com\u00e9dien, c&rsquo;est donc pour les gens qui aiment leur histoire avec un soup\u00e7on de com\u00e9die. Les \u00e9pisodes sont rapides et creusent dans les zones grises morales sans se faire pr\u00eacher. Commencez avec Walt Disney, un gars que nous aimons tous, mais qui a aussi besoin de quelques minutes sous le microscope. <\/p>\n<hr>\n<h2 id=\"very-bad-wizards\"><em>Tr\u00e8s mauvais sorciers<\/em><\/h2>\n<div class=\"eloquent-imagery-image\">\n<div class=\"flex justify-center\">\n                    <img decoding=\"async\" class=\"border border-gray-100\" src=\"https:\/\/vieassociative.be\/actualites\/wp-content\/uploads\/2025\/04\/1745518650_924_10-tres-bons-podcasts-sur-de-tres-mauvaises-personnes.webp.webp\" alt=\"Art du podcast `` Tr\u00e8s mauvais sorcier ''\" width=\"2000\" height=\"2000\" loading=\"lazy\"  >\n            <\/div>\n<\/p><\/div>\n<p>Sur les tr\u00e8s mauvais sorciers, un philosophe (Tamler Sommers) et un psychologue (David Pizarro) parlent de la moralit\u00e9 du mauvais comportement dans la culture pop, le cin\u00e9ma et la vraie vie. Il est \u00e0 la fois divertissant et vous enverra des trous de lapin philosophiques. Vous allez l&rsquo;adorer car il est \u00e0 la fois acad\u00e9mique et perspicace tout en \u00e9tant d\u00e9contract\u00e9 et amusant. Les Sommers apportent l&rsquo;\u00e9nergie philosophe arrogante et contraire et Pizarro offre des perspectives r\u00e9fl\u00e9chies et inform\u00e9es des donn\u00e9es. Ils ont une excellente chimie et ils n&rsquo;ont pas peur de r\u00f4tir les uns les autres.<\/p>\n","protected":false},"excerpt":{"rendered":"<p>Ces podcasts explorent les figures les plus d\u00e9sordonn\u00e9es, les plus mena\u00e7antes du monde (et parfois mal compris). Des tyrants inf\u00e2mes aux monstres m\u00e9diatiques modernes, ces<\/p>\n","protected":false},"author":1,"featured_media":7004,"comment_status":"","ping_status":"","sticky":false,"template":"","format":"standard","meta":{"footnotes":""},"categories":[36],"tags":[2340,6612,714,158,33,2493],"class_list":["post-7003","post","type-post","status-publish","format-standard","has-post-thumbnail","hentry","category-divertissement","tag-bons","tag-mauvaises","tag-personnes","tag-podcasts","tag-sur","tag-tres","generate-columns","tablet-grid-50","mobile-grid-100","grid-parent","grid-33"],"yoast_head":"<!-- This site is optimized with the Yoast SEO plugin v24.0 - https:\/\/yoast.com\/wordpress\/plugins\/seo\/ -->\n<title>10 tr\u00e8s bons podcasts sur de tr\u00e8s mauvaises personnes | Vie Associative<\/title>\n<meta name=\"robots\" content=\"index, follow, max-snippet:-1, max-image-preview:large, max-video-preview:-1\" \/>\n<link rel=\"canonical\" href=\"https:\/\/vieassociative.be\/actualites\/10-tres-bons-podcasts-sur-de-tres-mauvaises-personnes\/\" \/>\n<meta property=\"og:locale\" content=\"fr_FR\" \/>\n<meta property=\"og:type\" content=\"article\" \/>\n<meta property=\"og:title\" content=\"10 tr\u00e8s bons podcasts sur de tr\u00e8s mauvaises personnes | Vie Associative\" \/>\n<meta property=\"og:description\" content=\"Ces podcasts explorent les figures les plus d\u00e9sordonn\u00e9es, les plus mena\u00e7antes du monde (et parfois mal compris). Des tyrants inf\u00e2mes aux monstres m\u00e9diatiques modernes, ces\" \/>\n<meta property=\"og:url\" content=\"https:\/\/vieassociative.be\/actualites\/10-tres-bons-podcasts-sur-de-tres-mauvaises-personnes\/\" \/>\n<meta property=\"og:site_name\" content=\"Vie Associative\" \/>\n<meta property=\"article:published_time\" content=\"2025-04-24T18:17:30+00:00\" \/>\n<meta property=\"og:image\" content=\"https:\/\/vieassociative.be\/actualites\/wp-content\/uploads\/2025\/04\/10-tres-bons-podcasts-sur-de-tres-mauvaises-personnes.webp.webp\" \/>\n<meta name=\"author\" content=\"Julien\" \/>\n<meta name=\"twitter:card\" content=\"summary_large_image\" \/>\n<meta name=\"twitter:label1\" content=\"\u00c9crit par\" \/>\n\t<meta name=\"twitter:data1\" content=\"Julien\" \/>\n\t<meta name=\"twitter:label2\" content=\"Dur\u00e9e de lecture est.\" \/>\n\t<meta name=\"twitter:data2\" content=\"2 minutes\" \/>\n<script type=\"application\/ld+json\" class=\"yoast-schema-graph\">{\"@context\":\"https:\/\/schema.org\",\"@graph\":[{\"@type\":\"Article\",\"@id\":\"https:\/\/vieassociative.be\/actualites\/10-tres-bons-podcasts-sur-de-tres-mauvaises-personnes\/#article\",\"isPartOf\":{\"@id\":\"https:\/\/vieassociative.be\/actualites\/10-tres-bons-podcasts-sur-de-tres-mauvaises-personnes\/\"},\"author\":{\"name\":\"Julien\",\"@id\":\"https:\/\/vieassociative.be\/actualites\/#\/schema\/person\/b87ac4f82f9d4e7b7cec7395b679edc4\"},\"headline\":\"10 tr\u00e8s bons podcasts sur de tr\u00e8s mauvaises personnes\",\"datePublished\":\"2025-04-24T18:17:30+00:00\",\"dateModified\":\"2025-04-24T18:17:30+00:00\",\"mainEntityOfPage\":{\"@id\":\"https:\/\/vieassociative.be\/actualites\/10-tres-bons-podcasts-sur-de-tres-mauvaises-personnes\/\"},\"wordCount\":332,\"publisher\":{\"@id\":\"https:\/\/vieassociative.be\/actualites\/#organization\"},\"image\":{\"@id\":\"https:\/\/vieassociative.be\/actualites\/10-tres-bons-podcasts-sur-de-tres-mauvaises-personnes\/#primaryimage\"},\"thumbnailUrl\":\"https:\/\/vieassociative.be\/actualites\/wp-content\/uploads\/2025\/04\/10-tres-bons-podcasts-sur-de-tres-mauvaises-personnes.png\",\"keywords\":[\"bons\",\"mauvaises\",\"personnes\",\"podcasts\",\"sur\",\"tr\u00e8s\"],\"articleSection\":[\"Divertissement\"],\"inLanguage\":\"fr-BE\"},{\"@type\":\"WebPage\",\"@id\":\"https:\/\/vieassociative.be\/actualites\/10-tres-bons-podcasts-sur-de-tres-mauvaises-personnes\/\",\"url\":\"https:\/\/vieassociative.be\/actualites\/10-tres-bons-podcasts-sur-de-tres-mauvaises-personnes\/\",\"name\":\"10 tr\u00e8s bons podcasts sur de tr\u00e8s mauvaises personnes | Vie Associative\",\"isPartOf\":{\"@id\":\"https:\/\/vieassociative.be\/actualites\/#website\"},\"primaryImageOfPage\":{\"@id\":\"https:\/\/vieassociative.be\/actualites\/10-tres-bons-podcasts-sur-de-tres-mauvaises-personnes\/#primaryimage\"},\"image\":{\"@id\":\"https:\/\/vieassociative.be\/actualites\/10-tres-bons-podcasts-sur-de-tres-mauvaises-personnes\/#primaryimage\"},\"thumbnailUrl\":\"https:\/\/vieassociative.be\/actualites\/wp-content\/uploads\/2025\/04\/10-tres-bons-podcasts-sur-de-tres-mauvaises-personnes.png\",\"datePublished\":\"2025-04-24T18:17:30+00:00\",\"dateModified\":\"2025-04-24T18:17:30+00:00\",\"breadcrumb\":{\"@id\":\"https:\/\/vieassociative.be\/actualites\/10-tres-bons-podcasts-sur-de-tres-mauvaises-personnes\/#breadcrumb\"},\"inLanguage\":\"fr-BE\",\"potentialAction\":[{\"@type\":\"ReadAction\",\"target\":[\"https:\/\/vieassociative.be\/actualites\/10-tres-bons-podcasts-sur-de-tres-mauvaises-personnes\/\"]}]},{\"@type\":\"ImageObject\",\"inLanguage\":\"fr-BE\",\"@id\":\"https:\/\/vieassociative.be\/actualites\/10-tres-bons-podcasts-sur-de-tres-mauvaises-personnes\/#primaryimage\",\"url\":\"https:\/\/vieassociative.be\/actualites\/wp-content\/uploads\/2025\/04\/10-tres-bons-podcasts-sur-de-tres-mauvaises-personnes.png\",\"contentUrl\":\"https:\/\/vieassociative.be\/actualites\/wp-content\/uploads\/2025\/04\/10-tres-bons-podcasts-sur-de-tres-mauvaises-personnes.png\",\"width\":1200,\"height\":675,\"caption\":\"10 tr\u00e8s bons podcasts sur de tr\u00e8s mauvaises personnes\"},{\"@type\":\"BreadcrumbList\",\"@id\":\"https:\/\/vieassociative.be\/actualites\/10-tres-bons-podcasts-sur-de-tres-mauvaises-personnes\/#breadcrumb\",\"itemListElement\":[{\"@type\":\"ListItem\",\"position\":1,\"name\":\"Accueil\",\"item\":\"https:\/\/vieassociative.be\/actualites\/\"},{\"@type\":\"ListItem\",\"position\":2,\"name\":\"10 tr\u00e8s bons podcasts sur de tr\u00e8s mauvaises personnes\"}]},{\"@type\":\"WebSite\",\"@id\":\"https:\/\/vieassociative.be\/actualites\/#website\",\"url\":\"https:\/\/vieassociative.be\/actualites\/\",\"name\":\"Vie Associative\",\"description\":\"\",\"publisher\":{\"@id\":\"https:\/\/vieassociative.be\/actualites\/#organization\"},\"potentialAction\":[{\"@type\":\"SearchAction\",\"target\":{\"@type\":\"EntryPoint\",\"urlTemplate\":\"https:\/\/vieassociative.be\/actualites\/?s={search_term_string}\"},\"query-input\":{\"@type\":\"PropertyValueSpecification\",\"valueRequired\":true,\"valueName\":\"search_term_string\"}}],\"inLanguage\":\"fr-BE\"},{\"@type\":\"Organization\",\"@id\":\"https:\/\/vieassociative.be\/actualites\/#organization\",\"name\":\"Vie Associative\",\"url\":\"https:\/\/vieassociative.be\/actualites\/\",\"logo\":{\"@type\":\"ImageObject\",\"inLanguage\":\"fr-BE\",\"@id\":\"https:\/\/vieassociative.be\/actualites\/#\/schema\/logo\/image\/\",\"url\":\"https:\/\/vieassociative.be\/actualites\/wp-content\/uploads\/2024\/09\/cropped-vieassociative_favicon.ico.png\",\"contentUrl\":\"https:\/\/vieassociative.be\/actualites\/wp-content\/uploads\/2024\/09\/cropped-vieassociative_favicon.ico.png\",\"width\":512,\"height\":512,\"caption\":\"Vie Associative\"},\"image\":{\"@id\":\"https:\/\/vieassociative.be\/actualites\/#\/schema\/logo\/image\/\"}},{\"@type\":\"Person\",\"@id\":\"https:\/\/vieassociative.be\/actualites\/#\/schema\/person\/b87ac4f82f9d4e7b7cec7395b679edc4\",\"name\":\"Julien\",\"image\":{\"@type\":\"ImageObject\",\"inLanguage\":\"fr-BE\",\"@id\":\"https:\/\/vieassociative.be\/actualites\/#\/schema\/person\/image\/\",\"url\":\"https:\/\/vieassociative.be\/actualites\/wp-content\/uploads\/2024\/09\/vie-associative-1-150x150.jpg\",\"contentUrl\":\"https:\/\/vieassociative.be\/actualites\/wp-content\/uploads\/2024\/09\/vie-associative-1-150x150.jpg\",\"caption\":\"Julien\"},\"description\":\"Je suis Julien, r\u00e9dacteur pour Vie Associative. Passionn\u00e9 par le monde associatif depuis plus de 10 ans, j'ai \u00e0 c\u0153ur de partager des histoires inspirantes et de mettre en lumi\u00e8re les initiatives locales. Mon objectif est de sensibiliser et d'encourager l'engagement communautaire \u00e0 travers mes articles.\",\"sameAs\":[\"https:\/\/vieassociative.be\/\"]}]}<\/script>\n<!-- \/ Yoast SEO plugin. -->","yoast_head_json":{"title":"10 tr\u00e8s bons podcasts sur de tr\u00e8s mauvaises personnes | Vie Associative","robots":{"index":"index","follow":"follow","max-snippet":"max-snippet:-1","max-image-preview":"max-image-preview:large","max-video-preview":"max-video-preview:-1"},"canonical":"https:\/\/vieassociative.be\/actualites\/10-tres-bons-podcasts-sur-de-tres-mauvaises-personnes\/","og_locale":"fr_FR","og_type":"article","og_title":"10 tr\u00e8s bons podcasts sur de tr\u00e8s mauvaises personnes | Vie Associative","og_description":"Ces podcasts explorent les figures les plus d\u00e9sordonn\u00e9es, les plus mena\u00e7antes du monde (et parfois mal compris). Des tyrants inf\u00e2mes aux monstres m\u00e9diatiques modernes, ces","og_url":"https:\/\/vieassociative.be\/actualites\/10-tres-bons-podcasts-sur-de-tres-mauvaises-personnes\/","og_site_name":"Vie Associative","article_published_time":"2025-04-24T18:17:30+00:00","og_image":[{"url":"https:\/\/vieassociative.be\/actualites\/wp-content\/uploads\/2025\/04\/10-tres-bons-podcasts-sur-de-tres-mauvaises-personnes.webp.webp","type":"","width":"","height":""}],"author":"Julien","twitter_card":"summary_large_image","twitter_misc":{"\u00c9crit par":"Julien","Dur\u00e9e de lecture est.":"2 minutes"},"schema":{"@context":"https:\/\/schema.org","@graph":[{"@type":"Article","@id":"https:\/\/vieassociative.be\/actualites\/10-tres-bons-podcasts-sur-de-tres-mauvaises-personnes\/#article","isPartOf":{"@id":"https:\/\/vieassociative.be\/actualites\/10-tres-bons-podcasts-sur-de-tres-mauvaises-personnes\/"},"author":{"name":"Julien","@id":"https:\/\/vieassociative.be\/actualites\/#\/schema\/person\/b87ac4f82f9d4e7b7cec7395b679edc4"},"headline":"10 tr\u00e8s bons podcasts sur de tr\u00e8s mauvaises personnes","datePublished":"2025-04-24T18:17:30+00:00","dateModified":"2025-04-24T18:17:30+00:00","mainEntityOfPage":{"@id":"https:\/\/vieassociative.be\/actualites\/10-tres-bons-podcasts-sur-de-tres-mauvaises-personnes\/"},"wordCount":332,"publisher":{"@id":"https:\/\/vieassociative.be\/actualites\/#organization"},"image":{"@id":"https:\/\/vieassociative.be\/actualites\/10-tres-bons-podcasts-sur-de-tres-mauvaises-personnes\/#primaryimage"},"thumbnailUrl":"https:\/\/vieassociative.be\/actualites\/wp-content\/uploads\/2025\/04\/10-tres-bons-podcasts-sur-de-tres-mauvaises-personnes.png","keywords":["bons","mauvaises","personnes","podcasts","sur","tr\u00e8s"],"articleSection":["Divertissement"],"inLanguage":"fr-BE"},{"@type":"WebPage","@id":"https:\/\/vieassociative.be\/actualites\/10-tres-bons-podcasts-sur-de-tres-mauvaises-personnes\/","url":"https:\/\/vieassociative.be\/actualites\/10-tres-bons-podcasts-sur-de-tres-mauvaises-personnes\/","name":"10 tr\u00e8s bons podcasts sur de tr\u00e8s mauvaises personnes | Vie Associative","isPartOf":{"@id":"https:\/\/vieassociative.be\/actualites\/#website"},"primaryImageOfPage":{"@id":"https:\/\/vieassociative.be\/actualites\/10-tres-bons-podcasts-sur-de-tres-mauvaises-personnes\/#primaryimage"},"image":{"@id":"https:\/\/vieassociative.be\/actualites\/10-tres-bons-podcasts-sur-de-tres-mauvaises-personnes\/#primaryimage"},"thumbnailUrl":"https:\/\/vieassociative.be\/actualites\/wp-content\/uploads\/2025\/04\/10-tres-bons-podcasts-sur-de-tres-mauvaises-personnes.png","datePublished":"2025-04-24T18:17:30+00:00","dateModified":"2025-04-24T18:17:30+00:00","breadcrumb":{"@id":"https:\/\/vieassociative.be\/actualites\/10-tres-bons-podcasts-sur-de-tres-mauvaises-personnes\/#breadcrumb"},"inLanguage":"fr-BE","potentialAction":[{"@type":"ReadAction","target":["https:\/\/vieassociative.be\/actualites\/10-tres-bons-podcasts-sur-de-tres-mauvaises-personnes\/"]}]},{"@type":"ImageObject","inLanguage":"fr-BE","@id":"https:\/\/vieassociative.be\/actualites\/10-tres-bons-podcasts-sur-de-tres-mauvaises-personnes\/#primaryimage","url":"https:\/\/vieassociative.be\/actualites\/wp-content\/uploads\/2025\/04\/10-tres-bons-podcasts-sur-de-tres-mauvaises-personnes.png","contentUrl":"https:\/\/vieassociative.be\/actualites\/wp-content\/uploads\/2025\/04\/10-tres-bons-podcasts-sur-de-tres-mauvaises-personnes.png","width":1200,"height":675,"caption":"10 tr\u00e8s bons podcasts sur de tr\u00e8s mauvaises personnes"},{"@type":"BreadcrumbList","@id":"https:\/\/vieassociative.be\/actualites\/10-tres-bons-podcasts-sur-de-tres-mauvaises-personnes\/#breadcrumb","itemListElement":[{"@type":"ListItem","position":1,"name":"Accueil","item":"https:\/\/vieassociative.be\/actualites\/"},{"@type":"ListItem","position":2,"name":"10 tr\u00e8s bons podcasts sur de tr\u00e8s mauvaises personnes"}]},{"@type":"WebSite","@id":"https:\/\/vieassociative.be\/actualites\/#website","url":"https:\/\/vieassociative.be\/actualites\/","name":"Vie Associative","description":"","publisher":{"@id":"https:\/\/vieassociative.be\/actualites\/#organization"},"potentialAction":[{"@type":"SearchAction","target":{"@type":"EntryPoint","urlTemplate":"https:\/\/vieassociative.be\/actualites\/?s={search_term_string}"},"query-input":{"@type":"PropertyValueSpecification","valueRequired":true,"valueName":"search_term_string"}}],"inLanguage":"fr-BE"},{"@type":"Organization","@id":"https:\/\/vieassociative.be\/actualites\/#organization","name":"Vie Associative","url":"https:\/\/vieassociative.be\/actualites\/","logo":{"@type":"ImageObject","inLanguage":"fr-BE","@id":"https:\/\/vieassociative.be\/actualites\/#\/schema\/logo\/image\/","url":"https:\/\/vieassociative.be\/actualites\/wp-content\/uploads\/2024\/09\/cropped-vieassociative_favicon.ico.png","contentUrl":"https:\/\/vieassociative.be\/actualites\/wp-content\/uploads\/2024\/09\/cropped-vieassociative_favicon.ico.png","width":512,"height":512,"caption":"Vie Associative"},"image":{"@id":"https:\/\/vieassociative.be\/actualites\/#\/schema\/logo\/image\/"}},{"@type":"Person","@id":"https:\/\/vieassociative.be\/actualites\/#\/schema\/person\/b87ac4f82f9d4e7b7cec7395b679edc4","name":"Julien","image":{"@type":"ImageObject","inLanguage":"fr-BE","@id":"https:\/\/vieassociative.be\/actualites\/#\/schema\/person\/image\/","url":"https:\/\/vieassociative.be\/actualites\/wp-content\/uploads\/2024\/09\/vie-associative-1-150x150.jpg","contentUrl":"https:\/\/vieassociative.be\/actualites\/wp-content\/uploads\/2024\/09\/vie-associative-1-150x150.jpg","caption":"Julien"},"description":"Je suis Julien, r\u00e9dacteur pour Vie Associative. Passionn\u00e9 par le monde associatif depuis plus de 10 ans, j'ai \u00e0 c\u0153ur de partager des histoires inspirantes et de mettre en lumi\u00e8re les initiatives locales. Mon objectif est de sensibiliser et d'encourager l'engagement communautaire \u00e0 travers mes articles.","sameAs":["https:\/\/vieassociative.be\/"]}]}},"_links":{"self":[{"href":"https:\/\/vieassociative.be\/actualites\/wp-json\/wp\/v2\/posts\/7003"}],"collection":[{"href":"https:\/\/vieassociative.be\/actualites\/wp-json\/wp\/v2\/posts"}],"about":[{"href":"https:\/\/vieassociative.be\/actualites\/wp-json\/wp\/v2\/types\/post"}],"author":[{"embeddable":true,"href":"https:\/\/vieassociative.be\/actualites\/wp-json\/wp\/v2\/users\/1"}],"replies":[{"embeddable":true,"href":"https:\/\/vieassociative.be\/actualites\/wp-json\/wp\/v2\/comments?post=7003"}],"version-history":[{"count":0,"href":"https:\/\/vieassociative.be\/actualites\/wp-json\/wp\/v2\/posts\/7003\/revisions"}],"wp:featuredmedia":[{"embeddable":true,"href":"https:\/\/vieassociative.be\/actualites\/wp-json\/wp\/v2\/media\/7004"}],"wp:attachment":[{"href":"https:\/\/vieassociative.be\/actualites\/wp-json\/wp\/v2\/media?parent=7003"}],"wp:term":[{"taxonomy":"category","embeddable":true,"href":"https:\/\/vieassociative.be\/actualites\/wp-json\/wp\/v2\/categories?post=7003"},{"taxonomy":"post_tag","embeddable":true,"href":"https:\/\/vieassociative.be\/actualites\/wp-json\/wp\/v2\/tags?post=7003"}],"curies":[{"name":"wp","href":"https:\/\/api.w.org\/{rel}","templated":true}]}}