{"id":6997,"date":"2025-04-24T15:17:08","date_gmt":"2025-04-24T13:17:08","guid":{"rendered":"https:\/\/vieassociative.be\/actualites\/ce-casque-de-jeu-multiplateforme-est-a-son-prix-le-plus-bas-pour-le-moment\/"},"modified":"2025-04-24T15:17:08","modified_gmt":"2025-04-24T13:17:08","slug":"ce-casque-de-jeu-multiplateforme-est-a-son-prix-le-plus-bas-pour-le-moment","status":"publish","type":"post","link":"https:\/\/vieassociative.be\/actualites\/ce-casque-de-jeu-multiplateforme-est-a-son-prix-le-plus-bas-pour-le-moment\/","title":{"rendered":"Ce casque de jeu multiplateforme est \u00e0 son prix le plus bas pour le moment"},"content":{"rendered":"<div class=\"mt-4 leading-6 md:mb-8\">Un casque d\u00e9cent pour les utilisateurs multi-plateformes, mais pas un pour les audiophiles ou les streamers pour poursuivre la fid\u00e9lit\u00e9 du son de niveau sup\u00e9rieur.<\/div>\n<p><\/p>\n<p>Pour les fans de <em>Le mandalorien<\/em> Ou quiconque apr\u00e8s un casque avec un support multiplateforme, le Logitech Astro A30 (Mandalorian Edition) pourrait valoir un examen plus approfondi, surtout maintenant qu&rsquo;il a atteint son prix le plus bas (selon les trackers de prix) de 119,99 $ sur Woot (en baisse par rapport \u00e0 249 $). Le m\u00eame mod\u00e8le co\u00fbte actuellement 175 $ sur Amazon, ce qui fait de cette affaire Woot un choix solide si vous \u00eates dans les \u00c9tats-Unis contigu (Woot n&rsquo;exp\u00e9die pas ailleurs). Cet accord est en direct pendant huit jours ou jusqu&rsquo;\u00e0 ce que son stock soit \u00e9puis\u00e9. La livraison gratuite s&rsquo;applique aux membres Prime; D&rsquo;autres devront tousser 6 $. Le casque est livr\u00e9 avec une garantie limit\u00e9e Woot de 90 jours et comprend tout ce que vous attendez: un \u00e9metteur USB, un micro de boom d\u00e9tachable, des c\u00e2bles de charge et audio et un bo\u00eetier de transport \u00e0 coque dure.<\/p>\n<div class=\"pogoClear mb-12 mt-10 rounded-md border-2 border-gray-100 py-7 shadow-xl md:py-6\">\n<div class=\"flex flex-wrap justify-between px-7 text-black no-underline md:flex-nowrap md:px-8\">\n<div class=\"order-1 mx-auto flex flex-col justify-center md:order-2 md:ml-4 md:w-full md:grow\">\n<div class=\"block cursor-pointer text-center font-akshar text-2xl font-medium leading-7 text-brand-green duration-200 ease-in-out hover:text-brand-green-700 md:text-left md:text-xl md:leading-6\">Logitech Astro A30 (Mandalorian Edition)\n                <\/div>\n<div class=\"mt-4 hidden md:flex md:justify-between\">\n<div class=\"self-end\">\n<div class=\"mb-0 h-11 md:flex md:flex-col md:justify-center\">\n<div class=\" font-sans leading-4 text-black\">\n<div class=\"flex flex-wrap items-center justify-center gap-x-1 md:justify-start\">\n        <span class=\"font-bold\"><\/p>\n<p>            119,99 $<br \/>\n                            <span class=\"font-medium\">\u00e0 Woot<\/span><br \/>\n                    <\/span>\n            <\/div>\n<div class=\"flex items-center justify-center gap-x-1 font-bold md:justify-start\">\n            <span class=\"text-sm line-through\">249,00 $<\/span><br \/>\n            <span class=\"text-sm text-brand-green\">\u00c9conomisez 129,01 $<\/span>\n        <\/div>\n<\/p><\/div>\n<\/p><\/div>\n<\/p><\/div>\n<div class=\"w-44 self-end\">\n                            <button class=\"flex justify-center items-center w-full bg-brand-green text-white text-base font-sans font-medium rounded-md hover:bg-brand-green-700 hover:cursor-pointer md:text-sm h-11\"><\/p>\n<p>    Conclure un accord<br \/>\n<\/button>\n                        <\/div>\n<\/p><\/div>\n<\/p><\/div>\n<div class=\"order-2 mt-5 h-auto w-full md:order-1 md:mt-0 md:hidden\">\n<div class=\"flex aspect-video items-center justify-center\">\n                                            <img decoding=\"async\" class=\"m-0 max-h-full max-w-full rounded-md\" src=\"https:\/\/vieassociative.be\/actualites\/wp-content\/uploads\/2025\/04\/Ce-casque-de-jeu-multiplateforme-est-a-son-prix-le.png\" alt=\"Logitech Astro A30 (Mandalorian Edition)\" width=\"auto\" height=\"auto\" loading=\"lazy\">\n                                    <\/div>\n<\/p><\/div>\n<div class=\"order-2 ml-2 hidden w-32 shrink-0 items-center md:order-1 md:ml-0 md:flex\">\n<div class=\"flex aspect-video items-center justify-center\">\n                                            <img decoding=\"async\" class=\"m-0 max-h-full max-w-full rounded-md\" src=\"https:\/\/vieassociative.be\/actualites\/wp-content\/uploads\/2025\/04\/Ce-casque-de-jeu-multiplateforme-est-a-son-prix-le.png\" alt=\"Logitech Astro A30 (Mandalorian Edition)\" width=\"auto\" height=\"auto\" loading=\"lazy\">\n                                    <\/div>\n<\/p><\/div>\n<div class=\"order-3 flex grow flex-wrap md:hidden md:grow-0\">\n<div class=\"mt-4 w-full\">\n                        <button class=\"flex justify-center items-center w-full bg-brand-green text-white text-base font-sans font-medium rounded-md hover:bg-brand-green-700 hover:cursor-pointer md:text-sm h-11\"><\/p>\n<p>    Conclure un accord<br \/>\n<\/button>\n                    <\/div>\n<div class=\"mx-2 mt-4 w-full\">\n<div class=\" font-sans leading-4 text-black\">\n<div class=\"flex flex-wrap items-center justify-center gap-x-1 md:justify-start\">\n        <span class=\"font-bold\"><\/p>\n<p>            119,99 $<br \/>\n                            <span class=\"font-medium\">\u00e0 Woot<\/span><br \/>\n                    <\/span>\n            <\/div>\n<div class=\"flex items-center justify-center gap-x-1 font-bold md:justify-start\">\n            <span class=\"text-sm line-through\">249,00 $<\/span><br \/>\n            <span class=\"text-sm text-brand-green\">\u00c9conomisez 129,01 $<\/span>\n        <\/div>\n<\/p><\/div>\n<\/p><\/div>\n<\/p><\/div>\n<\/p><\/div>\n<\/div>\n<p>En ce qui concerne le design, le th\u00e8me mandalorien n&rsquo;est pas seulement un travail d&rsquo;autocollants gifles. Il est fini pour ressembler \u00e0 Beskar Steel, avec Din Djarin et la Signet Mudhorn figurant sur les \u00e9tiquettes de haut-parleurs. C&rsquo;est un look lisse, sans aucun doute, mais en termes de confort, c&rsquo;est plus un sac mixte. Les \u00e9couteurs rectangulaires sont rembourr\u00e9s de mousse \u00e0 m\u00e9moire et de faux cuir qui semblent doux et respirants. Cependant, le bandeau caoutchout\u00e9 peut appuyer un peu plus fort que vous ne le souhaitez pendant les s\u00e9ances plus longues, en particulier par rapport aux casques avec plus de conceptions de style suspension, note cette revue PCMAG. Les commandes sont compactes mais peuvent \u00eatre difficiles &#8211; le petit interrupteur \u00e0 quatre voies qui vous permet de basculer le volume et le m\u00e9lange de jeux \/ de chat peut ne pas \u00eatre le plus facile \u00e0 utiliser si vous avez des mains plus grandes.<\/p>\n<div class=\"pogoClear relative my-10 border-b-(1.5px) border-t-(1.5px) border-dashed border-black py-5 sm:my-14 sm:border-0 sm:py-0\" data-ga-click data-ga-template=\"Deals\" data-ga-module=\"openweb_widget\" data-ga-element=\"openweb_scroll\" data-ga-item=\"openweb_scroll_midpage\" x-cloak x-data=\"{ commentsCount: null, hasComments: false }\" x-init=\"commentsCount = await window.openweb.getMessagesCount(01JSK87JP88QZ90CAV3Y2WE0T1);\n     hasComments = commentsCount !== null &amp;&amp; commentsCount &gt; 0\"><\/p>\n<div class=\"absolute top-1\/2 hidden w-full -translate-y-1\/2 border-t-(1.5px) border-dashed border-black sm:block\"><\/div>\n<div class=\"relative flex justify-center\">\n<div class=\"flex max-w-max items-center gap-x-3 bg-white px-5\">\n<div class=\"relative\">\n                <span class=\"absolute left-1\/2 top-1\/2 -translate-x-1\/2 -translate-y-1\/2 font-akshar text-sm font-medium text-black\" x-show=\"hasComments\" x-text=\"commentsCount\"><\/span><\/p>\n<p>                <svg class=\"h-8 w-8 text-black\">\n                    <use href=\"http:\/\/lifehacker.com\/images\/icons\/spritemap.svg#sprite-chat-bubble\"><\/use>\n                <\/svg>\n            <\/div>\n<p>            <span class=\"text-sm font-medium text-black\"><\/p>\n<p>                Que pensez-vous jusqu&rsquo;\u00e0 pr\u00e9sent?<br \/>\n                <button class=\"font-semibold text-brand-green underline hover:text-brand-green-700\" onclick=\"window.openweb.scrollToComments(01JSK87JP88QZ90CAV3Y2WE0T1)\" x-text=\"hasComments ? 'Post a comment.' : 'Be the first to post a comment.'\"><\/button><br \/>\n            <\/span>\n        <\/div>\n<\/p><\/div>\n<\/div>\n<p>Les performances sont g\u00e9n\u00e9ralement correctes. L&rsquo;A30 prend en charge Bluetooth et 2,4 GHz sans fil via un dongle USB-A (\u00e9metteur USB-C vendu s\u00e9par\u00e9ment si vous en voulez un pour votre commutateur ou PS5). Il fonctionne avec les appareils PC, Xbox, PlayStation et mobiles, mais le changement entre les syst\u00e8mes pourrait \u00eatre une corv\u00e9e, surtout lorsque les niveaux sonores baissent si vous oubliez de modifier les modes. Il n&rsquo;y a pas non plus d&rsquo;audio spatial int\u00e9gr\u00e9, vous comptez donc sur les param\u00e8tres surround de votre syst\u00e8me. En ce qui concerne le son, l&rsquo;A30 favorise la clart\u00e9 sur les basses brutes. La musique et le son audio dans le jeu sont d\u00e9taill\u00e9s \u00e0 des volumes mod\u00e9r\u00e9s, mais les choses s&rsquo;aplatissent si vous poussez le volume trop \u00e9lev\u00e9. Le micro de boom est tr\u00e8s bien pour le chat, mais pas assez vif pour le streaming ou l&rsquo;enregistrement. Vous pouvez modifier les param\u00e8tres comme EQ via l&rsquo;application Logitech G, mais elle n&rsquo;est livr\u00e9e qu&rsquo;avec deux pr\u00e9r\u00e9glages.<\/p>\n","protected":false},"excerpt":{"rendered":"<p>Un casque d\u00e9cent pour les utilisateurs multi-plateformes, mais pas un pour les audiophiles ou les streamers pour poursuivre la fid\u00e9lit\u00e9 du son de niveau sup\u00e9rieur.<\/p>\n","protected":false},"author":1,"featured_media":6998,"comment_status":"","ping_status":"","sticky":false,"template":"","format":"standard","meta":{"footnotes":""},"categories":[13],"tags":[700,6608,76,477,1429,6609,81,1399,800],"class_list":["post-6997","post","type-post","status-publish","format-standard","has-post-thumbnail","hentry","category-technologie","tag-bas","tag-casque","tag-est","tag-jeu","tag-moment","tag-multiplateforme","tag-pour","tag-prix","tag-son","generate-columns","tablet-grid-50","mobile-grid-100","grid-parent","grid-33"],"yoast_head":"<!-- This site is optimized with the Yoast SEO plugin v24.0 - https:\/\/yoast.com\/wordpress\/plugins\/seo\/ -->\n<title>Ce casque de jeu multiplateforme est \u00e0 son prix le plus bas pour le moment | Vie Associative<\/title>\n<meta name=\"robots\" content=\"index, follow, max-snippet:-1, max-image-preview:large, max-video-preview:-1\" \/>\n<link rel=\"canonical\" href=\"https:\/\/vieassociative.be\/actualites\/ce-casque-de-jeu-multiplateforme-est-a-son-prix-le-plus-bas-pour-le-moment\/\" \/>\n<meta property=\"og:locale\" content=\"fr_FR\" \/>\n<meta property=\"og:type\" content=\"article\" \/>\n<meta property=\"og:title\" content=\"Ce casque de jeu multiplateforme est \u00e0 son prix le plus bas pour le moment | Vie Associative\" \/>\n<meta property=\"og:description\" content=\"Un casque d\u00e9cent pour les utilisateurs multi-plateformes, mais pas un pour les audiophiles ou les streamers pour poursuivre la fid\u00e9lit\u00e9 du son de niveau sup\u00e9rieur.\" \/>\n<meta property=\"og:url\" content=\"https:\/\/vieassociative.be\/actualites\/ce-casque-de-jeu-multiplateforme-est-a-son-prix-le-plus-bas-pour-le-moment\/\" \/>\n<meta property=\"og:site_name\" content=\"Vie Associative\" \/>\n<meta property=\"article:published_time\" content=\"2025-04-24T13:17:08+00:00\" \/>\n<meta property=\"og:image\" content=\"https:\/\/vieassociative.be\/actualites\/wp-content\/uploads\/2025\/04\/Ce-casque-de-jeu-multiplateforme-est-a-son-prix-le.png\" \/>\n<meta name=\"author\" content=\"Julien\" \/>\n<meta name=\"twitter:card\" content=\"summary_large_image\" \/>\n<meta name=\"twitter:label1\" content=\"\u00c9crit par\" \/>\n\t<meta name=\"twitter:data1\" content=\"Julien\" \/>\n\t<meta name=\"twitter:label2\" content=\"Dur\u00e9e de lecture est.\" \/>\n\t<meta name=\"twitter:data2\" content=\"3 minutes\" \/>\n<script type=\"application\/ld+json\" class=\"yoast-schema-graph\">{\"@context\":\"https:\/\/schema.org\",\"@graph\":[{\"@type\":\"Article\",\"@id\":\"https:\/\/vieassociative.be\/actualites\/ce-casque-de-jeu-multiplateforme-est-a-son-prix-le-plus-bas-pour-le-moment\/#article\",\"isPartOf\":{\"@id\":\"https:\/\/vieassociative.be\/actualites\/ce-casque-de-jeu-multiplateforme-est-a-son-prix-le-plus-bas-pour-le-moment\/\"},\"author\":{\"name\":\"Julien\",\"@id\":\"https:\/\/vieassociative.be\/actualites\/#\/schema\/person\/b87ac4f82f9d4e7b7cec7395b679edc4\"},\"headline\":\"Ce casque de jeu multiplateforme est \u00e0 son prix le plus bas pour le moment\",\"datePublished\":\"2025-04-24T13:17:08+00:00\",\"dateModified\":\"2025-04-24T13:17:08+00:00\",\"mainEntityOfPage\":{\"@id\":\"https:\/\/vieassociative.be\/actualites\/ce-casque-de-jeu-multiplateforme-est-a-son-prix-le-plus-bas-pour-le-moment\/\"},\"wordCount\":563,\"publisher\":{\"@id\":\"https:\/\/vieassociative.be\/actualites\/#organization\"},\"image\":{\"@id\":\"https:\/\/vieassociative.be\/actualites\/ce-casque-de-jeu-multiplateforme-est-a-son-prix-le-plus-bas-pour-le-moment\/#primaryimage\"},\"thumbnailUrl\":\"https:\/\/vieassociative.be\/actualites\/wp-content\/uploads\/2025\/04\/1745500628_Ce-casque-de-jeu-multiplateforme-est-a-son-prix-le.png\",\"keywords\":[\"bas\",\"casque\",\"est\",\"jeu\",\"moment\",\"multiplateforme\",\"pour\",\"prix\",\"son\"],\"articleSection\":[\"Technologie\"],\"inLanguage\":\"fr-BE\"},{\"@type\":\"WebPage\",\"@id\":\"https:\/\/vieassociative.be\/actualites\/ce-casque-de-jeu-multiplateforme-est-a-son-prix-le-plus-bas-pour-le-moment\/\",\"url\":\"https:\/\/vieassociative.be\/actualites\/ce-casque-de-jeu-multiplateforme-est-a-son-prix-le-plus-bas-pour-le-moment\/\",\"name\":\"Ce casque de jeu multiplateforme est \u00e0 son prix le plus bas pour le moment | Vie Associative\",\"isPartOf\":{\"@id\":\"https:\/\/vieassociative.be\/actualites\/#website\"},\"primaryImageOfPage\":{\"@id\":\"https:\/\/vieassociative.be\/actualites\/ce-casque-de-jeu-multiplateforme-est-a-son-prix-le-plus-bas-pour-le-moment\/#primaryimage\"},\"image\":{\"@id\":\"https:\/\/vieassociative.be\/actualites\/ce-casque-de-jeu-multiplateforme-est-a-son-prix-le-plus-bas-pour-le-moment\/#primaryimage\"},\"thumbnailUrl\":\"https:\/\/vieassociative.be\/actualites\/wp-content\/uploads\/2025\/04\/1745500628_Ce-casque-de-jeu-multiplateforme-est-a-son-prix-le.png\",\"datePublished\":\"2025-04-24T13:17:08+00:00\",\"dateModified\":\"2025-04-24T13:17:08+00:00\",\"breadcrumb\":{\"@id\":\"https:\/\/vieassociative.be\/actualites\/ce-casque-de-jeu-multiplateforme-est-a-son-prix-le-plus-bas-pour-le-moment\/#breadcrumb\"},\"inLanguage\":\"fr-BE\",\"potentialAction\":[{\"@type\":\"ReadAction\",\"target\":[\"https:\/\/vieassociative.be\/actualites\/ce-casque-de-jeu-multiplateforme-est-a-son-prix-le-plus-bas-pour-le-moment\/\"]}]},{\"@type\":\"ImageObject\",\"inLanguage\":\"fr-BE\",\"@id\":\"https:\/\/vieassociative.be\/actualites\/ce-casque-de-jeu-multiplateforme-est-a-son-prix-le-plus-bas-pour-le-moment\/#primaryimage\",\"url\":\"https:\/\/vieassociative.be\/actualites\/wp-content\/uploads\/2025\/04\/1745500628_Ce-casque-de-jeu-multiplateforme-est-a-son-prix-le.png\",\"contentUrl\":\"https:\/\/vieassociative.be\/actualites\/wp-content\/uploads\/2025\/04\/1745500628_Ce-casque-de-jeu-multiplateforme-est-a-son-prix-le.png\",\"width\":1200,\"height\":675,\"caption\":\"Ce casque de jeu multiplateforme est \u00e0 son prix le plus bas pour le moment\"},{\"@type\":\"BreadcrumbList\",\"@id\":\"https:\/\/vieassociative.be\/actualites\/ce-casque-de-jeu-multiplateforme-est-a-son-prix-le-plus-bas-pour-le-moment\/#breadcrumb\",\"itemListElement\":[{\"@type\":\"ListItem\",\"position\":1,\"name\":\"Accueil\",\"item\":\"https:\/\/vieassociative.be\/actualites\/\"},{\"@type\":\"ListItem\",\"position\":2,\"name\":\"Ce casque de jeu multiplateforme est \u00e0 son prix le plus bas pour le moment\"}]},{\"@type\":\"WebSite\",\"@id\":\"https:\/\/vieassociative.be\/actualites\/#website\",\"url\":\"https:\/\/vieassociative.be\/actualites\/\",\"name\":\"Vie Associative\",\"description\":\"\",\"publisher\":{\"@id\":\"https:\/\/vieassociative.be\/actualites\/#organization\"},\"potentialAction\":[{\"@type\":\"SearchAction\",\"target\":{\"@type\":\"EntryPoint\",\"urlTemplate\":\"https:\/\/vieassociative.be\/actualites\/?s={search_term_string}\"},\"query-input\":{\"@type\":\"PropertyValueSpecification\",\"valueRequired\":true,\"valueName\":\"search_term_string\"}}],\"inLanguage\":\"fr-BE\"},{\"@type\":\"Organization\",\"@id\":\"https:\/\/vieassociative.be\/actualites\/#organization\",\"name\":\"Vie Associative\",\"url\":\"https:\/\/vieassociative.be\/actualites\/\",\"logo\":{\"@type\":\"ImageObject\",\"inLanguage\":\"fr-BE\",\"@id\":\"https:\/\/vieassociative.be\/actualites\/#\/schema\/logo\/image\/\",\"url\":\"https:\/\/vieassociative.be\/actualites\/wp-content\/uploads\/2024\/09\/cropped-vieassociative_favicon.ico.png\",\"contentUrl\":\"https:\/\/vieassociative.be\/actualites\/wp-content\/uploads\/2024\/09\/cropped-vieassociative_favicon.ico.png\",\"width\":512,\"height\":512,\"caption\":\"Vie Associative\"},\"image\":{\"@id\":\"https:\/\/vieassociative.be\/actualites\/#\/schema\/logo\/image\/\"}},{\"@type\":\"Person\",\"@id\":\"https:\/\/vieassociative.be\/actualites\/#\/schema\/person\/b87ac4f82f9d4e7b7cec7395b679edc4\",\"name\":\"Julien\",\"image\":{\"@type\":\"ImageObject\",\"inLanguage\":\"fr-BE\",\"@id\":\"https:\/\/vieassociative.be\/actualites\/#\/schema\/person\/image\/\",\"url\":\"https:\/\/vieassociative.be\/actualites\/wp-content\/uploads\/2024\/09\/vie-associative-1-150x150.jpg\",\"contentUrl\":\"https:\/\/vieassociative.be\/actualites\/wp-content\/uploads\/2024\/09\/vie-associative-1-150x150.jpg\",\"caption\":\"Julien\"},\"description\":\"Je suis Julien, r\u00e9dacteur pour Vie Associative. Passionn\u00e9 par le monde associatif depuis plus de 10 ans, j'ai \u00e0 c\u0153ur de partager des histoires inspirantes et de mettre en lumi\u00e8re les initiatives locales. Mon objectif est de sensibiliser et d'encourager l'engagement communautaire \u00e0 travers mes articles.\",\"sameAs\":[\"https:\/\/vieassociative.be\/\"]}]}<\/script>\n<!-- \/ Yoast SEO plugin. -->","yoast_head_json":{"title":"Ce casque de jeu multiplateforme est \u00e0 son prix le plus bas pour le moment | Vie Associative","robots":{"index":"index","follow":"follow","max-snippet":"max-snippet:-1","max-image-preview":"max-image-preview:large","max-video-preview":"max-video-preview:-1"},"canonical":"https:\/\/vieassociative.be\/actualites\/ce-casque-de-jeu-multiplateforme-est-a-son-prix-le-plus-bas-pour-le-moment\/","og_locale":"fr_FR","og_type":"article","og_title":"Ce casque de jeu multiplateforme est \u00e0 son prix le plus bas pour le moment | Vie Associative","og_description":"Un casque d\u00e9cent pour les utilisateurs multi-plateformes, mais pas un pour les audiophiles ou les streamers pour poursuivre la fid\u00e9lit\u00e9 du son de niveau sup\u00e9rieur.","og_url":"https:\/\/vieassociative.be\/actualites\/ce-casque-de-jeu-multiplateforme-est-a-son-prix-le-plus-bas-pour-le-moment\/","og_site_name":"Vie Associative","article_published_time":"2025-04-24T13:17:08+00:00","og_image":[{"url":"https:\/\/vieassociative.be\/actualites\/wp-content\/uploads\/2025\/04\/Ce-casque-de-jeu-multiplateforme-est-a-son-prix-le.png","type":"","width":"","height":""}],"author":"Julien","twitter_card":"summary_large_image","twitter_misc":{"\u00c9crit par":"Julien","Dur\u00e9e de lecture est.":"3 minutes"},"schema":{"@context":"https:\/\/schema.org","@graph":[{"@type":"Article","@id":"https:\/\/vieassociative.be\/actualites\/ce-casque-de-jeu-multiplateforme-est-a-son-prix-le-plus-bas-pour-le-moment\/#article","isPartOf":{"@id":"https:\/\/vieassociative.be\/actualites\/ce-casque-de-jeu-multiplateforme-est-a-son-prix-le-plus-bas-pour-le-moment\/"},"author":{"name":"Julien","@id":"https:\/\/vieassociative.be\/actualites\/#\/schema\/person\/b87ac4f82f9d4e7b7cec7395b679edc4"},"headline":"Ce casque de jeu multiplateforme est \u00e0 son prix le plus bas pour le moment","datePublished":"2025-04-24T13:17:08+00:00","dateModified":"2025-04-24T13:17:08+00:00","mainEntityOfPage":{"@id":"https:\/\/vieassociative.be\/actualites\/ce-casque-de-jeu-multiplateforme-est-a-son-prix-le-plus-bas-pour-le-moment\/"},"wordCount":563,"publisher":{"@id":"https:\/\/vieassociative.be\/actualites\/#organization"},"image":{"@id":"https:\/\/vieassociative.be\/actualites\/ce-casque-de-jeu-multiplateforme-est-a-son-prix-le-plus-bas-pour-le-moment\/#primaryimage"},"thumbnailUrl":"https:\/\/vieassociative.be\/actualites\/wp-content\/uploads\/2025\/04\/1745500628_Ce-casque-de-jeu-multiplateforme-est-a-son-prix-le.png","keywords":["bas","casque","est","jeu","moment","multiplateforme","pour","prix","son"],"articleSection":["Technologie"],"inLanguage":"fr-BE"},{"@type":"WebPage","@id":"https:\/\/vieassociative.be\/actualites\/ce-casque-de-jeu-multiplateforme-est-a-son-prix-le-plus-bas-pour-le-moment\/","url":"https:\/\/vieassociative.be\/actualites\/ce-casque-de-jeu-multiplateforme-est-a-son-prix-le-plus-bas-pour-le-moment\/","name":"Ce casque de jeu multiplateforme est \u00e0 son prix le plus bas pour le moment | Vie Associative","isPartOf":{"@id":"https:\/\/vieassociative.be\/actualites\/#website"},"primaryImageOfPage":{"@id":"https:\/\/vieassociative.be\/actualites\/ce-casque-de-jeu-multiplateforme-est-a-son-prix-le-plus-bas-pour-le-moment\/#primaryimage"},"image":{"@id":"https:\/\/vieassociative.be\/actualites\/ce-casque-de-jeu-multiplateforme-est-a-son-prix-le-plus-bas-pour-le-moment\/#primaryimage"},"thumbnailUrl":"https:\/\/vieassociative.be\/actualites\/wp-content\/uploads\/2025\/04\/1745500628_Ce-casque-de-jeu-multiplateforme-est-a-son-prix-le.png","datePublished":"2025-04-24T13:17:08+00:00","dateModified":"2025-04-24T13:17:08+00:00","breadcrumb":{"@id":"https:\/\/vieassociative.be\/actualites\/ce-casque-de-jeu-multiplateforme-est-a-son-prix-le-plus-bas-pour-le-moment\/#breadcrumb"},"inLanguage":"fr-BE","potentialAction":[{"@type":"ReadAction","target":["https:\/\/vieassociative.be\/actualites\/ce-casque-de-jeu-multiplateforme-est-a-son-prix-le-plus-bas-pour-le-moment\/"]}]},{"@type":"ImageObject","inLanguage":"fr-BE","@id":"https:\/\/vieassociative.be\/actualites\/ce-casque-de-jeu-multiplateforme-est-a-son-prix-le-plus-bas-pour-le-moment\/#primaryimage","url":"https:\/\/vieassociative.be\/actualites\/wp-content\/uploads\/2025\/04\/1745500628_Ce-casque-de-jeu-multiplateforme-est-a-son-prix-le.png","contentUrl":"https:\/\/vieassociative.be\/actualites\/wp-content\/uploads\/2025\/04\/1745500628_Ce-casque-de-jeu-multiplateforme-est-a-son-prix-le.png","width":1200,"height":675,"caption":"Ce casque de jeu multiplateforme est \u00e0 son prix le plus bas pour le moment"},{"@type":"BreadcrumbList","@id":"https:\/\/vieassociative.be\/actualites\/ce-casque-de-jeu-multiplateforme-est-a-son-prix-le-plus-bas-pour-le-moment\/#breadcrumb","itemListElement":[{"@type":"ListItem","position":1,"name":"Accueil","item":"https:\/\/vieassociative.be\/actualites\/"},{"@type":"ListItem","position":2,"name":"Ce casque de jeu multiplateforme est \u00e0 son prix le plus bas pour le moment"}]},{"@type":"WebSite","@id":"https:\/\/vieassociative.be\/actualites\/#website","url":"https:\/\/vieassociative.be\/actualites\/","name":"Vie Associative","description":"","publisher":{"@id":"https:\/\/vieassociative.be\/actualites\/#organization"},"potentialAction":[{"@type":"SearchAction","target":{"@type":"EntryPoint","urlTemplate":"https:\/\/vieassociative.be\/actualites\/?s={search_term_string}"},"query-input":{"@type":"PropertyValueSpecification","valueRequired":true,"valueName":"search_term_string"}}],"inLanguage":"fr-BE"},{"@type":"Organization","@id":"https:\/\/vieassociative.be\/actualites\/#organization","name":"Vie Associative","url":"https:\/\/vieassociative.be\/actualites\/","logo":{"@type":"ImageObject","inLanguage":"fr-BE","@id":"https:\/\/vieassociative.be\/actualites\/#\/schema\/logo\/image\/","url":"https:\/\/vieassociative.be\/actualites\/wp-content\/uploads\/2024\/09\/cropped-vieassociative_favicon.ico.png","contentUrl":"https:\/\/vieassociative.be\/actualites\/wp-content\/uploads\/2024\/09\/cropped-vieassociative_favicon.ico.png","width":512,"height":512,"caption":"Vie Associative"},"image":{"@id":"https:\/\/vieassociative.be\/actualites\/#\/schema\/logo\/image\/"}},{"@type":"Person","@id":"https:\/\/vieassociative.be\/actualites\/#\/schema\/person\/b87ac4f82f9d4e7b7cec7395b679edc4","name":"Julien","image":{"@type":"ImageObject","inLanguage":"fr-BE","@id":"https:\/\/vieassociative.be\/actualites\/#\/schema\/person\/image\/","url":"https:\/\/vieassociative.be\/actualites\/wp-content\/uploads\/2024\/09\/vie-associative-1-150x150.jpg","contentUrl":"https:\/\/vieassociative.be\/actualites\/wp-content\/uploads\/2024\/09\/vie-associative-1-150x150.jpg","caption":"Julien"},"description":"Je suis Julien, r\u00e9dacteur pour Vie Associative. Passionn\u00e9 par le monde associatif depuis plus de 10 ans, j'ai \u00e0 c\u0153ur de partager des histoires inspirantes et de mettre en lumi\u00e8re les initiatives locales. Mon objectif est de sensibiliser et d'encourager l'engagement communautaire \u00e0 travers mes articles.","sameAs":["https:\/\/vieassociative.be\/"]}]}},"_links":{"self":[{"href":"https:\/\/vieassociative.be\/actualites\/wp-json\/wp\/v2\/posts\/6997"}],"collection":[{"href":"https:\/\/vieassociative.be\/actualites\/wp-json\/wp\/v2\/posts"}],"about":[{"href":"https:\/\/vieassociative.be\/actualites\/wp-json\/wp\/v2\/types\/post"}],"author":[{"embeddable":true,"href":"https:\/\/vieassociative.be\/actualites\/wp-json\/wp\/v2\/users\/1"}],"replies":[{"embeddable":true,"href":"https:\/\/vieassociative.be\/actualites\/wp-json\/wp\/v2\/comments?post=6997"}],"version-history":[{"count":0,"href":"https:\/\/vieassociative.be\/actualites\/wp-json\/wp\/v2\/posts\/6997\/revisions"}],"wp:featuredmedia":[{"embeddable":true,"href":"https:\/\/vieassociative.be\/actualites\/wp-json\/wp\/v2\/media\/6998"}],"wp:attachment":[{"href":"https:\/\/vieassociative.be\/actualites\/wp-json\/wp\/v2\/media?parent=6997"}],"wp:term":[{"taxonomy":"category","embeddable":true,"href":"https:\/\/vieassociative.be\/actualites\/wp-json\/wp\/v2\/categories?post=6997"},{"taxonomy":"post_tag","embeddable":true,"href":"https:\/\/vieassociative.be\/actualites\/wp-json\/wp\/v2\/tags?post=6997"}],"curies":[{"name":"wp","href":"https:\/\/api.w.org\/{rel}","templated":true}]}}