{"id":6990,"date":"2025-04-24T10:17:36","date_gmt":"2025-04-24T08:17:36","guid":{"rendered":"https:\/\/vieassociative.be\/actualites\/victoire-sur-le-mur-de-huy-pogacar-est-suspendu-a-pirepoel-et-gagne-fleche-wallonne\/"},"modified":"2025-04-24T10:17:36","modified_gmt":"2025-04-24T08:17:36","slug":"victoire-sur-le-mur-de-huy-pogacar-est-suspendu-a-pirepoel-et-gagne-fleche-wallonne","status":"publish","type":"post","link":"https:\/\/vieassociative.be\/actualites\/victoire-sur-le-mur-de-huy-pogacar-est-suspendu-a-pirepoel-et-gagne-fleche-wallonne\/","title":{"rendered":"Victoire sur le mur de Huy: Pogacar est suspendu \u00e0 Pirepoel et gagne Fl\u00e8che Wallonne"},"content":{"rendered":"<p><strong>Apr\u00e8s deux secondes de places qui sont inhabituelles pour lui, Tadej Pogacar est de retour au premier plan. Le champion du monde grimpe le mur le plus c\u00e9l\u00e8bre du cyclisme dans le style d&rsquo;un champion.<\/strong><\/p>\n<p><span id=\"more-414056\"><\/span>Le champion du monde Tadej Pogacar a surmont\u00e9 sa petite p\u00e9riode de s\u00e9cheresse et a remport\u00e9 le Fl\u00e8che Wallonne classique en toute confiance. L&rsquo;\u00e9toile du cyclisme a pr\u00e9valu lors de la mont\u00e9e finale, le mur de Huy jusqu&rsquo;\u00e0 19% jusqu&rsquo;\u00e0 19%, devant le Fran\u00e7ais Kevin Vauquelin et le British Thomas Pidcock<\/p>\n<p>Apr\u00e8s 205,1 kilom\u00e8tres, le double champion olympique de Belgique, Remco Evenepoel, n&rsquo;a pas pu suivre la Slov\u00e9nie et a d\u00fb \u00eatre satisfait de la 9e place.<\/p>\n<\/p>\n<div id=\"attachment_414058\" class=\"wp-caption alignnone\" style=\"max-width: 300px\"><img fetchpriority=\"high\" decoding=\"async\" src=\"https:\/\/vieassociative.be\/actualites\/wp-content\/uploads\/2025\/04\/Victoire-sur-le-mur-de-Huy-Pogacar-est-suspendu-a.jpg\" alt=\"\" width=\"300\" height=\"200\" class=\"size-medium wp-image-414058\"><\/p>\n<p class=\"wp-caption-text\">23\/04\/2025, Belgique, Huy: Slov\u00e9nia Tadej Pogacar (L) de l&rsquo;\u00e9quipe des EAU Emirates et Irlande Ben Healy (Front R) par EF Education-Esypost en action avec Remco Evenepoel (2VL). Photo: Dirk Waem \/ Belga \/ DPA<\/p>\n<\/div>\n<p>Comme d&rsquo;habitude, la d\u00e9cision a \u00e9t\u00e9 prise \u00e0 Huy, mais Pogacar n&rsquo;a pas attendu peu de temps avant l&rsquo;arriv\u00e9e avec son attaque. Au point le plus raide, peu de temps apr\u00e8s la moiti\u00e9 de la colline de 1,3 kilom\u00e8tre, le joueur de 26 ans a concurrent &#8211; non plus d&rsquo;intensit\u00e9.<\/p>\n<p>Pogacar est \u00e9galement favori \u00e0 Li\u00e8ge: lors de la course Amstel Gold, Pogacar a d\u00fb abandonner les gagnants surprise de Mattias Skjelmosis au d\u00e9but des classiques d&rsquo;Ardennes. La victoire des rares triples avec d&rsquo;autres victoires en Fl\u00e8che et Li\u00e8ge-Bastogne-Li\u00e8ge a \u00e9galement \u00e9clat\u00e9. Skjelmosis n&rsquo;a pas pu g\u00eaner \u00e0 nouveau aujourd&rsquo;hui. Le Dane s&rsquo;est \u00e9cras\u00e9 \u00e0 40 kilom\u00e8tres avant la ligne d&rsquo;arriv\u00e9e sur la route humide de pluie et a ouvert la course.<\/p>\n<p>Une semaine plus t\u00f4t \u00e0 Paris-Roubaix, Pogacar avait d\u00fb se satisfaire de la deuxi\u00e8me place inhabituelle. \u00c0 Li\u00e8ge-Bastogne-Li\u00e8ge, le Slov\u00e8ne ira \u00e0 la route exigeante en tant que premier favori dimanche. Pogacar 2021 et 2024 (DPA \/ CRE) a remport\u00e9 le plus ancien des cinq monuments cyclistes (en plus de Milan-Sanremo, de la tourn\u00e9e en Flandre, de Paris-Roubaix et de la tourn\u00e9e lombardie)<\/p>\n","protected":false},"excerpt":{"rendered":"<p>Apr\u00e8s deux secondes de places qui sont inhabituelles pour lui, Tadej Pogacar est de retour au premier plan. Le champion du monde grimpe le mur<\/p>\n","protected":false},"author":1,"featured_media":6991,"comment_status":"","ping_status":"","sticky":false,"template":"","format":"standard","meta":{"footnotes":""},"categories":[298],"tags":[76,6604,2299,6601,5082,6603,5976,33,6602,784,6605],"class_list":["post-6990","post","type-post","status-publish","format-standard","has-post-thumbnail","hentry","category-belgique","tag-est","tag-fleche","tag-gagne","tag-huy","tag-mur","tag-pirepoel","tag-pogacar","tag-sur","tag-suspendu","tag-victoire","tag-wallonne","generate-columns","tablet-grid-50","mobile-grid-100","grid-parent","grid-33"],"yoast_head":"<!-- This site is optimized with the Yoast SEO plugin v24.0 - https:\/\/yoast.com\/wordpress\/plugins\/seo\/ -->\n<title>Victoire sur le mur de Huy: Pogacar est suspendu \u00e0 Pirepoel et gagne Fl\u00e8che Wallonne | Vie Associative<\/title>\n<meta name=\"robots\" content=\"index, follow, max-snippet:-1, max-image-preview:large, max-video-preview:-1\" \/>\n<link rel=\"canonical\" href=\"https:\/\/vieassociative.be\/actualites\/victoire-sur-le-mur-de-huy-pogacar-est-suspendu-a-pirepoel-et-gagne-fleche-wallonne\/\" \/>\n<meta property=\"og:locale\" content=\"fr_FR\" \/>\n<meta property=\"og:type\" content=\"article\" \/>\n<meta property=\"og:title\" content=\"Victoire sur le mur de Huy: Pogacar est suspendu \u00e0 Pirepoel et gagne Fl\u00e8che Wallonne | Vie Associative\" \/>\n<meta property=\"og:description\" content=\"Apr\u00e8s deux secondes de places qui sont inhabituelles pour lui, Tadej Pogacar est de retour au premier plan. Le champion du monde grimpe le mur\" \/>\n<meta property=\"og:url\" content=\"https:\/\/vieassociative.be\/actualites\/victoire-sur-le-mur-de-huy-pogacar-est-suspendu-a-pirepoel-et-gagne-fleche-wallonne\/\" \/>\n<meta property=\"og:site_name\" content=\"Vie Associative\" \/>\n<meta property=\"article:published_time\" content=\"2025-04-24T08:17:36+00:00\" \/>\n<meta property=\"og:image\" content=\"https:\/\/vieassociative.be\/actualites\/wp-content\/uploads\/2024\/09\/header_backgroundk-01-e1726694325946.png\" \/>\n\t<meta property=\"og:image:width\" content=\"279\" \/>\n\t<meta property=\"og:image:height\" content=\"92\" \/>\n\t<meta property=\"og:image:type\" content=\"image\/png\" \/>\n<meta name=\"author\" content=\"Julien\" \/>\n<meta name=\"twitter:card\" content=\"summary_large_image\" \/>\n<meta name=\"twitter:label1\" content=\"\u00c9crit par\" \/>\n\t<meta name=\"twitter:data1\" content=\"Julien\" \/>\n\t<meta name=\"twitter:label2\" content=\"Dur\u00e9e de lecture est.\" \/>\n\t<meta name=\"twitter:data2\" content=\"2 minutes\" \/>\n<script type=\"application\/ld+json\" class=\"yoast-schema-graph\">{\"@context\":\"https:\/\/schema.org\",\"@graph\":[{\"@type\":\"Article\",\"@id\":\"https:\/\/vieassociative.be\/actualites\/victoire-sur-le-mur-de-huy-pogacar-est-suspendu-a-pirepoel-et-gagne-fleche-wallonne\/#article\",\"isPartOf\":{\"@id\":\"https:\/\/vieassociative.be\/actualites\/victoire-sur-le-mur-de-huy-pogacar-est-suspendu-a-pirepoel-et-gagne-fleche-wallonne\/\"},\"author\":{\"name\":\"Julien\",\"@id\":\"https:\/\/vieassociative.be\/actualites\/#\/schema\/person\/b87ac4f82f9d4e7b7cec7395b679edc4\"},\"headline\":\"Victoire sur le mur de Huy: Pogacar est suspendu \u00e0 Pirepoel et gagne Fl\u00e8che Wallonne\",\"datePublished\":\"2025-04-24T08:17:36+00:00\",\"dateModified\":\"2025-04-24T08:17:36+00:00\",\"mainEntityOfPage\":{\"@id\":\"https:\/\/vieassociative.be\/actualites\/victoire-sur-le-mur-de-huy-pogacar-est-suspendu-a-pirepoel-et-gagne-fleche-wallonne\/\"},\"wordCount\":373,\"publisher\":{\"@id\":\"https:\/\/vieassociative.be\/actualites\/#organization\"},\"image\":{\"@id\":\"https:\/\/vieassociative.be\/actualites\/victoire-sur-le-mur-de-huy-pogacar-est-suspendu-a-pirepoel-et-gagne-fleche-wallonne\/#primaryimage\"},\"thumbnailUrl\":\"https:\/\/vieassociative.be\/actualites\/wp-content\/uploads\/2025\/04\/1745482657_Victoire-sur-le-mur-de-Huy-Pogacar-est-suspendu-a.jpg\",\"keywords\":[\"est\",\"Fl\u00e8che\",\"gagn\u00e9\",\"Huy\",\"mur\",\"Pirepoel\",\"Pogacar\",\"sur\",\"suspendu\",\"victoire\",\"Wallonne\"],\"articleSection\":[\"Belgique\"],\"inLanguage\":\"fr-BE\"},{\"@type\":\"WebPage\",\"@id\":\"https:\/\/vieassociative.be\/actualites\/victoire-sur-le-mur-de-huy-pogacar-est-suspendu-a-pirepoel-et-gagne-fleche-wallonne\/\",\"url\":\"https:\/\/vieassociative.be\/actualites\/victoire-sur-le-mur-de-huy-pogacar-est-suspendu-a-pirepoel-et-gagne-fleche-wallonne\/\",\"name\":\"Victoire sur le mur de Huy: Pogacar est suspendu \u00e0 Pirepoel et gagne Fl\u00e8che Wallonne | Vie Associative\",\"isPartOf\":{\"@id\":\"https:\/\/vieassociative.be\/actualites\/#website\"},\"primaryImageOfPage\":{\"@id\":\"https:\/\/vieassociative.be\/actualites\/victoire-sur-le-mur-de-huy-pogacar-est-suspendu-a-pirepoel-et-gagne-fleche-wallonne\/#primaryimage\"},\"image\":{\"@id\":\"https:\/\/vieassociative.be\/actualites\/victoire-sur-le-mur-de-huy-pogacar-est-suspendu-a-pirepoel-et-gagne-fleche-wallonne\/#primaryimage\"},\"thumbnailUrl\":\"https:\/\/vieassociative.be\/actualites\/wp-content\/uploads\/2025\/04\/1745482657_Victoire-sur-le-mur-de-Huy-Pogacar-est-suspendu-a.jpg\",\"datePublished\":\"2025-04-24T08:17:36+00:00\",\"dateModified\":\"2025-04-24T08:17:36+00:00\",\"breadcrumb\":{\"@id\":\"https:\/\/vieassociative.be\/actualites\/victoire-sur-le-mur-de-huy-pogacar-est-suspendu-a-pirepoel-et-gagne-fleche-wallonne\/#breadcrumb\"},\"inLanguage\":\"fr-BE\",\"potentialAction\":[{\"@type\":\"ReadAction\",\"target\":[\"https:\/\/vieassociative.be\/actualites\/victoire-sur-le-mur-de-huy-pogacar-est-suspendu-a-pirepoel-et-gagne-fleche-wallonne\/\"]}]},{\"@type\":\"ImageObject\",\"inLanguage\":\"fr-BE\",\"@id\":\"https:\/\/vieassociative.be\/actualites\/victoire-sur-le-mur-de-huy-pogacar-est-suspendu-a-pirepoel-et-gagne-fleche-wallonne\/#primaryimage\",\"url\":\"https:\/\/vieassociative.be\/actualites\/wp-content\/uploads\/2025\/04\/1745482657_Victoire-sur-le-mur-de-Huy-Pogacar-est-suspendu-a.jpg\",\"contentUrl\":\"https:\/\/vieassociative.be\/actualites\/wp-content\/uploads\/2025\/04\/1745482657_Victoire-sur-le-mur-de-Huy-Pogacar-est-suspendu-a.jpg\",\"width\":1200,\"height\":742,\"caption\":\"Victoire sur le mur de Huy: Pogacar est suspendu \u00e0 Pirepoel et gagne Fl\u00e8che Wallonne\"},{\"@type\":\"BreadcrumbList\",\"@id\":\"https:\/\/vieassociative.be\/actualites\/victoire-sur-le-mur-de-huy-pogacar-est-suspendu-a-pirepoel-et-gagne-fleche-wallonne\/#breadcrumb\",\"itemListElement\":[{\"@type\":\"ListItem\",\"position\":1,\"name\":\"Accueil\",\"item\":\"https:\/\/vieassociative.be\/actualites\/\"},{\"@type\":\"ListItem\",\"position\":2,\"name\":\"Victoire sur le mur de Huy: Pogacar est suspendu \u00e0 Pirepoel et gagne Fl\u00e8che Wallonne\"}]},{\"@type\":\"WebSite\",\"@id\":\"https:\/\/vieassociative.be\/actualites\/#website\",\"url\":\"https:\/\/vieassociative.be\/actualites\/\",\"name\":\"Vie Associative\",\"description\":\"\",\"publisher\":{\"@id\":\"https:\/\/vieassociative.be\/actualites\/#organization\"},\"potentialAction\":[{\"@type\":\"SearchAction\",\"target\":{\"@type\":\"EntryPoint\",\"urlTemplate\":\"https:\/\/vieassociative.be\/actualites\/?s={search_term_string}\"},\"query-input\":{\"@type\":\"PropertyValueSpecification\",\"valueRequired\":true,\"valueName\":\"search_term_string\"}}],\"inLanguage\":\"fr-BE\"},{\"@type\":\"Organization\",\"@id\":\"https:\/\/vieassociative.be\/actualites\/#organization\",\"name\":\"Vie Associative\",\"url\":\"https:\/\/vieassociative.be\/actualites\/\",\"logo\":{\"@type\":\"ImageObject\",\"inLanguage\":\"fr-BE\",\"@id\":\"https:\/\/vieassociative.be\/actualites\/#\/schema\/logo\/image\/\",\"url\":\"https:\/\/vieassociative.be\/actualites\/wp-content\/uploads\/2024\/09\/cropped-vieassociative_favicon.ico.png\",\"contentUrl\":\"https:\/\/vieassociative.be\/actualites\/wp-content\/uploads\/2024\/09\/cropped-vieassociative_favicon.ico.png\",\"width\":512,\"height\":512,\"caption\":\"Vie Associative\"},\"image\":{\"@id\":\"https:\/\/vieassociative.be\/actualites\/#\/schema\/logo\/image\/\"}},{\"@type\":\"Person\",\"@id\":\"https:\/\/vieassociative.be\/actualites\/#\/schema\/person\/b87ac4f82f9d4e7b7cec7395b679edc4\",\"name\":\"Julien\",\"image\":{\"@type\":\"ImageObject\",\"inLanguage\":\"fr-BE\",\"@id\":\"https:\/\/vieassociative.be\/actualites\/#\/schema\/person\/image\/\",\"url\":\"https:\/\/vieassociative.be\/actualites\/wp-content\/uploads\/2024\/09\/vie-associative-1-150x150.jpg\",\"contentUrl\":\"https:\/\/vieassociative.be\/actualites\/wp-content\/uploads\/2024\/09\/vie-associative-1-150x150.jpg\",\"caption\":\"Julien\"},\"description\":\"Je suis Julien, r\u00e9dacteur pour Vie Associative. Passionn\u00e9 par le monde associatif depuis plus de 10 ans, j'ai \u00e0 c\u0153ur de partager des histoires inspirantes et de mettre en lumi\u00e8re les initiatives locales. Mon objectif est de sensibiliser et d'encourager l'engagement communautaire \u00e0 travers mes articles.\",\"sameAs\":[\"https:\/\/vieassociative.be\/\"]}]}<\/script>\n<!-- \/ Yoast SEO plugin. -->","yoast_head_json":{"title":"Victoire sur le mur de Huy: Pogacar est suspendu \u00e0 Pirepoel et gagne Fl\u00e8che Wallonne | Vie Associative","robots":{"index":"index","follow":"follow","max-snippet":"max-snippet:-1","max-image-preview":"max-image-preview:large","max-video-preview":"max-video-preview:-1"},"canonical":"https:\/\/vieassociative.be\/actualites\/victoire-sur-le-mur-de-huy-pogacar-est-suspendu-a-pirepoel-et-gagne-fleche-wallonne\/","og_locale":"fr_FR","og_type":"article","og_title":"Victoire sur le mur de Huy: Pogacar est suspendu \u00e0 Pirepoel et gagne Fl\u00e8che Wallonne | Vie Associative","og_description":"Apr\u00e8s deux secondes de places qui sont inhabituelles pour lui, Tadej Pogacar est de retour au premier plan. Le champion du monde grimpe le mur","og_url":"https:\/\/vieassociative.be\/actualites\/victoire-sur-le-mur-de-huy-pogacar-est-suspendu-a-pirepoel-et-gagne-fleche-wallonne\/","og_site_name":"Vie Associative","article_published_time":"2025-04-24T08:17:36+00:00","og_image":[{"width":279,"height":92,"url":"https:\/\/vieassociative.be\/actualites\/wp-content\/uploads\/2024\/09\/header_backgroundk-01-e1726694325946.png","type":"image\/png"}],"author":"Julien","twitter_card":"summary_large_image","twitter_misc":{"\u00c9crit par":"Julien","Dur\u00e9e de lecture est.":"2 minutes"},"schema":{"@context":"https:\/\/schema.org","@graph":[{"@type":"Article","@id":"https:\/\/vieassociative.be\/actualites\/victoire-sur-le-mur-de-huy-pogacar-est-suspendu-a-pirepoel-et-gagne-fleche-wallonne\/#article","isPartOf":{"@id":"https:\/\/vieassociative.be\/actualites\/victoire-sur-le-mur-de-huy-pogacar-est-suspendu-a-pirepoel-et-gagne-fleche-wallonne\/"},"author":{"name":"Julien","@id":"https:\/\/vieassociative.be\/actualites\/#\/schema\/person\/b87ac4f82f9d4e7b7cec7395b679edc4"},"headline":"Victoire sur le mur de Huy: Pogacar est suspendu \u00e0 Pirepoel et gagne Fl\u00e8che Wallonne","datePublished":"2025-04-24T08:17:36+00:00","dateModified":"2025-04-24T08:17:36+00:00","mainEntityOfPage":{"@id":"https:\/\/vieassociative.be\/actualites\/victoire-sur-le-mur-de-huy-pogacar-est-suspendu-a-pirepoel-et-gagne-fleche-wallonne\/"},"wordCount":373,"publisher":{"@id":"https:\/\/vieassociative.be\/actualites\/#organization"},"image":{"@id":"https:\/\/vieassociative.be\/actualites\/victoire-sur-le-mur-de-huy-pogacar-est-suspendu-a-pirepoel-et-gagne-fleche-wallonne\/#primaryimage"},"thumbnailUrl":"https:\/\/vieassociative.be\/actualites\/wp-content\/uploads\/2025\/04\/1745482657_Victoire-sur-le-mur-de-Huy-Pogacar-est-suspendu-a.jpg","keywords":["est","Fl\u00e8che","gagn\u00e9","Huy","mur","Pirepoel","Pogacar","sur","suspendu","victoire","Wallonne"],"articleSection":["Belgique"],"inLanguage":"fr-BE"},{"@type":"WebPage","@id":"https:\/\/vieassociative.be\/actualites\/victoire-sur-le-mur-de-huy-pogacar-est-suspendu-a-pirepoel-et-gagne-fleche-wallonne\/","url":"https:\/\/vieassociative.be\/actualites\/victoire-sur-le-mur-de-huy-pogacar-est-suspendu-a-pirepoel-et-gagne-fleche-wallonne\/","name":"Victoire sur le mur de Huy: Pogacar est suspendu \u00e0 Pirepoel et gagne Fl\u00e8che Wallonne | Vie Associative","isPartOf":{"@id":"https:\/\/vieassociative.be\/actualites\/#website"},"primaryImageOfPage":{"@id":"https:\/\/vieassociative.be\/actualites\/victoire-sur-le-mur-de-huy-pogacar-est-suspendu-a-pirepoel-et-gagne-fleche-wallonne\/#primaryimage"},"image":{"@id":"https:\/\/vieassociative.be\/actualites\/victoire-sur-le-mur-de-huy-pogacar-est-suspendu-a-pirepoel-et-gagne-fleche-wallonne\/#primaryimage"},"thumbnailUrl":"https:\/\/vieassociative.be\/actualites\/wp-content\/uploads\/2025\/04\/1745482657_Victoire-sur-le-mur-de-Huy-Pogacar-est-suspendu-a.jpg","datePublished":"2025-04-24T08:17:36+00:00","dateModified":"2025-04-24T08:17:36+00:00","breadcrumb":{"@id":"https:\/\/vieassociative.be\/actualites\/victoire-sur-le-mur-de-huy-pogacar-est-suspendu-a-pirepoel-et-gagne-fleche-wallonne\/#breadcrumb"},"inLanguage":"fr-BE","potentialAction":[{"@type":"ReadAction","target":["https:\/\/vieassociative.be\/actualites\/victoire-sur-le-mur-de-huy-pogacar-est-suspendu-a-pirepoel-et-gagne-fleche-wallonne\/"]}]},{"@type":"ImageObject","inLanguage":"fr-BE","@id":"https:\/\/vieassociative.be\/actualites\/victoire-sur-le-mur-de-huy-pogacar-est-suspendu-a-pirepoel-et-gagne-fleche-wallonne\/#primaryimage","url":"https:\/\/vieassociative.be\/actualites\/wp-content\/uploads\/2025\/04\/1745482657_Victoire-sur-le-mur-de-Huy-Pogacar-est-suspendu-a.jpg","contentUrl":"https:\/\/vieassociative.be\/actualites\/wp-content\/uploads\/2025\/04\/1745482657_Victoire-sur-le-mur-de-Huy-Pogacar-est-suspendu-a.jpg","width":1200,"height":742,"caption":"Victoire sur le mur de Huy: Pogacar est suspendu \u00e0 Pirepoel et gagne Fl\u00e8che Wallonne"},{"@type":"BreadcrumbList","@id":"https:\/\/vieassociative.be\/actualites\/victoire-sur-le-mur-de-huy-pogacar-est-suspendu-a-pirepoel-et-gagne-fleche-wallonne\/#breadcrumb","itemListElement":[{"@type":"ListItem","position":1,"name":"Accueil","item":"https:\/\/vieassociative.be\/actualites\/"},{"@type":"ListItem","position":2,"name":"Victoire sur le mur de Huy: Pogacar est suspendu \u00e0 Pirepoel et gagne Fl\u00e8che Wallonne"}]},{"@type":"WebSite","@id":"https:\/\/vieassociative.be\/actualites\/#website","url":"https:\/\/vieassociative.be\/actualites\/","name":"Vie Associative","description":"","publisher":{"@id":"https:\/\/vieassociative.be\/actualites\/#organization"},"potentialAction":[{"@type":"SearchAction","target":{"@type":"EntryPoint","urlTemplate":"https:\/\/vieassociative.be\/actualites\/?s={search_term_string}"},"query-input":{"@type":"PropertyValueSpecification","valueRequired":true,"valueName":"search_term_string"}}],"inLanguage":"fr-BE"},{"@type":"Organization","@id":"https:\/\/vieassociative.be\/actualites\/#organization","name":"Vie Associative","url":"https:\/\/vieassociative.be\/actualites\/","logo":{"@type":"ImageObject","inLanguage":"fr-BE","@id":"https:\/\/vieassociative.be\/actualites\/#\/schema\/logo\/image\/","url":"https:\/\/vieassociative.be\/actualites\/wp-content\/uploads\/2024\/09\/cropped-vieassociative_favicon.ico.png","contentUrl":"https:\/\/vieassociative.be\/actualites\/wp-content\/uploads\/2024\/09\/cropped-vieassociative_favicon.ico.png","width":512,"height":512,"caption":"Vie Associative"},"image":{"@id":"https:\/\/vieassociative.be\/actualites\/#\/schema\/logo\/image\/"}},{"@type":"Person","@id":"https:\/\/vieassociative.be\/actualites\/#\/schema\/person\/b87ac4f82f9d4e7b7cec7395b679edc4","name":"Julien","image":{"@type":"ImageObject","inLanguage":"fr-BE","@id":"https:\/\/vieassociative.be\/actualites\/#\/schema\/person\/image\/","url":"https:\/\/vieassociative.be\/actualites\/wp-content\/uploads\/2024\/09\/vie-associative-1-150x150.jpg","contentUrl":"https:\/\/vieassociative.be\/actualites\/wp-content\/uploads\/2024\/09\/vie-associative-1-150x150.jpg","caption":"Julien"},"description":"Je suis Julien, r\u00e9dacteur pour Vie Associative. Passionn\u00e9 par le monde associatif depuis plus de 10 ans, j'ai \u00e0 c\u0153ur de partager des histoires inspirantes et de mettre en lumi\u00e8re les initiatives locales. Mon objectif est de sensibiliser et d'encourager l'engagement communautaire \u00e0 travers mes articles.","sameAs":["https:\/\/vieassociative.be\/"]}]}},"_links":{"self":[{"href":"https:\/\/vieassociative.be\/actualites\/wp-json\/wp\/v2\/posts\/6990"}],"collection":[{"href":"https:\/\/vieassociative.be\/actualites\/wp-json\/wp\/v2\/posts"}],"about":[{"href":"https:\/\/vieassociative.be\/actualites\/wp-json\/wp\/v2\/types\/post"}],"author":[{"embeddable":true,"href":"https:\/\/vieassociative.be\/actualites\/wp-json\/wp\/v2\/users\/1"}],"replies":[{"embeddable":true,"href":"https:\/\/vieassociative.be\/actualites\/wp-json\/wp\/v2\/comments?post=6990"}],"version-history":[{"count":0,"href":"https:\/\/vieassociative.be\/actualites\/wp-json\/wp\/v2\/posts\/6990\/revisions"}],"wp:featuredmedia":[{"embeddable":true,"href":"https:\/\/vieassociative.be\/actualites\/wp-json\/wp\/v2\/media\/6991"}],"wp:attachment":[{"href":"https:\/\/vieassociative.be\/actualites\/wp-json\/wp\/v2\/media?parent=6990"}],"wp:term":[{"taxonomy":"category","embeddable":true,"href":"https:\/\/vieassociative.be\/actualites\/wp-json\/wp\/v2\/categories?post=6990"},{"taxonomy":"post_tag","embeddable":true,"href":"https:\/\/vieassociative.be\/actualites\/wp-json\/wp\/v2\/tags?post=6990"}],"curies":[{"name":"wp","href":"https:\/\/api.w.org\/{rel}","templated":true}]}}