{"id":6982,"date":"2025-04-24T04:19:02","date_gmt":"2025-04-24T02:19:02","guid":{"rendered":"https:\/\/vieassociative.be\/actualites\/ozaki-reprend-le-restaurant-dans-le-kelmiser-select\/"},"modified":"2025-04-24T04:19:02","modified_gmt":"2025-04-24T02:19:02","slug":"ozaki-reprend-le-restaurant-dans-le-kelmiser-select","status":"publish","type":"post","link":"https:\/\/vieassociative.be\/actualites\/ozaki-reprend-le-restaurant-dans-le-kelmiser-select\/","title":{"rendered":"Ozaki reprend le restaurant dans le Kelmiser Select"},"content":{"rendered":"<p><strong>L&rsquo;avenir de l&rsquo;entreprise de restauration dans le Kelmiser Kulturzentrum Select est s\u00e9curis\u00e9: mercredi apr\u00e8s-midi, la gestion des restaurants de sushi, Ozaki a sign\u00e9 un accord de location correspondant avec le responsable Vog Kulturzentrum Select.<\/strong><\/p>\n<p><span id=\"more-414065\"><\/span>Cela a \u00e9t\u00e9 annonc\u00e9 par la municipalit\u00e9 de Kelmis sur son site Web. Le maire Daniel Hilligsmann et le premier juge la\u00efc Bj\u00f6rn Klinkenberg ont assist\u00e9 \u00e0 la signature.<\/p>\n<div id=\"attachment_414070\" class=\"wp-caption alignleft\" style=\"max-width: 300px\"><img fetchpriority=\"high\" decoding=\"async\" class=\"wp-image-414070 size-medium\" src=\"https:\/\/vieassociative.be\/actualites\/wp-content\/uploads\/2025\/04\/Ozaki-reprend-le-restaurant-dans-le-Kelmiser-Select.jpg\" alt=\"\" width=\"300\" height=\"225\"  ><\/p>\n<p class=\"wp-caption-text\">Photo: pixabay<\/p>\n<\/div>\n<p>\u00ab\u00a0Avec Ozaki, nous avons tir\u00e9 un partenaire r\u00e9put\u00e9 \u00e0 terre, dont le rayonnement national est incontestable\u00a0\u00bb, a expliqu\u00e9 Daniel Hilligsmann lors de la signature du contrat. \u00ab\u00a0Nous sommes heureux que l&rsquo;offre gastronomique dans notre communaut\u00e9 soit enrichie par la succursale d&rsquo;Ozaki. Nous n&rsquo;aurions pas pu vouloir un meilleur partenaire pour le centre culturel s\u00e9lectionn\u00e9\u00a0\u00bb, a ajout\u00e9 le pr\u00e9sident du Vog Kulturzentrum Select, Bj\u00f6rn Klinkenberg.<\/p>\n<p>Dans un avenir proche, le nouveau locataire m\u00e8ne des travaux de r\u00e9novation dans le restaurant, qui n&rsquo;a pas \u00e9t\u00e9 affect\u00e9 par l&rsquo;accident de bus lors de la vieille journ\u00e9e des femmes. La date d&rsquo;ouverture exacte est ensuite communiqu\u00e9e.<\/p>\n<p>Avec la succursale de Kelmis, Ozaki construit son r\u00e9seau de restauration dans la r\u00e9gion: Ozaki est \u00e9galement repr\u00e9sent\u00e9 \u00e0 Eynatten avec un restaurant depuis un certain temps.<\/p>\n","protected":false},"excerpt":{"rendered":"<p>L&rsquo;avenir de l&rsquo;entreprise de restauration dans le Kelmiser Kulturzentrum Select est s\u00e9curis\u00e9: mercredi apr\u00e8s-midi, la gestion des restaurants de sushi, Ozaki a sign\u00e9 un accord<\/p>\n","protected":false},"author":1,"featured_media":6983,"comment_status":"","ping_status":"","sticky":false,"template":"","format":"standard","meta":{"footnotes":""},"categories":[298],"tags":[166,6597,6596,6109,3620,6598],"class_list":["post-6982","post","type-post","status-publish","format-standard","has-post-thumbnail","hentry","category-belgique","tag-dans","tag-kelmiser","tag-ozaki","tag-reprend","tag-restaurant","tag-select","generate-columns","tablet-grid-50","mobile-grid-100","grid-parent","grid-33"],"yoast_head":"<!-- This site is optimized with the Yoast SEO plugin v24.0 - https:\/\/yoast.com\/wordpress\/plugins\/seo\/ -->\n<title>Ozaki reprend le restaurant dans le Kelmiser Select | Vie Associative<\/title>\n<meta name=\"robots\" content=\"index, follow, max-snippet:-1, max-image-preview:large, max-video-preview:-1\" \/>\n<link rel=\"canonical\" href=\"https:\/\/vieassociative.be\/actualites\/ozaki-reprend-le-restaurant-dans-le-kelmiser-select\/\" \/>\n<meta property=\"og:locale\" content=\"fr_FR\" \/>\n<meta property=\"og:type\" content=\"article\" \/>\n<meta property=\"og:title\" content=\"Ozaki reprend le restaurant dans le Kelmiser Select | Vie Associative\" \/>\n<meta property=\"og:description\" content=\"L&rsquo;avenir de l&rsquo;entreprise de restauration dans le Kelmiser Kulturzentrum Select est s\u00e9curis\u00e9: mercredi apr\u00e8s-midi, la gestion des restaurants de sushi, Ozaki a sign\u00e9 un accord\" \/>\n<meta property=\"og:url\" content=\"https:\/\/vieassociative.be\/actualites\/ozaki-reprend-le-restaurant-dans-le-kelmiser-select\/\" \/>\n<meta property=\"og:site_name\" content=\"Vie Associative\" \/>\n<meta property=\"article:published_time\" content=\"2025-04-24T02:19:02+00:00\" \/>\n<meta property=\"og:image\" content=\"https:\/\/vieassociative.be\/actualites\/wp-content\/uploads\/2024\/09\/header_backgroundk-01-e1726694325946.png\" \/>\n\t<meta property=\"og:image:width\" content=\"279\" \/>\n\t<meta property=\"og:image:height\" content=\"92\" \/>\n\t<meta property=\"og:image:type\" content=\"image\/png\" \/>\n<meta name=\"author\" content=\"Julien\" \/>\n<meta name=\"twitter:card\" content=\"summary_large_image\" \/>\n<meta name=\"twitter:label1\" content=\"\u00c9crit par\" \/>\n\t<meta name=\"twitter:data1\" content=\"Julien\" \/>\n\t<meta name=\"twitter:label2\" content=\"Dur\u00e9e de lecture est.\" \/>\n\t<meta name=\"twitter:data2\" content=\"1 minute\" \/>\n<script type=\"application\/ld+json\" class=\"yoast-schema-graph\">{\"@context\":\"https:\/\/schema.org\",\"@graph\":[{\"@type\":\"Article\",\"@id\":\"https:\/\/vieassociative.be\/actualites\/ozaki-reprend-le-restaurant-dans-le-kelmiser-select\/#article\",\"isPartOf\":{\"@id\":\"https:\/\/vieassociative.be\/actualites\/ozaki-reprend-le-restaurant-dans-le-kelmiser-select\/\"},\"author\":{\"name\":\"Julien\",\"@id\":\"https:\/\/vieassociative.be\/actualites\/#\/schema\/person\/b87ac4f82f9d4e7b7cec7395b679edc4\"},\"headline\":\"Ozaki reprend le restaurant dans le Kelmiser Select\",\"datePublished\":\"2025-04-24T02:19:02+00:00\",\"dateModified\":\"2025-04-24T02:19:02+00:00\",\"mainEntityOfPage\":{\"@id\":\"https:\/\/vieassociative.be\/actualites\/ozaki-reprend-le-restaurant-dans-le-kelmiser-select\/\"},\"wordCount\":222,\"publisher\":{\"@id\":\"https:\/\/vieassociative.be\/actualites\/#organization\"},\"image\":{\"@id\":\"https:\/\/vieassociative.be\/actualites\/ozaki-reprend-le-restaurant-dans-le-kelmiser-select\/#primaryimage\"},\"thumbnailUrl\":\"https:\/\/vieassociative.be\/actualites\/wp-content\/uploads\/2025\/04\/1745461143_Ozaki-reprend-le-restaurant-dans-le-Kelmiser-Select.jpg\",\"keywords\":[\"dans\",\"Kelmiser\",\"Ozaki\",\"reprend\",\"restaurant\",\"Select\"],\"articleSection\":[\"Belgique\"],\"inLanguage\":\"fr-BE\"},{\"@type\":\"WebPage\",\"@id\":\"https:\/\/vieassociative.be\/actualites\/ozaki-reprend-le-restaurant-dans-le-kelmiser-select\/\",\"url\":\"https:\/\/vieassociative.be\/actualites\/ozaki-reprend-le-restaurant-dans-le-kelmiser-select\/\",\"name\":\"Ozaki reprend le restaurant dans le Kelmiser Select | Vie Associative\",\"isPartOf\":{\"@id\":\"https:\/\/vieassociative.be\/actualites\/#website\"},\"primaryImageOfPage\":{\"@id\":\"https:\/\/vieassociative.be\/actualites\/ozaki-reprend-le-restaurant-dans-le-kelmiser-select\/#primaryimage\"},\"image\":{\"@id\":\"https:\/\/vieassociative.be\/actualites\/ozaki-reprend-le-restaurant-dans-le-kelmiser-select\/#primaryimage\"},\"thumbnailUrl\":\"https:\/\/vieassociative.be\/actualites\/wp-content\/uploads\/2025\/04\/1745461143_Ozaki-reprend-le-restaurant-dans-le-Kelmiser-Select.jpg\",\"datePublished\":\"2025-04-24T02:19:02+00:00\",\"dateModified\":\"2025-04-24T02:19:02+00:00\",\"breadcrumb\":{\"@id\":\"https:\/\/vieassociative.be\/actualites\/ozaki-reprend-le-restaurant-dans-le-kelmiser-select\/#breadcrumb\"},\"inLanguage\":\"fr-BE\",\"potentialAction\":[{\"@type\":\"ReadAction\",\"target\":[\"https:\/\/vieassociative.be\/actualites\/ozaki-reprend-le-restaurant-dans-le-kelmiser-select\/\"]}]},{\"@type\":\"ImageObject\",\"inLanguage\":\"fr-BE\",\"@id\":\"https:\/\/vieassociative.be\/actualites\/ozaki-reprend-le-restaurant-dans-le-kelmiser-select\/#primaryimage\",\"url\":\"https:\/\/vieassociative.be\/actualites\/wp-content\/uploads\/2025\/04\/1745461143_Ozaki-reprend-le-restaurant-dans-le-Kelmiser-Select.jpg\",\"contentUrl\":\"https:\/\/vieassociative.be\/actualites\/wp-content\/uploads\/2025\/04\/1745461143_Ozaki-reprend-le-restaurant-dans-le-Kelmiser-Select.jpg\",\"width\":1200,\"height\":800,\"caption\":\"Ozaki reprend le restaurant dans le Kelmiser Select\"},{\"@type\":\"BreadcrumbList\",\"@id\":\"https:\/\/vieassociative.be\/actualites\/ozaki-reprend-le-restaurant-dans-le-kelmiser-select\/#breadcrumb\",\"itemListElement\":[{\"@type\":\"ListItem\",\"position\":1,\"name\":\"Accueil\",\"item\":\"https:\/\/vieassociative.be\/actualites\/\"},{\"@type\":\"ListItem\",\"position\":2,\"name\":\"Ozaki reprend le restaurant dans le Kelmiser Select\"}]},{\"@type\":\"WebSite\",\"@id\":\"https:\/\/vieassociative.be\/actualites\/#website\",\"url\":\"https:\/\/vieassociative.be\/actualites\/\",\"name\":\"Vie Associative\",\"description\":\"\",\"publisher\":{\"@id\":\"https:\/\/vieassociative.be\/actualites\/#organization\"},\"potentialAction\":[{\"@type\":\"SearchAction\",\"target\":{\"@type\":\"EntryPoint\",\"urlTemplate\":\"https:\/\/vieassociative.be\/actualites\/?s={search_term_string}\"},\"query-input\":{\"@type\":\"PropertyValueSpecification\",\"valueRequired\":true,\"valueName\":\"search_term_string\"}}],\"inLanguage\":\"fr-BE\"},{\"@type\":\"Organization\",\"@id\":\"https:\/\/vieassociative.be\/actualites\/#organization\",\"name\":\"Vie Associative\",\"url\":\"https:\/\/vieassociative.be\/actualites\/\",\"logo\":{\"@type\":\"ImageObject\",\"inLanguage\":\"fr-BE\",\"@id\":\"https:\/\/vieassociative.be\/actualites\/#\/schema\/logo\/image\/\",\"url\":\"https:\/\/vieassociative.be\/actualites\/wp-content\/uploads\/2024\/09\/cropped-vieassociative_favicon.ico.png\",\"contentUrl\":\"https:\/\/vieassociative.be\/actualites\/wp-content\/uploads\/2024\/09\/cropped-vieassociative_favicon.ico.png\",\"width\":512,\"height\":512,\"caption\":\"Vie Associative\"},\"image\":{\"@id\":\"https:\/\/vieassociative.be\/actualites\/#\/schema\/logo\/image\/\"}},{\"@type\":\"Person\",\"@id\":\"https:\/\/vieassociative.be\/actualites\/#\/schema\/person\/b87ac4f82f9d4e7b7cec7395b679edc4\",\"name\":\"Julien\",\"image\":{\"@type\":\"ImageObject\",\"inLanguage\":\"fr-BE\",\"@id\":\"https:\/\/vieassociative.be\/actualites\/#\/schema\/person\/image\/\",\"url\":\"https:\/\/vieassociative.be\/actualites\/wp-content\/uploads\/2024\/09\/vie-associative-1-150x150.jpg\",\"contentUrl\":\"https:\/\/vieassociative.be\/actualites\/wp-content\/uploads\/2024\/09\/vie-associative-1-150x150.jpg\",\"caption\":\"Julien\"},\"description\":\"Je suis Julien, r\u00e9dacteur pour Vie Associative. Passionn\u00e9 par le monde associatif depuis plus de 10 ans, j'ai \u00e0 c\u0153ur de partager des histoires inspirantes et de mettre en lumi\u00e8re les initiatives locales. Mon objectif est de sensibiliser et d'encourager l'engagement communautaire \u00e0 travers mes articles.\",\"sameAs\":[\"https:\/\/vieassociative.be\/\"]}]}<\/script>\n<!-- \/ Yoast SEO plugin. -->","yoast_head_json":{"title":"Ozaki reprend le restaurant dans le Kelmiser Select | Vie Associative","robots":{"index":"index","follow":"follow","max-snippet":"max-snippet:-1","max-image-preview":"max-image-preview:large","max-video-preview":"max-video-preview:-1"},"canonical":"https:\/\/vieassociative.be\/actualites\/ozaki-reprend-le-restaurant-dans-le-kelmiser-select\/","og_locale":"fr_FR","og_type":"article","og_title":"Ozaki reprend le restaurant dans le Kelmiser Select | Vie Associative","og_description":"L&rsquo;avenir de l&rsquo;entreprise de restauration dans le Kelmiser Kulturzentrum Select est s\u00e9curis\u00e9: mercredi apr\u00e8s-midi, la gestion des restaurants de sushi, Ozaki a sign\u00e9 un accord","og_url":"https:\/\/vieassociative.be\/actualites\/ozaki-reprend-le-restaurant-dans-le-kelmiser-select\/","og_site_name":"Vie Associative","article_published_time":"2025-04-24T02:19:02+00:00","og_image":[{"width":279,"height":92,"url":"https:\/\/vieassociative.be\/actualites\/wp-content\/uploads\/2024\/09\/header_backgroundk-01-e1726694325946.png","type":"image\/png"}],"author":"Julien","twitter_card":"summary_large_image","twitter_misc":{"\u00c9crit par":"Julien","Dur\u00e9e de lecture est.":"1 minute"},"schema":{"@context":"https:\/\/schema.org","@graph":[{"@type":"Article","@id":"https:\/\/vieassociative.be\/actualites\/ozaki-reprend-le-restaurant-dans-le-kelmiser-select\/#article","isPartOf":{"@id":"https:\/\/vieassociative.be\/actualites\/ozaki-reprend-le-restaurant-dans-le-kelmiser-select\/"},"author":{"name":"Julien","@id":"https:\/\/vieassociative.be\/actualites\/#\/schema\/person\/b87ac4f82f9d4e7b7cec7395b679edc4"},"headline":"Ozaki reprend le restaurant dans le Kelmiser Select","datePublished":"2025-04-24T02:19:02+00:00","dateModified":"2025-04-24T02:19:02+00:00","mainEntityOfPage":{"@id":"https:\/\/vieassociative.be\/actualites\/ozaki-reprend-le-restaurant-dans-le-kelmiser-select\/"},"wordCount":222,"publisher":{"@id":"https:\/\/vieassociative.be\/actualites\/#organization"},"image":{"@id":"https:\/\/vieassociative.be\/actualites\/ozaki-reprend-le-restaurant-dans-le-kelmiser-select\/#primaryimage"},"thumbnailUrl":"https:\/\/vieassociative.be\/actualites\/wp-content\/uploads\/2025\/04\/1745461143_Ozaki-reprend-le-restaurant-dans-le-Kelmiser-Select.jpg","keywords":["dans","Kelmiser","Ozaki","reprend","restaurant","Select"],"articleSection":["Belgique"],"inLanguage":"fr-BE"},{"@type":"WebPage","@id":"https:\/\/vieassociative.be\/actualites\/ozaki-reprend-le-restaurant-dans-le-kelmiser-select\/","url":"https:\/\/vieassociative.be\/actualites\/ozaki-reprend-le-restaurant-dans-le-kelmiser-select\/","name":"Ozaki reprend le restaurant dans le Kelmiser Select | Vie Associative","isPartOf":{"@id":"https:\/\/vieassociative.be\/actualites\/#website"},"primaryImageOfPage":{"@id":"https:\/\/vieassociative.be\/actualites\/ozaki-reprend-le-restaurant-dans-le-kelmiser-select\/#primaryimage"},"image":{"@id":"https:\/\/vieassociative.be\/actualites\/ozaki-reprend-le-restaurant-dans-le-kelmiser-select\/#primaryimage"},"thumbnailUrl":"https:\/\/vieassociative.be\/actualites\/wp-content\/uploads\/2025\/04\/1745461143_Ozaki-reprend-le-restaurant-dans-le-Kelmiser-Select.jpg","datePublished":"2025-04-24T02:19:02+00:00","dateModified":"2025-04-24T02:19:02+00:00","breadcrumb":{"@id":"https:\/\/vieassociative.be\/actualites\/ozaki-reprend-le-restaurant-dans-le-kelmiser-select\/#breadcrumb"},"inLanguage":"fr-BE","potentialAction":[{"@type":"ReadAction","target":["https:\/\/vieassociative.be\/actualites\/ozaki-reprend-le-restaurant-dans-le-kelmiser-select\/"]}]},{"@type":"ImageObject","inLanguage":"fr-BE","@id":"https:\/\/vieassociative.be\/actualites\/ozaki-reprend-le-restaurant-dans-le-kelmiser-select\/#primaryimage","url":"https:\/\/vieassociative.be\/actualites\/wp-content\/uploads\/2025\/04\/1745461143_Ozaki-reprend-le-restaurant-dans-le-Kelmiser-Select.jpg","contentUrl":"https:\/\/vieassociative.be\/actualites\/wp-content\/uploads\/2025\/04\/1745461143_Ozaki-reprend-le-restaurant-dans-le-Kelmiser-Select.jpg","width":1200,"height":800,"caption":"Ozaki reprend le restaurant dans le Kelmiser Select"},{"@type":"BreadcrumbList","@id":"https:\/\/vieassociative.be\/actualites\/ozaki-reprend-le-restaurant-dans-le-kelmiser-select\/#breadcrumb","itemListElement":[{"@type":"ListItem","position":1,"name":"Accueil","item":"https:\/\/vieassociative.be\/actualites\/"},{"@type":"ListItem","position":2,"name":"Ozaki reprend le restaurant dans le Kelmiser Select"}]},{"@type":"WebSite","@id":"https:\/\/vieassociative.be\/actualites\/#website","url":"https:\/\/vieassociative.be\/actualites\/","name":"Vie Associative","description":"","publisher":{"@id":"https:\/\/vieassociative.be\/actualites\/#organization"},"potentialAction":[{"@type":"SearchAction","target":{"@type":"EntryPoint","urlTemplate":"https:\/\/vieassociative.be\/actualites\/?s={search_term_string}"},"query-input":{"@type":"PropertyValueSpecification","valueRequired":true,"valueName":"search_term_string"}}],"inLanguage":"fr-BE"},{"@type":"Organization","@id":"https:\/\/vieassociative.be\/actualites\/#organization","name":"Vie Associative","url":"https:\/\/vieassociative.be\/actualites\/","logo":{"@type":"ImageObject","inLanguage":"fr-BE","@id":"https:\/\/vieassociative.be\/actualites\/#\/schema\/logo\/image\/","url":"https:\/\/vieassociative.be\/actualites\/wp-content\/uploads\/2024\/09\/cropped-vieassociative_favicon.ico.png","contentUrl":"https:\/\/vieassociative.be\/actualites\/wp-content\/uploads\/2024\/09\/cropped-vieassociative_favicon.ico.png","width":512,"height":512,"caption":"Vie Associative"},"image":{"@id":"https:\/\/vieassociative.be\/actualites\/#\/schema\/logo\/image\/"}},{"@type":"Person","@id":"https:\/\/vieassociative.be\/actualites\/#\/schema\/person\/b87ac4f82f9d4e7b7cec7395b679edc4","name":"Julien","image":{"@type":"ImageObject","inLanguage":"fr-BE","@id":"https:\/\/vieassociative.be\/actualites\/#\/schema\/person\/image\/","url":"https:\/\/vieassociative.be\/actualites\/wp-content\/uploads\/2024\/09\/vie-associative-1-150x150.jpg","contentUrl":"https:\/\/vieassociative.be\/actualites\/wp-content\/uploads\/2024\/09\/vie-associative-1-150x150.jpg","caption":"Julien"},"description":"Je suis Julien, r\u00e9dacteur pour Vie Associative. Passionn\u00e9 par le monde associatif depuis plus de 10 ans, j'ai \u00e0 c\u0153ur de partager des histoires inspirantes et de mettre en lumi\u00e8re les initiatives locales. Mon objectif est de sensibiliser et d'encourager l'engagement communautaire \u00e0 travers mes articles.","sameAs":["https:\/\/vieassociative.be\/"]}]}},"_links":{"self":[{"href":"https:\/\/vieassociative.be\/actualites\/wp-json\/wp\/v2\/posts\/6982"}],"collection":[{"href":"https:\/\/vieassociative.be\/actualites\/wp-json\/wp\/v2\/posts"}],"about":[{"href":"https:\/\/vieassociative.be\/actualites\/wp-json\/wp\/v2\/types\/post"}],"author":[{"embeddable":true,"href":"https:\/\/vieassociative.be\/actualites\/wp-json\/wp\/v2\/users\/1"}],"replies":[{"embeddable":true,"href":"https:\/\/vieassociative.be\/actualites\/wp-json\/wp\/v2\/comments?post=6982"}],"version-history":[{"count":0,"href":"https:\/\/vieassociative.be\/actualites\/wp-json\/wp\/v2\/posts\/6982\/revisions"}],"wp:featuredmedia":[{"embeddable":true,"href":"https:\/\/vieassociative.be\/actualites\/wp-json\/wp\/v2\/media\/6983"}],"wp:attachment":[{"href":"https:\/\/vieassociative.be\/actualites\/wp-json\/wp\/v2\/media?parent=6982"}],"wp:term":[{"taxonomy":"category","embeddable":true,"href":"https:\/\/vieassociative.be\/actualites\/wp-json\/wp\/v2\/categories?post=6982"},{"taxonomy":"post_tag","embeddable":true,"href":"https:\/\/vieassociative.be\/actualites\/wp-json\/wp\/v2\/tags?post=6982"}],"curies":[{"name":"wp","href":"https:\/\/api.w.org\/{rel}","templated":true}]}}