{"id":6974,"date":"2025-04-23T22:17:25","date_gmt":"2025-04-23T20:17:25","guid":{"rendered":"https:\/\/vieassociative.be\/actualites\/dispute-sur-la-crimee-trump-compte-selenskyj-ukraine-rejette-categoriquement-les-territoires-en-russie\/"},"modified":"2025-04-23T22:17:25","modified_gmt":"2025-04-23T20:17:25","slug":"dispute-sur-la-crimee-trump-compte-selenskyj-ukraine-rejette-categoriquement-les-territoires-en-russie","status":"publish","type":"post","link":"https:\/\/vieassociative.be\/actualites\/dispute-sur-la-crimee-trump-compte-selenskyj-ukraine-rejette-categoriquement-les-territoires-en-russie\/","title":{"rendered":"Dispute sur la Crim\u00e9e: Trump compte Selenskyj &#8211; Ukraine rejette cat\u00e9goriquement les territoires en Russie"},"content":{"rendered":"<p><strong>Le pr\u00e9sident am\u00e9ricain Trump souhaite pr\u00e9senter un accord pour la fin de la guerre en Ukraine et fait de s\u00e9rieuses accusations d&rsquo;Ukraine. Une r\u00e9union \u00e0 Londres, en revanche, n&rsquo;est pas si importante pour les \u00c9tats-Unis.<\/strong><\/p>\n<p><span id=\"more-414076\"><\/span>Le pr\u00e9sident am\u00e9ricain Donald Trump accuse le Premier ministre ukrainien Wolodymyr Selenskyj pour prolonger inutilement la guerre avec la Russie avec son attitude. Selenskyj Refusal d&rsquo;accepter l&rsquo;occupation de la Crim\u00e9e par les Russes a \u00e9t\u00e9 \u00ab\u00a0tr\u00e8s pr\u00e9judiciable aux n\u00e9gociations de paix\u00a0\u00bb, a \u00e9crit Trump sur sa plate-forme Truth Social, apr\u00e8s que le gouvernement am\u00e9ricain a d\u00e9j\u00e0 augment\u00e9 la pression des deux c\u00f4t\u00e9s.<\/p>\n<p>Trump a \u00e9crit que les d\u00e9clarations qui ont rendu difficile la mise en \u0153uvre de cette guerre \u00e9taient difficiles. Selenskyj avait auparavant cat\u00e9goriquement exclu le territoire de la Russie. \u00ab\u00a0Il n&rsquo;y a rien \u00e0 dire. C&rsquo;est en dehors de notre Constitution\u00a0\u00bb, a d\u00e9clar\u00e9 le chef de l&rsquo;\u00c9tat de Kiev en vue des zones ukrainiennes annex\u00e9es par la Russie comme la p\u00e9ninsule de la mer Noire Crim\u00e9e.<\/p>\n<div id=\"attachment_414083\" class=\"wp-caption alignleft\" style=\"max-width: 300px\"><img fetchpriority=\"high\" decoding=\"async\" class=\"wp-image-414083 size-medium\" src=\"https:\/\/vieassociative.be\/actualites\/wp-content\/uploads\/2025\/04\/Dispute-sur-la-Crimee-Trump-compte-Selenskyj-Ukraine-rejette.jpg\" alt=\"\" width=\"300\" height=\"200\"><\/p>\n<p class=\"wp-caption-text\">22\/04\/2025, Ukraine, Kiev: Le pr\u00e9sident ukrainien Wolodymyr Selenskyj parle lors d&rsquo;une conf\u00e9rence de presse. Photo: Evgeniy Maloletka \/ AP \/ DPA<\/p>\n<\/div>\n<p>Le vice-pr\u00e9sident de Trump, JD Vance, a d\u00e9clar\u00e9 mercredi que les deux parties devraient abandonner une partie du territoire qu&rsquo;ils v\u00e9rifient actuellement sans donner de d\u00e9tails sur les zones. Les Russes et les Ukrainiens ont soumis une \u00ab\u00a0proposition claire\u00a0\u00bb pour les n\u00e9gociations de paix.<\/p>\n<p>Il est temps de \u00ab\u00a0dire oui\u00a0\u00bb, soit les \u00c9tats-Unis se retirer du processus de n\u00e9gociation, a d\u00e9clar\u00e9 Vance lors de son voyage en Inde. Le secr\u00e9taire d&rsquo;\u00c9tat am\u00e9ricain Marco Rubio avait pr\u00e9c\u00e9demment annul\u00e9 sa participation \u00e0 un suppos\u00e9 sommet \u00e0 Londres.<\/p>\n<p>Mercredi, il n&rsquo;y a eu que la capitale britannique au niveau du conseiller, pas sous les ministres ext\u00e9rieurs. Une porte-parole du D\u00e9partement d&rsquo;\u00c9tat am\u00e9ricain a donn\u00e9 des raisons logistiques pour les absences de Rubios &#8211; les attentes de progr\u00e8s rapides \u00e0 Londres pour la paix en Ukraine ont donc \u00e9t\u00e9 amortis. De grands r\u00e9sultats n&rsquo;ont pas \u00e9t\u00e9 annonc\u00e9s apr\u00e8s la r\u00e9union.<\/p>\n<p>Il y a une semaine, le ministre am\u00e9ricain a visit\u00e9 une r\u00e9union similaire \u00e0 Paris. Le \u00abNew York Times\u00bb a rapport\u00e9 que Rubio avait d\u00e9cid\u00e9 mardi de quitter la prochaine phase des pourparlers. La r\u00e9union \u00e0 Londres a ensuite \u00e9t\u00e9 r\u00e9trograd\u00e9e, a \u00e9crit le portail \u00ab\u00a0Politico\u00a0\u00bb.<\/p>\n<p><strong>-Us envoy\u00e9s sp\u00e9ciaux \u00e0 Moscou?<\/strong> Vance \u00e9tait d&rsquo;autant plus claire en Inde. Les \u00c9tats-Unis avaient exploit\u00e9 un \u00ab\u00a0niveau extraordinaire\u00a0\u00bb de diplomatie et tent\u00e9 de \u00ab\u00a0comprendre les choses du point de vue de l&rsquo;Ukrainien et des Russes\u00a0\u00bb, a d\u00e9clar\u00e9 le Trump-Vice, il a parl\u00e9 d&rsquo;une \u00ab\u00a0proposition tr\u00e8s juste\u00a0\u00bb.<\/p>\n<div id=\"attachment_414084\" class=\"wp-caption alignleft\" style=\"max-width: 300px\"><img decoding=\"async\" class=\"wp-image-414084 size-medium\" src=\"https:\/\/vieassociative.be\/actualites\/wp-content\/uploads\/2025\/04\/1745439445_411_Dispute-sur-la-Crimee-Trump-compte-Selenskyj-Ukraine-rejette.jpg\" alt=\"\" width=\"300\" height=\"200\"><\/p>\n<p class=\"wp-caption-text\">23\/04\/2025, Inde, AGRA: le vice-pr\u00e9sident am\u00e9ricain JD Vance et sa famille visitent le Taj Mahal. Photo: Kenny Holston \/ Pool The New York Times \/ DPA<\/p>\n<\/div>\n<p>Il n&rsquo;a pas appel\u00e9 une p\u00e9riode pr\u00e9cise avant de dire que les deux parties devraient dire \u00ab\u00a0oui\u00a0\u00bb. Selon les m\u00e9dias am\u00e9ricains, le sp\u00e9cialiste am\u00e9ricain Steve Witkoff n&rsquo;\u00e9tait pas l\u00e0 \u00e0 Londres. Il doit se rendre \u00e0 Moscou \u00e0 nouveau dans les prochains jours afin de conseiller \u00e0 nouveau contre la fin de l&rsquo;attaque avec le pr\u00e9sident russe Vladimir Poutine.<\/p>\n<p>\u00ab\u00a0Nous verrons si les Europ\u00e9ens, les Russes et les Ukrainiens sont finalement en mesure d&rsquo;apporter cette chose \u00e0 la ligne d&rsquo;arriv\u00e9e\u00a0\u00bb, a d\u00e9clar\u00e9 Vance. Mais il \u00e9tait \u00ab\u00a0assez optimiste\u00a0\u00bb. L&rsquo;objectif est une paix \u00ab\u00a0\u00e0 long terme\u00a0\u00bb. \u00ab\u00a0Nous esp\u00e9rons que les Russes et les Ukrainiens nous rencontreront \u00e0 mi-chemin\u00a0\u00bb, a d\u00e9clar\u00e9 Vance.<\/p>\n<p><strong>&#8211; Confusion \u00e0 Londres:<\/strong> Le fait que Rubio n&rsquo;ait pas voyag\u00e9 \u00e0 Londres avait provoqu\u00e9 une certaine confusion. Le ministre britannique des Affaires \u00e9trang\u00e8res, David Lammy, a annonc\u00e9 sur la plate-forme X qu&rsquo;il avait appel\u00e9 Rubio. La Grande-Bretagne travaille avec les \u00c9tats-Unis, l&rsquo;Ukraine et l&rsquo;Europe pour atteindre la paix et mettre fin \u00e0 l&rsquo;invasion ill\u00e9gale du pr\u00e9sident russe, a \u00e9crit Lammy.<\/p>\n<p>Le ministre fran\u00e7ais des Affaires \u00e9trang\u00e8res, Jean-Noel Barrot, \u00e9tait \u00e9galement port\u00e9 disparu \u00e0 Londres, au lieu de cela, le conseiller pr\u00e9sidentiel Emmanuel Bonne a particip\u00e9 aux consultations. Berlin a envoy\u00e9 d\u00e9j\u00e0 apr\u00e8s Paris &#8211; le conseiller chancelier pour la politique \u00e9trang\u00e8re et de s\u00e9curit\u00e9, Jens Pl\u00f6tner, sur les n\u00e9gociations.<\/p>\n<p><strong>&#8211; Conflit entre Kyiv et Washington La cause?<\/strong> L&rsquo;annulation de Rubio a eu lieu peu de temps apr\u00e8s que Selenskyj ait exclu le territoire. Auparavant, il y avait eu des informations sur les m\u00e9dias selon lesquels la \u00ab\u00a0derni\u00e8re offre\u00a0\u00bb de Trump contient une reconnaissance juridique de la p\u00e9ninsule de la mer Noire, Crimea annex\u00e9e par Moscou comme russe. De plus, l&rsquo;occupation d&rsquo;autres zones ukrainiennes des zones ukrainiennes debout est en fait tol\u00e9r\u00e9e.<\/p>\n<\/p>\n<div id=\"attachment_414085\" class=\"wp-caption alignnone\" style=\"max-width: 300px\"><img decoding=\"async\" src=\"https:\/\/vieassociative.be\/actualites\/wp-content\/uploads\/2025\/04\/1745439445_350_Dispute-sur-la-Crimee-Trump-compte-Selenskyj-Ukraine-rejette.jpg\" alt=\"\" width=\"300\" height=\"200\" class=\"size-medium wp-image-414085\"><\/p>\n<p class=\"wp-caption-text\">17\/04\/2025, France, Paris: Secr\u00e9taire d&rsquo;\u00c9tat am\u00e9ricain Marco Rubio avant les discussions de haut rang sur l&rsquo;Ukraine et leur s\u00e9curit\u00e9 \u00e0 Paris. Photo: Julien de Rosa \/ Pool AFP \/ DPA<\/p>\n<\/div>\n<p>En retour, Moscou devrait s&rsquo;engager \u00e0 geler l&rsquo;invasion le long de la ligne de front actuelle, a rapport\u00e9 le \u00abFinancial Times\u00bb, citant la question. Selon des experts militaires de l&rsquo;Institut am\u00e9ricain pour les \u00e9tudes de guerre (ISW), la cong\u00e9lation du front n&rsquo;est pas encore une garantie de paix future. La Russie pourrait utiliser la rupture dans les combats pour une mise \u00e0 niveau suppl\u00e9mentaire et une reprise ult\u00e9rieure d&rsquo;agression, surtout si un moratoire sur l&rsquo;aide aux armes occidentaux est stipul\u00e9 en Ukraine dans l&rsquo;accord.<\/p>\n<p>De plus, le porte-parole du Kremlin, Dmitri Peskow, ne voulait pas confirmer que Moscou a accept\u00e9 la possibilit\u00e9 d&rsquo;arr\u00eater les combats en premi\u00e8re ligne. De nombreux faux rapports circulaient actuellement dans les m\u00e9dias, mais les contours possibles d&rsquo;un accord ne seraient pas destin\u00e9s au public. Dans le m\u00eame temps, il a lui-m\u00eame suppos\u00e9 publiquement que la r\u00e9union recommand\u00e9e \u00e0 haute teneur en Londres avait \u00e9chou\u00e9 en raison de diff\u00e9rences entre Kiev et Washington.<\/p>\n<p><strong>&#8211; Cons\u00e9quences pour l&rsquo;Ukraine:<\/strong> Un retrait des \u00c9tats-Unis &#8211; en l&rsquo;esp\u00e8ce peut \u00e9galement \u00eatre un partisan &#8211; signifierait un affaiblissement massif de sa d\u00e9fense contre l&rsquo;invasion russe pour l&rsquo;Ukraine. L&rsquo;\u00e9quipe de n\u00e9gociation ukrainienne \u00e0 forte \u00e9galisation \u00e0 Londres, dirig\u00e9e par le conseiller pr\u00e9sidentiel Andrij Jermak, a r\u00e9agi calmement pour le moment. Le ministre des Affaires \u00e9trang\u00e8res Andrij Sybiha a publi\u00e9 une photo avec Lammy en d\u00e9but d&rsquo;apr\u00e8s-midi, o\u00f9 il a remerci\u00e9 la Grande-Bretagne pour le soutien. L&rsquo;\u00e9quipe parlera des opportunit\u00e9s de renforcement de l&rsquo;Ukraine et de la r\u00e9alisation de la paix permanente, a-t-il \u00e9crit. (DPA)<\/p>\n","protected":false},"excerpt":{"rendered":"<p>Le pr\u00e9sident am\u00e9ricain Trump souhaite pr\u00e9senter un accord pour la fin de la guerre en Ukraine et fait de s\u00e9rieuses accusations d&rsquo;Ukraine. Une r\u00e9union \u00e0<\/p>\n","protected":false},"author":1,"featured_media":6975,"comment_status":"","ping_status":"","sticky":false,"template":"","format":"standard","meta":{"footnotes":""},"categories":[298],"tags":[4350,962,6591,1495,14,5076,2636,5563,33,6592,2425,3071],"class_list":["post-6974","post","type-post","status-publish","format-standard","has-post-thumbnail","hentry","category-belgique","tag-categoriquement","tag-compte","tag-crimee","tag-dispute","tag-les","tag-rejette","tag-russie","tag-selenskyj","tag-sur","tag-territoires","tag-trump","tag-ukraine","generate-columns","tablet-grid-50","mobile-grid-100","grid-parent","grid-33"],"yoast_head":"<!-- This site is optimized with the Yoast SEO plugin v24.0 - https:\/\/yoast.com\/wordpress\/plugins\/seo\/ -->\n<title>Dispute sur la Crim\u00e9e: Trump compte Selenskyj - Ukraine rejette cat\u00e9goriquement les territoires en Russie | Vie Associative<\/title>\n<meta name=\"robots\" content=\"index, follow, max-snippet:-1, max-image-preview:large, max-video-preview:-1\" \/>\n<link rel=\"canonical\" href=\"https:\/\/vieassociative.be\/actualites\/dispute-sur-la-crimee-trump-compte-selenskyj-ukraine-rejette-categoriquement-les-territoires-en-russie\/\" \/>\n<meta property=\"og:locale\" content=\"fr_FR\" \/>\n<meta property=\"og:type\" content=\"article\" \/>\n<meta property=\"og:title\" content=\"Dispute sur la Crim\u00e9e: Trump compte Selenskyj - Ukraine rejette cat\u00e9goriquement les territoires en Russie | Vie Associative\" \/>\n<meta property=\"og:description\" content=\"Le pr\u00e9sident am\u00e9ricain Trump souhaite pr\u00e9senter un accord pour la fin de la guerre en Ukraine et fait de s\u00e9rieuses accusations d&rsquo;Ukraine. Une r\u00e9union \u00e0\" \/>\n<meta property=\"og:url\" content=\"https:\/\/vieassociative.be\/actualites\/dispute-sur-la-crimee-trump-compte-selenskyj-ukraine-rejette-categoriquement-les-territoires-en-russie\/\" \/>\n<meta property=\"og:site_name\" content=\"Vie Associative\" \/>\n<meta property=\"article:published_time\" content=\"2025-04-23T20:17:25+00:00\" \/>\n<meta property=\"og:image\" content=\"https:\/\/vieassociative.be\/actualites\/wp-content\/uploads\/2024\/09\/header_backgroundk-01-e1726694325946.png\" \/>\n\t<meta property=\"og:image:width\" content=\"279\" \/>\n\t<meta property=\"og:image:height\" content=\"92\" \/>\n\t<meta property=\"og:image:type\" content=\"image\/png\" \/>\n<meta name=\"author\" content=\"Julien\" \/>\n<meta name=\"twitter:card\" content=\"summary_large_image\" \/>\n<meta name=\"twitter:label1\" content=\"\u00c9crit par\" \/>\n\t<meta name=\"twitter:data1\" content=\"Julien\" \/>\n\t<meta name=\"twitter:label2\" content=\"Dur\u00e9e de lecture est.\" \/>\n\t<meta name=\"twitter:data2\" content=\"6 minutes\" \/>\n<script type=\"application\/ld+json\" class=\"yoast-schema-graph\">{\"@context\":\"https:\/\/schema.org\",\"@graph\":[{\"@type\":\"Article\",\"@id\":\"https:\/\/vieassociative.be\/actualites\/dispute-sur-la-crimee-trump-compte-selenskyj-ukraine-rejette-categoriquement-les-territoires-en-russie\/#article\",\"isPartOf\":{\"@id\":\"https:\/\/vieassociative.be\/actualites\/dispute-sur-la-crimee-trump-compte-selenskyj-ukraine-rejette-categoriquement-les-territoires-en-russie\/\"},\"author\":{\"name\":\"Julien\",\"@id\":\"https:\/\/vieassociative.be\/actualites\/#\/schema\/person\/b87ac4f82f9d4e7b7cec7395b679edc4\"},\"headline\":\"Dispute sur la Crim\u00e9e: Trump compte Selenskyj &#8211; Ukraine rejette cat\u00e9goriquement les territoires en Russie\",\"datePublished\":\"2025-04-23T20:17:25+00:00\",\"dateModified\":\"2025-04-23T20:17:25+00:00\",\"mainEntityOfPage\":{\"@id\":\"https:\/\/vieassociative.be\/actualites\/dispute-sur-la-crimee-trump-compte-selenskyj-ukraine-rejette-categoriquement-les-territoires-en-russie\/\"},\"wordCount\":1169,\"publisher\":{\"@id\":\"https:\/\/vieassociative.be\/actualites\/#organization\"},\"image\":{\"@id\":\"https:\/\/vieassociative.be\/actualites\/dispute-sur-la-crimee-trump-compte-selenskyj-ukraine-rejette-categoriquement-les-territoires-en-russie\/#primaryimage\"},\"thumbnailUrl\":\"https:\/\/vieassociative.be\/actualites\/wp-content\/uploads\/2025\/04\/1745439445_Dispute-sur-la-Crimee-Trump-compte-Selenskyj-Ukraine-rejette.jpg\",\"keywords\":[\"cat\u00e9goriquement\",\"compte\",\"Crim\u00e9e\",\"dispute\",\"Les\",\"rejette\",\"Russie\",\"Selenskyj\",\"sur\",\"territoires\",\"Trump\",\"Ukraine\"],\"articleSection\":[\"Belgique\"],\"inLanguage\":\"fr-BE\"},{\"@type\":\"WebPage\",\"@id\":\"https:\/\/vieassociative.be\/actualites\/dispute-sur-la-crimee-trump-compte-selenskyj-ukraine-rejette-categoriquement-les-territoires-en-russie\/\",\"url\":\"https:\/\/vieassociative.be\/actualites\/dispute-sur-la-crimee-trump-compte-selenskyj-ukraine-rejette-categoriquement-les-territoires-en-russie\/\",\"name\":\"Dispute sur la Crim\u00e9e: Trump compte Selenskyj - Ukraine rejette cat\u00e9goriquement les territoires en Russie | Vie Associative\",\"isPartOf\":{\"@id\":\"https:\/\/vieassociative.be\/actualites\/#website\"},\"primaryImageOfPage\":{\"@id\":\"https:\/\/vieassociative.be\/actualites\/dispute-sur-la-crimee-trump-compte-selenskyj-ukraine-rejette-categoriquement-les-territoires-en-russie\/#primaryimage\"},\"image\":{\"@id\":\"https:\/\/vieassociative.be\/actualites\/dispute-sur-la-crimee-trump-compte-selenskyj-ukraine-rejette-categoriquement-les-territoires-en-russie\/#primaryimage\"},\"thumbnailUrl\":\"https:\/\/vieassociative.be\/actualites\/wp-content\/uploads\/2025\/04\/1745439445_Dispute-sur-la-Crimee-Trump-compte-Selenskyj-Ukraine-rejette.jpg\",\"datePublished\":\"2025-04-23T20:17:25+00:00\",\"dateModified\":\"2025-04-23T20:17:25+00:00\",\"breadcrumb\":{\"@id\":\"https:\/\/vieassociative.be\/actualites\/dispute-sur-la-crimee-trump-compte-selenskyj-ukraine-rejette-categoriquement-les-territoires-en-russie\/#breadcrumb\"},\"inLanguage\":\"fr-BE\",\"potentialAction\":[{\"@type\":\"ReadAction\",\"target\":[\"https:\/\/vieassociative.be\/actualites\/dispute-sur-la-crimee-trump-compte-selenskyj-ukraine-rejette-categoriquement-les-territoires-en-russie\/\"]}]},{\"@type\":\"ImageObject\",\"inLanguage\":\"fr-BE\",\"@id\":\"https:\/\/vieassociative.be\/actualites\/dispute-sur-la-crimee-trump-compte-selenskyj-ukraine-rejette-categoriquement-les-territoires-en-russie\/#primaryimage\",\"url\":\"https:\/\/vieassociative.be\/actualites\/wp-content\/uploads\/2025\/04\/1745439445_Dispute-sur-la-Crimee-Trump-compte-Selenskyj-Ukraine-rejette.jpg\",\"contentUrl\":\"https:\/\/vieassociative.be\/actualites\/wp-content\/uploads\/2025\/04\/1745439445_Dispute-sur-la-Crimee-Trump-compte-Selenskyj-Ukraine-rejette.jpg\",\"width\":1200,\"height\":800,\"caption\":\"Dispute sur la Crim\u00e9e: Trump compte Selenskyj - Ukraine rejette cat\u00e9goriquement les territoires en Russie\"},{\"@type\":\"BreadcrumbList\",\"@id\":\"https:\/\/vieassociative.be\/actualites\/dispute-sur-la-crimee-trump-compte-selenskyj-ukraine-rejette-categoriquement-les-territoires-en-russie\/#breadcrumb\",\"itemListElement\":[{\"@type\":\"ListItem\",\"position\":1,\"name\":\"Accueil\",\"item\":\"https:\/\/vieassociative.be\/actualites\/\"},{\"@type\":\"ListItem\",\"position\":2,\"name\":\"Dispute sur la Crim\u00e9e: Trump compte Selenskyj &#8211; Ukraine rejette cat\u00e9goriquement les territoires en Russie\"}]},{\"@type\":\"WebSite\",\"@id\":\"https:\/\/vieassociative.be\/actualites\/#website\",\"url\":\"https:\/\/vieassociative.be\/actualites\/\",\"name\":\"Vie Associative\",\"description\":\"\",\"publisher\":{\"@id\":\"https:\/\/vieassociative.be\/actualites\/#organization\"},\"potentialAction\":[{\"@type\":\"SearchAction\",\"target\":{\"@type\":\"EntryPoint\",\"urlTemplate\":\"https:\/\/vieassociative.be\/actualites\/?s={search_term_string}\"},\"query-input\":{\"@type\":\"PropertyValueSpecification\",\"valueRequired\":true,\"valueName\":\"search_term_string\"}}],\"inLanguage\":\"fr-BE\"},{\"@type\":\"Organization\",\"@id\":\"https:\/\/vieassociative.be\/actualites\/#organization\",\"name\":\"Vie Associative\",\"url\":\"https:\/\/vieassociative.be\/actualites\/\",\"logo\":{\"@type\":\"ImageObject\",\"inLanguage\":\"fr-BE\",\"@id\":\"https:\/\/vieassociative.be\/actualites\/#\/schema\/logo\/image\/\",\"url\":\"https:\/\/vieassociative.be\/actualites\/wp-content\/uploads\/2024\/09\/cropped-vieassociative_favicon.ico.png\",\"contentUrl\":\"https:\/\/vieassociative.be\/actualites\/wp-content\/uploads\/2024\/09\/cropped-vieassociative_favicon.ico.png\",\"width\":512,\"height\":512,\"caption\":\"Vie Associative\"},\"image\":{\"@id\":\"https:\/\/vieassociative.be\/actualites\/#\/schema\/logo\/image\/\"}},{\"@type\":\"Person\",\"@id\":\"https:\/\/vieassociative.be\/actualites\/#\/schema\/person\/b87ac4f82f9d4e7b7cec7395b679edc4\",\"name\":\"Julien\",\"image\":{\"@type\":\"ImageObject\",\"inLanguage\":\"fr-BE\",\"@id\":\"https:\/\/vieassociative.be\/actualites\/#\/schema\/person\/image\/\",\"url\":\"https:\/\/vieassociative.be\/actualites\/wp-content\/uploads\/2024\/09\/vie-associative-1-150x150.jpg\",\"contentUrl\":\"https:\/\/vieassociative.be\/actualites\/wp-content\/uploads\/2024\/09\/vie-associative-1-150x150.jpg\",\"caption\":\"Julien\"},\"description\":\"Je suis Julien, r\u00e9dacteur pour Vie Associative. Passionn\u00e9 par le monde associatif depuis plus de 10 ans, j'ai \u00e0 c\u0153ur de partager des histoires inspirantes et de mettre en lumi\u00e8re les initiatives locales. Mon objectif est de sensibiliser et d'encourager l'engagement communautaire \u00e0 travers mes articles.\",\"sameAs\":[\"https:\/\/vieassociative.be\/\"]}]}<\/script>\n<!-- \/ Yoast SEO plugin. -->","yoast_head_json":{"title":"Dispute sur la Crim\u00e9e: Trump compte Selenskyj - Ukraine rejette cat\u00e9goriquement les territoires en Russie | Vie Associative","robots":{"index":"index","follow":"follow","max-snippet":"max-snippet:-1","max-image-preview":"max-image-preview:large","max-video-preview":"max-video-preview:-1"},"canonical":"https:\/\/vieassociative.be\/actualites\/dispute-sur-la-crimee-trump-compte-selenskyj-ukraine-rejette-categoriquement-les-territoires-en-russie\/","og_locale":"fr_FR","og_type":"article","og_title":"Dispute sur la Crim\u00e9e: Trump compte Selenskyj - Ukraine rejette cat\u00e9goriquement les territoires en Russie | Vie Associative","og_description":"Le pr\u00e9sident am\u00e9ricain Trump souhaite pr\u00e9senter un accord pour la fin de la guerre en Ukraine et fait de s\u00e9rieuses accusations d&rsquo;Ukraine. Une r\u00e9union \u00e0","og_url":"https:\/\/vieassociative.be\/actualites\/dispute-sur-la-crimee-trump-compte-selenskyj-ukraine-rejette-categoriquement-les-territoires-en-russie\/","og_site_name":"Vie Associative","article_published_time":"2025-04-23T20:17:25+00:00","og_image":[{"width":279,"height":92,"url":"https:\/\/vieassociative.be\/actualites\/wp-content\/uploads\/2024\/09\/header_backgroundk-01-e1726694325946.png","type":"image\/png"}],"author":"Julien","twitter_card":"summary_large_image","twitter_misc":{"\u00c9crit par":"Julien","Dur\u00e9e de lecture est.":"6 minutes"},"schema":{"@context":"https:\/\/schema.org","@graph":[{"@type":"Article","@id":"https:\/\/vieassociative.be\/actualites\/dispute-sur-la-crimee-trump-compte-selenskyj-ukraine-rejette-categoriquement-les-territoires-en-russie\/#article","isPartOf":{"@id":"https:\/\/vieassociative.be\/actualites\/dispute-sur-la-crimee-trump-compte-selenskyj-ukraine-rejette-categoriquement-les-territoires-en-russie\/"},"author":{"name":"Julien","@id":"https:\/\/vieassociative.be\/actualites\/#\/schema\/person\/b87ac4f82f9d4e7b7cec7395b679edc4"},"headline":"Dispute sur la Crim\u00e9e: Trump compte Selenskyj &#8211; Ukraine rejette cat\u00e9goriquement les territoires en Russie","datePublished":"2025-04-23T20:17:25+00:00","dateModified":"2025-04-23T20:17:25+00:00","mainEntityOfPage":{"@id":"https:\/\/vieassociative.be\/actualites\/dispute-sur-la-crimee-trump-compte-selenskyj-ukraine-rejette-categoriquement-les-territoires-en-russie\/"},"wordCount":1169,"publisher":{"@id":"https:\/\/vieassociative.be\/actualites\/#organization"},"image":{"@id":"https:\/\/vieassociative.be\/actualites\/dispute-sur-la-crimee-trump-compte-selenskyj-ukraine-rejette-categoriquement-les-territoires-en-russie\/#primaryimage"},"thumbnailUrl":"https:\/\/vieassociative.be\/actualites\/wp-content\/uploads\/2025\/04\/1745439445_Dispute-sur-la-Crimee-Trump-compte-Selenskyj-Ukraine-rejette.jpg","keywords":["cat\u00e9goriquement","compte","Crim\u00e9e","dispute","Les","rejette","Russie","Selenskyj","sur","territoires","Trump","Ukraine"],"articleSection":["Belgique"],"inLanguage":"fr-BE"},{"@type":"WebPage","@id":"https:\/\/vieassociative.be\/actualites\/dispute-sur-la-crimee-trump-compte-selenskyj-ukraine-rejette-categoriquement-les-territoires-en-russie\/","url":"https:\/\/vieassociative.be\/actualites\/dispute-sur-la-crimee-trump-compte-selenskyj-ukraine-rejette-categoriquement-les-territoires-en-russie\/","name":"Dispute sur la Crim\u00e9e: Trump compte Selenskyj - Ukraine rejette cat\u00e9goriquement les territoires en Russie | Vie Associative","isPartOf":{"@id":"https:\/\/vieassociative.be\/actualites\/#website"},"primaryImageOfPage":{"@id":"https:\/\/vieassociative.be\/actualites\/dispute-sur-la-crimee-trump-compte-selenskyj-ukraine-rejette-categoriquement-les-territoires-en-russie\/#primaryimage"},"image":{"@id":"https:\/\/vieassociative.be\/actualites\/dispute-sur-la-crimee-trump-compte-selenskyj-ukraine-rejette-categoriquement-les-territoires-en-russie\/#primaryimage"},"thumbnailUrl":"https:\/\/vieassociative.be\/actualites\/wp-content\/uploads\/2025\/04\/1745439445_Dispute-sur-la-Crimee-Trump-compte-Selenskyj-Ukraine-rejette.jpg","datePublished":"2025-04-23T20:17:25+00:00","dateModified":"2025-04-23T20:17:25+00:00","breadcrumb":{"@id":"https:\/\/vieassociative.be\/actualites\/dispute-sur-la-crimee-trump-compte-selenskyj-ukraine-rejette-categoriquement-les-territoires-en-russie\/#breadcrumb"},"inLanguage":"fr-BE","potentialAction":[{"@type":"ReadAction","target":["https:\/\/vieassociative.be\/actualites\/dispute-sur-la-crimee-trump-compte-selenskyj-ukraine-rejette-categoriquement-les-territoires-en-russie\/"]}]},{"@type":"ImageObject","inLanguage":"fr-BE","@id":"https:\/\/vieassociative.be\/actualites\/dispute-sur-la-crimee-trump-compte-selenskyj-ukraine-rejette-categoriquement-les-territoires-en-russie\/#primaryimage","url":"https:\/\/vieassociative.be\/actualites\/wp-content\/uploads\/2025\/04\/1745439445_Dispute-sur-la-Crimee-Trump-compte-Selenskyj-Ukraine-rejette.jpg","contentUrl":"https:\/\/vieassociative.be\/actualites\/wp-content\/uploads\/2025\/04\/1745439445_Dispute-sur-la-Crimee-Trump-compte-Selenskyj-Ukraine-rejette.jpg","width":1200,"height":800,"caption":"Dispute sur la Crim\u00e9e: Trump compte Selenskyj - Ukraine rejette cat\u00e9goriquement les territoires en Russie"},{"@type":"BreadcrumbList","@id":"https:\/\/vieassociative.be\/actualites\/dispute-sur-la-crimee-trump-compte-selenskyj-ukraine-rejette-categoriquement-les-territoires-en-russie\/#breadcrumb","itemListElement":[{"@type":"ListItem","position":1,"name":"Accueil","item":"https:\/\/vieassociative.be\/actualites\/"},{"@type":"ListItem","position":2,"name":"Dispute sur la Crim\u00e9e: Trump compte Selenskyj &#8211; Ukraine rejette cat\u00e9goriquement les territoires en Russie"}]},{"@type":"WebSite","@id":"https:\/\/vieassociative.be\/actualites\/#website","url":"https:\/\/vieassociative.be\/actualites\/","name":"Vie Associative","description":"","publisher":{"@id":"https:\/\/vieassociative.be\/actualites\/#organization"},"potentialAction":[{"@type":"SearchAction","target":{"@type":"EntryPoint","urlTemplate":"https:\/\/vieassociative.be\/actualites\/?s={search_term_string}"},"query-input":{"@type":"PropertyValueSpecification","valueRequired":true,"valueName":"search_term_string"}}],"inLanguage":"fr-BE"},{"@type":"Organization","@id":"https:\/\/vieassociative.be\/actualites\/#organization","name":"Vie Associative","url":"https:\/\/vieassociative.be\/actualites\/","logo":{"@type":"ImageObject","inLanguage":"fr-BE","@id":"https:\/\/vieassociative.be\/actualites\/#\/schema\/logo\/image\/","url":"https:\/\/vieassociative.be\/actualites\/wp-content\/uploads\/2024\/09\/cropped-vieassociative_favicon.ico.png","contentUrl":"https:\/\/vieassociative.be\/actualites\/wp-content\/uploads\/2024\/09\/cropped-vieassociative_favicon.ico.png","width":512,"height":512,"caption":"Vie Associative"},"image":{"@id":"https:\/\/vieassociative.be\/actualites\/#\/schema\/logo\/image\/"}},{"@type":"Person","@id":"https:\/\/vieassociative.be\/actualites\/#\/schema\/person\/b87ac4f82f9d4e7b7cec7395b679edc4","name":"Julien","image":{"@type":"ImageObject","inLanguage":"fr-BE","@id":"https:\/\/vieassociative.be\/actualites\/#\/schema\/person\/image\/","url":"https:\/\/vieassociative.be\/actualites\/wp-content\/uploads\/2024\/09\/vie-associative-1-150x150.jpg","contentUrl":"https:\/\/vieassociative.be\/actualites\/wp-content\/uploads\/2024\/09\/vie-associative-1-150x150.jpg","caption":"Julien"},"description":"Je suis Julien, r\u00e9dacteur pour Vie Associative. Passionn\u00e9 par le monde associatif depuis plus de 10 ans, j'ai \u00e0 c\u0153ur de partager des histoires inspirantes et de mettre en lumi\u00e8re les initiatives locales. Mon objectif est de sensibiliser et d'encourager l'engagement communautaire \u00e0 travers mes articles.","sameAs":["https:\/\/vieassociative.be\/"]}]}},"_links":{"self":[{"href":"https:\/\/vieassociative.be\/actualites\/wp-json\/wp\/v2\/posts\/6974"}],"collection":[{"href":"https:\/\/vieassociative.be\/actualites\/wp-json\/wp\/v2\/posts"}],"about":[{"href":"https:\/\/vieassociative.be\/actualites\/wp-json\/wp\/v2\/types\/post"}],"author":[{"embeddable":true,"href":"https:\/\/vieassociative.be\/actualites\/wp-json\/wp\/v2\/users\/1"}],"replies":[{"embeddable":true,"href":"https:\/\/vieassociative.be\/actualites\/wp-json\/wp\/v2\/comments?post=6974"}],"version-history":[{"count":0,"href":"https:\/\/vieassociative.be\/actualites\/wp-json\/wp\/v2\/posts\/6974\/revisions"}],"wp:featuredmedia":[{"embeddable":true,"href":"https:\/\/vieassociative.be\/actualites\/wp-json\/wp\/v2\/media\/6975"}],"wp:attachment":[{"href":"https:\/\/vieassociative.be\/actualites\/wp-json\/wp\/v2\/media?parent=6974"}],"wp:term":[{"taxonomy":"category","embeddable":true,"href":"https:\/\/vieassociative.be\/actualites\/wp-json\/wp\/v2\/categories?post=6974"},{"taxonomy":"post_tag","embeddable":true,"href":"https:\/\/vieassociative.be\/actualites\/wp-json\/wp\/v2\/tags?post=6974"}],"curies":[{"name":"wp","href":"https:\/\/api.w.org\/{rel}","templated":true}]}}