{"id":6972,"date":"2025-04-23T21:17:28","date_gmt":"2025-04-23T19:17:28","guid":{"rendered":"https:\/\/vieassociative.be\/actualites\/meme-grok-ai-peut-voir-maintenant\/"},"modified":"2025-04-23T21:17:28","modified_gmt":"2025-04-23T19:17:28","slug":"meme-grok-ai-peut-voir-maintenant","status":"publish","type":"post","link":"https:\/\/vieassociative.be\/actualites\/meme-grok-ai-peut-voir-maintenant\/","title":{"rendered":"M\u00eame grok ai peut \u00abvoir\u00bb maintenant"},"content":{"rendered":"<div class=\"mt-4 leading-6 md:mb-8\">Grok Vision est maintenant en direct en mode voix.<\/div>\n<p><\/p>\n<p>Il y a beaucoup de tendances dans l&rsquo;IA g\u00e9n\u00e9ratrice en ce moment. Il y a les mod\u00e8les de raisonnement comme O3 d&rsquo;Openai, qui \u00ab\u00a0r\u00e9fl\u00e9chissent\u00a0\u00bb \u00e0 chaque \u00e9tape d&rsquo;un probl\u00e8me avant qu&rsquo;il ne r\u00e9ponde. Il existe \u00e9galement des fonctionnalit\u00e9s de \u00ab\u00a0recherche approfondie\u00a0\u00bb qui peuvent compiler des informations \u00e0 partir du Web pour g\u00e9n\u00e9rer des rapports pour vous. <\/p>\n<p>Mais peut-\u00eatre que la tendance qui est la plus \u00ab\u00a0futuriste\u00a0\u00bb de tous est le mode vocal. C&rsquo;est le futur 2013 <em>Son<\/em> Promis: un chatbot \u00e0 qui vous pouvez parler comme n&rsquo;importe quelle autre personne. Le chatbot ne dit rien de diff\u00e9rent de ce qu&rsquo;il serait si vous discutiez sur du texte; Cependant, il r\u00e9pond dans une voix \u00ab\u00a0r\u00e9aliste\u00a0\u00bb et \u00ab\u00a0naturelle\u00a0\u00bb, ce qui pourrait cr\u00e9er l&rsquo;illusion que vous parlez \u00e0 une personne, pas un robot.<\/p>\n<p>Je n&rsquo;ai jamais trouv\u00e9 la fonctionnalit\u00e9 particuli\u00e8rement engageante, m\u00eame \u00e0 partir de grands noms comme Chatgpt. La technologie est impressionnante, bien s\u00fbr, mais il est toujours douloureusement \u00e9vident \u00e0 mon oreille que je parle \u00e0 un bot. Les entreprises d&rsquo;IA n&rsquo;ont pas pu secouer ces bizarreries d&rsquo;identification, mais cela n&rsquo;a pas emp\u00each\u00e9 les gens de nouer des \u00ab\u00a0relations\u00a0\u00bb avec les chatbots &#8211; m\u00eame en tombant amoureux d&rsquo;eux.<\/p>\n<p>Ce qui est plus impressionnant pour moi, c&rsquo;est le composant \u00ab\u00a0Vision\u00a0\u00bb de la fonctionnalit\u00e9. Certains chatbots peuvent non seulement vous parler, mais aussi acc\u00e9der \u00e0 votre appareil photo pour voir ce que vous voyez et incorporer ces informations dans ses r\u00e9ponses. Chatgpt et Gemini offrent ces fonctionnalit\u00e9s, et maintenant, Grok aussi. <\/p>\n<h2 id=\"grok-can-see\">Grok peut voir<\/h2>\n<p>Grok est le dernier chatbot pour obtenir cette capacit\u00e9 en mode vocal. Le d\u00e9veloppeur XAI Ebby Amir a annonc\u00e9 la fonctionnalit\u00e9, surnomm\u00e9e \u00ab\u00a0Grok Vision\u00a0\u00bb, sur X mardi, notant que Grok Vision prend en charge l&rsquo;audio multilingue ainsi que la recherche en temps r\u00e9el. Cependant, ces derni\u00e8res fonctionnalit\u00e9s sont exclusives aux abonn\u00e9s de Supergrok.<\/p>\n<blockquote class=\"twitterEmbed twitter-tweet\"><p>\n    <a rel=\"nofollow noopener\" class=\"text-gray-600\" href=\"https:\/\/twitter.com\/ebbyamir\/status\/1914820712092852430\" title=\"open in a new window\" target=\"_blank\"><\/p>\n<p>        Ce tweet n&rsquo;est actuellement pas disponible. Il peut \u00eatre charg\u00e9 ou a \u00e9t\u00e9 supprim\u00e9.<br \/>\n    <\/a>\n<\/p><\/blockquote>\n<p>La fonctionnalit\u00e9 est d\u00e9j\u00e0 en direct de mon c\u00f4t\u00e9. Vous pouvez y acc\u00e9der en appuyant sur l&rsquo;option de mode vocal existant. Si vous n&rsquo;avez pas d\u00e9j\u00e0 utilis\u00e9 cette fonctionnalit\u00e9, vous devrez accorder la permission de Grok pour acc\u00e9der au microphone de votre appareil. Apr\u00e8s cela, vous pourrez commencer \u00e0 discuter imm\u00e9diatement. <\/p>\n<div class=\"pogoClear relative my-10 border-b-(1.5px) border-t-(1.5px) border-dashed border-black py-5 sm:my-14 sm:border-0 sm:py-0\" data-ga-click data-ga-template=\"News\" data-ga-module=\"openweb_widget\" data-ga-element=\"openweb_scroll\" data-ga-item=\"openweb_scroll_midpage\" x-cloak x-data=\"{ commentsCount: null, hasComments: false }\" x-init=\"commentsCount = await window.openweb.getMessagesCount(01JSHSYM87CM3JWFAYNTE9H18D);\n     hasComments = commentsCount !== null &amp;&amp; commentsCount &gt; 0\"><\/p>\n<div class=\"absolute top-1\/2 hidden w-full -translate-y-1\/2 border-t-(1.5px) border-dashed border-black sm:block\"><\/div>\n<div class=\"relative flex justify-center\">\n<div class=\"flex max-w-max items-center gap-x-3 bg-white px-5\">\n<div class=\"relative\">\n                <span class=\"absolute left-1\/2 top-1\/2 -translate-x-1\/2 -translate-y-1\/2 font-akshar text-sm font-medium text-black\" x-show=\"hasComments\" x-text=\"commentsCount\"><\/span><\/p>\n<p>                <svg class=\"h-8 w-8 text-black\">\n                    <use href=\"http:\/\/lifehacker.com\/images\/icons\/spritemap.svg#sprite-chat-bubble\"><\/use>\n                <\/svg>\n            <\/div>\n<p>            <span class=\"text-sm font-medium text-black\"><\/p>\n<p>                Que pensez-vous jusqu&rsquo;\u00e0 pr\u00e9sent?<br \/>\n                <button class=\"font-semibold text-brand-green underline hover:text-brand-green-700\" onclick=\"window.openweb.scrollToComments(01JSHSYM87CM3JWFAYNTE9H18D)\" x-text=\"hasComments ? 'Post a comment.' : 'Be the first to post a comment.'\"><\/button><br \/>\n            <\/span>\n        <\/div>\n<\/p><\/div>\n<\/div>\n<p>Cependant, pour acc\u00e9der \u00e0 la vision, vous devrez appuyer sur l&rsquo;ic\u00f4ne de la cam\u00e9ra dans le coin inf\u00e9rieur gauche. Ici, permettez \u00e0 Grok d&rsquo;acc\u00e9der \u00e0 votre appareil photo. Une fois le flux en direct, vous pouvez commencer \u00e0 demander \u00e0 Grok ce qu&rsquo;il voit. <\/p>\n<p>Je ne suis pas tr\u00e8s d\u00e9sireux d&rsquo;envoyer mon flux vid\u00e9o en direct directement \u00e0 XAI, alors j&rsquo;ai gard\u00e9 mon t\u00e9l\u00e9phone directement sur la table, donc le flux vid\u00e9o \u00e9tait tout noir. Grok, \u00e0 son cr\u00e9dit, a essay\u00e9 s\u00e9rieusement de m&rsquo;aider \u00e0 r\u00e9soudre le probl\u00e8me, sugg\u00e9rant qu&rsquo;il pourrait y avoir quelque chose de mal avec la cam\u00e9ra, ou que mon environnement \u00e9tait trop sombre. Lorsque je l&rsquo;ai inform\u00e9 que j&rsquo;avais en fait pris mon t\u00e9l\u00e9phone dans l&rsquo;espace avec moi, il a \u00ab\u00a0ri\u00a0\u00bb et j&rsquo;ai conclu que cela devait \u00eatre le probl\u00e8me: \u00ab\u00a0Ha, espace ext\u00e9rieur, hein? Ce flux noir a du sens maintenant &#8211; pas de lumi\u00e8re l\u00e0-bas, et que la cam\u00e9ra n&rsquo;est probablement pas con\u00e7ue pour cet environnement. Vous pourriez avoir besoin d&rsquo;un appareil de qualit\u00e9 spatiale pour obtenir un flux appropri\u00e9.\u00a0\u00bb <\/p>\n<p>Ceci est la deuxi\u00e8me grande baisse des fonctionnalit\u00e9s pour Grok ce mois-ci. La semaine derni\u00e8re, XAI a d\u00e9ploy\u00e9 une fonction de m\u00e9moire pour le bot, ce qui lui permet d&rsquo;acc\u00e9der \u00e0 des conversations pass\u00e9es pour des r\u00e9ponses plus pertinentes. <\/p>\n<p><script async src=\"https:\/\/platform.twitter.com\/widgets.js\" charset=\"utf-8\"><\/script><\/p>\n","protected":false},"excerpt":{"rendered":"<p>Grok Vision est maintenant en direct en mode voix. Il y a beaucoup de tendances dans l&rsquo;IA g\u00e9n\u00e9ratrice en ce moment. Il y a les<\/p>\n","protected":false},"author":1,"featured_media":6973,"comment_status":"","ping_status":"","sticky":false,"template":"","format":"standard","meta":{"footnotes":""},"categories":[13],"tags":[4699,233,891,22,486],"class_list":["post-6972","post","type-post","status-publish","format-standard","has-post-thumbnail","hentry","category-technologie","tag-grok","tag-maintenant","tag-meme","tag-peut","tag-voir","generate-columns","tablet-grid-50","mobile-grid-100","grid-parent","grid-33"],"yoast_head":"<!-- This site is optimized with the Yoast SEO plugin v24.0 - https:\/\/yoast.com\/wordpress\/plugins\/seo\/ -->\n<title>M\u00eame grok ai peut \u00abvoir\u00bb maintenant | Vie Associative<\/title>\n<meta name=\"robots\" content=\"index, follow, max-snippet:-1, max-image-preview:large, max-video-preview:-1\" \/>\n<link rel=\"canonical\" href=\"https:\/\/vieassociative.be\/actualites\/meme-grok-ai-peut-voir-maintenant\/\" \/>\n<meta property=\"og:locale\" content=\"fr_FR\" \/>\n<meta property=\"og:type\" content=\"article\" \/>\n<meta property=\"og:title\" content=\"M\u00eame grok ai peut \u00abvoir\u00bb maintenant | Vie Associative\" \/>\n<meta property=\"og:description\" content=\"Grok Vision est maintenant en direct en mode voix. Il y a beaucoup de tendances dans l&rsquo;IA g\u00e9n\u00e9ratrice en ce moment. Il y a les\" \/>\n<meta property=\"og:url\" content=\"https:\/\/vieassociative.be\/actualites\/meme-grok-ai-peut-voir-maintenant\/\" \/>\n<meta property=\"og:site_name\" content=\"Vie Associative\" \/>\n<meta property=\"article:published_time\" content=\"2025-04-23T19:17:28+00:00\" \/>\n<meta property=\"og:image\" content=\"https:\/\/vieassociative.be\/actualites\/wp-content\/uploads\/2024\/09\/header_backgroundk-01-e1726694325946.png\" \/>\n\t<meta property=\"og:image:width\" content=\"279\" \/>\n\t<meta property=\"og:image:height\" content=\"92\" \/>\n\t<meta property=\"og:image:type\" content=\"image\/png\" \/>\n<meta name=\"author\" content=\"Julien\" \/>\n<meta name=\"twitter:card\" content=\"summary_large_image\" \/>\n<meta name=\"twitter:label1\" content=\"\u00c9crit par\" \/>\n\t<meta name=\"twitter:data1\" content=\"Julien\" \/>\n\t<meta name=\"twitter:label2\" content=\"Dur\u00e9e de lecture est.\" \/>\n\t<meta name=\"twitter:data2\" content=\"3 minutes\" \/>\n<script type=\"application\/ld+json\" class=\"yoast-schema-graph\">{\"@context\":\"https:\/\/schema.org\",\"@graph\":[{\"@type\":\"Article\",\"@id\":\"https:\/\/vieassociative.be\/actualites\/meme-grok-ai-peut-voir-maintenant\/#article\",\"isPartOf\":{\"@id\":\"https:\/\/vieassociative.be\/actualites\/meme-grok-ai-peut-voir-maintenant\/\"},\"author\":{\"name\":\"Julien\",\"@id\":\"https:\/\/vieassociative.be\/actualites\/#\/schema\/person\/b87ac4f82f9d4e7b7cec7395b679edc4\"},\"headline\":\"M\u00eame grok ai peut \u00abvoir\u00bb maintenant\",\"datePublished\":\"2025-04-23T19:17:28+00:00\",\"dateModified\":\"2025-04-23T19:17:28+00:00\",\"mainEntityOfPage\":{\"@id\":\"https:\/\/vieassociative.be\/actualites\/meme-grok-ai-peut-voir-maintenant\/\"},\"wordCount\":687,\"publisher\":{\"@id\":\"https:\/\/vieassociative.be\/actualites\/#organization\"},\"image\":{\"@id\":\"https:\/\/vieassociative.be\/actualites\/meme-grok-ai-peut-voir-maintenant\/#primaryimage\"},\"thumbnailUrl\":\"https:\/\/vieassociative.be\/actualites\/wp-content\/uploads\/2025\/04\/Meme-grok-ai-peut-voir-maintenant.png\",\"keywords\":[\"Grok\",\"maintenant\",\"m\u00eame\",\"peut\",\"voir\"],\"articleSection\":[\"Technologie\"],\"inLanguage\":\"fr-BE\"},{\"@type\":\"WebPage\",\"@id\":\"https:\/\/vieassociative.be\/actualites\/meme-grok-ai-peut-voir-maintenant\/\",\"url\":\"https:\/\/vieassociative.be\/actualites\/meme-grok-ai-peut-voir-maintenant\/\",\"name\":\"M\u00eame grok ai peut \u00abvoir\u00bb maintenant | Vie Associative\",\"isPartOf\":{\"@id\":\"https:\/\/vieassociative.be\/actualites\/#website\"},\"primaryImageOfPage\":{\"@id\":\"https:\/\/vieassociative.be\/actualites\/meme-grok-ai-peut-voir-maintenant\/#primaryimage\"},\"image\":{\"@id\":\"https:\/\/vieassociative.be\/actualites\/meme-grok-ai-peut-voir-maintenant\/#primaryimage\"},\"thumbnailUrl\":\"https:\/\/vieassociative.be\/actualites\/wp-content\/uploads\/2025\/04\/Meme-grok-ai-peut-voir-maintenant.png\",\"datePublished\":\"2025-04-23T19:17:28+00:00\",\"dateModified\":\"2025-04-23T19:17:28+00:00\",\"breadcrumb\":{\"@id\":\"https:\/\/vieassociative.be\/actualites\/meme-grok-ai-peut-voir-maintenant\/#breadcrumb\"},\"inLanguage\":\"fr-BE\",\"potentialAction\":[{\"@type\":\"ReadAction\",\"target\":[\"https:\/\/vieassociative.be\/actualites\/meme-grok-ai-peut-voir-maintenant\/\"]}]},{\"@type\":\"ImageObject\",\"inLanguage\":\"fr-BE\",\"@id\":\"https:\/\/vieassociative.be\/actualites\/meme-grok-ai-peut-voir-maintenant\/#primaryimage\",\"url\":\"https:\/\/vieassociative.be\/actualites\/wp-content\/uploads\/2025\/04\/Meme-grok-ai-peut-voir-maintenant.png\",\"contentUrl\":\"https:\/\/vieassociative.be\/actualites\/wp-content\/uploads\/2025\/04\/Meme-grok-ai-peut-voir-maintenant.png\",\"width\":1200,\"height\":675,\"caption\":\"M\u00eame grok ai peut \u00abvoir\u00bb maintenant\"},{\"@type\":\"BreadcrumbList\",\"@id\":\"https:\/\/vieassociative.be\/actualites\/meme-grok-ai-peut-voir-maintenant\/#breadcrumb\",\"itemListElement\":[{\"@type\":\"ListItem\",\"position\":1,\"name\":\"Accueil\",\"item\":\"https:\/\/vieassociative.be\/actualites\/\"},{\"@type\":\"ListItem\",\"position\":2,\"name\":\"M\u00eame grok ai peut \u00abvoir\u00bb maintenant\"}]},{\"@type\":\"WebSite\",\"@id\":\"https:\/\/vieassociative.be\/actualites\/#website\",\"url\":\"https:\/\/vieassociative.be\/actualites\/\",\"name\":\"Vie Associative\",\"description\":\"\",\"publisher\":{\"@id\":\"https:\/\/vieassociative.be\/actualites\/#organization\"},\"potentialAction\":[{\"@type\":\"SearchAction\",\"target\":{\"@type\":\"EntryPoint\",\"urlTemplate\":\"https:\/\/vieassociative.be\/actualites\/?s={search_term_string}\"},\"query-input\":{\"@type\":\"PropertyValueSpecification\",\"valueRequired\":true,\"valueName\":\"search_term_string\"}}],\"inLanguage\":\"fr-BE\"},{\"@type\":\"Organization\",\"@id\":\"https:\/\/vieassociative.be\/actualites\/#organization\",\"name\":\"Vie Associative\",\"url\":\"https:\/\/vieassociative.be\/actualites\/\",\"logo\":{\"@type\":\"ImageObject\",\"inLanguage\":\"fr-BE\",\"@id\":\"https:\/\/vieassociative.be\/actualites\/#\/schema\/logo\/image\/\",\"url\":\"https:\/\/vieassociative.be\/actualites\/wp-content\/uploads\/2024\/09\/cropped-vieassociative_favicon.ico.png\",\"contentUrl\":\"https:\/\/vieassociative.be\/actualites\/wp-content\/uploads\/2024\/09\/cropped-vieassociative_favicon.ico.png\",\"width\":512,\"height\":512,\"caption\":\"Vie Associative\"},\"image\":{\"@id\":\"https:\/\/vieassociative.be\/actualites\/#\/schema\/logo\/image\/\"}},{\"@type\":\"Person\",\"@id\":\"https:\/\/vieassociative.be\/actualites\/#\/schema\/person\/b87ac4f82f9d4e7b7cec7395b679edc4\",\"name\":\"Julien\",\"image\":{\"@type\":\"ImageObject\",\"inLanguage\":\"fr-BE\",\"@id\":\"https:\/\/vieassociative.be\/actualites\/#\/schema\/person\/image\/\",\"url\":\"https:\/\/vieassociative.be\/actualites\/wp-content\/uploads\/2024\/09\/vie-associative-1-150x150.jpg\",\"contentUrl\":\"https:\/\/vieassociative.be\/actualites\/wp-content\/uploads\/2024\/09\/vie-associative-1-150x150.jpg\",\"caption\":\"Julien\"},\"description\":\"Je suis Julien, r\u00e9dacteur pour Vie Associative. Passionn\u00e9 par le monde associatif depuis plus de 10 ans, j'ai \u00e0 c\u0153ur de partager des histoires inspirantes et de mettre en lumi\u00e8re les initiatives locales. Mon objectif est de sensibiliser et d'encourager l'engagement communautaire \u00e0 travers mes articles.\",\"sameAs\":[\"https:\/\/vieassociative.be\/\"]}]}<\/script>\n<!-- \/ Yoast SEO plugin. -->","yoast_head_json":{"title":"M\u00eame grok ai peut \u00abvoir\u00bb maintenant | Vie Associative","robots":{"index":"index","follow":"follow","max-snippet":"max-snippet:-1","max-image-preview":"max-image-preview:large","max-video-preview":"max-video-preview:-1"},"canonical":"https:\/\/vieassociative.be\/actualites\/meme-grok-ai-peut-voir-maintenant\/","og_locale":"fr_FR","og_type":"article","og_title":"M\u00eame grok ai peut \u00abvoir\u00bb maintenant | Vie Associative","og_description":"Grok Vision est maintenant en direct en mode voix. Il y a beaucoup de tendances dans l&rsquo;IA g\u00e9n\u00e9ratrice en ce moment. Il y a les","og_url":"https:\/\/vieassociative.be\/actualites\/meme-grok-ai-peut-voir-maintenant\/","og_site_name":"Vie Associative","article_published_time":"2025-04-23T19:17:28+00:00","og_image":[{"width":279,"height":92,"url":"https:\/\/vieassociative.be\/actualites\/wp-content\/uploads\/2024\/09\/header_backgroundk-01-e1726694325946.png","type":"image\/png"}],"author":"Julien","twitter_card":"summary_large_image","twitter_misc":{"\u00c9crit par":"Julien","Dur\u00e9e de lecture est.":"3 minutes"},"schema":{"@context":"https:\/\/schema.org","@graph":[{"@type":"Article","@id":"https:\/\/vieassociative.be\/actualites\/meme-grok-ai-peut-voir-maintenant\/#article","isPartOf":{"@id":"https:\/\/vieassociative.be\/actualites\/meme-grok-ai-peut-voir-maintenant\/"},"author":{"name":"Julien","@id":"https:\/\/vieassociative.be\/actualites\/#\/schema\/person\/b87ac4f82f9d4e7b7cec7395b679edc4"},"headline":"M\u00eame grok ai peut \u00abvoir\u00bb maintenant","datePublished":"2025-04-23T19:17:28+00:00","dateModified":"2025-04-23T19:17:28+00:00","mainEntityOfPage":{"@id":"https:\/\/vieassociative.be\/actualites\/meme-grok-ai-peut-voir-maintenant\/"},"wordCount":687,"publisher":{"@id":"https:\/\/vieassociative.be\/actualites\/#organization"},"image":{"@id":"https:\/\/vieassociative.be\/actualites\/meme-grok-ai-peut-voir-maintenant\/#primaryimage"},"thumbnailUrl":"https:\/\/vieassociative.be\/actualites\/wp-content\/uploads\/2025\/04\/Meme-grok-ai-peut-voir-maintenant.png","keywords":["Grok","maintenant","m\u00eame","peut","voir"],"articleSection":["Technologie"],"inLanguage":"fr-BE"},{"@type":"WebPage","@id":"https:\/\/vieassociative.be\/actualites\/meme-grok-ai-peut-voir-maintenant\/","url":"https:\/\/vieassociative.be\/actualites\/meme-grok-ai-peut-voir-maintenant\/","name":"M\u00eame grok ai peut \u00abvoir\u00bb maintenant | Vie Associative","isPartOf":{"@id":"https:\/\/vieassociative.be\/actualites\/#website"},"primaryImageOfPage":{"@id":"https:\/\/vieassociative.be\/actualites\/meme-grok-ai-peut-voir-maintenant\/#primaryimage"},"image":{"@id":"https:\/\/vieassociative.be\/actualites\/meme-grok-ai-peut-voir-maintenant\/#primaryimage"},"thumbnailUrl":"https:\/\/vieassociative.be\/actualites\/wp-content\/uploads\/2025\/04\/Meme-grok-ai-peut-voir-maintenant.png","datePublished":"2025-04-23T19:17:28+00:00","dateModified":"2025-04-23T19:17:28+00:00","breadcrumb":{"@id":"https:\/\/vieassociative.be\/actualites\/meme-grok-ai-peut-voir-maintenant\/#breadcrumb"},"inLanguage":"fr-BE","potentialAction":[{"@type":"ReadAction","target":["https:\/\/vieassociative.be\/actualites\/meme-grok-ai-peut-voir-maintenant\/"]}]},{"@type":"ImageObject","inLanguage":"fr-BE","@id":"https:\/\/vieassociative.be\/actualites\/meme-grok-ai-peut-voir-maintenant\/#primaryimage","url":"https:\/\/vieassociative.be\/actualites\/wp-content\/uploads\/2025\/04\/Meme-grok-ai-peut-voir-maintenant.png","contentUrl":"https:\/\/vieassociative.be\/actualites\/wp-content\/uploads\/2025\/04\/Meme-grok-ai-peut-voir-maintenant.png","width":1200,"height":675,"caption":"M\u00eame grok ai peut \u00abvoir\u00bb maintenant"},{"@type":"BreadcrumbList","@id":"https:\/\/vieassociative.be\/actualites\/meme-grok-ai-peut-voir-maintenant\/#breadcrumb","itemListElement":[{"@type":"ListItem","position":1,"name":"Accueil","item":"https:\/\/vieassociative.be\/actualites\/"},{"@type":"ListItem","position":2,"name":"M\u00eame grok ai peut \u00abvoir\u00bb maintenant"}]},{"@type":"WebSite","@id":"https:\/\/vieassociative.be\/actualites\/#website","url":"https:\/\/vieassociative.be\/actualites\/","name":"Vie Associative","description":"","publisher":{"@id":"https:\/\/vieassociative.be\/actualites\/#organization"},"potentialAction":[{"@type":"SearchAction","target":{"@type":"EntryPoint","urlTemplate":"https:\/\/vieassociative.be\/actualites\/?s={search_term_string}"},"query-input":{"@type":"PropertyValueSpecification","valueRequired":true,"valueName":"search_term_string"}}],"inLanguage":"fr-BE"},{"@type":"Organization","@id":"https:\/\/vieassociative.be\/actualites\/#organization","name":"Vie Associative","url":"https:\/\/vieassociative.be\/actualites\/","logo":{"@type":"ImageObject","inLanguage":"fr-BE","@id":"https:\/\/vieassociative.be\/actualites\/#\/schema\/logo\/image\/","url":"https:\/\/vieassociative.be\/actualites\/wp-content\/uploads\/2024\/09\/cropped-vieassociative_favicon.ico.png","contentUrl":"https:\/\/vieassociative.be\/actualites\/wp-content\/uploads\/2024\/09\/cropped-vieassociative_favicon.ico.png","width":512,"height":512,"caption":"Vie Associative"},"image":{"@id":"https:\/\/vieassociative.be\/actualites\/#\/schema\/logo\/image\/"}},{"@type":"Person","@id":"https:\/\/vieassociative.be\/actualites\/#\/schema\/person\/b87ac4f82f9d4e7b7cec7395b679edc4","name":"Julien","image":{"@type":"ImageObject","inLanguage":"fr-BE","@id":"https:\/\/vieassociative.be\/actualites\/#\/schema\/person\/image\/","url":"https:\/\/vieassociative.be\/actualites\/wp-content\/uploads\/2024\/09\/vie-associative-1-150x150.jpg","contentUrl":"https:\/\/vieassociative.be\/actualites\/wp-content\/uploads\/2024\/09\/vie-associative-1-150x150.jpg","caption":"Julien"},"description":"Je suis Julien, r\u00e9dacteur pour Vie Associative. Passionn\u00e9 par le monde associatif depuis plus de 10 ans, j'ai \u00e0 c\u0153ur de partager des histoires inspirantes et de mettre en lumi\u00e8re les initiatives locales. Mon objectif est de sensibiliser et d'encourager l'engagement communautaire \u00e0 travers mes articles.","sameAs":["https:\/\/vieassociative.be\/"]}]}},"_links":{"self":[{"href":"https:\/\/vieassociative.be\/actualites\/wp-json\/wp\/v2\/posts\/6972"}],"collection":[{"href":"https:\/\/vieassociative.be\/actualites\/wp-json\/wp\/v2\/posts"}],"about":[{"href":"https:\/\/vieassociative.be\/actualites\/wp-json\/wp\/v2\/types\/post"}],"author":[{"embeddable":true,"href":"https:\/\/vieassociative.be\/actualites\/wp-json\/wp\/v2\/users\/1"}],"replies":[{"embeddable":true,"href":"https:\/\/vieassociative.be\/actualites\/wp-json\/wp\/v2\/comments?post=6972"}],"version-history":[{"count":0,"href":"https:\/\/vieassociative.be\/actualites\/wp-json\/wp\/v2\/posts\/6972\/revisions"}],"wp:featuredmedia":[{"embeddable":true,"href":"https:\/\/vieassociative.be\/actualites\/wp-json\/wp\/v2\/media\/6973"}],"wp:attachment":[{"href":"https:\/\/vieassociative.be\/actualites\/wp-json\/wp\/v2\/media?parent=6972"}],"wp:term":[{"taxonomy":"category","embeddable":true,"href":"https:\/\/vieassociative.be\/actualites\/wp-json\/wp\/v2\/categories?post=6972"},{"taxonomy":"post_tag","embeddable":true,"href":"https:\/\/vieassociative.be\/actualites\/wp-json\/wp\/v2\/tags?post=6972"}],"curies":[{"name":"wp","href":"https:\/\/api.w.org\/{rel}","templated":true}]}}