{"id":697,"date":"2024-09-30T19:26:40","date_gmt":"2024-09-30T17:26:40","guid":{"rendered":"https:\/\/vieassociative.be\/actualites\/etes-vous-normal-ou-avez-vous-une-facon-preferee-douvrir-une-enveloppe\/"},"modified":"2024-09-30T19:26:40","modified_gmt":"2024-09-30T17:26:40","slug":"etes-vous-normal-ou-avez-vous-une-facon-preferee-douvrir-une-enveloppe","status":"publish","type":"post","link":"https:\/\/vieassociative.be\/actualites\/etes-vous-normal-ou-avez-vous-une-facon-preferee-douvrir-une-enveloppe\/","title":{"rendered":"\u00cates-vous normal ou avez-vous une fa\u00e7on pr\u00e9f\u00e9r\u00e9e d\u2019ouvrir une enveloppe\u00a0?"},"content":{"rendered":"<div class=\"mt-4 leading-6 md:mb-8\">Si vous recevez une lettre et que vous pensez \u00ab eh bien, et MAINTENANT ? voici les meilleures fa\u00e7ons d\u2019ouvrir cette fichue enveloppe.<\/div>\n<p><\/p>\n<p>J&rsquo;ai r\u00e9alis\u00e9 l&rsquo;autre jour que je ne savais pas comment ouvrir une enveloppe. <\/p>\n<p>Je veux dire, je peux <em>ouvrir<\/em> une enveloppe \u2013 ce n&rsquo;est pas comme si toute une vie de courrier \u00e9tait entass\u00e9 dans un coin et que je la regardais comme \u00ab un jour \u00bb. Mais j&rsquo;ai toujours simplement ouvert les enveloppes en les d\u00e9chirant comme une sorte d&rsquo;homme des cavernes jusqu&rsquo;\u00e0 ce qu&rsquo;elles finissent par r\u00e9v\u00e9ler l&rsquo;annonce d&rsquo;une entreprise de toiture. <\/p>\n<p>\u00ab\u00a0L\u00e0 <em>a<\/em> \u00eatre une meilleure solution \u00bb, pensais-je en regardant le d\u00e9sordre d&rsquo;enveloppes mutil\u00e9es devant moi. Eh bien, l\u00e0 <em>est<\/em> une meilleure fa\u00e7on. Ouvrir une enveloppe est une comp\u00e9tence qui peut \u00eatre ma\u00eetris\u00e9e en quelques instants et qui procure toute une vie d\u2019enrichissement et de plaisir.<\/p>\n<h2 id=\"two-methods-of-tool-free-letter-opening\">Deux m\u00e9thodes d&rsquo;ouverture des lettres sans outil<\/h2>\n<p>Vous pouvez ouvrir une enveloppe efficacement sans outils. La cl\u00e9 r\u00e9side dans la conception des rabats des enveloppes. Je n&rsquo;en avais pas conscience auparavant (car je suis apparemment inconscient du monde physique qui m&rsquo;entoure), mais la colle sur les rabats de la plupart des enveloppes ne continue pas jusqu&rsquo;au bord ext\u00e9rieur du triangle. Cette ing\u00e9niosit\u00e9 de conception est \u00e0 la base de toutes les m\u00e9thodes d\u2019ouverture des lettres. <\/p>\n<h3><strong>Premi\u00e8re m\u00e9thode\u00a0: la m\u00e9thode du doigt crois\u00e9<\/strong><\/h3>\n<ul>\n<li>\n<p>D\u00e9chirez le coin du rabat vers le haut.<\/p>\n<\/li>\n<li>\n<p>Ins\u00e9rez le doigt sous le rabat.<\/p>\n<\/li>\n<li>\n<p>Tirez horizontalement en d\u00e9chirant l\u2019enveloppe.<\/p>\n<\/li>\n<\/ul>\n<div class=\"eloquent-imagery-image\">\n<div class=\"flex justify-center\">\n<img decoding=\"async\" class=\"border border-gray-100\" src=\"https:\/\/vieassociative.be\/actualites\/wp-content\/uploads\/2024\/09\/Etes-vous-normal-ou-avez-vous-une-facon-preferee-douvrir-une-enveloppe.png\" alt=\"Image de pirate de la vie\" width=\"2000\" height=\"1122\" loading=\"lazy\"  >\n<\/div>\n<\/div>\n<h3><strong>Deuxi\u00e8me m\u00e9thode : La d\u00e9chirure verticale<\/strong><\/h3>\n<ul>\n<li>\n<p>D\u00e9chirez le coin du rabat vers le haut<\/p>\n<\/li>\n<li>\n<p>Tirer <em>vers le bas<\/em> pour ouvrir l&rsquo;enveloppe. <\/p>\n<\/li>\n<\/ul>\n<div class=\"eloquent-imagery-image\">\n<div class=\"flex justify-center\">\n<img decoding=\"async\" class=\"border border-gray-100\" src=\"https:\/\/vieassociative.be\/actualites\/wp-content\/uploads\/2024\/09\/1727717195_471_Etes-vous-normal-ou-avez-vous-une-facon-preferee-douvrir-une-enveloppe.png\" alt=\"Image de pirate de la vie\" width=\"2000\" height=\"1126\" loading=\"lazy\"  >\n<\/div>\n<\/div>\n<p>Comme vous pouvez le constater, ces deux m\u00e9thodes sont efficaces, mais barbares, et pourraient m\u00eame conduire \u00e0 des coupures de papier ; la deuxi\u00e8me m\u00e9thode en particulier risque d\u2019endommager tout ce qui se trouve \u00e0 l\u2019int\u00e9rieur. Vous dites peut-\u00eatre : \u00ab Si mon doigt \u00e9tait une sorte de lame m\u00e9tallique, il ne laisserait pas une enveloppe aussi disgracieuse. \u00bb <\/p>\n<p>Tu as raison. Et c\u2019est l\u00e0 qu\u2019intervient le \u00ab coupe-lettre \u00bb.<\/p>\n<h2 id=\"letter-opening-tools-blades-and-scissors\">Outils pour ouvrir les lettres : lames et ciseaux<\/h2>\n<p>Je ne veux pas \u00eatre classiste, mais le <em>meilleur<\/em> les gens, m\u00eame les c\u00e9l\u00e9brit\u00e9s hollywoodiennes, utilisent des coupe-papier pour acc\u00e9der au contenu de leur courrier. Ces outils en forme de poignard \u00e0 usage unique sont une extravagance, mais comme leur nom l&rsquo;indique, ils <em>sont <\/em>bon pour ouvrir des lettres. C&rsquo;est leur affaire.<\/p>\n<h3><strong>Premi\u00e8re m\u00e9thode\u00a0: ouvre-lettre traditionnel<\/strong><\/h3>\n<div class=\"eloquent-imagery-image\">\n<div class=\"flex justify-center\">\n<img decoding=\"async\" class=\"border border-gray-100\" src=\"https:\/\/vieassociative.be\/actualites\/wp-content\/uploads\/2024\/09\/1727717197_302_Etes-vous-normal-ou-avez-vous-une-facon-preferee-douvrir-une-enveloppe.png\" alt=\"Image de pirate de la vie\" width=\"2000\" height=\"1474\" loading=\"lazy\"  >\n<\/div>\n<\/div>\n<ul>\n<li>\n<p>D\u00e9chirez le coin du rabat de l&rsquo;enveloppe vers le haut.<\/p>\n<\/li>\n<li>\n<p>Ins\u00e9rez la lame dans le rabat et enfoncez-la compl\u00e8tement horizontalement.<\/p>\n<\/li>\n<li>\n<p>D\u2019un seul mouvement, d\u00e9chirez vers le haut.<\/p>\n<\/li>\n<\/ul>\n<p>La plupart des professionnels de l&rsquo;ouverture des lettres vous recommandent de ne pas aff\u00fbter votre ouvre-lettre. Vous n&rsquo;\u00eates pas <em>trancher <\/em>l&rsquo;enveloppe ouverte; tu le d\u00e9chires, mais avec un outil. De cette fa\u00e7on, vous ne laisserez pas de bord tranchant qui pourrait vous couper le papier. (C&rsquo;est en tout cas ce que dit ce type sur YouTube, et il adore son coupe-papier. Je veux dire, comme <em>vraiment<\/em> dedans.)<\/p>\n<p>Il existe des ouvre-lettres de style industriel, comme ceux d&rsquo;Office Depot, mais vous ne pouvez pas les obtenir dans le m\u00eame style. <em>r\u00e9pliques miniatures des \u00e9p\u00e9es du Seigneur des Anneaux<\/em> ou un cadeau de <em>Divinit\u00e9 II<\/em>ils sont donc inutiles pour nos besoins.<\/p>\n<h2 id=\"opening-a-letter-with-scissors\">Ouvrir une lettre avec des ciseaux<\/h2>\n<p>Si vous avez fait naufrage sur une \u00eele d\u00e9serte et que vous avez laiss\u00e9 votre coupe-papier dor\u00e9 dans la cabine mais que vous avez r\u00e9ussi \u00e0 attraper une paire de ciseaux et que vous recevez toujours votre courrier d&rsquo;une mani\u00e8re ou d&rsquo;une autre, vous pouvez utiliser vos ciseaux pour ouvrir une lettre. de deux mani\u00e8res.<\/p>\n<p>La premi\u00e8re consiste \u00e0 utiliser une lame de ciseaux comme s\u2019il s\u2019agissait d\u2019un coupe-papier. Mais n&rsquo;utilisez pas la partie pointue : gardez les ciseaux ferm\u00e9s. Souviens-toi:<em> d\u00e9chirure,<\/em> pas de coupe. Un couteau \u00e0 beurre ferait l\u2019affaire \u00e0 la rigueur. Soyez cr\u00e9atif\u00a0!<\/p>\n<p>La seconde consiste \u00e0 couper le bord m\u00eame de l&rsquo;enveloppe, mais cela laissera une petite bande d&rsquo;enveloppe \u00e0 nettoyer et vous pourriez couper votre lettre, ce n&rsquo;est donc pas recommand\u00e9. <\/p>\n<div class=\"eloquent-imagery-image\">\n<div class=\"flex justify-center\">\n<img decoding=\"async\" class=\"border border-gray-100\" src=\"https:\/\/vieassociative.be\/actualites\/wp-content\/uploads\/2024\/09\/1727717199_320_Etes-vous-normal-ou-avez-vous-une-facon-preferee-douvrir-une-enveloppe.png\" alt=\"Image de pirate de la vie\" width=\"2000\" height=\"1127\" loading=\"lazy\"  >\n<\/div>\n<\/div>\n<p>En fin de compte, vous pouvez ouvrir votre courrier comme vous le souhaitez. Il n&rsquo;y a pas de police du courrier. Oh, attends, il y a une police du courrier.<\/p>\n<h2 id=\"secretly-opening-an-envelope-so-no-one-will-know\">Ouvrir secr\u00e8tement une enveloppe pour que personne ne le sache<\/h2>\n<p>Si vous souhaitez ouvrir une enveloppe scell\u00e9e sans qu&rsquo;elle ait l&rsquo;air d&rsquo;avoir \u00e9t\u00e9 ouverte pr\u00e9c\u00e9demment parce que vous fouinez dans le courrier de quelqu&rsquo;un d&rsquo;autre, je ne vous aiderai pas dans cette entreprise sournoise. Mais il existe de nombreuses m\u00e9thodes impliquant la vapeur et la cong\u00e9lation que vous pouvez rechercher sur Internet. <\/p>\n<p>Bonne ouverture de lettre !<\/p>\n<div class=\"eloquent-imagery-image\">\n<div class=\"flex justify-center\">\n<img decoding=\"async\" class=\"border border-gray-100\" src=\"https:\/\/vieassociative.be\/actualites\/wp-content\/uploads\/2024\/09\/Etes-vous-normal-ou-avez-vous-une-facon-preferee-douvrir-une-enveloppe.jpg\" alt=\"Image de pirate de la vie\" width=\"2000\" height=\"1187\" loading=\"lazy\"  >\n<\/div>\n<\/div>\n<p><\/p>\n","protected":false},"excerpt":{"rendered":"<p>Si vous recevez une lettre et que vous pensez \u00ab eh bien, et MAINTENANT ? voici les meilleures fa\u00e7ons d\u2019ouvrir cette fichue enveloppe. J&rsquo;ai r\u00e9alis\u00e9<\/p>\n","protected":false},"author":1,"featured_media":698,"comment_status":"","ping_status":"","sticky":false,"template":"","format":"standard","meta":{"footnotes":""},"categories":[1],"tags":[1113,1114,1115,1105,531,951,52,110],"class_list":["post-697","post","type-post","status-publish","format-standard","has-post-thumbnail","hentry","category-non-classe","tag-avezvous","tag-douvrir","tag-enveloppe","tag-etesvous","tag-facon","tag-normal","tag-preferee","tag-une","generate-columns","tablet-grid-50","mobile-grid-100","grid-parent","grid-33"],"yoast_head":"<!-- This site is optimized with the Yoast SEO plugin v24.0 - https:\/\/yoast.com\/wordpress\/plugins\/seo\/ -->\n<title>\u00cates-vous normal ou avez-vous une fa\u00e7on pr\u00e9f\u00e9r\u00e9e d\u2019ouvrir une enveloppe\u00a0? | Vie Associative<\/title>\n<meta name=\"robots\" content=\"index, follow, max-snippet:-1, max-image-preview:large, max-video-preview:-1\" \/>\n<link rel=\"canonical\" href=\"https:\/\/vieassociative.be\/actualites\/etes-vous-normal-ou-avez-vous-une-facon-preferee-douvrir-une-enveloppe\/\" \/>\n<meta property=\"og:locale\" content=\"fr_FR\" \/>\n<meta property=\"og:type\" content=\"article\" \/>\n<meta property=\"og:title\" content=\"\u00cates-vous normal ou avez-vous une fa\u00e7on pr\u00e9f\u00e9r\u00e9e d\u2019ouvrir une enveloppe\u00a0? | Vie Associative\" \/>\n<meta property=\"og:description\" content=\"Si vous recevez une lettre et que vous pensez \u00ab eh bien, et MAINTENANT ? voici les meilleures fa\u00e7ons d\u2019ouvrir cette fichue enveloppe. J&rsquo;ai r\u00e9alis\u00e9\" \/>\n<meta property=\"og:url\" content=\"https:\/\/vieassociative.be\/actualites\/etes-vous-normal-ou-avez-vous-une-facon-preferee-douvrir-une-enveloppe\/\" \/>\n<meta property=\"og:site_name\" content=\"Vie Associative\" \/>\n<meta property=\"article:published_time\" content=\"2024-09-30T17:26:40+00:00\" \/>\n<meta property=\"og:image\" content=\"https:\/\/vieassociative.be\/actualites\/wp-content\/uploads\/2024\/09\/Etes-vous-normal-ou-avez-vous-une-facon-preferee-douvrir-une-enveloppe.png\" \/>\n<meta name=\"author\" content=\"Julien\" \/>\n<meta name=\"twitter:card\" content=\"summary_large_image\" \/>\n<meta name=\"twitter:label1\" content=\"\u00c9crit par\" \/>\n\t<meta name=\"twitter:data1\" content=\"Julien\" \/>\n\t<meta name=\"twitter:label2\" content=\"Dur\u00e9e de lecture est.\" \/>\n\t<meta name=\"twitter:data2\" content=\"4 minutes\" \/>\n<script type=\"application\/ld+json\" class=\"yoast-schema-graph\">{\"@context\":\"https:\/\/schema.org\",\"@graph\":[{\"@type\":\"Article\",\"@id\":\"https:\/\/vieassociative.be\/actualites\/etes-vous-normal-ou-avez-vous-une-facon-preferee-douvrir-une-enveloppe\/#article\",\"isPartOf\":{\"@id\":\"https:\/\/vieassociative.be\/actualites\/etes-vous-normal-ou-avez-vous-une-facon-preferee-douvrir-une-enveloppe\/\"},\"author\":{\"name\":\"Julien\",\"@id\":\"https:\/\/vieassociative.be\/actualites\/#\/schema\/person\/b87ac4f82f9d4e7b7cec7395b679edc4\"},\"headline\":\"\u00cates-vous normal ou avez-vous une fa\u00e7on pr\u00e9f\u00e9r\u00e9e d\u2019ouvrir une enveloppe\u00a0?\",\"datePublished\":\"2024-09-30T17:26:40+00:00\",\"dateModified\":\"2024-09-30T17:26:40+00:00\",\"mainEntityOfPage\":{\"@id\":\"https:\/\/vieassociative.be\/actualites\/etes-vous-normal-ou-avez-vous-une-facon-preferee-douvrir-une-enveloppe\/\"},\"wordCount\":866,\"publisher\":{\"@id\":\"https:\/\/vieassociative.be\/actualites\/#organization\"},\"image\":{\"@id\":\"https:\/\/vieassociative.be\/actualites\/etes-vous-normal-ou-avez-vous-une-facon-preferee-douvrir-une-enveloppe\/#primaryimage\"},\"thumbnailUrl\":\"https:\/\/vieassociative.be\/actualites\/wp-content\/uploads\/2024\/09\/1727717202_Etes-vous-normal-ou-avez-vous-une-facon-preferee-douvrir-une-enveloppe.png\",\"keywords\":[\"avezvous\",\"douvrir\",\"enveloppe\",\"\u00catesvous\",\"fa\u00e7on\",\"normal\",\"pr\u00e9f\u00e9r\u00e9e\",\"une\"],\"inLanguage\":\"fr-BE\"},{\"@type\":\"WebPage\",\"@id\":\"https:\/\/vieassociative.be\/actualites\/etes-vous-normal-ou-avez-vous-une-facon-preferee-douvrir-une-enveloppe\/\",\"url\":\"https:\/\/vieassociative.be\/actualites\/etes-vous-normal-ou-avez-vous-une-facon-preferee-douvrir-une-enveloppe\/\",\"name\":\"\u00cates-vous normal ou avez-vous une fa\u00e7on pr\u00e9f\u00e9r\u00e9e d\u2019ouvrir une enveloppe\u00a0? | Vie Associative\",\"isPartOf\":{\"@id\":\"https:\/\/vieassociative.be\/actualites\/#website\"},\"primaryImageOfPage\":{\"@id\":\"https:\/\/vieassociative.be\/actualites\/etes-vous-normal-ou-avez-vous-une-facon-preferee-douvrir-une-enveloppe\/#primaryimage\"},\"image\":{\"@id\":\"https:\/\/vieassociative.be\/actualites\/etes-vous-normal-ou-avez-vous-une-facon-preferee-douvrir-une-enveloppe\/#primaryimage\"},\"thumbnailUrl\":\"https:\/\/vieassociative.be\/actualites\/wp-content\/uploads\/2024\/09\/1727717202_Etes-vous-normal-ou-avez-vous-une-facon-preferee-douvrir-une-enveloppe.png\",\"datePublished\":\"2024-09-30T17:26:40+00:00\",\"dateModified\":\"2024-09-30T17:26:40+00:00\",\"breadcrumb\":{\"@id\":\"https:\/\/vieassociative.be\/actualites\/etes-vous-normal-ou-avez-vous-une-facon-preferee-douvrir-une-enveloppe\/#breadcrumb\"},\"inLanguage\":\"fr-BE\",\"potentialAction\":[{\"@type\":\"ReadAction\",\"target\":[\"https:\/\/vieassociative.be\/actualites\/etes-vous-normal-ou-avez-vous-une-facon-preferee-douvrir-une-enveloppe\/\"]}]},{\"@type\":\"ImageObject\",\"inLanguage\":\"fr-BE\",\"@id\":\"https:\/\/vieassociative.be\/actualites\/etes-vous-normal-ou-avez-vous-une-facon-preferee-douvrir-une-enveloppe\/#primaryimage\",\"url\":\"https:\/\/vieassociative.be\/actualites\/wp-content\/uploads\/2024\/09\/1727717202_Etes-vous-normal-ou-avez-vous-une-facon-preferee-douvrir-une-enveloppe.png\",\"contentUrl\":\"https:\/\/vieassociative.be\/actualites\/wp-content\/uploads\/2024\/09\/1727717202_Etes-vous-normal-ou-avez-vous-une-facon-preferee-douvrir-une-enveloppe.png\",\"width\":1199,\"height\":675,\"caption\":\"\u00cates-vous normal ou avez-vous une fa\u00e7on pr\u00e9f\u00e9r\u00e9e d\u2019ouvrir une enveloppe\u00a0?\"},{\"@type\":\"BreadcrumbList\",\"@id\":\"https:\/\/vieassociative.be\/actualites\/etes-vous-normal-ou-avez-vous-une-facon-preferee-douvrir-une-enveloppe\/#breadcrumb\",\"itemListElement\":[{\"@type\":\"ListItem\",\"position\":1,\"name\":\"Accueil\",\"item\":\"https:\/\/vieassociative.be\/actualites\/\"},{\"@type\":\"ListItem\",\"position\":2,\"name\":\"\u00cates-vous normal ou avez-vous une fa\u00e7on pr\u00e9f\u00e9r\u00e9e d\u2019ouvrir une enveloppe\u00a0?\"}]},{\"@type\":\"WebSite\",\"@id\":\"https:\/\/vieassociative.be\/actualites\/#website\",\"url\":\"https:\/\/vieassociative.be\/actualites\/\",\"name\":\"Vie Associative\",\"description\":\"\",\"publisher\":{\"@id\":\"https:\/\/vieassociative.be\/actualites\/#organization\"},\"potentialAction\":[{\"@type\":\"SearchAction\",\"target\":{\"@type\":\"EntryPoint\",\"urlTemplate\":\"https:\/\/vieassociative.be\/actualites\/?s={search_term_string}\"},\"query-input\":{\"@type\":\"PropertyValueSpecification\",\"valueRequired\":true,\"valueName\":\"search_term_string\"}}],\"inLanguage\":\"fr-BE\"},{\"@type\":\"Organization\",\"@id\":\"https:\/\/vieassociative.be\/actualites\/#organization\",\"name\":\"Vie Associative\",\"url\":\"https:\/\/vieassociative.be\/actualites\/\",\"logo\":{\"@type\":\"ImageObject\",\"inLanguage\":\"fr-BE\",\"@id\":\"https:\/\/vieassociative.be\/actualites\/#\/schema\/logo\/image\/\",\"url\":\"https:\/\/vieassociative.be\/actualites\/wp-content\/uploads\/2024\/09\/cropped-vieassociative_favicon.ico.png\",\"contentUrl\":\"https:\/\/vieassociative.be\/actualites\/wp-content\/uploads\/2024\/09\/cropped-vieassociative_favicon.ico.png\",\"width\":512,\"height\":512,\"caption\":\"Vie Associative\"},\"image\":{\"@id\":\"https:\/\/vieassociative.be\/actualites\/#\/schema\/logo\/image\/\"}},{\"@type\":\"Person\",\"@id\":\"https:\/\/vieassociative.be\/actualites\/#\/schema\/person\/b87ac4f82f9d4e7b7cec7395b679edc4\",\"name\":\"Julien\",\"image\":{\"@type\":\"ImageObject\",\"inLanguage\":\"fr-BE\",\"@id\":\"https:\/\/vieassociative.be\/actualites\/#\/schema\/person\/image\/\",\"url\":\"https:\/\/vieassociative.be\/actualites\/wp-content\/uploads\/2024\/09\/vie-associative-1-150x150.jpg\",\"contentUrl\":\"https:\/\/vieassociative.be\/actualites\/wp-content\/uploads\/2024\/09\/vie-associative-1-150x150.jpg\",\"caption\":\"Julien\"},\"description\":\"Je suis Julien, r\u00e9dacteur pour Vie Associative. Passionn\u00e9 par le monde associatif depuis plus de 10 ans, j'ai \u00e0 c\u0153ur de partager des histoires inspirantes et de mettre en lumi\u00e8re les initiatives locales. Mon objectif est de sensibiliser et d'encourager l'engagement communautaire \u00e0 travers mes articles.\",\"sameAs\":[\"https:\/\/vieassociative.be\/\"]}]}<\/script>\n<!-- \/ Yoast SEO plugin. -->","yoast_head_json":{"title":"\u00cates-vous normal ou avez-vous une fa\u00e7on pr\u00e9f\u00e9r\u00e9e d\u2019ouvrir une enveloppe\u00a0? | Vie Associative","robots":{"index":"index","follow":"follow","max-snippet":"max-snippet:-1","max-image-preview":"max-image-preview:large","max-video-preview":"max-video-preview:-1"},"canonical":"https:\/\/vieassociative.be\/actualites\/etes-vous-normal-ou-avez-vous-une-facon-preferee-douvrir-une-enveloppe\/","og_locale":"fr_FR","og_type":"article","og_title":"\u00cates-vous normal ou avez-vous une fa\u00e7on pr\u00e9f\u00e9r\u00e9e d\u2019ouvrir une enveloppe\u00a0? | Vie Associative","og_description":"Si vous recevez une lettre et que vous pensez \u00ab eh bien, et MAINTENANT ? voici les meilleures fa\u00e7ons d\u2019ouvrir cette fichue enveloppe. J&rsquo;ai r\u00e9alis\u00e9","og_url":"https:\/\/vieassociative.be\/actualites\/etes-vous-normal-ou-avez-vous-une-facon-preferee-douvrir-une-enveloppe\/","og_site_name":"Vie Associative","article_published_time":"2024-09-30T17:26:40+00:00","og_image":[{"url":"https:\/\/vieassociative.be\/actualites\/wp-content\/uploads\/2024\/09\/Etes-vous-normal-ou-avez-vous-une-facon-preferee-douvrir-une-enveloppe.png","type":"","width":"","height":""}],"author":"Julien","twitter_card":"summary_large_image","twitter_misc":{"\u00c9crit par":"Julien","Dur\u00e9e de lecture est.":"4 minutes"},"schema":{"@context":"https:\/\/schema.org","@graph":[{"@type":"Article","@id":"https:\/\/vieassociative.be\/actualites\/etes-vous-normal-ou-avez-vous-une-facon-preferee-douvrir-une-enveloppe\/#article","isPartOf":{"@id":"https:\/\/vieassociative.be\/actualites\/etes-vous-normal-ou-avez-vous-une-facon-preferee-douvrir-une-enveloppe\/"},"author":{"name":"Julien","@id":"https:\/\/vieassociative.be\/actualites\/#\/schema\/person\/b87ac4f82f9d4e7b7cec7395b679edc4"},"headline":"\u00cates-vous normal ou avez-vous une fa\u00e7on pr\u00e9f\u00e9r\u00e9e d\u2019ouvrir une enveloppe\u00a0?","datePublished":"2024-09-30T17:26:40+00:00","dateModified":"2024-09-30T17:26:40+00:00","mainEntityOfPage":{"@id":"https:\/\/vieassociative.be\/actualites\/etes-vous-normal-ou-avez-vous-une-facon-preferee-douvrir-une-enveloppe\/"},"wordCount":866,"publisher":{"@id":"https:\/\/vieassociative.be\/actualites\/#organization"},"image":{"@id":"https:\/\/vieassociative.be\/actualites\/etes-vous-normal-ou-avez-vous-une-facon-preferee-douvrir-une-enveloppe\/#primaryimage"},"thumbnailUrl":"https:\/\/vieassociative.be\/actualites\/wp-content\/uploads\/2024\/09\/1727717202_Etes-vous-normal-ou-avez-vous-une-facon-preferee-douvrir-une-enveloppe.png","keywords":["avezvous","douvrir","enveloppe","\u00catesvous","fa\u00e7on","normal","pr\u00e9f\u00e9r\u00e9e","une"],"inLanguage":"fr-BE"},{"@type":"WebPage","@id":"https:\/\/vieassociative.be\/actualites\/etes-vous-normal-ou-avez-vous-une-facon-preferee-douvrir-une-enveloppe\/","url":"https:\/\/vieassociative.be\/actualites\/etes-vous-normal-ou-avez-vous-une-facon-preferee-douvrir-une-enveloppe\/","name":"\u00cates-vous normal ou avez-vous une fa\u00e7on pr\u00e9f\u00e9r\u00e9e d\u2019ouvrir une enveloppe\u00a0? | Vie Associative","isPartOf":{"@id":"https:\/\/vieassociative.be\/actualites\/#website"},"primaryImageOfPage":{"@id":"https:\/\/vieassociative.be\/actualites\/etes-vous-normal-ou-avez-vous-une-facon-preferee-douvrir-une-enveloppe\/#primaryimage"},"image":{"@id":"https:\/\/vieassociative.be\/actualites\/etes-vous-normal-ou-avez-vous-une-facon-preferee-douvrir-une-enveloppe\/#primaryimage"},"thumbnailUrl":"https:\/\/vieassociative.be\/actualites\/wp-content\/uploads\/2024\/09\/1727717202_Etes-vous-normal-ou-avez-vous-une-facon-preferee-douvrir-une-enveloppe.png","datePublished":"2024-09-30T17:26:40+00:00","dateModified":"2024-09-30T17:26:40+00:00","breadcrumb":{"@id":"https:\/\/vieassociative.be\/actualites\/etes-vous-normal-ou-avez-vous-une-facon-preferee-douvrir-une-enveloppe\/#breadcrumb"},"inLanguage":"fr-BE","potentialAction":[{"@type":"ReadAction","target":["https:\/\/vieassociative.be\/actualites\/etes-vous-normal-ou-avez-vous-une-facon-preferee-douvrir-une-enveloppe\/"]}]},{"@type":"ImageObject","inLanguage":"fr-BE","@id":"https:\/\/vieassociative.be\/actualites\/etes-vous-normal-ou-avez-vous-une-facon-preferee-douvrir-une-enveloppe\/#primaryimage","url":"https:\/\/vieassociative.be\/actualites\/wp-content\/uploads\/2024\/09\/1727717202_Etes-vous-normal-ou-avez-vous-une-facon-preferee-douvrir-une-enveloppe.png","contentUrl":"https:\/\/vieassociative.be\/actualites\/wp-content\/uploads\/2024\/09\/1727717202_Etes-vous-normal-ou-avez-vous-une-facon-preferee-douvrir-une-enveloppe.png","width":1199,"height":675,"caption":"\u00cates-vous normal ou avez-vous une fa\u00e7on pr\u00e9f\u00e9r\u00e9e d\u2019ouvrir une enveloppe\u00a0?"},{"@type":"BreadcrumbList","@id":"https:\/\/vieassociative.be\/actualites\/etes-vous-normal-ou-avez-vous-une-facon-preferee-douvrir-une-enveloppe\/#breadcrumb","itemListElement":[{"@type":"ListItem","position":1,"name":"Accueil","item":"https:\/\/vieassociative.be\/actualites\/"},{"@type":"ListItem","position":2,"name":"\u00cates-vous normal ou avez-vous une fa\u00e7on pr\u00e9f\u00e9r\u00e9e d\u2019ouvrir une enveloppe\u00a0?"}]},{"@type":"WebSite","@id":"https:\/\/vieassociative.be\/actualites\/#website","url":"https:\/\/vieassociative.be\/actualites\/","name":"Vie Associative","description":"","publisher":{"@id":"https:\/\/vieassociative.be\/actualites\/#organization"},"potentialAction":[{"@type":"SearchAction","target":{"@type":"EntryPoint","urlTemplate":"https:\/\/vieassociative.be\/actualites\/?s={search_term_string}"},"query-input":{"@type":"PropertyValueSpecification","valueRequired":true,"valueName":"search_term_string"}}],"inLanguage":"fr-BE"},{"@type":"Organization","@id":"https:\/\/vieassociative.be\/actualites\/#organization","name":"Vie Associative","url":"https:\/\/vieassociative.be\/actualites\/","logo":{"@type":"ImageObject","inLanguage":"fr-BE","@id":"https:\/\/vieassociative.be\/actualites\/#\/schema\/logo\/image\/","url":"https:\/\/vieassociative.be\/actualites\/wp-content\/uploads\/2024\/09\/cropped-vieassociative_favicon.ico.png","contentUrl":"https:\/\/vieassociative.be\/actualites\/wp-content\/uploads\/2024\/09\/cropped-vieassociative_favicon.ico.png","width":512,"height":512,"caption":"Vie Associative"},"image":{"@id":"https:\/\/vieassociative.be\/actualites\/#\/schema\/logo\/image\/"}},{"@type":"Person","@id":"https:\/\/vieassociative.be\/actualites\/#\/schema\/person\/b87ac4f82f9d4e7b7cec7395b679edc4","name":"Julien","image":{"@type":"ImageObject","inLanguage":"fr-BE","@id":"https:\/\/vieassociative.be\/actualites\/#\/schema\/person\/image\/","url":"https:\/\/vieassociative.be\/actualites\/wp-content\/uploads\/2024\/09\/vie-associative-1-150x150.jpg","contentUrl":"https:\/\/vieassociative.be\/actualites\/wp-content\/uploads\/2024\/09\/vie-associative-1-150x150.jpg","caption":"Julien"},"description":"Je suis Julien, r\u00e9dacteur pour Vie Associative. Passionn\u00e9 par le monde associatif depuis plus de 10 ans, j'ai \u00e0 c\u0153ur de partager des histoires inspirantes et de mettre en lumi\u00e8re les initiatives locales. Mon objectif est de sensibiliser et d'encourager l'engagement communautaire \u00e0 travers mes articles.","sameAs":["https:\/\/vieassociative.be\/"]}]}},"_links":{"self":[{"href":"https:\/\/vieassociative.be\/actualites\/wp-json\/wp\/v2\/posts\/697"}],"collection":[{"href":"https:\/\/vieassociative.be\/actualites\/wp-json\/wp\/v2\/posts"}],"about":[{"href":"https:\/\/vieassociative.be\/actualites\/wp-json\/wp\/v2\/types\/post"}],"author":[{"embeddable":true,"href":"https:\/\/vieassociative.be\/actualites\/wp-json\/wp\/v2\/users\/1"}],"replies":[{"embeddable":true,"href":"https:\/\/vieassociative.be\/actualites\/wp-json\/wp\/v2\/comments?post=697"}],"version-history":[{"count":0,"href":"https:\/\/vieassociative.be\/actualites\/wp-json\/wp\/v2\/posts\/697\/revisions"}],"wp:featuredmedia":[{"embeddable":true,"href":"https:\/\/vieassociative.be\/actualites\/wp-json\/wp\/v2\/media\/698"}],"wp:attachment":[{"href":"https:\/\/vieassociative.be\/actualites\/wp-json\/wp\/v2\/media?parent=697"}],"wp:term":[{"taxonomy":"category","embeddable":true,"href":"https:\/\/vieassociative.be\/actualites\/wp-json\/wp\/v2\/categories?post=697"},{"taxonomy":"post_tag","embeddable":true,"href":"https:\/\/vieassociative.be\/actualites\/wp-json\/wp\/v2\/tags?post=697"}],"curies":[{"name":"wp","href":"https:\/\/api.w.org\/{rel}","templated":true}]}}