{"id":6966,"date":"2025-04-23T16:16:55","date_gmt":"2025-04-23T14:16:55","guid":{"rendered":"https:\/\/vieassociative.be\/actualites\/des-tremblements-de-terre-forts-secouent-la-metropole-distanbul\/"},"modified":"2025-04-23T16:16:55","modified_gmt":"2025-04-23T14:16:55","slug":"des-tremblements-de-terre-forts-secouent-la-metropole-distanbul","status":"publish","type":"post","link":"https:\/\/vieassociative.be\/actualites\/des-tremblements-de-terre-forts-secouent-la-metropole-distanbul\/","title":{"rendered":"Des tremblements de terre forts secouent la m\u00e9tropole d&rsquo;Istanbul"},"content":{"rendered":"<p><strong>Les experts ont longtemps mis en garde contre un violent s\u00e9isme dans la ville sur la mer de Marmara. Mercredi, un violent coup de terre secoue la ville du million.<\/strong><\/p>\n<p><span id=\"more-414037\"><\/span>La m\u00e9tropole turque d&rsquo;Istanbul a \u00e9t\u00e9 \u00e9branl\u00e9e par plusieurs tremblements de terre. \u00c0 12 h 49, le service de catastrophe AFAD a enregistr\u00e9 le s\u00e9isme le plus fort de la force 6.2 avec Epicentre dans le marmarameer devant la ville. De nombreux autres tremblements de terre des forces 4 \u00e0 5 ont suivi.<\/p>\n<p>Les habitants de la ville avec ses 16 millions d&rsquo;habitants ont laiss\u00e9 des maisons et des appartements et ont organis\u00e9 \u00e0 l&rsquo;ext\u00e9rieur pendant les after-shogs. Selon les rapports du diffuseur d&rsquo;\u00c9tat, les gens ont emmen\u00e9 leurs proches des h\u00f4pitaux. Une partie du r\u00e9seau t\u00e9l\u00e9phonique et d&rsquo;Internet ont \u00e9t\u00e9 perturb\u00e9s.<\/p>\n<p><strong>&#8211; Initialement aucun rapport sur les dommages:<\/strong> Selon le bureau du gouverneur d&rsquo;Istanbul, il n&rsquo;y avait initialement aucun rapport sur les b\u00e2timents effondr\u00e9s. Les citoyens ont \u00e9t\u00e9 invit\u00e9s \u00e0 rester calmes et \u00e0 ne pas aborder les b\u00e2timents endommag\u00e9s. <\/p>\n<\/p>\n<div id=\"attachment_414042\" class=\"wp-caption alignleft\" style=\"max-width: 300px\"><img fetchpriority=\"high\" decoding=\"async\" class=\"wp-image-414042 size-medium\" src=\"https:\/\/vieassociative.be\/actualites\/wp-content\/uploads\/2025\/04\/Des-tremblements-de-terre-forts-secouent-la-metropole-dIstanbul.jpg\" alt=\"\" width=\"300\" height=\"200\"><\/p>\n<p class=\"wp-caption-text\">23\/04\/2025, T\u00fcrkiye, Istanbul: Les gens se rassemblent \u00e0 l&rsquo;ext\u00e9rieur pour un tremblement de terre de force 6.2. Photo: Khalil Hamra \/ AP \/ DPA<\/p>\n<\/div>\n<p>Le ministre des Transports et des Infrastructures, Abdulkadir Uralo\u011flu, a \u00e9crit sur la plate-forme X qu&rsquo;il n&rsquo;y avait aucun dommage aux routes, aux a\u00e9roports, aux trains et aux m\u00e9tros lorsque l&rsquo;inventaire a \u00e9t\u00e9 lanc\u00e9.<\/p>\n<p>\u00ab\u00a0J&rsquo;exprime mes meilleurs voeux \u00e0 nos citoyens\u00a0\u00bb, a d\u00e9clar\u00e9 le pr\u00e9sident turc Recep Tayyip Erdogan sur la plate-forme X. \u00ab\u00a0Nous regardons exactement la situation.\u00a0\u00bb Le ministre de l&rsquo;Int\u00e9rieur, Ali Yerlikaya, a exprim\u00e9 sa sympathie sur la plate-forme X \u00e0 toutes les personnes touch\u00e9es.<\/p>\n<p>Il n&rsquo;a pas pu \u00eatre exclu qu&rsquo;un autre s\u00e9isme fort suivra, a d\u00e9clar\u00e9 le g\u00e9ologue Okan T\u00fcys\u00fcz au diffuseur NTV. Les experts supposent qu&rsquo;un s\u00e9isme autour de la force 7 \u00e0 Istanbul est en retard. Selon le ministre urbain turc de l&rsquo;Urban, 1,5 million d&rsquo;appartements et d&rsquo;unit\u00e9s commerciales sont menac\u00e9s d&rsquo;un tremblement de terre.<\/p>\n<p>Le tremblement de terre a \u00e9galement \u00e9t\u00e9 clairement ressenti dans certaines parties du pays voisin de la Gr\u00e8ce. Les m\u00e9dias grecs ont rapport\u00e9, en particulier dans le nord-est de la rivi\u00e8re frontali\u00e8re Evros Evros \u00e0 T\u00fcrkiye. Il y avait \u00e9galement des rapports sur les tremblements de terre d&rsquo;un certain nombre d&rsquo;\u00eeles \u00e9g\u00e9ennes, notamment Chios et Lesbos. Cependant, il n&rsquo;y a eu aucun dommage.<\/p>\n<p>Le tremblement de terre a \u00e9galement \u00e9t\u00e9 ressenti dans le nord-ouest de la Bulgarie, le plus fort de la zone frontali\u00e8re du sud-est et de la r\u00e9gion de Burga en mer Noire, comme l&rsquo;a annonc\u00e9 l&rsquo;Institut g\u00e9ophysique de Sofia. (DPA)<\/p>\n","protected":false},"excerpt":{"rendered":"<p>Les experts ont longtemps mis en garde contre un violent s\u00e9isme dans la ville sur la mer de Marmara. Mercredi, un violent coup de terre<\/p>\n","protected":false},"author":1,"featured_media":6967,"comment_status":"","ping_status":"","sticky":false,"template":"","format":"standard","meta":{"footnotes":""},"categories":[298],"tags":[29,5998,6584,6586,6585,1166,6583],"class_list":["post-6966","post","type-post","status-publish","format-standard","has-post-thumbnail","hentry","category-belgique","tag-des","tag-distanbul","tag-forts","tag-metropole","tag-secouent","tag-terre","tag-tremblements","generate-columns","tablet-grid-50","mobile-grid-100","grid-parent","grid-33"],"yoast_head":"<!-- This site is optimized with the Yoast SEO plugin v24.0 - https:\/\/yoast.com\/wordpress\/plugins\/seo\/ -->\n<title>Des tremblements de terre forts secouent la m\u00e9tropole d&#039;Istanbul | Vie Associative<\/title>\n<meta name=\"robots\" content=\"index, follow, max-snippet:-1, max-image-preview:large, max-video-preview:-1\" \/>\n<link rel=\"canonical\" href=\"https:\/\/vieassociative.be\/actualites\/des-tremblements-de-terre-forts-secouent-la-metropole-distanbul\/\" \/>\n<meta property=\"og:locale\" content=\"fr_FR\" \/>\n<meta property=\"og:type\" content=\"article\" \/>\n<meta property=\"og:title\" content=\"Des tremblements de terre forts secouent la m\u00e9tropole d&#039;Istanbul | Vie Associative\" \/>\n<meta property=\"og:description\" content=\"Les experts ont longtemps mis en garde contre un violent s\u00e9isme dans la ville sur la mer de Marmara. Mercredi, un violent coup de terre\" \/>\n<meta property=\"og:url\" content=\"https:\/\/vieassociative.be\/actualites\/des-tremblements-de-terre-forts-secouent-la-metropole-distanbul\/\" \/>\n<meta property=\"og:site_name\" content=\"Vie Associative\" \/>\n<meta property=\"article:published_time\" content=\"2025-04-23T14:16:55+00:00\" \/>\n<meta property=\"og:image\" content=\"https:\/\/vieassociative.be\/actualites\/wp-content\/uploads\/2024\/09\/header_backgroundk-01-e1726694325946.png\" \/>\n\t<meta property=\"og:image:width\" content=\"279\" \/>\n\t<meta property=\"og:image:height\" content=\"92\" \/>\n\t<meta property=\"og:image:type\" content=\"image\/png\" \/>\n<meta name=\"author\" content=\"Julien\" \/>\n<meta name=\"twitter:card\" content=\"summary_large_image\" \/>\n<meta name=\"twitter:label1\" content=\"\u00c9crit par\" \/>\n\t<meta name=\"twitter:data1\" content=\"Julien\" \/>\n\t<meta name=\"twitter:label2\" content=\"Dur\u00e9e de lecture est.\" \/>\n\t<meta name=\"twitter:data2\" content=\"2 minutes\" \/>\n<script type=\"application\/ld+json\" class=\"yoast-schema-graph\">{\"@context\":\"https:\/\/schema.org\",\"@graph\":[{\"@type\":\"Article\",\"@id\":\"https:\/\/vieassociative.be\/actualites\/des-tremblements-de-terre-forts-secouent-la-metropole-distanbul\/#article\",\"isPartOf\":{\"@id\":\"https:\/\/vieassociative.be\/actualites\/des-tremblements-de-terre-forts-secouent-la-metropole-distanbul\/\"},\"author\":{\"name\":\"Julien\",\"@id\":\"https:\/\/vieassociative.be\/actualites\/#\/schema\/person\/b87ac4f82f9d4e7b7cec7395b679edc4\"},\"headline\":\"Des tremblements de terre forts secouent la m\u00e9tropole d&rsquo;Istanbul\",\"datePublished\":\"2025-04-23T14:16:55+00:00\",\"dateModified\":\"2025-04-23T14:16:55+00:00\",\"mainEntityOfPage\":{\"@id\":\"https:\/\/vieassociative.be\/actualites\/des-tremblements-de-terre-forts-secouent-la-metropole-distanbul\/\"},\"wordCount\":484,\"publisher\":{\"@id\":\"https:\/\/vieassociative.be\/actualites\/#organization\"},\"image\":{\"@id\":\"https:\/\/vieassociative.be\/actualites\/des-tremblements-de-terre-forts-secouent-la-metropole-distanbul\/#primaryimage\"},\"thumbnailUrl\":\"https:\/\/vieassociative.be\/actualites\/wp-content\/uploads\/2025\/04\/1745417816_Des-tremblements-de-terre-forts-secouent-la-metropole-dIstanbul.jpg\",\"keywords\":[\"Des\",\"dIstanbul\",\"forts\",\"m\u00e9tropole\",\"secouent\",\"terre\",\"tremblements\"],\"articleSection\":[\"Belgique\"],\"inLanguage\":\"fr-BE\"},{\"@type\":\"WebPage\",\"@id\":\"https:\/\/vieassociative.be\/actualites\/des-tremblements-de-terre-forts-secouent-la-metropole-distanbul\/\",\"url\":\"https:\/\/vieassociative.be\/actualites\/des-tremblements-de-terre-forts-secouent-la-metropole-distanbul\/\",\"name\":\"Des tremblements de terre forts secouent la m\u00e9tropole d'Istanbul | Vie Associative\",\"isPartOf\":{\"@id\":\"https:\/\/vieassociative.be\/actualites\/#website\"},\"primaryImageOfPage\":{\"@id\":\"https:\/\/vieassociative.be\/actualites\/des-tremblements-de-terre-forts-secouent-la-metropole-distanbul\/#primaryimage\"},\"image\":{\"@id\":\"https:\/\/vieassociative.be\/actualites\/des-tremblements-de-terre-forts-secouent-la-metropole-distanbul\/#primaryimage\"},\"thumbnailUrl\":\"https:\/\/vieassociative.be\/actualites\/wp-content\/uploads\/2025\/04\/1745417816_Des-tremblements-de-terre-forts-secouent-la-metropole-dIstanbul.jpg\",\"datePublished\":\"2025-04-23T14:16:55+00:00\",\"dateModified\":\"2025-04-23T14:16:55+00:00\",\"breadcrumb\":{\"@id\":\"https:\/\/vieassociative.be\/actualites\/des-tremblements-de-terre-forts-secouent-la-metropole-distanbul\/#breadcrumb\"},\"inLanguage\":\"fr-BE\",\"potentialAction\":[{\"@type\":\"ReadAction\",\"target\":[\"https:\/\/vieassociative.be\/actualites\/des-tremblements-de-terre-forts-secouent-la-metropole-distanbul\/\"]}]},{\"@type\":\"ImageObject\",\"inLanguage\":\"fr-BE\",\"@id\":\"https:\/\/vieassociative.be\/actualites\/des-tremblements-de-terre-forts-secouent-la-metropole-distanbul\/#primaryimage\",\"url\":\"https:\/\/vieassociative.be\/actualites\/wp-content\/uploads\/2025\/04\/1745417816_Des-tremblements-de-terre-forts-secouent-la-metropole-dIstanbul.jpg\",\"contentUrl\":\"https:\/\/vieassociative.be\/actualites\/wp-content\/uploads\/2025\/04\/1745417816_Des-tremblements-de-terre-forts-secouent-la-metropole-dIstanbul.jpg\",\"width\":1200,\"height\":800,\"caption\":\"Des tremblements de terre forts secouent la m\u00e9tropole d'Istanbul\"},{\"@type\":\"BreadcrumbList\",\"@id\":\"https:\/\/vieassociative.be\/actualites\/des-tremblements-de-terre-forts-secouent-la-metropole-distanbul\/#breadcrumb\",\"itemListElement\":[{\"@type\":\"ListItem\",\"position\":1,\"name\":\"Accueil\",\"item\":\"https:\/\/vieassociative.be\/actualites\/\"},{\"@type\":\"ListItem\",\"position\":2,\"name\":\"Des tremblements de terre forts secouent la m\u00e9tropole d&rsquo;Istanbul\"}]},{\"@type\":\"WebSite\",\"@id\":\"https:\/\/vieassociative.be\/actualites\/#website\",\"url\":\"https:\/\/vieassociative.be\/actualites\/\",\"name\":\"Vie Associative\",\"description\":\"\",\"publisher\":{\"@id\":\"https:\/\/vieassociative.be\/actualites\/#organization\"},\"potentialAction\":[{\"@type\":\"SearchAction\",\"target\":{\"@type\":\"EntryPoint\",\"urlTemplate\":\"https:\/\/vieassociative.be\/actualites\/?s={search_term_string}\"},\"query-input\":{\"@type\":\"PropertyValueSpecification\",\"valueRequired\":true,\"valueName\":\"search_term_string\"}}],\"inLanguage\":\"fr-BE\"},{\"@type\":\"Organization\",\"@id\":\"https:\/\/vieassociative.be\/actualites\/#organization\",\"name\":\"Vie Associative\",\"url\":\"https:\/\/vieassociative.be\/actualites\/\",\"logo\":{\"@type\":\"ImageObject\",\"inLanguage\":\"fr-BE\",\"@id\":\"https:\/\/vieassociative.be\/actualites\/#\/schema\/logo\/image\/\",\"url\":\"https:\/\/vieassociative.be\/actualites\/wp-content\/uploads\/2024\/09\/cropped-vieassociative_favicon.ico.png\",\"contentUrl\":\"https:\/\/vieassociative.be\/actualites\/wp-content\/uploads\/2024\/09\/cropped-vieassociative_favicon.ico.png\",\"width\":512,\"height\":512,\"caption\":\"Vie Associative\"},\"image\":{\"@id\":\"https:\/\/vieassociative.be\/actualites\/#\/schema\/logo\/image\/\"}},{\"@type\":\"Person\",\"@id\":\"https:\/\/vieassociative.be\/actualites\/#\/schema\/person\/b87ac4f82f9d4e7b7cec7395b679edc4\",\"name\":\"Julien\",\"image\":{\"@type\":\"ImageObject\",\"inLanguage\":\"fr-BE\",\"@id\":\"https:\/\/vieassociative.be\/actualites\/#\/schema\/person\/image\/\",\"url\":\"https:\/\/vieassociative.be\/actualites\/wp-content\/uploads\/2024\/09\/vie-associative-1-150x150.jpg\",\"contentUrl\":\"https:\/\/vieassociative.be\/actualites\/wp-content\/uploads\/2024\/09\/vie-associative-1-150x150.jpg\",\"caption\":\"Julien\"},\"description\":\"Je suis Julien, r\u00e9dacteur pour Vie Associative. Passionn\u00e9 par le monde associatif depuis plus de 10 ans, j'ai \u00e0 c\u0153ur de partager des histoires inspirantes et de mettre en lumi\u00e8re les initiatives locales. Mon objectif est de sensibiliser et d'encourager l'engagement communautaire \u00e0 travers mes articles.\",\"sameAs\":[\"https:\/\/vieassociative.be\/\"]}]}<\/script>\n<!-- \/ Yoast SEO plugin. -->","yoast_head_json":{"title":"Des tremblements de terre forts secouent la m\u00e9tropole d'Istanbul | Vie Associative","robots":{"index":"index","follow":"follow","max-snippet":"max-snippet:-1","max-image-preview":"max-image-preview:large","max-video-preview":"max-video-preview:-1"},"canonical":"https:\/\/vieassociative.be\/actualites\/des-tremblements-de-terre-forts-secouent-la-metropole-distanbul\/","og_locale":"fr_FR","og_type":"article","og_title":"Des tremblements de terre forts secouent la m\u00e9tropole d'Istanbul | Vie Associative","og_description":"Les experts ont longtemps mis en garde contre un violent s\u00e9isme dans la ville sur la mer de Marmara. Mercredi, un violent coup de terre","og_url":"https:\/\/vieassociative.be\/actualites\/des-tremblements-de-terre-forts-secouent-la-metropole-distanbul\/","og_site_name":"Vie Associative","article_published_time":"2025-04-23T14:16:55+00:00","og_image":[{"width":279,"height":92,"url":"https:\/\/vieassociative.be\/actualites\/wp-content\/uploads\/2024\/09\/header_backgroundk-01-e1726694325946.png","type":"image\/png"}],"author":"Julien","twitter_card":"summary_large_image","twitter_misc":{"\u00c9crit par":"Julien","Dur\u00e9e de lecture est.":"2 minutes"},"schema":{"@context":"https:\/\/schema.org","@graph":[{"@type":"Article","@id":"https:\/\/vieassociative.be\/actualites\/des-tremblements-de-terre-forts-secouent-la-metropole-distanbul\/#article","isPartOf":{"@id":"https:\/\/vieassociative.be\/actualites\/des-tremblements-de-terre-forts-secouent-la-metropole-distanbul\/"},"author":{"name":"Julien","@id":"https:\/\/vieassociative.be\/actualites\/#\/schema\/person\/b87ac4f82f9d4e7b7cec7395b679edc4"},"headline":"Des tremblements de terre forts secouent la m\u00e9tropole d&rsquo;Istanbul","datePublished":"2025-04-23T14:16:55+00:00","dateModified":"2025-04-23T14:16:55+00:00","mainEntityOfPage":{"@id":"https:\/\/vieassociative.be\/actualites\/des-tremblements-de-terre-forts-secouent-la-metropole-distanbul\/"},"wordCount":484,"publisher":{"@id":"https:\/\/vieassociative.be\/actualites\/#organization"},"image":{"@id":"https:\/\/vieassociative.be\/actualites\/des-tremblements-de-terre-forts-secouent-la-metropole-distanbul\/#primaryimage"},"thumbnailUrl":"https:\/\/vieassociative.be\/actualites\/wp-content\/uploads\/2025\/04\/1745417816_Des-tremblements-de-terre-forts-secouent-la-metropole-dIstanbul.jpg","keywords":["Des","dIstanbul","forts","m\u00e9tropole","secouent","terre","tremblements"],"articleSection":["Belgique"],"inLanguage":"fr-BE"},{"@type":"WebPage","@id":"https:\/\/vieassociative.be\/actualites\/des-tremblements-de-terre-forts-secouent-la-metropole-distanbul\/","url":"https:\/\/vieassociative.be\/actualites\/des-tremblements-de-terre-forts-secouent-la-metropole-distanbul\/","name":"Des tremblements de terre forts secouent la m\u00e9tropole d'Istanbul | Vie Associative","isPartOf":{"@id":"https:\/\/vieassociative.be\/actualites\/#website"},"primaryImageOfPage":{"@id":"https:\/\/vieassociative.be\/actualites\/des-tremblements-de-terre-forts-secouent-la-metropole-distanbul\/#primaryimage"},"image":{"@id":"https:\/\/vieassociative.be\/actualites\/des-tremblements-de-terre-forts-secouent-la-metropole-distanbul\/#primaryimage"},"thumbnailUrl":"https:\/\/vieassociative.be\/actualites\/wp-content\/uploads\/2025\/04\/1745417816_Des-tremblements-de-terre-forts-secouent-la-metropole-dIstanbul.jpg","datePublished":"2025-04-23T14:16:55+00:00","dateModified":"2025-04-23T14:16:55+00:00","breadcrumb":{"@id":"https:\/\/vieassociative.be\/actualites\/des-tremblements-de-terre-forts-secouent-la-metropole-distanbul\/#breadcrumb"},"inLanguage":"fr-BE","potentialAction":[{"@type":"ReadAction","target":["https:\/\/vieassociative.be\/actualites\/des-tremblements-de-terre-forts-secouent-la-metropole-distanbul\/"]}]},{"@type":"ImageObject","inLanguage":"fr-BE","@id":"https:\/\/vieassociative.be\/actualites\/des-tremblements-de-terre-forts-secouent-la-metropole-distanbul\/#primaryimage","url":"https:\/\/vieassociative.be\/actualites\/wp-content\/uploads\/2025\/04\/1745417816_Des-tremblements-de-terre-forts-secouent-la-metropole-dIstanbul.jpg","contentUrl":"https:\/\/vieassociative.be\/actualites\/wp-content\/uploads\/2025\/04\/1745417816_Des-tremblements-de-terre-forts-secouent-la-metropole-dIstanbul.jpg","width":1200,"height":800,"caption":"Des tremblements de terre forts secouent la m\u00e9tropole d'Istanbul"},{"@type":"BreadcrumbList","@id":"https:\/\/vieassociative.be\/actualites\/des-tremblements-de-terre-forts-secouent-la-metropole-distanbul\/#breadcrumb","itemListElement":[{"@type":"ListItem","position":1,"name":"Accueil","item":"https:\/\/vieassociative.be\/actualites\/"},{"@type":"ListItem","position":2,"name":"Des tremblements de terre forts secouent la m\u00e9tropole d&rsquo;Istanbul"}]},{"@type":"WebSite","@id":"https:\/\/vieassociative.be\/actualites\/#website","url":"https:\/\/vieassociative.be\/actualites\/","name":"Vie Associative","description":"","publisher":{"@id":"https:\/\/vieassociative.be\/actualites\/#organization"},"potentialAction":[{"@type":"SearchAction","target":{"@type":"EntryPoint","urlTemplate":"https:\/\/vieassociative.be\/actualites\/?s={search_term_string}"},"query-input":{"@type":"PropertyValueSpecification","valueRequired":true,"valueName":"search_term_string"}}],"inLanguage":"fr-BE"},{"@type":"Organization","@id":"https:\/\/vieassociative.be\/actualites\/#organization","name":"Vie Associative","url":"https:\/\/vieassociative.be\/actualites\/","logo":{"@type":"ImageObject","inLanguage":"fr-BE","@id":"https:\/\/vieassociative.be\/actualites\/#\/schema\/logo\/image\/","url":"https:\/\/vieassociative.be\/actualites\/wp-content\/uploads\/2024\/09\/cropped-vieassociative_favicon.ico.png","contentUrl":"https:\/\/vieassociative.be\/actualites\/wp-content\/uploads\/2024\/09\/cropped-vieassociative_favicon.ico.png","width":512,"height":512,"caption":"Vie Associative"},"image":{"@id":"https:\/\/vieassociative.be\/actualites\/#\/schema\/logo\/image\/"}},{"@type":"Person","@id":"https:\/\/vieassociative.be\/actualites\/#\/schema\/person\/b87ac4f82f9d4e7b7cec7395b679edc4","name":"Julien","image":{"@type":"ImageObject","inLanguage":"fr-BE","@id":"https:\/\/vieassociative.be\/actualites\/#\/schema\/person\/image\/","url":"https:\/\/vieassociative.be\/actualites\/wp-content\/uploads\/2024\/09\/vie-associative-1-150x150.jpg","contentUrl":"https:\/\/vieassociative.be\/actualites\/wp-content\/uploads\/2024\/09\/vie-associative-1-150x150.jpg","caption":"Julien"},"description":"Je suis Julien, r\u00e9dacteur pour Vie Associative. Passionn\u00e9 par le monde associatif depuis plus de 10 ans, j'ai \u00e0 c\u0153ur de partager des histoires inspirantes et de mettre en lumi\u00e8re les initiatives locales. Mon objectif est de sensibiliser et d'encourager l'engagement communautaire \u00e0 travers mes articles.","sameAs":["https:\/\/vieassociative.be\/"]}]}},"_links":{"self":[{"href":"https:\/\/vieassociative.be\/actualites\/wp-json\/wp\/v2\/posts\/6966"}],"collection":[{"href":"https:\/\/vieassociative.be\/actualites\/wp-json\/wp\/v2\/posts"}],"about":[{"href":"https:\/\/vieassociative.be\/actualites\/wp-json\/wp\/v2\/types\/post"}],"author":[{"embeddable":true,"href":"https:\/\/vieassociative.be\/actualites\/wp-json\/wp\/v2\/users\/1"}],"replies":[{"embeddable":true,"href":"https:\/\/vieassociative.be\/actualites\/wp-json\/wp\/v2\/comments?post=6966"}],"version-history":[{"count":0,"href":"https:\/\/vieassociative.be\/actualites\/wp-json\/wp\/v2\/posts\/6966\/revisions"}],"wp:featuredmedia":[{"embeddable":true,"href":"https:\/\/vieassociative.be\/actualites\/wp-json\/wp\/v2\/media\/6967"}],"wp:attachment":[{"href":"https:\/\/vieassociative.be\/actualites\/wp-json\/wp\/v2\/media?parent=6966"}],"wp:term":[{"taxonomy":"category","embeddable":true,"href":"https:\/\/vieassociative.be\/actualites\/wp-json\/wp\/v2\/categories?post=6966"},{"taxonomy":"post_tag","embeddable":true,"href":"https:\/\/vieassociative.be\/actualites\/wp-json\/wp\/v2\/tags?post=6966"}],"curies":[{"name":"wp","href":"https:\/\/api.w.org\/{rel}","templated":true}]}}