{"id":6960,"date":"2025-04-23T12:17:06","date_gmt":"2025-04-23T10:17:06","guid":{"rendered":"https:\/\/vieassociative.be\/actualites\/le-moyen-le-plus-rapide-dadoucir-le-beurre-sans-micro-ondes\/"},"modified":"2025-04-23T12:17:06","modified_gmt":"2025-04-23T10:17:06","slug":"le-moyen-le-plus-rapide-dadoucir-le-beurre-sans-micro-ondes","status":"publish","type":"post","link":"https:\/\/vieassociative.be\/actualites\/le-moyen-le-plus-rapide-dadoucir-le-beurre-sans-micro-ondes\/","title":{"rendered":"Le moyen le plus rapide d&rsquo;adoucir le beurre sans micro-ondes"},"content":{"rendered":"<div class=\"mt-4 leading-6 md:mb-8\">Le ramollissement du beurre signifie g\u00e9n\u00e9ralement planifier des heures \u00e0 l&rsquo;avance ou le faire fondre partiellement au micro-ondes. Utilisez cette astuce pour adoucir doucement le beurre rapidement.<\/div>\n<p><\/p>\n<p>D&rsquo;innombrables recettes, mes propres incluses, indiquent le \u00abbeurre doux\u00bb. J&rsquo;ai m\u00eame quelques recettes o\u00f9 j&rsquo;indique que le beurre soit \u00abdoux comme la mayonnaise\u00bb. Le probl\u00e8me est que m\u00eame s&rsquo;il est facile de se faire du solide au beurre au r\u00e9frig\u00e9rateur ou de le liquider totalement au micro-ondes, il est difficile de frapper les temp\u00e9ratures souples entre les deux. Si les m\u00e9thodes habituelles n&rsquo;ont pas fonctionn\u00e9 pour vous, essayez d&rsquo;utiliser le tour de verre chaud.<\/p>\n<h2 id=\"the-risks-of-other-methods\">Les risques d&rsquo;autres m\u00e9thodes<\/h2>\n<p>Oui, vous pouvez planifier \u00e0 l&rsquo;avance et laisser le beurre sur le comptoir pendant la nuit. Cela prend le plus de temps, mais c&rsquo;est le plus de mains. Malheureusement, beaucoup de boulangers oublient de le faire. Ensuite, vous \u00eates dans une pinc\u00e9e le jour de la cuisson avec une livre de beurre froid (ou pire, congel\u00e9). Vous pouvez le couper en morceaux et micro-ondes la quantit\u00e9 de beurre dont vous avez besoin pour la consistance dont vous avez besoin. C&rsquo;est la m\u00e9thode la plus rapide, mais elle n\u00e9cessite beaucoup d&rsquo;attention, remuant et \u00e9crasant. Et si vous ne faites pas attention, votre beurre fondera. <\/p>\n<h2 id=\"how-to-soften-butter-with-a-hot-glass\">Comment adoucir le beurre avec un verre chaud<\/h2>\n<p>Mais voici une troisi\u00e8me voie \u00e9quilibre les deux extr\u00eames: vous pouvez adoucir le beurre avec un verre et de l&rsquo;eau chaude. C&rsquo;est assez simple &#8211; bouille de l&rsquo;eau et versez-le dans un grand verre, quelque chose de assez grand pour contenir un b\u00e2ton de beurre (ou quelle que soit la proportion d&rsquo;un b\u00e2ton de beurre dont vous avez besoin pour ramollir). Placez le b\u00e2ton de beurre sur une assiette pour qu&rsquo;il se tient debout \u00e0 une extr\u00e9mit\u00e9. Jetez soigneusement l&rsquo;eau chaude hors du verre, secouez les gouttes d&rsquo;eau et inversez le verre sur le b\u00e2ton de beurre. Laissez-le comme \u00e7a pendant cinq \u00e0 10 minutes. Lorsque vous enlevez le verre, le beurre sera flexible. <\/p>\n<p>Bien que cette astuce ne soit pas plus rapide que le micro-ondes (c&rsquo;est ainsi que je ramollisse normalement le beurre froid de r\u00e9frig\u00e9rateur), il est plus doux et il fonctionne absolument. Le verre cr\u00e9e un minuscule sauna ferm\u00e9 pour votre beurre, alors que l&rsquo;air pi\u00e9g\u00e9 \u00e0 l&rsquo;int\u00e9rieur se r\u00e9chauffe de la chaleur du verre. L&rsquo;environnement chaud adoucit le beurre froid au r\u00e9frig\u00e9rateur, mais ce que j&rsquo;aime le plus dans cette m\u00e9thode, c&rsquo;est qu&rsquo;il enl\u00e8ve rapidement le refroidissement du beurre surgel\u00e9. Le beurre congel\u00e9 est difficile \u00e0 couper m\u00eame pour rester dans le micro-ondes. Cinq minutes dans un verre chaud l&rsquo;am\u00e8ne \u00e0 une texture semblable \u00e0 un r\u00e9frig\u00e9rateur. <\/p>\n<div class=\"pogoClear relative my-10 border-b-(1.5px) border-t-(1.5px) border-dashed border-black py-5 sm:my-14 sm:border-0 sm:py-0\" data-ga-click data-ga-template=\"Hacks\" data-ga-module=\"openweb_widget\" data-ga-element=\"openweb_scroll\" data-ga-item=\"openweb_scroll_midpage\" x-cloak x-data=\"{ commentsCount: null, hasComments: false }\" x-init=\"commentsCount = await window.openweb.getMessagesCount(114575);\n     hasComments = commentsCount !== null &amp;&amp; commentsCount &gt; 0\"><\/p>\n<div class=\"absolute top-1\/2 hidden w-full -translate-y-1\/2 border-t-(1.5px) border-dashed border-black sm:block\"><\/div>\n<div class=\"relative flex justify-center\">\n<div class=\"flex max-w-max items-center gap-x-3 bg-white px-5\">\n<div class=\"relative\">\n                <span class=\"absolute left-1\/2 top-1\/2 -translate-x-1\/2 -translate-y-1\/2 font-akshar text-sm font-medium text-black\" x-show=\"hasComments\" x-text=\"commentsCount\"><\/span><\/p>\n<p>                <svg class=\"h-8 w-8 text-black\">\n                    <use href=\"http:\/\/lifehacker.com\/images\/icons\/spritemap.svg#sprite-chat-bubble\"><\/use>\n                <\/svg>\n            <\/div>\n<p>            <span class=\"text-sm font-medium text-black\"><\/p>\n<p>                Que pensez-vous jusqu&rsquo;\u00e0 pr\u00e9sent?<br \/>\n                <button class=\"font-semibold text-brand-green underline hover:text-brand-green-700\" onclick=\"window.openweb.scrollToComments(114575)\" x-text=\"hasComments ? 'Post a comment.' : 'Be the first to post a comment.'\"><\/button><br \/>\n            <\/span>\n        <\/div>\n<\/p><\/div>\n<\/div>\n<p>Si votre beurre est congel\u00e9 solide, ou si vous souhaitez que le beurre se ramollisse encore plus, retournez le b\u00e2ton pour se tenir \u00e0 son autre c\u00f4t\u00e9 et r\u00e9p\u00e9ter la proc\u00e9dure, en attendant encore cinq minutes. V\u00e9rifiez-le et r\u00e9p\u00e9tez si n\u00e9cessaire. Cette m\u00e9thode est \u00e9galement efficace avec plusieurs b\u00e2tons de beurre sous un grand bol en verre. Assurez-vous simplement de retourner les b\u00e2tons sur chaque fois que vous r\u00e9chauffez le bol pour assurer m\u00eame un ramollissement. Cela peut prendre cinq \u00e0 20 minutes de chauffage de l&rsquo;eau dans une bouilloire \u00e0 th\u00e9 et un renversement de b\u00e2tons de beurre, mais il bat certainement en attente pendant la nuit (ou risquant votre recette sur une piscine de beurre fondu sur-microwave).<\/p>\n","protected":false},"excerpt":{"rendered":"<p>Le ramollissement du beurre signifie g\u00e9n\u00e9ralement planifier des heures \u00e0 l&rsquo;avance ou le faire fondre partiellement au micro-ondes. Utilisez cette astuce pour adoucir doucement le<\/p>\n","protected":false},"author":1,"featured_media":6961,"comment_status":"","ping_status":"","sticky":false,"template":"","format":"standard","meta":{"footnotes":""},"categories":[1],"tags":[6236,6580,4716,1338,1339,130],"class_list":["post-6960","post","type-post","status-publish","format-standard","has-post-thumbnail","hentry","category-non-classe","tag-beurre","tag-dadoucir","tag-microondes","tag-moyen","tag-rapide","tag-sans","generate-columns","tablet-grid-50","mobile-grid-100","grid-parent","grid-33"],"yoast_head":"<!-- This site is optimized with the Yoast SEO plugin v24.0 - https:\/\/yoast.com\/wordpress\/plugins\/seo\/ -->\n<title>Le moyen le plus rapide d&#039;adoucir le beurre sans micro-ondes | Vie Associative<\/title>\n<meta name=\"robots\" content=\"index, follow, max-snippet:-1, max-image-preview:large, max-video-preview:-1\" \/>\n<link rel=\"canonical\" href=\"https:\/\/vieassociative.be\/actualites\/le-moyen-le-plus-rapide-dadoucir-le-beurre-sans-micro-ondes\/\" \/>\n<meta property=\"og:locale\" content=\"fr_FR\" \/>\n<meta property=\"og:type\" content=\"article\" \/>\n<meta property=\"og:title\" content=\"Le moyen le plus rapide d&#039;adoucir le beurre sans micro-ondes | Vie Associative\" \/>\n<meta property=\"og:description\" content=\"Le ramollissement du beurre signifie g\u00e9n\u00e9ralement planifier des heures \u00e0 l&rsquo;avance ou le faire fondre partiellement au micro-ondes. Utilisez cette astuce pour adoucir doucement le\" \/>\n<meta property=\"og:url\" content=\"https:\/\/vieassociative.be\/actualites\/le-moyen-le-plus-rapide-dadoucir-le-beurre-sans-micro-ondes\/\" \/>\n<meta property=\"og:site_name\" content=\"Vie Associative\" \/>\n<meta property=\"article:published_time\" content=\"2025-04-23T10:17:06+00:00\" \/>\n<meta property=\"og:image\" content=\"https:\/\/vieassociative.be\/actualites\/wp-content\/uploads\/2024\/09\/header_backgroundk-01-e1726694325946.png\" \/>\n\t<meta property=\"og:image:width\" content=\"279\" \/>\n\t<meta property=\"og:image:height\" content=\"92\" \/>\n\t<meta property=\"og:image:type\" content=\"image\/png\" \/>\n<meta name=\"author\" content=\"Julien\" \/>\n<meta name=\"twitter:card\" content=\"summary_large_image\" \/>\n<meta name=\"twitter:label1\" content=\"\u00c9crit par\" \/>\n\t<meta name=\"twitter:data1\" content=\"Julien\" \/>\n\t<meta name=\"twitter:label2\" content=\"Dur\u00e9e de lecture est.\" \/>\n\t<meta name=\"twitter:data2\" content=\"3 minutes\" \/>\n<script type=\"application\/ld+json\" class=\"yoast-schema-graph\">{\"@context\":\"https:\/\/schema.org\",\"@graph\":[{\"@type\":\"Article\",\"@id\":\"https:\/\/vieassociative.be\/actualites\/le-moyen-le-plus-rapide-dadoucir-le-beurre-sans-micro-ondes\/#article\",\"isPartOf\":{\"@id\":\"https:\/\/vieassociative.be\/actualites\/le-moyen-le-plus-rapide-dadoucir-le-beurre-sans-micro-ondes\/\"},\"author\":{\"name\":\"Julien\",\"@id\":\"https:\/\/vieassociative.be\/actualites\/#\/schema\/person\/b87ac4f82f9d4e7b7cec7395b679edc4\"},\"headline\":\"Le moyen le plus rapide d&rsquo;adoucir le beurre sans micro-ondes\",\"datePublished\":\"2025-04-23T10:17:06+00:00\",\"dateModified\":\"2025-04-23T10:17:06+00:00\",\"mainEntityOfPage\":{\"@id\":\"https:\/\/vieassociative.be\/actualites\/le-moyen-le-plus-rapide-dadoucir-le-beurre-sans-micro-ondes\/\"},\"wordCount\":636,\"publisher\":{\"@id\":\"https:\/\/vieassociative.be\/actualites\/#organization\"},\"image\":{\"@id\":\"https:\/\/vieassociative.be\/actualites\/le-moyen-le-plus-rapide-dadoucir-le-beurre-sans-micro-ondes\/#primaryimage\"},\"thumbnailUrl\":\"https:\/\/vieassociative.be\/actualites\/wp-content\/uploads\/2025\/04\/Le-moyen-le-plus-rapide-dadoucir-le-beurre-sans-micro-ondes.jpg\",\"keywords\":[\"beurre\",\"dadoucir\",\"microondes\",\"moyen\",\"rapide\",\"sans\"],\"inLanguage\":\"fr-BE\"},{\"@type\":\"WebPage\",\"@id\":\"https:\/\/vieassociative.be\/actualites\/le-moyen-le-plus-rapide-dadoucir-le-beurre-sans-micro-ondes\/\",\"url\":\"https:\/\/vieassociative.be\/actualites\/le-moyen-le-plus-rapide-dadoucir-le-beurre-sans-micro-ondes\/\",\"name\":\"Le moyen le plus rapide d'adoucir le beurre sans micro-ondes | Vie Associative\",\"isPartOf\":{\"@id\":\"https:\/\/vieassociative.be\/actualites\/#website\"},\"primaryImageOfPage\":{\"@id\":\"https:\/\/vieassociative.be\/actualites\/le-moyen-le-plus-rapide-dadoucir-le-beurre-sans-micro-ondes\/#primaryimage\"},\"image\":{\"@id\":\"https:\/\/vieassociative.be\/actualites\/le-moyen-le-plus-rapide-dadoucir-le-beurre-sans-micro-ondes\/#primaryimage\"},\"thumbnailUrl\":\"https:\/\/vieassociative.be\/actualites\/wp-content\/uploads\/2025\/04\/Le-moyen-le-plus-rapide-dadoucir-le-beurre-sans-micro-ondes.jpg\",\"datePublished\":\"2025-04-23T10:17:06+00:00\",\"dateModified\":\"2025-04-23T10:17:06+00:00\",\"breadcrumb\":{\"@id\":\"https:\/\/vieassociative.be\/actualites\/le-moyen-le-plus-rapide-dadoucir-le-beurre-sans-micro-ondes\/#breadcrumb\"},\"inLanguage\":\"fr-BE\",\"potentialAction\":[{\"@type\":\"ReadAction\",\"target\":[\"https:\/\/vieassociative.be\/actualites\/le-moyen-le-plus-rapide-dadoucir-le-beurre-sans-micro-ondes\/\"]}]},{\"@type\":\"ImageObject\",\"inLanguage\":\"fr-BE\",\"@id\":\"https:\/\/vieassociative.be\/actualites\/le-moyen-le-plus-rapide-dadoucir-le-beurre-sans-micro-ondes\/#primaryimage\",\"url\":\"https:\/\/vieassociative.be\/actualites\/wp-content\/uploads\/2025\/04\/Le-moyen-le-plus-rapide-dadoucir-le-beurre-sans-micro-ondes.jpg\",\"contentUrl\":\"https:\/\/vieassociative.be\/actualites\/wp-content\/uploads\/2025\/04\/Le-moyen-le-plus-rapide-dadoucir-le-beurre-sans-micro-ondes.jpg\",\"width\":1200,\"height\":675,\"caption\":\"Le moyen le plus rapide d'adoucir le beurre sans micro-ondes\"},{\"@type\":\"BreadcrumbList\",\"@id\":\"https:\/\/vieassociative.be\/actualites\/le-moyen-le-plus-rapide-dadoucir-le-beurre-sans-micro-ondes\/#breadcrumb\",\"itemListElement\":[{\"@type\":\"ListItem\",\"position\":1,\"name\":\"Accueil\",\"item\":\"https:\/\/vieassociative.be\/actualites\/\"},{\"@type\":\"ListItem\",\"position\":2,\"name\":\"Le moyen le plus rapide d&rsquo;adoucir le beurre sans micro-ondes\"}]},{\"@type\":\"WebSite\",\"@id\":\"https:\/\/vieassociative.be\/actualites\/#website\",\"url\":\"https:\/\/vieassociative.be\/actualites\/\",\"name\":\"Vie Associative\",\"description\":\"\",\"publisher\":{\"@id\":\"https:\/\/vieassociative.be\/actualites\/#organization\"},\"potentialAction\":[{\"@type\":\"SearchAction\",\"target\":{\"@type\":\"EntryPoint\",\"urlTemplate\":\"https:\/\/vieassociative.be\/actualites\/?s={search_term_string}\"},\"query-input\":{\"@type\":\"PropertyValueSpecification\",\"valueRequired\":true,\"valueName\":\"search_term_string\"}}],\"inLanguage\":\"fr-BE\"},{\"@type\":\"Organization\",\"@id\":\"https:\/\/vieassociative.be\/actualites\/#organization\",\"name\":\"Vie Associative\",\"url\":\"https:\/\/vieassociative.be\/actualites\/\",\"logo\":{\"@type\":\"ImageObject\",\"inLanguage\":\"fr-BE\",\"@id\":\"https:\/\/vieassociative.be\/actualites\/#\/schema\/logo\/image\/\",\"url\":\"https:\/\/vieassociative.be\/actualites\/wp-content\/uploads\/2024\/09\/cropped-vieassociative_favicon.ico.png\",\"contentUrl\":\"https:\/\/vieassociative.be\/actualites\/wp-content\/uploads\/2024\/09\/cropped-vieassociative_favicon.ico.png\",\"width\":512,\"height\":512,\"caption\":\"Vie Associative\"},\"image\":{\"@id\":\"https:\/\/vieassociative.be\/actualites\/#\/schema\/logo\/image\/\"}},{\"@type\":\"Person\",\"@id\":\"https:\/\/vieassociative.be\/actualites\/#\/schema\/person\/b87ac4f82f9d4e7b7cec7395b679edc4\",\"name\":\"Julien\",\"image\":{\"@type\":\"ImageObject\",\"inLanguage\":\"fr-BE\",\"@id\":\"https:\/\/vieassociative.be\/actualites\/#\/schema\/person\/image\/\",\"url\":\"https:\/\/vieassociative.be\/actualites\/wp-content\/uploads\/2024\/09\/vie-associative-1-150x150.jpg\",\"contentUrl\":\"https:\/\/vieassociative.be\/actualites\/wp-content\/uploads\/2024\/09\/vie-associative-1-150x150.jpg\",\"caption\":\"Julien\"},\"description\":\"Je suis Julien, r\u00e9dacteur pour Vie Associative. Passionn\u00e9 par le monde associatif depuis plus de 10 ans, j'ai \u00e0 c\u0153ur de partager des histoires inspirantes et de mettre en lumi\u00e8re les initiatives locales. Mon objectif est de sensibiliser et d'encourager l'engagement communautaire \u00e0 travers mes articles.\",\"sameAs\":[\"https:\/\/vieassociative.be\/\"]}]}<\/script>\n<!-- \/ Yoast SEO plugin. -->","yoast_head_json":{"title":"Le moyen le plus rapide d'adoucir le beurre sans micro-ondes | Vie Associative","robots":{"index":"index","follow":"follow","max-snippet":"max-snippet:-1","max-image-preview":"max-image-preview:large","max-video-preview":"max-video-preview:-1"},"canonical":"https:\/\/vieassociative.be\/actualites\/le-moyen-le-plus-rapide-dadoucir-le-beurre-sans-micro-ondes\/","og_locale":"fr_FR","og_type":"article","og_title":"Le moyen le plus rapide d'adoucir le beurre sans micro-ondes | Vie Associative","og_description":"Le ramollissement du beurre signifie g\u00e9n\u00e9ralement planifier des heures \u00e0 l&rsquo;avance ou le faire fondre partiellement au micro-ondes. Utilisez cette astuce pour adoucir doucement le","og_url":"https:\/\/vieassociative.be\/actualites\/le-moyen-le-plus-rapide-dadoucir-le-beurre-sans-micro-ondes\/","og_site_name":"Vie Associative","article_published_time":"2025-04-23T10:17:06+00:00","og_image":[{"width":279,"height":92,"url":"https:\/\/vieassociative.be\/actualites\/wp-content\/uploads\/2024\/09\/header_backgroundk-01-e1726694325946.png","type":"image\/png"}],"author":"Julien","twitter_card":"summary_large_image","twitter_misc":{"\u00c9crit par":"Julien","Dur\u00e9e de lecture est.":"3 minutes"},"schema":{"@context":"https:\/\/schema.org","@graph":[{"@type":"Article","@id":"https:\/\/vieassociative.be\/actualites\/le-moyen-le-plus-rapide-dadoucir-le-beurre-sans-micro-ondes\/#article","isPartOf":{"@id":"https:\/\/vieassociative.be\/actualites\/le-moyen-le-plus-rapide-dadoucir-le-beurre-sans-micro-ondes\/"},"author":{"name":"Julien","@id":"https:\/\/vieassociative.be\/actualites\/#\/schema\/person\/b87ac4f82f9d4e7b7cec7395b679edc4"},"headline":"Le moyen le plus rapide d&rsquo;adoucir le beurre sans micro-ondes","datePublished":"2025-04-23T10:17:06+00:00","dateModified":"2025-04-23T10:17:06+00:00","mainEntityOfPage":{"@id":"https:\/\/vieassociative.be\/actualites\/le-moyen-le-plus-rapide-dadoucir-le-beurre-sans-micro-ondes\/"},"wordCount":636,"publisher":{"@id":"https:\/\/vieassociative.be\/actualites\/#organization"},"image":{"@id":"https:\/\/vieassociative.be\/actualites\/le-moyen-le-plus-rapide-dadoucir-le-beurre-sans-micro-ondes\/#primaryimage"},"thumbnailUrl":"https:\/\/vieassociative.be\/actualites\/wp-content\/uploads\/2025\/04\/Le-moyen-le-plus-rapide-dadoucir-le-beurre-sans-micro-ondes.jpg","keywords":["beurre","dadoucir","microondes","moyen","rapide","sans"],"inLanguage":"fr-BE"},{"@type":"WebPage","@id":"https:\/\/vieassociative.be\/actualites\/le-moyen-le-plus-rapide-dadoucir-le-beurre-sans-micro-ondes\/","url":"https:\/\/vieassociative.be\/actualites\/le-moyen-le-plus-rapide-dadoucir-le-beurre-sans-micro-ondes\/","name":"Le moyen le plus rapide d'adoucir le beurre sans micro-ondes | Vie Associative","isPartOf":{"@id":"https:\/\/vieassociative.be\/actualites\/#website"},"primaryImageOfPage":{"@id":"https:\/\/vieassociative.be\/actualites\/le-moyen-le-plus-rapide-dadoucir-le-beurre-sans-micro-ondes\/#primaryimage"},"image":{"@id":"https:\/\/vieassociative.be\/actualites\/le-moyen-le-plus-rapide-dadoucir-le-beurre-sans-micro-ondes\/#primaryimage"},"thumbnailUrl":"https:\/\/vieassociative.be\/actualites\/wp-content\/uploads\/2025\/04\/Le-moyen-le-plus-rapide-dadoucir-le-beurre-sans-micro-ondes.jpg","datePublished":"2025-04-23T10:17:06+00:00","dateModified":"2025-04-23T10:17:06+00:00","breadcrumb":{"@id":"https:\/\/vieassociative.be\/actualites\/le-moyen-le-plus-rapide-dadoucir-le-beurre-sans-micro-ondes\/#breadcrumb"},"inLanguage":"fr-BE","potentialAction":[{"@type":"ReadAction","target":["https:\/\/vieassociative.be\/actualites\/le-moyen-le-plus-rapide-dadoucir-le-beurre-sans-micro-ondes\/"]}]},{"@type":"ImageObject","inLanguage":"fr-BE","@id":"https:\/\/vieassociative.be\/actualites\/le-moyen-le-plus-rapide-dadoucir-le-beurre-sans-micro-ondes\/#primaryimage","url":"https:\/\/vieassociative.be\/actualites\/wp-content\/uploads\/2025\/04\/Le-moyen-le-plus-rapide-dadoucir-le-beurre-sans-micro-ondes.jpg","contentUrl":"https:\/\/vieassociative.be\/actualites\/wp-content\/uploads\/2025\/04\/Le-moyen-le-plus-rapide-dadoucir-le-beurre-sans-micro-ondes.jpg","width":1200,"height":675,"caption":"Le moyen le plus rapide d'adoucir le beurre sans micro-ondes"},{"@type":"BreadcrumbList","@id":"https:\/\/vieassociative.be\/actualites\/le-moyen-le-plus-rapide-dadoucir-le-beurre-sans-micro-ondes\/#breadcrumb","itemListElement":[{"@type":"ListItem","position":1,"name":"Accueil","item":"https:\/\/vieassociative.be\/actualites\/"},{"@type":"ListItem","position":2,"name":"Le moyen le plus rapide d&rsquo;adoucir le beurre sans micro-ondes"}]},{"@type":"WebSite","@id":"https:\/\/vieassociative.be\/actualites\/#website","url":"https:\/\/vieassociative.be\/actualites\/","name":"Vie Associative","description":"","publisher":{"@id":"https:\/\/vieassociative.be\/actualites\/#organization"},"potentialAction":[{"@type":"SearchAction","target":{"@type":"EntryPoint","urlTemplate":"https:\/\/vieassociative.be\/actualites\/?s={search_term_string}"},"query-input":{"@type":"PropertyValueSpecification","valueRequired":true,"valueName":"search_term_string"}}],"inLanguage":"fr-BE"},{"@type":"Organization","@id":"https:\/\/vieassociative.be\/actualites\/#organization","name":"Vie Associative","url":"https:\/\/vieassociative.be\/actualites\/","logo":{"@type":"ImageObject","inLanguage":"fr-BE","@id":"https:\/\/vieassociative.be\/actualites\/#\/schema\/logo\/image\/","url":"https:\/\/vieassociative.be\/actualites\/wp-content\/uploads\/2024\/09\/cropped-vieassociative_favicon.ico.png","contentUrl":"https:\/\/vieassociative.be\/actualites\/wp-content\/uploads\/2024\/09\/cropped-vieassociative_favicon.ico.png","width":512,"height":512,"caption":"Vie Associative"},"image":{"@id":"https:\/\/vieassociative.be\/actualites\/#\/schema\/logo\/image\/"}},{"@type":"Person","@id":"https:\/\/vieassociative.be\/actualites\/#\/schema\/person\/b87ac4f82f9d4e7b7cec7395b679edc4","name":"Julien","image":{"@type":"ImageObject","inLanguage":"fr-BE","@id":"https:\/\/vieassociative.be\/actualites\/#\/schema\/person\/image\/","url":"https:\/\/vieassociative.be\/actualites\/wp-content\/uploads\/2024\/09\/vie-associative-1-150x150.jpg","contentUrl":"https:\/\/vieassociative.be\/actualites\/wp-content\/uploads\/2024\/09\/vie-associative-1-150x150.jpg","caption":"Julien"},"description":"Je suis Julien, r\u00e9dacteur pour Vie Associative. Passionn\u00e9 par le monde associatif depuis plus de 10 ans, j'ai \u00e0 c\u0153ur de partager des histoires inspirantes et de mettre en lumi\u00e8re les initiatives locales. Mon objectif est de sensibiliser et d'encourager l'engagement communautaire \u00e0 travers mes articles.","sameAs":["https:\/\/vieassociative.be\/"]}]}},"_links":{"self":[{"href":"https:\/\/vieassociative.be\/actualites\/wp-json\/wp\/v2\/posts\/6960"}],"collection":[{"href":"https:\/\/vieassociative.be\/actualites\/wp-json\/wp\/v2\/posts"}],"about":[{"href":"https:\/\/vieassociative.be\/actualites\/wp-json\/wp\/v2\/types\/post"}],"author":[{"embeddable":true,"href":"https:\/\/vieassociative.be\/actualites\/wp-json\/wp\/v2\/users\/1"}],"replies":[{"embeddable":true,"href":"https:\/\/vieassociative.be\/actualites\/wp-json\/wp\/v2\/comments?post=6960"}],"version-history":[{"count":0,"href":"https:\/\/vieassociative.be\/actualites\/wp-json\/wp\/v2\/posts\/6960\/revisions"}],"wp:featuredmedia":[{"embeddable":true,"href":"https:\/\/vieassociative.be\/actualites\/wp-json\/wp\/v2\/media\/6961"}],"wp:attachment":[{"href":"https:\/\/vieassociative.be\/actualites\/wp-json\/wp\/v2\/media?parent=6960"}],"wp:term":[{"taxonomy":"category","embeddable":true,"href":"https:\/\/vieassociative.be\/actualites\/wp-json\/wp\/v2\/categories?post=6960"},{"taxonomy":"post_tag","embeddable":true,"href":"https:\/\/vieassociative.be\/actualites\/wp-json\/wp\/v2\/tags?post=6960"}],"curies":[{"name":"wp","href":"https:\/\/api.w.org\/{rel}","templated":true}]}}