{"id":6958,"date":"2025-04-23T09:17:18","date_gmt":"2025-04-23T07:17:18","guid":{"rendered":"https:\/\/vieassociative.be\/actualites\/ces-barres-de-son-des-subwoofers-et-des-ecouteurs-renoves-sont-en-vente-pour-le-jour-de-la-terre\/"},"modified":"2025-04-23T09:17:18","modified_gmt":"2025-04-23T07:17:18","slug":"ces-barres-de-son-des-subwoofers-et-des-ecouteurs-renoves-sont-en-vente-pour-le-jour-de-la-terre","status":"publish","type":"post","link":"https:\/\/vieassociative.be\/actualites\/ces-barres-de-son-des-subwoofers-et-des-ecouteurs-renoves-sont-en-vente-pour-le-jour-de-la-terre\/","title":{"rendered":"Ces barres de son, des subwoofers et des \u00e9couteurs r\u00e9nov\u00e9s sont en vente pour le Jour de la Terre"},"content":{"rendered":"<div class=\"mt-4 leading-6 md:mb-8\">Les barres de son commencent \u00e0 191 $.<\/div>\n<p><\/p>\n<p>Dans la \u00ab\u00a0c\u00e9l\u00e9bration\u00a0\u00bb du Jour de la Terre, certains d\u00e9taillants technologiques offrent des rabais sur leur <em>r\u00e9nov\u00e9<\/em> Produits. Sonos est l&rsquo;un de ces d\u00e9taillants, et leurs rabais sont en fait bons. Sonos dit qu&rsquo;il r\u00e9pare ces produits \u00e0 des conditions \u00absimilaires\u00bb et offre toujours la m\u00eame garantie d&rsquo;un an. Voici ce que vous pouvez obtenir de eux en vente aujourd&rsquo;hui:<\/p>\n<div class=\"shadow-b-2 mb-12 mt-10 rounded-md border-2 border-(#F0F0F0) px-6 py-2 shadow-lg md:px-12\" role=\"region\" aria-label=\"Products List\" x-data=\"{ showMore: false }\">\n<div class=\"flex w-full gap-x-5\">\n<div class=\"flex w-full flex-col flex-nowrap justify-center gap-2 text-black no-underline md:order-2 md:gap-y-6\">\n<div class=\"flex flex-col justify-between gap-y-2 md:w-full md:gap-y-1\">\n<div class=\"block font-sans text-xs font-semibold capitalize leading-3 text-gray-900 md:leading-4\">Batterie de 30 heures, ANC, streaming sans perte, audio spatial avec suivi dynamique de la t\u00eate.<\/div>\n<div class=\"block w-fit cursor-pointer font-akshar text-lg font-medium leading-5 text-brand-green duration-200 ease-in-out hover:text-brand-green-700 md:text-xl md:leading-6\">\n<p>                            Sonos Ace r\u00e9nov\u00e9\n                        <\/p><\/div>\n<\/p><\/div>\n<div class=\"hidden md:flex md:justify-between md:gap-x-4\">\n<div class=\"w-full mb-0 md:flex md:flex-col md:justify-center font-sans leading-4 text-black\">\n<div class=\"flex flex-wrap items-center justify-center gap-x-1 md:justify-start\">\n        <span class=\"font-bold\"><\/p>\n<p>            269,00 $<br \/>\n                            <span class=\"font-medium\">\u00e0 Sonos<\/span><br \/>\n                    <\/span>\n            <\/div>\n<div class=\"flex items-center justify-center gap-x-1 font-bold md:justify-start\">\n            <span class=\"text-sm line-through\">359,00 $<\/span><br \/>\n            <span class=\"text-sm text-brand-green\">\u00c9conomisez 90,00 $<\/span>\n        <\/div>\n<\/p><\/div>\n<p>                            <button class=\"flex justify-center items-center w-full bg-brand-green text-white text-base font-sans font-medium rounded-md hover:bg-brand-green-700 hover:cursor-pointer md:text-sm hidden self-end h-12 max-w-(10rem) duration-200 ease-in-out hover:bg-brand-green-700 md:flex md:h-10\"><\/p>\n<p>    Conclure un accord<br \/>\n<\/button>\n                        <\/div>\n<\/p><\/div>\n<div class=\"flex aspect-video h-(90px) shrink-0 items-center justify-center self-center md:order-1\">\n                        <img decoding=\"async\" class=\"m-0 max-h-full max-w-full rounded-md\" src=\"https:\/\/vieassociative.be\/actualites\/wp-content\/uploads\/2025\/04\/Ces-barres-de-son-des-subwoofers-et-des-ecouteurs-renoves.png\" alt=\"Sonos Ace r\u00e9nov\u00e9\" width=\"auto\" height=\"auto\" loading=\"lazy\">\n                    <\/div>\n<\/p><\/div>\n<p>                            <button class=\"flex justify-center items-center w-full bg-brand-green text-white text-base font-sans font-medium rounded-md hover:bg-brand-green-700 hover:cursor-pointer md:text-sm w-full h-12 duration-200 ease-in-out hover:bg-brand-green-700 md:hidden md:h-10\"><\/p>\n<p>    Conclure un accord<br \/>\n<\/button><\/p>\n<div class=\"flex flex-col items-center w-full md:hidden font-sans leading-4 text-black\">\n<div class=\"flex flex-wrap items-center justify-center gap-x-1 md:justify-start\">\n        <span class=\"font-bold\"><\/p>\n<p>            269,00 $<br \/>\n                            <span class=\"font-medium\">\u00e0 Sonos<\/span><br \/>\n                    <\/span>\n            <\/div>\n<div class=\"flex items-center justify-center gap-x-1 font-bold md:justify-start\">\n            <span class=\"text-sm line-through\">359,00 $<\/span><br \/>\n            <span class=\"text-sm text-brand-green\">\u00c9conomisez 90,00 $<\/span>\n        <\/div>\n<\/p><\/div>\n<div class=\"flex w-full gap-x-5\">\n<div class=\"flex w-full flex-col flex-nowrap justify-center gap-2 text-black no-underline md:order-2 md:gap-y-6\">\n<div class=\"flex flex-col justify-between gap-y-2 md:w-full md:gap-y-1\">\n<div class=\"block font-sans text-xs font-semibold capitalize leading-3 text-gray-900 md:leading-4\">Dolby Atmos, deux canaux de hauteur, l&rsquo;application Sonos et Apple Airplay 2, Multiroom, WiFi.<\/div>\n<div class=\"block w-fit cursor-pointer font-akshar text-lg font-medium leading-5 text-brand-green duration-200 ease-in-out hover:text-brand-green-700 md:text-xl md:leading-6\">\n<p>                            SONOS REFUSIBLES SONOS ULTRA\n                        <\/p><\/div>\n<\/p><\/div>\n<div class=\"hidden md:flex md:justify-between md:gap-x-4\">\n<div class=\"w-full mb-0 md:flex md:flex-col md:justify-center font-sans leading-4 text-black\">\n<div class=\"flex flex-wrap items-center justify-center gap-x-1 md:justify-start\">\n        <span class=\"font-bold\"><\/p>\n<p>            599,00 $<br \/>\n                            <span class=\"font-medium\">\u00e0 Sonos<\/span><br \/>\n                    <\/span>\n            <\/div>\n<div class=\"flex items-center justify-center gap-x-1 font-bold md:justify-start\">\n            <span class=\"text-sm line-through\">719,00 $<\/span><br \/>\n            <span class=\"text-sm text-brand-green\">\u00c9conomisez 120,00 $<\/span>\n        <\/div>\n<\/p><\/div>\n<p>                            <button class=\"flex justify-center items-center w-full bg-brand-green text-white text-base font-sans font-medium rounded-md hover:bg-brand-green-700 hover:cursor-pointer md:text-sm hidden self-end h-12 max-w-(10rem) duration-200 ease-in-out hover:bg-brand-green-700 md:flex md:h-10\"><\/p>\n<p>    Conclure un accord<br \/>\n<\/button>\n                        <\/div>\n<\/p><\/div>\n<div class=\"flex aspect-video h-(90px) shrink-0 items-center justify-center self-center md:order-1\">\n                        <img decoding=\"async\" class=\"m-0 max-h-full max-w-full rounded-md\" src=\"https:\/\/vieassociative.be\/actualites\/wp-content\/uploads\/2025\/04\/Ces-barres-de-son-des-subwoofers-et-des-ecouteurs-renoves.jpg\" alt=\"Barbar sonore Smart Smart REFUST\" width=\"auto\" height=\"auto\" loading=\"lazy\">\n                    <\/div>\n<\/p><\/div>\n<p>                            <button class=\"flex justify-center items-center w-full bg-brand-green text-white text-base font-sans font-medium rounded-md hover:bg-brand-green-700 hover:cursor-pointer md:text-sm w-full h-12 duration-200 ease-in-out hover:bg-brand-green-700 md:hidden md:h-10\"><\/p>\n<p>    Conclure un accord<br \/>\n<\/button><\/p>\n<div class=\"flex flex-col items-center w-full md:hidden font-sans leading-4 text-black\">\n<div class=\"flex flex-wrap items-center justify-center gap-x-1 md:justify-start\">\n        <span class=\"font-bold\"><\/p>\n<p>            599,00 $<br \/>\n                            <span class=\"font-medium\">\u00e0 Sonos<\/span><br \/>\n                    <\/span>\n            <\/div>\n<div class=\"flex items-center justify-center gap-x-1 font-bold md:justify-start\">\n            <span class=\"text-sm line-through\">719,00 $<\/span><br \/>\n            <span class=\"text-sm text-brand-green\">\u00c9conomisez 120,00 $<\/span>\n        <\/div>\n<\/p><\/div>\n<div class=\"flex w-full gap-x-5\">\n<div class=\"flex w-full flex-col flex-nowrap justify-center gap-2 text-black no-underline md:order-2 md:gap-y-6\">\n<div class=\"flex flex-col justify-between gap-y-2 md:w-full md:gap-y-1\">\n<div class=\"block font-sans text-xs font-semibold capitalize leading-3 text-gray-900 md:leading-4\">Audio spatial, Dolby Atmos, application Sonos, contr\u00f4le vocal, multiroom.<\/div>\n<div class=\"block w-fit cursor-pointer font-akshar text-lg font-medium leading-5 text-brand-green duration-200 ease-in-out hover:text-brand-green-700 md:text-xl md:leading-6\">\n<p>                            Poutre r\u00e9nov\u00e9e (Gen 2) Barbar de son intelligent\n                        <\/p><\/div>\n<\/p><\/div>\n<div class=\"hidden md:flex md:justify-between md:gap-x-4\">\n<div class=\"w-full mb-0 md:flex md:flex-col md:justify-center font-sans leading-4 text-black\">\n<div class=\"flex flex-wrap items-center justify-center gap-x-1 md:justify-start\">\n        <span class=\"font-bold\"><\/p>\n<p>            299,00 $<br \/>\n                            <span class=\"font-medium\">\u00e0 Sonos<\/span><br \/>\n                    <\/span>\n            <\/div>\n<div class=\"flex items-center justify-center gap-x-1 font-bold md:justify-start\">\n            <span class=\"text-sm line-through\">399,00 $<\/span><br \/>\n            <span class=\"text-sm text-brand-green\">\u00c9conomisez 100,00 $<\/span>\n        <\/div>\n<\/p><\/div>\n<p>                            <button class=\"flex justify-center items-center w-full bg-brand-green text-white text-base font-sans font-medium rounded-md hover:bg-brand-green-700 hover:cursor-pointer md:text-sm hidden self-end h-12 max-w-(10rem) duration-200 ease-in-out hover:bg-brand-green-700 md:flex md:h-10\"><\/p>\n<p>    Conclure un accord<br \/>\n<\/button>\n                        <\/div>\n<\/p><\/div>\n<div class=\"flex aspect-video h-(90px) shrink-0 items-center justify-center self-center md:order-1\">\n                        <img decoding=\"async\" class=\"m-0 max-h-full max-w-full rounded-md\" src=\"https:\/\/vieassociative.be\/actualites\/wp-content\/uploads\/2025\/04\/1745392638_5_Ces-barres-de-son-des-subwoofers-et-des-ecouteurs-renoves.jpg\" alt=\"Poutre r\u00e9nov\u00e9e (Gen 2) Barbar de son intelligent\" width=\"auto\" height=\"auto\" loading=\"lazy\">\n                    <\/div>\n<\/p><\/div>\n<p>                            <button class=\"flex justify-center items-center w-full bg-brand-green text-white text-base font-sans font-medium rounded-md hover:bg-brand-green-700 hover:cursor-pointer md:text-sm w-full h-12 duration-200 ease-in-out hover:bg-brand-green-700 md:hidden md:h-10\"><\/p>\n<p>    Conclure un accord<br \/>\n<\/button><\/p>\n<div class=\"flex flex-col items-center w-full md:hidden font-sans leading-4 text-black\">\n<div class=\"flex flex-wrap items-center justify-center gap-x-1 md:justify-start\">\n        <span class=\"font-bold\"><\/p>\n<p>            299,00 $<br \/>\n                            <span class=\"font-medium\">\u00e0 Sonos<\/span><br \/>\n                    <\/span>\n            <\/div>\n<div class=\"flex items-center justify-center gap-x-1 font-bold md:justify-start\">\n            <span class=\"text-sm line-through\">399,00 $<\/span><br \/>\n            <span class=\"text-sm text-brand-green\">\u00c9conomisez 100,00 $<\/span>\n        <\/div>\n<\/p><\/div>\n<div class=\"flex w-full gap-x-5\">\n<div class=\"flex w-full flex-col flex-nowrap justify-center gap-2 text-black no-underline md:order-2 md:gap-y-6\">\n<div class=\"flex flex-col justify-between gap-y-2 md:w-full md:gap-y-1\">\n<div class=\"block font-sans text-xs font-semibold capitalize leading-3 text-gray-900 md:leading-4\">Application Sonos, contr\u00f4le vocal et Apple Airplay 2.<\/div>\n<div class=\"block w-fit cursor-pointer font-akshar text-lg font-medium leading-5 text-brand-green duration-200 ease-in-out hover:text-brand-green-700 md:text-xl md:leading-6\">\n<p>                            Poutre r\u00e9nov\u00e9e (Gen 1) &#8211; Barbar de son Smart Shadow\n                        <\/p><\/div>\n<\/p><\/div>\n<div class=\"hidden md:flex md:justify-between md:gap-x-4\">\n<div class=\"w-full mb-0 md:flex md:flex-col md:justify-center font-sans leading-4 text-black\">\n<div class=\"flex flex-wrap items-center justify-center gap-x-1 md:justify-start\">\n        <span class=\"font-bold\"><\/p>\n<p>            191,00 $<br \/>\n                            <span class=\"font-medium\">\u00e0 Sonos<\/span><br \/>\n                    <\/span>\n            <\/div>\n<div class=\"flex items-center justify-center gap-x-1 font-bold md:justify-start\">\n            <span class=\"text-sm line-through\">319,00 $<\/span><br \/>\n            <span class=\"text-sm text-brand-green\">\u00c9conomisez 128,00 $<\/span>\n        <\/div>\n<\/p><\/div>\n<p>                            <button class=\"flex justify-center items-center w-full bg-brand-green text-white text-base font-sans font-medium rounded-md hover:bg-brand-green-700 hover:cursor-pointer md:text-sm hidden self-end h-12 max-w-(10rem) duration-200 ease-in-out hover:bg-brand-green-700 md:flex md:h-10\"><\/p>\n<p>    Conclure un accord<br \/>\n<\/button>\n                        <\/div>\n<\/p><\/div>\n<div class=\"flex aspect-video h-(90px) shrink-0 items-center justify-center self-center md:order-1\">\n                        <img decoding=\"async\" class=\"m-0 max-h-full max-w-full rounded-md\" src=\"https:\/\/vieassociative.be\/actualites\/wp-content\/uploads\/2025\/04\/1745392638_583_Ces-barres-de-son-des-subwoofers-et-des-ecouteurs-renoves.jpg\" alt=\"Poutre r\u00e9nov\u00e9e (Gen 1) - Barbar de son Smart Shadow\" width=\"auto\" height=\"auto\" loading=\"lazy\">\n                    <\/div>\n<\/p><\/div>\n<p>                            <button class=\"flex justify-center items-center w-full bg-brand-green text-white text-base font-sans font-medium rounded-md hover:bg-brand-green-700 hover:cursor-pointer md:text-sm w-full h-12 duration-200 ease-in-out hover:bg-brand-green-700 md:hidden md:h-10\"><\/p>\n<p>    Conclure un accord<br \/>\n<\/button><\/p>\n<div class=\"flex flex-col items-center w-full md:hidden font-sans leading-4 text-black\">\n<div class=\"flex flex-wrap items-center justify-center gap-x-1 md:justify-start\">\n        <span class=\"font-bold\"><\/p>\n<p>            191,00 $<br \/>\n                            <span class=\"font-medium\">\u00e0 Sonos<\/span><br \/>\n                    <\/span>\n            <\/div>\n<div class=\"flex items-center justify-center gap-x-1 font-bold md:justify-start\">\n            <span class=\"text-sm line-through\">319,00 $<\/span><br \/>\n            <span class=\"text-sm text-brand-green\">\u00c9conomisez 128,00 $<\/span>\n        <\/div>\n<\/p><\/div>\n<div class=\"flex w-full gap-x-5\">\n<div class=\"flex w-full flex-col flex-nowrap justify-center gap-2 text-black no-underline md:order-2 md:gap-y-6\">\n<div class=\"flex flex-col justify-between gap-y-2 md:w-full md:gap-y-1\">\n<div class=\"block font-sans text-xs font-semibold capitalize leading-3 text-gray-900 md:leading-4\">Sans fil, application Sonos.<\/div>\n<div class=\"block w-fit cursor-pointer font-akshar text-lg font-medium leading-5 text-brand-green duration-200 ease-in-out hover:text-brand-green-700 md:text-xl md:leading-6\">\n<p>                            Sous-soublage r\u00e9nov\u00e9 (Gen 3) Subwoofer sans fil premium\n                        <\/p><\/div>\n<\/p><\/div>\n<div class=\"hidden md:flex md:justify-between md:gap-x-4\">\n<div class=\"w-full mb-0 md:flex md:flex-col md:justify-center font-sans leading-4 text-black\">\n<div class=\"flex flex-wrap items-center justify-center gap-x-1 md:justify-start\">\n        <span class=\"font-bold\"><\/p>\n<p>            479,00 $<br \/>\n                            <span class=\"font-medium\">\u00e0 Sonos<\/span><br \/>\n                    <\/span>\n            <\/div>\n<div class=\"flex items-center justify-center gap-x-1 font-bold md:justify-start\">\n            <span class=\"text-sm line-through\">639,00 $<\/span><br \/>\n            <span class=\"text-sm text-brand-green\">\u00c9conomisez 160,00 $<\/span>\n        <\/div>\n<\/p><\/div>\n<p>                            <button class=\"flex justify-center items-center w-full bg-brand-green text-white text-base font-sans font-medium rounded-md hover:bg-brand-green-700 hover:cursor-pointer md:text-sm hidden self-end h-12 max-w-(10rem) duration-200 ease-in-out hover:bg-brand-green-700 md:flex md:h-10\"><\/p>\n<p>    Conclure un accord<br \/>\n<\/button>\n                        <\/div>\n<\/p><\/div>\n<div class=\"flex aspect-video h-(90px) shrink-0 items-center justify-center self-center md:order-1\">\n                        <img decoding=\"async\" class=\"m-0 max-h-full max-w-full rounded-md\" src=\"https:\/\/vieassociative.be\/actualites\/wp-content\/uploads\/2025\/04\/1745392638_177_Ces-barres-de-son-des-subwoofers-et-des-ecouteurs-renoves.jpg\" alt=\"Sous-soublage r\u00e9nov\u00e9 (Gen 3) Subwoofer sans fil premium\" width=\"auto\" height=\"auto\" loading=\"lazy\">\n                    <\/div>\n<\/p><\/div>\n<p>                            <button class=\"flex justify-center items-center w-full bg-brand-green text-white text-base font-sans font-medium rounded-md hover:bg-brand-green-700 hover:cursor-pointer md:text-sm w-full h-12 duration-200 ease-in-out hover:bg-brand-green-700 md:hidden md:h-10\"><\/p>\n<p>    Conclure un accord<br \/>\n<\/button><\/p>\n<div class=\"flex flex-col items-center w-full md:hidden font-sans leading-4 text-black\">\n<div class=\"flex flex-wrap items-center justify-center gap-x-1 md:justify-start\">\n        <span class=\"font-bold\"><\/p>\n<p>            479,00 $<br \/>\n                            <span class=\"font-medium\">\u00e0 Sonos<\/span><br \/>\n                    <\/span>\n            <\/div>\n<div class=\"flex items-center justify-center gap-x-1 font-bold md:justify-start\">\n            <span class=\"text-sm line-through\">639,00 $<\/span><br \/>\n            <span class=\"text-sm text-brand-green\">\u00c9conomisez 160,00 $<\/span>\n        <\/div>\n<\/p><\/div>\n<div class=\"flex w-full gap-x-5\">\n<div class=\"flex w-full flex-col flex-nowrap justify-center gap-2 text-black no-underline md:order-2 md:gap-y-6\">\n<div class=\"flex flex-col justify-between gap-y-2 md:w-full md:gap-y-1\">\n<div class=\"block font-sans text-xs font-semibold capitalize leading-3 text-gray-900 md:leading-4\">Application Sonos, sans fil.<\/div>\n<div class=\"block w-fit cursor-pointer font-akshar text-lg font-medium leading-5 text-brand-green duration-200 ease-in-out hover:text-brand-green-700 md:text-xl md:leading-6\">\n<p>                            Subwoofer sans fil r\u00e9nov\u00e9\n                        <\/p><\/div>\n<\/p><\/div>\n<div class=\"hidden md:flex md:justify-between md:gap-x-4\">\n<div class=\"w-full mb-0 md:flex md:flex-col md:justify-center font-sans leading-4 text-black\">\n<div class=\"flex flex-wrap items-center justify-center gap-x-1 md:justify-start\">\n        <span class=\"font-bold\"><\/p>\n<p>            259,00 $<br \/>\n                            <span class=\"font-medium\">\u00e0 Sonos<\/span><br \/>\n                    <\/span>\n            <\/div>\n<div class=\"flex items-center justify-center gap-x-1 font-bold md:justify-start\">\n            <span class=\"text-sm line-through\">349,00 $<\/span><br \/>\n            <span class=\"text-sm text-brand-green\">\u00c9conomisez 90,00 $<\/span>\n        <\/div>\n<\/p><\/div>\n<p>                            <button class=\"flex justify-center items-center w-full bg-brand-green text-white text-base font-sans font-medium rounded-md hover:bg-brand-green-700 hover:cursor-pointer md:text-sm hidden self-end h-12 max-w-(10rem) duration-200 ease-in-out hover:bg-brand-green-700 md:flex md:h-10\"><\/p>\n<p>    Conclure un accord<br \/>\n<\/button>\n                        <\/div>\n<\/p><\/div>\n<div class=\"flex aspect-video h-(90px) shrink-0 items-center justify-center self-center md:order-1\">\n                        <img decoding=\"async\" class=\"m-0 max-h-full max-w-full rounded-md\" src=\"https:\/\/vieassociative.be\/actualites\/wp-content\/uploads\/2025\/04\/1745392638_209_Ces-barres-de-son-des-subwoofers-et-des-ecouteurs-renoves.png\" alt=\"Subwoofer sans fil r\u00e9nov\u00e9\" width=\"auto\" height=\"auto\" loading=\"lazy\">\n                    <\/div>\n<\/p><\/div>\n<p>                            <button class=\"flex justify-center items-center w-full bg-brand-green text-white text-base font-sans font-medium rounded-md hover:bg-brand-green-700 hover:cursor-pointer md:text-sm w-full h-12 duration-200 ease-in-out hover:bg-brand-green-700 md:hidden md:h-10\"><\/p>\n<p>    Conclure un accord<br \/>\n<\/button><\/p>\n<div class=\"flex flex-col items-center w-full md:hidden font-sans leading-4 text-black\">\n<div class=\"flex flex-wrap items-center justify-center gap-x-1 md:justify-start\">\n        <span class=\"font-bold\"><\/p>\n<p>            259,00 $<br \/>\n                            <span class=\"font-medium\">\u00e0 Sonos<\/span><br \/>\n                    <\/span>\n            <\/div>\n<div class=\"flex items-center justify-center gap-x-1 font-bold md:justify-start\">\n            <span class=\"text-sm line-through\">349,00 $<\/span><br \/>\n            <span class=\"text-sm text-brand-green\">\u00c9conomisez 90,00 $<\/span>\n        <\/div>\n<\/p><\/div>\n<\/div>\n<h2 id=\"the-sonos-ace-headphones-are-269\">Les \u00e9couteurs Sonos Ace co\u00fbtent 269 $<\/h2>\n<p>L&rsquo;as de Sonos est la seule paire d&rsquo;\u00e9couteurs de Sonos, publi\u00e9e pour la premi\u00e8re fois l&rsquo;\u00e9t\u00e9 dernier. Vous pouvez obtenir une paire pour <strong>269 \u200b\u200b$<\/strong> (449 $ pour les nouveaux). La dur\u00e9e de vie de la batterie est impressionnante, avec environ 30 heures avec l&rsquo;annulation active du bruit (ANC) ou les param\u00e8tres de mode conscient actifs, soit environ 40 heures avec les deux. La connectivit\u00e9 multipoint Bluetooth signifie que vous pouvez connecter jusqu&rsquo;\u00e0 deux appareils \u00e0 la fois et basculer de mani\u00e8re transparente entre eux. Leur mode ANC et conscient sont de haut niveau, en concurrence avec les meilleurs \u00e9couteurs du march\u00e9. Vous pouvez en savoir plus \u00e0 leur sujet sur la critique \u00ab\u00a0Excellente\u00a0\u00bb de PCMAG.<\/p>\n<h2 id=\"soundbars-start-at-191\">Les barres de son commencent \u00e0 191 $<\/h2>\n<p>Le Sonos Beam Gen 1 existe depuis 2018, mais c&rsquo;est bien mieux que la plupart des barres de son que vous pouvez obtenir moins de 200 $ aujourd&rsquo;hui. Il prend en charge les assistants vocaux Google et Alexa, ainsi que AirPlay, selon la revue de CNET. \u00c0 <strong>191 $ <\/strong>D\u00e8s le site Web de Sonos, c&rsquo;est beaucoup pour tous ceux qui veulent essayer l&rsquo;\u00e9cosyst\u00e8me de Sonos pour pas cher.<\/p>\n<p>Le Sonos Beam Gen 2 est sorti en 2021 avec la compatibilit\u00e9 Atmos et un meilleur processeur, selon la revue de CNET. Pour <strong>299 $<\/strong> (499 $ pour un nouveau), vous obtenez un son beaucoup plus grand et plus complet sur la barre de son compacte de m\u00eame taille.<\/p>\n<p>Si vous cherchez une barre de son de premier ordre, consid\u00e9rez le Sonos Arc Ultra. Il s&rsquo;agit de la derni\u00e8re barre de son de Sonos et de l&rsquo;une des meilleures sur le march\u00e9, selon la \u00ab\u00a0revue exceptionnelle\u00a0\u00bb de PCMAG. C&rsquo;est toujours cher \u00e0 <strong>599 $<\/strong>mais c&rsquo;est 40% moins cher qu&rsquo;un nouveau (999 $). Il a un haut-parleur, le contr\u00f4le vocal de Sonos, une connexion Ethernet, un multiroom et le meilleur son que Sonos SONOS.<\/p>\n<div class=\"pogoClear relative my-10 border-b-(1.5px) border-t-(1.5px) border-dashed border-black py-5 sm:my-14 sm:border-0 sm:py-0\" data-ga-click data-ga-template=\"Deals\" data-ga-module=\"openweb_widget\" data-ga-element=\"openweb_scroll\" data-ga-item=\"openweb_scroll_midpage\" x-cloak x-data=\"{ commentsCount: null, hasComments: false }\" x-init=\"commentsCount = await window.openweb.getMessagesCount(01JSFJDYWZYEYKVXZM8RB7KZQ7);\n     hasComments = commentsCount !== null &amp;&amp; commentsCount &gt; 0\"><\/p>\n<div class=\"absolute top-1\/2 hidden w-full -translate-y-1\/2 border-t-(1.5px) border-dashed border-black sm:block\"><\/div>\n<div class=\"relative flex justify-center\">\n<div class=\"flex max-w-max items-center gap-x-3 bg-white px-5\">\n<div class=\"relative\">\n                <span class=\"absolute left-1\/2 top-1\/2 -translate-x-1\/2 -translate-y-1\/2 font-akshar text-sm font-medium text-black\" x-show=\"hasComments\" x-text=\"commentsCount\"><\/span><\/p>\n<p>                <svg class=\"h-8 w-8 text-black\">\n                    <use href=\"http:\/\/lifehacker.com\/images\/icons\/spritemap.svg#sprite-chat-bubble\"><\/use>\n                <\/svg>\n            <\/div>\n<p>            <span class=\"text-sm font-medium text-black\"><\/p>\n<p>                Que pensez-vous jusqu&rsquo;\u00e0 pr\u00e9sent?<br \/>\n                <button class=\"font-semibold text-brand-green underline hover:text-brand-green-700\" onclick=\"window.openweb.scrollToComments(01JSFJDYWZYEYKVXZM8RB7KZQ7)\" x-text=\"hasComments ? 'Post a comment.' : 'Be the first to post a comment.'\"><\/button><br \/>\n            <\/span>\n        <\/div>\n<\/p><\/div>\n<\/div>\n<h2 id=\"subwoofers-start-at-259\">Les subwoofers commencent \u00e0 259 $<\/h2>\n<p>Si vous voulez avoir cette basse grondante qui ajoute plus de profondeur \u00e0 votre syst\u00e8me de th\u00e9\u00e2tre, obtenez un subwoofer. Le SONOS SUB GEN 3 n&rsquo;est pas le plus r\u00e9cent (c&rsquo;est la g\u00e9n\u00e9ration 4), mais le 3 est beaucoup moins cher et toujours un subwoofer tr\u00e8s comp\u00e9tent. Vous pouvez l&rsquo;obtenir pour <strong>479 $<\/strong> (799 $ pour un nouveau).<\/p>\n<p>Le Sonos Sub Mini est une version plus petite et plus abordable du Sub Sonos, parfait pour un petit appartement ou une pi\u00e8ce o\u00f9 vous voulez un combo de barre de son et de subwoofer. Vous pouvez l&rsquo;obtenir pour <strong>259 $<\/strong> (428 $ pour un nouveau); En savoir plus \u00e0 ce sujet sur la revue de CNET.<\/p>\n","protected":false},"excerpt":{"rendered":"<p>Les barres de son commencent \u00e0 191 $. Dans la \u00ab\u00a0c\u00e9l\u00e9bration\u00a0\u00bb du Jour de la Terre, certains d\u00e9taillants technologiques offrent des rabais sur leur r\u00e9nov\u00e9<\/p>\n","protected":false},"author":1,"featured_media":6959,"comment_status":"","ping_status":"","sticky":false,"template":"","format":"standard","meta":{"footnotes":""},"categories":[13],"tags":[805,248,29,1537,53,81,6579,800,18,6578,1166,223],"class_list":["post-6958","post","type-post","status-publish","format-standard","has-post-thumbnail","hentry","category-technologie","tag-barres","tag-ces","tag-des","tag-ecouteurs","tag-jour","tag-pour","tag-renoves","tag-son","tag-sont","tag-subwoofers","tag-terre","tag-vente","generate-columns","tablet-grid-50","mobile-grid-100","grid-parent","grid-33"],"yoast_head":"<!-- This site is optimized with the Yoast SEO plugin v24.0 - https:\/\/yoast.com\/wordpress\/plugins\/seo\/ -->\n<title>Ces barres de son, des subwoofers et des \u00e9couteurs r\u00e9nov\u00e9s sont en vente pour le Jour de la Terre | Vie Associative<\/title>\n<meta name=\"robots\" content=\"index, follow, max-snippet:-1, max-image-preview:large, max-video-preview:-1\" \/>\n<link rel=\"canonical\" href=\"https:\/\/vieassociative.be\/actualites\/ces-barres-de-son-des-subwoofers-et-des-ecouteurs-renoves-sont-en-vente-pour-le-jour-de-la-terre\/\" \/>\n<meta property=\"og:locale\" content=\"fr_FR\" \/>\n<meta property=\"og:type\" content=\"article\" \/>\n<meta property=\"og:title\" content=\"Ces barres de son, des subwoofers et des \u00e9couteurs r\u00e9nov\u00e9s sont en vente pour le Jour de la Terre | Vie Associative\" \/>\n<meta property=\"og:description\" content=\"Les barres de son commencent \u00e0 191 $. Dans la \u00ab\u00a0c\u00e9l\u00e9bration\u00a0\u00bb du Jour de la Terre, certains d\u00e9taillants technologiques offrent des rabais sur leur r\u00e9nov\u00e9\" \/>\n<meta property=\"og:url\" content=\"https:\/\/vieassociative.be\/actualites\/ces-barres-de-son-des-subwoofers-et-des-ecouteurs-renoves-sont-en-vente-pour-le-jour-de-la-terre\/\" \/>\n<meta property=\"og:site_name\" content=\"Vie Associative\" \/>\n<meta property=\"article:published_time\" content=\"2025-04-23T07:17:18+00:00\" \/>\n<meta property=\"og:image\" content=\"https:\/\/vieassociative.be\/actualites\/wp-content\/uploads\/2025\/04\/Ces-barres-de-son-des-subwoofers-et-des-ecouteurs-renoves.png\" \/>\n<meta name=\"author\" content=\"Julien\" \/>\n<meta name=\"twitter:card\" content=\"summary_large_image\" \/>\n<meta name=\"twitter:label1\" content=\"\u00c9crit par\" \/>\n\t<meta name=\"twitter:data1\" content=\"Julien\" \/>\n\t<meta name=\"twitter:label2\" content=\"Dur\u00e9e de lecture est.\" \/>\n\t<meta name=\"twitter:data2\" content=\"3 minutes\" \/>\n<script type=\"application\/ld+json\" class=\"yoast-schema-graph\">{\"@context\":\"https:\/\/schema.org\",\"@graph\":[{\"@type\":\"Article\",\"@id\":\"https:\/\/vieassociative.be\/actualites\/ces-barres-de-son-des-subwoofers-et-des-ecouteurs-renoves-sont-en-vente-pour-le-jour-de-la-terre\/#article\",\"isPartOf\":{\"@id\":\"https:\/\/vieassociative.be\/actualites\/ces-barres-de-son-des-subwoofers-et-des-ecouteurs-renoves-sont-en-vente-pour-le-jour-de-la-terre\/\"},\"author\":{\"name\":\"Julien\",\"@id\":\"https:\/\/vieassociative.be\/actualites\/#\/schema\/person\/b87ac4f82f9d4e7b7cec7395b679edc4\"},\"headline\":\"Ces barres de son, des subwoofers et des \u00e9couteurs r\u00e9nov\u00e9s sont en vente pour le Jour de la Terre\",\"datePublished\":\"2025-04-23T07:17:18+00:00\",\"dateModified\":\"2025-04-23T07:17:18+00:00\",\"mainEntityOfPage\":{\"@id\":\"https:\/\/vieassociative.be\/actualites\/ces-barres-de-son-des-subwoofers-et-des-ecouteurs-renoves-sont-en-vente-pour-le-jour-de-la-terre\/\"},\"wordCount\":692,\"publisher\":{\"@id\":\"https:\/\/vieassociative.be\/actualites\/#organization\"},\"image\":{\"@id\":\"https:\/\/vieassociative.be\/actualites\/ces-barres-de-son-des-subwoofers-et-des-ecouteurs-renoves-sont-en-vente-pour-le-jour-de-la-terre\/#primaryimage\"},\"thumbnailUrl\":\"https:\/\/vieassociative.be\/actualites\/wp-content\/uploads\/2025\/04\/1745392639_Ces-barres-de-son-des-subwoofers-et-des-ecouteurs-renoves.png\",\"keywords\":[\"barres\",\"ces\",\"Des\",\"\u00e9couteurs\",\"jour\",\"pour\",\"r\u00e9nov\u00e9s\",\"son\",\"sont\",\"subwoofers\",\"terre\",\"vente\"],\"articleSection\":[\"Technologie\"],\"inLanguage\":\"fr-BE\"},{\"@type\":\"WebPage\",\"@id\":\"https:\/\/vieassociative.be\/actualites\/ces-barres-de-son-des-subwoofers-et-des-ecouteurs-renoves-sont-en-vente-pour-le-jour-de-la-terre\/\",\"url\":\"https:\/\/vieassociative.be\/actualites\/ces-barres-de-son-des-subwoofers-et-des-ecouteurs-renoves-sont-en-vente-pour-le-jour-de-la-terre\/\",\"name\":\"Ces barres de son, des subwoofers et des \u00e9couteurs r\u00e9nov\u00e9s sont en vente pour le Jour de la Terre | Vie Associative\",\"isPartOf\":{\"@id\":\"https:\/\/vieassociative.be\/actualites\/#website\"},\"primaryImageOfPage\":{\"@id\":\"https:\/\/vieassociative.be\/actualites\/ces-barres-de-son-des-subwoofers-et-des-ecouteurs-renoves-sont-en-vente-pour-le-jour-de-la-terre\/#primaryimage\"},\"image\":{\"@id\":\"https:\/\/vieassociative.be\/actualites\/ces-barres-de-son-des-subwoofers-et-des-ecouteurs-renoves-sont-en-vente-pour-le-jour-de-la-terre\/#primaryimage\"},\"thumbnailUrl\":\"https:\/\/vieassociative.be\/actualites\/wp-content\/uploads\/2025\/04\/1745392639_Ces-barres-de-son-des-subwoofers-et-des-ecouteurs-renoves.png\",\"datePublished\":\"2025-04-23T07:17:18+00:00\",\"dateModified\":\"2025-04-23T07:17:18+00:00\",\"breadcrumb\":{\"@id\":\"https:\/\/vieassociative.be\/actualites\/ces-barres-de-son-des-subwoofers-et-des-ecouteurs-renoves-sont-en-vente-pour-le-jour-de-la-terre\/#breadcrumb\"},\"inLanguage\":\"fr-BE\",\"potentialAction\":[{\"@type\":\"ReadAction\",\"target\":[\"https:\/\/vieassociative.be\/actualites\/ces-barres-de-son-des-subwoofers-et-des-ecouteurs-renoves-sont-en-vente-pour-le-jour-de-la-terre\/\"]}]},{\"@type\":\"ImageObject\",\"inLanguage\":\"fr-BE\",\"@id\":\"https:\/\/vieassociative.be\/actualites\/ces-barres-de-son-des-subwoofers-et-des-ecouteurs-renoves-sont-en-vente-pour-le-jour-de-la-terre\/#primaryimage\",\"url\":\"https:\/\/vieassociative.be\/actualites\/wp-content\/uploads\/2025\/04\/1745392639_Ces-barres-de-son-des-subwoofers-et-des-ecouteurs-renoves.png\",\"contentUrl\":\"https:\/\/vieassociative.be\/actualites\/wp-content\/uploads\/2025\/04\/1745392639_Ces-barres-de-son-des-subwoofers-et-des-ecouteurs-renoves.png\",\"width\":1200,\"height\":675,\"caption\":\"Ces barres de son, des subwoofers et des \u00e9couteurs r\u00e9nov\u00e9s sont en vente pour le Jour de la Terre\"},{\"@type\":\"BreadcrumbList\",\"@id\":\"https:\/\/vieassociative.be\/actualites\/ces-barres-de-son-des-subwoofers-et-des-ecouteurs-renoves-sont-en-vente-pour-le-jour-de-la-terre\/#breadcrumb\",\"itemListElement\":[{\"@type\":\"ListItem\",\"position\":1,\"name\":\"Accueil\",\"item\":\"https:\/\/vieassociative.be\/actualites\/\"},{\"@type\":\"ListItem\",\"position\":2,\"name\":\"Ces barres de son, des subwoofers et des \u00e9couteurs r\u00e9nov\u00e9s sont en vente pour le Jour de la Terre\"}]},{\"@type\":\"WebSite\",\"@id\":\"https:\/\/vieassociative.be\/actualites\/#website\",\"url\":\"https:\/\/vieassociative.be\/actualites\/\",\"name\":\"Vie Associative\",\"description\":\"\",\"publisher\":{\"@id\":\"https:\/\/vieassociative.be\/actualites\/#organization\"},\"potentialAction\":[{\"@type\":\"SearchAction\",\"target\":{\"@type\":\"EntryPoint\",\"urlTemplate\":\"https:\/\/vieassociative.be\/actualites\/?s={search_term_string}\"},\"query-input\":{\"@type\":\"PropertyValueSpecification\",\"valueRequired\":true,\"valueName\":\"search_term_string\"}}],\"inLanguage\":\"fr-BE\"},{\"@type\":\"Organization\",\"@id\":\"https:\/\/vieassociative.be\/actualites\/#organization\",\"name\":\"Vie Associative\",\"url\":\"https:\/\/vieassociative.be\/actualites\/\",\"logo\":{\"@type\":\"ImageObject\",\"inLanguage\":\"fr-BE\",\"@id\":\"https:\/\/vieassociative.be\/actualites\/#\/schema\/logo\/image\/\",\"url\":\"https:\/\/vieassociative.be\/actualites\/wp-content\/uploads\/2024\/09\/cropped-vieassociative_favicon.ico.png\",\"contentUrl\":\"https:\/\/vieassociative.be\/actualites\/wp-content\/uploads\/2024\/09\/cropped-vieassociative_favicon.ico.png\",\"width\":512,\"height\":512,\"caption\":\"Vie Associative\"},\"image\":{\"@id\":\"https:\/\/vieassociative.be\/actualites\/#\/schema\/logo\/image\/\"}},{\"@type\":\"Person\",\"@id\":\"https:\/\/vieassociative.be\/actualites\/#\/schema\/person\/b87ac4f82f9d4e7b7cec7395b679edc4\",\"name\":\"Julien\",\"image\":{\"@type\":\"ImageObject\",\"inLanguage\":\"fr-BE\",\"@id\":\"https:\/\/vieassociative.be\/actualites\/#\/schema\/person\/image\/\",\"url\":\"https:\/\/vieassociative.be\/actualites\/wp-content\/uploads\/2024\/09\/vie-associative-1-150x150.jpg\",\"contentUrl\":\"https:\/\/vieassociative.be\/actualites\/wp-content\/uploads\/2024\/09\/vie-associative-1-150x150.jpg\",\"caption\":\"Julien\"},\"description\":\"Je suis Julien, r\u00e9dacteur pour Vie Associative. Passionn\u00e9 par le monde associatif depuis plus de 10 ans, j'ai \u00e0 c\u0153ur de partager des histoires inspirantes et de mettre en lumi\u00e8re les initiatives locales. Mon objectif est de sensibiliser et d'encourager l'engagement communautaire \u00e0 travers mes articles.\",\"sameAs\":[\"https:\/\/vieassociative.be\/\"]}]}<\/script>\n<!-- \/ Yoast SEO plugin. -->","yoast_head_json":{"title":"Ces barres de son, des subwoofers et des \u00e9couteurs r\u00e9nov\u00e9s sont en vente pour le Jour de la Terre | Vie Associative","robots":{"index":"index","follow":"follow","max-snippet":"max-snippet:-1","max-image-preview":"max-image-preview:large","max-video-preview":"max-video-preview:-1"},"canonical":"https:\/\/vieassociative.be\/actualites\/ces-barres-de-son-des-subwoofers-et-des-ecouteurs-renoves-sont-en-vente-pour-le-jour-de-la-terre\/","og_locale":"fr_FR","og_type":"article","og_title":"Ces barres de son, des subwoofers et des \u00e9couteurs r\u00e9nov\u00e9s sont en vente pour le Jour de la Terre | Vie Associative","og_description":"Les barres de son commencent \u00e0 191 $. Dans la \u00ab\u00a0c\u00e9l\u00e9bration\u00a0\u00bb du Jour de la Terre, certains d\u00e9taillants technologiques offrent des rabais sur leur r\u00e9nov\u00e9","og_url":"https:\/\/vieassociative.be\/actualites\/ces-barres-de-son-des-subwoofers-et-des-ecouteurs-renoves-sont-en-vente-pour-le-jour-de-la-terre\/","og_site_name":"Vie Associative","article_published_time":"2025-04-23T07:17:18+00:00","og_image":[{"url":"https:\/\/vieassociative.be\/actualites\/wp-content\/uploads\/2025\/04\/Ces-barres-de-son-des-subwoofers-et-des-ecouteurs-renoves.png","type":"","width":"","height":""}],"author":"Julien","twitter_card":"summary_large_image","twitter_misc":{"\u00c9crit par":"Julien","Dur\u00e9e de lecture est.":"3 minutes"},"schema":{"@context":"https:\/\/schema.org","@graph":[{"@type":"Article","@id":"https:\/\/vieassociative.be\/actualites\/ces-barres-de-son-des-subwoofers-et-des-ecouteurs-renoves-sont-en-vente-pour-le-jour-de-la-terre\/#article","isPartOf":{"@id":"https:\/\/vieassociative.be\/actualites\/ces-barres-de-son-des-subwoofers-et-des-ecouteurs-renoves-sont-en-vente-pour-le-jour-de-la-terre\/"},"author":{"name":"Julien","@id":"https:\/\/vieassociative.be\/actualites\/#\/schema\/person\/b87ac4f82f9d4e7b7cec7395b679edc4"},"headline":"Ces barres de son, des subwoofers et des \u00e9couteurs r\u00e9nov\u00e9s sont en vente pour le Jour de la Terre","datePublished":"2025-04-23T07:17:18+00:00","dateModified":"2025-04-23T07:17:18+00:00","mainEntityOfPage":{"@id":"https:\/\/vieassociative.be\/actualites\/ces-barres-de-son-des-subwoofers-et-des-ecouteurs-renoves-sont-en-vente-pour-le-jour-de-la-terre\/"},"wordCount":692,"publisher":{"@id":"https:\/\/vieassociative.be\/actualites\/#organization"},"image":{"@id":"https:\/\/vieassociative.be\/actualites\/ces-barres-de-son-des-subwoofers-et-des-ecouteurs-renoves-sont-en-vente-pour-le-jour-de-la-terre\/#primaryimage"},"thumbnailUrl":"https:\/\/vieassociative.be\/actualites\/wp-content\/uploads\/2025\/04\/1745392639_Ces-barres-de-son-des-subwoofers-et-des-ecouteurs-renoves.png","keywords":["barres","ces","Des","\u00e9couteurs","jour","pour","r\u00e9nov\u00e9s","son","sont","subwoofers","terre","vente"],"articleSection":["Technologie"],"inLanguage":"fr-BE"},{"@type":"WebPage","@id":"https:\/\/vieassociative.be\/actualites\/ces-barres-de-son-des-subwoofers-et-des-ecouteurs-renoves-sont-en-vente-pour-le-jour-de-la-terre\/","url":"https:\/\/vieassociative.be\/actualites\/ces-barres-de-son-des-subwoofers-et-des-ecouteurs-renoves-sont-en-vente-pour-le-jour-de-la-terre\/","name":"Ces barres de son, des subwoofers et des \u00e9couteurs r\u00e9nov\u00e9s sont en vente pour le Jour de la Terre | Vie Associative","isPartOf":{"@id":"https:\/\/vieassociative.be\/actualites\/#website"},"primaryImageOfPage":{"@id":"https:\/\/vieassociative.be\/actualites\/ces-barres-de-son-des-subwoofers-et-des-ecouteurs-renoves-sont-en-vente-pour-le-jour-de-la-terre\/#primaryimage"},"image":{"@id":"https:\/\/vieassociative.be\/actualites\/ces-barres-de-son-des-subwoofers-et-des-ecouteurs-renoves-sont-en-vente-pour-le-jour-de-la-terre\/#primaryimage"},"thumbnailUrl":"https:\/\/vieassociative.be\/actualites\/wp-content\/uploads\/2025\/04\/1745392639_Ces-barres-de-son-des-subwoofers-et-des-ecouteurs-renoves.png","datePublished":"2025-04-23T07:17:18+00:00","dateModified":"2025-04-23T07:17:18+00:00","breadcrumb":{"@id":"https:\/\/vieassociative.be\/actualites\/ces-barres-de-son-des-subwoofers-et-des-ecouteurs-renoves-sont-en-vente-pour-le-jour-de-la-terre\/#breadcrumb"},"inLanguage":"fr-BE","potentialAction":[{"@type":"ReadAction","target":["https:\/\/vieassociative.be\/actualites\/ces-barres-de-son-des-subwoofers-et-des-ecouteurs-renoves-sont-en-vente-pour-le-jour-de-la-terre\/"]}]},{"@type":"ImageObject","inLanguage":"fr-BE","@id":"https:\/\/vieassociative.be\/actualites\/ces-barres-de-son-des-subwoofers-et-des-ecouteurs-renoves-sont-en-vente-pour-le-jour-de-la-terre\/#primaryimage","url":"https:\/\/vieassociative.be\/actualites\/wp-content\/uploads\/2025\/04\/1745392639_Ces-barres-de-son-des-subwoofers-et-des-ecouteurs-renoves.png","contentUrl":"https:\/\/vieassociative.be\/actualites\/wp-content\/uploads\/2025\/04\/1745392639_Ces-barres-de-son-des-subwoofers-et-des-ecouteurs-renoves.png","width":1200,"height":675,"caption":"Ces barres de son, des subwoofers et des \u00e9couteurs r\u00e9nov\u00e9s sont en vente pour le Jour de la Terre"},{"@type":"BreadcrumbList","@id":"https:\/\/vieassociative.be\/actualites\/ces-barres-de-son-des-subwoofers-et-des-ecouteurs-renoves-sont-en-vente-pour-le-jour-de-la-terre\/#breadcrumb","itemListElement":[{"@type":"ListItem","position":1,"name":"Accueil","item":"https:\/\/vieassociative.be\/actualites\/"},{"@type":"ListItem","position":2,"name":"Ces barres de son, des subwoofers et des \u00e9couteurs r\u00e9nov\u00e9s sont en vente pour le Jour de la Terre"}]},{"@type":"WebSite","@id":"https:\/\/vieassociative.be\/actualites\/#website","url":"https:\/\/vieassociative.be\/actualites\/","name":"Vie Associative","description":"","publisher":{"@id":"https:\/\/vieassociative.be\/actualites\/#organization"},"potentialAction":[{"@type":"SearchAction","target":{"@type":"EntryPoint","urlTemplate":"https:\/\/vieassociative.be\/actualites\/?s={search_term_string}"},"query-input":{"@type":"PropertyValueSpecification","valueRequired":true,"valueName":"search_term_string"}}],"inLanguage":"fr-BE"},{"@type":"Organization","@id":"https:\/\/vieassociative.be\/actualites\/#organization","name":"Vie Associative","url":"https:\/\/vieassociative.be\/actualites\/","logo":{"@type":"ImageObject","inLanguage":"fr-BE","@id":"https:\/\/vieassociative.be\/actualites\/#\/schema\/logo\/image\/","url":"https:\/\/vieassociative.be\/actualites\/wp-content\/uploads\/2024\/09\/cropped-vieassociative_favicon.ico.png","contentUrl":"https:\/\/vieassociative.be\/actualites\/wp-content\/uploads\/2024\/09\/cropped-vieassociative_favicon.ico.png","width":512,"height":512,"caption":"Vie Associative"},"image":{"@id":"https:\/\/vieassociative.be\/actualites\/#\/schema\/logo\/image\/"}},{"@type":"Person","@id":"https:\/\/vieassociative.be\/actualites\/#\/schema\/person\/b87ac4f82f9d4e7b7cec7395b679edc4","name":"Julien","image":{"@type":"ImageObject","inLanguage":"fr-BE","@id":"https:\/\/vieassociative.be\/actualites\/#\/schema\/person\/image\/","url":"https:\/\/vieassociative.be\/actualites\/wp-content\/uploads\/2024\/09\/vie-associative-1-150x150.jpg","contentUrl":"https:\/\/vieassociative.be\/actualites\/wp-content\/uploads\/2024\/09\/vie-associative-1-150x150.jpg","caption":"Julien"},"description":"Je suis Julien, r\u00e9dacteur pour Vie Associative. Passionn\u00e9 par le monde associatif depuis plus de 10 ans, j'ai \u00e0 c\u0153ur de partager des histoires inspirantes et de mettre en lumi\u00e8re les initiatives locales. Mon objectif est de sensibiliser et d'encourager l'engagement communautaire \u00e0 travers mes articles.","sameAs":["https:\/\/vieassociative.be\/"]}]}},"_links":{"self":[{"href":"https:\/\/vieassociative.be\/actualites\/wp-json\/wp\/v2\/posts\/6958"}],"collection":[{"href":"https:\/\/vieassociative.be\/actualites\/wp-json\/wp\/v2\/posts"}],"about":[{"href":"https:\/\/vieassociative.be\/actualites\/wp-json\/wp\/v2\/types\/post"}],"author":[{"embeddable":true,"href":"https:\/\/vieassociative.be\/actualites\/wp-json\/wp\/v2\/users\/1"}],"replies":[{"embeddable":true,"href":"https:\/\/vieassociative.be\/actualites\/wp-json\/wp\/v2\/comments?post=6958"}],"version-history":[{"count":0,"href":"https:\/\/vieassociative.be\/actualites\/wp-json\/wp\/v2\/posts\/6958\/revisions"}],"wp:featuredmedia":[{"embeddable":true,"href":"https:\/\/vieassociative.be\/actualites\/wp-json\/wp\/v2\/media\/6959"}],"wp:attachment":[{"href":"https:\/\/vieassociative.be\/actualites\/wp-json\/wp\/v2\/media?parent=6958"}],"wp:term":[{"taxonomy":"category","embeddable":true,"href":"https:\/\/vieassociative.be\/actualites\/wp-json\/wp\/v2\/categories?post=6958"},{"taxonomy":"post_tag","embeddable":true,"href":"https:\/\/vieassociative.be\/actualites\/wp-json\/wp\/v2\/tags?post=6958"}],"curies":[{"name":"wp","href":"https:\/\/api.w.org\/{rel}","templated":true}]}}