{"id":6953,"date":"2025-04-23T04:17:05","date_gmt":"2025-04-23T02:17:05","guid":{"rendered":"https:\/\/vieassociative.be\/actualites\/des-doutes-sur-la-politique-economique-de-trump-stimulent-le-prix-de-lor-pour-un-nouveau-record-de-3-500\/"},"modified":"2025-04-23T04:17:05","modified_gmt":"2025-04-23T02:17:05","slug":"des-doutes-sur-la-politique-economique-de-trump-stimulent-le-prix-de-lor-pour-un-nouveau-record-de-3-500","status":"publish","type":"post","link":"https:\/\/vieassociative.be\/actualites\/des-doutes-sur-la-politique-economique-de-trump-stimulent-le-prix-de-lor-pour-un-nouveau-record-de-3-500\/","title":{"rendered":"Des doutes sur la politique \u00e9conomique de Trump stimulent le prix de l&rsquo;or pour un nouveau record de 3 500 $"},"content":{"rendered":"<p><strong>Les r\u00e9centes attaques du pr\u00e9sident am\u00e9ricain contre son patron de la banque centrale s&rsquo;occupent des investisseurs. Beaucoup per\u00e7oivent l&rsquo;or comme un refuge s\u00fbr. Cela devient de plus en plus clair dans le prix du m\u00e9tal pr\u00e9cieux. Le prix de l&rsquo;or sur les march\u00e9s financiers internationaux est pass\u00e9 \u00e0 un record en raison de la politique \u00e9conomique irr\u00e9guli\u00e8re erratique du pr\u00e9sident am\u00e9ricain Donald Trump.<\/strong><\/p>\n<p><span id=\"more-413959\"><\/span>Mardi matin, une once Troy (environ 31,1 grammes) a co\u00fbt\u00e9 3 500 dollars am\u00e9ricains pour la premi\u00e8re fois de l&rsquo;histoire. Cela repr\u00e9sente une augmentation de plus de 2% par rapport \u00e0 la soir\u00e9e pr\u00e9c\u00e9dente. Le prix de l&rsquo;or avait augment\u00e9 de pr\u00e8s de 3% lundi.<\/p>\n<p>L&rsquo;une des raisons des derniers b\u00e9n\u00e9fices est une nouvelle attaque du pr\u00e9sident am\u00e9ricain Donald Trump contre le chef f\u00e9d\u00e9ral des \u00c9tats-Unis, Jerome Powell. Trump a de nouveau appel\u00e9 \u00e0 une r\u00e9duction des taux d&rsquo;int\u00e9r\u00eat de la Fed et a d\u00e9crit Powell comme \u00ab\u00a0M. Too Late\u00a0\u00bb et un \u00ab\u00a0Big Loose\u00a0\u00bb.<\/p>\n<div id=\"attachment_413963\" class=\"wp-caption alignleft\" style=\"max-width: 300px\"><img decoding=\"async\" class=\"wp-image-413963 size-medium\" src=\"https:\/\/vieassociative.be\/actualites\/wp-content\/uploads\/2025\/04\/Des-doutes-sur-la-politique-economique-de-Trump-stimulent-le.png\" alt=\"\" width=\"300\" height=\"160\"  ><\/p>\n<p class=\"wp-caption-text\">Source: Goldpreis.de<\/p>\n<\/div>\n<p>Powell ne veut pas r\u00e9duire les risques d&rsquo;int\u00e9r\u00eat apr\u00e8s le circuit de douane de Trump pour le moment. Dans le m\u00eame temps, les \u00e9conomistes avertissent qu&rsquo;une cons\u00e9quence du conflit commercial international cr\u00e9\u00e9 par Trump peut \u00eatre une croissance \u00e9conomique plus lente ou m\u00eame une r\u00e9cession aux \u00c9tats-Unis.<\/p>\n<p>Dans l&rsquo;intervalle, les taux d&rsquo;int\u00e9r\u00eat plus bas pourraient acc\u00e9l\u00e9rer l&rsquo;inflation. Trump a affirm\u00e9 qu&rsquo;il n&rsquo;y avait actuellement aucune inflation et que l&rsquo;absence de r\u00e9duction des taux d&rsquo;int\u00e9r\u00eat pourrait freiner. Cependant, les prix \u00e0 la consommation am\u00e9ricains en mars ont augment\u00e9 de 2,4% en mars.<\/p>\n<p>Les experts craignent \u00e9galement une inflation si les entreprises devaient transmettre les co\u00fbts plus \u00e9lev\u00e9s gr\u00e2ce aux tarifs de Trump aux consommateurs. Avec \u00abM. trop tard\u00bb, Trump a quant \u00e0 lui fait allusion \u00e0 la critique que Powell attendait depuis trop longtemps avec une augmentation des int\u00e9r\u00eats de l&rsquo;augmentation des prix de Corona Pandemic.<\/p>\n<p>Le prix de l&rsquo;or avait augment\u00e9 en avril en raison de la politique de douane am\u00e9ricaine agressive et de la peur d&rsquo;une r\u00e9cession mondiale. Il a augment\u00e9 de pr\u00e8s de douze pour cent depuis fin mars. Au cours de l&rsquo;ann\u00e9e pr\u00e9c\u00e9dente, le cours a attir\u00e9 environ un tiers apr\u00e8s que l&rsquo;or avait augment\u00e9 de 27% en 2024 (DPA)<\/p>\n","protected":false},"excerpt":{"rendered":"<p>Les r\u00e9centes attaques du pr\u00e9sident am\u00e9ricain contre son patron de la banque centrale s&rsquo;occupent des investisseurs. Beaucoup per\u00e7oivent l&rsquo;or comme un refuge s\u00fbr. Cela devient<\/p>\n","protected":false},"author":1,"featured_media":6954,"comment_status":"","ping_status":"","sticky":false,"template":"","format":"standard","meta":{"footnotes":""},"categories":[298],"tags":[29,4907,2708,2566,553,1513,81,1399,2568,6572,33,2425],"class_list":["post-6953","post","type-post","status-publish","format-standard","has-post-thumbnail","hentry","category-belgique","tag-des","tag-doutes","tag-economique","tag-lor","tag-nouveau","tag-politique","tag-pour","tag-prix","tag-record","tag-stimulent","tag-sur","tag-trump","generate-columns","tablet-grid-50","mobile-grid-100","grid-parent","grid-33"],"yoast_head":"<!-- This site is optimized with the Yoast SEO plugin v24.0 - https:\/\/yoast.com\/wordpress\/plugins\/seo\/ -->\n<title>Des doutes sur la politique \u00e9conomique de Trump stimulent le prix de l&#039;or pour un nouveau record de 3 500 $ | Vie Associative<\/title>\n<meta name=\"robots\" content=\"index, follow, max-snippet:-1, max-image-preview:large, max-video-preview:-1\" \/>\n<link rel=\"canonical\" href=\"https:\/\/vieassociative.be\/actualites\/des-doutes-sur-la-politique-economique-de-trump-stimulent-le-prix-de-lor-pour-un-nouveau-record-de-3-500\/\" \/>\n<meta property=\"og:locale\" content=\"fr_FR\" \/>\n<meta property=\"og:type\" content=\"article\" \/>\n<meta property=\"og:title\" content=\"Des doutes sur la politique \u00e9conomique de Trump stimulent le prix de l&#039;or pour un nouveau record de 3 500 $ | Vie Associative\" \/>\n<meta property=\"og:description\" content=\"Les r\u00e9centes attaques du pr\u00e9sident am\u00e9ricain contre son patron de la banque centrale s&rsquo;occupent des investisseurs. Beaucoup per\u00e7oivent l&rsquo;or comme un refuge s\u00fbr. Cela devient\" \/>\n<meta property=\"og:url\" content=\"https:\/\/vieassociative.be\/actualites\/des-doutes-sur-la-politique-economique-de-trump-stimulent-le-prix-de-lor-pour-un-nouveau-record-de-3-500\/\" \/>\n<meta property=\"og:site_name\" content=\"Vie Associative\" \/>\n<meta property=\"article:published_time\" content=\"2025-04-23T02:17:05+00:00\" \/>\n<meta property=\"og:image\" content=\"https:\/\/vieassociative.be\/actualites\/wp-content\/uploads\/2024\/09\/header_backgroundk-01-e1726694325946.png\" \/>\n\t<meta property=\"og:image:width\" content=\"279\" \/>\n\t<meta property=\"og:image:height\" content=\"92\" \/>\n\t<meta property=\"og:image:type\" content=\"image\/png\" \/>\n<meta name=\"author\" content=\"Julien\" \/>\n<meta name=\"twitter:card\" content=\"summary_large_image\" \/>\n<meta name=\"twitter:label1\" content=\"\u00c9crit par\" \/>\n\t<meta name=\"twitter:data1\" content=\"Julien\" \/>\n\t<meta name=\"twitter:label2\" content=\"Dur\u00e9e de lecture est.\" \/>\n\t<meta name=\"twitter:data2\" content=\"2 minutes\" \/>\n<script type=\"application\/ld+json\" class=\"yoast-schema-graph\">{\"@context\":\"https:\/\/schema.org\",\"@graph\":[{\"@type\":\"Article\",\"@id\":\"https:\/\/vieassociative.be\/actualites\/des-doutes-sur-la-politique-economique-de-trump-stimulent-le-prix-de-lor-pour-un-nouveau-record-de-3-500\/#article\",\"isPartOf\":{\"@id\":\"https:\/\/vieassociative.be\/actualites\/des-doutes-sur-la-politique-economique-de-trump-stimulent-le-prix-de-lor-pour-un-nouveau-record-de-3-500\/\"},\"author\":{\"name\":\"Julien\",\"@id\":\"https:\/\/vieassociative.be\/actualites\/#\/schema\/person\/b87ac4f82f9d4e7b7cec7395b679edc4\"},\"headline\":\"Des doutes sur la politique \u00e9conomique de Trump stimulent le prix de l&rsquo;or pour un nouveau record de 3 500 $\",\"datePublished\":\"2025-04-23T02:17:05+00:00\",\"dateModified\":\"2025-04-23T02:17:05+00:00\",\"mainEntityOfPage\":{\"@id\":\"https:\/\/vieassociative.be\/actualites\/des-doutes-sur-la-politique-economique-de-trump-stimulent-le-prix-de-lor-pour-un-nouveau-record-de-3-500\/\"},\"wordCount\":447,\"publisher\":{\"@id\":\"https:\/\/vieassociative.be\/actualites\/#organization\"},\"image\":{\"@id\":\"https:\/\/vieassociative.be\/actualites\/des-doutes-sur-la-politique-economique-de-trump-stimulent-le-prix-de-lor-pour-un-nouveau-record-de-3-500\/#primaryimage\"},\"thumbnailUrl\":\"https:\/\/vieassociative.be\/actualites\/wp-content\/uploads\/2025\/04\/Des-doutes-sur-la-politique-economique-de-Trump-stimulent-le.jpg\",\"keywords\":[\"Des\",\"doutes\",\"\u00e9conomique\",\"lor\",\"nouveau\",\"politique\",\"pour\",\"prix\",\"record\",\"stimulent\",\"sur\",\"Trump\"],\"articleSection\":[\"Belgique\"],\"inLanguage\":\"fr-BE\"},{\"@type\":\"WebPage\",\"@id\":\"https:\/\/vieassociative.be\/actualites\/des-doutes-sur-la-politique-economique-de-trump-stimulent-le-prix-de-lor-pour-un-nouveau-record-de-3-500\/\",\"url\":\"https:\/\/vieassociative.be\/actualites\/des-doutes-sur-la-politique-economique-de-trump-stimulent-le-prix-de-lor-pour-un-nouveau-record-de-3-500\/\",\"name\":\"Des doutes sur la politique \u00e9conomique de Trump stimulent le prix de l'or pour un nouveau record de 3 500 $ | Vie Associative\",\"isPartOf\":{\"@id\":\"https:\/\/vieassociative.be\/actualites\/#website\"},\"primaryImageOfPage\":{\"@id\":\"https:\/\/vieassociative.be\/actualites\/des-doutes-sur-la-politique-economique-de-trump-stimulent-le-prix-de-lor-pour-un-nouveau-record-de-3-500\/#primaryimage\"},\"image\":{\"@id\":\"https:\/\/vieassociative.be\/actualites\/des-doutes-sur-la-politique-economique-de-trump-stimulent-le-prix-de-lor-pour-un-nouveau-record-de-3-500\/#primaryimage\"},\"thumbnailUrl\":\"https:\/\/vieassociative.be\/actualites\/wp-content\/uploads\/2025\/04\/Des-doutes-sur-la-politique-economique-de-Trump-stimulent-le.jpg\",\"datePublished\":\"2025-04-23T02:17:05+00:00\",\"dateModified\":\"2025-04-23T02:17:05+00:00\",\"breadcrumb\":{\"@id\":\"https:\/\/vieassociative.be\/actualites\/des-doutes-sur-la-politique-economique-de-trump-stimulent-le-prix-de-lor-pour-un-nouveau-record-de-3-500\/#breadcrumb\"},\"inLanguage\":\"fr-BE\",\"potentialAction\":[{\"@type\":\"ReadAction\",\"target\":[\"https:\/\/vieassociative.be\/actualites\/des-doutes-sur-la-politique-economique-de-trump-stimulent-le-prix-de-lor-pour-un-nouveau-record-de-3-500\/\"]}]},{\"@type\":\"ImageObject\",\"inLanguage\":\"fr-BE\",\"@id\":\"https:\/\/vieassociative.be\/actualites\/des-doutes-sur-la-politique-economique-de-trump-stimulent-le-prix-de-lor-pour-un-nouveau-record-de-3-500\/#primaryimage\",\"url\":\"https:\/\/vieassociative.be\/actualites\/wp-content\/uploads\/2025\/04\/Des-doutes-sur-la-politique-economique-de-Trump-stimulent-le.jpg\",\"contentUrl\":\"https:\/\/vieassociative.be\/actualites\/wp-content\/uploads\/2025\/04\/Des-doutes-sur-la-politique-economique-de-Trump-stimulent-le.jpg\",\"width\":1200,\"height\":798,\"caption\":\"Des doutes sur la politique \u00e9conomique de Trump stimulent le prix de l'or pour un nouveau record de 3 500 $\"},{\"@type\":\"BreadcrumbList\",\"@id\":\"https:\/\/vieassociative.be\/actualites\/des-doutes-sur-la-politique-economique-de-trump-stimulent-le-prix-de-lor-pour-un-nouveau-record-de-3-500\/#breadcrumb\",\"itemListElement\":[{\"@type\":\"ListItem\",\"position\":1,\"name\":\"Accueil\",\"item\":\"https:\/\/vieassociative.be\/actualites\/\"},{\"@type\":\"ListItem\",\"position\":2,\"name\":\"Des doutes sur la politique \u00e9conomique de Trump stimulent le prix de l&rsquo;or pour un nouveau record de 3 500 $\"}]},{\"@type\":\"WebSite\",\"@id\":\"https:\/\/vieassociative.be\/actualites\/#website\",\"url\":\"https:\/\/vieassociative.be\/actualites\/\",\"name\":\"Vie Associative\",\"description\":\"\",\"publisher\":{\"@id\":\"https:\/\/vieassociative.be\/actualites\/#organization\"},\"potentialAction\":[{\"@type\":\"SearchAction\",\"target\":{\"@type\":\"EntryPoint\",\"urlTemplate\":\"https:\/\/vieassociative.be\/actualites\/?s={search_term_string}\"},\"query-input\":{\"@type\":\"PropertyValueSpecification\",\"valueRequired\":true,\"valueName\":\"search_term_string\"}}],\"inLanguage\":\"fr-BE\"},{\"@type\":\"Organization\",\"@id\":\"https:\/\/vieassociative.be\/actualites\/#organization\",\"name\":\"Vie Associative\",\"url\":\"https:\/\/vieassociative.be\/actualites\/\",\"logo\":{\"@type\":\"ImageObject\",\"inLanguage\":\"fr-BE\",\"@id\":\"https:\/\/vieassociative.be\/actualites\/#\/schema\/logo\/image\/\",\"url\":\"https:\/\/vieassociative.be\/actualites\/wp-content\/uploads\/2024\/09\/cropped-vieassociative_favicon.ico.png\",\"contentUrl\":\"https:\/\/vieassociative.be\/actualites\/wp-content\/uploads\/2024\/09\/cropped-vieassociative_favicon.ico.png\",\"width\":512,\"height\":512,\"caption\":\"Vie Associative\"},\"image\":{\"@id\":\"https:\/\/vieassociative.be\/actualites\/#\/schema\/logo\/image\/\"}},{\"@type\":\"Person\",\"@id\":\"https:\/\/vieassociative.be\/actualites\/#\/schema\/person\/b87ac4f82f9d4e7b7cec7395b679edc4\",\"name\":\"Julien\",\"image\":{\"@type\":\"ImageObject\",\"inLanguage\":\"fr-BE\",\"@id\":\"https:\/\/vieassociative.be\/actualites\/#\/schema\/person\/image\/\",\"url\":\"https:\/\/vieassociative.be\/actualites\/wp-content\/uploads\/2024\/09\/vie-associative-1-150x150.jpg\",\"contentUrl\":\"https:\/\/vieassociative.be\/actualites\/wp-content\/uploads\/2024\/09\/vie-associative-1-150x150.jpg\",\"caption\":\"Julien\"},\"description\":\"Je suis Julien, r\u00e9dacteur pour Vie Associative. Passionn\u00e9 par le monde associatif depuis plus de 10 ans, j'ai \u00e0 c\u0153ur de partager des histoires inspirantes et de mettre en lumi\u00e8re les initiatives locales. Mon objectif est de sensibiliser et d'encourager l'engagement communautaire \u00e0 travers mes articles.\",\"sameAs\":[\"https:\/\/vieassociative.be\/\"]}]}<\/script>\n<!-- \/ Yoast SEO plugin. -->","yoast_head_json":{"title":"Des doutes sur la politique \u00e9conomique de Trump stimulent le prix de l'or pour un nouveau record de 3 500 $ | Vie Associative","robots":{"index":"index","follow":"follow","max-snippet":"max-snippet:-1","max-image-preview":"max-image-preview:large","max-video-preview":"max-video-preview:-1"},"canonical":"https:\/\/vieassociative.be\/actualites\/des-doutes-sur-la-politique-economique-de-trump-stimulent-le-prix-de-lor-pour-un-nouveau-record-de-3-500\/","og_locale":"fr_FR","og_type":"article","og_title":"Des doutes sur la politique \u00e9conomique de Trump stimulent le prix de l'or pour un nouveau record de 3 500 $ | Vie Associative","og_description":"Les r\u00e9centes attaques du pr\u00e9sident am\u00e9ricain contre son patron de la banque centrale s&rsquo;occupent des investisseurs. Beaucoup per\u00e7oivent l&rsquo;or comme un refuge s\u00fbr. Cela devient","og_url":"https:\/\/vieassociative.be\/actualites\/des-doutes-sur-la-politique-economique-de-trump-stimulent-le-prix-de-lor-pour-un-nouveau-record-de-3-500\/","og_site_name":"Vie Associative","article_published_time":"2025-04-23T02:17:05+00:00","og_image":[{"width":279,"height":92,"url":"https:\/\/vieassociative.be\/actualites\/wp-content\/uploads\/2024\/09\/header_backgroundk-01-e1726694325946.png","type":"image\/png"}],"author":"Julien","twitter_card":"summary_large_image","twitter_misc":{"\u00c9crit par":"Julien","Dur\u00e9e de lecture est.":"2 minutes"},"schema":{"@context":"https:\/\/schema.org","@graph":[{"@type":"Article","@id":"https:\/\/vieassociative.be\/actualites\/des-doutes-sur-la-politique-economique-de-trump-stimulent-le-prix-de-lor-pour-un-nouveau-record-de-3-500\/#article","isPartOf":{"@id":"https:\/\/vieassociative.be\/actualites\/des-doutes-sur-la-politique-economique-de-trump-stimulent-le-prix-de-lor-pour-un-nouveau-record-de-3-500\/"},"author":{"name":"Julien","@id":"https:\/\/vieassociative.be\/actualites\/#\/schema\/person\/b87ac4f82f9d4e7b7cec7395b679edc4"},"headline":"Des doutes sur la politique \u00e9conomique de Trump stimulent le prix de l&rsquo;or pour un nouveau record de 3 500 $","datePublished":"2025-04-23T02:17:05+00:00","dateModified":"2025-04-23T02:17:05+00:00","mainEntityOfPage":{"@id":"https:\/\/vieassociative.be\/actualites\/des-doutes-sur-la-politique-economique-de-trump-stimulent-le-prix-de-lor-pour-un-nouveau-record-de-3-500\/"},"wordCount":447,"publisher":{"@id":"https:\/\/vieassociative.be\/actualites\/#organization"},"image":{"@id":"https:\/\/vieassociative.be\/actualites\/des-doutes-sur-la-politique-economique-de-trump-stimulent-le-prix-de-lor-pour-un-nouveau-record-de-3-500\/#primaryimage"},"thumbnailUrl":"https:\/\/vieassociative.be\/actualites\/wp-content\/uploads\/2025\/04\/Des-doutes-sur-la-politique-economique-de-Trump-stimulent-le.jpg","keywords":["Des","doutes","\u00e9conomique","lor","nouveau","politique","pour","prix","record","stimulent","sur","Trump"],"articleSection":["Belgique"],"inLanguage":"fr-BE"},{"@type":"WebPage","@id":"https:\/\/vieassociative.be\/actualites\/des-doutes-sur-la-politique-economique-de-trump-stimulent-le-prix-de-lor-pour-un-nouveau-record-de-3-500\/","url":"https:\/\/vieassociative.be\/actualites\/des-doutes-sur-la-politique-economique-de-trump-stimulent-le-prix-de-lor-pour-un-nouveau-record-de-3-500\/","name":"Des doutes sur la politique \u00e9conomique de Trump stimulent le prix de l'or pour un nouveau record de 3 500 $ | Vie Associative","isPartOf":{"@id":"https:\/\/vieassociative.be\/actualites\/#website"},"primaryImageOfPage":{"@id":"https:\/\/vieassociative.be\/actualites\/des-doutes-sur-la-politique-economique-de-trump-stimulent-le-prix-de-lor-pour-un-nouveau-record-de-3-500\/#primaryimage"},"image":{"@id":"https:\/\/vieassociative.be\/actualites\/des-doutes-sur-la-politique-economique-de-trump-stimulent-le-prix-de-lor-pour-un-nouveau-record-de-3-500\/#primaryimage"},"thumbnailUrl":"https:\/\/vieassociative.be\/actualites\/wp-content\/uploads\/2025\/04\/Des-doutes-sur-la-politique-economique-de-Trump-stimulent-le.jpg","datePublished":"2025-04-23T02:17:05+00:00","dateModified":"2025-04-23T02:17:05+00:00","breadcrumb":{"@id":"https:\/\/vieassociative.be\/actualites\/des-doutes-sur-la-politique-economique-de-trump-stimulent-le-prix-de-lor-pour-un-nouveau-record-de-3-500\/#breadcrumb"},"inLanguage":"fr-BE","potentialAction":[{"@type":"ReadAction","target":["https:\/\/vieassociative.be\/actualites\/des-doutes-sur-la-politique-economique-de-trump-stimulent-le-prix-de-lor-pour-un-nouveau-record-de-3-500\/"]}]},{"@type":"ImageObject","inLanguage":"fr-BE","@id":"https:\/\/vieassociative.be\/actualites\/des-doutes-sur-la-politique-economique-de-trump-stimulent-le-prix-de-lor-pour-un-nouveau-record-de-3-500\/#primaryimage","url":"https:\/\/vieassociative.be\/actualites\/wp-content\/uploads\/2025\/04\/Des-doutes-sur-la-politique-economique-de-Trump-stimulent-le.jpg","contentUrl":"https:\/\/vieassociative.be\/actualites\/wp-content\/uploads\/2025\/04\/Des-doutes-sur-la-politique-economique-de-Trump-stimulent-le.jpg","width":1200,"height":798,"caption":"Des doutes sur la politique \u00e9conomique de Trump stimulent le prix de l'or pour un nouveau record de 3 500 $"},{"@type":"BreadcrumbList","@id":"https:\/\/vieassociative.be\/actualites\/des-doutes-sur-la-politique-economique-de-trump-stimulent-le-prix-de-lor-pour-un-nouveau-record-de-3-500\/#breadcrumb","itemListElement":[{"@type":"ListItem","position":1,"name":"Accueil","item":"https:\/\/vieassociative.be\/actualites\/"},{"@type":"ListItem","position":2,"name":"Des doutes sur la politique \u00e9conomique de Trump stimulent le prix de l&rsquo;or pour un nouveau record de 3 500 $"}]},{"@type":"WebSite","@id":"https:\/\/vieassociative.be\/actualites\/#website","url":"https:\/\/vieassociative.be\/actualites\/","name":"Vie Associative","description":"","publisher":{"@id":"https:\/\/vieassociative.be\/actualites\/#organization"},"potentialAction":[{"@type":"SearchAction","target":{"@type":"EntryPoint","urlTemplate":"https:\/\/vieassociative.be\/actualites\/?s={search_term_string}"},"query-input":{"@type":"PropertyValueSpecification","valueRequired":true,"valueName":"search_term_string"}}],"inLanguage":"fr-BE"},{"@type":"Organization","@id":"https:\/\/vieassociative.be\/actualites\/#organization","name":"Vie Associative","url":"https:\/\/vieassociative.be\/actualites\/","logo":{"@type":"ImageObject","inLanguage":"fr-BE","@id":"https:\/\/vieassociative.be\/actualites\/#\/schema\/logo\/image\/","url":"https:\/\/vieassociative.be\/actualites\/wp-content\/uploads\/2024\/09\/cropped-vieassociative_favicon.ico.png","contentUrl":"https:\/\/vieassociative.be\/actualites\/wp-content\/uploads\/2024\/09\/cropped-vieassociative_favicon.ico.png","width":512,"height":512,"caption":"Vie Associative"},"image":{"@id":"https:\/\/vieassociative.be\/actualites\/#\/schema\/logo\/image\/"}},{"@type":"Person","@id":"https:\/\/vieassociative.be\/actualites\/#\/schema\/person\/b87ac4f82f9d4e7b7cec7395b679edc4","name":"Julien","image":{"@type":"ImageObject","inLanguage":"fr-BE","@id":"https:\/\/vieassociative.be\/actualites\/#\/schema\/person\/image\/","url":"https:\/\/vieassociative.be\/actualites\/wp-content\/uploads\/2024\/09\/vie-associative-1-150x150.jpg","contentUrl":"https:\/\/vieassociative.be\/actualites\/wp-content\/uploads\/2024\/09\/vie-associative-1-150x150.jpg","caption":"Julien"},"description":"Je suis Julien, r\u00e9dacteur pour Vie Associative. Passionn\u00e9 par le monde associatif depuis plus de 10 ans, j'ai \u00e0 c\u0153ur de partager des histoires inspirantes et de mettre en lumi\u00e8re les initiatives locales. Mon objectif est de sensibiliser et d'encourager l'engagement communautaire \u00e0 travers mes articles.","sameAs":["https:\/\/vieassociative.be\/"]}]}},"_links":{"self":[{"href":"https:\/\/vieassociative.be\/actualites\/wp-json\/wp\/v2\/posts\/6953"}],"collection":[{"href":"https:\/\/vieassociative.be\/actualites\/wp-json\/wp\/v2\/posts"}],"about":[{"href":"https:\/\/vieassociative.be\/actualites\/wp-json\/wp\/v2\/types\/post"}],"author":[{"embeddable":true,"href":"https:\/\/vieassociative.be\/actualites\/wp-json\/wp\/v2\/users\/1"}],"replies":[{"embeddable":true,"href":"https:\/\/vieassociative.be\/actualites\/wp-json\/wp\/v2\/comments?post=6953"}],"version-history":[{"count":0,"href":"https:\/\/vieassociative.be\/actualites\/wp-json\/wp\/v2\/posts\/6953\/revisions"}],"wp:featuredmedia":[{"embeddable":true,"href":"https:\/\/vieassociative.be\/actualites\/wp-json\/wp\/v2\/media\/6954"}],"wp:attachment":[{"href":"https:\/\/vieassociative.be\/actualites\/wp-json\/wp\/v2\/media?parent=6953"}],"wp:term":[{"taxonomy":"category","embeddable":true,"href":"https:\/\/vieassociative.be\/actualites\/wp-json\/wp\/v2\/categories?post=6953"},{"taxonomy":"post_tag","embeddable":true,"href":"https:\/\/vieassociative.be\/actualites\/wp-json\/wp\/v2\/tags?post=6953"}],"curies":[{"name":"wp","href":"https:\/\/api.w.org\/{rel}","templated":true}]}}