{"id":6945,"date":"2025-04-22T22:17:00","date_gmt":"2025-04-22T20:17:00","guid":{"rendered":"https:\/\/vieassociative.be\/actualites\/80-ans-brf-od-en-conversation-avec-des-temoins-contemporains-freddy-des-elections-cetait-une-periode-de-bien-excitante\/"},"modified":"2025-04-22T22:17:00","modified_gmt":"2025-04-22T20:17:00","slug":"80-ans-brf-od-en-conversation-avec-des-temoins-contemporains-freddy-des-elections-cetait-une-periode-de-bien-excitante","status":"publish","type":"post","link":"https:\/\/vieassociative.be\/actualites\/80-ans-brf-od-en-conversation-avec-des-temoins-contemporains-freddy-des-elections-cetait-une-periode-de-bien-excitante\/","title":{"rendered":"80 ans brf-od en conversation avec des t\u00e9moins contemporains-Freddy des \u00e9lections: \u00ab\u00a0C&rsquo;\u00e9tait une p\u00e9riode de bien excitante\u00a0\u00bb"},"content":{"rendered":"<p><strong>La radio belge (BRF) c\u00e9l\u00e8bre son 80e anniversaire cette ann\u00e9e. \u00ab\u00a0Orient Belgique directement\u00a0\u00bb prend l&rsquo;anniversaire comme une occasion de passer en revue les huit d\u00e9cennies de conversation avec des t\u00e9moins contemporains.<\/strong><\/p>\n<p><span id=\"more-413912\"><\/span>Le journaliste et \u00e9crivain Freddy de l&rsquo;\u00e9lection (78) commence. Dans la conversation suivante, il d\u00e9crit certaines de ses exp\u00e9riences en tant que r\u00e9dactrice BRF et jette un regard critique sur l&rsquo;histoire de BHF et BRF.<\/p>\n<p><b>OD: Freddy des \u00e9lections, des 80 ans BHF \/ BRF, a connu plus de 30 ans en tant que journalistes de la radio et de la t\u00e9l\u00e9vision. Ce n&rsquo;est qu&rsquo;\u00e0 la troisi\u00e8me tentative qu&rsquo;ils ont pass\u00e9 l&rsquo;examen, bien qu&rsquo;ils aient d\u00e9j\u00e0 appris de la pi\u00e9ti\u00e8me \u00e0 tout ce qui est dans l&rsquo;\u00e9cho de la fronti\u00e8re et dans l&rsquo;\u00e9quipe \u00e9ditoriale centrale d&rsquo;Avz, m\u00eame dans l&rsquo;ann\u00e9e orageuse 1970. Qu&rsquo;est-ce qui ne va pas?<\/b><\/p>\n<div id=\"attachment_413989\" class=\"wp-caption alignleft\" style=\"max-width: 285px\"><img fetchpriority=\"high\" decoding=\"async\" class=\"wp-image-413989 size-medium\" src=\"https:\/\/vieassociative.be\/actualites\/wp-content\/uploads\/2025\/04\/80-ans-brf-od-en-conversation-avec-des-temoins-contemporains-Freddy-des.jpg\" alt=\"\" width=\"285\" height=\"300\"  ><\/p>\n<p class=\"wp-caption-text\">Le r\u00e9dacteur en chef du BRF Freddy Der (R) en conversation avec le Premier ministre de l&rsquo;\u00e9poque, Wilfried Martens (L) en 1984, \u00e0 Eupen, \u00e0 l&rsquo;occasion de la cr\u00e9ation du premier gouvernement de la communaut\u00e9 germanophone, dont le ministre de la supervision Martens \u00e9tait \u00e0 l&rsquo;\u00e9poque. Photo: priv\u00e9<\/p>\n<\/div>\n<p><b>Freddy des \u00e9lections: <\/b>Je ne veux pas me plaindre du d\u00e9funt, mais j&rsquo;ai \u00e9t\u00e9 \u00ab\u00a0abattu\u00a0\u00bb deux fois par le pr\u00e9sident du jury de l&rsquo;examen en 1968 et 1973. J&rsquo;ai eu l&rsquo;adversaire du CSP, l&rsquo;entrepreneur Gert No\u00ebl, dans la campagne \u00e9lectorale en 1968 lors de la \u00ab\u00a0Blue Storm Surge\u00a0\u00bb, car le r\u00e9dacteur en chef de Border Echo de la fronti\u00e8re de l&rsquo;\u00e9poque, le PFF, a m\u00eame refus\u00e9 de publier. Dans la deuxi\u00e8me tentative, lors de la derni\u00e8re conversation avec le jury politiquement occup\u00e9, j&rsquo;ai pu r\u00e9pondre \u00e0 la question de la \u00ab\u00a0Spiegel\u00a0\u00bb et de la crise du gouvernement en R\u00e9publique f\u00e9d\u00e9rale, mais je ne savais pas quelles comp\u00e9tences les cassations \u00e0 Bruxelles. Le pr\u00e9sident du jury politiquement agit\u00e9 m&rsquo;a clou\u00e9 \u00e0 ce sujet. Alors j&rsquo;ai vol\u00e9. Il a lui-m\u00eame \u00e9t\u00e9 appel\u00e9 \u00ab\u00a0dommage du pouvoir judiciaire belge\u00a0\u00bb en raison d&rsquo;infractions compl\u00e8tement diff\u00e9rentes et s&rsquo;est assis derri\u00e8re les barreaux pendant quelques mois.<\/p>\n<p><b>OD: Comment \u00eates-vous arriv\u00e9 au BHF?<\/b><\/p>\n<p><b>S\u00e9lection: <\/b>Pendant la pause du semestre \u00e0 la RWTH \u00e0 Aachen, j&rsquo;ai gagn\u00e9 de l&rsquo;argent de poche en tant qu&#8217;employ\u00e9 culturel de l&rsquo;\u00e9quipe \u00e9ditoriale Border Echo. Mais un rapport de th\u00e9\u00e2tre que j&rsquo;ai \u00e9crit sur la pi\u00e8ce inoffensive \u00ab\u00a0Barefoot in the Park\u00a0\u00bb de Neil Simon n&rsquo;\u00e9tait pas autoris\u00e9 \u00e0 appara\u00eetre; Il ne correspondait pas aux rapports provinciaux \u00e0 ce moment-l\u00e0. Le directeur du studio Eupener BHF, Jacques Keil, a pris mon offre. Pour la premi\u00e8re fois, j&rsquo;\u00e9tais sur l&rsquo;antenne. La r\u00e9alisatrice Irene Janetzki \u00e9tait ravie, j&rsquo;ai \u00e9t\u00e9 autoris\u00e9 \u00e0 rester et est devenu correspondant culturel r\u00e9gional.<\/p>\n<p><b>OD: Quel r\u00f4le Mme Janetzki a-t-elle jou\u00e9 \u00e0 l&rsquo;\u00e9poque?<\/b><\/p>\n<p><b>S\u00e9lection: <\/b>Elle \u00e9tait une \u00e9l\u00e9gante dame du monde et d\u00e9testait les intrigues politiques en Belgique orientale. Avec son charme naturel, elle a pu convaincre comme des politiciens influents en tant que ministre des Affaires \u00e9trang\u00e8res Paul-Henri Spaak ou pr\u00e9sident du S\u00e9nat Paul Struye pour l&rsquo;expansion du BHF. Il a \u00e9t\u00e9 class\u00e9 comme \u00ab\u00a0lib\u00e9ral\u00a0\u00bb. Elle voulait m&rsquo;envoyer \u00e0 la premi\u00e8re \u00e0 Zurich et Berlin et a toujours averti que je devrais \u00ab\u00a0laisser mes doigts de la politique\u00a0\u00bb. J&rsquo;aurais d\u00fb les \u00e9couter.<\/p>\n<p><b>OD: N\u00e9anmoins, on dit qu&rsquo;elle n&rsquo;\u00e9tait pas non impliqu\u00e9e dans la d\u00e9charge de la r\u00e9dactrice Horst Schr\u00f6der. Est-ce correct?<\/b><\/p>\n<div id=\"attachment_413990\" class=\"wp-caption alignleft\" style=\"max-width: 245px\"><img decoding=\"async\" class=\"wp-image-413990 size-medium\" src=\"https:\/\/vieassociative.be\/actualites\/wp-content\/uploads\/2025\/04\/1745353020_749_80-ans-brf-od-en-conversation-avec-des-temoins-contemporains-Freddy-des.jpg\" alt=\"\" width=\"245\" height=\"300\"  ><\/p>\n<p class=\"wp-caption-text\">Broadcast en direct 1993 dans l&rsquo;Eupener UnterStadt (de gauche \u00e0 droite): Hans Engels, Peter Thomas, Freddy Der Election et Walter Eicher. Photo: priv\u00e9<\/p>\n<\/div>\n<p><b>S\u00e9lection: <\/b>Elle \u00e9tait sous une \u00e9norme pression du Seigneur qui m&rsquo;a \u00ab\u00a0fou\u00a0\u00bb moi deux fois. Schr\u00f6der \u00e9tait un journaliste de classe qui n&rsquo;a pas non plus h\u00e9sit\u00e9 \u00e0 risquer des interviews. Pour le CSP dominait \u00e0 l&rsquo;\u00e9poque, un interf\u00e9rer qui \u00e9tait en difficult\u00e9 publique comme une \u00ab\u00a0gu\u00e9rilla\u00a0\u00bb. Le courageux aventurier a vol\u00e9 avant la chaude campagne \u00e9lectorale locale \u00e0 Eupen 1970. Il n&rsquo;y avait pas de ligne dans l&rsquo;\u00e9cho de la fronti\u00e8re. J&rsquo;ai consacr\u00e9 un article directeur sur la photo de l&rsquo;Avz.<\/p>\n<p><b>OD: N\u00e9anmoins, \u00e0 la fin de l&rsquo;\u00e9t\u00e9 dans le funkhaus de l&rsquo;endroit Flagey \u00e0 Bruxelles, ils ont pu commencer en tant que r\u00e9dacteur en chef de la fonction publique bien appliqu\u00e9e. Cependant, elle a ensuite d\u00e9m\u00e9nag\u00e9 dans la province \u00e0 Eupen. Pourquoi?<\/b><\/p>\n<p><b>S\u00e9lection: <\/b>Oui, il y avait aussi une certaine sentimentalit\u00e9. Cependant, le r\u00e9alisateur Peter Moutschen avait d\u00e9j\u00e0 planifi\u00e9 son coll\u00e8gue Martin Steins pour le studio r\u00e9gional sur Hochstra\u00dfe \u00e0 Eupen. Steins avait travaill\u00e9 comme enseignant au Congo belge, je connaissais l&rsquo;Est de la Belgique apr\u00e8s des ann\u00e9es de travail journalistique de Kelmis \u00e0 Auel comme ma poche de socket. J&rsquo;ai \u00e9t\u00e9 class\u00e9 comme un cabinet chr\u00e9tien-d\u00e9mocratique Sattache dans les conseils administratifs du RTB et du BRT responsables de nous. Le diff\u00e9rend sur la politique du parti et du personnel a fait rage pendant des mois, jusqu&rsquo;\u00e0 ce que le directeur g\u00e9n\u00e9ral du RTB agac\u00e9 Robert Wangerme ait commenc\u00e9 la d\u00e9cision de Moutschen et m&rsquo;a envoy\u00e9 \u00e0 Eupen.<\/p>\n<p><b>OD: Son conflit avec Martin Steins a rapidement fait des vagues \u00e0 nouveau. La petite guerre entre vous deux a r\u00e9guli\u00e8rement provoqu\u00e9 une conversation \u00e0 l&rsquo;ext\u00e9rieur du BRF.<\/b><\/p>\n<p><b>S\u00e9lection: <\/b>Nous n&rsquo;avions pas le m\u00eame groupe sanguin, m\u00eame si nous avons d&rsquo;abord \u00e9t\u00e9 \u00e9blouissants. J&rsquo;ai aim\u00e9 sa verve intellectuelle \u00e0 main gauche, il a appr\u00e9ci\u00e9 une critique culturelle rapide. Mais les deux erreurs des deux c\u00f4t\u00e9s ont entra\u00een\u00e9 des probl\u00e8mes violents dans la g\u00e9n\u00e9reuse liste de fonctions avec plusieurs jours de cong\u00e9. Mes amiti\u00e9s \u00e9troites avec Fred Evers et Kurt Ortmann l&rsquo;ont m\u00e9rit\u00e9, je ne voulais pas perdre son affection socialiste parce qu&rsquo;il a sp\u00e9cul\u00e9 sur le t\u00e9l\u00e9phone avec ses actions \u00e0 la bourse tous les jours. Puis il y a eu un scandale dans l&rsquo;affaire Niermann.<\/p>\n<p><b>OD: L&rsquo;affaire Niermann est rest\u00e9e une exp\u00e9rience traumatisante pour vous \u00e0 ce jour, non?<\/b><\/p>\n<div id=\"attachment_413991\" class=\"wp-caption alignleft\" style=\"max-width: 300px\"><img decoding=\"async\" class=\"wp-image-413991 size-medium\" src=\"https:\/\/vieassociative.be\/actualites\/wp-content\/uploads\/2025\/04\/1745353020_346_80-ans-brf-od-en-conversation-avec-des-temoins-contemporains-Freddy-des.jpg\" alt=\"\" width=\"300\" height=\"203\"  ><\/p>\n<p class=\"wp-caption-text\">Freddy Der \u00e9lection en 1989 dans l&rsquo;interview de l&rsquo;ambassadeur de la R\u00e9publique f\u00e9d\u00e9rale d&rsquo;Allemagne (M) avec Luc Walpot (L). Photo: priv\u00e9<\/p>\n<\/div>\n<p><b>S\u00e9lection: <\/b>Oui, beaucoup. Les \u00e9v\u00e9nements de 1987 sont il y a bien, mais parfois j&rsquo;en r\u00eave encore. Lorenz Paasch m&rsquo;a m\u00eame invit\u00e9 au restaurant \u00e0 l&rsquo;occasion d&rsquo;une tourn\u00e9e de triangle, et je lui ai consacr\u00e9 un portrait \u00e9quitable \u00e0 l&rsquo;\u00e9poque. Je crois m\u00eame que nous avons compris nos forces mutuelles. Ma d\u00e9ception en col\u00e8re a \u00e9t\u00e9 principalement le pouvoir judiciaire, qui m&rsquo;a accus\u00e9 et plus tard aussi Bruno Kartheuser avec un mauvais jugement des cheveux. Le pouvoir judiciaire de l&rsquo;Eupener avait distribu\u00e9 des recherches \u00e0 domicile pour la personnalit\u00e9 belge orientale connue, bien que l&rsquo;affaire dans l&rsquo;ARD, dans le \u00ab\u00a0Zeit\u00a0\u00bb et dans \u00ab\u00a0Le Monde\u00a0\u00bb soit apparue et que la presse belge avait rapport\u00e9 en d\u00e9tail. Il a \u00e9t\u00e9 appris plus tard qu&rsquo;un certain magistrat avait \u00e9galement sa main dans ce scandale.<\/p>\n<p><b>OD: Et comment vos coll\u00e8gues du BRF ont-ils r\u00e9agi \u00e0 l&rsquo;affaire Niermann?<\/b><\/p>\n<p><b>S\u00e9lection: <\/b>La plupart d&rsquo;entre eux ont \u00e9t\u00e9 couverts lorsque les enl\u00e8vements ont tent\u00e9 d&rsquo;intervenir par t\u00e9l\u00e9phone. Martin Steins m&rsquo;a tir\u00e9 contre moi et m&rsquo;a accus\u00e9 d&rsquo;avoir mal recherch\u00e9 une bataille. Le fait que personne ne m&rsquo;ait soutenu dans l&rsquo;\u00e9quipe \u00e9ditoriale n&rsquo;\u00e9tait plus significative.<\/p>\n<p><b>OD: Et comment les responsables du BRF ont-ils r\u00e9agi?<\/b><\/p>\n<p><b>S\u00e9lection: <\/b>Le r\u00e9alisateur Moutschen pensait que les \u00e9checs et jouaient aux \u00e9checs. L&rsquo;\u00e9diteur bien inform\u00e9-dans le chief Peter Thomas a laiss\u00e9 l&rsquo;article de clarification annonc\u00e9 attendre. De Bruxelles, j&rsquo;ai re\u00e7u le commentaire du directeur du studio: \u00ab\u00a0Oh, tu ne connaissais pas notre oncle Hermann? Notre bienfaiteur du Rhin?\u00a0\u00bb Il reste d&rsquo;une grande importance que deux \u00e9diteurs plus \u00e2g\u00e9s aient longtemps \u00e9t\u00e9 bien inform\u00e9s sur les millions de dons, le financement des d\u00e9tours et les intentions strat\u00e9giques, n&rsquo;avaient pas assum\u00e9 leur responsabilit\u00e9 journalistique, mais permettez-moi de courir dans le couteau ouvert. Il y a le point de collision r\u00e9el de l&rsquo;affaire, pas chez PDB, pas avec Lorenz Paasch ou Joseph Dries, qui pourrait prendre un exemple aux scandales politiques belges, en particulier parmi les socialistes wallon. Le jeu de grondement Karl-Heinz Lambertz en tant que ministre de supervision de BRF a \u00e9t\u00e9 bien inform\u00e9 de ses camarades SPD, mais \u00e0 PDB avec l&rsquo;explication hypocrite qu&rsquo;il voulait \u00ab\u00a0ne pas pleurer avec les loups\u00a0\u00bb. Ainsi, le \u00ab\u00a0Krautgarten\u00a0\u00bb ignor\u00e9 par la BRF est rest\u00e9 la t\u00e2che de parler de Tacheles &#8211; tant qu&rsquo;il l&rsquo;a quitt\u00e9 &#8230;<\/p>\n<p><b>OD: Et le BRF aujourd&rsquo;hui? Apparemment, le diffuseur de ce pays est toujours le num\u00e9ro un?<\/b><\/p>\n<div id=\"attachment_413995\" class=\"wp-caption alignleft\" style=\"max-width: 300px\"><img loading=\"lazy\" decoding=\"async\" class=\"wp-image-413995 size-medium\" src=\"https:\/\/vieassociative.be\/actualites\/wp-content\/uploads\/2025\/04\/1745353020_923_80-ans-brf-od-en-conversation-avec-des-temoins-contemporains-Freddy-des.jpg\" alt=\"\" width=\"300\" height=\"201\"  ><\/p>\n<p class=\"wp-caption-text\">Freddy Der Election (L) en conversation avec Kurt Ortmann (R) 2002 \u00e0 Bruxelles dans les Jardin des Botaniques. Photo: priv\u00e9<\/p>\n<\/div>\n<p><b>S\u00e9lection: <\/b>\u00c0 cette \u00e9poque, nous avons jet\u00e9 les bases. Cependant, je crois que le harc\u00e8lement politique est pass\u00e9 et que les jeunes coll\u00e8gues font de leur mieux, m\u00eame si vous \u00eates \u00e9galement manipul\u00e9 au niveau principal, par respect pour la surveillance politique ou d&rsquo;un grade priv\u00e9. Mais un \u00ab\u00a0cas Schr\u00f6der\u00a0\u00bb serait impensable aujourd&rsquo;hui et un \u00ab\u00a0oncle Hermann\u00a0\u00bb passerait \u00e0 travers D\u00fcsseldorf avec un stand.<\/p>\n<p><b>OD: Quelle conclusion tirez-vous lorsque vous regardez les ann\u00e9es mouvement\u00e9es dans le BRF?<\/b><\/p>\n<p><b>S\u00e9lection: <\/b>Quand j&rsquo;ai signal\u00e9 des choses douloureuses, je dois dire aujourd&rsquo;hui que le BRF en a \u00e9galement offert des compl\u00e8tement diff\u00e9rents. Le r\u00e9alisateur Moutschen n&rsquo;a jamais limit\u00e9 mon appel journalistique, le Frederik Schunk po\u00e9tiquement compatissant, l&rsquo;Alexander Homann et les man\u0153uvres qui partent \u00e0 travers toutes les man\u0153uvres, m&rsquo;accompagnant avec le sourire.<\/p>\n<p><b>OD: Donc, le BRF vous a non seulement caus\u00e9 beaucoup de probl\u00e8mes, mais aussi beaucoup de joie?<\/b><\/p>\n<p><b>S\u00e9lection: <\/b>Oui, bien s\u00fbr, notre couple royal Baudouin et Fabiola ont personnellement remerci\u00e9 pour un rapport en direct sur l&rsquo;Eupener Werthplatz. J&rsquo;ai pu accompagner Albert et Paola \u00e0 Vienne pour le BRF. Avec mon ami Erich Heeren, j&rsquo;\u00e9tais assis sur le revers de la presse en plus de la l\u00e9gende de la journaliste Luc Varenne dans Anderlecht, Leipzig, Lisbonne et Londres. Avec mon ancien pr\u00e9sident Willy Br\u00fcll, nous avons signal\u00e9 deux heures en direct lors de la visite de Johannes Paul II de Banneux. Pour mes publications litt\u00e9raires et les contributions de la culture BRF, j&rsquo;ai re\u00e7u le TALER RHINESLANDE ET LE PROC\u00c9 des artistes d&rsquo;Eifel &#038; Ardennes, une pause vitale aux \u00c9tats-Unis m&rsquo;a \u00e9t\u00e9 accord\u00e9e par le pr\u00e9sident du Conseil administratif \u00e0 t\u00eate d&rsquo;administration, Heinrich Cremer. Sous le r\u00e9alisateur Hans Engels, je suis finalement devenu un \u00ab\u00a0journaliste en chef\u00a0\u00bb. J&rsquo;ai particip\u00e9 \u00e0 la demande de Martin Stein \u00e0 Verviers. Parfois, je visite sa tombe avec la simple croix en bois sous l&rsquo;ancien arbre au mur du cimeti\u00e8re de Walhorn. Nous le voulions tous bien. Au milieu de ma carri\u00e8re BRF, j&rsquo;ai appris ma femme Mona avec qui j&rsquo;ai cinq enfants. En bref: ce fut un moment passionnant et excitant. (Cre)<\/p>\n<p><em>Remarque: Des discussions suppl\u00e9mentaires avec les fonctionnalit\u00e9s de temps BRF sont pr\u00e9vues.<\/em><\/p>\n<p><em><strong>Sur le sujet, voir \u00e9galement l&rsquo;article suivant sur OD:<\/strong><\/em><\/p>\n<div class=\"responsive-embed widescreen\">\n<blockquote class=\"wp-embedded-content\" data-secret=\"rRhV3D1Vcc\">\n<p>Le BRF est comme le AS Eupen: les deux sur le Kehrweg, \u00e0 la fois 80 ans et les deux num\u00e9ro 1 dans la r\u00e9gion<\/p>\n<\/blockquote>\n<p><iframe loading=\"lazy\" class=\"wp-embedded-content\" sandbox=\"allow-scripts\" security=\"restricted\" style=\"position: absolute; visibility: hidden;\" title=\"\u201eDer BRF ist wie die AS Eupen: Beide am Kehrweg, beide 80 Jahre und beide Nummer 1 in der Region\u201c \u2014 Ostbelgien Direkt\" src=\"https:\/\/ostbelgiendirekt.be\/about:blank\" data-secret=\"rRhV3D1Vcc\" width=\"500\" height=\"282\" frameborder=\"0\" marginwidth=\"0\" marginheight=\"0\" scrolling=\"no\" data-rocket-lazyload=\"fitvidscompatible\" data-lazy-src=\"https:\/\/ostbelgiendirekt.be\/80-jahre-brf-413575\/embed#?secret=3qqYu5o6tL#?secret=rRhV3D1Vcc\"><\/iframe><noscript><iframe class=\"wp-embedded-content\" sandbox=\"allow-scripts\" security=\"restricted\" style=\"position: absolute; visibility: hidden;\" title=\"\u201eDer BRF ist wie die AS Eupen: Beide am Kehrweg, beide 80 Jahre und beide Nummer 1 in der Region\u201c \u2014 Ostbelgien Direkt\" src=\"https:\/\/ostbelgiendirekt.be\/80-jahre-brf-413575\/embed#?secret=3qqYu5o6tL#?secret=rRhV3D1Vcc\" data-secret=\"rRhV3D1Vcc\" width=\"500\" height=\"282\" frameborder=\"0\" marginwidth=\"0\" marginheight=\"0\" scrolling=\"no\"><\/iframe><\/noscript><\/p>\n<\/div>\n","protected":false},"excerpt":{"rendered":"<p>La radio belge (BRF) c\u00e9l\u00e8bre son 80e anniversaire cette ann\u00e9e. \u00ab\u00a0Orient Belgique directement\u00a0\u00bb prend l&rsquo;anniversaire comme une occasion de passer en revue les huit d\u00e9cennies<\/p>\n","protected":false},"author":1,"featured_media":6946,"comment_status":"","ping_status":"","sticky":false,"template":"","format":"standard","meta":{"footnotes":""},"categories":[298],"tags":[584,61,254,6562,5071,6563,2171,29,2569,6564,395,2743,110],"class_list":["post-6945","post","type-post","status-publish","format-standard","has-post-thumbnail","hentry","category-belgique","tag-ans","tag-avec","tag-bien","tag-brfod","tag-cetait","tag-contemporainsfreddy","tag-conversation","tag-des","tag-elections","tag-excitante","tag-periode","tag-temoins","tag-une","generate-columns","tablet-grid-50","mobile-grid-100","grid-parent","grid-33"],"yoast_head":"<!-- This site is optimized with the Yoast SEO plugin v24.0 - https:\/\/yoast.com\/wordpress\/plugins\/seo\/ -->\n<title>80 ans brf-od en conversation avec des t\u00e9moins contemporains-Freddy des \u00e9lections: &quot;C&#039;\u00e9tait une p\u00e9riode de bien excitante&quot; | Vie Associative<\/title>\n<meta name=\"robots\" content=\"index, follow, max-snippet:-1, max-image-preview:large, max-video-preview:-1\" \/>\n<link rel=\"canonical\" href=\"https:\/\/vieassociative.be\/actualites\/80-ans-brf-od-en-conversation-avec-des-temoins-contemporains-freddy-des-elections-cetait-une-periode-de-bien-excitante\/\" \/>\n<meta property=\"og:locale\" content=\"fr_FR\" \/>\n<meta property=\"og:type\" content=\"article\" \/>\n<meta property=\"og:title\" content=\"80 ans brf-od en conversation avec des t\u00e9moins contemporains-Freddy des \u00e9lections: &quot;C&#039;\u00e9tait une p\u00e9riode de bien excitante&quot; | Vie Associative\" \/>\n<meta property=\"og:description\" content=\"La radio belge (BRF) c\u00e9l\u00e8bre son 80e anniversaire cette ann\u00e9e. \u00ab\u00a0Orient Belgique directement\u00a0\u00bb prend l&rsquo;anniversaire comme une occasion de passer en revue les huit d\u00e9cennies\" \/>\n<meta property=\"og:url\" content=\"https:\/\/vieassociative.be\/actualites\/80-ans-brf-od-en-conversation-avec-des-temoins-contemporains-freddy-des-elections-cetait-une-periode-de-bien-excitante\/\" \/>\n<meta property=\"og:site_name\" content=\"Vie Associative\" \/>\n<meta property=\"article:published_time\" content=\"2025-04-22T20:17:00+00:00\" \/>\n<meta property=\"og:image\" content=\"https:\/\/vieassociative.be\/actualites\/wp-content\/uploads\/2024\/09\/header_backgroundk-01-e1726694325946.png\" \/>\n\t<meta property=\"og:image:width\" content=\"279\" \/>\n\t<meta property=\"og:image:height\" content=\"92\" \/>\n\t<meta property=\"og:image:type\" content=\"image\/png\" \/>\n<meta name=\"author\" content=\"Julien\" \/>\n<meta name=\"twitter:card\" content=\"summary_large_image\" \/>\n<meta name=\"twitter:label1\" content=\"\u00c9crit par\" \/>\n\t<meta name=\"twitter:data1\" content=\"Julien\" \/>\n\t<meta name=\"twitter:label2\" content=\"Dur\u00e9e de lecture est.\" \/>\n\t<meta name=\"twitter:data2\" content=\"9 minutes\" \/>\n<script type=\"application\/ld+json\" class=\"yoast-schema-graph\">{\"@context\":\"https:\/\/schema.org\",\"@graph\":[{\"@type\":\"Article\",\"@id\":\"https:\/\/vieassociative.be\/actualites\/80-ans-brf-od-en-conversation-avec-des-temoins-contemporains-freddy-des-elections-cetait-une-periode-de-bien-excitante\/#article\",\"isPartOf\":{\"@id\":\"https:\/\/vieassociative.be\/actualites\/80-ans-brf-od-en-conversation-avec-des-temoins-contemporains-freddy-des-elections-cetait-une-periode-de-bien-excitante\/\"},\"author\":{\"name\":\"Julien\",\"@id\":\"https:\/\/vieassociative.be\/actualites\/#\/schema\/person\/b87ac4f82f9d4e7b7cec7395b679edc4\"},\"headline\":\"80 ans brf-od en conversation avec des t\u00e9moins contemporains-Freddy des \u00e9lections: \u00ab\u00a0C&rsquo;\u00e9tait une p\u00e9riode de bien excitante\u00a0\u00bb\",\"datePublished\":\"2025-04-22T20:17:00+00:00\",\"dateModified\":\"2025-04-22T20:17:00+00:00\",\"mainEntityOfPage\":{\"@id\":\"https:\/\/vieassociative.be\/actualites\/80-ans-brf-od-en-conversation-avec-des-temoins-contemporains-freddy-des-elections-cetait-une-periode-de-bien-excitante\/\"},\"wordCount\":2011,\"publisher\":{\"@id\":\"https:\/\/vieassociative.be\/actualites\/#organization\"},\"image\":{\"@id\":\"https:\/\/vieassociative.be\/actualites\/80-ans-brf-od-en-conversation-avec-des-temoins-contemporains-freddy-des-elections-cetait-une-periode-de-bien-excitante\/#primaryimage\"},\"thumbnailUrl\":\"https:\/\/vieassociative.be\/actualites\/wp-content\/uploads\/2025\/04\/1745353020_80-ans-brf-od-en-conversation-avec-des-temoins-contemporains-Freddy-des.jpg\",\"keywords\":[\"ans\",\"avec\",\"bien\",\"brfod\",\"c\u00e9tait\",\"contemporainsFreddy\",\"conversation\",\"Des\",\"\u00e9lections\",\"excitante\",\"p\u00e9riode\",\"t\u00e9moins\",\"une\"],\"articleSection\":[\"Belgique\"],\"inLanguage\":\"fr-BE\"},{\"@type\":\"WebPage\",\"@id\":\"https:\/\/vieassociative.be\/actualites\/80-ans-brf-od-en-conversation-avec-des-temoins-contemporains-freddy-des-elections-cetait-une-periode-de-bien-excitante\/\",\"url\":\"https:\/\/vieassociative.be\/actualites\/80-ans-brf-od-en-conversation-avec-des-temoins-contemporains-freddy-des-elections-cetait-une-periode-de-bien-excitante\/\",\"name\":\"80 ans brf-od en conversation avec des t\u00e9moins contemporains-Freddy des \u00e9lections: \\\"C'\u00e9tait une p\u00e9riode de bien excitante\\\" | Vie Associative\",\"isPartOf\":{\"@id\":\"https:\/\/vieassociative.be\/actualites\/#website\"},\"primaryImageOfPage\":{\"@id\":\"https:\/\/vieassociative.be\/actualites\/80-ans-brf-od-en-conversation-avec-des-temoins-contemporains-freddy-des-elections-cetait-une-periode-de-bien-excitante\/#primaryimage\"},\"image\":{\"@id\":\"https:\/\/vieassociative.be\/actualites\/80-ans-brf-od-en-conversation-avec-des-temoins-contemporains-freddy-des-elections-cetait-une-periode-de-bien-excitante\/#primaryimage\"},\"thumbnailUrl\":\"https:\/\/vieassociative.be\/actualites\/wp-content\/uploads\/2025\/04\/1745353020_80-ans-brf-od-en-conversation-avec-des-temoins-contemporains-Freddy-des.jpg\",\"datePublished\":\"2025-04-22T20:17:00+00:00\",\"dateModified\":\"2025-04-22T20:17:00+00:00\",\"breadcrumb\":{\"@id\":\"https:\/\/vieassociative.be\/actualites\/80-ans-brf-od-en-conversation-avec-des-temoins-contemporains-freddy-des-elections-cetait-une-periode-de-bien-excitante\/#breadcrumb\"},\"inLanguage\":\"fr-BE\",\"potentialAction\":[{\"@type\":\"ReadAction\",\"target\":[\"https:\/\/vieassociative.be\/actualites\/80-ans-brf-od-en-conversation-avec-des-temoins-contemporains-freddy-des-elections-cetait-une-periode-de-bien-excitante\/\"]}]},{\"@type\":\"ImageObject\",\"inLanguage\":\"fr-BE\",\"@id\":\"https:\/\/vieassociative.be\/actualites\/80-ans-brf-od-en-conversation-avec-des-temoins-contemporains-freddy-des-elections-cetait-une-periode-de-bien-excitante\/#primaryimage\",\"url\":\"https:\/\/vieassociative.be\/actualites\/wp-content\/uploads\/2025\/04\/1745353020_80-ans-brf-od-en-conversation-avec-des-temoins-contemporains-Freddy-des.jpg\",\"contentUrl\":\"https:\/\/vieassociative.be\/actualites\/wp-content\/uploads\/2025\/04\/1745353020_80-ans-brf-od-en-conversation-avec-des-temoins-contemporains-Freddy-des.jpg\",\"width\":1764,\"height\":1288,\"caption\":\"80 ans brf-od en conversation avec des t\u00e9moins contemporains-Freddy des \u00e9lections: \\\"C'\u00e9tait une p\u00e9riode de bien excitante\\\"\"},{\"@type\":\"BreadcrumbList\",\"@id\":\"https:\/\/vieassociative.be\/actualites\/80-ans-brf-od-en-conversation-avec-des-temoins-contemporains-freddy-des-elections-cetait-une-periode-de-bien-excitante\/#breadcrumb\",\"itemListElement\":[{\"@type\":\"ListItem\",\"position\":1,\"name\":\"Accueil\",\"item\":\"https:\/\/vieassociative.be\/actualites\/\"},{\"@type\":\"ListItem\",\"position\":2,\"name\":\"80 ans brf-od en conversation avec des t\u00e9moins contemporains-Freddy des \u00e9lections: \u00ab\u00a0C&rsquo;\u00e9tait une p\u00e9riode de bien excitante\u00a0\u00bb\"}]},{\"@type\":\"WebSite\",\"@id\":\"https:\/\/vieassociative.be\/actualites\/#website\",\"url\":\"https:\/\/vieassociative.be\/actualites\/\",\"name\":\"Vie Associative\",\"description\":\"\",\"publisher\":{\"@id\":\"https:\/\/vieassociative.be\/actualites\/#organization\"},\"potentialAction\":[{\"@type\":\"SearchAction\",\"target\":{\"@type\":\"EntryPoint\",\"urlTemplate\":\"https:\/\/vieassociative.be\/actualites\/?s={search_term_string}\"},\"query-input\":{\"@type\":\"PropertyValueSpecification\",\"valueRequired\":true,\"valueName\":\"search_term_string\"}}],\"inLanguage\":\"fr-BE\"},{\"@type\":\"Organization\",\"@id\":\"https:\/\/vieassociative.be\/actualites\/#organization\",\"name\":\"Vie Associative\",\"url\":\"https:\/\/vieassociative.be\/actualites\/\",\"logo\":{\"@type\":\"ImageObject\",\"inLanguage\":\"fr-BE\",\"@id\":\"https:\/\/vieassociative.be\/actualites\/#\/schema\/logo\/image\/\",\"url\":\"https:\/\/vieassociative.be\/actualites\/wp-content\/uploads\/2024\/09\/cropped-vieassociative_favicon.ico.png\",\"contentUrl\":\"https:\/\/vieassociative.be\/actualites\/wp-content\/uploads\/2024\/09\/cropped-vieassociative_favicon.ico.png\",\"width\":512,\"height\":512,\"caption\":\"Vie Associative\"},\"image\":{\"@id\":\"https:\/\/vieassociative.be\/actualites\/#\/schema\/logo\/image\/\"}},{\"@type\":\"Person\",\"@id\":\"https:\/\/vieassociative.be\/actualites\/#\/schema\/person\/b87ac4f82f9d4e7b7cec7395b679edc4\",\"name\":\"Julien\",\"image\":{\"@type\":\"ImageObject\",\"inLanguage\":\"fr-BE\",\"@id\":\"https:\/\/vieassociative.be\/actualites\/#\/schema\/person\/image\/\",\"url\":\"https:\/\/vieassociative.be\/actualites\/wp-content\/uploads\/2024\/09\/vie-associative-1-150x150.jpg\",\"contentUrl\":\"https:\/\/vieassociative.be\/actualites\/wp-content\/uploads\/2024\/09\/vie-associative-1-150x150.jpg\",\"caption\":\"Julien\"},\"description\":\"Je suis Julien, r\u00e9dacteur pour Vie Associative. Passionn\u00e9 par le monde associatif depuis plus de 10 ans, j'ai \u00e0 c\u0153ur de partager des histoires inspirantes et de mettre en lumi\u00e8re les initiatives locales. Mon objectif est de sensibiliser et d'encourager l'engagement communautaire \u00e0 travers mes articles.\",\"sameAs\":[\"https:\/\/vieassociative.be\/\"]}]}<\/script>\n<!-- \/ Yoast SEO plugin. -->","yoast_head_json":{"title":"80 ans brf-od en conversation avec des t\u00e9moins contemporains-Freddy des \u00e9lections: \"C'\u00e9tait une p\u00e9riode de bien excitante\" | Vie Associative","robots":{"index":"index","follow":"follow","max-snippet":"max-snippet:-1","max-image-preview":"max-image-preview:large","max-video-preview":"max-video-preview:-1"},"canonical":"https:\/\/vieassociative.be\/actualites\/80-ans-brf-od-en-conversation-avec-des-temoins-contemporains-freddy-des-elections-cetait-une-periode-de-bien-excitante\/","og_locale":"fr_FR","og_type":"article","og_title":"80 ans brf-od en conversation avec des t\u00e9moins contemporains-Freddy des \u00e9lections: \"C'\u00e9tait une p\u00e9riode de bien excitante\" | Vie Associative","og_description":"La radio belge (BRF) c\u00e9l\u00e8bre son 80e anniversaire cette ann\u00e9e. \u00ab\u00a0Orient Belgique directement\u00a0\u00bb prend l&rsquo;anniversaire comme une occasion de passer en revue les huit d\u00e9cennies","og_url":"https:\/\/vieassociative.be\/actualites\/80-ans-brf-od-en-conversation-avec-des-temoins-contemporains-freddy-des-elections-cetait-une-periode-de-bien-excitante\/","og_site_name":"Vie Associative","article_published_time":"2025-04-22T20:17:00+00:00","og_image":[{"width":279,"height":92,"url":"https:\/\/vieassociative.be\/actualites\/wp-content\/uploads\/2024\/09\/header_backgroundk-01-e1726694325946.png","type":"image\/png"}],"author":"Julien","twitter_card":"summary_large_image","twitter_misc":{"\u00c9crit par":"Julien","Dur\u00e9e de lecture est.":"9 minutes"},"schema":{"@context":"https:\/\/schema.org","@graph":[{"@type":"Article","@id":"https:\/\/vieassociative.be\/actualites\/80-ans-brf-od-en-conversation-avec-des-temoins-contemporains-freddy-des-elections-cetait-une-periode-de-bien-excitante\/#article","isPartOf":{"@id":"https:\/\/vieassociative.be\/actualites\/80-ans-brf-od-en-conversation-avec-des-temoins-contemporains-freddy-des-elections-cetait-une-periode-de-bien-excitante\/"},"author":{"name":"Julien","@id":"https:\/\/vieassociative.be\/actualites\/#\/schema\/person\/b87ac4f82f9d4e7b7cec7395b679edc4"},"headline":"80 ans brf-od en conversation avec des t\u00e9moins contemporains-Freddy des \u00e9lections: \u00ab\u00a0C&rsquo;\u00e9tait une p\u00e9riode de bien excitante\u00a0\u00bb","datePublished":"2025-04-22T20:17:00+00:00","dateModified":"2025-04-22T20:17:00+00:00","mainEntityOfPage":{"@id":"https:\/\/vieassociative.be\/actualites\/80-ans-brf-od-en-conversation-avec-des-temoins-contemporains-freddy-des-elections-cetait-une-periode-de-bien-excitante\/"},"wordCount":2011,"publisher":{"@id":"https:\/\/vieassociative.be\/actualites\/#organization"},"image":{"@id":"https:\/\/vieassociative.be\/actualites\/80-ans-brf-od-en-conversation-avec-des-temoins-contemporains-freddy-des-elections-cetait-une-periode-de-bien-excitante\/#primaryimage"},"thumbnailUrl":"https:\/\/vieassociative.be\/actualites\/wp-content\/uploads\/2025\/04\/1745353020_80-ans-brf-od-en-conversation-avec-des-temoins-contemporains-Freddy-des.jpg","keywords":["ans","avec","bien","brfod","c\u00e9tait","contemporainsFreddy","conversation","Des","\u00e9lections","excitante","p\u00e9riode","t\u00e9moins","une"],"articleSection":["Belgique"],"inLanguage":"fr-BE"},{"@type":"WebPage","@id":"https:\/\/vieassociative.be\/actualites\/80-ans-brf-od-en-conversation-avec-des-temoins-contemporains-freddy-des-elections-cetait-une-periode-de-bien-excitante\/","url":"https:\/\/vieassociative.be\/actualites\/80-ans-brf-od-en-conversation-avec-des-temoins-contemporains-freddy-des-elections-cetait-une-periode-de-bien-excitante\/","name":"80 ans brf-od en conversation avec des t\u00e9moins contemporains-Freddy des \u00e9lections: \"C'\u00e9tait une p\u00e9riode de bien excitante\" | Vie Associative","isPartOf":{"@id":"https:\/\/vieassociative.be\/actualites\/#website"},"primaryImageOfPage":{"@id":"https:\/\/vieassociative.be\/actualites\/80-ans-brf-od-en-conversation-avec-des-temoins-contemporains-freddy-des-elections-cetait-une-periode-de-bien-excitante\/#primaryimage"},"image":{"@id":"https:\/\/vieassociative.be\/actualites\/80-ans-brf-od-en-conversation-avec-des-temoins-contemporains-freddy-des-elections-cetait-une-periode-de-bien-excitante\/#primaryimage"},"thumbnailUrl":"https:\/\/vieassociative.be\/actualites\/wp-content\/uploads\/2025\/04\/1745353020_80-ans-brf-od-en-conversation-avec-des-temoins-contemporains-Freddy-des.jpg","datePublished":"2025-04-22T20:17:00+00:00","dateModified":"2025-04-22T20:17:00+00:00","breadcrumb":{"@id":"https:\/\/vieassociative.be\/actualites\/80-ans-brf-od-en-conversation-avec-des-temoins-contemporains-freddy-des-elections-cetait-une-periode-de-bien-excitante\/#breadcrumb"},"inLanguage":"fr-BE","potentialAction":[{"@type":"ReadAction","target":["https:\/\/vieassociative.be\/actualites\/80-ans-brf-od-en-conversation-avec-des-temoins-contemporains-freddy-des-elections-cetait-une-periode-de-bien-excitante\/"]}]},{"@type":"ImageObject","inLanguage":"fr-BE","@id":"https:\/\/vieassociative.be\/actualites\/80-ans-brf-od-en-conversation-avec-des-temoins-contemporains-freddy-des-elections-cetait-une-periode-de-bien-excitante\/#primaryimage","url":"https:\/\/vieassociative.be\/actualites\/wp-content\/uploads\/2025\/04\/1745353020_80-ans-brf-od-en-conversation-avec-des-temoins-contemporains-Freddy-des.jpg","contentUrl":"https:\/\/vieassociative.be\/actualites\/wp-content\/uploads\/2025\/04\/1745353020_80-ans-brf-od-en-conversation-avec-des-temoins-contemporains-Freddy-des.jpg","width":1764,"height":1288,"caption":"80 ans brf-od en conversation avec des t\u00e9moins contemporains-Freddy des \u00e9lections: \"C'\u00e9tait une p\u00e9riode de bien excitante\""},{"@type":"BreadcrumbList","@id":"https:\/\/vieassociative.be\/actualites\/80-ans-brf-od-en-conversation-avec-des-temoins-contemporains-freddy-des-elections-cetait-une-periode-de-bien-excitante\/#breadcrumb","itemListElement":[{"@type":"ListItem","position":1,"name":"Accueil","item":"https:\/\/vieassociative.be\/actualites\/"},{"@type":"ListItem","position":2,"name":"80 ans brf-od en conversation avec des t\u00e9moins contemporains-Freddy des \u00e9lections: \u00ab\u00a0C&rsquo;\u00e9tait une p\u00e9riode de bien excitante\u00a0\u00bb"}]},{"@type":"WebSite","@id":"https:\/\/vieassociative.be\/actualites\/#website","url":"https:\/\/vieassociative.be\/actualites\/","name":"Vie Associative","description":"","publisher":{"@id":"https:\/\/vieassociative.be\/actualites\/#organization"},"potentialAction":[{"@type":"SearchAction","target":{"@type":"EntryPoint","urlTemplate":"https:\/\/vieassociative.be\/actualites\/?s={search_term_string}"},"query-input":{"@type":"PropertyValueSpecification","valueRequired":true,"valueName":"search_term_string"}}],"inLanguage":"fr-BE"},{"@type":"Organization","@id":"https:\/\/vieassociative.be\/actualites\/#organization","name":"Vie Associative","url":"https:\/\/vieassociative.be\/actualites\/","logo":{"@type":"ImageObject","inLanguage":"fr-BE","@id":"https:\/\/vieassociative.be\/actualites\/#\/schema\/logo\/image\/","url":"https:\/\/vieassociative.be\/actualites\/wp-content\/uploads\/2024\/09\/cropped-vieassociative_favicon.ico.png","contentUrl":"https:\/\/vieassociative.be\/actualites\/wp-content\/uploads\/2024\/09\/cropped-vieassociative_favicon.ico.png","width":512,"height":512,"caption":"Vie Associative"},"image":{"@id":"https:\/\/vieassociative.be\/actualites\/#\/schema\/logo\/image\/"}},{"@type":"Person","@id":"https:\/\/vieassociative.be\/actualites\/#\/schema\/person\/b87ac4f82f9d4e7b7cec7395b679edc4","name":"Julien","image":{"@type":"ImageObject","inLanguage":"fr-BE","@id":"https:\/\/vieassociative.be\/actualites\/#\/schema\/person\/image\/","url":"https:\/\/vieassociative.be\/actualites\/wp-content\/uploads\/2024\/09\/vie-associative-1-150x150.jpg","contentUrl":"https:\/\/vieassociative.be\/actualites\/wp-content\/uploads\/2024\/09\/vie-associative-1-150x150.jpg","caption":"Julien"},"description":"Je suis Julien, r\u00e9dacteur pour Vie Associative. Passionn\u00e9 par le monde associatif depuis plus de 10 ans, j'ai \u00e0 c\u0153ur de partager des histoires inspirantes et de mettre en lumi\u00e8re les initiatives locales. Mon objectif est de sensibiliser et d'encourager l'engagement communautaire \u00e0 travers mes articles.","sameAs":["https:\/\/vieassociative.be\/"]}]}},"_links":{"self":[{"href":"https:\/\/vieassociative.be\/actualites\/wp-json\/wp\/v2\/posts\/6945"}],"collection":[{"href":"https:\/\/vieassociative.be\/actualites\/wp-json\/wp\/v2\/posts"}],"about":[{"href":"https:\/\/vieassociative.be\/actualites\/wp-json\/wp\/v2\/types\/post"}],"author":[{"embeddable":true,"href":"https:\/\/vieassociative.be\/actualites\/wp-json\/wp\/v2\/users\/1"}],"replies":[{"embeddable":true,"href":"https:\/\/vieassociative.be\/actualites\/wp-json\/wp\/v2\/comments?post=6945"}],"version-history":[{"count":0,"href":"https:\/\/vieassociative.be\/actualites\/wp-json\/wp\/v2\/posts\/6945\/revisions"}],"wp:featuredmedia":[{"embeddable":true,"href":"https:\/\/vieassociative.be\/actualites\/wp-json\/wp\/v2\/media\/6946"}],"wp:attachment":[{"href":"https:\/\/vieassociative.be\/actualites\/wp-json\/wp\/v2\/media?parent=6945"}],"wp:term":[{"taxonomy":"category","embeddable":true,"href":"https:\/\/vieassociative.be\/actualites\/wp-json\/wp\/v2\/categories?post=6945"},{"taxonomy":"post_tag","embeddable":true,"href":"https:\/\/vieassociative.be\/actualites\/wp-json\/wp\/v2\/tags?post=6945"}],"curies":[{"name":"wp","href":"https:\/\/api.w.org\/{rel}","templated":true}]}}