{"id":6939,"date":"2025-04-22T16:17:01","date_gmt":"2025-04-22T14:17:01","guid":{"rendered":"https:\/\/vieassociative.be\/actualites\/les-repetitions-des-spermatozoides-de-liege-qui-est-mortelle-recuperee-en-fevrier-sur-sylt-analyse-a-liege\/"},"modified":"2025-04-22T16:17:01","modified_gmt":"2025-04-22T14:17:01","slug":"les-repetitions-des-spermatozoides-de-liege-qui-est-mortelle-recuperee-en-fevrier-sur-sylt-analyse-a-liege","status":"publish","type":"post","link":"https:\/\/vieassociative.be\/actualites\/les-repetitions-des-spermatozoides-de-liege-qui-est-mortelle-recuperee-en-fevrier-sur-sylt-analyse-a-liege\/","title":{"rendered":"Les r\u00e9p\u00e9titions des spermatozo\u00efdes de Li\u00e8ge, qui est mortelle r\u00e9cup\u00e9r\u00e9e en f\u00e9vrier sur SYLT, analys\u00e9 \u00e0 Li\u00e8ge"},"content":{"rendered":"<p><strong>Il y a environ deux mois, les experts ont n\u00e9goci\u00e9 le cadavre lourd d&rsquo;un sperme sur Sylt et l&rsquo;ont d\u00e9mont\u00e9 en morceaux. Des parties de l&rsquo;animal mort pourraient d\u00e9sormais fournir des connaissances passionnantes.<\/strong><\/p>\n<p><span id=\"more-413980\"><\/span>Les r\u00e9p\u00e9titions des versets de spermatozo\u00efdes pour les spermatozo\u00efdes Carcada ont r\u00e9cup\u00e9r\u00e9 mort sur SYLT il y a environ deux mois sont maintenant examin\u00e9s en Belgique. Les scientifiques veulent en savoir plus sur les jeunes spermatozo\u00efdes masculins sur lesquels peu connu jusqu&rsquo;\u00e0 pr\u00e9sent. De plus, un profil toxicologique doit \u00eatre cr\u00e9\u00e9. Les produits chimiques et autres polluants sont parfois d\u00e9tectables dans le tissu adipeux des baleines.<\/p>\n<p>\u00c0 l&rsquo;Universit\u00e9 de Li\u00e8ge, des tissus persistants de la carcasse de sperme lourds de 10 \u00e0 15 tonnes sont analys\u00e9s. Les r\u00e9sultats des examens toxicologiques doivent ensuite \u00eatre compar\u00e9s aux autres d\u00e9couvertes de baleines.<\/p>\n<div id=\"attachment_413982\" class=\"wp-caption alignleft\" style=\"max-width: 300px\"><img fetchpriority=\"high\" decoding=\"async\" class=\"wp-image-413982 size-medium\" src=\"https:\/\/vieassociative.be\/actualites\/wp-content\/uploads\/2025\/04\/Les-repetitions-des-spermatozoides-de-Liege-qui-est-mortelle-recuperee.jpg\" alt=\"\" width=\"300\" height=\"200\"><\/p>\n<p class=\"wp-caption-text\">18\/02\/2025, Schleswig-Holstein, H\u00f6rnum (SYLT): chercheur de l&rsquo;Institut for Terrestrial and Aquatic Wildlife Research (ITAW) examine le sperme \u00e9tal\u00e9 humide sur la plage. Photo: Jonas Walzberg \/ DPA<\/p>\n<\/div>\n<p>Les experts ne peuvent pas dire actuellement pourquoi le jeune Walbulle s&rsquo;est perdu dans la mer du Nord relativement plate. L&rsquo;origine de l&rsquo;animal est encore inconnue.<\/p>\n<p>La cause du d\u00e9c\u00e8s a maintenant \u00e9t\u00e9 d\u00e9termin\u00e9e: le sperme, qui \u00e9tait mort le 17 f\u00e9vrier, mort devant Sylt, probablement \u00e9touff\u00e9 de son propre poids. Les eaux de mar\u00e9e sont des ph\u00e9nom\u00e8nes que les gigantesques ne connaissent pas. Si un spermatozo\u00efde se trouve sur la base, il est \u00e9cras\u00e9 par son propre poids corporel.<\/p>\n<p>Lorsque le plateau de baleine de 14,3 m\u00e8tres longs a \u00e9t\u00e9 d\u00e9couvert devant H\u00f6rnum sur Sylt, il \u00e9tait mort depuis longtemps. Des experts d&rsquo;une entreprise sp\u00e9cialis\u00e9e ont d\u00e9montr\u00e9 les 10 \u00e0 15 tonnes de carcasses sur la plage. La m\u00e2choire inf\u00e9rieure est actuellement pr\u00e9par\u00e9e et sera plus tard expos\u00e9e sur l&rsquo;\u00eele de la mer du Nord.<\/p>\n<p>Les morceaux de la morte Meave Seiten, qui ont \u00e9t\u00e9 garnies d&rsquo;une tron\u00e7onneuse, ont \u00e9t\u00e9 amen\u00e9s au corps animal dans des conteneurs sp\u00e9ciaux avec le train de voiture pour Jagel (district de Schleswig-Flensburg) au sud de Flensburg.<\/p>\n<p>Auparavant, les scientifiques avaient pris les r\u00e9p\u00e9titions qui sont maintenant analys\u00e9es \u00e0 Li\u00e8ge. (DPA \/ CRE)<\/p>\n","protected":false},"excerpt":{"rendered":"<p>Il y a environ deux mois, les experts ont n\u00e9goci\u00e9 le cadavre lourd d&rsquo;un sperme sur Sylt et l&rsquo;ont d\u00e9mont\u00e9 en morceaux. Des parties de<\/p>\n","protected":false},"author":1,"featured_media":6940,"comment_status":"","ping_status":"","sticky":false,"template":"","format":"standard","meta":{"footnotes":""},"categories":[298],"tags":[6557,29,76,2464,14,6554,4325,99,6555,6552,6553,33,6556],"class_list":["post-6939","post","type-post","status-publish","format-standard","has-post-thumbnail","hentry","category-belgique","tag-analyse","tag-des","tag-est","tag-fevrier","tag-les","tag-liege","tag-mortelle","tag-qui","tag-recuperee","tag-repetitions","tag-spermatozoides","tag-sur","tag-sylt","generate-columns","tablet-grid-50","mobile-grid-100","grid-parent","grid-33"],"yoast_head":"<!-- This site is optimized with the Yoast SEO plugin v24.0 - https:\/\/yoast.com\/wordpress\/plugins\/seo\/ -->\n<title>Les r\u00e9p\u00e9titions des spermatozo\u00efdes de Li\u00e8ge, qui est mortelle r\u00e9cup\u00e9r\u00e9e en f\u00e9vrier sur SYLT, analys\u00e9 \u00e0 Li\u00e8ge | Vie Associative<\/title>\n<meta name=\"robots\" content=\"index, follow, max-snippet:-1, max-image-preview:large, max-video-preview:-1\" \/>\n<link rel=\"canonical\" href=\"https:\/\/vieassociative.be\/actualites\/les-repetitions-des-spermatozoides-de-liege-qui-est-mortelle-recuperee-en-fevrier-sur-sylt-analyse-a-liege\/\" \/>\n<meta property=\"og:locale\" content=\"fr_FR\" \/>\n<meta property=\"og:type\" content=\"article\" \/>\n<meta property=\"og:title\" content=\"Les r\u00e9p\u00e9titions des spermatozo\u00efdes de Li\u00e8ge, qui est mortelle r\u00e9cup\u00e9r\u00e9e en f\u00e9vrier sur SYLT, analys\u00e9 \u00e0 Li\u00e8ge | Vie Associative\" \/>\n<meta property=\"og:description\" content=\"Il y a environ deux mois, les experts ont n\u00e9goci\u00e9 le cadavre lourd d&rsquo;un sperme sur Sylt et l&rsquo;ont d\u00e9mont\u00e9 en morceaux. Des parties de\" \/>\n<meta property=\"og:url\" content=\"https:\/\/vieassociative.be\/actualites\/les-repetitions-des-spermatozoides-de-liege-qui-est-mortelle-recuperee-en-fevrier-sur-sylt-analyse-a-liege\/\" \/>\n<meta property=\"og:site_name\" content=\"Vie Associative\" \/>\n<meta property=\"article:published_time\" content=\"2025-04-22T14:17:01+00:00\" \/>\n<meta property=\"og:image\" content=\"https:\/\/vieassociative.be\/actualites\/wp-content\/uploads\/2024\/09\/header_backgroundk-01-e1726694325946.png\" \/>\n\t<meta property=\"og:image:width\" content=\"279\" \/>\n\t<meta property=\"og:image:height\" content=\"92\" \/>\n\t<meta property=\"og:image:type\" content=\"image\/png\" \/>\n<meta name=\"author\" content=\"Julien\" \/>\n<meta name=\"twitter:card\" content=\"summary_large_image\" \/>\n<meta name=\"twitter:label1\" content=\"\u00c9crit par\" \/>\n\t<meta name=\"twitter:data1\" content=\"Julien\" \/>\n\t<meta name=\"twitter:label2\" content=\"Dur\u00e9e de lecture est.\" \/>\n\t<meta name=\"twitter:data2\" content=\"2 minutes\" \/>\n<script type=\"application\/ld+json\" class=\"yoast-schema-graph\">{\"@context\":\"https:\/\/schema.org\",\"@graph\":[{\"@type\":\"Article\",\"@id\":\"https:\/\/vieassociative.be\/actualites\/les-repetitions-des-spermatozoides-de-liege-qui-est-mortelle-recuperee-en-fevrier-sur-sylt-analyse-a-liege\/#article\",\"isPartOf\":{\"@id\":\"https:\/\/vieassociative.be\/actualites\/les-repetitions-des-spermatozoides-de-liege-qui-est-mortelle-recuperee-en-fevrier-sur-sylt-analyse-a-liege\/\"},\"author\":{\"name\":\"Julien\",\"@id\":\"https:\/\/vieassociative.be\/actualites\/#\/schema\/person\/b87ac4f82f9d4e7b7cec7395b679edc4\"},\"headline\":\"Les r\u00e9p\u00e9titions des spermatozo\u00efdes de Li\u00e8ge, qui est mortelle r\u00e9cup\u00e9r\u00e9e en f\u00e9vrier sur SYLT, analys\u00e9 \u00e0 Li\u00e8ge\",\"datePublished\":\"2025-04-22T14:17:01+00:00\",\"dateModified\":\"2025-04-22T14:17:01+00:00\",\"mainEntityOfPage\":{\"@id\":\"https:\/\/vieassociative.be\/actualites\/les-repetitions-des-spermatozoides-de-liege-qui-est-mortelle-recuperee-en-fevrier-sur-sylt-analyse-a-liege\/\"},\"wordCount\":418,\"publisher\":{\"@id\":\"https:\/\/vieassociative.be\/actualites\/#organization\"},\"image\":{\"@id\":\"https:\/\/vieassociative.be\/actualites\/les-repetitions-des-spermatozoides-de-liege-qui-est-mortelle-recuperee-en-fevrier-sur-sylt-analyse-a-liege\/#primaryimage\"},\"thumbnailUrl\":\"https:\/\/vieassociative.be\/actualites\/wp-content\/uploads\/2025\/04\/1745331421_Les-repetitions-des-spermatozoides-de-Liege-qui-est-mortelle-recuperee.jpg\",\"keywords\":[\"analys\u00e9\",\"Des\",\"est\",\"f\u00e9vrier\",\"Les\",\"Li\u00e8ge\",\"mortelle\",\"qui\",\"r\u00e9cup\u00e9r\u00e9e\",\"r\u00e9p\u00e9titions\",\"spermatozo\u00efdes\",\"sur\",\"SYLT\"],\"articleSection\":[\"Belgique\"],\"inLanguage\":\"fr-BE\"},{\"@type\":\"WebPage\",\"@id\":\"https:\/\/vieassociative.be\/actualites\/les-repetitions-des-spermatozoides-de-liege-qui-est-mortelle-recuperee-en-fevrier-sur-sylt-analyse-a-liege\/\",\"url\":\"https:\/\/vieassociative.be\/actualites\/les-repetitions-des-spermatozoides-de-liege-qui-est-mortelle-recuperee-en-fevrier-sur-sylt-analyse-a-liege\/\",\"name\":\"Les r\u00e9p\u00e9titions des spermatozo\u00efdes de Li\u00e8ge, qui est mortelle r\u00e9cup\u00e9r\u00e9e en f\u00e9vrier sur SYLT, analys\u00e9 \u00e0 Li\u00e8ge | Vie Associative\",\"isPartOf\":{\"@id\":\"https:\/\/vieassociative.be\/actualites\/#website\"},\"primaryImageOfPage\":{\"@id\":\"https:\/\/vieassociative.be\/actualites\/les-repetitions-des-spermatozoides-de-liege-qui-est-mortelle-recuperee-en-fevrier-sur-sylt-analyse-a-liege\/#primaryimage\"},\"image\":{\"@id\":\"https:\/\/vieassociative.be\/actualites\/les-repetitions-des-spermatozoides-de-liege-qui-est-mortelle-recuperee-en-fevrier-sur-sylt-analyse-a-liege\/#primaryimage\"},\"thumbnailUrl\":\"https:\/\/vieassociative.be\/actualites\/wp-content\/uploads\/2025\/04\/1745331421_Les-repetitions-des-spermatozoides-de-Liege-qui-est-mortelle-recuperee.jpg\",\"datePublished\":\"2025-04-22T14:17:01+00:00\",\"dateModified\":\"2025-04-22T14:17:01+00:00\",\"breadcrumb\":{\"@id\":\"https:\/\/vieassociative.be\/actualites\/les-repetitions-des-spermatozoides-de-liege-qui-est-mortelle-recuperee-en-fevrier-sur-sylt-analyse-a-liege\/#breadcrumb\"},\"inLanguage\":\"fr-BE\",\"potentialAction\":[{\"@type\":\"ReadAction\",\"target\":[\"https:\/\/vieassociative.be\/actualites\/les-repetitions-des-spermatozoides-de-liege-qui-est-mortelle-recuperee-en-fevrier-sur-sylt-analyse-a-liege\/\"]}]},{\"@type\":\"ImageObject\",\"inLanguage\":\"fr-BE\",\"@id\":\"https:\/\/vieassociative.be\/actualites\/les-repetitions-des-spermatozoides-de-liege-qui-est-mortelle-recuperee-en-fevrier-sur-sylt-analyse-a-liege\/#primaryimage\",\"url\":\"https:\/\/vieassociative.be\/actualites\/wp-content\/uploads\/2025\/04\/1745331421_Les-repetitions-des-spermatozoides-de-Liege-qui-est-mortelle-recuperee.jpg\",\"contentUrl\":\"https:\/\/vieassociative.be\/actualites\/wp-content\/uploads\/2025\/04\/1745331421_Les-repetitions-des-spermatozoides-de-Liege-qui-est-mortelle-recuperee.jpg\",\"width\":1200,\"height\":900,\"caption\":\"Les r\u00e9p\u00e9titions des spermatozo\u00efdes de Li\u00e8ge, qui est mortelle r\u00e9cup\u00e9r\u00e9e en f\u00e9vrier sur SYLT, analys\u00e9 \u00e0 Li\u00e8ge\"},{\"@type\":\"BreadcrumbList\",\"@id\":\"https:\/\/vieassociative.be\/actualites\/les-repetitions-des-spermatozoides-de-liege-qui-est-mortelle-recuperee-en-fevrier-sur-sylt-analyse-a-liege\/#breadcrumb\",\"itemListElement\":[{\"@type\":\"ListItem\",\"position\":1,\"name\":\"Accueil\",\"item\":\"https:\/\/vieassociative.be\/actualites\/\"},{\"@type\":\"ListItem\",\"position\":2,\"name\":\"Les r\u00e9p\u00e9titions des spermatozo\u00efdes de Li\u00e8ge, qui est mortelle r\u00e9cup\u00e9r\u00e9e en f\u00e9vrier sur SYLT, analys\u00e9 \u00e0 Li\u00e8ge\"}]},{\"@type\":\"WebSite\",\"@id\":\"https:\/\/vieassociative.be\/actualites\/#website\",\"url\":\"https:\/\/vieassociative.be\/actualites\/\",\"name\":\"Vie Associative\",\"description\":\"\",\"publisher\":{\"@id\":\"https:\/\/vieassociative.be\/actualites\/#organization\"},\"potentialAction\":[{\"@type\":\"SearchAction\",\"target\":{\"@type\":\"EntryPoint\",\"urlTemplate\":\"https:\/\/vieassociative.be\/actualites\/?s={search_term_string}\"},\"query-input\":{\"@type\":\"PropertyValueSpecification\",\"valueRequired\":true,\"valueName\":\"search_term_string\"}}],\"inLanguage\":\"fr-BE\"},{\"@type\":\"Organization\",\"@id\":\"https:\/\/vieassociative.be\/actualites\/#organization\",\"name\":\"Vie Associative\",\"url\":\"https:\/\/vieassociative.be\/actualites\/\",\"logo\":{\"@type\":\"ImageObject\",\"inLanguage\":\"fr-BE\",\"@id\":\"https:\/\/vieassociative.be\/actualites\/#\/schema\/logo\/image\/\",\"url\":\"https:\/\/vieassociative.be\/actualites\/wp-content\/uploads\/2024\/09\/cropped-vieassociative_favicon.ico.png\",\"contentUrl\":\"https:\/\/vieassociative.be\/actualites\/wp-content\/uploads\/2024\/09\/cropped-vieassociative_favicon.ico.png\",\"width\":512,\"height\":512,\"caption\":\"Vie Associative\"},\"image\":{\"@id\":\"https:\/\/vieassociative.be\/actualites\/#\/schema\/logo\/image\/\"}},{\"@type\":\"Person\",\"@id\":\"https:\/\/vieassociative.be\/actualites\/#\/schema\/person\/b87ac4f82f9d4e7b7cec7395b679edc4\",\"name\":\"Julien\",\"image\":{\"@type\":\"ImageObject\",\"inLanguage\":\"fr-BE\",\"@id\":\"https:\/\/vieassociative.be\/actualites\/#\/schema\/person\/image\/\",\"url\":\"https:\/\/vieassociative.be\/actualites\/wp-content\/uploads\/2024\/09\/vie-associative-1-150x150.jpg\",\"contentUrl\":\"https:\/\/vieassociative.be\/actualites\/wp-content\/uploads\/2024\/09\/vie-associative-1-150x150.jpg\",\"caption\":\"Julien\"},\"description\":\"Je suis Julien, r\u00e9dacteur pour Vie Associative. Passionn\u00e9 par le monde associatif depuis plus de 10 ans, j'ai \u00e0 c\u0153ur de partager des histoires inspirantes et de mettre en lumi\u00e8re les initiatives locales. Mon objectif est de sensibiliser et d'encourager l'engagement communautaire \u00e0 travers mes articles.\",\"sameAs\":[\"https:\/\/vieassociative.be\/\"]}]}<\/script>\n<!-- \/ Yoast SEO plugin. -->","yoast_head_json":{"title":"Les r\u00e9p\u00e9titions des spermatozo\u00efdes de Li\u00e8ge, qui est mortelle r\u00e9cup\u00e9r\u00e9e en f\u00e9vrier sur SYLT, analys\u00e9 \u00e0 Li\u00e8ge | Vie Associative","robots":{"index":"index","follow":"follow","max-snippet":"max-snippet:-1","max-image-preview":"max-image-preview:large","max-video-preview":"max-video-preview:-1"},"canonical":"https:\/\/vieassociative.be\/actualites\/les-repetitions-des-spermatozoides-de-liege-qui-est-mortelle-recuperee-en-fevrier-sur-sylt-analyse-a-liege\/","og_locale":"fr_FR","og_type":"article","og_title":"Les r\u00e9p\u00e9titions des spermatozo\u00efdes de Li\u00e8ge, qui est mortelle r\u00e9cup\u00e9r\u00e9e en f\u00e9vrier sur SYLT, analys\u00e9 \u00e0 Li\u00e8ge | Vie Associative","og_description":"Il y a environ deux mois, les experts ont n\u00e9goci\u00e9 le cadavre lourd d&rsquo;un sperme sur Sylt et l&rsquo;ont d\u00e9mont\u00e9 en morceaux. Des parties de","og_url":"https:\/\/vieassociative.be\/actualites\/les-repetitions-des-spermatozoides-de-liege-qui-est-mortelle-recuperee-en-fevrier-sur-sylt-analyse-a-liege\/","og_site_name":"Vie Associative","article_published_time":"2025-04-22T14:17:01+00:00","og_image":[{"width":279,"height":92,"url":"https:\/\/vieassociative.be\/actualites\/wp-content\/uploads\/2024\/09\/header_backgroundk-01-e1726694325946.png","type":"image\/png"}],"author":"Julien","twitter_card":"summary_large_image","twitter_misc":{"\u00c9crit par":"Julien","Dur\u00e9e de lecture est.":"2 minutes"},"schema":{"@context":"https:\/\/schema.org","@graph":[{"@type":"Article","@id":"https:\/\/vieassociative.be\/actualites\/les-repetitions-des-spermatozoides-de-liege-qui-est-mortelle-recuperee-en-fevrier-sur-sylt-analyse-a-liege\/#article","isPartOf":{"@id":"https:\/\/vieassociative.be\/actualites\/les-repetitions-des-spermatozoides-de-liege-qui-est-mortelle-recuperee-en-fevrier-sur-sylt-analyse-a-liege\/"},"author":{"name":"Julien","@id":"https:\/\/vieassociative.be\/actualites\/#\/schema\/person\/b87ac4f82f9d4e7b7cec7395b679edc4"},"headline":"Les r\u00e9p\u00e9titions des spermatozo\u00efdes de Li\u00e8ge, qui est mortelle r\u00e9cup\u00e9r\u00e9e en f\u00e9vrier sur SYLT, analys\u00e9 \u00e0 Li\u00e8ge","datePublished":"2025-04-22T14:17:01+00:00","dateModified":"2025-04-22T14:17:01+00:00","mainEntityOfPage":{"@id":"https:\/\/vieassociative.be\/actualites\/les-repetitions-des-spermatozoides-de-liege-qui-est-mortelle-recuperee-en-fevrier-sur-sylt-analyse-a-liege\/"},"wordCount":418,"publisher":{"@id":"https:\/\/vieassociative.be\/actualites\/#organization"},"image":{"@id":"https:\/\/vieassociative.be\/actualites\/les-repetitions-des-spermatozoides-de-liege-qui-est-mortelle-recuperee-en-fevrier-sur-sylt-analyse-a-liege\/#primaryimage"},"thumbnailUrl":"https:\/\/vieassociative.be\/actualites\/wp-content\/uploads\/2025\/04\/1745331421_Les-repetitions-des-spermatozoides-de-Liege-qui-est-mortelle-recuperee.jpg","keywords":["analys\u00e9","Des","est","f\u00e9vrier","Les","Li\u00e8ge","mortelle","qui","r\u00e9cup\u00e9r\u00e9e","r\u00e9p\u00e9titions","spermatozo\u00efdes","sur","SYLT"],"articleSection":["Belgique"],"inLanguage":"fr-BE"},{"@type":"WebPage","@id":"https:\/\/vieassociative.be\/actualites\/les-repetitions-des-spermatozoides-de-liege-qui-est-mortelle-recuperee-en-fevrier-sur-sylt-analyse-a-liege\/","url":"https:\/\/vieassociative.be\/actualites\/les-repetitions-des-spermatozoides-de-liege-qui-est-mortelle-recuperee-en-fevrier-sur-sylt-analyse-a-liege\/","name":"Les r\u00e9p\u00e9titions des spermatozo\u00efdes de Li\u00e8ge, qui est mortelle r\u00e9cup\u00e9r\u00e9e en f\u00e9vrier sur SYLT, analys\u00e9 \u00e0 Li\u00e8ge | Vie Associative","isPartOf":{"@id":"https:\/\/vieassociative.be\/actualites\/#website"},"primaryImageOfPage":{"@id":"https:\/\/vieassociative.be\/actualites\/les-repetitions-des-spermatozoides-de-liege-qui-est-mortelle-recuperee-en-fevrier-sur-sylt-analyse-a-liege\/#primaryimage"},"image":{"@id":"https:\/\/vieassociative.be\/actualites\/les-repetitions-des-spermatozoides-de-liege-qui-est-mortelle-recuperee-en-fevrier-sur-sylt-analyse-a-liege\/#primaryimage"},"thumbnailUrl":"https:\/\/vieassociative.be\/actualites\/wp-content\/uploads\/2025\/04\/1745331421_Les-repetitions-des-spermatozoides-de-Liege-qui-est-mortelle-recuperee.jpg","datePublished":"2025-04-22T14:17:01+00:00","dateModified":"2025-04-22T14:17:01+00:00","breadcrumb":{"@id":"https:\/\/vieassociative.be\/actualites\/les-repetitions-des-spermatozoides-de-liege-qui-est-mortelle-recuperee-en-fevrier-sur-sylt-analyse-a-liege\/#breadcrumb"},"inLanguage":"fr-BE","potentialAction":[{"@type":"ReadAction","target":["https:\/\/vieassociative.be\/actualites\/les-repetitions-des-spermatozoides-de-liege-qui-est-mortelle-recuperee-en-fevrier-sur-sylt-analyse-a-liege\/"]}]},{"@type":"ImageObject","inLanguage":"fr-BE","@id":"https:\/\/vieassociative.be\/actualites\/les-repetitions-des-spermatozoides-de-liege-qui-est-mortelle-recuperee-en-fevrier-sur-sylt-analyse-a-liege\/#primaryimage","url":"https:\/\/vieassociative.be\/actualites\/wp-content\/uploads\/2025\/04\/1745331421_Les-repetitions-des-spermatozoides-de-Liege-qui-est-mortelle-recuperee.jpg","contentUrl":"https:\/\/vieassociative.be\/actualites\/wp-content\/uploads\/2025\/04\/1745331421_Les-repetitions-des-spermatozoides-de-Liege-qui-est-mortelle-recuperee.jpg","width":1200,"height":900,"caption":"Les r\u00e9p\u00e9titions des spermatozo\u00efdes de Li\u00e8ge, qui est mortelle r\u00e9cup\u00e9r\u00e9e en f\u00e9vrier sur SYLT, analys\u00e9 \u00e0 Li\u00e8ge"},{"@type":"BreadcrumbList","@id":"https:\/\/vieassociative.be\/actualites\/les-repetitions-des-spermatozoides-de-liege-qui-est-mortelle-recuperee-en-fevrier-sur-sylt-analyse-a-liege\/#breadcrumb","itemListElement":[{"@type":"ListItem","position":1,"name":"Accueil","item":"https:\/\/vieassociative.be\/actualites\/"},{"@type":"ListItem","position":2,"name":"Les r\u00e9p\u00e9titions des spermatozo\u00efdes de Li\u00e8ge, qui est mortelle r\u00e9cup\u00e9r\u00e9e en f\u00e9vrier sur SYLT, analys\u00e9 \u00e0 Li\u00e8ge"}]},{"@type":"WebSite","@id":"https:\/\/vieassociative.be\/actualites\/#website","url":"https:\/\/vieassociative.be\/actualites\/","name":"Vie Associative","description":"","publisher":{"@id":"https:\/\/vieassociative.be\/actualites\/#organization"},"potentialAction":[{"@type":"SearchAction","target":{"@type":"EntryPoint","urlTemplate":"https:\/\/vieassociative.be\/actualites\/?s={search_term_string}"},"query-input":{"@type":"PropertyValueSpecification","valueRequired":true,"valueName":"search_term_string"}}],"inLanguage":"fr-BE"},{"@type":"Organization","@id":"https:\/\/vieassociative.be\/actualites\/#organization","name":"Vie Associative","url":"https:\/\/vieassociative.be\/actualites\/","logo":{"@type":"ImageObject","inLanguage":"fr-BE","@id":"https:\/\/vieassociative.be\/actualites\/#\/schema\/logo\/image\/","url":"https:\/\/vieassociative.be\/actualites\/wp-content\/uploads\/2024\/09\/cropped-vieassociative_favicon.ico.png","contentUrl":"https:\/\/vieassociative.be\/actualites\/wp-content\/uploads\/2024\/09\/cropped-vieassociative_favicon.ico.png","width":512,"height":512,"caption":"Vie Associative"},"image":{"@id":"https:\/\/vieassociative.be\/actualites\/#\/schema\/logo\/image\/"}},{"@type":"Person","@id":"https:\/\/vieassociative.be\/actualites\/#\/schema\/person\/b87ac4f82f9d4e7b7cec7395b679edc4","name":"Julien","image":{"@type":"ImageObject","inLanguage":"fr-BE","@id":"https:\/\/vieassociative.be\/actualites\/#\/schema\/person\/image\/","url":"https:\/\/vieassociative.be\/actualites\/wp-content\/uploads\/2024\/09\/vie-associative-1-150x150.jpg","contentUrl":"https:\/\/vieassociative.be\/actualites\/wp-content\/uploads\/2024\/09\/vie-associative-1-150x150.jpg","caption":"Julien"},"description":"Je suis Julien, r\u00e9dacteur pour Vie Associative. Passionn\u00e9 par le monde associatif depuis plus de 10 ans, j'ai \u00e0 c\u0153ur de partager des histoires inspirantes et de mettre en lumi\u00e8re les initiatives locales. Mon objectif est de sensibiliser et d'encourager l'engagement communautaire \u00e0 travers mes articles.","sameAs":["https:\/\/vieassociative.be\/"]}]}},"_links":{"self":[{"href":"https:\/\/vieassociative.be\/actualites\/wp-json\/wp\/v2\/posts\/6939"}],"collection":[{"href":"https:\/\/vieassociative.be\/actualites\/wp-json\/wp\/v2\/posts"}],"about":[{"href":"https:\/\/vieassociative.be\/actualites\/wp-json\/wp\/v2\/types\/post"}],"author":[{"embeddable":true,"href":"https:\/\/vieassociative.be\/actualites\/wp-json\/wp\/v2\/users\/1"}],"replies":[{"embeddable":true,"href":"https:\/\/vieassociative.be\/actualites\/wp-json\/wp\/v2\/comments?post=6939"}],"version-history":[{"count":0,"href":"https:\/\/vieassociative.be\/actualites\/wp-json\/wp\/v2\/posts\/6939\/revisions"}],"wp:featuredmedia":[{"embeddable":true,"href":"https:\/\/vieassociative.be\/actualites\/wp-json\/wp\/v2\/media\/6940"}],"wp:attachment":[{"href":"https:\/\/vieassociative.be\/actualites\/wp-json\/wp\/v2\/media?parent=6939"}],"wp:term":[{"taxonomy":"category","embeddable":true,"href":"https:\/\/vieassociative.be\/actualites\/wp-json\/wp\/v2\/categories?post=6939"},{"taxonomy":"post_tag","embeddable":true,"href":"https:\/\/vieassociative.be\/actualites\/wp-json\/wp\/v2\/tags?post=6939"}],"curies":[{"name":"wp","href":"https:\/\/api.w.org\/{rel}","templated":true}]}}