{"id":6937,"date":"2025-04-22T15:17:15","date_gmt":"2025-04-22T13:17:15","guid":{"rendered":"https:\/\/vieassociative.be\/actualites\/le-ring-spotlight-cam-pro-est-a-son-prix-le-plus-bas-de-tous-les-temps\/"},"modified":"2025-04-22T15:17:15","modified_gmt":"2025-04-22T13:17:15","slug":"le-ring-spotlight-cam-pro-est-a-son-prix-le-plus-bas-de-tous-les-temps","status":"publish","type":"post","link":"https:\/\/vieassociative.be\/actualites\/le-ring-spotlight-cam-pro-est-a-son-prix-le-plus-bas-de-tous-les-temps\/","title":{"rendered":"Le Ring Spotlight Cam Pro est \u00e0 son prix le plus bas de tous les temps"},"content":{"rendered":"<div class=\"mt-4 leading-6 md:mb-8\">Une came de s\u00e9curit\u00e9 intelligente et intelligente avec une configuration facile et un excellent audio.<\/div>\n<p><\/p>\n<p>Si vous avez pens\u00e9 \u00e0 ajouter une cam\u00e9ra de s\u00e9curit\u00e9 \u00e0 votre configuration mais que vous souhaitez quelque chose d&rsquo;un peu plus raffin\u00e9 que les options d&rsquo;entr\u00e9e de gamme, le Ring Spotlight Cam Pro pourrait frapper ce terrain d&rsquo;entente. Normalement, au prix de 229,99 $, il est maintenant tomb\u00e9 \u00e0 159,99 $ sur Amazon, que les trackers de prix confirment que c&rsquo;est le plus bas de tous les temps. <\/p>\n<div class=\"pogoClear mb-12 mt-10 rounded-md border-2 border-gray-100 py-7 shadow-xl md:py-6\">\n<div class=\"flex flex-wrap justify-between px-7 text-black no-underline md:flex-nowrap md:px-8\">\n<div class=\"order-1 mx-auto flex flex-col justify-center md:order-2 md:ml-4 md:w-full md:grow\">\n<div class=\"block cursor-pointer text-center font-akshar text-2xl font-medium leading-7 text-brand-green duration-200 ease-in-out hover:text-brand-green-700 md:text-left md:text-xl md:leading-6\">Ring Spotlight Cam Pro, batterie\n                <\/div>\n<div class=\"mt-4 hidden md:flex md:justify-between\">\n<div class=\"self-end\">\n<div class=\"mb-0 h-11 md:flex md:flex-col md:justify-center\">\n<div class=\" font-sans leading-4 text-black\">\n<div class=\"flex flex-wrap items-center justify-center gap-x-1 md:justify-start\">\n        <span class=\"font-bold\"><\/p>\n<p>            159,99 $<br \/>\n                            <span class=\"font-medium\">\u00e0 Amazon<\/span><br \/>\n                    <\/span><br \/>\n                    <img decoding=\"async\" class=\"mt-0 h-(15px)\" src=\"https:\/\/vieassociative.be\/actualites\/wp-content\/uploads\/2025\/04\/Le-Ring-Spotlight-Cam-Pro-est-a-son-prix-le.svg.svg+xml\" title=\"Amazon Prime\" alt=\"Amazon Prime\">\n            <\/div>\n<div class=\"flex items-center justify-center gap-x-1 font-bold md:justify-start\">\n            <span class=\"text-sm line-through\">229,99 $<\/span><br \/>\n            <span class=\"text-sm text-brand-green\">\u00c9conomisez 70,00 $<\/span>\n        <\/div>\n<\/p><\/div>\n<\/p><\/div>\n<\/p><\/div>\n<div class=\"w-44 self-end\">\n                            <button class=\"flex justify-center items-center w-full bg-brand-green text-white text-base font-sans font-medium rounded-md hover:bg-brand-green-700 hover:cursor-pointer md:text-sm h-11\"><\/p>\n<p>    Conclure un accord<br \/>\n<\/button>\n                        <\/div>\n<\/p><\/div>\n<\/p><\/div>\n<div class=\"order-2 mt-5 h-auto w-full md:order-1 md:mt-0 md:hidden\">\n<div class=\"flex aspect-video items-center justify-center\">\n                                            <img decoding=\"async\" class=\"m-0 max-h-full max-w-full rounded-md\" src=\"https:\/\/vieassociative.be\/actualites\/wp-content\/uploads\/2025\/04\/Le-Ring-Spotlight-Cam-Pro-est-a-son-prix-le.jpg\" alt=\"Ring Spotlight Cam Pro, batterie\" width=\"auto\" height=\"auto\" loading=\"lazy\">\n                                    <\/div>\n<\/p><\/div>\n<div class=\"order-2 ml-2 hidden w-32 shrink-0 items-center md:order-1 md:ml-0 md:flex\">\n<div class=\"flex aspect-video items-center justify-center\">\n                                            <img decoding=\"async\" class=\"m-0 max-h-full max-w-full rounded-md\" src=\"https:\/\/vieassociative.be\/actualites\/wp-content\/uploads\/2025\/04\/Le-Ring-Spotlight-Cam-Pro-est-a-son-prix-le.jpg\" alt=\"Ring Spotlight Cam Pro, batterie\" width=\"auto\" height=\"auto\" loading=\"lazy\">\n                                    <\/div>\n<\/p><\/div>\n<div class=\"order-3 flex grow flex-wrap md:hidden md:grow-0\">\n<div class=\"mt-4 w-full\">\n                        <button class=\"flex justify-center items-center w-full bg-brand-green text-white text-base font-sans font-medium rounded-md hover:bg-brand-green-700 hover:cursor-pointer md:text-sm h-11\"><\/p>\n<p>    Conclure un accord<br \/>\n<\/button>\n                    <\/div>\n<div class=\"mx-2 mt-4 w-full\">\n<div class=\" font-sans leading-4 text-black\">\n<div class=\"flex flex-wrap items-center justify-center gap-x-1 md:justify-start\">\n        <span class=\"font-bold\"><\/p>\n<p>            159,99 $<br \/>\n                            <span class=\"font-medium\">\u00e0 Amazon<\/span><br \/>\n                    <\/span><br \/>\n                    <img decoding=\"async\" class=\"mt-0 h-(15px)\" src=\"https:\/\/vieassociative.be\/actualites\/wp-content\/uploads\/2025\/04\/Le-Ring-Spotlight-Cam-Pro-est-a-son-prix-le.svg.svg+xml\" title=\"Amazon Prime\" alt=\"Amazon Prime\">\n            <\/div>\n<div class=\"flex items-center justify-center gap-x-1 font-bold md:justify-start\">\n            <span class=\"text-sm line-through\">229,99 $<\/span><br \/>\n            <span class=\"text-sm text-brand-green\">\u00c9conomisez 70,00 $<\/span>\n        <\/div>\n<\/p><\/div>\n<\/p><\/div>\n<\/p><\/div>\n<\/p><\/div>\n<\/div>\n<p>C&rsquo;est une baisse rare pour une cam\u00e9ra Ring Pro Series, qui reste g\u00e9n\u00e9ralement \u00e0 l&rsquo;extr\u00e9mit\u00e9 premium de la gamme de s\u00e9curit\u00e9 \u00e0 domicile d&rsquo;Amazon. Ce mod\u00e8le est sorti en 2022, et bien que la r\u00e9solution 1080p ne se sente plus exactement \u00e0 la pointe de la pointe, l&rsquo;ensemble global tient bien.<\/p>\n<p>Cette cam\u00e9ra est aliment\u00e9e par batterie, ce qui signifie une configuration sans fil et une installation facile. De plus, il offre un large champ de vision de 140 degr\u00e9s, des notifications rapides lorsque le mouvement est d\u00e9tect\u00e9, et un audio bidirectionnel qui est inhabituellement clair. Selon cette revue ZDNET, vous pouvez poursuivre une conversation compl\u00e8te avec quelqu&rsquo;un \u00e0 40 pieds de la cam\u00e9ra sans d\u00e9calage ni distorsion. Cela dit, la fonctionnalit\u00e9 des projecteurs n&rsquo;est pas aussi forte &#8211; elle est maximale \u00e0 375 lumens, ce qui est suffisant pour une visibilit\u00e9 de base dans une petite cour ou un porche, mais pas quelque chose que vous voudriez pour une couverture sur les projecteurs. Pourtant, il est \u00e9quip\u00e9 d&rsquo;une vision nocturne de couleur et d&rsquo;une alarme r\u00e9glable, ce qui ajoute une autre couche de dissuasion.<\/p>\n<div class=\"pogoClear relative my-10 border-b-(1.5px) border-t-(1.5px) border-dashed border-black py-5 sm:my-14 sm:border-0 sm:py-0\" data-ga-click data-ga-template=\"Deals\" data-ga-module=\"openweb_widget\" data-ga-element=\"openweb_scroll\" data-ga-item=\"openweb_scroll_midpage\" x-cloak x-data=\"{ commentsCount: null, hasComments: false }\" x-init=\"commentsCount = await window.openweb.getMessagesCount(01JSE3620VVV37Y4WFD481M7JW);\n     hasComments = commentsCount !== null &amp;&amp; commentsCount &gt; 0\"><\/p>\n<div class=\"absolute top-1\/2 hidden w-full -translate-y-1\/2 border-t-(1.5px) border-dashed border-black sm:block\"><\/div>\n<div class=\"relative flex justify-center\">\n<div class=\"flex max-w-max items-center gap-x-3 bg-white px-5\">\n<div class=\"relative\">\n                <span class=\"absolute left-1\/2 top-1\/2 -translate-x-1\/2 -translate-y-1\/2 font-akshar text-sm font-medium text-black\" x-show=\"hasComments\" x-text=\"commentsCount\"><\/span><\/p>\n<p>                <svg class=\"h-8 w-8 text-black\">\n                    <use href=\"http:\/\/lifehacker.com\/images\/icons\/spritemap.svg#sprite-chat-bubble\"><\/use>\n                <\/svg>\n            <\/div>\n<p>            <span class=\"text-sm font-medium text-black\"><\/p>\n<p>                Que pensez-vous jusqu&rsquo;\u00e0 pr\u00e9sent?<br \/>\n                <button class=\"font-semibold text-brand-green underline hover:text-brand-green-700\" onclick=\"window.openweb.scrollToComments(01JSE3620VVV37Y4WFD481M7JW)\" x-text=\"hasComments ? 'Post a comment.' : 'Be the first to post a comment.'\"><\/button><br \/>\n            <\/span>\n        <\/div>\n<\/p><\/div>\n<\/div>\n<p>Vous aurez besoin d&rsquo;un abonnement Ring Home pour enregistrer et stocker vos vid\u00e9os, qui commence \u00e0 4,99 $ \/ mois pour une seule cam\u00e9ra, mais la vue en direct et les alertes fonctionnent sans une. Et bien qu&rsquo;il fonctionne bien avec Alexa et IFTTT, il saute sur Google Assistant et HomeKit Support. Quant \u00e0 la dur\u00e9e de vie de la batterie, selon vos zones d&rsquo;activit\u00e9 et vos pr\u00e9f\u00e9rences d&rsquo;\u00e9clairage, elle peut durer de six mois \u00e0 un an, note cette revue PCMAG.<\/p>\n","protected":false},"excerpt":{"rendered":"<p>Une came de s\u00e9curit\u00e9 intelligente et intelligente avec une configuration facile et un excellent audio. Si vous avez pens\u00e9 \u00e0 ajouter une cam\u00e9ra de s\u00e9curit\u00e9<\/p>\n","protected":false},"author":1,"featured_media":6938,"comment_status":"","ping_status":"","sticky":false,"template":"","format":"standard","meta":{"footnotes":""},"categories":[13],"tags":[700,6551,76,14,1399,630,2311,800,2740,790,546],"class_list":["post-6937","post","type-post","status-publish","format-standard","has-post-thumbnail","hentry","category-technologie","tag-bas","tag-cam","tag-est","tag-les","tag-prix","tag-pro","tag-ring","tag-son","tag-spotlight","tag-temps","tag-tous","generate-columns","tablet-grid-50","mobile-grid-100","grid-parent","grid-33"],"yoast_head":"<!-- This site is optimized with the Yoast SEO plugin v24.0 - https:\/\/yoast.com\/wordpress\/plugins\/seo\/ -->\n<title>Le Ring Spotlight Cam Pro est \u00e0 son prix le plus bas de tous les temps | Vie Associative<\/title>\n<meta name=\"robots\" content=\"index, follow, max-snippet:-1, max-image-preview:large, max-video-preview:-1\" \/>\n<link rel=\"canonical\" href=\"https:\/\/vieassociative.be\/actualites\/le-ring-spotlight-cam-pro-est-a-son-prix-le-plus-bas-de-tous-les-temps\/\" \/>\n<meta property=\"og:locale\" content=\"fr_FR\" \/>\n<meta property=\"og:type\" content=\"article\" \/>\n<meta property=\"og:title\" content=\"Le Ring Spotlight Cam Pro est \u00e0 son prix le plus bas de tous les temps | Vie Associative\" \/>\n<meta property=\"og:description\" content=\"Une came de s\u00e9curit\u00e9 intelligente et intelligente avec une configuration facile et un excellent audio. Si vous avez pens\u00e9 \u00e0 ajouter une cam\u00e9ra de s\u00e9curit\u00e9\" \/>\n<meta property=\"og:url\" content=\"https:\/\/vieassociative.be\/actualites\/le-ring-spotlight-cam-pro-est-a-son-prix-le-plus-bas-de-tous-les-temps\/\" \/>\n<meta property=\"og:site_name\" content=\"Vie Associative\" \/>\n<meta property=\"article:published_time\" content=\"2025-04-22T13:17:15+00:00\" \/>\n<meta property=\"og:image\" content=\"https:\/\/vieassociative.be\/actualites\/wp-content\/uploads\/2025\/04\/Le-Ring-Spotlight-Cam-Pro-est-a-son-prix-le.svg.svg+xml\" \/>\n<meta name=\"author\" content=\"Julien\" \/>\n<meta name=\"twitter:card\" content=\"summary_large_image\" \/>\n<meta name=\"twitter:label1\" content=\"\u00c9crit par\" \/>\n\t<meta name=\"twitter:data1\" content=\"Julien\" \/>\n\t<meta name=\"twitter:label2\" content=\"Dur\u00e9e de lecture est.\" \/>\n\t<meta name=\"twitter:data2\" content=\"2 minutes\" \/>\n<script type=\"application\/ld+json\" class=\"yoast-schema-graph\">{\"@context\":\"https:\/\/schema.org\",\"@graph\":[{\"@type\":\"Article\",\"@id\":\"https:\/\/vieassociative.be\/actualites\/le-ring-spotlight-cam-pro-est-a-son-prix-le-plus-bas-de-tous-les-temps\/#article\",\"isPartOf\":{\"@id\":\"https:\/\/vieassociative.be\/actualites\/le-ring-spotlight-cam-pro-est-a-son-prix-le-plus-bas-de-tous-les-temps\/\"},\"author\":{\"name\":\"Julien\",\"@id\":\"https:\/\/vieassociative.be\/actualites\/#\/schema\/person\/b87ac4f82f9d4e7b7cec7395b679edc4\"},\"headline\":\"Le Ring Spotlight Cam Pro est \u00e0 son prix le plus bas de tous les temps\",\"datePublished\":\"2025-04-22T13:17:15+00:00\",\"dateModified\":\"2025-04-22T13:17:15+00:00\",\"mainEntityOfPage\":{\"@id\":\"https:\/\/vieassociative.be\/actualites\/le-ring-spotlight-cam-pro-est-a-son-prix-le-plus-bas-de-tous-les-temps\/\"},\"wordCount\":404,\"publisher\":{\"@id\":\"https:\/\/vieassociative.be\/actualites\/#organization\"},\"image\":{\"@id\":\"https:\/\/vieassociative.be\/actualites\/le-ring-spotlight-cam-pro-est-a-son-prix-le-plus-bas-de-tous-les-temps\/#primaryimage\"},\"thumbnailUrl\":\"https:\/\/vieassociative.be\/actualites\/wp-content\/uploads\/2025\/04\/Le-Ring-Spotlight-Cam-Pro-est-a-son-prix-le.png\",\"keywords\":[\"bas\",\"Cam\",\"est\",\"Les\",\"prix\",\"Pro\",\"Ring\",\"son\",\"Spotlight\",\"temps\",\"tous\"],\"articleSection\":[\"Technologie\"],\"inLanguage\":\"fr-BE\"},{\"@type\":\"WebPage\",\"@id\":\"https:\/\/vieassociative.be\/actualites\/le-ring-spotlight-cam-pro-est-a-son-prix-le-plus-bas-de-tous-les-temps\/\",\"url\":\"https:\/\/vieassociative.be\/actualites\/le-ring-spotlight-cam-pro-est-a-son-prix-le-plus-bas-de-tous-les-temps\/\",\"name\":\"Le Ring Spotlight Cam Pro est \u00e0 son prix le plus bas de tous les temps | Vie Associative\",\"isPartOf\":{\"@id\":\"https:\/\/vieassociative.be\/actualites\/#website\"},\"primaryImageOfPage\":{\"@id\":\"https:\/\/vieassociative.be\/actualites\/le-ring-spotlight-cam-pro-est-a-son-prix-le-plus-bas-de-tous-les-temps\/#primaryimage\"},\"image\":{\"@id\":\"https:\/\/vieassociative.be\/actualites\/le-ring-spotlight-cam-pro-est-a-son-prix-le-plus-bas-de-tous-les-temps\/#primaryimage\"},\"thumbnailUrl\":\"https:\/\/vieassociative.be\/actualites\/wp-content\/uploads\/2025\/04\/Le-Ring-Spotlight-Cam-Pro-est-a-son-prix-le.png\",\"datePublished\":\"2025-04-22T13:17:15+00:00\",\"dateModified\":\"2025-04-22T13:17:15+00:00\",\"breadcrumb\":{\"@id\":\"https:\/\/vieassociative.be\/actualites\/le-ring-spotlight-cam-pro-est-a-son-prix-le-plus-bas-de-tous-les-temps\/#breadcrumb\"},\"inLanguage\":\"fr-BE\",\"potentialAction\":[{\"@type\":\"ReadAction\",\"target\":[\"https:\/\/vieassociative.be\/actualites\/le-ring-spotlight-cam-pro-est-a-son-prix-le-plus-bas-de-tous-les-temps\/\"]}]},{\"@type\":\"ImageObject\",\"inLanguage\":\"fr-BE\",\"@id\":\"https:\/\/vieassociative.be\/actualites\/le-ring-spotlight-cam-pro-est-a-son-prix-le-plus-bas-de-tous-les-temps\/#primaryimage\",\"url\":\"https:\/\/vieassociative.be\/actualites\/wp-content\/uploads\/2025\/04\/Le-Ring-Spotlight-Cam-Pro-est-a-son-prix-le.png\",\"contentUrl\":\"https:\/\/vieassociative.be\/actualites\/wp-content\/uploads\/2025\/04\/Le-Ring-Spotlight-Cam-Pro-est-a-son-prix-le.png\",\"width\":1200,\"height\":675,\"caption\":\"Le Ring Spotlight Cam Pro est \u00e0 son prix le plus bas de tous les temps\"},{\"@type\":\"BreadcrumbList\",\"@id\":\"https:\/\/vieassociative.be\/actualites\/le-ring-spotlight-cam-pro-est-a-son-prix-le-plus-bas-de-tous-les-temps\/#breadcrumb\",\"itemListElement\":[{\"@type\":\"ListItem\",\"position\":1,\"name\":\"Accueil\",\"item\":\"https:\/\/vieassociative.be\/actualites\/\"},{\"@type\":\"ListItem\",\"position\":2,\"name\":\"Le Ring Spotlight Cam Pro est \u00e0 son prix le plus bas de tous les temps\"}]},{\"@type\":\"WebSite\",\"@id\":\"https:\/\/vieassociative.be\/actualites\/#website\",\"url\":\"https:\/\/vieassociative.be\/actualites\/\",\"name\":\"Vie Associative\",\"description\":\"\",\"publisher\":{\"@id\":\"https:\/\/vieassociative.be\/actualites\/#organization\"},\"potentialAction\":[{\"@type\":\"SearchAction\",\"target\":{\"@type\":\"EntryPoint\",\"urlTemplate\":\"https:\/\/vieassociative.be\/actualites\/?s={search_term_string}\"},\"query-input\":{\"@type\":\"PropertyValueSpecification\",\"valueRequired\":true,\"valueName\":\"search_term_string\"}}],\"inLanguage\":\"fr-BE\"},{\"@type\":\"Organization\",\"@id\":\"https:\/\/vieassociative.be\/actualites\/#organization\",\"name\":\"Vie Associative\",\"url\":\"https:\/\/vieassociative.be\/actualites\/\",\"logo\":{\"@type\":\"ImageObject\",\"inLanguage\":\"fr-BE\",\"@id\":\"https:\/\/vieassociative.be\/actualites\/#\/schema\/logo\/image\/\",\"url\":\"https:\/\/vieassociative.be\/actualites\/wp-content\/uploads\/2024\/09\/cropped-vieassociative_favicon.ico.png\",\"contentUrl\":\"https:\/\/vieassociative.be\/actualites\/wp-content\/uploads\/2024\/09\/cropped-vieassociative_favicon.ico.png\",\"width\":512,\"height\":512,\"caption\":\"Vie Associative\"},\"image\":{\"@id\":\"https:\/\/vieassociative.be\/actualites\/#\/schema\/logo\/image\/\"}},{\"@type\":\"Person\",\"@id\":\"https:\/\/vieassociative.be\/actualites\/#\/schema\/person\/b87ac4f82f9d4e7b7cec7395b679edc4\",\"name\":\"Julien\",\"image\":{\"@type\":\"ImageObject\",\"inLanguage\":\"fr-BE\",\"@id\":\"https:\/\/vieassociative.be\/actualites\/#\/schema\/person\/image\/\",\"url\":\"https:\/\/vieassociative.be\/actualites\/wp-content\/uploads\/2024\/09\/vie-associative-1-150x150.jpg\",\"contentUrl\":\"https:\/\/vieassociative.be\/actualites\/wp-content\/uploads\/2024\/09\/vie-associative-1-150x150.jpg\",\"caption\":\"Julien\"},\"description\":\"Je suis Julien, r\u00e9dacteur pour Vie Associative. Passionn\u00e9 par le monde associatif depuis plus de 10 ans, j'ai \u00e0 c\u0153ur de partager des histoires inspirantes et de mettre en lumi\u00e8re les initiatives locales. Mon objectif est de sensibiliser et d'encourager l'engagement communautaire \u00e0 travers mes articles.\",\"sameAs\":[\"https:\/\/vieassociative.be\/\"]}]}<\/script>\n<!-- \/ Yoast SEO plugin. -->","yoast_head_json":{"title":"Le Ring Spotlight Cam Pro est \u00e0 son prix le plus bas de tous les temps | Vie Associative","robots":{"index":"index","follow":"follow","max-snippet":"max-snippet:-1","max-image-preview":"max-image-preview:large","max-video-preview":"max-video-preview:-1"},"canonical":"https:\/\/vieassociative.be\/actualites\/le-ring-spotlight-cam-pro-est-a-son-prix-le-plus-bas-de-tous-les-temps\/","og_locale":"fr_FR","og_type":"article","og_title":"Le Ring Spotlight Cam Pro est \u00e0 son prix le plus bas de tous les temps | Vie Associative","og_description":"Une came de s\u00e9curit\u00e9 intelligente et intelligente avec une configuration facile et un excellent audio. Si vous avez pens\u00e9 \u00e0 ajouter une cam\u00e9ra de s\u00e9curit\u00e9","og_url":"https:\/\/vieassociative.be\/actualites\/le-ring-spotlight-cam-pro-est-a-son-prix-le-plus-bas-de-tous-les-temps\/","og_site_name":"Vie Associative","article_published_time":"2025-04-22T13:17:15+00:00","og_image":[{"url":"https:\/\/vieassociative.be\/actualites\/wp-content\/uploads\/2025\/04\/Le-Ring-Spotlight-Cam-Pro-est-a-son-prix-le.svg.svg+xml","type":"","width":"","height":""}],"author":"Julien","twitter_card":"summary_large_image","twitter_misc":{"\u00c9crit par":"Julien","Dur\u00e9e de lecture est.":"2 minutes"},"schema":{"@context":"https:\/\/schema.org","@graph":[{"@type":"Article","@id":"https:\/\/vieassociative.be\/actualites\/le-ring-spotlight-cam-pro-est-a-son-prix-le-plus-bas-de-tous-les-temps\/#article","isPartOf":{"@id":"https:\/\/vieassociative.be\/actualites\/le-ring-spotlight-cam-pro-est-a-son-prix-le-plus-bas-de-tous-les-temps\/"},"author":{"name":"Julien","@id":"https:\/\/vieassociative.be\/actualites\/#\/schema\/person\/b87ac4f82f9d4e7b7cec7395b679edc4"},"headline":"Le Ring Spotlight Cam Pro est \u00e0 son prix le plus bas de tous les temps","datePublished":"2025-04-22T13:17:15+00:00","dateModified":"2025-04-22T13:17:15+00:00","mainEntityOfPage":{"@id":"https:\/\/vieassociative.be\/actualites\/le-ring-spotlight-cam-pro-est-a-son-prix-le-plus-bas-de-tous-les-temps\/"},"wordCount":404,"publisher":{"@id":"https:\/\/vieassociative.be\/actualites\/#organization"},"image":{"@id":"https:\/\/vieassociative.be\/actualites\/le-ring-spotlight-cam-pro-est-a-son-prix-le-plus-bas-de-tous-les-temps\/#primaryimage"},"thumbnailUrl":"https:\/\/vieassociative.be\/actualites\/wp-content\/uploads\/2025\/04\/Le-Ring-Spotlight-Cam-Pro-est-a-son-prix-le.png","keywords":["bas","Cam","est","Les","prix","Pro","Ring","son","Spotlight","temps","tous"],"articleSection":["Technologie"],"inLanguage":"fr-BE"},{"@type":"WebPage","@id":"https:\/\/vieassociative.be\/actualites\/le-ring-spotlight-cam-pro-est-a-son-prix-le-plus-bas-de-tous-les-temps\/","url":"https:\/\/vieassociative.be\/actualites\/le-ring-spotlight-cam-pro-est-a-son-prix-le-plus-bas-de-tous-les-temps\/","name":"Le Ring Spotlight Cam Pro est \u00e0 son prix le plus bas de tous les temps | Vie Associative","isPartOf":{"@id":"https:\/\/vieassociative.be\/actualites\/#website"},"primaryImageOfPage":{"@id":"https:\/\/vieassociative.be\/actualites\/le-ring-spotlight-cam-pro-est-a-son-prix-le-plus-bas-de-tous-les-temps\/#primaryimage"},"image":{"@id":"https:\/\/vieassociative.be\/actualites\/le-ring-spotlight-cam-pro-est-a-son-prix-le-plus-bas-de-tous-les-temps\/#primaryimage"},"thumbnailUrl":"https:\/\/vieassociative.be\/actualites\/wp-content\/uploads\/2025\/04\/Le-Ring-Spotlight-Cam-Pro-est-a-son-prix-le.png","datePublished":"2025-04-22T13:17:15+00:00","dateModified":"2025-04-22T13:17:15+00:00","breadcrumb":{"@id":"https:\/\/vieassociative.be\/actualites\/le-ring-spotlight-cam-pro-est-a-son-prix-le-plus-bas-de-tous-les-temps\/#breadcrumb"},"inLanguage":"fr-BE","potentialAction":[{"@type":"ReadAction","target":["https:\/\/vieassociative.be\/actualites\/le-ring-spotlight-cam-pro-est-a-son-prix-le-plus-bas-de-tous-les-temps\/"]}]},{"@type":"ImageObject","inLanguage":"fr-BE","@id":"https:\/\/vieassociative.be\/actualites\/le-ring-spotlight-cam-pro-est-a-son-prix-le-plus-bas-de-tous-les-temps\/#primaryimage","url":"https:\/\/vieassociative.be\/actualites\/wp-content\/uploads\/2025\/04\/Le-Ring-Spotlight-Cam-Pro-est-a-son-prix-le.png","contentUrl":"https:\/\/vieassociative.be\/actualites\/wp-content\/uploads\/2025\/04\/Le-Ring-Spotlight-Cam-Pro-est-a-son-prix-le.png","width":1200,"height":675,"caption":"Le Ring Spotlight Cam Pro est \u00e0 son prix le plus bas de tous les temps"},{"@type":"BreadcrumbList","@id":"https:\/\/vieassociative.be\/actualites\/le-ring-spotlight-cam-pro-est-a-son-prix-le-plus-bas-de-tous-les-temps\/#breadcrumb","itemListElement":[{"@type":"ListItem","position":1,"name":"Accueil","item":"https:\/\/vieassociative.be\/actualites\/"},{"@type":"ListItem","position":2,"name":"Le Ring Spotlight Cam Pro est \u00e0 son prix le plus bas de tous les temps"}]},{"@type":"WebSite","@id":"https:\/\/vieassociative.be\/actualites\/#website","url":"https:\/\/vieassociative.be\/actualites\/","name":"Vie Associative","description":"","publisher":{"@id":"https:\/\/vieassociative.be\/actualites\/#organization"},"potentialAction":[{"@type":"SearchAction","target":{"@type":"EntryPoint","urlTemplate":"https:\/\/vieassociative.be\/actualites\/?s={search_term_string}"},"query-input":{"@type":"PropertyValueSpecification","valueRequired":true,"valueName":"search_term_string"}}],"inLanguage":"fr-BE"},{"@type":"Organization","@id":"https:\/\/vieassociative.be\/actualites\/#organization","name":"Vie Associative","url":"https:\/\/vieassociative.be\/actualites\/","logo":{"@type":"ImageObject","inLanguage":"fr-BE","@id":"https:\/\/vieassociative.be\/actualites\/#\/schema\/logo\/image\/","url":"https:\/\/vieassociative.be\/actualites\/wp-content\/uploads\/2024\/09\/cropped-vieassociative_favicon.ico.png","contentUrl":"https:\/\/vieassociative.be\/actualites\/wp-content\/uploads\/2024\/09\/cropped-vieassociative_favicon.ico.png","width":512,"height":512,"caption":"Vie Associative"},"image":{"@id":"https:\/\/vieassociative.be\/actualites\/#\/schema\/logo\/image\/"}},{"@type":"Person","@id":"https:\/\/vieassociative.be\/actualites\/#\/schema\/person\/b87ac4f82f9d4e7b7cec7395b679edc4","name":"Julien","image":{"@type":"ImageObject","inLanguage":"fr-BE","@id":"https:\/\/vieassociative.be\/actualites\/#\/schema\/person\/image\/","url":"https:\/\/vieassociative.be\/actualites\/wp-content\/uploads\/2024\/09\/vie-associative-1-150x150.jpg","contentUrl":"https:\/\/vieassociative.be\/actualites\/wp-content\/uploads\/2024\/09\/vie-associative-1-150x150.jpg","caption":"Julien"},"description":"Je suis Julien, r\u00e9dacteur pour Vie Associative. Passionn\u00e9 par le monde associatif depuis plus de 10 ans, j'ai \u00e0 c\u0153ur de partager des histoires inspirantes et de mettre en lumi\u00e8re les initiatives locales. Mon objectif est de sensibiliser et d'encourager l'engagement communautaire \u00e0 travers mes articles.","sameAs":["https:\/\/vieassociative.be\/"]}]}},"_links":{"self":[{"href":"https:\/\/vieassociative.be\/actualites\/wp-json\/wp\/v2\/posts\/6937"}],"collection":[{"href":"https:\/\/vieassociative.be\/actualites\/wp-json\/wp\/v2\/posts"}],"about":[{"href":"https:\/\/vieassociative.be\/actualites\/wp-json\/wp\/v2\/types\/post"}],"author":[{"embeddable":true,"href":"https:\/\/vieassociative.be\/actualites\/wp-json\/wp\/v2\/users\/1"}],"replies":[{"embeddable":true,"href":"https:\/\/vieassociative.be\/actualites\/wp-json\/wp\/v2\/comments?post=6937"}],"version-history":[{"count":0,"href":"https:\/\/vieassociative.be\/actualites\/wp-json\/wp\/v2\/posts\/6937\/revisions"}],"wp:featuredmedia":[{"embeddable":true,"href":"https:\/\/vieassociative.be\/actualites\/wp-json\/wp\/v2\/media\/6938"}],"wp:attachment":[{"href":"https:\/\/vieassociative.be\/actualites\/wp-json\/wp\/v2\/media?parent=6937"}],"wp:term":[{"taxonomy":"category","embeddable":true,"href":"https:\/\/vieassociative.be\/actualites\/wp-json\/wp\/v2\/categories?post=6937"},{"taxonomy":"post_tag","embeddable":true,"href":"https:\/\/vieassociative.be\/actualites\/wp-json\/wp\/v2\/tags?post=6937"}],"curies":[{"name":"wp","href":"https:\/\/api.w.org\/{rel}","templated":true}]}}