{"id":6933,"date":"2025-04-22T12:20:54","date_gmt":"2025-04-22T10:20:54","guid":{"rendered":"https:\/\/vieassociative.be\/actualites\/vous-devriez-sous-vide-vos-restes\/"},"modified":"2025-04-22T12:20:54","modified_gmt":"2025-04-22T10:20:54","slug":"vous-devriez-sous-vide-vos-restes","status":"publish","type":"post","link":"https:\/\/vieassociative.be\/actualites\/vous-devriez-sous-vide-vos-restes\/","title":{"rendered":"Vous devriez sous-vide vos restes"},"content":{"rendered":"<div class=\"mt-4 leading-6 md:mb-8\">Gardez de la place dans votre r\u00e9frig\u00e9rateur et prot\u00e9gez l&rsquo;humidit\u00e9, la texture et la saveur de votre nourriture.<\/div>\n<p><\/p>\n<p>Vous avez fait cuire vos aliments, l&rsquo;avez stock\u00e9 dans votre r\u00e9frig\u00e9rateur pendant la nuit, et maintenant vous devez le r\u00e9chauffer. Certaines choses &#8211; comme la soupe, le riz et les l\u00e9gumes &#8211; remontent magnifiquement. Mais d&rsquo;autres trucs, comme les prot\u00e9ines, ne le font pas, parce que vous ne les r\u00e9chauffez pas vraiment, vous les recueillez &#8230; et que vous les trop couverts dans le processus. Pour que le micro-ondes ou le four chauffent tout ce que vous cuisinez tout au long, ils doivent souvent surchauffer l&rsquo;ext\u00e9rieur, entra\u00eenant des restes s\u00e9ch\u00e9s, durs ou m\u00eame br\u00fbl\u00e9s. Bien s\u00fbr, vous pouvez toujours le manger, mais ce ne sera certainement pas aussi bon que la premi\u00e8re fois. Mais une m\u00e9thode de r\u00e9chauffage diff\u00e9rente peut vous aider \u00e0 \u00e9viter compl\u00e8tement le probl\u00e8me. <\/p>\n<h2 id=\"sous-vide-machines-keep-air-out-and-flavor-in\">Les machines sous vide gardent l&rsquo;air \u00e0 l&rsquo;ext\u00e9rieur et \u00e0 la saveur<\/h2>\n<p>Votre machine sous vide est con\u00e7ue pour faire circuler l&rsquo;eau autour d&rsquo;un r\u00e9cipient compl\u00e8tement scell\u00e9, amenant lentement tous les aliments \u00e0 l&rsquo;int\u00e9rieur \u00e0 une temp\u00e9rature uniforme. Cela signifie que vous ne pouvez pas vraiment le cuire. Vous le ramenez simplement \u00e0 la temp\u00e9rature id\u00e9ale et en attendant assez longtemps pour qu&rsquo;il chauffe tout le long. Cela prend plus de temps que le micro-ondes, mais l&rsquo;ext\u00e9rieur ne sera pas plus cuit que l&rsquo;int\u00e9rieur. <\/p>\n<p>Il y a d&rsquo;autres avantages. En fonction du fonctionnement d&rsquo;un sous-vide, le r\u00e9cipient dans lequel la nourriture est chauff\u00e9e sera \u00e9tanche \u00e0 l&rsquo;air, car l&rsquo;air pi\u00e9g\u00e9 le ferait flotter. Cela signifie qu&rsquo;il n&rsquo;y a pas d&rsquo;air \u00e0 l&rsquo;int\u00e9rieur du r\u00e9cipient s\u00e9cher la nourriture ou se faire surchauffer et \u00e9vaporer l&rsquo;humidit\u00e9 \u00e0 l&rsquo;int\u00e9rieur. En fait, l&rsquo;inverse se produit: le contenu du sac est forc\u00e9 en contact les uns avec les autres, pr\u00e9servant en fait l&rsquo;humidit\u00e9. C&rsquo;est la m\u00eame raison pour laquelle les sacs \u00e0 vide sont un moyen populaire de faire des cornichons et des aliments marin\u00e9s &#8211; il fonctionne plus efficacement en l&rsquo;absence d&rsquo;air. <\/p>\n<h2 id=\"stop-wasting-fridge-and-freezer-space-on-air\">Arr\u00eatez de gaspiller un r\u00e9frig\u00e9rateur et un espace de cong\u00e9lateur \u00e0 l&rsquo;air<\/h2>\n<p>La planification de r\u00e9chauffer dans un sous-vide peut \u00e9galement vous faire \u00e9conomiser de l&rsquo;espace dans votre r\u00e9frig\u00e9rateur, car vous les stockerez id\u00e9alement &#8211; ou du moins vos prot\u00e9ines &#8211; dans un sac \u00e0 vide, ce qui les rend faciles \u00e0 lancer directement dans le sous-vide. Cela les rend \u00e9galement mieux dans votre r\u00e9frig\u00e9rateur ou votre cong\u00e9lateur, car le sac sera la taille exacte de la nourriture \u00e0 l&rsquo;int\u00e9rieur, de sorte que vous ne gaspillez pas d&rsquo;espace pour stocker de l&rsquo;air (par exemple, \u00e0 l&rsquo;int\u00e9rieur d&rsquo;un conteneur Tupperware).<\/p>\n<h2 id=\"keeping-food-safe\">Garder la s\u00e9curit\u00e9 des aliments<\/h2>\n<p>Lorsque vous cuisinez des aliments, en particulier les prot\u00e9ines, nous nous sommes habitu\u00e9s \u00e0 une norme de temp\u00e9ratures \u00e0 laquelle devrait \u00eatre chauff\u00e9. Pour la Turquie, c&rsquo;est 165 \u00b0 F; Le b\u0153uf a une plage de rares \u00e0 bien fait, \u00e0 partir de 135 \u00b0 F Ceci est bas\u00e9 sur la fa\u00e7on dont les prot\u00e9ines sont cuites, mais a \u00e9galement quelque chose \u00e0 voir avec la s\u00e9curit\u00e9 alimentaire: vous voulez que les aliments expos\u00e9s \u00e0 une chaleur suffisamment \u00e9lev\u00e9e pour tuer les bact\u00e9ries. <\/p>\n<p>Cependant, ce n&rsquo;est pas une r\u00e8gle stricte. Par exemple, vous pouvez cuire \u00e0 une temp\u00e9rature plus basse pendant une p\u00e9riode plus longue, ou une temp\u00e9rature plus \u00e9lev\u00e9e pendant une p\u00e9riode plus courte, pour obtenir des r\u00e9sultats similaires. <\/p>\n<div class=\"pogoClear relative my-10 border-b-(1.5px) border-t-(1.5px) border-dashed border-black py-5 sm:my-14 sm:border-0 sm:py-0\" data-ga-click data-ga-template=\"How-To\" data-ga-module=\"openweb_widget\" data-ga-element=\"openweb_scroll\" data-ga-item=\"openweb_scroll_midpage\" x-cloak x-data=\"{ commentsCount: null, hasComments: false }\" x-init=\"commentsCount = await window.openweb.getMessagesCount(114446);\n     hasComments = commentsCount !== null &amp;&amp; commentsCount &gt; 0\"><\/p>\n<div class=\"absolute top-1\/2 hidden w-full -translate-y-1\/2 border-t-(1.5px) border-dashed border-black sm:block\"><\/div>\n<div class=\"relative flex justify-center\">\n<div class=\"flex max-w-max items-center gap-x-3 bg-white px-5\">\n<div class=\"relative\">\n                <span class=\"absolute left-1\/2 top-1\/2 -translate-x-1\/2 -translate-y-1\/2 font-akshar text-sm font-medium text-black\" x-show=\"hasComments\" x-text=\"commentsCount\"><\/span><\/p>\n<p>                <svg class=\"h-8 w-8 text-black\">\n                    <use href=\"http:\/\/lifehacker.com\/images\/icons\/spritemap.svg#sprite-chat-bubble\"><\/use>\n                <\/svg>\n            <\/div>\n<p>            <span class=\"text-sm font-medium text-black\"><\/p>\n<p>                Que pensez-vous jusqu&rsquo;\u00e0 pr\u00e9sent?<br \/>\n                <button class=\"font-semibold text-brand-green underline hover:text-brand-green-700\" onclick=\"window.openweb.scrollToComments(114446)\" x-text=\"hasComments ? 'Post a comment.' : 'Be the first to post a comment.'\"><\/button><br \/>\n            <\/span>\n        <\/div>\n<\/p><\/div>\n<\/div>\n<h2 id=\"how-to-reheat-food-safely-using-your-sous-vide\">Comment r\u00e9chauffer les aliments en toute s\u00e9curit\u00e9 en utilisant votre sous-vide<\/h2>\n<p>Il est certainement logique que lorsque vous r\u00e9chauffez les aliments, vous le faites \u00e0 la m\u00eame temp\u00e9rature \u00e0 laquelle vous l&rsquo;avez cuit \u00e0 l&rsquo;origine. La FDA est assez claire dans son raisonnement que tous les aliments devraient arriver \u00e0 165 pendant au moins 15 secondes lors de la r\u00e9chauffage. Dans ma cuisine, je les vide \u00e0 la temp\u00e9rature d&rsquo;origine de la cuisson (pour un steak, cela pourrait \u00eatre 140F) et leur permettre de tenir \u00e0 cette temp\u00e9rature pendant une heure une fois qu&rsquo;ils sont cuits. La sagesse commune indique qu&rsquo;il faut 45 minutes par pouce de densit\u00e9 dans votre r\u00e9cipient sous vide pour chauffer le contenu, donc pour un steak, je pense que ce sera dans le bain environ une heure et 45 minutes. Le temps sera plus court si vous r\u00e9chauffez quelque chose de moins dense et plus longtemps s&rsquo;il est plus dense. Vous avez l&rsquo;id\u00e9e. <\/p>\n<p>Le r\u00e9chauffage via Sous Vide n&rsquo;est pas la m\u00e9thode la plus rapide, clairement, mais cela garantit que votre nourriture a plus le go\u00fbt de votre nourriture apr\u00e8s l&rsquo;avoir r\u00e9chauff\u00e9e. <\/p>\n","protected":false},"excerpt":{"rendered":"<p>Gardez de la place dans votre r\u00e9frig\u00e9rateur et prot\u00e9gez l&rsquo;humidit\u00e9, la texture et la saveur de votre nourriture. Vous avez fait cuire vos aliments, l&rsquo;avez<\/p>\n","protected":false},"author":1,"featured_media":6934,"comment_status":"","ping_status":"","sticky":false,"template":"","format":"standard","meta":{"footnotes":""},"categories":[1],"tags":[636,4185,6548,27,4],"class_list":["post-6933","post","type-post","status-publish","format-standard","has-post-thumbnail","hentry","category-non-classe","tag-devriez","tag-restes","tag-sousvide","tag-vos","tag-vous","generate-columns","tablet-grid-50","mobile-grid-100","grid-parent","grid-33"],"yoast_head":"<!-- This site is optimized with the Yoast SEO plugin v24.0 - https:\/\/yoast.com\/wordpress\/plugins\/seo\/ -->\n<title>Vous devriez sous-vide vos restes | Vie Associative<\/title>\n<meta name=\"robots\" content=\"index, follow, max-snippet:-1, max-image-preview:large, max-video-preview:-1\" \/>\n<link rel=\"canonical\" href=\"https:\/\/vieassociative.be\/actualites\/vous-devriez-sous-vide-vos-restes\/\" \/>\n<meta property=\"og:locale\" content=\"fr_FR\" \/>\n<meta property=\"og:type\" content=\"article\" \/>\n<meta property=\"og:title\" content=\"Vous devriez sous-vide vos restes | Vie Associative\" \/>\n<meta property=\"og:description\" content=\"Gardez de la place dans votre r\u00e9frig\u00e9rateur et prot\u00e9gez l&rsquo;humidit\u00e9, la texture et la saveur de votre nourriture. Vous avez fait cuire vos aliments, l&rsquo;avez\" \/>\n<meta property=\"og:url\" content=\"https:\/\/vieassociative.be\/actualites\/vous-devriez-sous-vide-vos-restes\/\" \/>\n<meta property=\"og:site_name\" content=\"Vie Associative\" \/>\n<meta property=\"article:published_time\" content=\"2025-04-22T10:20:54+00:00\" \/>\n<meta property=\"og:image\" content=\"https:\/\/vieassociative.be\/actualites\/wp-content\/uploads\/2024\/09\/header_backgroundk-01-e1726694325946.png\" \/>\n\t<meta property=\"og:image:width\" content=\"279\" \/>\n\t<meta property=\"og:image:height\" content=\"92\" \/>\n\t<meta property=\"og:image:type\" content=\"image\/png\" \/>\n<meta name=\"author\" content=\"Julien\" \/>\n<meta name=\"twitter:card\" content=\"summary_large_image\" \/>\n<meta name=\"twitter:label1\" content=\"\u00c9crit par\" \/>\n\t<meta name=\"twitter:data1\" content=\"Julien\" \/>\n\t<meta name=\"twitter:label2\" content=\"Dur\u00e9e de lecture est.\" \/>\n\t<meta name=\"twitter:data2\" content=\"4 minutes\" \/>\n<script type=\"application\/ld+json\" class=\"yoast-schema-graph\">{\"@context\":\"https:\/\/schema.org\",\"@graph\":[{\"@type\":\"Article\",\"@id\":\"https:\/\/vieassociative.be\/actualites\/vous-devriez-sous-vide-vos-restes\/#article\",\"isPartOf\":{\"@id\":\"https:\/\/vieassociative.be\/actualites\/vous-devriez-sous-vide-vos-restes\/\"},\"author\":{\"name\":\"Julien\",\"@id\":\"https:\/\/vieassociative.be\/actualites\/#\/schema\/person\/b87ac4f82f9d4e7b7cec7395b679edc4\"},\"headline\":\"Vous devriez sous-vide vos restes\",\"datePublished\":\"2025-04-22T10:20:54+00:00\",\"dateModified\":\"2025-04-22T10:20:54+00:00\",\"mainEntityOfPage\":{\"@id\":\"https:\/\/vieassociative.be\/actualites\/vous-devriez-sous-vide-vos-restes\/\"},\"wordCount\":854,\"publisher\":{\"@id\":\"https:\/\/vieassociative.be\/actualites\/#organization\"},\"image\":{\"@id\":\"https:\/\/vieassociative.be\/actualites\/vous-devriez-sous-vide-vos-restes\/#primaryimage\"},\"thumbnailUrl\":\"https:\/\/vieassociative.be\/actualites\/wp-content\/uploads\/2025\/04\/Vous-devriez-sous-vide-vos-restes.png\",\"keywords\":[\"devriez\",\"restes\",\"sousvide\",\"vos\",\"Vous\"],\"inLanguage\":\"fr-BE\"},{\"@type\":\"WebPage\",\"@id\":\"https:\/\/vieassociative.be\/actualites\/vous-devriez-sous-vide-vos-restes\/\",\"url\":\"https:\/\/vieassociative.be\/actualites\/vous-devriez-sous-vide-vos-restes\/\",\"name\":\"Vous devriez sous-vide vos restes | Vie Associative\",\"isPartOf\":{\"@id\":\"https:\/\/vieassociative.be\/actualites\/#website\"},\"primaryImageOfPage\":{\"@id\":\"https:\/\/vieassociative.be\/actualites\/vous-devriez-sous-vide-vos-restes\/#primaryimage\"},\"image\":{\"@id\":\"https:\/\/vieassociative.be\/actualites\/vous-devriez-sous-vide-vos-restes\/#primaryimage\"},\"thumbnailUrl\":\"https:\/\/vieassociative.be\/actualites\/wp-content\/uploads\/2025\/04\/Vous-devriez-sous-vide-vos-restes.png\",\"datePublished\":\"2025-04-22T10:20:54+00:00\",\"dateModified\":\"2025-04-22T10:20:54+00:00\",\"breadcrumb\":{\"@id\":\"https:\/\/vieassociative.be\/actualites\/vous-devriez-sous-vide-vos-restes\/#breadcrumb\"},\"inLanguage\":\"fr-BE\",\"potentialAction\":[{\"@type\":\"ReadAction\",\"target\":[\"https:\/\/vieassociative.be\/actualites\/vous-devriez-sous-vide-vos-restes\/\"]}]},{\"@type\":\"ImageObject\",\"inLanguage\":\"fr-BE\",\"@id\":\"https:\/\/vieassociative.be\/actualites\/vous-devriez-sous-vide-vos-restes\/#primaryimage\",\"url\":\"https:\/\/vieassociative.be\/actualites\/wp-content\/uploads\/2025\/04\/Vous-devriez-sous-vide-vos-restes.png\",\"contentUrl\":\"https:\/\/vieassociative.be\/actualites\/wp-content\/uploads\/2025\/04\/Vous-devriez-sous-vide-vos-restes.png\",\"width\":1200,\"height\":675,\"caption\":\"Vous devriez sous-vide vos restes\"},{\"@type\":\"BreadcrumbList\",\"@id\":\"https:\/\/vieassociative.be\/actualites\/vous-devriez-sous-vide-vos-restes\/#breadcrumb\",\"itemListElement\":[{\"@type\":\"ListItem\",\"position\":1,\"name\":\"Accueil\",\"item\":\"https:\/\/vieassociative.be\/actualites\/\"},{\"@type\":\"ListItem\",\"position\":2,\"name\":\"Vous devriez sous-vide vos restes\"}]},{\"@type\":\"WebSite\",\"@id\":\"https:\/\/vieassociative.be\/actualites\/#website\",\"url\":\"https:\/\/vieassociative.be\/actualites\/\",\"name\":\"Vie Associative\",\"description\":\"\",\"publisher\":{\"@id\":\"https:\/\/vieassociative.be\/actualites\/#organization\"},\"potentialAction\":[{\"@type\":\"SearchAction\",\"target\":{\"@type\":\"EntryPoint\",\"urlTemplate\":\"https:\/\/vieassociative.be\/actualites\/?s={search_term_string}\"},\"query-input\":{\"@type\":\"PropertyValueSpecification\",\"valueRequired\":true,\"valueName\":\"search_term_string\"}}],\"inLanguage\":\"fr-BE\"},{\"@type\":\"Organization\",\"@id\":\"https:\/\/vieassociative.be\/actualites\/#organization\",\"name\":\"Vie Associative\",\"url\":\"https:\/\/vieassociative.be\/actualites\/\",\"logo\":{\"@type\":\"ImageObject\",\"inLanguage\":\"fr-BE\",\"@id\":\"https:\/\/vieassociative.be\/actualites\/#\/schema\/logo\/image\/\",\"url\":\"https:\/\/vieassociative.be\/actualites\/wp-content\/uploads\/2024\/09\/cropped-vieassociative_favicon.ico.png\",\"contentUrl\":\"https:\/\/vieassociative.be\/actualites\/wp-content\/uploads\/2024\/09\/cropped-vieassociative_favicon.ico.png\",\"width\":512,\"height\":512,\"caption\":\"Vie Associative\"},\"image\":{\"@id\":\"https:\/\/vieassociative.be\/actualites\/#\/schema\/logo\/image\/\"}},{\"@type\":\"Person\",\"@id\":\"https:\/\/vieassociative.be\/actualites\/#\/schema\/person\/b87ac4f82f9d4e7b7cec7395b679edc4\",\"name\":\"Julien\",\"image\":{\"@type\":\"ImageObject\",\"inLanguage\":\"fr-BE\",\"@id\":\"https:\/\/vieassociative.be\/actualites\/#\/schema\/person\/image\/\",\"url\":\"https:\/\/vieassociative.be\/actualites\/wp-content\/uploads\/2024\/09\/vie-associative-1-150x150.jpg\",\"contentUrl\":\"https:\/\/vieassociative.be\/actualites\/wp-content\/uploads\/2024\/09\/vie-associative-1-150x150.jpg\",\"caption\":\"Julien\"},\"description\":\"Je suis Julien, r\u00e9dacteur pour Vie Associative. Passionn\u00e9 par le monde associatif depuis plus de 10 ans, j'ai \u00e0 c\u0153ur de partager des histoires inspirantes et de mettre en lumi\u00e8re les initiatives locales. Mon objectif est de sensibiliser et d'encourager l'engagement communautaire \u00e0 travers mes articles.\",\"sameAs\":[\"https:\/\/vieassociative.be\/\"]}]}<\/script>\n<!-- \/ Yoast SEO plugin. -->","yoast_head_json":{"title":"Vous devriez sous-vide vos restes | Vie Associative","robots":{"index":"index","follow":"follow","max-snippet":"max-snippet:-1","max-image-preview":"max-image-preview:large","max-video-preview":"max-video-preview:-1"},"canonical":"https:\/\/vieassociative.be\/actualites\/vous-devriez-sous-vide-vos-restes\/","og_locale":"fr_FR","og_type":"article","og_title":"Vous devriez sous-vide vos restes | Vie Associative","og_description":"Gardez de la place dans votre r\u00e9frig\u00e9rateur et prot\u00e9gez l&rsquo;humidit\u00e9, la texture et la saveur de votre nourriture. Vous avez fait cuire vos aliments, l&rsquo;avez","og_url":"https:\/\/vieassociative.be\/actualites\/vous-devriez-sous-vide-vos-restes\/","og_site_name":"Vie Associative","article_published_time":"2025-04-22T10:20:54+00:00","og_image":[{"width":279,"height":92,"url":"https:\/\/vieassociative.be\/actualites\/wp-content\/uploads\/2024\/09\/header_backgroundk-01-e1726694325946.png","type":"image\/png"}],"author":"Julien","twitter_card":"summary_large_image","twitter_misc":{"\u00c9crit par":"Julien","Dur\u00e9e de lecture est.":"4 minutes"},"schema":{"@context":"https:\/\/schema.org","@graph":[{"@type":"Article","@id":"https:\/\/vieassociative.be\/actualites\/vous-devriez-sous-vide-vos-restes\/#article","isPartOf":{"@id":"https:\/\/vieassociative.be\/actualites\/vous-devriez-sous-vide-vos-restes\/"},"author":{"name":"Julien","@id":"https:\/\/vieassociative.be\/actualites\/#\/schema\/person\/b87ac4f82f9d4e7b7cec7395b679edc4"},"headline":"Vous devriez sous-vide vos restes","datePublished":"2025-04-22T10:20:54+00:00","dateModified":"2025-04-22T10:20:54+00:00","mainEntityOfPage":{"@id":"https:\/\/vieassociative.be\/actualites\/vous-devriez-sous-vide-vos-restes\/"},"wordCount":854,"publisher":{"@id":"https:\/\/vieassociative.be\/actualites\/#organization"},"image":{"@id":"https:\/\/vieassociative.be\/actualites\/vous-devriez-sous-vide-vos-restes\/#primaryimage"},"thumbnailUrl":"https:\/\/vieassociative.be\/actualites\/wp-content\/uploads\/2025\/04\/Vous-devriez-sous-vide-vos-restes.png","keywords":["devriez","restes","sousvide","vos","Vous"],"inLanguage":"fr-BE"},{"@type":"WebPage","@id":"https:\/\/vieassociative.be\/actualites\/vous-devriez-sous-vide-vos-restes\/","url":"https:\/\/vieassociative.be\/actualites\/vous-devriez-sous-vide-vos-restes\/","name":"Vous devriez sous-vide vos restes | Vie Associative","isPartOf":{"@id":"https:\/\/vieassociative.be\/actualites\/#website"},"primaryImageOfPage":{"@id":"https:\/\/vieassociative.be\/actualites\/vous-devriez-sous-vide-vos-restes\/#primaryimage"},"image":{"@id":"https:\/\/vieassociative.be\/actualites\/vous-devriez-sous-vide-vos-restes\/#primaryimage"},"thumbnailUrl":"https:\/\/vieassociative.be\/actualites\/wp-content\/uploads\/2025\/04\/Vous-devriez-sous-vide-vos-restes.png","datePublished":"2025-04-22T10:20:54+00:00","dateModified":"2025-04-22T10:20:54+00:00","breadcrumb":{"@id":"https:\/\/vieassociative.be\/actualites\/vous-devriez-sous-vide-vos-restes\/#breadcrumb"},"inLanguage":"fr-BE","potentialAction":[{"@type":"ReadAction","target":["https:\/\/vieassociative.be\/actualites\/vous-devriez-sous-vide-vos-restes\/"]}]},{"@type":"ImageObject","inLanguage":"fr-BE","@id":"https:\/\/vieassociative.be\/actualites\/vous-devriez-sous-vide-vos-restes\/#primaryimage","url":"https:\/\/vieassociative.be\/actualites\/wp-content\/uploads\/2025\/04\/Vous-devriez-sous-vide-vos-restes.png","contentUrl":"https:\/\/vieassociative.be\/actualites\/wp-content\/uploads\/2025\/04\/Vous-devriez-sous-vide-vos-restes.png","width":1200,"height":675,"caption":"Vous devriez sous-vide vos restes"},{"@type":"BreadcrumbList","@id":"https:\/\/vieassociative.be\/actualites\/vous-devriez-sous-vide-vos-restes\/#breadcrumb","itemListElement":[{"@type":"ListItem","position":1,"name":"Accueil","item":"https:\/\/vieassociative.be\/actualites\/"},{"@type":"ListItem","position":2,"name":"Vous devriez sous-vide vos restes"}]},{"@type":"WebSite","@id":"https:\/\/vieassociative.be\/actualites\/#website","url":"https:\/\/vieassociative.be\/actualites\/","name":"Vie Associative","description":"","publisher":{"@id":"https:\/\/vieassociative.be\/actualites\/#organization"},"potentialAction":[{"@type":"SearchAction","target":{"@type":"EntryPoint","urlTemplate":"https:\/\/vieassociative.be\/actualites\/?s={search_term_string}"},"query-input":{"@type":"PropertyValueSpecification","valueRequired":true,"valueName":"search_term_string"}}],"inLanguage":"fr-BE"},{"@type":"Organization","@id":"https:\/\/vieassociative.be\/actualites\/#organization","name":"Vie Associative","url":"https:\/\/vieassociative.be\/actualites\/","logo":{"@type":"ImageObject","inLanguage":"fr-BE","@id":"https:\/\/vieassociative.be\/actualites\/#\/schema\/logo\/image\/","url":"https:\/\/vieassociative.be\/actualites\/wp-content\/uploads\/2024\/09\/cropped-vieassociative_favicon.ico.png","contentUrl":"https:\/\/vieassociative.be\/actualites\/wp-content\/uploads\/2024\/09\/cropped-vieassociative_favicon.ico.png","width":512,"height":512,"caption":"Vie Associative"},"image":{"@id":"https:\/\/vieassociative.be\/actualites\/#\/schema\/logo\/image\/"}},{"@type":"Person","@id":"https:\/\/vieassociative.be\/actualites\/#\/schema\/person\/b87ac4f82f9d4e7b7cec7395b679edc4","name":"Julien","image":{"@type":"ImageObject","inLanguage":"fr-BE","@id":"https:\/\/vieassociative.be\/actualites\/#\/schema\/person\/image\/","url":"https:\/\/vieassociative.be\/actualites\/wp-content\/uploads\/2024\/09\/vie-associative-1-150x150.jpg","contentUrl":"https:\/\/vieassociative.be\/actualites\/wp-content\/uploads\/2024\/09\/vie-associative-1-150x150.jpg","caption":"Julien"},"description":"Je suis Julien, r\u00e9dacteur pour Vie Associative. Passionn\u00e9 par le monde associatif depuis plus de 10 ans, j'ai \u00e0 c\u0153ur de partager des histoires inspirantes et de mettre en lumi\u00e8re les initiatives locales. Mon objectif est de sensibiliser et d'encourager l'engagement communautaire \u00e0 travers mes articles.","sameAs":["https:\/\/vieassociative.be\/"]}]}},"_links":{"self":[{"href":"https:\/\/vieassociative.be\/actualites\/wp-json\/wp\/v2\/posts\/6933"}],"collection":[{"href":"https:\/\/vieassociative.be\/actualites\/wp-json\/wp\/v2\/posts"}],"about":[{"href":"https:\/\/vieassociative.be\/actualites\/wp-json\/wp\/v2\/types\/post"}],"author":[{"embeddable":true,"href":"https:\/\/vieassociative.be\/actualites\/wp-json\/wp\/v2\/users\/1"}],"replies":[{"embeddable":true,"href":"https:\/\/vieassociative.be\/actualites\/wp-json\/wp\/v2\/comments?post=6933"}],"version-history":[{"count":0,"href":"https:\/\/vieassociative.be\/actualites\/wp-json\/wp\/v2\/posts\/6933\/revisions"}],"wp:featuredmedia":[{"embeddable":true,"href":"https:\/\/vieassociative.be\/actualites\/wp-json\/wp\/v2\/media\/6934"}],"wp:attachment":[{"href":"https:\/\/vieassociative.be\/actualites\/wp-json\/wp\/v2\/media?parent=6933"}],"wp:term":[{"taxonomy":"category","embeddable":true,"href":"https:\/\/vieassociative.be\/actualites\/wp-json\/wp\/v2\/categories?post=6933"},{"taxonomy":"post_tag","embeddable":true,"href":"https:\/\/vieassociative.be\/actualites\/wp-json\/wp\/v2\/tags?post=6933"}],"curies":[{"name":"wp","href":"https:\/\/api.w.org\/{rel}","templated":true}]}}