{"id":6931,"date":"2025-04-22T09:18:50","date_gmt":"2025-04-22T07:18:50","guid":{"rendered":"https:\/\/vieassociative.be\/actualites\/google-na-toujours-pas-corrige-ce-bug-en-mode-sombre-sur-pixel\/"},"modified":"2025-04-22T09:18:50","modified_gmt":"2025-04-22T07:18:50","slug":"google-na-toujours-pas-corrige-ce-bug-en-mode-sombre-sur-pixel","status":"publish","type":"post","link":"https:\/\/vieassociative.be\/actualites\/google-na-toujours-pas-corrige-ce-bug-en-mode-sombre-sur-pixel\/","title":{"rendered":"Google n&rsquo;a toujours pas corrig\u00e9 ce bug en mode sombre sur Pixel"},"content":{"rendered":"<div class=\"mt-4 leading-6 md:mb-8\">Les utilisateurs ont offert quelques solutions de contournement, mais ce ne sont pas une solution permanente.<\/div>\n<p><\/p>\n<p>Le mode noir a sauv\u00e9 beaucoup d&rsquo;entre nous de la douleur oculaire lors de l&rsquo;utilisation de nos smartphones la nuit. La diff\u00e9rence entre un affichage noir avec du texte blanc et un \u00e9cran blanc aveuglant avec du texte noir est incommensurable lorsque votre t\u00e9l\u00e9phone est la seule source l\u00e9g\u00e8re de la pi\u00e8ce, surtout lorsque vous ouvrez vos yeux pour la premi\u00e8re fois depuis un certain temps.<\/p>\n<p>Alors que de nombreux utilisateurs d&rsquo;Android pr\u00e9f\u00e8rent utiliser le mode sombre tout le temps, d&rsquo;autres le pr\u00e9f\u00e8rent exclusivement le soir et la nuit. C&rsquo;est l\u00e0 que le calendrier \u00ab\u00a0Sunset to Sunrise\u00a0\u00bb entre en jeu: sur de nombreux appareils, tels que les t\u00e9l\u00e9phones Pixel de Google, vous pouvez choisir de planifier le mode sombre du coucher de soleil au lever du soleil. Apr\u00e8s le lever du soleil, votre t\u00e9l\u00e9phone reste en mode l\u00e9ger, donc votre contenu est brillant \u00e0 c\u00f4t\u00e9 de la lumi\u00e8re \u00e0 l&rsquo;ext\u00e9rieur. Mais apr\u00e8s le coucher du soleil, lorsque la lumi\u00e8re commence \u00e0 s&rsquo;arr\u00eater, votre t\u00e9l\u00e9phone change commod\u00e9ment en mode sombre. C&rsquo;est le meilleur des deux mondes &#8211; quand cela fonctionne.<\/p>\n<p>Comme indiqu\u00e9 par 9to5Google, les utilisateurs connaissent des probl\u00e8mes avec des th\u00e8mes planifi\u00e9s sur les appareils Pixel. Les probl\u00e8mes semblent avoir commenc\u00e9 avec la mise \u00e0 jour des pixels de mars 2025 et restent non corrig\u00e9es apr\u00e8s la mise \u00e0 jour d&rsquo;avril. Cela peut \u00eatre frustrant, surtout lorsque vous vous attendez \u00e0 ce que votre t\u00e9l\u00e9phone regarde une certaine fa\u00e7on \u00e0 un certain moment de la journ\u00e9e. Il y a quelques solutions de contournement, mais ce ne sont pas une solution permanente. <\/p>\n<h2 id=\"workarounds-for-the-dark-mode-bug-on-pixel\">Solution pour le bug en mode obscur sur Pixel<\/h2>\n<p>En mars, lorsque le probl\u00e8me est apparu pour la premi\u00e8re fois sur des p\u00e9riph\u00e9riques Pixel, les utilisateurs ont d\u00e9couvert une bizarrerie qui semble d\u00e9clencher le probl\u00e8me: permettant manuellement le mode sombre. <\/p>\n<p>En r\u00e8gle g\u00e9n\u00e9rale, lorsque ce calendrier est activ\u00e9, vous \u00eates toujours libre de basculer entre les th\u00e8mes quand vous le souhaitez. Android remplacerait simplement cette d\u00e9cision lors du prochain changement d&rsquo;horaire. Par exemple, si le mode l\u00e9ger entre en jeu apr\u00e8s le lever du soleil, mais que vous voulez toujours le mode sombre, vous pouvez l&rsquo;activer manuellement, et Android pr\u00e9servera ce r\u00e9glage jusqu&rsquo;au lever du soleil du lendemain. Ensuite, il revient en mode lumi\u00e8re.<\/p>\n<div class=\"pogoClear relative my-10 border-b-(1.5px) border-t-(1.5px) border-dashed border-black py-5 sm:my-14 sm:border-0 sm:py-0\" data-ga-click data-ga-template=\"News\" data-ga-module=\"openweb_widget\" data-ga-element=\"openweb_scroll\" data-ga-item=\"openweb_scroll_midpage\" x-cloak x-data=\"{ commentsCount: null, hasComments: false }\" x-init=\"commentsCount = await window.openweb.getMessagesCount(01JSCZ3RZBHADFDFWMKFVTW3YQ);\n     hasComments = commentsCount !== null &amp;&amp; commentsCount &gt; 0\"><\/p>\n<div class=\"absolute top-1\/2 hidden w-full -translate-y-1\/2 border-t-(1.5px) border-dashed border-black sm:block\"><\/div>\n<div class=\"relative flex justify-center\">\n<div class=\"flex max-w-max items-center gap-x-3 bg-white px-5\">\n<div class=\"relative\">\n                <span class=\"absolute left-1\/2 top-1\/2 -translate-x-1\/2 -translate-y-1\/2 font-akshar text-sm font-medium text-black\" x-show=\"hasComments\" x-text=\"commentsCount\"><\/span><\/p>\n<p>                <svg class=\"h-8 w-8 text-black\">\n                    <use href=\"http:\/\/lifehacker.com\/images\/icons\/spritemap.svg#sprite-chat-bubble\"><\/use>\n                <\/svg>\n            <\/div>\n<p>            <span class=\"text-sm font-medium text-black\"><\/p>\n<p>                Que pensez-vous jusqu&rsquo;\u00e0 pr\u00e9sent?<br \/>\n                <button class=\"font-semibold text-brand-green underline hover:text-brand-green-700\" onclick=\"window.openweb.scrollToComments(01JSCZ3RZBHADFDFWMKFVTW3YQ)\" x-text=\"hasComments ? 'Post a comment.' : 'Be the first to post a comment.'\"><\/button><br \/>\n            <\/span>\n        <\/div>\n<\/p><\/div>\n<\/div>\n<p>Il semble qu&rsquo;une partie du bug a \u00e0 voir avec cette pratique. Si vous basculez manuellement le mode noir dans cette situation, Android ne passera pas au mode lumi\u00e8re pendant le lever du soleil suivant. Il en va de m\u00eame pour la mani\u00e8re inverse: si vous activez le mode clair apr\u00e8s le coucher du soleil, le mode sombre ne va pas lancer le coucher de soleil suivant. <\/p>\n<p>Pour l&rsquo;instant, l&rsquo;une des meilleures solutions de contournement est de ne pas toucher la bascule si vous souhaitez garder votre programme de th\u00e8me actif et automatique. Ce n&rsquo;est pas un <em>super<\/em> Solution de contournement, en tout moyen, mais il semble que ce soit le plus de succ\u00e8s. <\/p>\n<p>Certains utilisateurs ont connu le succ\u00e8s de la configuration d&rsquo;un temps personnalis\u00e9 pour le mode sombre (<strong>Param\u00e8tres> Affichage> Th\u00e8me sombre> Horaire<\/strong>) Ensuite, revenir \u00e0 l&rsquo;option \u00ab\u00a0Sunset to Sunrise\u00a0\u00bb apr\u00e8s coup. Cependant, d&rsquo;autres disent que le bogue revient \u00e0 temps &#8211; indiquant qu&rsquo;il y a quelque chose de cass\u00e9 dans cette fonction de calendrier particuli\u00e8re. Vous pouvez \u00e9galement essayer de configurer un mode au coucher plut\u00f4t que de compter sur ce calendrier, bien que cela affecterait plus de fonction de votre t\u00e9l\u00e9phone que d&rsquo;habitude.  <\/p>\n","protected":false},"excerpt":{"rendered":"<p>Les utilisateurs ont offert quelques solutions de contournement, mais ce ne sont pas une solution permanente. Le mode noir a sauv\u00e9 beaucoup d&rsquo;entre nous de<\/p>\n","protected":false},"author":1,"featured_media":6932,"comment_status":"","ping_status":"","sticky":false,"template":"","format":"standard","meta":{"footnotes":""},"categories":[13],"tags":[20,6266,968,2050,126,1278,3863,33,572],"class_list":["post-6931","post","type-post","status-publish","format-standard","has-post-thumbnail","hentry","category-technologie","tag-bug","tag-corrige","tag-google","tag-mode","tag-pas","tag-pixel","tag-sombre","tag-sur","tag-toujours","generate-columns","tablet-grid-50","mobile-grid-100","grid-parent","grid-33"],"yoast_head":"<!-- This site is optimized with the Yoast SEO plugin v24.0 - https:\/\/yoast.com\/wordpress\/plugins\/seo\/ -->\n<title>Google n&#039;a toujours pas corrig\u00e9 ce bug en mode sombre sur Pixel | Vie Associative<\/title>\n<meta name=\"robots\" content=\"index, follow, max-snippet:-1, max-image-preview:large, max-video-preview:-1\" \/>\n<link rel=\"canonical\" href=\"https:\/\/vieassociative.be\/actualites\/google-na-toujours-pas-corrige-ce-bug-en-mode-sombre-sur-pixel\/\" \/>\n<meta property=\"og:locale\" content=\"fr_FR\" \/>\n<meta property=\"og:type\" content=\"article\" \/>\n<meta property=\"og:title\" content=\"Google n&#039;a toujours pas corrig\u00e9 ce bug en mode sombre sur Pixel | Vie Associative\" \/>\n<meta property=\"og:description\" content=\"Les utilisateurs ont offert quelques solutions de contournement, mais ce ne sont pas une solution permanente. Le mode noir a sauv\u00e9 beaucoup d&rsquo;entre nous de\" \/>\n<meta property=\"og:url\" content=\"https:\/\/vieassociative.be\/actualites\/google-na-toujours-pas-corrige-ce-bug-en-mode-sombre-sur-pixel\/\" \/>\n<meta property=\"og:site_name\" content=\"Vie Associative\" \/>\n<meta property=\"article:published_time\" content=\"2025-04-22T07:18:50+00:00\" \/>\n<meta property=\"og:image\" content=\"https:\/\/vieassociative.be\/actualites\/wp-content\/uploads\/2024\/09\/header_backgroundk-01-e1726694325946.png\" \/>\n\t<meta property=\"og:image:width\" content=\"279\" \/>\n\t<meta property=\"og:image:height\" content=\"92\" \/>\n\t<meta property=\"og:image:type\" content=\"image\/png\" \/>\n<meta name=\"author\" content=\"Julien\" \/>\n<meta name=\"twitter:card\" content=\"summary_large_image\" \/>\n<meta name=\"twitter:label1\" content=\"\u00c9crit par\" \/>\n\t<meta name=\"twitter:data1\" content=\"Julien\" \/>\n\t<meta name=\"twitter:label2\" content=\"Dur\u00e9e de lecture est.\" \/>\n\t<meta name=\"twitter:data2\" content=\"3 minutes\" \/>\n<script type=\"application\/ld+json\" class=\"yoast-schema-graph\">{\"@context\":\"https:\/\/schema.org\",\"@graph\":[{\"@type\":\"Article\",\"@id\":\"https:\/\/vieassociative.be\/actualites\/google-na-toujours-pas-corrige-ce-bug-en-mode-sombre-sur-pixel\/#article\",\"isPartOf\":{\"@id\":\"https:\/\/vieassociative.be\/actualites\/google-na-toujours-pas-corrige-ce-bug-en-mode-sombre-sur-pixel\/\"},\"author\":{\"name\":\"Julien\",\"@id\":\"https:\/\/vieassociative.be\/actualites\/#\/schema\/person\/b87ac4f82f9d4e7b7cec7395b679edc4\"},\"headline\":\"Google n&rsquo;a toujours pas corrig\u00e9 ce bug en mode sombre sur Pixel\",\"datePublished\":\"2025-04-22T07:18:50+00:00\",\"dateModified\":\"2025-04-22T07:18:50+00:00\",\"mainEntityOfPage\":{\"@id\":\"https:\/\/vieassociative.be\/actualites\/google-na-toujours-pas-corrige-ce-bug-en-mode-sombre-sur-pixel\/\"},\"wordCount\":684,\"publisher\":{\"@id\":\"https:\/\/vieassociative.be\/actualites\/#organization\"},\"image\":{\"@id\":\"https:\/\/vieassociative.be\/actualites\/google-na-toujours-pas-corrige-ce-bug-en-mode-sombre-sur-pixel\/#primaryimage\"},\"thumbnailUrl\":\"https:\/\/vieassociative.be\/actualites\/wp-content\/uploads\/2025\/04\/Google-na-toujours-pas-corrige-ce-bug-en-mode-sombre.png\",\"keywords\":[\"bug\",\"corrige\",\"Google\",\"mode\",\"pas\",\"Pixel\",\"sombre\",\"sur\",\"toujours\"],\"articleSection\":[\"Technologie\"],\"inLanguage\":\"fr-BE\"},{\"@type\":\"WebPage\",\"@id\":\"https:\/\/vieassociative.be\/actualites\/google-na-toujours-pas-corrige-ce-bug-en-mode-sombre-sur-pixel\/\",\"url\":\"https:\/\/vieassociative.be\/actualites\/google-na-toujours-pas-corrige-ce-bug-en-mode-sombre-sur-pixel\/\",\"name\":\"Google n'a toujours pas corrig\u00e9 ce bug en mode sombre sur Pixel | Vie Associative\",\"isPartOf\":{\"@id\":\"https:\/\/vieassociative.be\/actualites\/#website\"},\"primaryImageOfPage\":{\"@id\":\"https:\/\/vieassociative.be\/actualites\/google-na-toujours-pas-corrige-ce-bug-en-mode-sombre-sur-pixel\/#primaryimage\"},\"image\":{\"@id\":\"https:\/\/vieassociative.be\/actualites\/google-na-toujours-pas-corrige-ce-bug-en-mode-sombre-sur-pixel\/#primaryimage\"},\"thumbnailUrl\":\"https:\/\/vieassociative.be\/actualites\/wp-content\/uploads\/2025\/04\/Google-na-toujours-pas-corrige-ce-bug-en-mode-sombre.png\",\"datePublished\":\"2025-04-22T07:18:50+00:00\",\"dateModified\":\"2025-04-22T07:18:50+00:00\",\"breadcrumb\":{\"@id\":\"https:\/\/vieassociative.be\/actualites\/google-na-toujours-pas-corrige-ce-bug-en-mode-sombre-sur-pixel\/#breadcrumb\"},\"inLanguage\":\"fr-BE\",\"potentialAction\":[{\"@type\":\"ReadAction\",\"target\":[\"https:\/\/vieassociative.be\/actualites\/google-na-toujours-pas-corrige-ce-bug-en-mode-sombre-sur-pixel\/\"]}]},{\"@type\":\"ImageObject\",\"inLanguage\":\"fr-BE\",\"@id\":\"https:\/\/vieassociative.be\/actualites\/google-na-toujours-pas-corrige-ce-bug-en-mode-sombre-sur-pixel\/#primaryimage\",\"url\":\"https:\/\/vieassociative.be\/actualites\/wp-content\/uploads\/2025\/04\/Google-na-toujours-pas-corrige-ce-bug-en-mode-sombre.png\",\"contentUrl\":\"https:\/\/vieassociative.be\/actualites\/wp-content\/uploads\/2025\/04\/Google-na-toujours-pas-corrige-ce-bug-en-mode-sombre.png\",\"width\":1200,\"height\":675,\"caption\":\"Google n'a toujours pas corrig\u00e9 ce bug en mode sombre sur Pixel\"},{\"@type\":\"BreadcrumbList\",\"@id\":\"https:\/\/vieassociative.be\/actualites\/google-na-toujours-pas-corrige-ce-bug-en-mode-sombre-sur-pixel\/#breadcrumb\",\"itemListElement\":[{\"@type\":\"ListItem\",\"position\":1,\"name\":\"Accueil\",\"item\":\"https:\/\/vieassociative.be\/actualites\/\"},{\"@type\":\"ListItem\",\"position\":2,\"name\":\"Google n&rsquo;a toujours pas corrig\u00e9 ce bug en mode sombre sur Pixel\"}]},{\"@type\":\"WebSite\",\"@id\":\"https:\/\/vieassociative.be\/actualites\/#website\",\"url\":\"https:\/\/vieassociative.be\/actualites\/\",\"name\":\"Vie Associative\",\"description\":\"\",\"publisher\":{\"@id\":\"https:\/\/vieassociative.be\/actualites\/#organization\"},\"potentialAction\":[{\"@type\":\"SearchAction\",\"target\":{\"@type\":\"EntryPoint\",\"urlTemplate\":\"https:\/\/vieassociative.be\/actualites\/?s={search_term_string}\"},\"query-input\":{\"@type\":\"PropertyValueSpecification\",\"valueRequired\":true,\"valueName\":\"search_term_string\"}}],\"inLanguage\":\"fr-BE\"},{\"@type\":\"Organization\",\"@id\":\"https:\/\/vieassociative.be\/actualites\/#organization\",\"name\":\"Vie Associative\",\"url\":\"https:\/\/vieassociative.be\/actualites\/\",\"logo\":{\"@type\":\"ImageObject\",\"inLanguage\":\"fr-BE\",\"@id\":\"https:\/\/vieassociative.be\/actualites\/#\/schema\/logo\/image\/\",\"url\":\"https:\/\/vieassociative.be\/actualites\/wp-content\/uploads\/2024\/09\/cropped-vieassociative_favicon.ico.png\",\"contentUrl\":\"https:\/\/vieassociative.be\/actualites\/wp-content\/uploads\/2024\/09\/cropped-vieassociative_favicon.ico.png\",\"width\":512,\"height\":512,\"caption\":\"Vie Associative\"},\"image\":{\"@id\":\"https:\/\/vieassociative.be\/actualites\/#\/schema\/logo\/image\/\"}},{\"@type\":\"Person\",\"@id\":\"https:\/\/vieassociative.be\/actualites\/#\/schema\/person\/b87ac4f82f9d4e7b7cec7395b679edc4\",\"name\":\"Julien\",\"image\":{\"@type\":\"ImageObject\",\"inLanguage\":\"fr-BE\",\"@id\":\"https:\/\/vieassociative.be\/actualites\/#\/schema\/person\/image\/\",\"url\":\"https:\/\/vieassociative.be\/actualites\/wp-content\/uploads\/2024\/09\/vie-associative-1-150x150.jpg\",\"contentUrl\":\"https:\/\/vieassociative.be\/actualites\/wp-content\/uploads\/2024\/09\/vie-associative-1-150x150.jpg\",\"caption\":\"Julien\"},\"description\":\"Je suis Julien, r\u00e9dacteur pour Vie Associative. Passionn\u00e9 par le monde associatif depuis plus de 10 ans, j'ai \u00e0 c\u0153ur de partager des histoires inspirantes et de mettre en lumi\u00e8re les initiatives locales. Mon objectif est de sensibiliser et d'encourager l'engagement communautaire \u00e0 travers mes articles.\",\"sameAs\":[\"https:\/\/vieassociative.be\/\"]}]}<\/script>\n<!-- \/ Yoast SEO plugin. -->","yoast_head_json":{"title":"Google n'a toujours pas corrig\u00e9 ce bug en mode sombre sur Pixel | Vie Associative","robots":{"index":"index","follow":"follow","max-snippet":"max-snippet:-1","max-image-preview":"max-image-preview:large","max-video-preview":"max-video-preview:-1"},"canonical":"https:\/\/vieassociative.be\/actualites\/google-na-toujours-pas-corrige-ce-bug-en-mode-sombre-sur-pixel\/","og_locale":"fr_FR","og_type":"article","og_title":"Google n'a toujours pas corrig\u00e9 ce bug en mode sombre sur Pixel | Vie Associative","og_description":"Les utilisateurs ont offert quelques solutions de contournement, mais ce ne sont pas une solution permanente. Le mode noir a sauv\u00e9 beaucoup d&rsquo;entre nous de","og_url":"https:\/\/vieassociative.be\/actualites\/google-na-toujours-pas-corrige-ce-bug-en-mode-sombre-sur-pixel\/","og_site_name":"Vie Associative","article_published_time":"2025-04-22T07:18:50+00:00","og_image":[{"width":279,"height":92,"url":"https:\/\/vieassociative.be\/actualites\/wp-content\/uploads\/2024\/09\/header_backgroundk-01-e1726694325946.png","type":"image\/png"}],"author":"Julien","twitter_card":"summary_large_image","twitter_misc":{"\u00c9crit par":"Julien","Dur\u00e9e de lecture est.":"3 minutes"},"schema":{"@context":"https:\/\/schema.org","@graph":[{"@type":"Article","@id":"https:\/\/vieassociative.be\/actualites\/google-na-toujours-pas-corrige-ce-bug-en-mode-sombre-sur-pixel\/#article","isPartOf":{"@id":"https:\/\/vieassociative.be\/actualites\/google-na-toujours-pas-corrige-ce-bug-en-mode-sombre-sur-pixel\/"},"author":{"name":"Julien","@id":"https:\/\/vieassociative.be\/actualites\/#\/schema\/person\/b87ac4f82f9d4e7b7cec7395b679edc4"},"headline":"Google n&rsquo;a toujours pas corrig\u00e9 ce bug en mode sombre sur Pixel","datePublished":"2025-04-22T07:18:50+00:00","dateModified":"2025-04-22T07:18:50+00:00","mainEntityOfPage":{"@id":"https:\/\/vieassociative.be\/actualites\/google-na-toujours-pas-corrige-ce-bug-en-mode-sombre-sur-pixel\/"},"wordCount":684,"publisher":{"@id":"https:\/\/vieassociative.be\/actualites\/#organization"},"image":{"@id":"https:\/\/vieassociative.be\/actualites\/google-na-toujours-pas-corrige-ce-bug-en-mode-sombre-sur-pixel\/#primaryimage"},"thumbnailUrl":"https:\/\/vieassociative.be\/actualites\/wp-content\/uploads\/2025\/04\/Google-na-toujours-pas-corrige-ce-bug-en-mode-sombre.png","keywords":["bug","corrige","Google","mode","pas","Pixel","sombre","sur","toujours"],"articleSection":["Technologie"],"inLanguage":"fr-BE"},{"@type":"WebPage","@id":"https:\/\/vieassociative.be\/actualites\/google-na-toujours-pas-corrige-ce-bug-en-mode-sombre-sur-pixel\/","url":"https:\/\/vieassociative.be\/actualites\/google-na-toujours-pas-corrige-ce-bug-en-mode-sombre-sur-pixel\/","name":"Google n'a toujours pas corrig\u00e9 ce bug en mode sombre sur Pixel | Vie Associative","isPartOf":{"@id":"https:\/\/vieassociative.be\/actualites\/#website"},"primaryImageOfPage":{"@id":"https:\/\/vieassociative.be\/actualites\/google-na-toujours-pas-corrige-ce-bug-en-mode-sombre-sur-pixel\/#primaryimage"},"image":{"@id":"https:\/\/vieassociative.be\/actualites\/google-na-toujours-pas-corrige-ce-bug-en-mode-sombre-sur-pixel\/#primaryimage"},"thumbnailUrl":"https:\/\/vieassociative.be\/actualites\/wp-content\/uploads\/2025\/04\/Google-na-toujours-pas-corrige-ce-bug-en-mode-sombre.png","datePublished":"2025-04-22T07:18:50+00:00","dateModified":"2025-04-22T07:18:50+00:00","breadcrumb":{"@id":"https:\/\/vieassociative.be\/actualites\/google-na-toujours-pas-corrige-ce-bug-en-mode-sombre-sur-pixel\/#breadcrumb"},"inLanguage":"fr-BE","potentialAction":[{"@type":"ReadAction","target":["https:\/\/vieassociative.be\/actualites\/google-na-toujours-pas-corrige-ce-bug-en-mode-sombre-sur-pixel\/"]}]},{"@type":"ImageObject","inLanguage":"fr-BE","@id":"https:\/\/vieassociative.be\/actualites\/google-na-toujours-pas-corrige-ce-bug-en-mode-sombre-sur-pixel\/#primaryimage","url":"https:\/\/vieassociative.be\/actualites\/wp-content\/uploads\/2025\/04\/Google-na-toujours-pas-corrige-ce-bug-en-mode-sombre.png","contentUrl":"https:\/\/vieassociative.be\/actualites\/wp-content\/uploads\/2025\/04\/Google-na-toujours-pas-corrige-ce-bug-en-mode-sombre.png","width":1200,"height":675,"caption":"Google n'a toujours pas corrig\u00e9 ce bug en mode sombre sur Pixel"},{"@type":"BreadcrumbList","@id":"https:\/\/vieassociative.be\/actualites\/google-na-toujours-pas-corrige-ce-bug-en-mode-sombre-sur-pixel\/#breadcrumb","itemListElement":[{"@type":"ListItem","position":1,"name":"Accueil","item":"https:\/\/vieassociative.be\/actualites\/"},{"@type":"ListItem","position":2,"name":"Google n&rsquo;a toujours pas corrig\u00e9 ce bug en mode sombre sur Pixel"}]},{"@type":"WebSite","@id":"https:\/\/vieassociative.be\/actualites\/#website","url":"https:\/\/vieassociative.be\/actualites\/","name":"Vie Associative","description":"","publisher":{"@id":"https:\/\/vieassociative.be\/actualites\/#organization"},"potentialAction":[{"@type":"SearchAction","target":{"@type":"EntryPoint","urlTemplate":"https:\/\/vieassociative.be\/actualites\/?s={search_term_string}"},"query-input":{"@type":"PropertyValueSpecification","valueRequired":true,"valueName":"search_term_string"}}],"inLanguage":"fr-BE"},{"@type":"Organization","@id":"https:\/\/vieassociative.be\/actualites\/#organization","name":"Vie Associative","url":"https:\/\/vieassociative.be\/actualites\/","logo":{"@type":"ImageObject","inLanguage":"fr-BE","@id":"https:\/\/vieassociative.be\/actualites\/#\/schema\/logo\/image\/","url":"https:\/\/vieassociative.be\/actualites\/wp-content\/uploads\/2024\/09\/cropped-vieassociative_favicon.ico.png","contentUrl":"https:\/\/vieassociative.be\/actualites\/wp-content\/uploads\/2024\/09\/cropped-vieassociative_favicon.ico.png","width":512,"height":512,"caption":"Vie Associative"},"image":{"@id":"https:\/\/vieassociative.be\/actualites\/#\/schema\/logo\/image\/"}},{"@type":"Person","@id":"https:\/\/vieassociative.be\/actualites\/#\/schema\/person\/b87ac4f82f9d4e7b7cec7395b679edc4","name":"Julien","image":{"@type":"ImageObject","inLanguage":"fr-BE","@id":"https:\/\/vieassociative.be\/actualites\/#\/schema\/person\/image\/","url":"https:\/\/vieassociative.be\/actualites\/wp-content\/uploads\/2024\/09\/vie-associative-1-150x150.jpg","contentUrl":"https:\/\/vieassociative.be\/actualites\/wp-content\/uploads\/2024\/09\/vie-associative-1-150x150.jpg","caption":"Julien"},"description":"Je suis Julien, r\u00e9dacteur pour Vie Associative. Passionn\u00e9 par le monde associatif depuis plus de 10 ans, j'ai \u00e0 c\u0153ur de partager des histoires inspirantes et de mettre en lumi\u00e8re les initiatives locales. Mon objectif est de sensibiliser et d'encourager l'engagement communautaire \u00e0 travers mes articles.","sameAs":["https:\/\/vieassociative.be\/"]}]}},"_links":{"self":[{"href":"https:\/\/vieassociative.be\/actualites\/wp-json\/wp\/v2\/posts\/6931"}],"collection":[{"href":"https:\/\/vieassociative.be\/actualites\/wp-json\/wp\/v2\/posts"}],"about":[{"href":"https:\/\/vieassociative.be\/actualites\/wp-json\/wp\/v2\/types\/post"}],"author":[{"embeddable":true,"href":"https:\/\/vieassociative.be\/actualites\/wp-json\/wp\/v2\/users\/1"}],"replies":[{"embeddable":true,"href":"https:\/\/vieassociative.be\/actualites\/wp-json\/wp\/v2\/comments?post=6931"}],"version-history":[{"count":0,"href":"https:\/\/vieassociative.be\/actualites\/wp-json\/wp\/v2\/posts\/6931\/revisions"}],"wp:featuredmedia":[{"embeddable":true,"href":"https:\/\/vieassociative.be\/actualites\/wp-json\/wp\/v2\/media\/6932"}],"wp:attachment":[{"href":"https:\/\/vieassociative.be\/actualites\/wp-json\/wp\/v2\/media?parent=6931"}],"wp:term":[{"taxonomy":"category","embeddable":true,"href":"https:\/\/vieassociative.be\/actualites\/wp-json\/wp\/v2\/categories?post=6931"},{"taxonomy":"post_tag","embeddable":true,"href":"https:\/\/vieassociative.be\/actualites\/wp-json\/wp\/v2\/tags?post=6931"}],"curies":[{"name":"wp","href":"https:\/\/api.w.org\/{rel}","templated":true}]}}