{"id":6925,"date":"2025-04-22T06:17:25","date_gmt":"2025-04-22T04:17:25","guid":{"rendered":"https:\/\/vieassociative.be\/actualites\/rechauffez-le-poulet-frit-dans-la-friteuse-a-air-pour-maximiser-le-croquant\/"},"modified":"2025-04-22T06:17:25","modified_gmt":"2025-04-22T04:17:25","slug":"rechauffez-le-poulet-frit-dans-la-friteuse-a-air-pour-maximiser-le-croquant","status":"publish","type":"post","link":"https:\/\/vieassociative.be\/actualites\/rechauffez-le-poulet-frit-dans-la-friteuse-a-air-pour-maximiser-le-croquant\/","title":{"rendered":"R\u00e9chauffez le poulet frit dans la friteuse \u00e0 air pour maximiser le croquant"},"content":{"rendered":"<div class=\"mt-4 leading-6 md:mb-8\">Cette m\u00e9thode rend les restes de poulet frit encore meilleur qu&rsquo;il ne l&rsquo;\u00e9tait le premier jour.<\/div>\n<p><\/p>\n<p>Le poulet frit est l&rsquo;un de ces aliments qui me change. Si cela devient une option pour le d\u00eener, je suis presque s\u00fbr que mes \u00e9l\u00e8ves grandissent comme un chat qui a des proies tachet\u00e9es. Je n&rsquo;aime g\u00e9n\u00e9ralement que la peau que la premi\u00e8re nuit, car les restes deviennent caoutchouteux et humides. Heureusement, il y a deux fa\u00e7ons de ramener le poulet frit \u00e0 la perfection croustillante &#8211; et ces m\u00e9thodes font r\u00e9ellement du poulet frit<em> mieux<\/em> que le premier jour. <\/p>\n<h2 id=\"the-air-fryer-is-the-best-way-to-reheat-fried-chicken\">La friteuse \u00e0 air est le meilleur moyen de r\u00e9chauffer le poulet frit<\/h2>\n<p>C&rsquo;est le meilleur des deux m\u00e9thodes. La cro\u00fbte devient de mani\u00e8re retentissante croquante, le genre o\u00f9 vous pouvez entendre quelqu&rsquo;un d&rsquo;autre le manger dans une autre pi\u00e8ce, et le temps de cuisine est ridiculement rapide. R\u00e9chauffez facilement le poulet frit en ajoutant les morceaux de poulet froids \u00e0 la friteuse \u00e0 air (assurez-vous qu&rsquo;il se trouve sur une grille ou une grille faite pour votre appareil). Ayez la machine sur le r\u00e9glage \u00abAir Fry\u00bb \u00e0 400 \u00b0 F et laissez-le d\u00e9chirer pendant 10 minutes, en retournant le poulet \u00e0 mi-chemin. Cela s&rsquo;applique aux appels d&rsquo;offres de poulet et aux p\u00e9pites de poulet, mais prenez soin de les v\u00e9rifier apr\u00e8s cinq minutes. C&rsquo;est aussi simple que cela, et \u00e7a se passera mieux que l&rsquo;original. (Je vais discuter pourquoi c&rsquo;est dans un instant.)<\/p>\n<hr>\n<h3>Consid\u00e9rez ces produits:<\/h3>\n<ul>\n<li>\n<p>Ninja Air Fryer 5.5 Quart<\/p>\n<\/li>\n<li>\n<p>Combo de friteaux \u00e0 air num\u00e9rique instantan\u00e9<\/p>\n<\/li>\n<li>\n<p>Breville Smart Oven Air Fryer Pro<\/p>\n<\/li>\n<\/ul>\n<hr>\n<h2 id=\"how-to-reheat-fried-chicken-in-the-oven\">Comment r\u00e9chauffer le poulet frit au four<\/h2>\n<div class=\"eloquent-imagery-image\">\n<div class=\"flex justify-center\">\n                    <img decoding=\"async\" class=\"border border-gray-100\" src=\"https:\/\/vieassociative.be\/actualites\/wp-content\/uploads\/2025\/04\/Rechauffez-le-poulet-frit-dans-la-friteuse-a-air-pour.jpg\" alt=\"Deux morceaux de poulet frit sur une grille\" width=\"2000\" height=\"1124\" loading=\"lazy\"  >\n            <\/div>\n<\/p><\/div>\n<p>Cette m\u00e9thode du four est une seconde proche \u00e0 la friteuse \u00e0 air si vous n&rsquo;en avez pas. (Vous devriez envisager d&rsquo;en obtenir un; j&rsquo;adore le sacr\u00e9 truc.) La peau revient au niveau d&rsquo;origine de croquant &#8211; une grande texture avec un peu de flexibilit\u00e9 dans les zones \u00e0 rev\u00eatement mince &#8211; mais ne le d\u00e9passe pas comme il peut le faire dans la friteuse \u00e0 air. Il faut \u00e9galement plus de deux fois plus de temps pour arriver \u00e0 ce point, ce qui met la viande de poulet en danger de s\u00e9cher. Cela dit, c&rsquo;est toujours mieux les mondes que le micro-ondes. <\/p>\n<p>Mettez une grille sur un plateau en feuille doubl\u00e9 de papier d&rsquo;aluminium. (Le papier d&rsquo;aluminium facilite le nettoyage, mais il n&rsquo;est pas n\u00e9cessaire au-del\u00e0 de cela.) Mettez le poulet frit froid sur la grille et cuire \u00e0 400 \u00b0 F pendant 20 \u00e0 25 minutes. Retournez le poulet \u00e0 mi-chemin du temps de cuisson.<\/p>\n<div class=\"pogoClear relative my-10 border-b-(1.5px) border-t-(1.5px) border-dashed border-black py-5 sm:my-14 sm:border-0 sm:py-0\" data-ga-click data-ga-template=\"How-To\" data-ga-module=\"openweb_widget\" data-ga-element=\"openweb_scroll\" data-ga-item=\"openweb_scroll_midpage\" x-cloak x-data=\"{ commentsCount: null, hasComments: false }\" x-init=\"commentsCount = await window.openweb.getMessagesCount(114829);\n     hasComments = commentsCount !== null &amp;&amp; commentsCount &gt; 0\"><\/p>\n<div class=\"absolute top-1\/2 hidden w-full -translate-y-1\/2 border-t-(1.5px) border-dashed border-black sm:block\"><\/div>\n<div class=\"relative flex justify-center\">\n<div class=\"flex max-w-max items-center gap-x-3 bg-white px-5\">\n<div class=\"relative\">\n                <span class=\"absolute left-1\/2 top-1\/2 -translate-x-1\/2 -translate-y-1\/2 font-akshar text-sm font-medium text-black\" x-show=\"hasComments\" x-text=\"commentsCount\"><\/span><\/p>\n<p>                <svg class=\"h-8 w-8 text-black\">\n                    <use href=\"http:\/\/lifehacker.com\/images\/icons\/spritemap.svg#sprite-chat-bubble\"><\/use>\n                <\/svg>\n            <\/div>\n<p>            <span class=\"text-sm font-medium text-black\"><\/p>\n<p>                Que pensez-vous jusqu&rsquo;\u00e0 pr\u00e9sent?<br \/>\n                <button class=\"font-semibold text-brand-green underline hover:text-brand-green-700\" onclick=\"window.openweb.scrollToComments(114829)\" x-text=\"hasComments ? 'Post a comment.' : 'Be the first to post a comment.'\"><\/button><br \/>\n            <\/span>\n        <\/div>\n<\/p><\/div>\n<\/div>\n<h2 id=\"these-methods-can-fix-unpleasantly-greasy-fried-chicken\">Ces m\u00e9thodes peuvent r\u00e9parer le poulet frit d\u00e9sagr\u00e9ablement gras<\/h2>\n<p>En r\u00e9chauffant des restes de poulet frit dans le four ou la friteuse \u00e0 air ne peut pas vous \u00e9pater de l&rsquo;innovation, mais le vrai h\u00e9ros est la grille de la grille ou de la grille d&rsquo;air. Dans les tests que j&rsquo;ai effectu\u00e9s, la friteuse \u00e0 air gagne en raison de la chaleur \u00e9lev\u00e9e et de l&rsquo;air circulant, mais les deux m\u00e9thodes ont abouti \u00e0 un quart de tasse de graisses d\u00e9charg\u00e9es qui s&rsquo;\u00e9taient rassembl\u00e9es dans le moule ou le panier. Tout le poulet que j&rsquo;avais raviv\u00e9 avec un rack d&rsquo;une sorte \u00e9tait encore juteux \u00e0 l&rsquo;int\u00e9rieur, mais nettement moins grasse dans la panure. C&rsquo;est juste un meilleur poulet frit. <\/p>\n<p>L&rsquo;int\u00e9r\u00eat de la friture de tout, des beignets aux corndogs est de faire une cro\u00fbte qui est cuite mais <em>pas grasse<\/em>. C&rsquo;est souvent plus facile \u00e0 dire qu&rsquo;\u00e0 faire. Si vous avez du poulet frit qui est sorti trop gras, donnez aux restes froids une seconde tournure dans la friteuse \u00e0 air pendant 10 minutes. L&rsquo;exc\u00e8s d&rsquo;huile coulera imm\u00e9diatement et vous donnera une cro\u00fbte parfaitement croquante et inhabituelle. C&rsquo;est l&rsquo;une des seules fois les restes r\u00e9chauffent mieux que l&rsquo;original.<\/p>\n","protected":false},"excerpt":{"rendered":"<p>Cette m\u00e9thode rend les restes de poulet frit encore meilleur qu&rsquo;il ne l&rsquo;\u00e9tait le premier jour. Le poulet frit est l&rsquo;un de ces aliments qui<\/p>\n","protected":false},"author":1,"featured_media":6926,"comment_status":"","ping_status":"","sticky":false,"template":"","format":"standard","meta":{"footnotes":""},"categories":[1],"tags":[1327,6439,166,6193,1326,1012,1691,81,6547],"class_list":["post-6925","post","type-post","status-publish","format-standard","has-post-thumbnail","hentry","category-non-classe","tag-air","tag-croquant","tag-dans","tag-frit","tag-friteuse","tag-maximiser","tag-poulet","tag-pour","tag-rechauffez","generate-columns","tablet-grid-50","mobile-grid-100","grid-parent","grid-33"],"yoast_head":"<!-- This site is optimized with the Yoast SEO plugin v24.0 - https:\/\/yoast.com\/wordpress\/plugins\/seo\/ -->\n<title>R\u00e9chauffez le poulet frit dans la friteuse \u00e0 air pour maximiser le croquant | Vie Associative<\/title>\n<meta name=\"robots\" content=\"index, follow, max-snippet:-1, max-image-preview:large, max-video-preview:-1\" \/>\n<link rel=\"canonical\" href=\"https:\/\/vieassociative.be\/actualites\/rechauffez-le-poulet-frit-dans-la-friteuse-a-air-pour-maximiser-le-croquant\/\" \/>\n<meta property=\"og:locale\" content=\"fr_FR\" \/>\n<meta property=\"og:type\" content=\"article\" \/>\n<meta property=\"og:title\" content=\"R\u00e9chauffez le poulet frit dans la friteuse \u00e0 air pour maximiser le croquant | Vie Associative\" \/>\n<meta property=\"og:description\" content=\"Cette m\u00e9thode rend les restes de poulet frit encore meilleur qu&rsquo;il ne l&rsquo;\u00e9tait le premier jour. Le poulet frit est l&rsquo;un de ces aliments qui\" \/>\n<meta property=\"og:url\" content=\"https:\/\/vieassociative.be\/actualites\/rechauffez-le-poulet-frit-dans-la-friteuse-a-air-pour-maximiser-le-croquant\/\" \/>\n<meta property=\"og:site_name\" content=\"Vie Associative\" \/>\n<meta property=\"article:published_time\" content=\"2025-04-22T04:17:25+00:00\" \/>\n<meta property=\"og:image\" content=\"https:\/\/vieassociative.be\/actualites\/wp-content\/uploads\/2025\/04\/Rechauffez-le-poulet-frit-dans-la-friteuse-a-air-pour.jpg\" \/>\n<meta name=\"author\" content=\"Julien\" \/>\n<meta name=\"twitter:card\" content=\"summary_large_image\" \/>\n<meta name=\"twitter:label1\" content=\"\u00c9crit par\" \/>\n\t<meta name=\"twitter:data1\" content=\"Julien\" \/>\n\t<meta name=\"twitter:label2\" content=\"Dur\u00e9e de lecture est.\" \/>\n\t<meta name=\"twitter:data2\" content=\"3 minutes\" \/>\n<script type=\"application\/ld+json\" class=\"yoast-schema-graph\">{\"@context\":\"https:\/\/schema.org\",\"@graph\":[{\"@type\":\"Article\",\"@id\":\"https:\/\/vieassociative.be\/actualites\/rechauffez-le-poulet-frit-dans-la-friteuse-a-air-pour-maximiser-le-croquant\/#article\",\"isPartOf\":{\"@id\":\"https:\/\/vieassociative.be\/actualites\/rechauffez-le-poulet-frit-dans-la-friteuse-a-air-pour-maximiser-le-croquant\/\"},\"author\":{\"name\":\"Julien\",\"@id\":\"https:\/\/vieassociative.be\/actualites\/#\/schema\/person\/b87ac4f82f9d4e7b7cec7395b679edc4\"},\"headline\":\"R\u00e9chauffez le poulet frit dans la friteuse \u00e0 air pour maximiser le croquant\",\"datePublished\":\"2025-04-22T04:17:25+00:00\",\"dateModified\":\"2025-04-22T04:17:25+00:00\",\"mainEntityOfPage\":{\"@id\":\"https:\/\/vieassociative.be\/actualites\/rechauffez-le-poulet-frit-dans-la-friteuse-a-air-pour-maximiser-le-croquant\/\"},\"wordCount\":699,\"publisher\":{\"@id\":\"https:\/\/vieassociative.be\/actualites\/#organization\"},\"image\":{\"@id\":\"https:\/\/vieassociative.be\/actualites\/rechauffez-le-poulet-frit-dans-la-friteuse-a-air-pour-maximiser-le-croquant\/#primaryimage\"},\"thumbnailUrl\":\"https:\/\/vieassociative.be\/actualites\/wp-content\/uploads\/2025\/04\/1745295446_Rechauffez-le-poulet-frit-dans-la-friteuse-a-air-pour.jpg\",\"keywords\":[\"air\",\"croquant\",\"dans\",\"frit\",\"friteuse\",\"maximiser\",\"poulet\",\"pour\",\"R\u00e9chauffez\"],\"inLanguage\":\"fr-BE\"},{\"@type\":\"WebPage\",\"@id\":\"https:\/\/vieassociative.be\/actualites\/rechauffez-le-poulet-frit-dans-la-friteuse-a-air-pour-maximiser-le-croquant\/\",\"url\":\"https:\/\/vieassociative.be\/actualites\/rechauffez-le-poulet-frit-dans-la-friteuse-a-air-pour-maximiser-le-croquant\/\",\"name\":\"R\u00e9chauffez le poulet frit dans la friteuse \u00e0 air pour maximiser le croquant | Vie Associative\",\"isPartOf\":{\"@id\":\"https:\/\/vieassociative.be\/actualites\/#website\"},\"primaryImageOfPage\":{\"@id\":\"https:\/\/vieassociative.be\/actualites\/rechauffez-le-poulet-frit-dans-la-friteuse-a-air-pour-maximiser-le-croquant\/#primaryimage\"},\"image\":{\"@id\":\"https:\/\/vieassociative.be\/actualites\/rechauffez-le-poulet-frit-dans-la-friteuse-a-air-pour-maximiser-le-croquant\/#primaryimage\"},\"thumbnailUrl\":\"https:\/\/vieassociative.be\/actualites\/wp-content\/uploads\/2025\/04\/1745295446_Rechauffez-le-poulet-frit-dans-la-friteuse-a-air-pour.jpg\",\"datePublished\":\"2025-04-22T04:17:25+00:00\",\"dateModified\":\"2025-04-22T04:17:25+00:00\",\"breadcrumb\":{\"@id\":\"https:\/\/vieassociative.be\/actualites\/rechauffez-le-poulet-frit-dans-la-friteuse-a-air-pour-maximiser-le-croquant\/#breadcrumb\"},\"inLanguage\":\"fr-BE\",\"potentialAction\":[{\"@type\":\"ReadAction\",\"target\":[\"https:\/\/vieassociative.be\/actualites\/rechauffez-le-poulet-frit-dans-la-friteuse-a-air-pour-maximiser-le-croquant\/\"]}]},{\"@type\":\"ImageObject\",\"inLanguage\":\"fr-BE\",\"@id\":\"https:\/\/vieassociative.be\/actualites\/rechauffez-le-poulet-frit-dans-la-friteuse-a-air-pour-maximiser-le-croquant\/#primaryimage\",\"url\":\"https:\/\/vieassociative.be\/actualites\/wp-content\/uploads\/2025\/04\/1745295446_Rechauffez-le-poulet-frit-dans-la-friteuse-a-air-pour.jpg\",\"contentUrl\":\"https:\/\/vieassociative.be\/actualites\/wp-content\/uploads\/2025\/04\/1745295446_Rechauffez-le-poulet-frit-dans-la-friteuse-a-air-pour.jpg\",\"width\":1200,\"height\":675,\"caption\":\"R\u00e9chauffez le poulet frit dans la friteuse \u00e0 air pour maximiser le croquant\"},{\"@type\":\"BreadcrumbList\",\"@id\":\"https:\/\/vieassociative.be\/actualites\/rechauffez-le-poulet-frit-dans-la-friteuse-a-air-pour-maximiser-le-croquant\/#breadcrumb\",\"itemListElement\":[{\"@type\":\"ListItem\",\"position\":1,\"name\":\"Accueil\",\"item\":\"https:\/\/vieassociative.be\/actualites\/\"},{\"@type\":\"ListItem\",\"position\":2,\"name\":\"R\u00e9chauffez le poulet frit dans la friteuse \u00e0 air pour maximiser le croquant\"}]},{\"@type\":\"WebSite\",\"@id\":\"https:\/\/vieassociative.be\/actualites\/#website\",\"url\":\"https:\/\/vieassociative.be\/actualites\/\",\"name\":\"Vie Associative\",\"description\":\"\",\"publisher\":{\"@id\":\"https:\/\/vieassociative.be\/actualites\/#organization\"},\"potentialAction\":[{\"@type\":\"SearchAction\",\"target\":{\"@type\":\"EntryPoint\",\"urlTemplate\":\"https:\/\/vieassociative.be\/actualites\/?s={search_term_string}\"},\"query-input\":{\"@type\":\"PropertyValueSpecification\",\"valueRequired\":true,\"valueName\":\"search_term_string\"}}],\"inLanguage\":\"fr-BE\"},{\"@type\":\"Organization\",\"@id\":\"https:\/\/vieassociative.be\/actualites\/#organization\",\"name\":\"Vie Associative\",\"url\":\"https:\/\/vieassociative.be\/actualites\/\",\"logo\":{\"@type\":\"ImageObject\",\"inLanguage\":\"fr-BE\",\"@id\":\"https:\/\/vieassociative.be\/actualites\/#\/schema\/logo\/image\/\",\"url\":\"https:\/\/vieassociative.be\/actualites\/wp-content\/uploads\/2024\/09\/cropped-vieassociative_favicon.ico.png\",\"contentUrl\":\"https:\/\/vieassociative.be\/actualites\/wp-content\/uploads\/2024\/09\/cropped-vieassociative_favicon.ico.png\",\"width\":512,\"height\":512,\"caption\":\"Vie Associative\"},\"image\":{\"@id\":\"https:\/\/vieassociative.be\/actualites\/#\/schema\/logo\/image\/\"}},{\"@type\":\"Person\",\"@id\":\"https:\/\/vieassociative.be\/actualites\/#\/schema\/person\/b87ac4f82f9d4e7b7cec7395b679edc4\",\"name\":\"Julien\",\"image\":{\"@type\":\"ImageObject\",\"inLanguage\":\"fr-BE\",\"@id\":\"https:\/\/vieassociative.be\/actualites\/#\/schema\/person\/image\/\",\"url\":\"https:\/\/vieassociative.be\/actualites\/wp-content\/uploads\/2024\/09\/vie-associative-1-150x150.jpg\",\"contentUrl\":\"https:\/\/vieassociative.be\/actualites\/wp-content\/uploads\/2024\/09\/vie-associative-1-150x150.jpg\",\"caption\":\"Julien\"},\"description\":\"Je suis Julien, r\u00e9dacteur pour Vie Associative. Passionn\u00e9 par le monde associatif depuis plus de 10 ans, j'ai \u00e0 c\u0153ur de partager des histoires inspirantes et de mettre en lumi\u00e8re les initiatives locales. Mon objectif est de sensibiliser et d'encourager l'engagement communautaire \u00e0 travers mes articles.\",\"sameAs\":[\"https:\/\/vieassociative.be\/\"]}]}<\/script>\n<!-- \/ Yoast SEO plugin. -->","yoast_head_json":{"title":"R\u00e9chauffez le poulet frit dans la friteuse \u00e0 air pour maximiser le croquant | Vie Associative","robots":{"index":"index","follow":"follow","max-snippet":"max-snippet:-1","max-image-preview":"max-image-preview:large","max-video-preview":"max-video-preview:-1"},"canonical":"https:\/\/vieassociative.be\/actualites\/rechauffez-le-poulet-frit-dans-la-friteuse-a-air-pour-maximiser-le-croquant\/","og_locale":"fr_FR","og_type":"article","og_title":"R\u00e9chauffez le poulet frit dans la friteuse \u00e0 air pour maximiser le croquant | Vie Associative","og_description":"Cette m\u00e9thode rend les restes de poulet frit encore meilleur qu&rsquo;il ne l&rsquo;\u00e9tait le premier jour. Le poulet frit est l&rsquo;un de ces aliments qui","og_url":"https:\/\/vieassociative.be\/actualites\/rechauffez-le-poulet-frit-dans-la-friteuse-a-air-pour-maximiser-le-croquant\/","og_site_name":"Vie Associative","article_published_time":"2025-04-22T04:17:25+00:00","og_image":[{"url":"https:\/\/vieassociative.be\/actualites\/wp-content\/uploads\/2025\/04\/Rechauffez-le-poulet-frit-dans-la-friteuse-a-air-pour.jpg","type":"","width":"","height":""}],"author":"Julien","twitter_card":"summary_large_image","twitter_misc":{"\u00c9crit par":"Julien","Dur\u00e9e de lecture est.":"3 minutes"},"schema":{"@context":"https:\/\/schema.org","@graph":[{"@type":"Article","@id":"https:\/\/vieassociative.be\/actualites\/rechauffez-le-poulet-frit-dans-la-friteuse-a-air-pour-maximiser-le-croquant\/#article","isPartOf":{"@id":"https:\/\/vieassociative.be\/actualites\/rechauffez-le-poulet-frit-dans-la-friteuse-a-air-pour-maximiser-le-croquant\/"},"author":{"name":"Julien","@id":"https:\/\/vieassociative.be\/actualites\/#\/schema\/person\/b87ac4f82f9d4e7b7cec7395b679edc4"},"headline":"R\u00e9chauffez le poulet frit dans la friteuse \u00e0 air pour maximiser le croquant","datePublished":"2025-04-22T04:17:25+00:00","dateModified":"2025-04-22T04:17:25+00:00","mainEntityOfPage":{"@id":"https:\/\/vieassociative.be\/actualites\/rechauffez-le-poulet-frit-dans-la-friteuse-a-air-pour-maximiser-le-croquant\/"},"wordCount":699,"publisher":{"@id":"https:\/\/vieassociative.be\/actualites\/#organization"},"image":{"@id":"https:\/\/vieassociative.be\/actualites\/rechauffez-le-poulet-frit-dans-la-friteuse-a-air-pour-maximiser-le-croquant\/#primaryimage"},"thumbnailUrl":"https:\/\/vieassociative.be\/actualites\/wp-content\/uploads\/2025\/04\/1745295446_Rechauffez-le-poulet-frit-dans-la-friteuse-a-air-pour.jpg","keywords":["air","croquant","dans","frit","friteuse","maximiser","poulet","pour","R\u00e9chauffez"],"inLanguage":"fr-BE"},{"@type":"WebPage","@id":"https:\/\/vieassociative.be\/actualites\/rechauffez-le-poulet-frit-dans-la-friteuse-a-air-pour-maximiser-le-croquant\/","url":"https:\/\/vieassociative.be\/actualites\/rechauffez-le-poulet-frit-dans-la-friteuse-a-air-pour-maximiser-le-croquant\/","name":"R\u00e9chauffez le poulet frit dans la friteuse \u00e0 air pour maximiser le croquant | Vie Associative","isPartOf":{"@id":"https:\/\/vieassociative.be\/actualites\/#website"},"primaryImageOfPage":{"@id":"https:\/\/vieassociative.be\/actualites\/rechauffez-le-poulet-frit-dans-la-friteuse-a-air-pour-maximiser-le-croquant\/#primaryimage"},"image":{"@id":"https:\/\/vieassociative.be\/actualites\/rechauffez-le-poulet-frit-dans-la-friteuse-a-air-pour-maximiser-le-croquant\/#primaryimage"},"thumbnailUrl":"https:\/\/vieassociative.be\/actualites\/wp-content\/uploads\/2025\/04\/1745295446_Rechauffez-le-poulet-frit-dans-la-friteuse-a-air-pour.jpg","datePublished":"2025-04-22T04:17:25+00:00","dateModified":"2025-04-22T04:17:25+00:00","breadcrumb":{"@id":"https:\/\/vieassociative.be\/actualites\/rechauffez-le-poulet-frit-dans-la-friteuse-a-air-pour-maximiser-le-croquant\/#breadcrumb"},"inLanguage":"fr-BE","potentialAction":[{"@type":"ReadAction","target":["https:\/\/vieassociative.be\/actualites\/rechauffez-le-poulet-frit-dans-la-friteuse-a-air-pour-maximiser-le-croquant\/"]}]},{"@type":"ImageObject","inLanguage":"fr-BE","@id":"https:\/\/vieassociative.be\/actualites\/rechauffez-le-poulet-frit-dans-la-friteuse-a-air-pour-maximiser-le-croquant\/#primaryimage","url":"https:\/\/vieassociative.be\/actualites\/wp-content\/uploads\/2025\/04\/1745295446_Rechauffez-le-poulet-frit-dans-la-friteuse-a-air-pour.jpg","contentUrl":"https:\/\/vieassociative.be\/actualites\/wp-content\/uploads\/2025\/04\/1745295446_Rechauffez-le-poulet-frit-dans-la-friteuse-a-air-pour.jpg","width":1200,"height":675,"caption":"R\u00e9chauffez le poulet frit dans la friteuse \u00e0 air pour maximiser le croquant"},{"@type":"BreadcrumbList","@id":"https:\/\/vieassociative.be\/actualites\/rechauffez-le-poulet-frit-dans-la-friteuse-a-air-pour-maximiser-le-croquant\/#breadcrumb","itemListElement":[{"@type":"ListItem","position":1,"name":"Accueil","item":"https:\/\/vieassociative.be\/actualites\/"},{"@type":"ListItem","position":2,"name":"R\u00e9chauffez le poulet frit dans la friteuse \u00e0 air pour maximiser le croquant"}]},{"@type":"WebSite","@id":"https:\/\/vieassociative.be\/actualites\/#website","url":"https:\/\/vieassociative.be\/actualites\/","name":"Vie Associative","description":"","publisher":{"@id":"https:\/\/vieassociative.be\/actualites\/#organization"},"potentialAction":[{"@type":"SearchAction","target":{"@type":"EntryPoint","urlTemplate":"https:\/\/vieassociative.be\/actualites\/?s={search_term_string}"},"query-input":{"@type":"PropertyValueSpecification","valueRequired":true,"valueName":"search_term_string"}}],"inLanguage":"fr-BE"},{"@type":"Organization","@id":"https:\/\/vieassociative.be\/actualites\/#organization","name":"Vie Associative","url":"https:\/\/vieassociative.be\/actualites\/","logo":{"@type":"ImageObject","inLanguage":"fr-BE","@id":"https:\/\/vieassociative.be\/actualites\/#\/schema\/logo\/image\/","url":"https:\/\/vieassociative.be\/actualites\/wp-content\/uploads\/2024\/09\/cropped-vieassociative_favicon.ico.png","contentUrl":"https:\/\/vieassociative.be\/actualites\/wp-content\/uploads\/2024\/09\/cropped-vieassociative_favicon.ico.png","width":512,"height":512,"caption":"Vie Associative"},"image":{"@id":"https:\/\/vieassociative.be\/actualites\/#\/schema\/logo\/image\/"}},{"@type":"Person","@id":"https:\/\/vieassociative.be\/actualites\/#\/schema\/person\/b87ac4f82f9d4e7b7cec7395b679edc4","name":"Julien","image":{"@type":"ImageObject","inLanguage":"fr-BE","@id":"https:\/\/vieassociative.be\/actualites\/#\/schema\/person\/image\/","url":"https:\/\/vieassociative.be\/actualites\/wp-content\/uploads\/2024\/09\/vie-associative-1-150x150.jpg","contentUrl":"https:\/\/vieassociative.be\/actualites\/wp-content\/uploads\/2024\/09\/vie-associative-1-150x150.jpg","caption":"Julien"},"description":"Je suis Julien, r\u00e9dacteur pour Vie Associative. Passionn\u00e9 par le monde associatif depuis plus de 10 ans, j'ai \u00e0 c\u0153ur de partager des histoires inspirantes et de mettre en lumi\u00e8re les initiatives locales. Mon objectif est de sensibiliser et d'encourager l'engagement communautaire \u00e0 travers mes articles.","sameAs":["https:\/\/vieassociative.be\/"]}]}},"_links":{"self":[{"href":"https:\/\/vieassociative.be\/actualites\/wp-json\/wp\/v2\/posts\/6925"}],"collection":[{"href":"https:\/\/vieassociative.be\/actualites\/wp-json\/wp\/v2\/posts"}],"about":[{"href":"https:\/\/vieassociative.be\/actualites\/wp-json\/wp\/v2\/types\/post"}],"author":[{"embeddable":true,"href":"https:\/\/vieassociative.be\/actualites\/wp-json\/wp\/v2\/users\/1"}],"replies":[{"embeddable":true,"href":"https:\/\/vieassociative.be\/actualites\/wp-json\/wp\/v2\/comments?post=6925"}],"version-history":[{"count":0,"href":"https:\/\/vieassociative.be\/actualites\/wp-json\/wp\/v2\/posts\/6925\/revisions"}],"wp:featuredmedia":[{"embeddable":true,"href":"https:\/\/vieassociative.be\/actualites\/wp-json\/wp\/v2\/media\/6926"}],"wp:attachment":[{"href":"https:\/\/vieassociative.be\/actualites\/wp-json\/wp\/v2\/media?parent=6925"}],"wp:term":[{"taxonomy":"category","embeddable":true,"href":"https:\/\/vieassociative.be\/actualites\/wp-json\/wp\/v2\/categories?post=6925"},{"taxonomy":"post_tag","embeddable":true,"href":"https:\/\/vieassociative.be\/actualites\/wp-json\/wp\/v2\/tags?post=6925"}],"curies":[{"name":"wp","href":"https:\/\/api.w.org\/{rel}","templated":true}]}}