{"id":6919,"date":"2025-04-21T22:17:29","date_gmt":"2025-04-21T20:17:29","guid":{"rendered":"https:\/\/vieassociative.be\/actualites\/le-ministre-de-la-defense-de-trump-hegseth-aurait-partage-des-plans-militaires-avec-sa-femme\/"},"modified":"2025-04-21T22:17:29","modified_gmt":"2025-04-21T20:17:29","slug":"le-ministre-de-la-defense-de-trump-hegseth-aurait-partage-des-plans-militaires-avec-sa-femme","status":"publish","type":"post","link":"https:\/\/vieassociative.be\/actualites\/le-ministre-de-la-defense-de-trump-hegseth-aurait-partage-des-plans-militaires-avec-sa-femme\/","title":{"rendered":"Le ministre de la D\u00e9fense de Trump, Hegseth, aurait partag\u00e9 des plans militaires avec sa femme"},"content":{"rendered":"<p><strong>Selon la Maison Blanche, le pr\u00e9sident am\u00e9ricain Donald Trump est \u00e9galement fermement derri\u00e8re le ministre de la D\u00e9fense Pete Hegseth, selon les derniers rapports sur un autre groupe de signaux. Selon les m\u00e9dias, le ministre aurait partag\u00e9 des plans militaires dans un chat de groupe via l&rsquo;application de signalisation avec sa femme et d&rsquo;autres personnes.<\/strong><\/p>\n<p><span id=\"more-413935\"><\/span>Le \u00abNew York Times\u00bb, citant plusieurs personnes famili\u00e8res avec la question, a rapport\u00e9 que le politicien avait diffus\u00e9 des informations d\u00e9taill\u00e9es sur les attaques au Y\u00e9men au milieu de la mars. L&rsquo;\u00e9pouse ne travaille donc pas dans le minist\u00e8re de la D\u00e9fense.<\/p>\n<p>La porte-parole de la Maison Blanche, Karoline Leavitt, a d\u00e9clar\u00e9 dans une premi\u00e8re r\u00e9action \u00e0 Foxnew: \u00ab\u00a0Le pr\u00e9sident est fermement derri\u00e8re le ministre Hegseth, qui fait un travail ph\u00e9nom\u00e9nal \u00e0 la t\u00eate du Pentagone.\u00a0\u00bb Elle a accus\u00e9 des employ\u00e9s insatisfaits du minist\u00e8re de vouloir mettre Hegseth dans Miscr\u00e9dit et mentir aux m\u00e9dias traditionnels.<\/p>\n<div id=\"attachment_413941\" class=\"wp-caption alignleft\" style=\"max-width: 300px\"><img fetchpriority=\"high\" decoding=\"async\" class=\"wp-image-413941 size-medium\" src=\"https:\/\/vieassociative.be\/actualites\/wp-content\/uploads\/2025\/04\/Le-ministre-de-la-Defense-de-Trump-Hegseth-aurait-partage.jpg\" alt=\"\" width=\"300\" height=\"200\"><\/p>\n<p class=\"wp-caption-text\">14\/01\/2025, \u00c9tats-Unis, Washington: Pete Hegseth, qui a \u00e9t\u00e9 \u00e9lu ministre de la D\u00e9fense par le pr\u00e9sident am\u00e9ricain d\u00e9sign\u00e9 Trump, son \u00e9pouse Jennifer Rauchet Hugs \u00e0 la fin d&rsquo;une audience du Comit\u00e9 des forces arm\u00e9es du S\u00e9nat pour confirmer sa confirmation dans le Capitole. Photo: Ben Curtis \/ AP \/ DPA<\/p>\n<\/div>\n<p>\u00ab\u00a0Cela se produit lorsque tout le Pentagone travaille contre un et contre le changement monumental que vous essayez de mettre en \u0153uvre\u00a0\u00bb, a d\u00e9clar\u00e9 Leavitt. Elle a ajout\u00e9 qu&rsquo;aucun secret militaire n&rsquo;avait \u00e9t\u00e9 r\u00e9pandu. Le \u00abNew York Times\u00bb avait signal\u00e9 que les temps de vol de Flight Times des Jets de combat F \/ A-18 avaient \u00e9t\u00e9 partag\u00e9s \u00e0 l&rsquo;usage de la milice Huthi au Y\u00e9men.<\/p>\n<p><strong>&#8211; Hegseth bl\u00e2me les anciens employ\u00e9s agac\u00e9s:<\/strong> Le ministre Hegseth a d\u00e9clar\u00e9 lors d&rsquo;une premi\u00e8re r\u00e9action dans une famille de P\u00e2ques dans le jardin de la Maison Blanche, le rapport \u00e9tait bas\u00e9 sur les informations d&rsquo;anciens employ\u00e9s en col\u00e8re qui ont essay\u00e9 de \u00ab\u00a0r\u00e9gler les gens et de ruiner leur r\u00e9putation. Cela ne fonctionne pas pour moi\u00a0\u00bb.<\/p>\n<p>Le porte-parole du Pentagone, Sean Parnell, avait pr\u00e9c\u00e9demment publi\u00e9 sur X que \u00ab\u00a0les m\u00e9dias de la haine Trump\u00a0\u00bb \u00e9taient toujours obs\u00e9d\u00e9s de d\u00e9truire tous ceux qui sont attach\u00e9s \u00e0 l&rsquo;ordre du jour du pr\u00e9sident am\u00e9ricain Donald Trump. Parnell a affirm\u00e9 que les rapports concernant le deuxi\u00e8me groupe de groupe \u00e9taient bas\u00e9s sur les plaintes d&rsquo;anciens employ\u00e9s comme seule source. Plus r\u00e9cemment, selon les m\u00e9dias, il y avait eu un certain nombre de licenciements d&#8217;employ\u00e9s de premier plan dans le Pentagone.<\/p>\n<p><strong>&#8211; La pression augmente:<\/strong> Hegseth se voit expos\u00e9 \u00e0 de nouvelles critiques gr\u00e2ce au rapport des m\u00e9dias et la pression sur lui augmente. Le chef minoritaire des d\u00e9mocrates au S\u00e9nat am\u00e9ricain, Chuck Schumer, a \u00e9crit sur X: \u00ab\u00a0Pete Hegseth doit \u00eatre licenci\u00e9.\u00a0\u00bb Il y a quelques semaines \u00e0 peine, une affaire concernant une prochaine attaque au Y\u00e9men de Hegseth et un autre repr\u00e9sentant du gouvernement, auquel un journaliste avait accidentellement invit\u00e9, avait fait des vagues \u00e9lev\u00e9es.<\/p>\n<p>Le diffuseur am\u00e9ricain CNN a \u00e9galement rendu compte des initi\u00e9s sur le deuxi\u00e8me chat de groupe. Selon les m\u00e9dias, le fr\u00e8re de Hegseth et son avocat personnel auraient \u00e9t\u00e9 des membres du chat.<\/p>\n<\/p>\n<div id=\"attachment_413942\" class=\"wp-caption alignleft\" style=\"max-width: 300px\"><img decoding=\"async\" class=\"wp-image-413942 size-medium\" src=\"https:\/\/vieassociative.be\/actualites\/wp-content\/uploads\/2025\/04\/1745266649_417_Le-ministre-de-la-Defense-de-Trump-Hegseth-aurait-partage.jpg\" alt=\"\" width=\"300\" height=\"200\"><\/p>\n<p class=\"wp-caption-text\">15\/04\/2025, \u00c9tats-Unis, Washington: le pr\u00e9sident am\u00e9ricain Donald Trump serre le ministre de la D\u00e9fense Pete Hegseth lors de l&rsquo;attribution du troph\u00e9e commandant en chef \u00e0 l&rsquo;\u00e9quipe de football de l&rsquo;aspirant de la Marine dans la salle est de la Maison Blanche. Photo: Alex Brandon \/ AP \/ DPA<\/p>\n<\/div>\n<p><strong>-Connection \u00e0 l&rsquo;affaire de chat pr\u00e9c\u00e9dente:<\/strong><br \/>\n L&rsquo;affaire suit l&rsquo;affaire d&rsquo;un chat de groupe secret des membres du gouvernement \u00e9lev\u00e9. Fin mars, le magazine am\u00e9ricain \u00ab\u00a0The Atlantic\u00a0\u00bb a rendu le contenu du chat publiquement apr\u00e8s que son r\u00e9dacteur en chef, probablement accidentellement, a \u00e9t\u00e9 invit\u00e9 au groupe de signaux par le consultant en s\u00e9curit\u00e9 nationale Mike Waltz. Une enqu\u00eate par la supervision interne du minist\u00e8re am\u00e9ricain de la D\u00e9fense est d\u00e9j\u00e0 en cours pour ce chat.<\/p>\n<p>Les membres du groupe de groupe \u00e9taient les principaux chefs de direction sur la s\u00e9curit\u00e9 nationale des \u00c9tats-Unis: en plus de Hegseth, entre autres, le d\u00e9put\u00e9 de Trump, JD Vance, Waltz, chef du service des services \u00e9trangers am\u00e9ricains CIA, John Ratcliffe, et le coordinateur des services secrets Tulsi Gabbard. Le chat a trait\u00e9 d&rsquo;une mission militaire am\u00e9ricaine contre la milice Huthi au Y\u00e9men \u00e0 la mi-mars. Hegseth a fourni des informations d\u00e9taill\u00e9es sur les armes et les temps d&rsquo;attaque.<\/p>\n<p>La supervision interne du Pentagone examine si Hegseth a partag\u00e9 des plans op\u00e9ratoires pour une mission militaire am\u00e9ricaine contre la milice Huthi au Y\u00e9men sur l&rsquo;application commerciale et si les r\u00e9glementations sur le secret et la r\u00e9tention des documents gouvernementaux ont \u00e9t\u00e9 respect\u00e9es.<\/p>\n<p><strong>&#8211; Hegseth aurait cr\u00e9\u00e9 le deuxi\u00e8me chat lui-m\u00eame:<\/strong> Selon le \u00abNew York Times\u00bb, le deuxi\u00e8me cours de chat connu aurait \u00e9galement \u00e9t\u00e9 avec des plans militaires dans ce contexte. Hegseth aurait cr\u00e9\u00e9 le deuxi\u00e8me chat lui-m\u00eame. En janvier, une douzaine de membres de son environnement personnel et professionnel auraient fait partie du groupe de signaux &#8211; qui aurait \u00e9t\u00e9 ministre de la D\u00e9fense avant que Hegseth ne jure. Il aurait utilis\u00e9 le chat de son t\u00e9l\u00e9phone priv\u00e9. (DPA)<\/p>\n","protected":false},"excerpt":{"rendered":"<p>Selon la Maison Blanche, le pr\u00e9sident am\u00e9ricain Donald Trump est \u00e9galement fermement derri\u00e8re le ministre de la D\u00e9fense Pete Hegseth, selon les derniers rapports sur<\/p>\n","protected":false},"author":1,"featured_media":6920,"comment_status":"","ping_status":"","sticky":false,"template":"","format":"standard","meta":{"footnotes":""},"categories":[298],"tags":[5252,61,3152,29,4918,6544,6545,1245,1276,3029,2425],"class_list":["post-6919","post","type-post","status-publish","format-standard","has-post-thumbnail","hentry","category-belgique","tag-aurait","tag-avec","tag-defense","tag-des","tag-femme","tag-hegseth","tag-militaires","tag-ministre","tag-partage","tag-plans","tag-trump","generate-columns","tablet-grid-50","mobile-grid-100","grid-parent","grid-33"],"yoast_head":"<!-- This site is optimized with the Yoast SEO plugin v24.0 - https:\/\/yoast.com\/wordpress\/plugins\/seo\/ -->\n<title>Le ministre de la D\u00e9fense de Trump, Hegseth, aurait partag\u00e9 des plans militaires avec sa femme | Vie Associative<\/title>\n<meta name=\"robots\" content=\"index, follow, max-snippet:-1, max-image-preview:large, max-video-preview:-1\" \/>\n<link rel=\"canonical\" href=\"https:\/\/vieassociative.be\/actualites\/le-ministre-de-la-defense-de-trump-hegseth-aurait-partage-des-plans-militaires-avec-sa-femme\/\" \/>\n<meta property=\"og:locale\" content=\"fr_FR\" \/>\n<meta property=\"og:type\" content=\"article\" \/>\n<meta property=\"og:title\" content=\"Le ministre de la D\u00e9fense de Trump, Hegseth, aurait partag\u00e9 des plans militaires avec sa femme | Vie Associative\" \/>\n<meta property=\"og:description\" content=\"Selon la Maison Blanche, le pr\u00e9sident am\u00e9ricain Donald Trump est \u00e9galement fermement derri\u00e8re le ministre de la D\u00e9fense Pete Hegseth, selon les derniers rapports sur\" \/>\n<meta property=\"og:url\" content=\"https:\/\/vieassociative.be\/actualites\/le-ministre-de-la-defense-de-trump-hegseth-aurait-partage-des-plans-militaires-avec-sa-femme\/\" \/>\n<meta property=\"og:site_name\" content=\"Vie Associative\" \/>\n<meta property=\"article:published_time\" content=\"2025-04-21T20:17:29+00:00\" \/>\n<meta property=\"og:image\" content=\"https:\/\/vieassociative.be\/actualites\/wp-content\/uploads\/2024\/09\/header_backgroundk-01-e1726694325946.png\" \/>\n\t<meta property=\"og:image:width\" content=\"279\" \/>\n\t<meta property=\"og:image:height\" content=\"92\" \/>\n\t<meta property=\"og:image:type\" content=\"image\/png\" \/>\n<meta name=\"author\" content=\"Julien\" \/>\n<meta name=\"twitter:card\" content=\"summary_large_image\" \/>\n<meta name=\"twitter:label1\" content=\"\u00c9crit par\" \/>\n\t<meta name=\"twitter:data1\" content=\"Julien\" \/>\n\t<meta name=\"twitter:label2\" content=\"Dur\u00e9e de lecture est.\" \/>\n\t<meta name=\"twitter:data2\" content=\"5 minutes\" \/>\n<script type=\"application\/ld+json\" class=\"yoast-schema-graph\">{\"@context\":\"https:\/\/schema.org\",\"@graph\":[{\"@type\":\"Article\",\"@id\":\"https:\/\/vieassociative.be\/actualites\/le-ministre-de-la-defense-de-trump-hegseth-aurait-partage-des-plans-militaires-avec-sa-femme\/#article\",\"isPartOf\":{\"@id\":\"https:\/\/vieassociative.be\/actualites\/le-ministre-de-la-defense-de-trump-hegseth-aurait-partage-des-plans-militaires-avec-sa-femme\/\"},\"author\":{\"name\":\"Julien\",\"@id\":\"https:\/\/vieassociative.be\/actualites\/#\/schema\/person\/b87ac4f82f9d4e7b7cec7395b679edc4\"},\"headline\":\"Le ministre de la D\u00e9fense de Trump, Hegseth, aurait partag\u00e9 des plans militaires avec sa femme\",\"datePublished\":\"2025-04-21T20:17:29+00:00\",\"dateModified\":\"2025-04-21T20:17:29+00:00\",\"mainEntityOfPage\":{\"@id\":\"https:\/\/vieassociative.be\/actualites\/le-ministre-de-la-defense-de-trump-hegseth-aurait-partage-des-plans-militaires-avec-sa-femme\/\"},\"wordCount\":965,\"publisher\":{\"@id\":\"https:\/\/vieassociative.be\/actualites\/#organization\"},\"image\":{\"@id\":\"https:\/\/vieassociative.be\/actualites\/le-ministre-de-la-defense-de-trump-hegseth-aurait-partage-des-plans-militaires-avec-sa-femme\/#primaryimage\"},\"thumbnailUrl\":\"https:\/\/vieassociative.be\/actualites\/wp-content\/uploads\/2025\/04\/1745266649_Le-ministre-de-la-Defense-de-Trump-Hegseth-aurait-partage.jpg\",\"keywords\":[\"aurait\",\"avec\",\"D\u00e9fense\",\"Des\",\"femme\",\"Hegseth\",\"militaires\",\"ministre\",\"partag\u00e9\",\"Plans\",\"Trump\"],\"articleSection\":[\"Belgique\"],\"inLanguage\":\"fr-BE\"},{\"@type\":\"WebPage\",\"@id\":\"https:\/\/vieassociative.be\/actualites\/le-ministre-de-la-defense-de-trump-hegseth-aurait-partage-des-plans-militaires-avec-sa-femme\/\",\"url\":\"https:\/\/vieassociative.be\/actualites\/le-ministre-de-la-defense-de-trump-hegseth-aurait-partage-des-plans-militaires-avec-sa-femme\/\",\"name\":\"Le ministre de la D\u00e9fense de Trump, Hegseth, aurait partag\u00e9 des plans militaires avec sa femme | Vie Associative\",\"isPartOf\":{\"@id\":\"https:\/\/vieassociative.be\/actualites\/#website\"},\"primaryImageOfPage\":{\"@id\":\"https:\/\/vieassociative.be\/actualites\/le-ministre-de-la-defense-de-trump-hegseth-aurait-partage-des-plans-militaires-avec-sa-femme\/#primaryimage\"},\"image\":{\"@id\":\"https:\/\/vieassociative.be\/actualites\/le-ministre-de-la-defense-de-trump-hegseth-aurait-partage-des-plans-militaires-avec-sa-femme\/#primaryimage\"},\"thumbnailUrl\":\"https:\/\/vieassociative.be\/actualites\/wp-content\/uploads\/2025\/04\/1745266649_Le-ministre-de-la-Defense-de-Trump-Hegseth-aurait-partage.jpg\",\"datePublished\":\"2025-04-21T20:17:29+00:00\",\"dateModified\":\"2025-04-21T20:17:29+00:00\",\"breadcrumb\":{\"@id\":\"https:\/\/vieassociative.be\/actualites\/le-ministre-de-la-defense-de-trump-hegseth-aurait-partage-des-plans-militaires-avec-sa-femme\/#breadcrumb\"},\"inLanguage\":\"fr-BE\",\"potentialAction\":[{\"@type\":\"ReadAction\",\"target\":[\"https:\/\/vieassociative.be\/actualites\/le-ministre-de-la-defense-de-trump-hegseth-aurait-partage-des-plans-militaires-avec-sa-femme\/\"]}]},{\"@type\":\"ImageObject\",\"inLanguage\":\"fr-BE\",\"@id\":\"https:\/\/vieassociative.be\/actualites\/le-ministre-de-la-defense-de-trump-hegseth-aurait-partage-des-plans-militaires-avec-sa-femme\/#primaryimage\",\"url\":\"https:\/\/vieassociative.be\/actualites\/wp-content\/uploads\/2025\/04\/1745266649_Le-ministre-de-la-Defense-de-Trump-Hegseth-aurait-partage.jpg\",\"contentUrl\":\"https:\/\/vieassociative.be\/actualites\/wp-content\/uploads\/2025\/04\/1745266649_Le-ministre-de-la-Defense-de-Trump-Hegseth-aurait-partage.jpg\",\"width\":1200,\"height\":800,\"caption\":\"Le ministre de la D\u00e9fense de Trump, Hegseth, aurait partag\u00e9 des plans militaires avec sa femme\"},{\"@type\":\"BreadcrumbList\",\"@id\":\"https:\/\/vieassociative.be\/actualites\/le-ministre-de-la-defense-de-trump-hegseth-aurait-partage-des-plans-militaires-avec-sa-femme\/#breadcrumb\",\"itemListElement\":[{\"@type\":\"ListItem\",\"position\":1,\"name\":\"Accueil\",\"item\":\"https:\/\/vieassociative.be\/actualites\/\"},{\"@type\":\"ListItem\",\"position\":2,\"name\":\"Le ministre de la D\u00e9fense de Trump, Hegseth, aurait partag\u00e9 des plans militaires avec sa femme\"}]},{\"@type\":\"WebSite\",\"@id\":\"https:\/\/vieassociative.be\/actualites\/#website\",\"url\":\"https:\/\/vieassociative.be\/actualites\/\",\"name\":\"Vie Associative\",\"description\":\"\",\"publisher\":{\"@id\":\"https:\/\/vieassociative.be\/actualites\/#organization\"},\"potentialAction\":[{\"@type\":\"SearchAction\",\"target\":{\"@type\":\"EntryPoint\",\"urlTemplate\":\"https:\/\/vieassociative.be\/actualites\/?s={search_term_string}\"},\"query-input\":{\"@type\":\"PropertyValueSpecification\",\"valueRequired\":true,\"valueName\":\"search_term_string\"}}],\"inLanguage\":\"fr-BE\"},{\"@type\":\"Organization\",\"@id\":\"https:\/\/vieassociative.be\/actualites\/#organization\",\"name\":\"Vie Associative\",\"url\":\"https:\/\/vieassociative.be\/actualites\/\",\"logo\":{\"@type\":\"ImageObject\",\"inLanguage\":\"fr-BE\",\"@id\":\"https:\/\/vieassociative.be\/actualites\/#\/schema\/logo\/image\/\",\"url\":\"https:\/\/vieassociative.be\/actualites\/wp-content\/uploads\/2024\/09\/cropped-vieassociative_favicon.ico.png\",\"contentUrl\":\"https:\/\/vieassociative.be\/actualites\/wp-content\/uploads\/2024\/09\/cropped-vieassociative_favicon.ico.png\",\"width\":512,\"height\":512,\"caption\":\"Vie Associative\"},\"image\":{\"@id\":\"https:\/\/vieassociative.be\/actualites\/#\/schema\/logo\/image\/\"}},{\"@type\":\"Person\",\"@id\":\"https:\/\/vieassociative.be\/actualites\/#\/schema\/person\/b87ac4f82f9d4e7b7cec7395b679edc4\",\"name\":\"Julien\",\"image\":{\"@type\":\"ImageObject\",\"inLanguage\":\"fr-BE\",\"@id\":\"https:\/\/vieassociative.be\/actualites\/#\/schema\/person\/image\/\",\"url\":\"https:\/\/vieassociative.be\/actualites\/wp-content\/uploads\/2024\/09\/vie-associative-1-150x150.jpg\",\"contentUrl\":\"https:\/\/vieassociative.be\/actualites\/wp-content\/uploads\/2024\/09\/vie-associative-1-150x150.jpg\",\"caption\":\"Julien\"},\"description\":\"Je suis Julien, r\u00e9dacteur pour Vie Associative. Passionn\u00e9 par le monde associatif depuis plus de 10 ans, j'ai \u00e0 c\u0153ur de partager des histoires inspirantes et de mettre en lumi\u00e8re les initiatives locales. Mon objectif est de sensibiliser et d'encourager l'engagement communautaire \u00e0 travers mes articles.\",\"sameAs\":[\"https:\/\/vieassociative.be\/\"]}]}<\/script>\n<!-- \/ Yoast SEO plugin. -->","yoast_head_json":{"title":"Le ministre de la D\u00e9fense de Trump, Hegseth, aurait partag\u00e9 des plans militaires avec sa femme | Vie Associative","robots":{"index":"index","follow":"follow","max-snippet":"max-snippet:-1","max-image-preview":"max-image-preview:large","max-video-preview":"max-video-preview:-1"},"canonical":"https:\/\/vieassociative.be\/actualites\/le-ministre-de-la-defense-de-trump-hegseth-aurait-partage-des-plans-militaires-avec-sa-femme\/","og_locale":"fr_FR","og_type":"article","og_title":"Le ministre de la D\u00e9fense de Trump, Hegseth, aurait partag\u00e9 des plans militaires avec sa femme | Vie Associative","og_description":"Selon la Maison Blanche, le pr\u00e9sident am\u00e9ricain Donald Trump est \u00e9galement fermement derri\u00e8re le ministre de la D\u00e9fense Pete Hegseth, selon les derniers rapports sur","og_url":"https:\/\/vieassociative.be\/actualites\/le-ministre-de-la-defense-de-trump-hegseth-aurait-partage-des-plans-militaires-avec-sa-femme\/","og_site_name":"Vie Associative","article_published_time":"2025-04-21T20:17:29+00:00","og_image":[{"width":279,"height":92,"url":"https:\/\/vieassociative.be\/actualites\/wp-content\/uploads\/2024\/09\/header_backgroundk-01-e1726694325946.png","type":"image\/png"}],"author":"Julien","twitter_card":"summary_large_image","twitter_misc":{"\u00c9crit par":"Julien","Dur\u00e9e de lecture est.":"5 minutes"},"schema":{"@context":"https:\/\/schema.org","@graph":[{"@type":"Article","@id":"https:\/\/vieassociative.be\/actualites\/le-ministre-de-la-defense-de-trump-hegseth-aurait-partage-des-plans-militaires-avec-sa-femme\/#article","isPartOf":{"@id":"https:\/\/vieassociative.be\/actualites\/le-ministre-de-la-defense-de-trump-hegseth-aurait-partage-des-plans-militaires-avec-sa-femme\/"},"author":{"name":"Julien","@id":"https:\/\/vieassociative.be\/actualites\/#\/schema\/person\/b87ac4f82f9d4e7b7cec7395b679edc4"},"headline":"Le ministre de la D\u00e9fense de Trump, Hegseth, aurait partag\u00e9 des plans militaires avec sa femme","datePublished":"2025-04-21T20:17:29+00:00","dateModified":"2025-04-21T20:17:29+00:00","mainEntityOfPage":{"@id":"https:\/\/vieassociative.be\/actualites\/le-ministre-de-la-defense-de-trump-hegseth-aurait-partage-des-plans-militaires-avec-sa-femme\/"},"wordCount":965,"publisher":{"@id":"https:\/\/vieassociative.be\/actualites\/#organization"},"image":{"@id":"https:\/\/vieassociative.be\/actualites\/le-ministre-de-la-defense-de-trump-hegseth-aurait-partage-des-plans-militaires-avec-sa-femme\/#primaryimage"},"thumbnailUrl":"https:\/\/vieassociative.be\/actualites\/wp-content\/uploads\/2025\/04\/1745266649_Le-ministre-de-la-Defense-de-Trump-Hegseth-aurait-partage.jpg","keywords":["aurait","avec","D\u00e9fense","Des","femme","Hegseth","militaires","ministre","partag\u00e9","Plans","Trump"],"articleSection":["Belgique"],"inLanguage":"fr-BE"},{"@type":"WebPage","@id":"https:\/\/vieassociative.be\/actualites\/le-ministre-de-la-defense-de-trump-hegseth-aurait-partage-des-plans-militaires-avec-sa-femme\/","url":"https:\/\/vieassociative.be\/actualites\/le-ministre-de-la-defense-de-trump-hegseth-aurait-partage-des-plans-militaires-avec-sa-femme\/","name":"Le ministre de la D\u00e9fense de Trump, Hegseth, aurait partag\u00e9 des plans militaires avec sa femme | Vie Associative","isPartOf":{"@id":"https:\/\/vieassociative.be\/actualites\/#website"},"primaryImageOfPage":{"@id":"https:\/\/vieassociative.be\/actualites\/le-ministre-de-la-defense-de-trump-hegseth-aurait-partage-des-plans-militaires-avec-sa-femme\/#primaryimage"},"image":{"@id":"https:\/\/vieassociative.be\/actualites\/le-ministre-de-la-defense-de-trump-hegseth-aurait-partage-des-plans-militaires-avec-sa-femme\/#primaryimage"},"thumbnailUrl":"https:\/\/vieassociative.be\/actualites\/wp-content\/uploads\/2025\/04\/1745266649_Le-ministre-de-la-Defense-de-Trump-Hegseth-aurait-partage.jpg","datePublished":"2025-04-21T20:17:29+00:00","dateModified":"2025-04-21T20:17:29+00:00","breadcrumb":{"@id":"https:\/\/vieassociative.be\/actualites\/le-ministre-de-la-defense-de-trump-hegseth-aurait-partage-des-plans-militaires-avec-sa-femme\/#breadcrumb"},"inLanguage":"fr-BE","potentialAction":[{"@type":"ReadAction","target":["https:\/\/vieassociative.be\/actualites\/le-ministre-de-la-defense-de-trump-hegseth-aurait-partage-des-plans-militaires-avec-sa-femme\/"]}]},{"@type":"ImageObject","inLanguage":"fr-BE","@id":"https:\/\/vieassociative.be\/actualites\/le-ministre-de-la-defense-de-trump-hegseth-aurait-partage-des-plans-militaires-avec-sa-femme\/#primaryimage","url":"https:\/\/vieassociative.be\/actualites\/wp-content\/uploads\/2025\/04\/1745266649_Le-ministre-de-la-Defense-de-Trump-Hegseth-aurait-partage.jpg","contentUrl":"https:\/\/vieassociative.be\/actualites\/wp-content\/uploads\/2025\/04\/1745266649_Le-ministre-de-la-Defense-de-Trump-Hegseth-aurait-partage.jpg","width":1200,"height":800,"caption":"Le ministre de la D\u00e9fense de Trump, Hegseth, aurait partag\u00e9 des plans militaires avec sa femme"},{"@type":"BreadcrumbList","@id":"https:\/\/vieassociative.be\/actualites\/le-ministre-de-la-defense-de-trump-hegseth-aurait-partage-des-plans-militaires-avec-sa-femme\/#breadcrumb","itemListElement":[{"@type":"ListItem","position":1,"name":"Accueil","item":"https:\/\/vieassociative.be\/actualites\/"},{"@type":"ListItem","position":2,"name":"Le ministre de la D\u00e9fense de Trump, Hegseth, aurait partag\u00e9 des plans militaires avec sa femme"}]},{"@type":"WebSite","@id":"https:\/\/vieassociative.be\/actualites\/#website","url":"https:\/\/vieassociative.be\/actualites\/","name":"Vie Associative","description":"","publisher":{"@id":"https:\/\/vieassociative.be\/actualites\/#organization"},"potentialAction":[{"@type":"SearchAction","target":{"@type":"EntryPoint","urlTemplate":"https:\/\/vieassociative.be\/actualites\/?s={search_term_string}"},"query-input":{"@type":"PropertyValueSpecification","valueRequired":true,"valueName":"search_term_string"}}],"inLanguage":"fr-BE"},{"@type":"Organization","@id":"https:\/\/vieassociative.be\/actualites\/#organization","name":"Vie Associative","url":"https:\/\/vieassociative.be\/actualites\/","logo":{"@type":"ImageObject","inLanguage":"fr-BE","@id":"https:\/\/vieassociative.be\/actualites\/#\/schema\/logo\/image\/","url":"https:\/\/vieassociative.be\/actualites\/wp-content\/uploads\/2024\/09\/cropped-vieassociative_favicon.ico.png","contentUrl":"https:\/\/vieassociative.be\/actualites\/wp-content\/uploads\/2024\/09\/cropped-vieassociative_favicon.ico.png","width":512,"height":512,"caption":"Vie Associative"},"image":{"@id":"https:\/\/vieassociative.be\/actualites\/#\/schema\/logo\/image\/"}},{"@type":"Person","@id":"https:\/\/vieassociative.be\/actualites\/#\/schema\/person\/b87ac4f82f9d4e7b7cec7395b679edc4","name":"Julien","image":{"@type":"ImageObject","inLanguage":"fr-BE","@id":"https:\/\/vieassociative.be\/actualites\/#\/schema\/person\/image\/","url":"https:\/\/vieassociative.be\/actualites\/wp-content\/uploads\/2024\/09\/vie-associative-1-150x150.jpg","contentUrl":"https:\/\/vieassociative.be\/actualites\/wp-content\/uploads\/2024\/09\/vie-associative-1-150x150.jpg","caption":"Julien"},"description":"Je suis Julien, r\u00e9dacteur pour Vie Associative. Passionn\u00e9 par le monde associatif depuis plus de 10 ans, j'ai \u00e0 c\u0153ur de partager des histoires inspirantes et de mettre en lumi\u00e8re les initiatives locales. Mon objectif est de sensibiliser et d'encourager l'engagement communautaire \u00e0 travers mes articles.","sameAs":["https:\/\/vieassociative.be\/"]}]}},"_links":{"self":[{"href":"https:\/\/vieassociative.be\/actualites\/wp-json\/wp\/v2\/posts\/6919"}],"collection":[{"href":"https:\/\/vieassociative.be\/actualites\/wp-json\/wp\/v2\/posts"}],"about":[{"href":"https:\/\/vieassociative.be\/actualites\/wp-json\/wp\/v2\/types\/post"}],"author":[{"embeddable":true,"href":"https:\/\/vieassociative.be\/actualites\/wp-json\/wp\/v2\/users\/1"}],"replies":[{"embeddable":true,"href":"https:\/\/vieassociative.be\/actualites\/wp-json\/wp\/v2\/comments?post=6919"}],"version-history":[{"count":0,"href":"https:\/\/vieassociative.be\/actualites\/wp-json\/wp\/v2\/posts\/6919\/revisions"}],"wp:featuredmedia":[{"embeddable":true,"href":"https:\/\/vieassociative.be\/actualites\/wp-json\/wp\/v2\/media\/6920"}],"wp:attachment":[{"href":"https:\/\/vieassociative.be\/actualites\/wp-json\/wp\/v2\/media?parent=6919"}],"wp:term":[{"taxonomy":"category","embeddable":true,"href":"https:\/\/vieassociative.be\/actualites\/wp-json\/wp\/v2\/categories?post=6919"},{"taxonomy":"post_tag","embeddable":true,"href":"https:\/\/vieassociative.be\/actualites\/wp-json\/wp\/v2\/tags?post=6919"}],"curies":[{"name":"wp","href":"https:\/\/api.w.org\/{rel}","templated":true}]}}