{"id":6917,"date":"2025-04-21T21:17:31","date_gmt":"2025-04-21T19:17:31","guid":{"rendered":"https:\/\/vieassociative.be\/actualites\/instagram-utilise-lia-pour-inscrire-automatiquement-les-mineurs-a-des-comptes-pour-adolescents\/"},"modified":"2025-04-21T21:17:31","modified_gmt":"2025-04-21T19:17:31","slug":"instagram-utilise-lia-pour-inscrire-automatiquement-les-mineurs-a-des-comptes-pour-adolescents","status":"publish","type":"post","link":"https:\/\/vieassociative.be\/actualites\/instagram-utilise-lia-pour-inscrire-automatiquement-les-mineurs-a-des-comptes-pour-adolescents\/","title":{"rendered":"Instagram utilise l&rsquo;IA pour inscrire automatiquement les mineurs \u00e0 des \u00abcomptes pour adolescents\u00bb"},"content":{"rendered":"<div class=\"mt-4 leading-6 md:mb-8\">Il est possible que votre compte puisse \u00eatre pris dans les feux crois\u00e9s.<\/div>\n<p><\/p>\n<p>Meta est au s\u00e9rieux au sujet des adolescents qui utilisent ses services. L&rsquo;ann\u00e9e derni\u00e8re, l&rsquo;entreprise a d\u00e9ploy\u00e9 des \u00ab\u00a0comptes pour adolescents\u00a0\u00bb pour Instagram, qui ajoutent un certain nombre de restrictions, de limitations et de fonctionnalit\u00e9s pour les utilisateurs de moins de 18 ans. Plus t\u00f4t ce mois-ci, Meta a \u00e9galement d\u00e9ploy\u00e9 des comptes d&rsquo;adolescents sur Facebook et Messenger, et \u00e9largi certaines de ces restrictions sur Instagram sp\u00e9cifiquement.<\/p>\n<p>Si votre adolescent avait un compte Instagram standard lorsque Meta a commenc\u00e9 \u00e0 le d\u00e9ployer, leur compte a \u00e9t\u00e9 automatiquement transform\u00e9 en compte d&rsquo;adolescent. Bien s\u00fbr, cela n&rsquo;a fonctionn\u00e9 que s&rsquo;il avait son \u00e2ge r\u00e9el attach\u00e9 au compte: si un adolescent disait que son anniversaire les avait fait 18 ans ou plus, aucun compte adolescent. <\/p>\n<h2 id=\"metas-ai-is-snitching-on-instagram-teens\">Meta&rsquo;s IA est un snitching sur les adolescents Instagram  <\/h2>\n<p>En r\u00e9ponse \u00e0 cette \u00e9chappatoire, Meta est en train de t\u00e2ter son IA avec des adolescents enracin\u00e9s qui pr\u00e9tendent \u00eatre des adultes sur Instagram. La soci\u00e9t\u00e9 a annonc\u00e9 lundi l&rsquo;exp\u00e9rience, r\u00e9v\u00e9lant que les tests commenceront aux \u00c9tats-Unis le m\u00eame jour. Meta est bref sur les d\u00e9tails ici, mais ils disent que si l&rsquo;IA trouve un compte standard qu&rsquo;il soup\u00e7onne d&rsquo;\u00eatre un adolescent, il les transmettra automatiquement \u00e0 un compte adolescent &#8211; m\u00eame si ce compte a un anniversaire adulte.  <\/p>\n<p>Ce n&rsquo;est pas non plus le premier rod\u00e9o de Meta Ai. La soci\u00e9t\u00e9 a utilis\u00e9 un mod\u00e8le d&rsquo;IA form\u00e9 pour d\u00e9terminer si un utilisateur est mineur depuis 2022. Le mod\u00e8le d&rsquo;IA recherche des comportements associ\u00e9s aux utilisateurs adolescents, car, selon Meta, les personnes du m\u00eame groupe d&rsquo;\u00e2ge r\u00e9agissent de mani\u00e8re similaire \u00e0 des types sp\u00e9cifiques de contenu. (Pensez \u00e0 tous ces m\u00e8mes que vous ne comprenez pas.) <\/p>\n<p>Un \u00ab\u00a0disons\u00a0\u00bb int\u00e9ressant est livr\u00e9 avec des publications d&rsquo;anniversaire: l&rsquo;IA examine comment les utilisateurs interagissent avec un compte le jour de leur anniversaire et peuvent prendre une d\u00e9termination \u00e0 partir de l\u00e0. Si l&rsquo;IA voient beaucoup de messages et de DMS \u00ab\u00a0joyeux 17e anniversaire, cela va \u00eatre assez \u00e9vident, mais m\u00eame si les messages suivent la fa\u00e7on dont les utilisateurs de moins de 18 ans ont tendance \u00e0 se souhaiter un joyeux anniversaire, l&rsquo;IA sera rapidement suspecte. <\/p>\n<h2 id=\"what-happens-if-the-ai-gets-it-wrong\">Que se passe-t-il si l&rsquo;IA se trompe?<\/h2>\n<p>Il y a probablement de nombreux parents qui n&rsquo;ont aucun probl\u00e8me avec Instagram qui change automatiquement les profils de leurs enfants en comptes pour adolescents. Mais cette technologie est motiv\u00e9e par l&rsquo;IA, et l&rsquo;IA n&rsquo;obtient pas toujours les choses: en tant que tel, il y a de fortes chances que l&rsquo;IA signale accidentellement les comptes adultes en tant qu&rsquo;adolescents, verrouillant les utilisateurs de 18 ans et plus en restrictions destin\u00e9es aux mineurs.  <\/p>\n<div class=\"pogoClear relative my-10 border-b-(1.5px) border-t-(1.5px) border-dashed border-black py-5 sm:my-14 sm:border-0 sm:py-0\" data-ga-click data-ga-template=\"News\" data-ga-module=\"openweb_widget\" data-ga-element=\"openweb_scroll\" data-ga-item=\"openweb_scroll_midpage\" x-cloak x-data=\"{ commentsCount: null, hasComments: false }\" x-init=\"commentsCount = await window.openweb.getMessagesCount(01JSCF18SZNPJZHV3B94BVK9BF);\n     hasComments = commentsCount !== null &amp;&amp; commentsCount &gt; 0\"><\/p>\n<div class=\"absolute top-1\/2 hidden w-full -translate-y-1\/2 border-t-(1.5px) border-dashed border-black sm:block\"><\/div>\n<div class=\"relative flex justify-center\">\n<div class=\"flex max-w-max items-center gap-x-3 bg-white px-5\">\n<div class=\"relative\">\n                <span class=\"absolute left-1\/2 top-1\/2 -translate-x-1\/2 -translate-y-1\/2 font-akshar text-sm font-medium text-black\" x-show=\"hasComments\" x-text=\"commentsCount\"><\/span><\/p>\n<p>                <svg class=\"h-8 w-8 text-black\">\n                    <use href=\"http:\/\/lifehacker.com\/images\/icons\/spritemap.svg#sprite-chat-bubble\"><\/use>\n                <\/svg>\n            <\/div>\n<p>            <span class=\"text-sm font-medium text-black\"><\/p>\n<p>                Que pensez-vous jusqu&rsquo;\u00e0 pr\u00e9sent?<br \/>\n                <button class=\"font-semibold text-brand-green underline hover:text-brand-green-700\" onclick=\"window.openweb.scrollToComments(01JSCF18SZNPJZHV3B94BVK9BF)\" x-text=\"hasComments ? 'Post a comment.' : 'Be the first to post a comment.'\"><\/button><br \/>\n            <\/span>\n        <\/div>\n<\/p><\/div>\n<\/div>\n<p>Cela signifie que votre compte assumera automatiquement des restrictions assez drastiques: vous deviendrez priv\u00e9 si vous ne l&rsquo;\u00eates pas d\u00e9j\u00e0, et les utilisateurs adultes ne pourront pas voir vos messages ou vous faire passer sans suivre d&rsquo;abord. Vous ne verrez pas de contenu \u00ab\u00a0violent\u00a0\u00bb ou de publications promouvant des proc\u00e9dures cosm\u00e9tiques. (Peut-\u00eatre qu&rsquo;aucune perte l\u00e0-bas.) Instagram vous avertira \u00e9galement chaque fois que vous utilisez l&rsquo;application pendant 60 minutes en une journ\u00e9e, vous conseillant de vous arr\u00eater. Et m\u00eame si vous n&rsquo;en avez pas besoin, votre compte entrera en \u00ab\u00a0mode de sommeil\u00a0\u00bb entre 22 heures et 7 heures du matin, en d\u00e9sint\u00e9grant les alertes et en envoyant des r\u00e9pliques automatique \u00e0 DMS. (Pour \u00eatre juste, peut-\u00eatre que beaucoup d&rsquo;entre nous adultes b\u00e9n\u00e9ficieraient de ces restrictions.)  <\/p>\n<p>Si Instagram pense que vous avez 16 ou 17 ans, vous pourrez d\u00e9sactiver manuellement certaines de ces limitations, mais ce n&rsquo;est pas vraiment le point. Si vous \u00eates un adulte, vous ne devriez pas vous attendre \u00e0 ce que Instagram change les param\u00e8tres de votre compte car son bot AI s&rsquo;est tromp\u00e9. Meta le sait aussi. Comme l&rsquo;entreprise le dit, son article de blog: \u00ab\u00a0Nous prenons des mesures pour nous assurer que notre technologie est exacte et que nous pla\u00e7ons correctement les adolescents que nous identifions dans des param\u00e8tres protecteurs et adapt\u00e9s \u00e0 l&rsquo;\u00e2ge, mais au cas o\u00f9 nous ferons une erreur, nous donnons aux gens la possibilit\u00e9 de modifier leurs param\u00e8tres.\u00a0\u00bb<\/p>\n<p>L&rsquo;entreprise n&rsquo;a pas encore dit quelles sont encore ces \u00e9tapes d&rsquo;att\u00e9nuation, donc je mettrai \u00e0 jour cette pi\u00e8ce une fois que nous le saurons avec certitude. Je suppose, cependant, il y a une option dans les param\u00e8tres pour v\u00e9rifier votre \u00e2ge et transf\u00e9rer votre compte vers un compte adulte.  <\/p>\n<p><script async src=\"\/\/www.instagram.com\/embed.js\"><\/script><\/p>\n","protected":false},"excerpt":{"rendered":"<p>Il est possible que votre compte puisse \u00eatre pris dans les feux crois\u00e9s. Meta est au s\u00e9rieux au sujet des adolescents qui utilisent ses services.<\/p>\n","protected":false},"author":1,"featured_media":6918,"comment_status":"","ping_status":"","sticky":false,"template":"","format":"standard","meta":{"footnotes":""},"categories":[13],"tags":[869,4890,1222,29,1263,2282,14,155,6543,81,153],"class_list":["post-6917","post","type-post","status-publish","format-standard","has-post-thumbnail","hentry","category-technologie","tag-adolescents","tag-automatiquement","tag-comptes","tag-des","tag-inscrire","tag-instagram","tag-les","tag-lia","tag-mineurs","tag-pour","tag-utilise","generate-columns","tablet-grid-50","mobile-grid-100","grid-parent","grid-33"],"yoast_head":"<!-- This site is optimized with the Yoast SEO plugin v24.0 - https:\/\/yoast.com\/wordpress\/plugins\/seo\/ -->\n<title>Instagram utilise l&#039;IA pour inscrire automatiquement les mineurs \u00e0 des \u00abcomptes pour adolescents\u00bb | Vie Associative<\/title>\n<meta name=\"robots\" content=\"index, follow, max-snippet:-1, max-image-preview:large, max-video-preview:-1\" \/>\n<link rel=\"canonical\" href=\"https:\/\/vieassociative.be\/actualites\/instagram-utilise-lia-pour-inscrire-automatiquement-les-mineurs-a-des-comptes-pour-adolescents\/\" \/>\n<meta property=\"og:locale\" content=\"fr_FR\" \/>\n<meta property=\"og:type\" content=\"article\" \/>\n<meta property=\"og:title\" content=\"Instagram utilise l&#039;IA pour inscrire automatiquement les mineurs \u00e0 des \u00abcomptes pour adolescents\u00bb | Vie Associative\" \/>\n<meta property=\"og:description\" content=\"Il est possible que votre compte puisse \u00eatre pris dans les feux crois\u00e9s. Meta est au s\u00e9rieux au sujet des adolescents qui utilisent ses services.\" \/>\n<meta property=\"og:url\" content=\"https:\/\/vieassociative.be\/actualites\/instagram-utilise-lia-pour-inscrire-automatiquement-les-mineurs-a-des-comptes-pour-adolescents\/\" \/>\n<meta property=\"og:site_name\" content=\"Vie Associative\" \/>\n<meta property=\"article:published_time\" content=\"2025-04-21T19:17:31+00:00\" \/>\n<meta property=\"og:image\" content=\"https:\/\/vieassociative.be\/actualites\/wp-content\/uploads\/2024\/09\/header_backgroundk-01-e1726694325946.png\" \/>\n\t<meta property=\"og:image:width\" content=\"279\" \/>\n\t<meta property=\"og:image:height\" content=\"92\" \/>\n\t<meta property=\"og:image:type\" content=\"image\/png\" \/>\n<meta name=\"author\" content=\"Julien\" \/>\n<meta name=\"twitter:card\" content=\"summary_large_image\" \/>\n<meta name=\"twitter:label1\" content=\"\u00c9crit par\" \/>\n\t<meta name=\"twitter:data1\" content=\"Julien\" \/>\n\t<meta name=\"twitter:label2\" content=\"Dur\u00e9e de lecture est.\" \/>\n\t<meta name=\"twitter:data2\" content=\"4 minutes\" \/>\n<script type=\"application\/ld+json\" class=\"yoast-schema-graph\">{\"@context\":\"https:\/\/schema.org\",\"@graph\":[{\"@type\":\"Article\",\"@id\":\"https:\/\/vieassociative.be\/actualites\/instagram-utilise-lia-pour-inscrire-automatiquement-les-mineurs-a-des-comptes-pour-adolescents\/#article\",\"isPartOf\":{\"@id\":\"https:\/\/vieassociative.be\/actualites\/instagram-utilise-lia-pour-inscrire-automatiquement-les-mineurs-a-des-comptes-pour-adolescents\/\"},\"author\":{\"name\":\"Julien\",\"@id\":\"https:\/\/vieassociative.be\/actualites\/#\/schema\/person\/b87ac4f82f9d4e7b7cec7395b679edc4\"},\"headline\":\"Instagram utilise l&rsquo;IA pour inscrire automatiquement les mineurs \u00e0 des \u00abcomptes pour adolescents\u00bb\",\"datePublished\":\"2025-04-21T19:17:31+00:00\",\"dateModified\":\"2025-04-21T19:17:31+00:00\",\"mainEntityOfPage\":{\"@id\":\"https:\/\/vieassociative.be\/actualites\/instagram-utilise-lia-pour-inscrire-automatiquement-les-mineurs-a-des-comptes-pour-adolescents\/\"},\"wordCount\":834,\"publisher\":{\"@id\":\"https:\/\/vieassociative.be\/actualites\/#organization\"},\"image\":{\"@id\":\"https:\/\/vieassociative.be\/actualites\/instagram-utilise-lia-pour-inscrire-automatiquement-les-mineurs-a-des-comptes-pour-adolescents\/#primaryimage\"},\"thumbnailUrl\":\"https:\/\/vieassociative.be\/actualites\/wp-content\/uploads\/2025\/04\/Instagram-utilise-lIA-pour-inscrire-automatiquement-les-mineurs-a-des.jpg\",\"keywords\":[\"adolescents\",\"automatiquement\",\"comptes\",\"Des\",\"inscrire\",\"Instagram\",\"Les\",\"lIA\",\"mineurs\",\"pour\",\"utilise\"],\"articleSection\":[\"Technologie\"],\"inLanguage\":\"fr-BE\"},{\"@type\":\"WebPage\",\"@id\":\"https:\/\/vieassociative.be\/actualites\/instagram-utilise-lia-pour-inscrire-automatiquement-les-mineurs-a-des-comptes-pour-adolescents\/\",\"url\":\"https:\/\/vieassociative.be\/actualites\/instagram-utilise-lia-pour-inscrire-automatiquement-les-mineurs-a-des-comptes-pour-adolescents\/\",\"name\":\"Instagram utilise l'IA pour inscrire automatiquement les mineurs \u00e0 des \u00abcomptes pour adolescents\u00bb | Vie Associative\",\"isPartOf\":{\"@id\":\"https:\/\/vieassociative.be\/actualites\/#website\"},\"primaryImageOfPage\":{\"@id\":\"https:\/\/vieassociative.be\/actualites\/instagram-utilise-lia-pour-inscrire-automatiquement-les-mineurs-a-des-comptes-pour-adolescents\/#primaryimage\"},\"image\":{\"@id\":\"https:\/\/vieassociative.be\/actualites\/instagram-utilise-lia-pour-inscrire-automatiquement-les-mineurs-a-des-comptes-pour-adolescents\/#primaryimage\"},\"thumbnailUrl\":\"https:\/\/vieassociative.be\/actualites\/wp-content\/uploads\/2025\/04\/Instagram-utilise-lIA-pour-inscrire-automatiquement-les-mineurs-a-des.jpg\",\"datePublished\":\"2025-04-21T19:17:31+00:00\",\"dateModified\":\"2025-04-21T19:17:31+00:00\",\"breadcrumb\":{\"@id\":\"https:\/\/vieassociative.be\/actualites\/instagram-utilise-lia-pour-inscrire-automatiquement-les-mineurs-a-des-comptes-pour-adolescents\/#breadcrumb\"},\"inLanguage\":\"fr-BE\",\"potentialAction\":[{\"@type\":\"ReadAction\",\"target\":[\"https:\/\/vieassociative.be\/actualites\/instagram-utilise-lia-pour-inscrire-automatiquement-les-mineurs-a-des-comptes-pour-adolescents\/\"]}]},{\"@type\":\"ImageObject\",\"inLanguage\":\"fr-BE\",\"@id\":\"https:\/\/vieassociative.be\/actualites\/instagram-utilise-lia-pour-inscrire-automatiquement-les-mineurs-a-des-comptes-pour-adolescents\/#primaryimage\",\"url\":\"https:\/\/vieassociative.be\/actualites\/wp-content\/uploads\/2025\/04\/Instagram-utilise-lIA-pour-inscrire-automatiquement-les-mineurs-a-des.jpg\",\"contentUrl\":\"https:\/\/vieassociative.be\/actualites\/wp-content\/uploads\/2025\/04\/Instagram-utilise-lIA-pour-inscrire-automatiquement-les-mineurs-a-des.jpg\",\"width\":1200,\"height\":675,\"caption\":\"Instagram utilise l'IA pour inscrire automatiquement les mineurs \u00e0 des \u00abcomptes pour adolescents\u00bb\"},{\"@type\":\"BreadcrumbList\",\"@id\":\"https:\/\/vieassociative.be\/actualites\/instagram-utilise-lia-pour-inscrire-automatiquement-les-mineurs-a-des-comptes-pour-adolescents\/#breadcrumb\",\"itemListElement\":[{\"@type\":\"ListItem\",\"position\":1,\"name\":\"Accueil\",\"item\":\"https:\/\/vieassociative.be\/actualites\/\"},{\"@type\":\"ListItem\",\"position\":2,\"name\":\"Instagram utilise l&rsquo;IA pour inscrire automatiquement les mineurs \u00e0 des \u00abcomptes pour adolescents\u00bb\"}]},{\"@type\":\"WebSite\",\"@id\":\"https:\/\/vieassociative.be\/actualites\/#website\",\"url\":\"https:\/\/vieassociative.be\/actualites\/\",\"name\":\"Vie Associative\",\"description\":\"\",\"publisher\":{\"@id\":\"https:\/\/vieassociative.be\/actualites\/#organization\"},\"potentialAction\":[{\"@type\":\"SearchAction\",\"target\":{\"@type\":\"EntryPoint\",\"urlTemplate\":\"https:\/\/vieassociative.be\/actualites\/?s={search_term_string}\"},\"query-input\":{\"@type\":\"PropertyValueSpecification\",\"valueRequired\":true,\"valueName\":\"search_term_string\"}}],\"inLanguage\":\"fr-BE\"},{\"@type\":\"Organization\",\"@id\":\"https:\/\/vieassociative.be\/actualites\/#organization\",\"name\":\"Vie Associative\",\"url\":\"https:\/\/vieassociative.be\/actualites\/\",\"logo\":{\"@type\":\"ImageObject\",\"inLanguage\":\"fr-BE\",\"@id\":\"https:\/\/vieassociative.be\/actualites\/#\/schema\/logo\/image\/\",\"url\":\"https:\/\/vieassociative.be\/actualites\/wp-content\/uploads\/2024\/09\/cropped-vieassociative_favicon.ico.png\",\"contentUrl\":\"https:\/\/vieassociative.be\/actualites\/wp-content\/uploads\/2024\/09\/cropped-vieassociative_favicon.ico.png\",\"width\":512,\"height\":512,\"caption\":\"Vie Associative\"},\"image\":{\"@id\":\"https:\/\/vieassociative.be\/actualites\/#\/schema\/logo\/image\/\"}},{\"@type\":\"Person\",\"@id\":\"https:\/\/vieassociative.be\/actualites\/#\/schema\/person\/b87ac4f82f9d4e7b7cec7395b679edc4\",\"name\":\"Julien\",\"image\":{\"@type\":\"ImageObject\",\"inLanguage\":\"fr-BE\",\"@id\":\"https:\/\/vieassociative.be\/actualites\/#\/schema\/person\/image\/\",\"url\":\"https:\/\/vieassociative.be\/actualites\/wp-content\/uploads\/2024\/09\/vie-associative-1-150x150.jpg\",\"contentUrl\":\"https:\/\/vieassociative.be\/actualites\/wp-content\/uploads\/2024\/09\/vie-associative-1-150x150.jpg\",\"caption\":\"Julien\"},\"description\":\"Je suis Julien, r\u00e9dacteur pour Vie Associative. Passionn\u00e9 par le monde associatif depuis plus de 10 ans, j'ai \u00e0 c\u0153ur de partager des histoires inspirantes et de mettre en lumi\u00e8re les initiatives locales. Mon objectif est de sensibiliser et d'encourager l'engagement communautaire \u00e0 travers mes articles.\",\"sameAs\":[\"https:\/\/vieassociative.be\/\"]}]}<\/script>\n<!-- \/ Yoast SEO plugin. -->","yoast_head_json":{"title":"Instagram utilise l'IA pour inscrire automatiquement les mineurs \u00e0 des \u00abcomptes pour adolescents\u00bb | Vie Associative","robots":{"index":"index","follow":"follow","max-snippet":"max-snippet:-1","max-image-preview":"max-image-preview:large","max-video-preview":"max-video-preview:-1"},"canonical":"https:\/\/vieassociative.be\/actualites\/instagram-utilise-lia-pour-inscrire-automatiquement-les-mineurs-a-des-comptes-pour-adolescents\/","og_locale":"fr_FR","og_type":"article","og_title":"Instagram utilise l'IA pour inscrire automatiquement les mineurs \u00e0 des \u00abcomptes pour adolescents\u00bb | Vie Associative","og_description":"Il est possible que votre compte puisse \u00eatre pris dans les feux crois\u00e9s. Meta est au s\u00e9rieux au sujet des adolescents qui utilisent ses services.","og_url":"https:\/\/vieassociative.be\/actualites\/instagram-utilise-lia-pour-inscrire-automatiquement-les-mineurs-a-des-comptes-pour-adolescents\/","og_site_name":"Vie Associative","article_published_time":"2025-04-21T19:17:31+00:00","og_image":[{"width":279,"height":92,"url":"https:\/\/vieassociative.be\/actualites\/wp-content\/uploads\/2024\/09\/header_backgroundk-01-e1726694325946.png","type":"image\/png"}],"author":"Julien","twitter_card":"summary_large_image","twitter_misc":{"\u00c9crit par":"Julien","Dur\u00e9e de lecture est.":"4 minutes"},"schema":{"@context":"https:\/\/schema.org","@graph":[{"@type":"Article","@id":"https:\/\/vieassociative.be\/actualites\/instagram-utilise-lia-pour-inscrire-automatiquement-les-mineurs-a-des-comptes-pour-adolescents\/#article","isPartOf":{"@id":"https:\/\/vieassociative.be\/actualites\/instagram-utilise-lia-pour-inscrire-automatiquement-les-mineurs-a-des-comptes-pour-adolescents\/"},"author":{"name":"Julien","@id":"https:\/\/vieassociative.be\/actualites\/#\/schema\/person\/b87ac4f82f9d4e7b7cec7395b679edc4"},"headline":"Instagram utilise l&rsquo;IA pour inscrire automatiquement les mineurs \u00e0 des \u00abcomptes pour adolescents\u00bb","datePublished":"2025-04-21T19:17:31+00:00","dateModified":"2025-04-21T19:17:31+00:00","mainEntityOfPage":{"@id":"https:\/\/vieassociative.be\/actualites\/instagram-utilise-lia-pour-inscrire-automatiquement-les-mineurs-a-des-comptes-pour-adolescents\/"},"wordCount":834,"publisher":{"@id":"https:\/\/vieassociative.be\/actualites\/#organization"},"image":{"@id":"https:\/\/vieassociative.be\/actualites\/instagram-utilise-lia-pour-inscrire-automatiquement-les-mineurs-a-des-comptes-pour-adolescents\/#primaryimage"},"thumbnailUrl":"https:\/\/vieassociative.be\/actualites\/wp-content\/uploads\/2025\/04\/Instagram-utilise-lIA-pour-inscrire-automatiquement-les-mineurs-a-des.jpg","keywords":["adolescents","automatiquement","comptes","Des","inscrire","Instagram","Les","lIA","mineurs","pour","utilise"],"articleSection":["Technologie"],"inLanguage":"fr-BE"},{"@type":"WebPage","@id":"https:\/\/vieassociative.be\/actualites\/instagram-utilise-lia-pour-inscrire-automatiquement-les-mineurs-a-des-comptes-pour-adolescents\/","url":"https:\/\/vieassociative.be\/actualites\/instagram-utilise-lia-pour-inscrire-automatiquement-les-mineurs-a-des-comptes-pour-adolescents\/","name":"Instagram utilise l'IA pour inscrire automatiquement les mineurs \u00e0 des \u00abcomptes pour adolescents\u00bb | Vie Associative","isPartOf":{"@id":"https:\/\/vieassociative.be\/actualites\/#website"},"primaryImageOfPage":{"@id":"https:\/\/vieassociative.be\/actualites\/instagram-utilise-lia-pour-inscrire-automatiquement-les-mineurs-a-des-comptes-pour-adolescents\/#primaryimage"},"image":{"@id":"https:\/\/vieassociative.be\/actualites\/instagram-utilise-lia-pour-inscrire-automatiquement-les-mineurs-a-des-comptes-pour-adolescents\/#primaryimage"},"thumbnailUrl":"https:\/\/vieassociative.be\/actualites\/wp-content\/uploads\/2025\/04\/Instagram-utilise-lIA-pour-inscrire-automatiquement-les-mineurs-a-des.jpg","datePublished":"2025-04-21T19:17:31+00:00","dateModified":"2025-04-21T19:17:31+00:00","breadcrumb":{"@id":"https:\/\/vieassociative.be\/actualites\/instagram-utilise-lia-pour-inscrire-automatiquement-les-mineurs-a-des-comptes-pour-adolescents\/#breadcrumb"},"inLanguage":"fr-BE","potentialAction":[{"@type":"ReadAction","target":["https:\/\/vieassociative.be\/actualites\/instagram-utilise-lia-pour-inscrire-automatiquement-les-mineurs-a-des-comptes-pour-adolescents\/"]}]},{"@type":"ImageObject","inLanguage":"fr-BE","@id":"https:\/\/vieassociative.be\/actualites\/instagram-utilise-lia-pour-inscrire-automatiquement-les-mineurs-a-des-comptes-pour-adolescents\/#primaryimage","url":"https:\/\/vieassociative.be\/actualites\/wp-content\/uploads\/2025\/04\/Instagram-utilise-lIA-pour-inscrire-automatiquement-les-mineurs-a-des.jpg","contentUrl":"https:\/\/vieassociative.be\/actualites\/wp-content\/uploads\/2025\/04\/Instagram-utilise-lIA-pour-inscrire-automatiquement-les-mineurs-a-des.jpg","width":1200,"height":675,"caption":"Instagram utilise l'IA pour inscrire automatiquement les mineurs \u00e0 des \u00abcomptes pour adolescents\u00bb"},{"@type":"BreadcrumbList","@id":"https:\/\/vieassociative.be\/actualites\/instagram-utilise-lia-pour-inscrire-automatiquement-les-mineurs-a-des-comptes-pour-adolescents\/#breadcrumb","itemListElement":[{"@type":"ListItem","position":1,"name":"Accueil","item":"https:\/\/vieassociative.be\/actualites\/"},{"@type":"ListItem","position":2,"name":"Instagram utilise l&rsquo;IA pour inscrire automatiquement les mineurs \u00e0 des \u00abcomptes pour adolescents\u00bb"}]},{"@type":"WebSite","@id":"https:\/\/vieassociative.be\/actualites\/#website","url":"https:\/\/vieassociative.be\/actualites\/","name":"Vie Associative","description":"","publisher":{"@id":"https:\/\/vieassociative.be\/actualites\/#organization"},"potentialAction":[{"@type":"SearchAction","target":{"@type":"EntryPoint","urlTemplate":"https:\/\/vieassociative.be\/actualites\/?s={search_term_string}"},"query-input":{"@type":"PropertyValueSpecification","valueRequired":true,"valueName":"search_term_string"}}],"inLanguage":"fr-BE"},{"@type":"Organization","@id":"https:\/\/vieassociative.be\/actualites\/#organization","name":"Vie Associative","url":"https:\/\/vieassociative.be\/actualites\/","logo":{"@type":"ImageObject","inLanguage":"fr-BE","@id":"https:\/\/vieassociative.be\/actualites\/#\/schema\/logo\/image\/","url":"https:\/\/vieassociative.be\/actualites\/wp-content\/uploads\/2024\/09\/cropped-vieassociative_favicon.ico.png","contentUrl":"https:\/\/vieassociative.be\/actualites\/wp-content\/uploads\/2024\/09\/cropped-vieassociative_favicon.ico.png","width":512,"height":512,"caption":"Vie Associative"},"image":{"@id":"https:\/\/vieassociative.be\/actualites\/#\/schema\/logo\/image\/"}},{"@type":"Person","@id":"https:\/\/vieassociative.be\/actualites\/#\/schema\/person\/b87ac4f82f9d4e7b7cec7395b679edc4","name":"Julien","image":{"@type":"ImageObject","inLanguage":"fr-BE","@id":"https:\/\/vieassociative.be\/actualites\/#\/schema\/person\/image\/","url":"https:\/\/vieassociative.be\/actualites\/wp-content\/uploads\/2024\/09\/vie-associative-1-150x150.jpg","contentUrl":"https:\/\/vieassociative.be\/actualites\/wp-content\/uploads\/2024\/09\/vie-associative-1-150x150.jpg","caption":"Julien"},"description":"Je suis Julien, r\u00e9dacteur pour Vie Associative. Passionn\u00e9 par le monde associatif depuis plus de 10 ans, j'ai \u00e0 c\u0153ur de partager des histoires inspirantes et de mettre en lumi\u00e8re les initiatives locales. Mon objectif est de sensibiliser et d'encourager l'engagement communautaire \u00e0 travers mes articles.","sameAs":["https:\/\/vieassociative.be\/"]}]}},"_links":{"self":[{"href":"https:\/\/vieassociative.be\/actualites\/wp-json\/wp\/v2\/posts\/6917"}],"collection":[{"href":"https:\/\/vieassociative.be\/actualites\/wp-json\/wp\/v2\/posts"}],"about":[{"href":"https:\/\/vieassociative.be\/actualites\/wp-json\/wp\/v2\/types\/post"}],"author":[{"embeddable":true,"href":"https:\/\/vieassociative.be\/actualites\/wp-json\/wp\/v2\/users\/1"}],"replies":[{"embeddable":true,"href":"https:\/\/vieassociative.be\/actualites\/wp-json\/wp\/v2\/comments?post=6917"}],"version-history":[{"count":0,"href":"https:\/\/vieassociative.be\/actualites\/wp-json\/wp\/v2\/posts\/6917\/revisions"}],"wp:featuredmedia":[{"embeddable":true,"href":"https:\/\/vieassociative.be\/actualites\/wp-json\/wp\/v2\/media\/6918"}],"wp:attachment":[{"href":"https:\/\/vieassociative.be\/actualites\/wp-json\/wp\/v2\/media?parent=6917"}],"wp:term":[{"taxonomy":"category","embeddable":true,"href":"https:\/\/vieassociative.be\/actualites\/wp-json\/wp\/v2\/categories?post=6917"},{"taxonomy":"post_tag","embeddable":true,"href":"https:\/\/vieassociative.be\/actualites\/wp-json\/wp\/v2\/tags?post=6917"}],"curies":[{"name":"wp","href":"https:\/\/api.w.org\/{rel}","templated":true}]}}