{"id":6912,"date":"2025-04-21T16:17:22","date_gmt":"2025-04-21T14:17:22","guid":{"rendered":"https:\/\/vieassociative.be\/actualites\/que-se-passe-t-il-apres-la-mort-du-pape\/"},"modified":"2025-04-21T16:17:22","modified_gmt":"2025-04-21T14:17:22","slug":"que-se-passe-t-il-apres-la-mort-du-pape","status":"publish","type":"post","link":"https:\/\/vieassociative.be\/actualites\/que-se-passe-t-il-apres-la-mort-du-pape\/","title":{"rendered":"Que se passe-t-il apr\u00e8s la mort du pape?"},"content":{"rendered":"<p><strong>Mis \u00e0 jour &#8211; Lorsqu&rsquo;un pape d\u00e9c\u00e8de, la chaise sainte est orpheline. Le \u00ab\u00a0d\u00e9put\u00e9 du Christ\u00a0\u00bb n&rsquo;a pas de d\u00e9put\u00e9. Que se passe-t-il jusqu&rsquo;\u00e0 ce qu&rsquo;un nouveau Pontifex soit au sommet de l&rsquo;\u00c9glise catholique?<\/strong><\/p>\n<p><span id=\"more-413919\"><\/span>Apr\u00e8s la mort du pape Fran\u00e7ois, plus de 1,4 milliard de catholiques sont sur Terre sans leadership. Le choix d&rsquo;un successeur peut \u00eatre fait relativement rapidement &#8211; ou prendre des semaines. Un aper\u00e7u de la fa\u00e7on dont les choses se passent:<\/p>\n<p><strong>&#8211; Pourquoi le pape n&rsquo;a-t-il pas de d\u00e9put\u00e9?<\/strong><\/p>\n<p>Selon le droit du canon catholique, un pape est enti\u00e8rement r\u00e9serv\u00e9 et son pouvoir est indivisible. Selon l&rsquo;enseignement de la foi, il est le \u00ab\u00a0d\u00e9put\u00e9 de J\u00e9sus-Christ\u00a0\u00bb sur terre et successeur de l&rsquo;ap\u00f4tre Pierre, qui \u00e9tait toujours utilis\u00e9 par J\u00e9sus.<\/p>\n<p>Le mot pape est d\u00e9riv\u00e9 du grec: \u00ab\u00a0pappas\u00a0\u00bb signifie \u00ab\u00a0p\u00e8re\u00a0\u00bb. Il est \u00e9galement \u00e9v\u00eaque de Rome, Primas d&rsquo;Italie et chef du Vatican, le plus petit \u00c9tat du monde. Il est souvent aussi appel\u00e9 Pontifex, litt\u00e9ralement traduit: le g\u00e9n\u00e9rateur de ponts.<\/p>\n<div id=\"attachment_413892\" class=\"wp-caption alignleft\" style=\"max-width: 300px\"><img fetchpriority=\"high\" decoding=\"async\" class=\"wp-image-413892 size-medium\" src=\"https:\/\/vieassociative.be\/actualites\/wp-content\/uploads\/2025\/04\/1745158646_777_Le-pape-Francois-accueille-le-vice-JD-Vance-de-Trump.jpg\" alt=\"\" width=\"300\" height=\"200\"><\/p>\n<p class=\"wp-caption-text\">20\/04\/2025, Vatican, Vatican City: Le pape Fran\u00e7ois re\u00e7oit le vice-pr\u00e9sident am\u00e9ricain JD Vance (L) avant d&rsquo;accorder la b\u00e9n\u00e9diction Urbi et Orbi (latin pour \u00ab\u00a0pour la ville et le monde\u00a0\u00bb) \u00e0 la fin de la messe de P\u00e2ques sous le pr\u00e9sident du cardinal Comastri sur la place Saint-Pierre \u00e0 Vatican; Au milieu, la t\u00eate de la maison pontificale, Mgr Leonardo Sapienza. Photo: Vatican Media \/ Vatican Media \/ AP \/ DPA<\/p>\n<\/div>\n<p><strong>&#8211; Que signifie Sedisvakanz?<\/strong><\/p>\n<p>C&rsquo;est ainsi que la p\u00e9riode de temps s&rsquo;appelle l&rsquo;\u00e9lection du nouveau pape. La dur\u00e9e ne peut pas \u00eatre pr\u00e9dite exactement. Le terme vient du latin et signifie litt\u00e9ralement \u00ab\u00a0chaise vide\u00a0\u00bb. Un peu a \u00e9t\u00e9 modifi\u00e9 sur le processus au cours des si\u00e8cles, mais les grandes lignes ont \u00e9t\u00e9 d\u00e9termin\u00e9es.<\/p>\n<p>La mort est d\u00e9termin\u00e9e par le Camerlengo, le tr\u00e9sorier du cardinal, avec les m\u00e9decins. Dans le pass\u00e9, le tr\u00e9sorier a doucement frapp\u00e9 le pape sans vie sur son front trois fois avec un petit marteau en argent et a appel\u00e9 son nom de bapt\u00eame. En l&rsquo;absence de la r\u00e9ponse, le Ponfex a ensuite \u00e9t\u00e9 d\u00e9clar\u00e9 mort. \u00c0 ce jour, le pape est tir\u00e9 et a d\u00e9truit l&rsquo;anneau de phoque apr\u00e8s sa mort. L&rsquo;\u00e9tude et les cueilleurs priv\u00e9s sont scell\u00e9s.<\/p>\n<p>Aucune d\u00e9cision importante ne peut \u00eatre prise au Vatican pendant le Sedisvakanz. Les magasins en cours sont r\u00e9glement\u00e9s par un coll\u00e8ge de cardinaux. Cela comprend en particulier les pr\u00e9paratifs des c\u00e9l\u00e9brations fun\u00e9raires et l&rsquo;enterrement ainsi que le choix du successeur.<\/p>\n<p><strong>&#8211; \u00c0 quoi ressemblent les fun\u00e9railles?<\/strong><\/p>\n<p>Le Cardinal College d\u00e9termine quand et comment le corps doit \u00eatre transf\u00e9r\u00e9 \u00e0 la basilique Saint-Pierre. Il est l\u00e0 pour que les croyants puissent lui dire au revoir. Les fun\u00e9railles durent neuf jours.<\/p>\n<p>L&rsquo;enterrement est g\u00e9n\u00e9ralement quatre \u00e0 six jours apr\u00e8s la mort. Il \u00e9tait r\u00e9cemment courant que le d\u00e9funt ait sa tombe dans la basilique Saint-Pierre. Mais contrairement \u00e0 ses pr\u00e9d\u00e9cesseurs Beno\u00eet XVI. De la Bavi\u00e8re et de Jean-Paul II de Pologne, Francis ne trouvera probablement pas son dernier repos dans la basilique Saint-Pierre, mais dans la basilique Santa Maria Maggiore, l&rsquo;un de ses endroits pr\u00e9f\u00e9r\u00e9s. Les chefs d&rsquo;\u00c9tat et le gouvernement du monde entier devraient dire au revoir.<\/p>\n<p><strong>&#8211; Comment le successeur de Francis est-il d\u00e9termin\u00e9?<\/strong><\/p>\n<p>Au cours des 20 derniers jours apr\u00e8s la mort, les cardinaux du monde entier, qui n&rsquo;ont pas encore d\u00e9pass\u00e9 l&rsquo;\u00e2ge de 80 ans, devraient appara\u00eetre dans le Vatican au conclave So-appel\u00e9. Le mot vient du latin: \u00ab\u00a0cum clave\u00a0\u00bb, en allemand: \u00ab\u00a0avec la cl\u00e9\u00a0\u00bb.<\/p>\n<div id=\"attachment_413891\" class=\"wp-caption alignleft\" style=\"max-width: 300px\"><img decoding=\"async\" class=\"wp-image-413891 size-medium\" src=\"https:\/\/vieassociative.be\/actualites\/wp-content\/uploads\/2025\/04\/Le-pape-Francois-accueille-le-vice-JD-Vance-de-Trump.jpg\" alt=\"\" width=\"300\" height=\"200\"><\/p>\n<p class=\"wp-caption-text\">20\/04\/2025, Vatican, Vatican City: Le pape Fran\u00e7ois accorde la b\u00e9n\u00e9diction Urbi et Orbi (latin pour \u00ab\u00a0The City and the World\u00a0\u00bb) dans le Central Lodge of St. Peter&rsquo;s Cathedral \u00e0 la fin de la foire de P\u00e2ques dirig\u00e9e par Cardinal Comastri \u00e0 Petersplatz dans le Vatican. Photo: Andrew Medichini \/ AP \/ DPA<\/p>\n<\/div>\n<p>Le choix du nouveau pape est strictement prot\u00e9g\u00e9 dans la chapelle Sixtine, sous les c\u00e9l\u00e8bres fresques de plafond Michel-Ange. Toute communication externe qui pourrait avoir \u00e0 voir avec l&rsquo;\u00e9lection du Pape est interdite.<\/p>\n<p>Le conclave peut \u00eatre termin\u00e9 apr\u00e8s quelques heures, mais aussi des semaines, des mois ou m\u00eame des ann\u00e9es: il n&rsquo;y a pas de limite de temps. Le choix le plus long a commenc\u00e9 \u00e0 l&rsquo;automne 1268. Ce n&rsquo;\u00e9tait qu&rsquo;apr\u00e8s deux ans, neuf mois et deux jours avec Gregor X. Il y avait un nouveau pape. En attendant, cependant, il est g\u00e9n\u00e9ralement assez rapide: Francis a \u00e9t\u00e9 choisi en 2013 apr\u00e8s un peu plus de 26 heures et cinq groupes \u00e9lectoraux. Son pr\u00e9d\u00e9cesseur Beno\u00eet XVI. A commenc\u00e9 en 2005 apr\u00e8s quatre tours.<\/p>\n<p><strong>&#8211; Comment le conclave se rassemble-t-il?<\/strong><\/p>\n<p>Tous les cardinaux qui n&rsquo;ont pas encore 80 ans ont le droit de voter &#8211; selon le Pape, les dignitaires les plus \u00e9lev\u00e9s de l&rsquo;\u00e9glise. La plupart des cardinaux du vote aujourd&rsquo;hui ont \u00e9t\u00e9 nomm\u00e9s par Francis. Certains \u00e9taient \u00e9galement de Benedict XVI. et Jean-Paul II. Le plus grand groupe vient d&rsquo;Europe. Francis en particulier s&rsquo;est assur\u00e9 que d&rsquo;autres r\u00e9gions mondiales sont beaucoup plus repr\u00e9sent\u00e9es qu&rsquo;auparavant.<\/p>\n<p><strong>&#8211; Que se passe-t-il dans le conclave?<\/strong><\/p>\n<p>Pour choisir, le nouveau pape a besoin d&rsquo;une majorit\u00e9 de deux tiers. Le premier bulletin de vote de la chapelle Sixtine a lieu au d\u00e9but du premier apr\u00e8s-midi. Le rythme suppl\u00e9mentaire les jours suivants se compose alors de deux groupes \u00e9lectoraux le matin et de deux \u00e9lections dans l&rsquo;apr\u00e8s-midi.<\/p>\n<p>Sur le bulletin de vote, chaque cardinal \u00e9crit \u00ab\u00a0que possible dans une \u00e9criture ajust\u00e9e mais claire\u00a0\u00bb sous la phrase \u00ab\u00a0Eligo dans Summum Pontificem\u00a0\u00bb (\u00ab\u00a0Je choisis le constructeur de pont sup\u00e9rieur\u00a0\u00bb) et le jette dans les urnes. Le nombre est alors que les noms sont lus et faits de listes de lignes. Ensuite, tous les glissades de glissement sont filet\u00e9s sur une cha\u00eene et br\u00fbl\u00e9es.<\/p>\n<p>Il y a deux po\u00eales en fonte dans la chapelle Sixtine. Les bulletins de vote viennent dans l&rsquo;ancien des deux po\u00eales, qui est utilis\u00e9 depuis 1939. Dans l&rsquo;autre, qui a \u00e9t\u00e9 utilis\u00e9 pour la premi\u00e8re fois \u00e0 Beno\u00eet en 2005 en 2005, la fum\u00e9e noire ou blanche est g\u00e9n\u00e9r\u00e9e \u00e0 l&rsquo;aide de produits chimiques. Les d\u00e9ductions se traduisent par la m\u00eame chemin\u00e9e, qui peut \u00eatre vue sur le toit de la chapelle Sixtine.<\/p>\n<div id=\"attachment_413890\" class=\"wp-caption alignleft\" style=\"max-width: 300px\"><img decoding=\"async\" class=\"wp-image-413890 size-medium\" src=\"https:\/\/vieassociative.be\/actualites\/wp-content\/uploads\/2025\/04\/Que-se-passe-t-il-apres-la-mort-du-pape.jpg\" alt=\"\" width=\"300\" height=\"200\"><\/p>\n<p class=\"wp-caption-text\">20\/04\/2025, Vatican, Vatican City: Le pape Fran\u00e7ois passe la foule sur la place Saint-Pierre dans son papamobile apr\u00e8s avoir donn\u00e9 la b\u00e9n\u00e9diction Urbi et Orbi (latin pour \u00ab\u00a0la ville et le monde\u00a0\u00bb) \u00e0 la fin de la messe de P\u00e2ques dirig\u00e9e par le cardinal Comastri. Photo: Andrew Medichini \/ AP \/ DPA<\/p>\n<\/div>\n<p>Si aucun des candidats n&rsquo;a atteint la majorit\u00e9 requise, la fum\u00e9e noire augmente. La fum\u00e9e blanche signifie: nous avons un nouveau pape. Parfois, vous ne voyez pas la couleur exactement au d\u00e9but.<\/p>\n<p>Si le conclave tra\u00eene plus longtemps, les jours de repos peuvent \u00eatre ins\u00e9r\u00e9s afin que les cardinaux aient le temps de pri\u00e8res, de r\u00e9flexion et de conversations. Le tout peut \u00e9galement devenir un poker pour le pouvoir. Apr\u00e8s un peu plus de 30 \u00e9lections infructueuses, une \u00e9lection de ruissellement entre les deux candidats avec le plus de votes est possible.<\/p>\n<p><strong>&#8211; Comment \u00e7a va apr\u00e8s les \u00e9lections?<\/strong><\/p>\n<p>Si la majorit\u00e9 requise est atteinte, on demande au candidat victorieux s&rsquo;il accepte les \u00e9lections. C&rsquo;est en fait une question de forme, mais cens\u00e9 h\u00e9siter, par exemple, Beno\u00eet XVI. mais. Lorsque le cardinal choisi dit oui, il est le nouveau chef de l&rsquo;\u00c9glise catholique romaine et reste jusqu&rsquo;\u00e0 ce qu&rsquo;il meure ou, qui ne se produit presque jamais, d\u00e9missionne. Le conclave est termin\u00e9. \u00c0 l&rsquo;ext\u00e9rieur, les cloches sonnent \u00e9galement pour la fum\u00e9e blanche.<\/p>\n<p>Peu de temps apr\u00e8s, la loggia de la cath\u00e9drale de Pars du monde annonce: \u00ab\u00a0Habemus Papam\u00a0\u00bb (\u00ab\u00a0Nous avons un pape\u00a0\u00bb). \u00c0 cette occasion, il est \u00e9galement annonc\u00e9 quel nom le nouveau pape a choisi. De la loggia, il accorde lui-m\u00eame la b\u00e9n\u00e9diction apostolique \u00ab\u00a0urbi et orbi\u00a0\u00bb (\u00ab\u00a0la ville et la terre\u00a0\u00bb). De la foule en attente, il y a toujours de grands applaudissements. (DPA)<\/p>\n","protected":false},"excerpt":{"rendered":"<p>Mis \u00e0 jour &#8211; Lorsqu&rsquo;un pape d\u00e9c\u00e8de, la chaise sainte est orpheline. Le \u00ab\u00a0d\u00e9put\u00e9 du Christ\u00a0\u00bb n&rsquo;a pas de d\u00e9put\u00e9. Que se passe-t-il jusqu&rsquo;\u00e0 ce<\/p>\n","protected":false},"author":1,"featured_media":6913,"comment_status":"","ping_status":"","sticky":false,"template":"","format":"standard","meta":{"footnotes":""},"categories":[298],"tags":[472,1717,4201,5566],"class_list":["post-6912","post","type-post","status-publish","format-standard","has-post-thumbnail","hentry","category-belgique","tag-apres","tag-mort","tag-pape","tag-passetil","generate-columns","tablet-grid-50","mobile-grid-100","grid-parent","grid-33"],"yoast_head":"<!-- This site is optimized with the Yoast SEO plugin v24.0 - https:\/\/yoast.com\/wordpress\/plugins\/seo\/ -->\n<title>Que se passe-t-il apr\u00e8s la mort du pape? | Vie Associative<\/title>\n<meta name=\"robots\" content=\"index, follow, max-snippet:-1, max-image-preview:large, max-video-preview:-1\" \/>\n<link rel=\"canonical\" href=\"https:\/\/vieassociative.be\/actualites\/que-se-passe-t-il-apres-la-mort-du-pape\/\" \/>\n<meta property=\"og:locale\" content=\"fr_FR\" \/>\n<meta property=\"og:type\" content=\"article\" \/>\n<meta property=\"og:title\" content=\"Que se passe-t-il apr\u00e8s la mort du pape? | Vie Associative\" \/>\n<meta property=\"og:description\" content=\"Mis \u00e0 jour &#8211; Lorsqu&rsquo;un pape d\u00e9c\u00e8de, la chaise sainte est orpheline. Le \u00ab\u00a0d\u00e9put\u00e9 du Christ\u00a0\u00bb n&rsquo;a pas de d\u00e9put\u00e9. Que se passe-t-il jusqu&rsquo;\u00e0 ce\" \/>\n<meta property=\"og:url\" content=\"https:\/\/vieassociative.be\/actualites\/que-se-passe-t-il-apres-la-mort-du-pape\/\" \/>\n<meta property=\"og:site_name\" content=\"Vie Associative\" \/>\n<meta property=\"article:published_time\" content=\"2025-04-21T14:17:22+00:00\" \/>\n<meta property=\"og:image\" content=\"https:\/\/vieassociative.be\/actualites\/wp-content\/uploads\/2024\/09\/header_backgroundk-01-e1726694325946.png\" \/>\n\t<meta property=\"og:image:width\" content=\"279\" \/>\n\t<meta property=\"og:image:height\" content=\"92\" \/>\n\t<meta property=\"og:image:type\" content=\"image\/png\" \/>\n<meta name=\"author\" content=\"Julien\" \/>\n<meta name=\"twitter:card\" content=\"summary_large_image\" \/>\n<meta name=\"twitter:label1\" content=\"\u00c9crit par\" \/>\n\t<meta name=\"twitter:data1\" content=\"Julien\" \/>\n\t<meta name=\"twitter:label2\" content=\"Dur\u00e9e de lecture est.\" \/>\n\t<meta name=\"twitter:data2\" content=\"7 minutes\" \/>\n<script type=\"application\/ld+json\" class=\"yoast-schema-graph\">{\"@context\":\"https:\/\/schema.org\",\"@graph\":[{\"@type\":\"Article\",\"@id\":\"https:\/\/vieassociative.be\/actualites\/que-se-passe-t-il-apres-la-mort-du-pape\/#article\",\"isPartOf\":{\"@id\":\"https:\/\/vieassociative.be\/actualites\/que-se-passe-t-il-apres-la-mort-du-pape\/\"},\"author\":{\"name\":\"Julien\",\"@id\":\"https:\/\/vieassociative.be\/actualites\/#\/schema\/person\/b87ac4f82f9d4e7b7cec7395b679edc4\"},\"headline\":\"Que se passe-t-il apr\u00e8s la mort du pape?\",\"datePublished\":\"2025-04-21T14:17:22+00:00\",\"dateModified\":\"2025-04-21T14:17:22+00:00\",\"mainEntityOfPage\":{\"@id\":\"https:\/\/vieassociative.be\/actualites\/que-se-passe-t-il-apres-la-mort-du-pape\/\"},\"wordCount\":1465,\"publisher\":{\"@id\":\"https:\/\/vieassociative.be\/actualites\/#organization\"},\"image\":{\"@id\":\"https:\/\/vieassociative.be\/actualites\/que-se-passe-t-il-apres-la-mort-du-pape\/#primaryimage\"},\"thumbnailUrl\":\"https:\/\/vieassociative.be\/actualites\/wp-content\/uploads\/2025\/04\/1745245042_Que-se-passe-t-il-apres-la-mort-du-pape.jpg\",\"keywords\":[\"Apr\u00e8s\",\"mort\",\"pape\",\"passetil\"],\"articleSection\":[\"Belgique\"],\"inLanguage\":\"fr-BE\"},{\"@type\":\"WebPage\",\"@id\":\"https:\/\/vieassociative.be\/actualites\/que-se-passe-t-il-apres-la-mort-du-pape\/\",\"url\":\"https:\/\/vieassociative.be\/actualites\/que-se-passe-t-il-apres-la-mort-du-pape\/\",\"name\":\"Que se passe-t-il apr\u00e8s la mort du pape? | Vie Associative\",\"isPartOf\":{\"@id\":\"https:\/\/vieassociative.be\/actualites\/#website\"},\"primaryImageOfPage\":{\"@id\":\"https:\/\/vieassociative.be\/actualites\/que-se-passe-t-il-apres-la-mort-du-pape\/#primaryimage\"},\"image\":{\"@id\":\"https:\/\/vieassociative.be\/actualites\/que-se-passe-t-il-apres-la-mort-du-pape\/#primaryimage\"},\"thumbnailUrl\":\"https:\/\/vieassociative.be\/actualites\/wp-content\/uploads\/2025\/04\/1745245042_Que-se-passe-t-il-apres-la-mort-du-pape.jpg\",\"datePublished\":\"2025-04-21T14:17:22+00:00\",\"dateModified\":\"2025-04-21T14:17:22+00:00\",\"breadcrumb\":{\"@id\":\"https:\/\/vieassociative.be\/actualites\/que-se-passe-t-il-apres-la-mort-du-pape\/#breadcrumb\"},\"inLanguage\":\"fr-BE\",\"potentialAction\":[{\"@type\":\"ReadAction\",\"target\":[\"https:\/\/vieassociative.be\/actualites\/que-se-passe-t-il-apres-la-mort-du-pape\/\"]}]},{\"@type\":\"ImageObject\",\"inLanguage\":\"fr-BE\",\"@id\":\"https:\/\/vieassociative.be\/actualites\/que-se-passe-t-il-apres-la-mort-du-pape\/#primaryimage\",\"url\":\"https:\/\/vieassociative.be\/actualites\/wp-content\/uploads\/2025\/04\/1745245042_Que-se-passe-t-il-apres-la-mort-du-pape.jpg\",\"contentUrl\":\"https:\/\/vieassociative.be\/actualites\/wp-content\/uploads\/2025\/04\/1745245042_Que-se-passe-t-il-apres-la-mort-du-pape.jpg\",\"width\":1200,\"height\":819,\"caption\":\"Que se passe-t-il apr\u00e8s la mort du pape?\"},{\"@type\":\"BreadcrumbList\",\"@id\":\"https:\/\/vieassociative.be\/actualites\/que-se-passe-t-il-apres-la-mort-du-pape\/#breadcrumb\",\"itemListElement\":[{\"@type\":\"ListItem\",\"position\":1,\"name\":\"Accueil\",\"item\":\"https:\/\/vieassociative.be\/actualites\/\"},{\"@type\":\"ListItem\",\"position\":2,\"name\":\"Que se passe-t-il apr\u00e8s la mort du pape?\"}]},{\"@type\":\"WebSite\",\"@id\":\"https:\/\/vieassociative.be\/actualites\/#website\",\"url\":\"https:\/\/vieassociative.be\/actualites\/\",\"name\":\"Vie Associative\",\"description\":\"\",\"publisher\":{\"@id\":\"https:\/\/vieassociative.be\/actualites\/#organization\"},\"potentialAction\":[{\"@type\":\"SearchAction\",\"target\":{\"@type\":\"EntryPoint\",\"urlTemplate\":\"https:\/\/vieassociative.be\/actualites\/?s={search_term_string}\"},\"query-input\":{\"@type\":\"PropertyValueSpecification\",\"valueRequired\":true,\"valueName\":\"search_term_string\"}}],\"inLanguage\":\"fr-BE\"},{\"@type\":\"Organization\",\"@id\":\"https:\/\/vieassociative.be\/actualites\/#organization\",\"name\":\"Vie Associative\",\"url\":\"https:\/\/vieassociative.be\/actualites\/\",\"logo\":{\"@type\":\"ImageObject\",\"inLanguage\":\"fr-BE\",\"@id\":\"https:\/\/vieassociative.be\/actualites\/#\/schema\/logo\/image\/\",\"url\":\"https:\/\/vieassociative.be\/actualites\/wp-content\/uploads\/2024\/09\/cropped-vieassociative_favicon.ico.png\",\"contentUrl\":\"https:\/\/vieassociative.be\/actualites\/wp-content\/uploads\/2024\/09\/cropped-vieassociative_favicon.ico.png\",\"width\":512,\"height\":512,\"caption\":\"Vie Associative\"},\"image\":{\"@id\":\"https:\/\/vieassociative.be\/actualites\/#\/schema\/logo\/image\/\"}},{\"@type\":\"Person\",\"@id\":\"https:\/\/vieassociative.be\/actualites\/#\/schema\/person\/b87ac4f82f9d4e7b7cec7395b679edc4\",\"name\":\"Julien\",\"image\":{\"@type\":\"ImageObject\",\"inLanguage\":\"fr-BE\",\"@id\":\"https:\/\/vieassociative.be\/actualites\/#\/schema\/person\/image\/\",\"url\":\"https:\/\/vieassociative.be\/actualites\/wp-content\/uploads\/2024\/09\/vie-associative-1-150x150.jpg\",\"contentUrl\":\"https:\/\/vieassociative.be\/actualites\/wp-content\/uploads\/2024\/09\/vie-associative-1-150x150.jpg\",\"caption\":\"Julien\"},\"description\":\"Je suis Julien, r\u00e9dacteur pour Vie Associative. Passionn\u00e9 par le monde associatif depuis plus de 10 ans, j'ai \u00e0 c\u0153ur de partager des histoires inspirantes et de mettre en lumi\u00e8re les initiatives locales. Mon objectif est de sensibiliser et d'encourager l'engagement communautaire \u00e0 travers mes articles.\",\"sameAs\":[\"https:\/\/vieassociative.be\/\"]}]}<\/script>\n<!-- \/ Yoast SEO plugin. -->","yoast_head_json":{"title":"Que se passe-t-il apr\u00e8s la mort du pape? | Vie Associative","robots":{"index":"index","follow":"follow","max-snippet":"max-snippet:-1","max-image-preview":"max-image-preview:large","max-video-preview":"max-video-preview:-1"},"canonical":"https:\/\/vieassociative.be\/actualites\/que-se-passe-t-il-apres-la-mort-du-pape\/","og_locale":"fr_FR","og_type":"article","og_title":"Que se passe-t-il apr\u00e8s la mort du pape? | Vie Associative","og_description":"Mis \u00e0 jour &#8211; Lorsqu&rsquo;un pape d\u00e9c\u00e8de, la chaise sainte est orpheline. Le \u00ab\u00a0d\u00e9put\u00e9 du Christ\u00a0\u00bb n&rsquo;a pas de d\u00e9put\u00e9. Que se passe-t-il jusqu&rsquo;\u00e0 ce","og_url":"https:\/\/vieassociative.be\/actualites\/que-se-passe-t-il-apres-la-mort-du-pape\/","og_site_name":"Vie Associative","article_published_time":"2025-04-21T14:17:22+00:00","og_image":[{"width":279,"height":92,"url":"https:\/\/vieassociative.be\/actualites\/wp-content\/uploads\/2024\/09\/header_backgroundk-01-e1726694325946.png","type":"image\/png"}],"author":"Julien","twitter_card":"summary_large_image","twitter_misc":{"\u00c9crit par":"Julien","Dur\u00e9e de lecture est.":"7 minutes"},"schema":{"@context":"https:\/\/schema.org","@graph":[{"@type":"Article","@id":"https:\/\/vieassociative.be\/actualites\/que-se-passe-t-il-apres-la-mort-du-pape\/#article","isPartOf":{"@id":"https:\/\/vieassociative.be\/actualites\/que-se-passe-t-il-apres-la-mort-du-pape\/"},"author":{"name":"Julien","@id":"https:\/\/vieassociative.be\/actualites\/#\/schema\/person\/b87ac4f82f9d4e7b7cec7395b679edc4"},"headline":"Que se passe-t-il apr\u00e8s la mort du pape?","datePublished":"2025-04-21T14:17:22+00:00","dateModified":"2025-04-21T14:17:22+00:00","mainEntityOfPage":{"@id":"https:\/\/vieassociative.be\/actualites\/que-se-passe-t-il-apres-la-mort-du-pape\/"},"wordCount":1465,"publisher":{"@id":"https:\/\/vieassociative.be\/actualites\/#organization"},"image":{"@id":"https:\/\/vieassociative.be\/actualites\/que-se-passe-t-il-apres-la-mort-du-pape\/#primaryimage"},"thumbnailUrl":"https:\/\/vieassociative.be\/actualites\/wp-content\/uploads\/2025\/04\/1745245042_Que-se-passe-t-il-apres-la-mort-du-pape.jpg","keywords":["Apr\u00e8s","mort","pape","passetil"],"articleSection":["Belgique"],"inLanguage":"fr-BE"},{"@type":"WebPage","@id":"https:\/\/vieassociative.be\/actualites\/que-se-passe-t-il-apres-la-mort-du-pape\/","url":"https:\/\/vieassociative.be\/actualites\/que-se-passe-t-il-apres-la-mort-du-pape\/","name":"Que se passe-t-il apr\u00e8s la mort du pape? | Vie Associative","isPartOf":{"@id":"https:\/\/vieassociative.be\/actualites\/#website"},"primaryImageOfPage":{"@id":"https:\/\/vieassociative.be\/actualites\/que-se-passe-t-il-apres-la-mort-du-pape\/#primaryimage"},"image":{"@id":"https:\/\/vieassociative.be\/actualites\/que-se-passe-t-il-apres-la-mort-du-pape\/#primaryimage"},"thumbnailUrl":"https:\/\/vieassociative.be\/actualites\/wp-content\/uploads\/2025\/04\/1745245042_Que-se-passe-t-il-apres-la-mort-du-pape.jpg","datePublished":"2025-04-21T14:17:22+00:00","dateModified":"2025-04-21T14:17:22+00:00","breadcrumb":{"@id":"https:\/\/vieassociative.be\/actualites\/que-se-passe-t-il-apres-la-mort-du-pape\/#breadcrumb"},"inLanguage":"fr-BE","potentialAction":[{"@type":"ReadAction","target":["https:\/\/vieassociative.be\/actualites\/que-se-passe-t-il-apres-la-mort-du-pape\/"]}]},{"@type":"ImageObject","inLanguage":"fr-BE","@id":"https:\/\/vieassociative.be\/actualites\/que-se-passe-t-il-apres-la-mort-du-pape\/#primaryimage","url":"https:\/\/vieassociative.be\/actualites\/wp-content\/uploads\/2025\/04\/1745245042_Que-se-passe-t-il-apres-la-mort-du-pape.jpg","contentUrl":"https:\/\/vieassociative.be\/actualites\/wp-content\/uploads\/2025\/04\/1745245042_Que-se-passe-t-il-apres-la-mort-du-pape.jpg","width":1200,"height":819,"caption":"Que se passe-t-il apr\u00e8s la mort du pape?"},{"@type":"BreadcrumbList","@id":"https:\/\/vieassociative.be\/actualites\/que-se-passe-t-il-apres-la-mort-du-pape\/#breadcrumb","itemListElement":[{"@type":"ListItem","position":1,"name":"Accueil","item":"https:\/\/vieassociative.be\/actualites\/"},{"@type":"ListItem","position":2,"name":"Que se passe-t-il apr\u00e8s la mort du pape?"}]},{"@type":"WebSite","@id":"https:\/\/vieassociative.be\/actualites\/#website","url":"https:\/\/vieassociative.be\/actualites\/","name":"Vie Associative","description":"","publisher":{"@id":"https:\/\/vieassociative.be\/actualites\/#organization"},"potentialAction":[{"@type":"SearchAction","target":{"@type":"EntryPoint","urlTemplate":"https:\/\/vieassociative.be\/actualites\/?s={search_term_string}"},"query-input":{"@type":"PropertyValueSpecification","valueRequired":true,"valueName":"search_term_string"}}],"inLanguage":"fr-BE"},{"@type":"Organization","@id":"https:\/\/vieassociative.be\/actualites\/#organization","name":"Vie Associative","url":"https:\/\/vieassociative.be\/actualites\/","logo":{"@type":"ImageObject","inLanguage":"fr-BE","@id":"https:\/\/vieassociative.be\/actualites\/#\/schema\/logo\/image\/","url":"https:\/\/vieassociative.be\/actualites\/wp-content\/uploads\/2024\/09\/cropped-vieassociative_favicon.ico.png","contentUrl":"https:\/\/vieassociative.be\/actualites\/wp-content\/uploads\/2024\/09\/cropped-vieassociative_favicon.ico.png","width":512,"height":512,"caption":"Vie Associative"},"image":{"@id":"https:\/\/vieassociative.be\/actualites\/#\/schema\/logo\/image\/"}},{"@type":"Person","@id":"https:\/\/vieassociative.be\/actualites\/#\/schema\/person\/b87ac4f82f9d4e7b7cec7395b679edc4","name":"Julien","image":{"@type":"ImageObject","inLanguage":"fr-BE","@id":"https:\/\/vieassociative.be\/actualites\/#\/schema\/person\/image\/","url":"https:\/\/vieassociative.be\/actualites\/wp-content\/uploads\/2024\/09\/vie-associative-1-150x150.jpg","contentUrl":"https:\/\/vieassociative.be\/actualites\/wp-content\/uploads\/2024\/09\/vie-associative-1-150x150.jpg","caption":"Julien"},"description":"Je suis Julien, r\u00e9dacteur pour Vie Associative. Passionn\u00e9 par le monde associatif depuis plus de 10 ans, j'ai \u00e0 c\u0153ur de partager des histoires inspirantes et de mettre en lumi\u00e8re les initiatives locales. Mon objectif est de sensibiliser et d'encourager l'engagement communautaire \u00e0 travers mes articles.","sameAs":["https:\/\/vieassociative.be\/"]}]}},"_links":{"self":[{"href":"https:\/\/vieassociative.be\/actualites\/wp-json\/wp\/v2\/posts\/6912"}],"collection":[{"href":"https:\/\/vieassociative.be\/actualites\/wp-json\/wp\/v2\/posts"}],"about":[{"href":"https:\/\/vieassociative.be\/actualites\/wp-json\/wp\/v2\/types\/post"}],"author":[{"embeddable":true,"href":"https:\/\/vieassociative.be\/actualites\/wp-json\/wp\/v2\/users\/1"}],"replies":[{"embeddable":true,"href":"https:\/\/vieassociative.be\/actualites\/wp-json\/wp\/v2\/comments?post=6912"}],"version-history":[{"count":0,"href":"https:\/\/vieassociative.be\/actualites\/wp-json\/wp\/v2\/posts\/6912\/revisions"}],"wp:featuredmedia":[{"embeddable":true,"href":"https:\/\/vieassociative.be\/actualites\/wp-json\/wp\/v2\/media\/6913"}],"wp:attachment":[{"href":"https:\/\/vieassociative.be\/actualites\/wp-json\/wp\/v2\/media?parent=6912"}],"wp:term":[{"taxonomy":"category","embeddable":true,"href":"https:\/\/vieassociative.be\/actualites\/wp-json\/wp\/v2\/categories?post=6912"},{"taxonomy":"post_tag","embeddable":true,"href":"https:\/\/vieassociative.be\/actualites\/wp-json\/wp\/v2\/tags?post=6912"}],"curies":[{"name":"wp","href":"https:\/\/api.w.org\/{rel}","templated":true}]}}