{"id":691,"date":"2024-09-30T15:20:00","date_gmt":"2024-09-30T13:20:00","guid":{"rendered":"https:\/\/vieassociative.be\/actualites\/utilisez-la-methode-noir-rouge-vert-pour-preparer-votre-prochain-test\/"},"modified":"2024-09-30T15:20:00","modified_gmt":"2024-09-30T13:20:00","slug":"utilisez-la-methode-noir-rouge-vert-pour-preparer-votre-prochain-test","status":"publish","type":"post","link":"https:\/\/vieassociative.be\/actualites\/utilisez-la-methode-noir-rouge-vert-pour-preparer-votre-prochain-test\/","title":{"rendered":"Utilisez la m\u00e9thode noir-rouge-vert pour pr\u00e9parer votre prochain test"},"content":{"rendered":"<div class=\"mt-4 leading-6 md:mb-8\">Avec cette m\u00e9thode, vous ne manquerez rien, avant ou pendant le test.<\/div>\n<p><\/p>\n<p>La plupart du temps, lorsque vous \u00e9tudiez, vous le faites parce que vous avez un examen \u00e0 venir. Oui, c&rsquo;est bien de conserver des informations \u00e0 long terme pour les utiliser tout au long de votre vie, mais en p\u00e9riode critique, vous voulez une bonne note \u00e0 cet examen. Une m\u00e9thode pour \u00e9tudier d&rsquo;une mani\u00e8re qui vous aidera <em>pendant <\/em>le test consiste \u00e0 utiliser ce qu&rsquo;on appelle la \u00ab m\u00e9thode noir-rouge-vert \u00bb. <\/p>\n<h2 id=\"what-is-the-black-red-green-study-method\">Quelle est la m\u00e9thode d\u2019\u00e9tude noir-rouge-vert ?<\/h2>\n<p>La m\u00e9thode noir-rouge-vert a \u00e9t\u00e9 d\u00e9velopp\u00e9e par le biais du Royal Literary Fund dans le but de d\u00e9velopper des m\u00e9thodes d&rsquo;\u00e9tude solides pour les \u00e9tudiants. Il est destin\u00e9 \u00e0 vous aider \u00e0 comprendre les questions de votre test de mani\u00e8re aussi approfondie que possible afin que votre r\u00e9ponse corresponde \u00e0 tous les points recherch\u00e9s par l&rsquo;\u00e9valuateur. Vous r\u00e9fl\u00e9chissez attentivement \u00e0 chaque question et en soulignez les \u00e9l\u00e9ments en noir, rouge ou vert, selon les crit\u00e8res auxquels ils r\u00e9pondent. <\/p>\n<h2 id=\"how-to-use-the-black-red-green-method-on-a-test\">Comment utiliser la m\u00e9thode noir-rouge-vert sur un test<\/h2>\n<p>La technique a \u00e9t\u00e9 d\u00e9velopp\u00e9e sp\u00e9cifiquement pour passer des tests et vous demande d&rsquo;utiliser des stylos noir, rouge et vert pour diss\u00e9quer les questions du test avant d&rsquo;y r\u00e9pondre. Vous soulignez des \u00e9l\u00e9ments de la question comme ceci\u00a0:<\/p>\n<ul>\n<li>\n<p><strong>Bla<\/strong>ck est pour \u00ab\u00a0<strong>bla<\/strong>tant d&rsquo;instructions\u00a0\u00bb, ou les parties de la question qui <em>doit <\/em>\u00eatre compl\u00e9t\u00e9 et r\u00e9pondu d&rsquo;une certaine mani\u00e8re<\/p>\n<\/li>\n<li>\n<p><strong>Concernant<\/strong>d est pour \u00ab\u00a0<strong>concernant<\/strong>points de r\u00e9f\u00e9rence\u00a0\u00bb et \u00ab\u00a0<strong>concernant<\/strong>les entr\u00e9es requises, \u00ab\u00a0comme les d\u00e9finitions, les termes, les auteurs, les citations, les th\u00e9ories et tout ce que vous \u00e9tudiez concr\u00e8tement<\/p>\n<\/li>\n<li>\n<p><strong>Gre<\/strong>fr est pour \u00ab\u00a0<strong>gr<\/strong>mlins\u00a0\u00bb et \u00ab\u00a0<strong>gr<\/strong>en lumi\u00e8res\u00a0\u00bb, les parties les plus subtiles de la question que vous pourriez n\u00e9gliger (mais qui n\u00e9cessitent n\u00e9anmoins une action) <\/p>\n<\/li>\n<\/ul>\n<p>Ainsi, si l&rsquo;invite est \u00ab \u00c9num\u00e9rez les 10 premiers pr\u00e9sidents des \u00c9tats-Unis par ordre d&rsquo;\u00e2ge \u00bb, vous soulignez \u00ab liste \u00bb en noir parce que c&rsquo;est une instruction flagrante. Ensuite, \u00ab les 10 premiers pr\u00e9sidents des \u00c9tats-Unis \u00bb est soulign\u00e9 en rouge car il fait r\u00e9f\u00e9rence aux points de r\u00e9f\u00e9rence et aux contributions requises. Enfin, \u00ab par ordre d&rsquo;\u00e2ge \u00bb est soulign\u00e9 en vert, car c&rsquo;est un d\u00e9tail que vous risquez de n\u00e9gliger lorsque vous travaillez \u00e0 vous souvenir des 10 premiers pr\u00e9sidents. <\/p>\n<h2 id=\"how-to-use-black-red-green-when-studying\">Comment utiliser le noir-rouge-vert pour \u00e9tudier<\/h2>\n<p>Utiliser la m\u00e9thode lors d&rsquo;un test est assez utile, car elle vous oblige \u00e0 ralentir, \u00e0 analyser de mani\u00e8re critique vos questions et \u00e0 aborder chaque \u00e9l\u00e9ment de ce qui vous est demand\u00e9. Vous pouvez cependant faire passer l\u2019utilit\u00e9 de cette approche au niveau sup\u00e9rieur en l\u2019int\u00e9grant \u00e0 vos \u00e9tudes r\u00e9elles. <\/p>\n<p>Lorsque vous r\u00e9visez un test, gardez vos stylos de couleur rouge et verte \u00e0 proximit\u00e9. Utilisez le rouge pour souligner vos termes cl\u00e9s, id\u00e9es, auteurs, citations et autres \u00e9l\u00e9ments concrets susceptibles d&rsquo;\u00eatre interrog\u00e9s lors du test. Fondamentalement, tout ce que vous mettez sur vos flashcards doit \u00eatre soulign\u00e9 en rouge pendant que vous le lisez. Si vous r\u00e9\u00e9crivez vos notes ou si vous les floutez (c&rsquo;est-\u00e0-dire si vous cachez vos documents et essayez d&rsquo;\u00e9crire tout ce dont vous vous souvenez de votre critique avant de v\u00e9rifier votre r\u00e9sultat par rapport au texte), utilisez \u00e9galement le rouge pour noter tous les termes cl\u00e9s. Utilisez le vert pour souligner tout ce qui, selon vous, pourrait \u00eatre d\u00e9licat, ou les \u00ab gremlins \u00bb qui pourraient vous faire tr\u00e9bucher lors d&rsquo;un test. Il peut s&rsquo;agir de concepts plus complexes, de listes dans l&rsquo;ordre ou de tout ce qui est plus difficile \u00e0 comprendre que des mots de vocabulaire et des id\u00e9es principales. <\/p>\n<p>L&rsquo;utilisation de ces couleurs pour coder par couleur vos notes vous aidera \u00e0 vous souvenir de leurs associations au moment de passer le test, ce qui facilitera leur correspondance dans votre esprit avec les parties diss\u00e9qu\u00e9es de l&rsquo;invite.<\/p>\n","protected":false},"excerpt":{"rendered":"<p>Avec cette m\u00e9thode, vous ne manquerez rien, avant ou pendant le test. La plupart du temps, lorsque vous \u00e9tudiez, vous le faites parce que vous<\/p>\n","protected":false},"author":1,"featured_media":692,"comment_status":"","ping_status":"","sticky":false,"template":"","format":"standard","meta":{"footnotes":""},"categories":[37],"tags":[106,1108,81,702,1109,186,105,8],"class_list":["post-691","post","type-post","status-publish","format-standard","has-post-thumbnail","hentry","category-famille","tag-methode","tag-noirrougevert","tag-pour","tag-preparer","tag-prochain","tag-test","tag-utilisez","tag-votre","generate-columns","tablet-grid-50","mobile-grid-100","grid-parent","grid-33"],"yoast_head":"<!-- This site is optimized with the Yoast SEO plugin v24.0 - https:\/\/yoast.com\/wordpress\/plugins\/seo\/ -->\n<title>Utilisez la m\u00e9thode noir-rouge-vert pour pr\u00e9parer votre prochain test | Vie Associative<\/title>\n<meta name=\"robots\" content=\"index, follow, max-snippet:-1, max-image-preview:large, max-video-preview:-1\" \/>\n<link rel=\"canonical\" href=\"https:\/\/vieassociative.be\/actualites\/utilisez-la-methode-noir-rouge-vert-pour-preparer-votre-prochain-test\/\" \/>\n<meta property=\"og:locale\" content=\"fr_FR\" \/>\n<meta property=\"og:type\" content=\"article\" \/>\n<meta property=\"og:title\" content=\"Utilisez la m\u00e9thode noir-rouge-vert pour pr\u00e9parer votre prochain test | Vie Associative\" \/>\n<meta property=\"og:description\" content=\"Avec cette m\u00e9thode, vous ne manquerez rien, avant ou pendant le test. La plupart du temps, lorsque vous \u00e9tudiez, vous le faites parce que vous\" \/>\n<meta property=\"og:url\" content=\"https:\/\/vieassociative.be\/actualites\/utilisez-la-methode-noir-rouge-vert-pour-preparer-votre-prochain-test\/\" \/>\n<meta property=\"og:site_name\" content=\"Vie Associative\" \/>\n<meta property=\"article:published_time\" content=\"2024-09-30T13:20:00+00:00\" \/>\n<meta property=\"og:image\" content=\"https:\/\/vieassociative.be\/actualites\/wp-content\/uploads\/2024\/09\/header_backgroundk-01-e1726694325946.png\" \/>\n\t<meta property=\"og:image:width\" content=\"279\" \/>\n\t<meta property=\"og:image:height\" content=\"92\" \/>\n\t<meta property=\"og:image:type\" content=\"image\/png\" \/>\n<meta name=\"author\" content=\"Julien\" \/>\n<meta name=\"twitter:card\" content=\"summary_large_image\" \/>\n<meta name=\"twitter:label1\" content=\"\u00c9crit par\" \/>\n\t<meta name=\"twitter:data1\" content=\"Julien\" \/>\n\t<meta name=\"twitter:label2\" content=\"Dur\u00e9e de lecture est.\" \/>\n\t<meta name=\"twitter:data2\" content=\"3 minutes\" \/>\n<script type=\"application\/ld+json\" class=\"yoast-schema-graph\">{\"@context\":\"https:\/\/schema.org\",\"@graph\":[{\"@type\":\"Article\",\"@id\":\"https:\/\/vieassociative.be\/actualites\/utilisez-la-methode-noir-rouge-vert-pour-preparer-votre-prochain-test\/#article\",\"isPartOf\":{\"@id\":\"https:\/\/vieassociative.be\/actualites\/utilisez-la-methode-noir-rouge-vert-pour-preparer-votre-prochain-test\/\"},\"author\":{\"name\":\"Julien\",\"@id\":\"https:\/\/vieassociative.be\/actualites\/#\/schema\/person\/b87ac4f82f9d4e7b7cec7395b679edc4\"},\"headline\":\"Utilisez la m\u00e9thode noir-rouge-vert pour pr\u00e9parer votre prochain test\",\"datePublished\":\"2024-09-30T13:20:00+00:00\",\"dateModified\":\"2024-09-30T13:20:00+00:00\",\"mainEntityOfPage\":{\"@id\":\"https:\/\/vieassociative.be\/actualites\/utilisez-la-methode-noir-rouge-vert-pour-preparer-votre-prochain-test\/\"},\"wordCount\":699,\"publisher\":{\"@id\":\"https:\/\/vieassociative.be\/actualites\/#organization\"},\"image\":{\"@id\":\"https:\/\/vieassociative.be\/actualites\/utilisez-la-methode-noir-rouge-vert-pour-preparer-votre-prochain-test\/#primaryimage\"},\"thumbnailUrl\":\"https:\/\/vieassociative.be\/actualites\/wp-content\/uploads\/2024\/09\/Utilisez-la-methode-noir-rouge-vert-pour-preparer-votre-prochain-test.jpg\",\"keywords\":[\"m\u00e9thode\",\"noirrougevert\",\"pour\",\"pr\u00e9parer\",\"prochain\",\"test\",\"Utilisez\",\"votre\"],\"articleSection\":[\"Famille\"],\"inLanguage\":\"fr-BE\"},{\"@type\":\"WebPage\",\"@id\":\"https:\/\/vieassociative.be\/actualites\/utilisez-la-methode-noir-rouge-vert-pour-preparer-votre-prochain-test\/\",\"url\":\"https:\/\/vieassociative.be\/actualites\/utilisez-la-methode-noir-rouge-vert-pour-preparer-votre-prochain-test\/\",\"name\":\"Utilisez la m\u00e9thode noir-rouge-vert pour pr\u00e9parer votre prochain test | Vie Associative\",\"isPartOf\":{\"@id\":\"https:\/\/vieassociative.be\/actualites\/#website\"},\"primaryImageOfPage\":{\"@id\":\"https:\/\/vieassociative.be\/actualites\/utilisez-la-methode-noir-rouge-vert-pour-preparer-votre-prochain-test\/#primaryimage\"},\"image\":{\"@id\":\"https:\/\/vieassociative.be\/actualites\/utilisez-la-methode-noir-rouge-vert-pour-preparer-votre-prochain-test\/#primaryimage\"},\"thumbnailUrl\":\"https:\/\/vieassociative.be\/actualites\/wp-content\/uploads\/2024\/09\/Utilisez-la-methode-noir-rouge-vert-pour-preparer-votre-prochain-test.jpg\",\"datePublished\":\"2024-09-30T13:20:00+00:00\",\"dateModified\":\"2024-09-30T13:20:00+00:00\",\"breadcrumb\":{\"@id\":\"https:\/\/vieassociative.be\/actualites\/utilisez-la-methode-noir-rouge-vert-pour-preparer-votre-prochain-test\/#breadcrumb\"},\"inLanguage\":\"fr-BE\",\"potentialAction\":[{\"@type\":\"ReadAction\",\"target\":[\"https:\/\/vieassociative.be\/actualites\/utilisez-la-methode-noir-rouge-vert-pour-preparer-votre-prochain-test\/\"]}]},{\"@type\":\"ImageObject\",\"inLanguage\":\"fr-BE\",\"@id\":\"https:\/\/vieassociative.be\/actualites\/utilisez-la-methode-noir-rouge-vert-pour-preparer-votre-prochain-test\/#primaryimage\",\"url\":\"https:\/\/vieassociative.be\/actualites\/wp-content\/uploads\/2024\/09\/Utilisez-la-methode-noir-rouge-vert-pour-preparer-votre-prochain-test.jpg\",\"contentUrl\":\"https:\/\/vieassociative.be\/actualites\/wp-content\/uploads\/2024\/09\/Utilisez-la-methode-noir-rouge-vert-pour-preparer-votre-prochain-test.jpg\",\"width\":1200,\"height\":675,\"caption\":\"Utilisez la m\u00e9thode noir-rouge-vert pour pr\u00e9parer votre prochain test\"},{\"@type\":\"BreadcrumbList\",\"@id\":\"https:\/\/vieassociative.be\/actualites\/utilisez-la-methode-noir-rouge-vert-pour-preparer-votre-prochain-test\/#breadcrumb\",\"itemListElement\":[{\"@type\":\"ListItem\",\"position\":1,\"name\":\"Accueil\",\"item\":\"https:\/\/vieassociative.be\/actualites\/\"},{\"@type\":\"ListItem\",\"position\":2,\"name\":\"Utilisez la m\u00e9thode noir-rouge-vert pour pr\u00e9parer votre prochain test\"}]},{\"@type\":\"WebSite\",\"@id\":\"https:\/\/vieassociative.be\/actualites\/#website\",\"url\":\"https:\/\/vieassociative.be\/actualites\/\",\"name\":\"Vie Associative\",\"description\":\"\",\"publisher\":{\"@id\":\"https:\/\/vieassociative.be\/actualites\/#organization\"},\"potentialAction\":[{\"@type\":\"SearchAction\",\"target\":{\"@type\":\"EntryPoint\",\"urlTemplate\":\"https:\/\/vieassociative.be\/actualites\/?s={search_term_string}\"},\"query-input\":{\"@type\":\"PropertyValueSpecification\",\"valueRequired\":true,\"valueName\":\"search_term_string\"}}],\"inLanguage\":\"fr-BE\"},{\"@type\":\"Organization\",\"@id\":\"https:\/\/vieassociative.be\/actualites\/#organization\",\"name\":\"Vie Associative\",\"url\":\"https:\/\/vieassociative.be\/actualites\/\",\"logo\":{\"@type\":\"ImageObject\",\"inLanguage\":\"fr-BE\",\"@id\":\"https:\/\/vieassociative.be\/actualites\/#\/schema\/logo\/image\/\",\"url\":\"https:\/\/vieassociative.be\/actualites\/wp-content\/uploads\/2024\/09\/cropped-vieassociative_favicon.ico.png\",\"contentUrl\":\"https:\/\/vieassociative.be\/actualites\/wp-content\/uploads\/2024\/09\/cropped-vieassociative_favicon.ico.png\",\"width\":512,\"height\":512,\"caption\":\"Vie Associative\"},\"image\":{\"@id\":\"https:\/\/vieassociative.be\/actualites\/#\/schema\/logo\/image\/\"}},{\"@type\":\"Person\",\"@id\":\"https:\/\/vieassociative.be\/actualites\/#\/schema\/person\/b87ac4f82f9d4e7b7cec7395b679edc4\",\"name\":\"Julien\",\"image\":{\"@type\":\"ImageObject\",\"inLanguage\":\"fr-BE\",\"@id\":\"https:\/\/vieassociative.be\/actualites\/#\/schema\/person\/image\/\",\"url\":\"https:\/\/vieassociative.be\/actualites\/wp-content\/uploads\/2024\/09\/vie-associative-1-150x150.jpg\",\"contentUrl\":\"https:\/\/vieassociative.be\/actualites\/wp-content\/uploads\/2024\/09\/vie-associative-1-150x150.jpg\",\"caption\":\"Julien\"},\"description\":\"Je suis Julien, r\u00e9dacteur pour Vie Associative. Passionn\u00e9 par le monde associatif depuis plus de 10 ans, j'ai \u00e0 c\u0153ur de partager des histoires inspirantes et de mettre en lumi\u00e8re les initiatives locales. Mon objectif est de sensibiliser et d'encourager l'engagement communautaire \u00e0 travers mes articles.\",\"sameAs\":[\"https:\/\/vieassociative.be\/\"]}]}<\/script>\n<!-- \/ Yoast SEO plugin. -->","yoast_head_json":{"title":"Utilisez la m\u00e9thode noir-rouge-vert pour pr\u00e9parer votre prochain test | Vie Associative","robots":{"index":"index","follow":"follow","max-snippet":"max-snippet:-1","max-image-preview":"max-image-preview:large","max-video-preview":"max-video-preview:-1"},"canonical":"https:\/\/vieassociative.be\/actualites\/utilisez-la-methode-noir-rouge-vert-pour-preparer-votre-prochain-test\/","og_locale":"fr_FR","og_type":"article","og_title":"Utilisez la m\u00e9thode noir-rouge-vert pour pr\u00e9parer votre prochain test | Vie Associative","og_description":"Avec cette m\u00e9thode, vous ne manquerez rien, avant ou pendant le test. La plupart du temps, lorsque vous \u00e9tudiez, vous le faites parce que vous","og_url":"https:\/\/vieassociative.be\/actualites\/utilisez-la-methode-noir-rouge-vert-pour-preparer-votre-prochain-test\/","og_site_name":"Vie Associative","article_published_time":"2024-09-30T13:20:00+00:00","og_image":[{"width":279,"height":92,"url":"https:\/\/vieassociative.be\/actualites\/wp-content\/uploads\/2024\/09\/header_backgroundk-01-e1726694325946.png","type":"image\/png"}],"author":"Julien","twitter_card":"summary_large_image","twitter_misc":{"\u00c9crit par":"Julien","Dur\u00e9e de lecture est.":"3 minutes"},"schema":{"@context":"https:\/\/schema.org","@graph":[{"@type":"Article","@id":"https:\/\/vieassociative.be\/actualites\/utilisez-la-methode-noir-rouge-vert-pour-preparer-votre-prochain-test\/#article","isPartOf":{"@id":"https:\/\/vieassociative.be\/actualites\/utilisez-la-methode-noir-rouge-vert-pour-preparer-votre-prochain-test\/"},"author":{"name":"Julien","@id":"https:\/\/vieassociative.be\/actualites\/#\/schema\/person\/b87ac4f82f9d4e7b7cec7395b679edc4"},"headline":"Utilisez la m\u00e9thode noir-rouge-vert pour pr\u00e9parer votre prochain test","datePublished":"2024-09-30T13:20:00+00:00","dateModified":"2024-09-30T13:20:00+00:00","mainEntityOfPage":{"@id":"https:\/\/vieassociative.be\/actualites\/utilisez-la-methode-noir-rouge-vert-pour-preparer-votre-prochain-test\/"},"wordCount":699,"publisher":{"@id":"https:\/\/vieassociative.be\/actualites\/#organization"},"image":{"@id":"https:\/\/vieassociative.be\/actualites\/utilisez-la-methode-noir-rouge-vert-pour-preparer-votre-prochain-test\/#primaryimage"},"thumbnailUrl":"https:\/\/vieassociative.be\/actualites\/wp-content\/uploads\/2024\/09\/Utilisez-la-methode-noir-rouge-vert-pour-preparer-votre-prochain-test.jpg","keywords":["m\u00e9thode","noirrougevert","pour","pr\u00e9parer","prochain","test","Utilisez","votre"],"articleSection":["Famille"],"inLanguage":"fr-BE"},{"@type":"WebPage","@id":"https:\/\/vieassociative.be\/actualites\/utilisez-la-methode-noir-rouge-vert-pour-preparer-votre-prochain-test\/","url":"https:\/\/vieassociative.be\/actualites\/utilisez-la-methode-noir-rouge-vert-pour-preparer-votre-prochain-test\/","name":"Utilisez la m\u00e9thode noir-rouge-vert pour pr\u00e9parer votre prochain test | Vie Associative","isPartOf":{"@id":"https:\/\/vieassociative.be\/actualites\/#website"},"primaryImageOfPage":{"@id":"https:\/\/vieassociative.be\/actualites\/utilisez-la-methode-noir-rouge-vert-pour-preparer-votre-prochain-test\/#primaryimage"},"image":{"@id":"https:\/\/vieassociative.be\/actualites\/utilisez-la-methode-noir-rouge-vert-pour-preparer-votre-prochain-test\/#primaryimage"},"thumbnailUrl":"https:\/\/vieassociative.be\/actualites\/wp-content\/uploads\/2024\/09\/Utilisez-la-methode-noir-rouge-vert-pour-preparer-votre-prochain-test.jpg","datePublished":"2024-09-30T13:20:00+00:00","dateModified":"2024-09-30T13:20:00+00:00","breadcrumb":{"@id":"https:\/\/vieassociative.be\/actualites\/utilisez-la-methode-noir-rouge-vert-pour-preparer-votre-prochain-test\/#breadcrumb"},"inLanguage":"fr-BE","potentialAction":[{"@type":"ReadAction","target":["https:\/\/vieassociative.be\/actualites\/utilisez-la-methode-noir-rouge-vert-pour-preparer-votre-prochain-test\/"]}]},{"@type":"ImageObject","inLanguage":"fr-BE","@id":"https:\/\/vieassociative.be\/actualites\/utilisez-la-methode-noir-rouge-vert-pour-preparer-votre-prochain-test\/#primaryimage","url":"https:\/\/vieassociative.be\/actualites\/wp-content\/uploads\/2024\/09\/Utilisez-la-methode-noir-rouge-vert-pour-preparer-votre-prochain-test.jpg","contentUrl":"https:\/\/vieassociative.be\/actualites\/wp-content\/uploads\/2024\/09\/Utilisez-la-methode-noir-rouge-vert-pour-preparer-votre-prochain-test.jpg","width":1200,"height":675,"caption":"Utilisez la m\u00e9thode noir-rouge-vert pour pr\u00e9parer votre prochain test"},{"@type":"BreadcrumbList","@id":"https:\/\/vieassociative.be\/actualites\/utilisez-la-methode-noir-rouge-vert-pour-preparer-votre-prochain-test\/#breadcrumb","itemListElement":[{"@type":"ListItem","position":1,"name":"Accueil","item":"https:\/\/vieassociative.be\/actualites\/"},{"@type":"ListItem","position":2,"name":"Utilisez la m\u00e9thode noir-rouge-vert pour pr\u00e9parer votre prochain test"}]},{"@type":"WebSite","@id":"https:\/\/vieassociative.be\/actualites\/#website","url":"https:\/\/vieassociative.be\/actualites\/","name":"Vie Associative","description":"","publisher":{"@id":"https:\/\/vieassociative.be\/actualites\/#organization"},"potentialAction":[{"@type":"SearchAction","target":{"@type":"EntryPoint","urlTemplate":"https:\/\/vieassociative.be\/actualites\/?s={search_term_string}"},"query-input":{"@type":"PropertyValueSpecification","valueRequired":true,"valueName":"search_term_string"}}],"inLanguage":"fr-BE"},{"@type":"Organization","@id":"https:\/\/vieassociative.be\/actualites\/#organization","name":"Vie Associative","url":"https:\/\/vieassociative.be\/actualites\/","logo":{"@type":"ImageObject","inLanguage":"fr-BE","@id":"https:\/\/vieassociative.be\/actualites\/#\/schema\/logo\/image\/","url":"https:\/\/vieassociative.be\/actualites\/wp-content\/uploads\/2024\/09\/cropped-vieassociative_favicon.ico.png","contentUrl":"https:\/\/vieassociative.be\/actualites\/wp-content\/uploads\/2024\/09\/cropped-vieassociative_favicon.ico.png","width":512,"height":512,"caption":"Vie Associative"},"image":{"@id":"https:\/\/vieassociative.be\/actualites\/#\/schema\/logo\/image\/"}},{"@type":"Person","@id":"https:\/\/vieassociative.be\/actualites\/#\/schema\/person\/b87ac4f82f9d4e7b7cec7395b679edc4","name":"Julien","image":{"@type":"ImageObject","inLanguage":"fr-BE","@id":"https:\/\/vieassociative.be\/actualites\/#\/schema\/person\/image\/","url":"https:\/\/vieassociative.be\/actualites\/wp-content\/uploads\/2024\/09\/vie-associative-1-150x150.jpg","contentUrl":"https:\/\/vieassociative.be\/actualites\/wp-content\/uploads\/2024\/09\/vie-associative-1-150x150.jpg","caption":"Julien"},"description":"Je suis Julien, r\u00e9dacteur pour Vie Associative. Passionn\u00e9 par le monde associatif depuis plus de 10 ans, j'ai \u00e0 c\u0153ur de partager des histoires inspirantes et de mettre en lumi\u00e8re les initiatives locales. Mon objectif est de sensibiliser et d'encourager l'engagement communautaire \u00e0 travers mes articles.","sameAs":["https:\/\/vieassociative.be\/"]}]}},"_links":{"self":[{"href":"https:\/\/vieassociative.be\/actualites\/wp-json\/wp\/v2\/posts\/691"}],"collection":[{"href":"https:\/\/vieassociative.be\/actualites\/wp-json\/wp\/v2\/posts"}],"about":[{"href":"https:\/\/vieassociative.be\/actualites\/wp-json\/wp\/v2\/types\/post"}],"author":[{"embeddable":true,"href":"https:\/\/vieassociative.be\/actualites\/wp-json\/wp\/v2\/users\/1"}],"replies":[{"embeddable":true,"href":"https:\/\/vieassociative.be\/actualites\/wp-json\/wp\/v2\/comments?post=691"}],"version-history":[{"count":0,"href":"https:\/\/vieassociative.be\/actualites\/wp-json\/wp\/v2\/posts\/691\/revisions"}],"wp:featuredmedia":[{"embeddable":true,"href":"https:\/\/vieassociative.be\/actualites\/wp-json\/wp\/v2\/media\/692"}],"wp:attachment":[{"href":"https:\/\/vieassociative.be\/actualites\/wp-json\/wp\/v2\/media?parent=691"}],"wp:term":[{"taxonomy":"category","embeddable":true,"href":"https:\/\/vieassociative.be\/actualites\/wp-json\/wp\/v2\/categories?post=691"},{"taxonomy":"post_tag","embeddable":true,"href":"https:\/\/vieassociative.be\/actualites\/wp-json\/wp\/v2\/tags?post=691"}],"curies":[{"name":"wp","href":"https:\/\/api.w.org\/{rel}","templated":true}]}}