{"id":6907,"date":"2025-04-21T12:20:55","date_gmt":"2025-04-21T10:20:55","guid":{"rendered":"https:\/\/vieassociative.be\/actualites\/beaucoup-plus-vous-fera-tomber-amoureux-des-legumes\/"},"modified":"2025-04-21T12:20:55","modified_gmt":"2025-04-21T10:20:55","slug":"beaucoup-plus-vous-fera-tomber-amoureux-des-legumes","status":"publish","type":"post","link":"https:\/\/vieassociative.be\/actualites\/beaucoup-plus-vous-fera-tomber-amoureux-des-legumes\/","title":{"rendered":"&lsquo;Beaucoup plus \u00ab\u00a0vous fera tomber amoureux des l\u00e9gumes"},"content":{"rendered":"<div class=\"mt-4 leading-6 md:mb-8\">Ceci est un livre de cuisine pour tous ceux qui souhaitent raviver leur amour des l\u00e9gumes.<\/div>\n<p><\/p>\n<p><em>Bienvenue sur \u00ab\u00a0<\/em>Livre de cuisine de la semaine.<em>\u00abCeci est une s\u00e9rie o\u00f9 je met en \u00e9vidence des livres de cuisine uniques, faciles \u00e0 utiliser ou tout simplement sp\u00e9ciaux pour moi. Bien que trouver une recette particuli\u00e8re en ligne sert \u00e0 un but rapide, feuilleter un livre de cuisine vraiment excellent a une magie qui lui est propre.<\/em> <\/p>\n<p>Je me suis attach\u00e9 \u00e0 certains livres de cuisine. Le choix de cette semaine pour mon livre de cuisine de la semaine est <em>Beaucoup plus<\/em> par Yotam Ottolenghi. De fa\u00e7on similaire au livre que j&rsquo;ai choisi pour la semaine derni\u00e8re (recettes les plus appr\u00e9ci\u00e9es de Hershey), ce livre et moi avons l&rsquo;histoire. C&rsquo;est l&rsquo;espoir, n&rsquo;est-ce pas? Lorsque vous achetez un livre de cuisine pour vous-m\u00eame ou en cadeau pour quelqu&rsquo;un d&rsquo;autre, vous esp\u00e9rez qu&rsquo;ils \u00e9tablissent une relation avec lui, l&rsquo;utilisent pendant des ann\u00e9es et forment de bons souvenirs \u00e0 chaque fois qu&rsquo;ils en cuisinent. C&rsquo;est comme \u00e7a que je vois ce livre de cuisine &#8211; chaque recette est un clin d&rsquo;\u0153il aux bons repas partag\u00e9s au fil des ans. <\/p>\n<p>Cela aide certainement que chaque recette freakin &lsquo;r\u00e8gne \u00e9galement. <\/p>\n<h2 id=\"a-bit-about-the-book\">Un peu sur le livre<\/h2>\n<p><em>Beaucoup plus<\/em>Le sous-titre est une \u00abcuisine de l\u00e9gumes vibrants de l&rsquo;Ottolenghi de Londres\u00bb, et cela en dit long. Pour commencer, vous devez savoir que \u00abOttolenghi\u00bb est \u00e9galement le nom de la cha\u00eene de charcuteries haut de gamme du chef \u00e0 Londres. Je dis haut de gamme parce que le prix est un peu \u00e9lev\u00e9, pas parce que la nourriture ou l&rsquo;atmosph\u00e8re est inaccessible. En fait, c&rsquo;est tr\u00e8s accueillant \u00e0 l&rsquo;int\u00e9rieur. Je suis all\u00e9 dans deux endroits \u00e0 Londres et je leur donne joyeusement tout mon argent parce que la nourriture est si bonne qu&rsquo;elle me fait pleurer, rire, ou devenir folle. Et vous pouvez avoir un morceau de ces montagnes russes \u00e9motionnelles \u00e0 la maison. <\/p>\n<h2 id=\"a-great-cookbook-for-wannabe-veggie-lovers\">Un grand livre de cuisine pour les amoureux des l\u00e9gumes (en herbe) <\/h2>\n<p>L&rsquo;autre cl\u00e9 de ce sous-titre est la partie \u00abl\u00e9gume vibrant\u00bb. Oui, je vous ai donn\u00e9 un livre de cuisine v\u00e9g\u00e9tarien. Non, ne roule pas les yeux sur moi. Ce qu&rsquo;ils font avec les l\u00e9gumes dans ce livre de cuisine ne sont rien de moins que de la magie. En tant que personne qui mange de la viande, je peux honn\u00eatement dire que vous ne pensez m\u00eame pas \u00e0 la viande ou que vous vous demandez un instant si une recette serait meilleure avec la viande. <\/p>\n<p>Chaque recette est substantielle et satisfaisante. M\u00eame les salades sont robustes avec une saveur. L&rsquo;une de mes choses pr\u00e9f\u00e9r\u00e9es est de savoir comment Ottolenghi utilise des ingr\u00e9dients surprenants dans des endroits o\u00f9 j&rsquo;avais oubli\u00e9 qu&rsquo;ils pouvaient aller. Pourquoi ne pas mettre des segments de citron juteux dans une salade ou des moiti\u00e9s en noix dans mes p\u00e2tes? <\/p>\n<p>Il s&rsquo;agit d&rsquo;un excellent choix de livre de cuisine pour quelqu&rsquo;un qui essaie de manger plus de l\u00e9gumes ou qui est mort des m\u00eames recettes v\u00e9g\u00e9tariennes. Combien de fois pouvez-vous r\u00f4tir les carottes et le chou-fleur avant que vous ou vos enfants commencent \u00e0 penser qu&rsquo;ils d\u00e9testent peut-\u00eatre simplement les l\u00e9gumes? <em>Beaucoup plus<\/em> Secoure l&rsquo;id\u00e9e de la cuisine v\u00e9g\u00e9tarienne avec des combinaisons inattendues. <\/p>\n<p>Cela dit, ce livre est probablement le meilleur pour le cuisinier confiant; Ce n&rsquo;est pas vraiment pour le d\u00e9butant ou le timide. Les listes d&rsquo;ingr\u00e9dients peuvent \u00eatre longues, des ingr\u00e9dients potentiellement inhabituels apparaissent fr\u00e9quemment, et il existe une vari\u00e9t\u00e9 de m\u00e9thodes de cuisson utilis\u00e9es. Quelque chose que j&rsquo;appr\u00e9cie dans les recettes d&rsquo;Ottolenghi, c&rsquo;est qu&rsquo;il int\u00e8gre souvent des ingr\u00e9dients de plusieurs cultures, comme Kecap Manis, Makrut Lime Leaf ou Nigella. Le cuisinier assaisonn\u00e9 ou exploratoire ira soit trouver ces ingr\u00e9dients, acheter des substitutions dignes ou savoir quand ils pourront \u00eatre omis. Prenez le rago\u00fbt de l\u00e9gumes iraniens avec une recette de chaux s\u00e9ch\u00e9e \u00e0 titre d&rsquo;exemple. Un d\u00e9butant peut \u00eatre dissuad\u00e9 par les limes iraniennes ou les barbiers dans la recette, et ne pas consid\u00e9rer qu&rsquo;ils pouvaient substituer les ingr\u00e9dients pour remplacer ces saveurs de baie sucr\u00e9e ou de chaux vive.<\/p>\n<div class=\"pogoClear relative my-10 border-b-(1.5px) border-t-(1.5px) border-dashed border-black py-5 sm:my-14 sm:border-0 sm:py-0\" x-cloak x-data=\"{ commentsCount: null }\" x-init=\"commentsCount = await window.openweb.getMessagesCount(119570)\" x-show=\"commentsCount !== null &amp;&amp; commentsCount &gt; 0\">\n<div class=\"absolute top-1\/2 hidden w-full -translate-y-1\/2 border-t-(1.5px) border-dashed border-black sm:block\"><\/div>\n<div class=\"relative flex justify-center\">\n<div class=\"flex max-w-max items-center gap-x-3 bg-white px-5\">\n<div class=\"relative\">\n                <span class=\"absolute left-1\/2 top-1\/2 -translate-x-1\/2 -translate-y-1\/2 font-akshar text-sm font-medium text-black\" x-text=\"commentsCount\"><\/span><\/p>\n<p>                <svg class=\"h-8 w-8 text-black\">\n                    <use href=\"http:\/\/lifehacker.com\/images\/icons\/spritemap.svg#sprite-chat-bubble\"><\/use>\n                <\/svg>\n            <\/div>\n<p>            <span class=\"text-sm font-medium text-black\">Que pensez-vous jusqu&rsquo;\u00e0 pr\u00e9sent? <button class=\"font-semibold text-brand-green underline hover:text-brand-green-700\" onclick=\"window.openweb.scrollToComments(119570)\">Publier un commentaire.<\/button><\/span>\n        <\/div>\n<\/p><\/div>\n<\/div>\n<h2 id=\"the-recipes-you-can-expect\">Les recettes auxquelles vous pouvez vous attendre<\/h2>\n<div class=\"eloquent-imagery-image\">\n<div class=\"flex justify-center\">\n                    <img decoding=\"async\" class=\"border border-gray-100\" src=\"https:\/\/vieassociative.be\/actualites\/wp-content\/uploads\/2025\/04\/Beaucoup-plus-vous-fera-tomber-amoureux-des-legumes.jpg\" alt=\"Le livre de cuisine, bien plus encore, \u00e0 c\u00f4t\u00e9 d'un g\u00e2teau de chou-fleur.\" width=\"2000\" height=\"1124\" loading=\"lazy\"  >\n            <\/div>\n<\/p><\/div>\n<p>Les recettes de ce livre sont class\u00e9es par m\u00e9thode de cuisson. Vous trouverez des sections comme cuites \u00e0 la vapeur, brais\u00e9es, r\u00f4ties, frites, etc., ce qui est plut\u00f4t agr\u00e9able car il se construit dans une vari\u00e9t\u00e9. Quelque chose de \u00ablanc\u00e9\u00bb ne doit pas signifier une salade verte feuillue (il y en a aussi), mais peut-\u00eatre un plat d&rsquo;aubergine satisfaisant jet\u00e9 avec une vinaigrette riche. <\/p>\n<p>La m\u00e9thode de chaque recette est contenue dans les trois \u00e0 six paragraphes, et bien que l&rsquo;auteur suppose que vous savez comment reconna\u00eetre certains \u00e9tats de pr\u00e9paration des aliments (comme les noix de transformation des aliments jusqu&rsquo;\u00e0 une p\u00e2te est quelque chose que je sais prendre un certain temps et un certain grattage), les \u00e9tapes sont claires sans \u00eatre trop verbeux. Il y a toujours une magnifique image pour accompagner les recettes aussi, ce qui est bien pour les yeux, mais aussi utile si vous ne savez pas comment le plat est cens\u00e9 se d\u00e9rouler. <\/p>\n<p>J&rsquo;ai mes favoris dans ce livre, mais j&rsquo;ai d\u00e9cid\u00e9 d&rsquo;essayer quelque chose de nouveau cette semaine. J&rsquo;ai fait le g\u00e2teau de chou-fleur et je n&rsquo;ai pas \u00e9t\u00e9 d\u00e9\u00e7u. Comme chaque recette de ce livre, le l\u00e9gume homonyme devient absolument \u00e9blouissant. <\/p>\n<p>C&rsquo;est un g\u00e2teau sal\u00e9 qui utilise des oignons rouges pour la saveur autant que pour la couleur, le chou-fleur pour le vrac et une texture cr\u00e9meuse, ainsi que des \u0153ufs et une dose g\u00e9ante de parmesan r\u00e2p\u00e9. Le g\u00e2teau a fait cuire durs et le plus petit ajout de curcuma a pr\u00eat\u00e9 une teinte jaune chaude \u00e0 la miette. C&rsquo;est l&rsquo;une de ces recettes qui rend votre cuisine enti\u00e8re incroyable. La graine de s\u00e9same et la cro\u00fbte de graines de Nigella ajoutent de la saveur et un peu de facteur wow \u00e0 la pr\u00e9sentation. Je vais en signet celui-ci pour l&rsquo;avenir.<\/p>\n<h2 id=\"how-to-buy-it\">Comment l&rsquo;acheter<\/h2>\n<div class=\"pogoClear mb-12 mt-10 rounded-md border-2 border-gray-100 py-7 shadow-xl md:py-6\">\n<div class=\"flex flex-wrap justify-between px-7 text-black no-underline md:flex-nowrap md:px-8\">\n<div class=\"order-1 mx-auto flex flex-col justify-center md:order-2 md:ml-4 md:w-full md:grow\">\n<div class=\"block cursor-pointer text-center font-akshar text-2xl font-medium leading-7 text-brand-green duration-200 ease-in-out hover:text-brand-green-700 md:text-left md:text-xl md:leading-6\">Beaucoup plus: Cuisine de l\u00e9gumes vibrants d&rsquo;Ottolenghi \u00e0 Londres (un livre de cuisine)\n                <\/div>\n<div class=\"mt-4 hidden md:flex md:justify-between\">\n<div class=\"self-end\">\n<div class=\"mb-0 h-11 md:flex md:flex-col md:justify-center\">\n<div class=\" font-sans leading-4 text-black\">\n<div class=\"flex flex-wrap items-center justify-center gap-x-1 md:justify-start\">\n        <span class=\"font-bold\"><\/p>\n<p>            18,45 $<br \/>\n                            <span class=\"font-medium\">\u00e0 Amazon<\/span><br \/>\n                    <\/span><br \/>\n                    <img decoding=\"async\" class=\"mt-0 h-(15px)\" src=\"https:\/\/vieassociative.be\/actualites\/wp-content\/uploads\/2025\/04\/Beaucoup-plus-vous-fera-tomber-amoureux-des-legumes.svg.svg+xml\" title=\"Amazon Prime\" alt=\"Amazon Prime\">\n            <\/div>\n<div class=\"flex items-center justify-center gap-x-1 font-bold md:justify-start\">\n            <span class=\"text-sm line-through\">35,00 $<\/span><br \/>\n            <span class=\"text-sm text-brand-green\">\u00c9conomisez 16,55 $<\/span>\n        <\/div>\n<\/p><\/div>\n<\/p><\/div>\n<\/p><\/div>\n<div class=\"w-44 self-end\">\n                            <button class=\"flex justify-center items-center w-full bg-brand-green text-white text-base font-sans font-medium rounded-md hover:bg-brand-green-700 hover:cursor-pointer md:text-sm h-11\"><\/p>\n<p>    Faire un magasin maintenant<br \/>\n<\/button>\n                        <\/div>\n<\/p><\/div>\n<\/p><\/div>\n<div class=\"order-2 mt-5 h-auto w-full md:order-1 md:mt-0 md:hidden\">\n<div class=\"flex aspect-video items-center justify-center\">\n                                            <img decoding=\"async\" class=\"m-0 max-h-full max-w-full rounded-md\" src=\"https:\/\/vieassociative.be\/actualites\/wp-content\/uploads\/2025\/04\/1745230855_520_Beaucoup-plus-vous-fera-tomber-amoureux-des-legumes.jpg\" alt=\"Beaucoup plus: Cuisine de l\u00e9gumes vibrants d'Ottolenghi \u00e0 Londres (un livre de cuisine)\" width=\"auto\" height=\"auto\" loading=\"lazy\">\n                                    <\/div>\n<\/p><\/div>\n<div class=\"order-2 ml-2 hidden w-32 shrink-0 items-center md:order-1 md:ml-0 md:flex\">\n<div class=\"flex aspect-video items-center justify-center\">\n                                            <img decoding=\"async\" class=\"m-0 max-h-full max-w-full rounded-md\" src=\"https:\/\/vieassociative.be\/actualites\/wp-content\/uploads\/2025\/04\/1745230855_520_Beaucoup-plus-vous-fera-tomber-amoureux-des-legumes.jpg\" alt=\"Beaucoup plus: Cuisine de l\u00e9gumes vibrants d'Ottolenghi \u00e0 Londres (un livre de cuisine)\" width=\"auto\" height=\"auto\" loading=\"lazy\">\n                                    <\/div>\n<\/p><\/div>\n<div class=\"order-3 flex grow flex-wrap md:hidden md:grow-0\">\n<div class=\"mt-4 w-full\">\n                        <button class=\"flex justify-center items-center w-full bg-brand-green text-white text-base font-sans font-medium rounded-md hover:bg-brand-green-700 hover:cursor-pointer md:text-sm h-11\"><\/p>\n<p>    Faire un magasin maintenant<br \/>\n<\/button>\n                    <\/div>\n<div class=\"mx-2 mt-4 w-full\">\n<div class=\" font-sans leading-4 text-black\">\n<div class=\"flex flex-wrap items-center justify-center gap-x-1 md:justify-start\">\n        <span class=\"font-bold\"><\/p>\n<p>            18,45 $<br \/>\n                            <span class=\"font-medium\">\u00e0 Amazon<\/span><br \/>\n                    <\/span><br \/>\n                    <img decoding=\"async\" class=\"mt-0 h-(15px)\" src=\"https:\/\/vieassociative.be\/actualites\/wp-content\/uploads\/2025\/04\/Beaucoup-plus-vous-fera-tomber-amoureux-des-legumes.svg.svg+xml\" title=\"Amazon Prime\" alt=\"Amazon Prime\">\n            <\/div>\n<div class=\"flex items-center justify-center gap-x-1 font-bold md:justify-start\">\n            <span class=\"text-sm line-through\">35,00 $<\/span><br \/>\n            <span class=\"text-sm text-brand-green\">\u00c9conomisez 16,55 $<\/span>\n        <\/div>\n<\/p><\/div>\n<\/p><\/div>\n<\/p><\/div>\n<\/p><\/div>\n<\/div>\n<p>M\u00eame si vous \u00eates dans les livres de cuisine simplement parce qu&rsquo;ils sont jolis, c&rsquo;est un excellent choix. C&rsquo;est une couverture dure avec une magnifique photographie sombre sur le devant. Lorsque vous le touchez, vous vous rendrez compte que c&rsquo;est agr\u00e9ablement oreiller. Pas comme la couverture rigide d&rsquo;un enfant (mais pas <em>pas <\/em>Aimez-le.) Vous devrez le ressentir par vous-m\u00eame. Ma copie \u00e9tait un cadeau d&rsquo;un ami, mais vous pouvez l&rsquo;acheter en ligne pour environ 20 $ et dans des librairies r\u00e9elles pour environ 30 $. Si vous aimez celui-ci, gardez un \u0153il sur le nouveau livre d&rsquo;Ottolenghi <em>Confort<\/em>qui sortira aux \u00c9tats-Unis le 8 octobre de cette ann\u00e9e.<\/p>\n","protected":false},"excerpt":{"rendered":"<p>Ceci est un livre de cuisine pour tous ceux qui souhaitent raviver leur amour des l\u00e9gumes. Bienvenue sur \u00ab\u00a0Livre de cuisine de la semaine.\u00abCeci est<\/p>\n","protected":false},"author":1,"featured_media":6908,"comment_status":"","ping_status":"","sticky":false,"template":"","format":"standard","meta":{"footnotes":""},"categories":[1],"tags":[2564,1118,29,578,1002,3753,4],"class_list":["post-6907","post","type-post","status-publish","format-standard","has-post-thumbnail","hentry","category-non-classe","tag-amoureux","tag-beaucoup","tag-des","tag-fera","tag-legumes","tag-tomber","tag-vous","generate-columns","tablet-grid-50","mobile-grid-100","grid-parent","grid-33"],"yoast_head":"<!-- This site is optimized with the Yoast SEO plugin v24.0 - https:\/\/yoast.com\/wordpress\/plugins\/seo\/ -->\n<title>&#039;Beaucoup plus &quot;vous fera tomber amoureux des l\u00e9gumes | Vie Associative<\/title>\n<meta name=\"robots\" content=\"index, follow, max-snippet:-1, max-image-preview:large, max-video-preview:-1\" \/>\n<link rel=\"canonical\" href=\"https:\/\/vieassociative.be\/actualites\/beaucoup-plus-vous-fera-tomber-amoureux-des-legumes\/\" \/>\n<meta property=\"og:locale\" content=\"fr_FR\" \/>\n<meta property=\"og:type\" content=\"article\" \/>\n<meta property=\"og:title\" content=\"&#039;Beaucoup plus &quot;vous fera tomber amoureux des l\u00e9gumes | Vie Associative\" \/>\n<meta property=\"og:description\" content=\"Ceci est un livre de cuisine pour tous ceux qui souhaitent raviver leur amour des l\u00e9gumes. Bienvenue sur \u00ab\u00a0Livre de cuisine de la semaine.\u00abCeci est\" \/>\n<meta property=\"og:url\" content=\"https:\/\/vieassociative.be\/actualites\/beaucoup-plus-vous-fera-tomber-amoureux-des-legumes\/\" \/>\n<meta property=\"og:site_name\" content=\"Vie Associative\" \/>\n<meta property=\"article:published_time\" content=\"2025-04-21T10:20:55+00:00\" \/>\n<meta property=\"og:image\" content=\"https:\/\/vieassociative.be\/actualites\/wp-content\/uploads\/2025\/04\/Beaucoup-plus-vous-fera-tomber-amoureux-des-legumes.jpg\" \/>\n<meta name=\"author\" content=\"Julien\" \/>\n<meta name=\"twitter:card\" content=\"summary_large_image\" \/>\n<meta name=\"twitter:label1\" content=\"\u00c9crit par\" \/>\n\t<meta name=\"twitter:data1\" content=\"Julien\" \/>\n\t<meta name=\"twitter:label2\" content=\"Dur\u00e9e de lecture est.\" \/>\n\t<meta name=\"twitter:data2\" content=\"6 minutes\" \/>\n<script type=\"application\/ld+json\" class=\"yoast-schema-graph\">{\"@context\":\"https:\/\/schema.org\",\"@graph\":[{\"@type\":\"Article\",\"@id\":\"https:\/\/vieassociative.be\/actualites\/beaucoup-plus-vous-fera-tomber-amoureux-des-legumes\/#article\",\"isPartOf\":{\"@id\":\"https:\/\/vieassociative.be\/actualites\/beaucoup-plus-vous-fera-tomber-amoureux-des-legumes\/\"},\"author\":{\"name\":\"Julien\",\"@id\":\"https:\/\/vieassociative.be\/actualites\/#\/schema\/person\/b87ac4f82f9d4e7b7cec7395b679edc4\"},\"headline\":\"&lsquo;Beaucoup plus \u00ab\u00a0vous fera tomber amoureux des l\u00e9gumes\",\"datePublished\":\"2025-04-21T10:20:55+00:00\",\"dateModified\":\"2025-04-21T10:20:55+00:00\",\"mainEntityOfPage\":{\"@id\":\"https:\/\/vieassociative.be\/actualites\/beaucoup-plus-vous-fera-tomber-amoureux-des-legumes\/\"},\"wordCount\":1267,\"publisher\":{\"@id\":\"https:\/\/vieassociative.be\/actualites\/#organization\"},\"image\":{\"@id\":\"https:\/\/vieassociative.be\/actualites\/beaucoup-plus-vous-fera-tomber-amoureux-des-legumes\/#primaryimage\"},\"thumbnailUrl\":\"https:\/\/vieassociative.be\/actualites\/wp-content\/uploads\/2025\/04\/1745230855_Beaucoup-plus-vous-fera-tomber-amoureux-des-legumes.jpg\",\"keywords\":[\"amoureux\",\"beaucoup\",\"Des\",\"fera\",\"l\u00e9gumes\",\"tomber\",\"Vous\"],\"inLanguage\":\"fr-BE\"},{\"@type\":\"WebPage\",\"@id\":\"https:\/\/vieassociative.be\/actualites\/beaucoup-plus-vous-fera-tomber-amoureux-des-legumes\/\",\"url\":\"https:\/\/vieassociative.be\/actualites\/beaucoup-plus-vous-fera-tomber-amoureux-des-legumes\/\",\"name\":\"'Beaucoup plus \\\"vous fera tomber amoureux des l\u00e9gumes | Vie Associative\",\"isPartOf\":{\"@id\":\"https:\/\/vieassociative.be\/actualites\/#website\"},\"primaryImageOfPage\":{\"@id\":\"https:\/\/vieassociative.be\/actualites\/beaucoup-plus-vous-fera-tomber-amoureux-des-legumes\/#primaryimage\"},\"image\":{\"@id\":\"https:\/\/vieassociative.be\/actualites\/beaucoup-plus-vous-fera-tomber-amoureux-des-legumes\/#primaryimage\"},\"thumbnailUrl\":\"https:\/\/vieassociative.be\/actualites\/wp-content\/uploads\/2025\/04\/1745230855_Beaucoup-plus-vous-fera-tomber-amoureux-des-legumes.jpg\",\"datePublished\":\"2025-04-21T10:20:55+00:00\",\"dateModified\":\"2025-04-21T10:20:55+00:00\",\"breadcrumb\":{\"@id\":\"https:\/\/vieassociative.be\/actualites\/beaucoup-plus-vous-fera-tomber-amoureux-des-legumes\/#breadcrumb\"},\"inLanguage\":\"fr-BE\",\"potentialAction\":[{\"@type\":\"ReadAction\",\"target\":[\"https:\/\/vieassociative.be\/actualites\/beaucoup-plus-vous-fera-tomber-amoureux-des-legumes\/\"]}]},{\"@type\":\"ImageObject\",\"inLanguage\":\"fr-BE\",\"@id\":\"https:\/\/vieassociative.be\/actualites\/beaucoup-plus-vous-fera-tomber-amoureux-des-legumes\/#primaryimage\",\"url\":\"https:\/\/vieassociative.be\/actualites\/wp-content\/uploads\/2025\/04\/1745230855_Beaucoup-plus-vous-fera-tomber-amoureux-des-legumes.jpg\",\"contentUrl\":\"https:\/\/vieassociative.be\/actualites\/wp-content\/uploads\/2025\/04\/1745230855_Beaucoup-plus-vous-fera-tomber-amoureux-des-legumes.jpg\",\"width\":1200,\"height\":675,\"caption\":\"'Beaucoup plus \\\"vous fera tomber amoureux des l\u00e9gumes\"},{\"@type\":\"BreadcrumbList\",\"@id\":\"https:\/\/vieassociative.be\/actualites\/beaucoup-plus-vous-fera-tomber-amoureux-des-legumes\/#breadcrumb\",\"itemListElement\":[{\"@type\":\"ListItem\",\"position\":1,\"name\":\"Accueil\",\"item\":\"https:\/\/vieassociative.be\/actualites\/\"},{\"@type\":\"ListItem\",\"position\":2,\"name\":\"&lsquo;Beaucoup plus \u00ab\u00a0vous fera tomber amoureux des l\u00e9gumes\"}]},{\"@type\":\"WebSite\",\"@id\":\"https:\/\/vieassociative.be\/actualites\/#website\",\"url\":\"https:\/\/vieassociative.be\/actualites\/\",\"name\":\"Vie Associative\",\"description\":\"\",\"publisher\":{\"@id\":\"https:\/\/vieassociative.be\/actualites\/#organization\"},\"potentialAction\":[{\"@type\":\"SearchAction\",\"target\":{\"@type\":\"EntryPoint\",\"urlTemplate\":\"https:\/\/vieassociative.be\/actualites\/?s={search_term_string}\"},\"query-input\":{\"@type\":\"PropertyValueSpecification\",\"valueRequired\":true,\"valueName\":\"search_term_string\"}}],\"inLanguage\":\"fr-BE\"},{\"@type\":\"Organization\",\"@id\":\"https:\/\/vieassociative.be\/actualites\/#organization\",\"name\":\"Vie Associative\",\"url\":\"https:\/\/vieassociative.be\/actualites\/\",\"logo\":{\"@type\":\"ImageObject\",\"inLanguage\":\"fr-BE\",\"@id\":\"https:\/\/vieassociative.be\/actualites\/#\/schema\/logo\/image\/\",\"url\":\"https:\/\/vieassociative.be\/actualites\/wp-content\/uploads\/2024\/09\/cropped-vieassociative_favicon.ico.png\",\"contentUrl\":\"https:\/\/vieassociative.be\/actualites\/wp-content\/uploads\/2024\/09\/cropped-vieassociative_favicon.ico.png\",\"width\":512,\"height\":512,\"caption\":\"Vie Associative\"},\"image\":{\"@id\":\"https:\/\/vieassociative.be\/actualites\/#\/schema\/logo\/image\/\"}},{\"@type\":\"Person\",\"@id\":\"https:\/\/vieassociative.be\/actualites\/#\/schema\/person\/b87ac4f82f9d4e7b7cec7395b679edc4\",\"name\":\"Julien\",\"image\":{\"@type\":\"ImageObject\",\"inLanguage\":\"fr-BE\",\"@id\":\"https:\/\/vieassociative.be\/actualites\/#\/schema\/person\/image\/\",\"url\":\"https:\/\/vieassociative.be\/actualites\/wp-content\/uploads\/2024\/09\/vie-associative-1-150x150.jpg\",\"contentUrl\":\"https:\/\/vieassociative.be\/actualites\/wp-content\/uploads\/2024\/09\/vie-associative-1-150x150.jpg\",\"caption\":\"Julien\"},\"description\":\"Je suis Julien, r\u00e9dacteur pour Vie Associative. Passionn\u00e9 par le monde associatif depuis plus de 10 ans, j'ai \u00e0 c\u0153ur de partager des histoires inspirantes et de mettre en lumi\u00e8re les initiatives locales. Mon objectif est de sensibiliser et d'encourager l'engagement communautaire \u00e0 travers mes articles.\",\"sameAs\":[\"https:\/\/vieassociative.be\/\"]}]}<\/script>\n<!-- \/ Yoast SEO plugin. -->","yoast_head_json":{"title":"'Beaucoup plus \"vous fera tomber amoureux des l\u00e9gumes | Vie Associative","robots":{"index":"index","follow":"follow","max-snippet":"max-snippet:-1","max-image-preview":"max-image-preview:large","max-video-preview":"max-video-preview:-1"},"canonical":"https:\/\/vieassociative.be\/actualites\/beaucoup-plus-vous-fera-tomber-amoureux-des-legumes\/","og_locale":"fr_FR","og_type":"article","og_title":"'Beaucoup plus \"vous fera tomber amoureux des l\u00e9gumes | Vie Associative","og_description":"Ceci est un livre de cuisine pour tous ceux qui souhaitent raviver leur amour des l\u00e9gumes. Bienvenue sur \u00ab\u00a0Livre de cuisine de la semaine.\u00abCeci est","og_url":"https:\/\/vieassociative.be\/actualites\/beaucoup-plus-vous-fera-tomber-amoureux-des-legumes\/","og_site_name":"Vie Associative","article_published_time":"2025-04-21T10:20:55+00:00","og_image":[{"url":"https:\/\/vieassociative.be\/actualites\/wp-content\/uploads\/2025\/04\/Beaucoup-plus-vous-fera-tomber-amoureux-des-legumes.jpg","type":"","width":"","height":""}],"author":"Julien","twitter_card":"summary_large_image","twitter_misc":{"\u00c9crit par":"Julien","Dur\u00e9e de lecture est.":"6 minutes"},"schema":{"@context":"https:\/\/schema.org","@graph":[{"@type":"Article","@id":"https:\/\/vieassociative.be\/actualites\/beaucoup-plus-vous-fera-tomber-amoureux-des-legumes\/#article","isPartOf":{"@id":"https:\/\/vieassociative.be\/actualites\/beaucoup-plus-vous-fera-tomber-amoureux-des-legumes\/"},"author":{"name":"Julien","@id":"https:\/\/vieassociative.be\/actualites\/#\/schema\/person\/b87ac4f82f9d4e7b7cec7395b679edc4"},"headline":"&lsquo;Beaucoup plus \u00ab\u00a0vous fera tomber amoureux des l\u00e9gumes","datePublished":"2025-04-21T10:20:55+00:00","dateModified":"2025-04-21T10:20:55+00:00","mainEntityOfPage":{"@id":"https:\/\/vieassociative.be\/actualites\/beaucoup-plus-vous-fera-tomber-amoureux-des-legumes\/"},"wordCount":1267,"publisher":{"@id":"https:\/\/vieassociative.be\/actualites\/#organization"},"image":{"@id":"https:\/\/vieassociative.be\/actualites\/beaucoup-plus-vous-fera-tomber-amoureux-des-legumes\/#primaryimage"},"thumbnailUrl":"https:\/\/vieassociative.be\/actualites\/wp-content\/uploads\/2025\/04\/1745230855_Beaucoup-plus-vous-fera-tomber-amoureux-des-legumes.jpg","keywords":["amoureux","beaucoup","Des","fera","l\u00e9gumes","tomber","Vous"],"inLanguage":"fr-BE"},{"@type":"WebPage","@id":"https:\/\/vieassociative.be\/actualites\/beaucoup-plus-vous-fera-tomber-amoureux-des-legumes\/","url":"https:\/\/vieassociative.be\/actualites\/beaucoup-plus-vous-fera-tomber-amoureux-des-legumes\/","name":"'Beaucoup plus \"vous fera tomber amoureux des l\u00e9gumes | Vie Associative","isPartOf":{"@id":"https:\/\/vieassociative.be\/actualites\/#website"},"primaryImageOfPage":{"@id":"https:\/\/vieassociative.be\/actualites\/beaucoup-plus-vous-fera-tomber-amoureux-des-legumes\/#primaryimage"},"image":{"@id":"https:\/\/vieassociative.be\/actualites\/beaucoup-plus-vous-fera-tomber-amoureux-des-legumes\/#primaryimage"},"thumbnailUrl":"https:\/\/vieassociative.be\/actualites\/wp-content\/uploads\/2025\/04\/1745230855_Beaucoup-plus-vous-fera-tomber-amoureux-des-legumes.jpg","datePublished":"2025-04-21T10:20:55+00:00","dateModified":"2025-04-21T10:20:55+00:00","breadcrumb":{"@id":"https:\/\/vieassociative.be\/actualites\/beaucoup-plus-vous-fera-tomber-amoureux-des-legumes\/#breadcrumb"},"inLanguage":"fr-BE","potentialAction":[{"@type":"ReadAction","target":["https:\/\/vieassociative.be\/actualites\/beaucoup-plus-vous-fera-tomber-amoureux-des-legumes\/"]}]},{"@type":"ImageObject","inLanguage":"fr-BE","@id":"https:\/\/vieassociative.be\/actualites\/beaucoup-plus-vous-fera-tomber-amoureux-des-legumes\/#primaryimage","url":"https:\/\/vieassociative.be\/actualites\/wp-content\/uploads\/2025\/04\/1745230855_Beaucoup-plus-vous-fera-tomber-amoureux-des-legumes.jpg","contentUrl":"https:\/\/vieassociative.be\/actualites\/wp-content\/uploads\/2025\/04\/1745230855_Beaucoup-plus-vous-fera-tomber-amoureux-des-legumes.jpg","width":1200,"height":675,"caption":"'Beaucoup plus \"vous fera tomber amoureux des l\u00e9gumes"},{"@type":"BreadcrumbList","@id":"https:\/\/vieassociative.be\/actualites\/beaucoup-plus-vous-fera-tomber-amoureux-des-legumes\/#breadcrumb","itemListElement":[{"@type":"ListItem","position":1,"name":"Accueil","item":"https:\/\/vieassociative.be\/actualites\/"},{"@type":"ListItem","position":2,"name":"&lsquo;Beaucoup plus \u00ab\u00a0vous fera tomber amoureux des l\u00e9gumes"}]},{"@type":"WebSite","@id":"https:\/\/vieassociative.be\/actualites\/#website","url":"https:\/\/vieassociative.be\/actualites\/","name":"Vie Associative","description":"","publisher":{"@id":"https:\/\/vieassociative.be\/actualites\/#organization"},"potentialAction":[{"@type":"SearchAction","target":{"@type":"EntryPoint","urlTemplate":"https:\/\/vieassociative.be\/actualites\/?s={search_term_string}"},"query-input":{"@type":"PropertyValueSpecification","valueRequired":true,"valueName":"search_term_string"}}],"inLanguage":"fr-BE"},{"@type":"Organization","@id":"https:\/\/vieassociative.be\/actualites\/#organization","name":"Vie Associative","url":"https:\/\/vieassociative.be\/actualites\/","logo":{"@type":"ImageObject","inLanguage":"fr-BE","@id":"https:\/\/vieassociative.be\/actualites\/#\/schema\/logo\/image\/","url":"https:\/\/vieassociative.be\/actualites\/wp-content\/uploads\/2024\/09\/cropped-vieassociative_favicon.ico.png","contentUrl":"https:\/\/vieassociative.be\/actualites\/wp-content\/uploads\/2024\/09\/cropped-vieassociative_favicon.ico.png","width":512,"height":512,"caption":"Vie Associative"},"image":{"@id":"https:\/\/vieassociative.be\/actualites\/#\/schema\/logo\/image\/"}},{"@type":"Person","@id":"https:\/\/vieassociative.be\/actualites\/#\/schema\/person\/b87ac4f82f9d4e7b7cec7395b679edc4","name":"Julien","image":{"@type":"ImageObject","inLanguage":"fr-BE","@id":"https:\/\/vieassociative.be\/actualites\/#\/schema\/person\/image\/","url":"https:\/\/vieassociative.be\/actualites\/wp-content\/uploads\/2024\/09\/vie-associative-1-150x150.jpg","contentUrl":"https:\/\/vieassociative.be\/actualites\/wp-content\/uploads\/2024\/09\/vie-associative-1-150x150.jpg","caption":"Julien"},"description":"Je suis Julien, r\u00e9dacteur pour Vie Associative. Passionn\u00e9 par le monde associatif depuis plus de 10 ans, j'ai \u00e0 c\u0153ur de partager des histoires inspirantes et de mettre en lumi\u00e8re les initiatives locales. Mon objectif est de sensibiliser et d'encourager l'engagement communautaire \u00e0 travers mes articles.","sameAs":["https:\/\/vieassociative.be\/"]}]}},"_links":{"self":[{"href":"https:\/\/vieassociative.be\/actualites\/wp-json\/wp\/v2\/posts\/6907"}],"collection":[{"href":"https:\/\/vieassociative.be\/actualites\/wp-json\/wp\/v2\/posts"}],"about":[{"href":"https:\/\/vieassociative.be\/actualites\/wp-json\/wp\/v2\/types\/post"}],"author":[{"embeddable":true,"href":"https:\/\/vieassociative.be\/actualites\/wp-json\/wp\/v2\/users\/1"}],"replies":[{"embeddable":true,"href":"https:\/\/vieassociative.be\/actualites\/wp-json\/wp\/v2\/comments?post=6907"}],"version-history":[{"count":0,"href":"https:\/\/vieassociative.be\/actualites\/wp-json\/wp\/v2\/posts\/6907\/revisions"}],"wp:featuredmedia":[{"embeddable":true,"href":"https:\/\/vieassociative.be\/actualites\/wp-json\/wp\/v2\/media\/6908"}],"wp:attachment":[{"href":"https:\/\/vieassociative.be\/actualites\/wp-json\/wp\/v2\/media?parent=6907"}],"wp:term":[{"taxonomy":"category","embeddable":true,"href":"https:\/\/vieassociative.be\/actualites\/wp-json\/wp\/v2\/categories?post=6907"},{"taxonomy":"post_tag","embeddable":true,"href":"https:\/\/vieassociative.be\/actualites\/wp-json\/wp\/v2\/tags?post=6907"}],"curies":[{"name":"wp","href":"https:\/\/api.w.org\/{rel}","templated":true}]}}