{"id":6905,"date":"2025-04-21T09:17:56","date_gmt":"2025-04-21T07:17:56","guid":{"rendered":"https:\/\/vieassociative.be\/actualites\/ce-lg-oled-tv-est-a-son-prix-le-plus-bas-pour-le-moment\/"},"modified":"2025-04-21T09:17:56","modified_gmt":"2025-04-21T07:17:56","slug":"ce-lg-oled-tv-est-a-son-prix-le-plus-bas-pour-le-moment","status":"publish","type":"post","link":"https:\/\/vieassociative.be\/actualites\/ce-lg-oled-tv-est-a-son-prix-le-plus-bas-pour-le-moment\/","title":{"rendered":"Ce LG OLED TV est \u00e0 son prix le plus bas pour le moment"},"content":{"rendered":"<div class=\"mt-4 leading-6 md:mb-8\">Le LG C3 offre des performances impressionnantes pour le prix, ce qui en fait un concurrent solide pour votre pi\u00e8ce ma\u00eetresse de votre salon.<\/div>\n<p><\/p>\n<p>Le LG C3 65 pouces EVO OLED TV, pr\u00e9sent\u00e9 dans les meilleurs t\u00e9l\u00e9viseurs OLED \u00e0 budget de Vie Associative \u00e0 acheter en 2025, est d\u00e9sormais disponible pour 1 196,99 $, contre 1 499,99 $ &#8211; \u00e0 son prix le plus bas jamais sur Amazon, selon les trackers de prix. <\/p>\n<div class=\"pogoClear mb-12 mt-10 rounded-md border-2 border-gray-100 py-7 shadow-xl md:py-6\">\n<div class=\"flex flex-wrap justify-between px-7 text-black no-underline md:flex-nowrap md:px-8\">\n<div class=\"order-1 mx-auto flex flex-col justify-center md:order-2 md:ml-4 md:w-full md:grow\">\n<div class=\"block cursor-pointer text-center font-akshar text-2xl font-medium leading-7 text-brand-green duration-200 ease-in-out hover:text-brand-green-700 md:text-left md:text-xl md:leading-6\">LG C3 Series 65 pouces Class Oled TV\n                <\/div>\n<div class=\"mt-4 hidden md:flex md:justify-between\">\n<div class=\"self-end\">\n<div class=\"mb-0 h-11 md:flex md:flex-col md:justify-center\">\n<div class=\" font-sans leading-4 text-black\">\n<div class=\"flex flex-wrap items-center justify-center gap-x-1 md:justify-start\">\n        <span class=\"font-bold\"><\/p>\n<p>            1 196,99 $<br \/>\n                            <span class=\"font-medium\">\u00e0 Amazon<\/span><br \/>\n                    <\/span><br \/>\n                    <img decoding=\"async\" class=\"mt-0 h-(15px)\" src=\"https:\/\/vieassociative.be\/actualites\/wp-content\/uploads\/2025\/04\/Ce-LG-OLED-TV-est-a-son-prix-le-plus.svg.svg+xml\" title=\"Amazon Prime\" alt=\"Amazon Prime\">\n            <\/div>\n<div class=\"flex items-center justify-center gap-x-1 font-bold md:justify-start\">\n            <span class=\"text-sm line-through\">1 499,99 $<\/span><br \/>\n            <span class=\"text-sm text-brand-green\">\u00c9conomisez 303,00 $<\/span>\n        <\/div>\n<\/p><\/div>\n<\/p><\/div>\n<\/p><\/div>\n<div class=\"w-44 self-end\">\n                            <button class=\"flex justify-center items-center w-full bg-brand-green text-white text-base font-sans font-medium rounded-md hover:bg-brand-green-700 hover:cursor-pointer md:text-sm h-11\"><\/p>\n<p>    Conclure un accord<br \/>\n<\/button>\n                        <\/div>\n<\/p><\/div>\n<\/p><\/div>\n<div class=\"order-2 mt-5 h-auto w-full md:order-1 md:mt-0 md:hidden\">\n<div class=\"flex aspect-video items-center justify-center\">\n                                            <img decoding=\"async\" class=\"m-0 max-h-full max-w-full rounded-md\" src=\"https:\/\/vieassociative.be\/actualites\/wp-content\/uploads\/2025\/04\/Ce-LG-OLED-TV-est-a-son-prix-le-plus.jpg\" alt=\"LG C3 Evo Oled TV\" width=\"auto\" height=\"auto\" loading=\"lazy\">\n                                    <\/div>\n<\/p><\/div>\n<div class=\"order-2 ml-2 hidden w-32 shrink-0 items-center md:order-1 md:ml-0 md:flex\">\n<div class=\"flex aspect-video items-center justify-center\">\n                                            <img decoding=\"async\" class=\"m-0 max-h-full max-w-full rounded-md\" src=\"https:\/\/vieassociative.be\/actualites\/wp-content\/uploads\/2025\/04\/Ce-LG-OLED-TV-est-a-son-prix-le-plus.jpg\" alt=\"LG C3 Evo Oled TV\" width=\"auto\" height=\"auto\" loading=\"lazy\">\n                                    <\/div>\n<\/p><\/div>\n<div class=\"order-3 flex grow flex-wrap md:hidden md:grow-0\">\n<div class=\"mt-4 w-full\">\n                        <button class=\"flex justify-center items-center w-full bg-brand-green text-white text-base font-sans font-medium rounded-md hover:bg-brand-green-700 hover:cursor-pointer md:text-sm h-11\"><\/p>\n<p>    Conclure un accord<br \/>\n<\/button>\n                    <\/div>\n<div class=\"mx-2 mt-4 w-full\">\n<div class=\" font-sans leading-4 text-black\">\n<div class=\"flex flex-wrap items-center justify-center gap-x-1 md:justify-start\">\n        <span class=\"font-bold\"><\/p>\n<p>            1 196,99 $<br \/>\n                            <span class=\"font-medium\">\u00e0 Amazon<\/span><br \/>\n                    <\/span><br \/>\n                    <img decoding=\"async\" class=\"mt-0 h-(15px)\" src=\"https:\/\/vieassociative.be\/actualites\/wp-content\/uploads\/2025\/04\/Ce-LG-OLED-TV-est-a-son-prix-le-plus.svg.svg+xml\" title=\"Amazon Prime\" alt=\"Amazon Prime\">\n            <\/div>\n<div class=\"flex items-center justify-center gap-x-1 font-bold md:justify-start\">\n            <span class=\"text-sm line-through\">1 499,99 $<\/span><br \/>\n            <span class=\"text-sm text-brand-green\">\u00c9conomisez 303,00 $<\/span>\n        <\/div>\n<\/p><\/div>\n<\/p><\/div>\n<\/p><\/div>\n<\/p><\/div>\n<\/div>\n<p>Son panneau OLED offre des niveaux noirs parfaits, un rapport de contraste infini et une pr\u00e9cision de couleurs presque sans faille. Les couleurs des Blancs et des SDR sont particuli\u00e8rement pr\u00e9cises, avec seulement des \u00e9carts mineurs dans les rouges et les l\u00e9gumes verts dans la teneur en HDR. De plus, il prend en charge Dolby Vision et HDR10, donc si vous diffusez beaucoup en 4K, vous verrez ces d\u00e9tails briller. Cela dit, l&rsquo;absence d&rsquo;un tuner ATSC 3.0 pourrait \u00eatre un inconv\u00e9nient si vous comptez sur les \u00e9missions 4K en direct.<\/p>\n<p>Vous pouvez placer le C3 EVO sur son support en m\u00e9tal (inclus) ou le monter sur un mur pour un look plus propre. Ses ports &#8211; quatre HDMI 2.1 (tous 4K120, avec un EARC), trois USB, Ethernet et plus &#8211; sont faciles \u00e0 atteindre \u00e0 gauche. WEBOS de LG ex\u00e9cute ses fonctionnalit\u00e9s Smart TV et couvre presque toutes les principales plates-formes de streaming (sauf Crunchyroll, comme soulign\u00e9 dans cette revue PCMAG). Cependant, les caract\u00e9ristiques de la maison intelligente de WebOS se penchent fortement vers les appareils LG Thinq, ce qui pourrait limiter la compatibilit\u00e9 avec votre configuration si vos appareils intelligents ne sont pas de marque LG ou proviennent d&rsquo;autres marques non compatibles.<\/p>\n<p>La t\u00e9l\u00e9commande magique incluse avec le LG C3 EVO a des boutons d\u00e9di\u00e9s pour Netflix, Prime Video, Disney +, Alexa et d&rsquo;autres applications populaires, ce qui facilite le passage de vos favoris. Vous trouverez \u00e9galement Apple AirPlay pour une streaming facile \u00e0 partir de vos appareils iOS et de l&rsquo;int\u00e9gration Alexa pour les commandes vocales mains libres. En ce qui concerne le jeu, le mode Optimiseur de jeu activ\u00e9 et la r\u00e9duction de lag de d\u00e9calage d&rsquo;entr\u00e9e pour augmenter, le t\u00e9l\u00e9viseur r\u00e9alise un d\u00e9calage d&rsquo;entr\u00e9e impressionnant sous une milliseconde. Ajoutez \u00e0 cela un taux de rafra\u00eechissement de 120 Hz, avec un support de taux de rafra\u00eechissement variable (VRR), plus la compatibilit\u00e9 AMD Freesync et Nvidia G-Sync (bien que ni l&rsquo;un ni l&rsquo;autre ne soit officiellement certifi\u00e9), et vous avez une puissance de jeu.<\/p>\n<div class=\"pogoClear relative my-10 border-b-(1.5px) border-t-(1.5px) border-dashed border-black py-5 sm:my-14 sm:border-0 sm:py-0\" x-cloak x-data=\"{ commentsCount: null }\" x-init=\"commentsCount = await window.openweb.getMessagesCount(122731)\" x-show=\"commentsCount !== null &amp;&amp; commentsCount &gt; 0\">\n<div class=\"absolute top-1\/2 hidden w-full -translate-y-1\/2 border-t-(1.5px) border-dashed border-black sm:block\"><\/div>\n<div class=\"relative flex justify-center\">\n<div class=\"flex max-w-max items-center gap-x-3 bg-white px-5\">\n<div class=\"relative\">\n                <span class=\"absolute left-1\/2 top-1\/2 -translate-x-1\/2 -translate-y-1\/2 font-akshar text-sm font-medium text-black\" x-text=\"commentsCount\"><\/span><\/p>\n<p>                <svg class=\"h-8 w-8 text-black\">\n                    <use href=\"http:\/\/lifehacker.com\/images\/icons\/spritemap.svg#sprite-chat-bubble\"><\/use>\n                <\/svg>\n            <\/div>\n<p>            <span class=\"text-sm font-medium text-black\">Que pensez-vous jusqu&rsquo;\u00e0 pr\u00e9sent? <button class=\"font-semibold text-brand-green underline hover:text-brand-green-700\" onclick=\"window.openweb.scrollToComments(122731)\">Publier un commentaire.<\/button><\/span>\n        <\/div>\n<\/p><\/div>\n<\/div>\n<p>Si vous d\u00e9battez d&rsquo;alternatives, le Samsung S90C (997,99 $) offre une qualit\u00e9 OLED similaire et est livr\u00e9 avec le tuner ATSC 3.0 manquant.<\/p>\n","protected":false},"excerpt":{"rendered":"<p>Le LG C3 offre des performances impressionnantes pour le prix, ce qui en fait un concurrent solide pour votre pi\u00e8ce ma\u00eetresse de votre salon. Le<\/p>\n","protected":false},"author":1,"featured_media":6906,"comment_status":"","ping_status":"","sticky":false,"template":"","format":"standard","meta":{"footnotes":""},"categories":[13],"tags":[700,76,1429,2558,81,1399,800],"class_list":["post-6905","post","type-post","status-publish","format-standard","has-post-thumbnail","hentry","category-technologie","tag-bas","tag-est","tag-moment","tag-oled","tag-pour","tag-prix","tag-son","generate-columns","tablet-grid-50","mobile-grid-100","grid-parent","grid-33"],"yoast_head":"<!-- This site is optimized with the Yoast SEO plugin v24.0 - https:\/\/yoast.com\/wordpress\/plugins\/seo\/ -->\n<title>Ce LG OLED TV est \u00e0 son prix le plus bas pour le moment | Vie Associative<\/title>\n<meta name=\"robots\" content=\"index, follow, max-snippet:-1, max-image-preview:large, max-video-preview:-1\" \/>\n<link rel=\"canonical\" href=\"https:\/\/vieassociative.be\/actualites\/ce-lg-oled-tv-est-a-son-prix-le-plus-bas-pour-le-moment\/\" \/>\n<meta property=\"og:locale\" content=\"fr_FR\" \/>\n<meta property=\"og:type\" content=\"article\" \/>\n<meta property=\"og:title\" content=\"Ce LG OLED TV est \u00e0 son prix le plus bas pour le moment | Vie Associative\" \/>\n<meta property=\"og:description\" content=\"Le LG C3 offre des performances impressionnantes pour le prix, ce qui en fait un concurrent solide pour votre pi\u00e8ce ma\u00eetresse de votre salon. Le\" \/>\n<meta property=\"og:url\" content=\"https:\/\/vieassociative.be\/actualites\/ce-lg-oled-tv-est-a-son-prix-le-plus-bas-pour-le-moment\/\" \/>\n<meta property=\"og:site_name\" content=\"Vie Associative\" \/>\n<meta property=\"article:published_time\" content=\"2025-04-21T07:17:56+00:00\" \/>\n<meta property=\"og:image\" content=\"https:\/\/vieassociative.be\/actualites\/wp-content\/uploads\/2025\/04\/Ce-LG-OLED-TV-est-a-son-prix-le-plus.svg.svg+xml\" \/>\n<meta name=\"author\" content=\"Julien\" \/>\n<meta name=\"twitter:card\" content=\"summary_large_image\" \/>\n<meta name=\"twitter:label1\" content=\"\u00c9crit par\" \/>\n\t<meta name=\"twitter:data1\" content=\"Julien\" \/>\n\t<meta name=\"twitter:label2\" content=\"Dur\u00e9e de lecture est.\" \/>\n\t<meta name=\"twitter:data2\" content=\"2 minutes\" \/>\n<script type=\"application\/ld+json\" class=\"yoast-schema-graph\">{\"@context\":\"https:\/\/schema.org\",\"@graph\":[{\"@type\":\"Article\",\"@id\":\"https:\/\/vieassociative.be\/actualites\/ce-lg-oled-tv-est-a-son-prix-le-plus-bas-pour-le-moment\/#article\",\"isPartOf\":{\"@id\":\"https:\/\/vieassociative.be\/actualites\/ce-lg-oled-tv-est-a-son-prix-le-plus-bas-pour-le-moment\/\"},\"author\":{\"name\":\"Julien\",\"@id\":\"https:\/\/vieassociative.be\/actualites\/#\/schema\/person\/b87ac4f82f9d4e7b7cec7395b679edc4\"},\"headline\":\"Ce LG OLED TV est \u00e0 son prix le plus bas pour le moment\",\"datePublished\":\"2025-04-21T07:17:56+00:00\",\"dateModified\":\"2025-04-21T07:17:56+00:00\",\"mainEntityOfPage\":{\"@id\":\"https:\/\/vieassociative.be\/actualites\/ce-lg-oled-tv-est-a-son-prix-le-plus-bas-pour-le-moment\/\"},\"wordCount\":491,\"publisher\":{\"@id\":\"https:\/\/vieassociative.be\/actualites\/#organization\"},\"image\":{\"@id\":\"https:\/\/vieassociative.be\/actualites\/ce-lg-oled-tv-est-a-son-prix-le-plus-bas-pour-le-moment\/#primaryimage\"},\"thumbnailUrl\":\"https:\/\/vieassociative.be\/actualites\/wp-content\/uploads\/2025\/04\/Ce-LG-OLED-TV-est-a-son-prix-le-plus.png\",\"keywords\":[\"bas\",\"est\",\"moment\",\"OLED\",\"pour\",\"prix\",\"son\"],\"articleSection\":[\"Technologie\"],\"inLanguage\":\"fr-BE\"},{\"@type\":\"WebPage\",\"@id\":\"https:\/\/vieassociative.be\/actualites\/ce-lg-oled-tv-est-a-son-prix-le-plus-bas-pour-le-moment\/\",\"url\":\"https:\/\/vieassociative.be\/actualites\/ce-lg-oled-tv-est-a-son-prix-le-plus-bas-pour-le-moment\/\",\"name\":\"Ce LG OLED TV est \u00e0 son prix le plus bas pour le moment | Vie Associative\",\"isPartOf\":{\"@id\":\"https:\/\/vieassociative.be\/actualites\/#website\"},\"primaryImageOfPage\":{\"@id\":\"https:\/\/vieassociative.be\/actualites\/ce-lg-oled-tv-est-a-son-prix-le-plus-bas-pour-le-moment\/#primaryimage\"},\"image\":{\"@id\":\"https:\/\/vieassociative.be\/actualites\/ce-lg-oled-tv-est-a-son-prix-le-plus-bas-pour-le-moment\/#primaryimage\"},\"thumbnailUrl\":\"https:\/\/vieassociative.be\/actualites\/wp-content\/uploads\/2025\/04\/Ce-LG-OLED-TV-est-a-son-prix-le-plus.png\",\"datePublished\":\"2025-04-21T07:17:56+00:00\",\"dateModified\":\"2025-04-21T07:17:56+00:00\",\"breadcrumb\":{\"@id\":\"https:\/\/vieassociative.be\/actualites\/ce-lg-oled-tv-est-a-son-prix-le-plus-bas-pour-le-moment\/#breadcrumb\"},\"inLanguage\":\"fr-BE\",\"potentialAction\":[{\"@type\":\"ReadAction\",\"target\":[\"https:\/\/vieassociative.be\/actualites\/ce-lg-oled-tv-est-a-son-prix-le-plus-bas-pour-le-moment\/\"]}]},{\"@type\":\"ImageObject\",\"inLanguage\":\"fr-BE\",\"@id\":\"https:\/\/vieassociative.be\/actualites\/ce-lg-oled-tv-est-a-son-prix-le-plus-bas-pour-le-moment\/#primaryimage\",\"url\":\"https:\/\/vieassociative.be\/actualites\/wp-content\/uploads\/2025\/04\/Ce-LG-OLED-TV-est-a-son-prix-le-plus.png\",\"contentUrl\":\"https:\/\/vieassociative.be\/actualites\/wp-content\/uploads\/2025\/04\/Ce-LG-OLED-TV-est-a-son-prix-le-plus.png\",\"width\":1200,\"height\":675,\"caption\":\"Ce LG OLED TV est \u00e0 son prix le plus bas pour le moment\"},{\"@type\":\"BreadcrumbList\",\"@id\":\"https:\/\/vieassociative.be\/actualites\/ce-lg-oled-tv-est-a-son-prix-le-plus-bas-pour-le-moment\/#breadcrumb\",\"itemListElement\":[{\"@type\":\"ListItem\",\"position\":1,\"name\":\"Accueil\",\"item\":\"https:\/\/vieassociative.be\/actualites\/\"},{\"@type\":\"ListItem\",\"position\":2,\"name\":\"Ce LG OLED TV est \u00e0 son prix le plus bas pour le moment\"}]},{\"@type\":\"WebSite\",\"@id\":\"https:\/\/vieassociative.be\/actualites\/#website\",\"url\":\"https:\/\/vieassociative.be\/actualites\/\",\"name\":\"Vie Associative\",\"description\":\"\",\"publisher\":{\"@id\":\"https:\/\/vieassociative.be\/actualites\/#organization\"},\"potentialAction\":[{\"@type\":\"SearchAction\",\"target\":{\"@type\":\"EntryPoint\",\"urlTemplate\":\"https:\/\/vieassociative.be\/actualites\/?s={search_term_string}\"},\"query-input\":{\"@type\":\"PropertyValueSpecification\",\"valueRequired\":true,\"valueName\":\"search_term_string\"}}],\"inLanguage\":\"fr-BE\"},{\"@type\":\"Organization\",\"@id\":\"https:\/\/vieassociative.be\/actualites\/#organization\",\"name\":\"Vie Associative\",\"url\":\"https:\/\/vieassociative.be\/actualites\/\",\"logo\":{\"@type\":\"ImageObject\",\"inLanguage\":\"fr-BE\",\"@id\":\"https:\/\/vieassociative.be\/actualites\/#\/schema\/logo\/image\/\",\"url\":\"https:\/\/vieassociative.be\/actualites\/wp-content\/uploads\/2024\/09\/cropped-vieassociative_favicon.ico.png\",\"contentUrl\":\"https:\/\/vieassociative.be\/actualites\/wp-content\/uploads\/2024\/09\/cropped-vieassociative_favicon.ico.png\",\"width\":512,\"height\":512,\"caption\":\"Vie Associative\"},\"image\":{\"@id\":\"https:\/\/vieassociative.be\/actualites\/#\/schema\/logo\/image\/\"}},{\"@type\":\"Person\",\"@id\":\"https:\/\/vieassociative.be\/actualites\/#\/schema\/person\/b87ac4f82f9d4e7b7cec7395b679edc4\",\"name\":\"Julien\",\"image\":{\"@type\":\"ImageObject\",\"inLanguage\":\"fr-BE\",\"@id\":\"https:\/\/vieassociative.be\/actualites\/#\/schema\/person\/image\/\",\"url\":\"https:\/\/vieassociative.be\/actualites\/wp-content\/uploads\/2024\/09\/vie-associative-1-150x150.jpg\",\"contentUrl\":\"https:\/\/vieassociative.be\/actualites\/wp-content\/uploads\/2024\/09\/vie-associative-1-150x150.jpg\",\"caption\":\"Julien\"},\"description\":\"Je suis Julien, r\u00e9dacteur pour Vie Associative. Passionn\u00e9 par le monde associatif depuis plus de 10 ans, j'ai \u00e0 c\u0153ur de partager des histoires inspirantes et de mettre en lumi\u00e8re les initiatives locales. Mon objectif est de sensibiliser et d'encourager l'engagement communautaire \u00e0 travers mes articles.\",\"sameAs\":[\"https:\/\/vieassociative.be\/\"]}]}<\/script>\n<!-- \/ Yoast SEO plugin. -->","yoast_head_json":{"title":"Ce LG OLED TV est \u00e0 son prix le plus bas pour le moment | Vie Associative","robots":{"index":"index","follow":"follow","max-snippet":"max-snippet:-1","max-image-preview":"max-image-preview:large","max-video-preview":"max-video-preview:-1"},"canonical":"https:\/\/vieassociative.be\/actualites\/ce-lg-oled-tv-est-a-son-prix-le-plus-bas-pour-le-moment\/","og_locale":"fr_FR","og_type":"article","og_title":"Ce LG OLED TV est \u00e0 son prix le plus bas pour le moment | Vie Associative","og_description":"Le LG C3 offre des performances impressionnantes pour le prix, ce qui en fait un concurrent solide pour votre pi\u00e8ce ma\u00eetresse de votre salon. Le","og_url":"https:\/\/vieassociative.be\/actualites\/ce-lg-oled-tv-est-a-son-prix-le-plus-bas-pour-le-moment\/","og_site_name":"Vie Associative","article_published_time":"2025-04-21T07:17:56+00:00","og_image":[{"url":"https:\/\/vieassociative.be\/actualites\/wp-content\/uploads\/2025\/04\/Ce-LG-OLED-TV-est-a-son-prix-le-plus.svg.svg+xml","type":"","width":"","height":""}],"author":"Julien","twitter_card":"summary_large_image","twitter_misc":{"\u00c9crit par":"Julien","Dur\u00e9e de lecture est.":"2 minutes"},"schema":{"@context":"https:\/\/schema.org","@graph":[{"@type":"Article","@id":"https:\/\/vieassociative.be\/actualites\/ce-lg-oled-tv-est-a-son-prix-le-plus-bas-pour-le-moment\/#article","isPartOf":{"@id":"https:\/\/vieassociative.be\/actualites\/ce-lg-oled-tv-est-a-son-prix-le-plus-bas-pour-le-moment\/"},"author":{"name":"Julien","@id":"https:\/\/vieassociative.be\/actualites\/#\/schema\/person\/b87ac4f82f9d4e7b7cec7395b679edc4"},"headline":"Ce LG OLED TV est \u00e0 son prix le plus bas pour le moment","datePublished":"2025-04-21T07:17:56+00:00","dateModified":"2025-04-21T07:17:56+00:00","mainEntityOfPage":{"@id":"https:\/\/vieassociative.be\/actualites\/ce-lg-oled-tv-est-a-son-prix-le-plus-bas-pour-le-moment\/"},"wordCount":491,"publisher":{"@id":"https:\/\/vieassociative.be\/actualites\/#organization"},"image":{"@id":"https:\/\/vieassociative.be\/actualites\/ce-lg-oled-tv-est-a-son-prix-le-plus-bas-pour-le-moment\/#primaryimage"},"thumbnailUrl":"https:\/\/vieassociative.be\/actualites\/wp-content\/uploads\/2025\/04\/Ce-LG-OLED-TV-est-a-son-prix-le-plus.png","keywords":["bas","est","moment","OLED","pour","prix","son"],"articleSection":["Technologie"],"inLanguage":"fr-BE"},{"@type":"WebPage","@id":"https:\/\/vieassociative.be\/actualites\/ce-lg-oled-tv-est-a-son-prix-le-plus-bas-pour-le-moment\/","url":"https:\/\/vieassociative.be\/actualites\/ce-lg-oled-tv-est-a-son-prix-le-plus-bas-pour-le-moment\/","name":"Ce LG OLED TV est \u00e0 son prix le plus bas pour le moment | Vie Associative","isPartOf":{"@id":"https:\/\/vieassociative.be\/actualites\/#website"},"primaryImageOfPage":{"@id":"https:\/\/vieassociative.be\/actualites\/ce-lg-oled-tv-est-a-son-prix-le-plus-bas-pour-le-moment\/#primaryimage"},"image":{"@id":"https:\/\/vieassociative.be\/actualites\/ce-lg-oled-tv-est-a-son-prix-le-plus-bas-pour-le-moment\/#primaryimage"},"thumbnailUrl":"https:\/\/vieassociative.be\/actualites\/wp-content\/uploads\/2025\/04\/Ce-LG-OLED-TV-est-a-son-prix-le-plus.png","datePublished":"2025-04-21T07:17:56+00:00","dateModified":"2025-04-21T07:17:56+00:00","breadcrumb":{"@id":"https:\/\/vieassociative.be\/actualites\/ce-lg-oled-tv-est-a-son-prix-le-plus-bas-pour-le-moment\/#breadcrumb"},"inLanguage":"fr-BE","potentialAction":[{"@type":"ReadAction","target":["https:\/\/vieassociative.be\/actualites\/ce-lg-oled-tv-est-a-son-prix-le-plus-bas-pour-le-moment\/"]}]},{"@type":"ImageObject","inLanguage":"fr-BE","@id":"https:\/\/vieassociative.be\/actualites\/ce-lg-oled-tv-est-a-son-prix-le-plus-bas-pour-le-moment\/#primaryimage","url":"https:\/\/vieassociative.be\/actualites\/wp-content\/uploads\/2025\/04\/Ce-LG-OLED-TV-est-a-son-prix-le-plus.png","contentUrl":"https:\/\/vieassociative.be\/actualites\/wp-content\/uploads\/2025\/04\/Ce-LG-OLED-TV-est-a-son-prix-le-plus.png","width":1200,"height":675,"caption":"Ce LG OLED TV est \u00e0 son prix le plus bas pour le moment"},{"@type":"BreadcrumbList","@id":"https:\/\/vieassociative.be\/actualites\/ce-lg-oled-tv-est-a-son-prix-le-plus-bas-pour-le-moment\/#breadcrumb","itemListElement":[{"@type":"ListItem","position":1,"name":"Accueil","item":"https:\/\/vieassociative.be\/actualites\/"},{"@type":"ListItem","position":2,"name":"Ce LG OLED TV est \u00e0 son prix le plus bas pour le moment"}]},{"@type":"WebSite","@id":"https:\/\/vieassociative.be\/actualites\/#website","url":"https:\/\/vieassociative.be\/actualites\/","name":"Vie Associative","description":"","publisher":{"@id":"https:\/\/vieassociative.be\/actualites\/#organization"},"potentialAction":[{"@type":"SearchAction","target":{"@type":"EntryPoint","urlTemplate":"https:\/\/vieassociative.be\/actualites\/?s={search_term_string}"},"query-input":{"@type":"PropertyValueSpecification","valueRequired":true,"valueName":"search_term_string"}}],"inLanguage":"fr-BE"},{"@type":"Organization","@id":"https:\/\/vieassociative.be\/actualites\/#organization","name":"Vie Associative","url":"https:\/\/vieassociative.be\/actualites\/","logo":{"@type":"ImageObject","inLanguage":"fr-BE","@id":"https:\/\/vieassociative.be\/actualites\/#\/schema\/logo\/image\/","url":"https:\/\/vieassociative.be\/actualites\/wp-content\/uploads\/2024\/09\/cropped-vieassociative_favicon.ico.png","contentUrl":"https:\/\/vieassociative.be\/actualites\/wp-content\/uploads\/2024\/09\/cropped-vieassociative_favicon.ico.png","width":512,"height":512,"caption":"Vie Associative"},"image":{"@id":"https:\/\/vieassociative.be\/actualites\/#\/schema\/logo\/image\/"}},{"@type":"Person","@id":"https:\/\/vieassociative.be\/actualites\/#\/schema\/person\/b87ac4f82f9d4e7b7cec7395b679edc4","name":"Julien","image":{"@type":"ImageObject","inLanguage":"fr-BE","@id":"https:\/\/vieassociative.be\/actualites\/#\/schema\/person\/image\/","url":"https:\/\/vieassociative.be\/actualites\/wp-content\/uploads\/2024\/09\/vie-associative-1-150x150.jpg","contentUrl":"https:\/\/vieassociative.be\/actualites\/wp-content\/uploads\/2024\/09\/vie-associative-1-150x150.jpg","caption":"Julien"},"description":"Je suis Julien, r\u00e9dacteur pour Vie Associative. Passionn\u00e9 par le monde associatif depuis plus de 10 ans, j'ai \u00e0 c\u0153ur de partager des histoires inspirantes et de mettre en lumi\u00e8re les initiatives locales. Mon objectif est de sensibiliser et d'encourager l'engagement communautaire \u00e0 travers mes articles.","sameAs":["https:\/\/vieassociative.be\/"]}]}},"_links":{"self":[{"href":"https:\/\/vieassociative.be\/actualites\/wp-json\/wp\/v2\/posts\/6905"}],"collection":[{"href":"https:\/\/vieassociative.be\/actualites\/wp-json\/wp\/v2\/posts"}],"about":[{"href":"https:\/\/vieassociative.be\/actualites\/wp-json\/wp\/v2\/types\/post"}],"author":[{"embeddable":true,"href":"https:\/\/vieassociative.be\/actualites\/wp-json\/wp\/v2\/users\/1"}],"replies":[{"embeddable":true,"href":"https:\/\/vieassociative.be\/actualites\/wp-json\/wp\/v2\/comments?post=6905"}],"version-history":[{"count":0,"href":"https:\/\/vieassociative.be\/actualites\/wp-json\/wp\/v2\/posts\/6905\/revisions"}],"wp:featuredmedia":[{"embeddable":true,"href":"https:\/\/vieassociative.be\/actualites\/wp-json\/wp\/v2\/media\/6906"}],"wp:attachment":[{"href":"https:\/\/vieassociative.be\/actualites\/wp-json\/wp\/v2\/media?parent=6905"}],"wp:term":[{"taxonomy":"category","embeddable":true,"href":"https:\/\/vieassociative.be\/actualites\/wp-json\/wp\/v2\/categories?post=6905"},{"taxonomy":"post_tag","embeddable":true,"href":"https:\/\/vieassociative.be\/actualites\/wp-json\/wp\/v2\/tags?post=6905"}],"curies":[{"name":"wp","href":"https:\/\/api.w.org\/{rel}","templated":true}]}}