{"id":6901,"date":"2025-04-21T06:17:17","date_gmt":"2025-04-21T04:17:17","guid":{"rendered":"https:\/\/vieassociative.be\/actualites\/eloignez-vous-mais-bouilloire-le-pop-corn-au-beurre-de-la-pepanie-est-arrive\/"},"modified":"2025-04-21T06:17:17","modified_gmt":"2025-04-21T04:17:17","slug":"eloignez-vous-mais-bouilloire-le-pop-corn-au-beurre-de-la-pepanie-est-arrive","status":"publish","type":"post","link":"https:\/\/vieassociative.be\/actualites\/eloignez-vous-mais-bouilloire-le-pop-corn-au-beurre-de-la-pepanie-est-arrive\/","title":{"rendered":"\u00c9loignez-vous, ma\u00efs bouilloire &#8211; le pop-corn au beurre de la p\u00e9panie est arriv\u00e9"},"content":{"rendered":"<div class=\"mt-4 leading-6 md:mb-8\">En ce qui concerne les sucr\u00e9s et sal\u00e9s, le ma\u00efs Kettle est une vieille nouvelle. Faites cette recette simple pour un rev\u00eatement de pop-corn irr\u00e9sistible.<\/div>\n<p><\/p>\n<p>Kettle Corn est l&rsquo;un des repr\u00e9sentants les plus c\u00e9l\u00e8bres de la combinaison de saveurs sucr\u00e9e et sal\u00e9e irr\u00e9sistible. Personne ne fait valoir \u00e0 quel point les trucs sont bons &#8211; ses saveurs en duel se disputent avec espi\u00e8glerie \u00e0 chaque bouch\u00e9e, mais le ma\u00efs de la bouilloire n&rsquo;est pas votre seule option sucr\u00e9e et sal\u00e9e. Pour une tournure \u00e0 l&rsquo;\u00e9tranger et d\u00e9licieuse sur la collation classique, incorporez un bol de pop-corn au beurre d&rsquo;arachide. <\/p>\n<p>Au d\u00e9part, lorsque j&rsquo;ai recherch\u00e9 d&rsquo;autres recettes de pop-corn au beurre d&rsquo;arachide, j&rsquo;ai continu\u00e9 \u00e0 voir un rev\u00eatement \u00e9pais, collant et en forme de caramel. Certaines recettes ont utilis\u00e9 du sirop de ma\u00efs ou du miel pour cr\u00e9er un rev\u00eatement sucr\u00e9. Bien que je soutienne ce ma\u00efs, ce n&rsquo;est pas ce que je veux. J&rsquo;aime le pop-corn pour son imb\u00e9cile insens\u00e9. Le verser dans un monticule l\u00e2che et claquer quelques nuages \u200b\u200bcroquants pendant que je regarde un film. Un caramel collant et molaire collant et \u00e0 la arachide est rarement mon humeur.<\/p>\n<p>J&rsquo;ai donc d\u00e9velopp\u00e9 un rev\u00eatement de beurre d&rsquo;arachide simple, l\u00e9ger et l\u00e9ger. Cela a fini par \u00eatre si facile qu&rsquo;il est difficile de croire que plus d&rsquo;\u00e9tapes ne sont pas n\u00e9cessaires. Faire le rev\u00eatement ne n\u00e9cessite aucune comp\u00e9tence sp\u00e9ciale, pas de thermom\u00e8tres, pas besoin de m\u00e9langer un sucre invers\u00e9 bouillonnant, et il ne faut que quelques secondes \u00e0 faire. Si vous aimez un peu de beurre d&rsquo;arachide, ce pop-corn est pour vous. <\/p>\n<hr>\n<h3>Air Poppers \u00e0 consid\u00e9rer:<\/h3>\n<ul>\n<li>\n<p>Presto Poplite Air Popper avec une fonctionnalit\u00e9 de bol<\/p>\n<\/li>\n<li>\n<p>Presto Orville Revenbacher Air Popper avec Spout<\/p>\n<\/li>\n<li>\n<p>Orville Revenbacher en remuant Popper d&rsquo;air avec couvercle de bol<\/p>\n<\/li>\n<\/ul>\n<hr>\n<h2 id=\"how-to-make-peanut-butter-popcorn\">Comment faire du pop-corn au beurre d&rsquo;arachide<\/h2>\n<h3>1. Faites votre pop-corn comme vous l&rsquo;aimez<\/h3>\n<p>Cela fonctionne avec du pop-corn \u00e0 air \u00e9clat\u00e9, au micro-ondes ou au sommet de po\u00eale. Je suis un grand fan du pop-corn au micro-ondes, alors j&rsquo;ai saut\u00e9 un seul sac et je l&rsquo;ai vers\u00e9 dans un grand bol. Mettez-le de c\u00f4t\u00e9 un instant. <\/p>\n<h3>2. Faire le rev\u00eatement de beurre d&rsquo;arachide<\/h3>\n<p>Dans un gros pot, faire fondre une petite quantit\u00e9 de beurre, environ une cuill\u00e8re \u00e0 soupe ou deux, \u00e0 feu doux. (La recette ci-dessous donne vos mesures plus pr\u00e9cises, mais vous pouvez l&rsquo;ajuster au go\u00fbt.) Ajouter une pinc\u00e9e de sel, une cuill\u00e8re \u00e0 soupe de sucre en poudre et du beurre d&rsquo;arachide. Vous pouvez utiliser du beurre d&rsquo;arachide r\u00e9gulier ou de la poudre d&rsquo;arachide. Incorporer le m\u00e9lange avec une cuill\u00e8re jusqu&rsquo;\u00e0 consistance lisse et \u00e9teindre le feu.<\/p>\n<div class=\"eloquent-imagery-image\">\n<div class=\"flex justify-center\">\n                    <img decoding=\"async\" class=\"border border-gray-100\" src=\"https:\/\/vieassociative.be\/actualites\/wp-content\/uploads\/2025\/04\/Eloignez-vous-mais-bouilloire-le-pop-corn-au-beurre-de-la.jpg\" alt=\"Une sauce \u00e0 l'arachide brune au fond d'un pot.\" width=\"2000\" height=\"1124\" loading=\"lazy\"  >\n            <\/div>\n<\/p><\/div>\n<p>Le beurre fondu aidera \u00e0 desserrer le rev\u00eatement afin qu&rsquo;il s&rsquo;accroche \u00e0 plus de grains, et vous devrez ajuster la quantit\u00e9 en fonction du type ou de l&rsquo;ingr\u00e9dient d&rsquo;arachide que vous utilisez. La poudre d&rsquo;arachide n\u00e9cessite environ une cuill\u00e8re \u00e0 soupe de plus de beurre que le beurre d&rsquo;arachide ordinaire. Et bien que le beurre d&rsquo;arachide soit naturellement gras, il ne suffit pas de se transformer en sauce en soi. Si vous voyez que votre sauce est encore trop \u00e9paisse, ajoutez un peu plus de beurre et voyez si cela aide \u00e0 l&rsquo;\u00e9claircir. <\/p>\n<h3>3. Incorporer le pop-corn<\/h3>\n<p>Ajoutez maintenant le pop-corn. C&rsquo;est pourquoi un grand pot est le meilleur. Incorporer le m\u00e9lange avec une cuill\u00e8re en bois, grattant le long du fond et les coins du pot. Apr\u00e8s environ 10 \u00e0 15 virages et lancers complets, le pop-corn doit \u00eatre uniform\u00e9ment enduit, et vous ne verrez pas beaucoup de r\u00e9sidus de beurre d&rsquo;arachide en bas. Retournez-le dans le bol et servez.<\/p>\n<p>Ce pop-corn est fou, croquant, sal\u00e9 et se termine avec une douceur d&rsquo;\u00e9quilibrage du sucre en poudre. En tant que bonne surprise, le rev\u00eatement n&rsquo;est pas collant. Je m&rsquo;attendais pleinement \u00e0 ce que la p\u00e2te d&rsquo;arachide se gomme sur mes doigts, mais les graisses satur\u00e9es ne prennent que quelques minutes pour se refroidir \u00e0 temp\u00e9rature ambiante et se raidir. Il suffit de garder vos doigts propres. <\/p>\n<div class=\"pogoClear relative my-10 border-b-(1.5px) border-t-(1.5px) border-dashed border-black py-5 sm:my-14 sm:border-0 sm:py-0\" x-cloak x-data=\"{ commentsCount: null }\" x-init=\"commentsCount = await window.openweb.getMessagesCount(116414)\" x-show=\"commentsCount !== null &amp;&amp; commentsCount &gt; 0\">\n<div class=\"absolute top-1\/2 hidden w-full -translate-y-1\/2 border-t-(1.5px) border-dashed border-black sm:block\"><\/div>\n<div class=\"relative flex justify-center\">\n<div class=\"flex max-w-max items-center gap-x-3 bg-white px-5\">\n<div class=\"relative\">\n                <span class=\"absolute left-1\/2 top-1\/2 -translate-x-1\/2 -translate-y-1\/2 font-akshar text-sm font-medium text-black\" x-text=\"commentsCount\"><\/span><\/p>\n<p>                <svg class=\"h-8 w-8 text-black\">\n                    <use href=\"http:\/\/lifehacker.com\/images\/icons\/spritemap.svg#sprite-chat-bubble\"><\/use>\n                <\/svg>\n            <\/div>\n<p>            <span class=\"text-sm font-medium text-black\">Que pensez-vous jusqu&rsquo;\u00e0 pr\u00e9sent? <button class=\"font-semibold text-brand-green underline hover:text-brand-green-700\" onclick=\"window.openweb.scrollToComments(116414)\">Publier un commentaire.<\/button><\/span>\n        <\/div>\n<\/p><\/div>\n<\/div>\n<p>Vous trouverez ci-dessous des mesures pour la poudre d&rsquo;arachide (j&rsquo;ai utilis\u00e9 PB2) et le beurre d&rsquo;arachide naturel ordinaire. J&rsquo;ai utilis\u00e9 du beurre d&rsquo;arachide lisse, mais pourquoi ne pas essayer de gros beurre d&rsquo;arachide pour plus d&rsquo;int\u00e9r\u00eat de texture? Si j&rsquo;avais eu des arachides enti\u00e8res, j&rsquo;aurais ajout\u00e9 une poign\u00e9e. <\/p>\n<h2 id=\"sweet-and-salty-peanut-butter-popcorn-recipe\">Recette de pop-corn au beurre d&rsquo;arachide sucr\u00e9e et sal\u00e9e<\/h2>\n<p>Ingr\u00e9dients:<\/p>\n<p><em>Pour la poudre de beurre d&rsquo;arachide<\/em><\/p>\n<ul>\n<li>\n<p>1 sac de pop-corn \u00e0 micro-ondes, saut\u00e9<\/p>\n<\/li>\n<li>\n<p>3 cuill\u00e8res \u00e0 soupe de beurre<\/p>\n<\/li>\n<li>\n<p>2 cuill\u00e8res \u00e0 soupe de poudre de beurre d&rsquo;arachide<\/p>\n<\/li>\n<li>\n<p>3 cuill\u00e8res \u00e0 soupe de sucre en poudre <\/p>\n<\/li>\n<li>\n<p>\u00bc cuill\u00e8re \u00e0 caf\u00e9 de sel <\/p>\n<\/li>\n<\/ul>\n<p><em>Pour le beurre d&rsquo;arachide lisse<\/em><\/p>\n<ul>\n<li>\n<p>1 sac de pop-corn \u00e0 micro-ondes, saut\u00e9<\/p>\n<\/li>\n<li>\n<p>1 cuill\u00e8re \u00e0 soupe de beurre <\/p>\n<\/li>\n<li>\n<p>2 cuill\u00e8res \u00e0 soupe de beurre d&rsquo;arachide lisse<\/p>\n<\/li>\n<li>\n<p>2 cuill\u00e8res \u00e0 soupe de sucre en poudre<\/p>\n<\/li>\n<li>\n<p>\u00bc cuill\u00e8re \u00e0 caf\u00e9 de sel<\/p>\n<\/li>\n<\/ul>\n<p>Pour l&rsquo;une ou l&rsquo;autre variation: dans un gros pot, faire fondre le beurre \u00e0 feu doux. Incorporer l&rsquo;ingr\u00e9dient de beurre d&rsquo;arachide avec le sucre en poudre et le sel. Une fois lisse, \u00e9teignez le feu. Ajouter le pop-corn et remuer en grattant la sauce au fond, jusqu&rsquo;\u00e0 ce que le pop-corn soit uniform\u00e9ment enduit. Versez dans un bol et servez. Le pop-corn restera croquant m\u00eame apr\u00e8s quelques heures \u00e0 temp\u00e9rature ambiante.<\/p>\n","protected":false},"excerpt":{"rendered":"<p>En ce qui concerne les sucr\u00e9s et sal\u00e9s, le ma\u00efs Kettle est une vieille nouvelle. Faites cette recette simple pour un rev\u00eatement de pop-corn irr\u00e9sistible.<\/p>\n","protected":false},"author":1,"featured_media":6902,"comment_status":"","ping_status":"","sticky":false,"template":"","format":"standard","meta":{"footnotes":""},"categories":[1],"tags":[4003,6236,6537,6536,76,156,6538,6330],"class_list":["post-6901","post","type-post","status-publish","format-standard","has-post-thumbnail","hentry","category-non-classe","tag-arrive","tag-beurre","tag-bouilloire","tag-eloignezvous","tag-est","tag-mais","tag-pepanie","tag-popcorn","generate-columns","tablet-grid-50","mobile-grid-100","grid-parent","grid-33"],"yoast_head":"<!-- This site is optimized with the Yoast SEO plugin v24.0 - https:\/\/yoast.com\/wordpress\/plugins\/seo\/ -->\n<title>\u00c9loignez-vous, ma\u00efs bouilloire - le pop-corn au beurre de la p\u00e9panie est arriv\u00e9 | Vie Associative<\/title>\n<meta name=\"robots\" content=\"index, follow, max-snippet:-1, max-image-preview:large, max-video-preview:-1\" \/>\n<link rel=\"canonical\" href=\"https:\/\/vieassociative.be\/actualites\/eloignez-vous-mais-bouilloire-le-pop-corn-au-beurre-de-la-pepanie-est-arrive\/\" \/>\n<meta property=\"og:locale\" content=\"fr_FR\" \/>\n<meta property=\"og:type\" content=\"article\" \/>\n<meta property=\"og:title\" content=\"\u00c9loignez-vous, ma\u00efs bouilloire - le pop-corn au beurre de la p\u00e9panie est arriv\u00e9 | Vie Associative\" \/>\n<meta property=\"og:description\" content=\"En ce qui concerne les sucr\u00e9s et sal\u00e9s, le ma\u00efs Kettle est une vieille nouvelle. Faites cette recette simple pour un rev\u00eatement de pop-corn irr\u00e9sistible.\" \/>\n<meta property=\"og:url\" content=\"https:\/\/vieassociative.be\/actualites\/eloignez-vous-mais-bouilloire-le-pop-corn-au-beurre-de-la-pepanie-est-arrive\/\" \/>\n<meta property=\"og:site_name\" content=\"Vie Associative\" \/>\n<meta property=\"article:published_time\" content=\"2025-04-21T04:17:17+00:00\" \/>\n<meta property=\"og:image\" content=\"https:\/\/vieassociative.be\/actualites\/wp-content\/uploads\/2025\/04\/Eloignez-vous-mais-bouilloire-le-pop-corn-au-beurre-de-la.jpg\" \/>\n<meta name=\"author\" content=\"Julien\" \/>\n<meta name=\"twitter:card\" content=\"summary_large_image\" \/>\n<meta name=\"twitter:label1\" content=\"\u00c9crit par\" \/>\n\t<meta name=\"twitter:data1\" content=\"Julien\" \/>\n\t<meta name=\"twitter:label2\" content=\"Dur\u00e9e de lecture est.\" \/>\n\t<meta name=\"twitter:data2\" content=\"5 minutes\" \/>\n<script type=\"application\/ld+json\" class=\"yoast-schema-graph\">{\"@context\":\"https:\/\/schema.org\",\"@graph\":[{\"@type\":\"Article\",\"@id\":\"https:\/\/vieassociative.be\/actualites\/eloignez-vous-mais-bouilloire-le-pop-corn-au-beurre-de-la-pepanie-est-arrive\/#article\",\"isPartOf\":{\"@id\":\"https:\/\/vieassociative.be\/actualites\/eloignez-vous-mais-bouilloire-le-pop-corn-au-beurre-de-la-pepanie-est-arrive\/\"},\"author\":{\"name\":\"Julien\",\"@id\":\"https:\/\/vieassociative.be\/actualites\/#\/schema\/person\/b87ac4f82f9d4e7b7cec7395b679edc4\"},\"headline\":\"\u00c9loignez-vous, ma\u00efs bouilloire &#8211; le pop-corn au beurre de la p\u00e9panie est arriv\u00e9\",\"datePublished\":\"2025-04-21T04:17:17+00:00\",\"dateModified\":\"2025-04-21T04:17:17+00:00\",\"mainEntityOfPage\":{\"@id\":\"https:\/\/vieassociative.be\/actualites\/eloignez-vous-mais-bouilloire-le-pop-corn-au-beurre-de-la-pepanie-est-arrive\/\"},\"wordCount\":988,\"publisher\":{\"@id\":\"https:\/\/vieassociative.be\/actualites\/#organization\"},\"image\":{\"@id\":\"https:\/\/vieassociative.be\/actualites\/eloignez-vous-mais-bouilloire-le-pop-corn-au-beurre-de-la-pepanie-est-arrive\/#primaryimage\"},\"thumbnailUrl\":\"https:\/\/vieassociative.be\/actualites\/wp-content\/uploads\/2025\/04\/1745209038_Eloignez-vous-mais-bouilloire-le-pop-corn-au-beurre-de-la.jpg\",\"keywords\":[\"arrive\",\"beurre\",\"bouilloire\",\"\u00c9loignezvous\",\"est\",\"mais\",\"p\u00e9panie\",\"popcorn\"],\"inLanguage\":\"fr-BE\"},{\"@type\":\"WebPage\",\"@id\":\"https:\/\/vieassociative.be\/actualites\/eloignez-vous-mais-bouilloire-le-pop-corn-au-beurre-de-la-pepanie-est-arrive\/\",\"url\":\"https:\/\/vieassociative.be\/actualites\/eloignez-vous-mais-bouilloire-le-pop-corn-au-beurre-de-la-pepanie-est-arrive\/\",\"name\":\"\u00c9loignez-vous, ma\u00efs bouilloire - le pop-corn au beurre de la p\u00e9panie est arriv\u00e9 | Vie Associative\",\"isPartOf\":{\"@id\":\"https:\/\/vieassociative.be\/actualites\/#website\"},\"primaryImageOfPage\":{\"@id\":\"https:\/\/vieassociative.be\/actualites\/eloignez-vous-mais-bouilloire-le-pop-corn-au-beurre-de-la-pepanie-est-arrive\/#primaryimage\"},\"image\":{\"@id\":\"https:\/\/vieassociative.be\/actualites\/eloignez-vous-mais-bouilloire-le-pop-corn-au-beurre-de-la-pepanie-est-arrive\/#primaryimage\"},\"thumbnailUrl\":\"https:\/\/vieassociative.be\/actualites\/wp-content\/uploads\/2025\/04\/1745209038_Eloignez-vous-mais-bouilloire-le-pop-corn-au-beurre-de-la.jpg\",\"datePublished\":\"2025-04-21T04:17:17+00:00\",\"dateModified\":\"2025-04-21T04:17:17+00:00\",\"breadcrumb\":{\"@id\":\"https:\/\/vieassociative.be\/actualites\/eloignez-vous-mais-bouilloire-le-pop-corn-au-beurre-de-la-pepanie-est-arrive\/#breadcrumb\"},\"inLanguage\":\"fr-BE\",\"potentialAction\":[{\"@type\":\"ReadAction\",\"target\":[\"https:\/\/vieassociative.be\/actualites\/eloignez-vous-mais-bouilloire-le-pop-corn-au-beurre-de-la-pepanie-est-arrive\/\"]}]},{\"@type\":\"ImageObject\",\"inLanguage\":\"fr-BE\",\"@id\":\"https:\/\/vieassociative.be\/actualites\/eloignez-vous-mais-bouilloire-le-pop-corn-au-beurre-de-la-pepanie-est-arrive\/#primaryimage\",\"url\":\"https:\/\/vieassociative.be\/actualites\/wp-content\/uploads\/2025\/04\/1745209038_Eloignez-vous-mais-bouilloire-le-pop-corn-au-beurre-de-la.jpg\",\"contentUrl\":\"https:\/\/vieassociative.be\/actualites\/wp-content\/uploads\/2025\/04\/1745209038_Eloignez-vous-mais-bouilloire-le-pop-corn-au-beurre-de-la.jpg\",\"width\":1200,\"height\":675,\"caption\":\"\u00c9loignez-vous, ma\u00efs bouilloire - le pop-corn au beurre de la p\u00e9panie est arriv\u00e9\"},{\"@type\":\"BreadcrumbList\",\"@id\":\"https:\/\/vieassociative.be\/actualites\/eloignez-vous-mais-bouilloire-le-pop-corn-au-beurre-de-la-pepanie-est-arrive\/#breadcrumb\",\"itemListElement\":[{\"@type\":\"ListItem\",\"position\":1,\"name\":\"Accueil\",\"item\":\"https:\/\/vieassociative.be\/actualites\/\"},{\"@type\":\"ListItem\",\"position\":2,\"name\":\"\u00c9loignez-vous, ma\u00efs bouilloire &#8211; le pop-corn au beurre de la p\u00e9panie est arriv\u00e9\"}]},{\"@type\":\"WebSite\",\"@id\":\"https:\/\/vieassociative.be\/actualites\/#website\",\"url\":\"https:\/\/vieassociative.be\/actualites\/\",\"name\":\"Vie Associative\",\"description\":\"\",\"publisher\":{\"@id\":\"https:\/\/vieassociative.be\/actualites\/#organization\"},\"potentialAction\":[{\"@type\":\"SearchAction\",\"target\":{\"@type\":\"EntryPoint\",\"urlTemplate\":\"https:\/\/vieassociative.be\/actualites\/?s={search_term_string}\"},\"query-input\":{\"@type\":\"PropertyValueSpecification\",\"valueRequired\":true,\"valueName\":\"search_term_string\"}}],\"inLanguage\":\"fr-BE\"},{\"@type\":\"Organization\",\"@id\":\"https:\/\/vieassociative.be\/actualites\/#organization\",\"name\":\"Vie Associative\",\"url\":\"https:\/\/vieassociative.be\/actualites\/\",\"logo\":{\"@type\":\"ImageObject\",\"inLanguage\":\"fr-BE\",\"@id\":\"https:\/\/vieassociative.be\/actualites\/#\/schema\/logo\/image\/\",\"url\":\"https:\/\/vieassociative.be\/actualites\/wp-content\/uploads\/2024\/09\/cropped-vieassociative_favicon.ico.png\",\"contentUrl\":\"https:\/\/vieassociative.be\/actualites\/wp-content\/uploads\/2024\/09\/cropped-vieassociative_favicon.ico.png\",\"width\":512,\"height\":512,\"caption\":\"Vie Associative\"},\"image\":{\"@id\":\"https:\/\/vieassociative.be\/actualites\/#\/schema\/logo\/image\/\"}},{\"@type\":\"Person\",\"@id\":\"https:\/\/vieassociative.be\/actualites\/#\/schema\/person\/b87ac4f82f9d4e7b7cec7395b679edc4\",\"name\":\"Julien\",\"image\":{\"@type\":\"ImageObject\",\"inLanguage\":\"fr-BE\",\"@id\":\"https:\/\/vieassociative.be\/actualites\/#\/schema\/person\/image\/\",\"url\":\"https:\/\/vieassociative.be\/actualites\/wp-content\/uploads\/2024\/09\/vie-associative-1-150x150.jpg\",\"contentUrl\":\"https:\/\/vieassociative.be\/actualites\/wp-content\/uploads\/2024\/09\/vie-associative-1-150x150.jpg\",\"caption\":\"Julien\"},\"description\":\"Je suis Julien, r\u00e9dacteur pour Vie Associative. Passionn\u00e9 par le monde associatif depuis plus de 10 ans, j'ai \u00e0 c\u0153ur de partager des histoires inspirantes et de mettre en lumi\u00e8re les initiatives locales. Mon objectif est de sensibiliser et d'encourager l'engagement communautaire \u00e0 travers mes articles.\",\"sameAs\":[\"https:\/\/vieassociative.be\/\"]}]}<\/script>\n<!-- \/ Yoast SEO plugin. -->","yoast_head_json":{"title":"\u00c9loignez-vous, ma\u00efs bouilloire - le pop-corn au beurre de la p\u00e9panie est arriv\u00e9 | Vie Associative","robots":{"index":"index","follow":"follow","max-snippet":"max-snippet:-1","max-image-preview":"max-image-preview:large","max-video-preview":"max-video-preview:-1"},"canonical":"https:\/\/vieassociative.be\/actualites\/eloignez-vous-mais-bouilloire-le-pop-corn-au-beurre-de-la-pepanie-est-arrive\/","og_locale":"fr_FR","og_type":"article","og_title":"\u00c9loignez-vous, ma\u00efs bouilloire - le pop-corn au beurre de la p\u00e9panie est arriv\u00e9 | Vie Associative","og_description":"En ce qui concerne les sucr\u00e9s et sal\u00e9s, le ma\u00efs Kettle est une vieille nouvelle. Faites cette recette simple pour un rev\u00eatement de pop-corn irr\u00e9sistible.","og_url":"https:\/\/vieassociative.be\/actualites\/eloignez-vous-mais-bouilloire-le-pop-corn-au-beurre-de-la-pepanie-est-arrive\/","og_site_name":"Vie Associative","article_published_time":"2025-04-21T04:17:17+00:00","og_image":[{"url":"https:\/\/vieassociative.be\/actualites\/wp-content\/uploads\/2025\/04\/Eloignez-vous-mais-bouilloire-le-pop-corn-au-beurre-de-la.jpg","type":"","width":"","height":""}],"author":"Julien","twitter_card":"summary_large_image","twitter_misc":{"\u00c9crit par":"Julien","Dur\u00e9e de lecture est.":"5 minutes"},"schema":{"@context":"https:\/\/schema.org","@graph":[{"@type":"Article","@id":"https:\/\/vieassociative.be\/actualites\/eloignez-vous-mais-bouilloire-le-pop-corn-au-beurre-de-la-pepanie-est-arrive\/#article","isPartOf":{"@id":"https:\/\/vieassociative.be\/actualites\/eloignez-vous-mais-bouilloire-le-pop-corn-au-beurre-de-la-pepanie-est-arrive\/"},"author":{"name":"Julien","@id":"https:\/\/vieassociative.be\/actualites\/#\/schema\/person\/b87ac4f82f9d4e7b7cec7395b679edc4"},"headline":"\u00c9loignez-vous, ma\u00efs bouilloire &#8211; le pop-corn au beurre de la p\u00e9panie est arriv\u00e9","datePublished":"2025-04-21T04:17:17+00:00","dateModified":"2025-04-21T04:17:17+00:00","mainEntityOfPage":{"@id":"https:\/\/vieassociative.be\/actualites\/eloignez-vous-mais-bouilloire-le-pop-corn-au-beurre-de-la-pepanie-est-arrive\/"},"wordCount":988,"publisher":{"@id":"https:\/\/vieassociative.be\/actualites\/#organization"},"image":{"@id":"https:\/\/vieassociative.be\/actualites\/eloignez-vous-mais-bouilloire-le-pop-corn-au-beurre-de-la-pepanie-est-arrive\/#primaryimage"},"thumbnailUrl":"https:\/\/vieassociative.be\/actualites\/wp-content\/uploads\/2025\/04\/1745209038_Eloignez-vous-mais-bouilloire-le-pop-corn-au-beurre-de-la.jpg","keywords":["arrive","beurre","bouilloire","\u00c9loignezvous","est","mais","p\u00e9panie","popcorn"],"inLanguage":"fr-BE"},{"@type":"WebPage","@id":"https:\/\/vieassociative.be\/actualites\/eloignez-vous-mais-bouilloire-le-pop-corn-au-beurre-de-la-pepanie-est-arrive\/","url":"https:\/\/vieassociative.be\/actualites\/eloignez-vous-mais-bouilloire-le-pop-corn-au-beurre-de-la-pepanie-est-arrive\/","name":"\u00c9loignez-vous, ma\u00efs bouilloire - le pop-corn au beurre de la p\u00e9panie est arriv\u00e9 | Vie Associative","isPartOf":{"@id":"https:\/\/vieassociative.be\/actualites\/#website"},"primaryImageOfPage":{"@id":"https:\/\/vieassociative.be\/actualites\/eloignez-vous-mais-bouilloire-le-pop-corn-au-beurre-de-la-pepanie-est-arrive\/#primaryimage"},"image":{"@id":"https:\/\/vieassociative.be\/actualites\/eloignez-vous-mais-bouilloire-le-pop-corn-au-beurre-de-la-pepanie-est-arrive\/#primaryimage"},"thumbnailUrl":"https:\/\/vieassociative.be\/actualites\/wp-content\/uploads\/2025\/04\/1745209038_Eloignez-vous-mais-bouilloire-le-pop-corn-au-beurre-de-la.jpg","datePublished":"2025-04-21T04:17:17+00:00","dateModified":"2025-04-21T04:17:17+00:00","breadcrumb":{"@id":"https:\/\/vieassociative.be\/actualites\/eloignez-vous-mais-bouilloire-le-pop-corn-au-beurre-de-la-pepanie-est-arrive\/#breadcrumb"},"inLanguage":"fr-BE","potentialAction":[{"@type":"ReadAction","target":["https:\/\/vieassociative.be\/actualites\/eloignez-vous-mais-bouilloire-le-pop-corn-au-beurre-de-la-pepanie-est-arrive\/"]}]},{"@type":"ImageObject","inLanguage":"fr-BE","@id":"https:\/\/vieassociative.be\/actualites\/eloignez-vous-mais-bouilloire-le-pop-corn-au-beurre-de-la-pepanie-est-arrive\/#primaryimage","url":"https:\/\/vieassociative.be\/actualites\/wp-content\/uploads\/2025\/04\/1745209038_Eloignez-vous-mais-bouilloire-le-pop-corn-au-beurre-de-la.jpg","contentUrl":"https:\/\/vieassociative.be\/actualites\/wp-content\/uploads\/2025\/04\/1745209038_Eloignez-vous-mais-bouilloire-le-pop-corn-au-beurre-de-la.jpg","width":1200,"height":675,"caption":"\u00c9loignez-vous, ma\u00efs bouilloire - le pop-corn au beurre de la p\u00e9panie est arriv\u00e9"},{"@type":"BreadcrumbList","@id":"https:\/\/vieassociative.be\/actualites\/eloignez-vous-mais-bouilloire-le-pop-corn-au-beurre-de-la-pepanie-est-arrive\/#breadcrumb","itemListElement":[{"@type":"ListItem","position":1,"name":"Accueil","item":"https:\/\/vieassociative.be\/actualites\/"},{"@type":"ListItem","position":2,"name":"\u00c9loignez-vous, ma\u00efs bouilloire &#8211; le pop-corn au beurre de la p\u00e9panie est arriv\u00e9"}]},{"@type":"WebSite","@id":"https:\/\/vieassociative.be\/actualites\/#website","url":"https:\/\/vieassociative.be\/actualites\/","name":"Vie Associative","description":"","publisher":{"@id":"https:\/\/vieassociative.be\/actualites\/#organization"},"potentialAction":[{"@type":"SearchAction","target":{"@type":"EntryPoint","urlTemplate":"https:\/\/vieassociative.be\/actualites\/?s={search_term_string}"},"query-input":{"@type":"PropertyValueSpecification","valueRequired":true,"valueName":"search_term_string"}}],"inLanguage":"fr-BE"},{"@type":"Organization","@id":"https:\/\/vieassociative.be\/actualites\/#organization","name":"Vie Associative","url":"https:\/\/vieassociative.be\/actualites\/","logo":{"@type":"ImageObject","inLanguage":"fr-BE","@id":"https:\/\/vieassociative.be\/actualites\/#\/schema\/logo\/image\/","url":"https:\/\/vieassociative.be\/actualites\/wp-content\/uploads\/2024\/09\/cropped-vieassociative_favicon.ico.png","contentUrl":"https:\/\/vieassociative.be\/actualites\/wp-content\/uploads\/2024\/09\/cropped-vieassociative_favicon.ico.png","width":512,"height":512,"caption":"Vie Associative"},"image":{"@id":"https:\/\/vieassociative.be\/actualites\/#\/schema\/logo\/image\/"}},{"@type":"Person","@id":"https:\/\/vieassociative.be\/actualites\/#\/schema\/person\/b87ac4f82f9d4e7b7cec7395b679edc4","name":"Julien","image":{"@type":"ImageObject","inLanguage":"fr-BE","@id":"https:\/\/vieassociative.be\/actualites\/#\/schema\/person\/image\/","url":"https:\/\/vieassociative.be\/actualites\/wp-content\/uploads\/2024\/09\/vie-associative-1-150x150.jpg","contentUrl":"https:\/\/vieassociative.be\/actualites\/wp-content\/uploads\/2024\/09\/vie-associative-1-150x150.jpg","caption":"Julien"},"description":"Je suis Julien, r\u00e9dacteur pour Vie Associative. Passionn\u00e9 par le monde associatif depuis plus de 10 ans, j'ai \u00e0 c\u0153ur de partager des histoires inspirantes et de mettre en lumi\u00e8re les initiatives locales. Mon objectif est de sensibiliser et d'encourager l'engagement communautaire \u00e0 travers mes articles.","sameAs":["https:\/\/vieassociative.be\/"]}]}},"_links":{"self":[{"href":"https:\/\/vieassociative.be\/actualites\/wp-json\/wp\/v2\/posts\/6901"}],"collection":[{"href":"https:\/\/vieassociative.be\/actualites\/wp-json\/wp\/v2\/posts"}],"about":[{"href":"https:\/\/vieassociative.be\/actualites\/wp-json\/wp\/v2\/types\/post"}],"author":[{"embeddable":true,"href":"https:\/\/vieassociative.be\/actualites\/wp-json\/wp\/v2\/users\/1"}],"replies":[{"embeddable":true,"href":"https:\/\/vieassociative.be\/actualites\/wp-json\/wp\/v2\/comments?post=6901"}],"version-history":[{"count":0,"href":"https:\/\/vieassociative.be\/actualites\/wp-json\/wp\/v2\/posts\/6901\/revisions"}],"wp:featuredmedia":[{"embeddable":true,"href":"https:\/\/vieassociative.be\/actualites\/wp-json\/wp\/v2\/media\/6902"}],"wp:attachment":[{"href":"https:\/\/vieassociative.be\/actualites\/wp-json\/wp\/v2\/media?parent=6901"}],"wp:term":[{"taxonomy":"category","embeddable":true,"href":"https:\/\/vieassociative.be\/actualites\/wp-json\/wp\/v2\/categories?post=6901"},{"taxonomy":"post_tag","embeddable":true,"href":"https:\/\/vieassociative.be\/actualites\/wp-json\/wp\/v2\/tags?post=6901"}],"curies":[{"name":"wp","href":"https:\/\/api.w.org\/{rel}","templated":true}]}}