{"id":6899,"date":"2025-04-21T04:17:45","date_gmt":"2025-04-21T02:17:45","guid":{"rendered":"https:\/\/vieassociative.be\/actualites\/le-45th-eupener-paques-se-deroule-en-photos-galerie-de-photos\/"},"modified":"2025-04-21T04:17:45","modified_gmt":"2025-04-21T02:17:45","slug":"le-45th-eupener-paques-se-deroule-en-photos-galerie-de-photos","status":"publish","type":"post","link":"https:\/\/vieassociative.be\/actualites\/le-45th-eupener-paques-se-deroule-en-photos-galerie-de-photos\/","title":{"rendered":"Le 45th Eupener P\u00e2ques se d\u00e9roule en photos (galerie de photos)"},"content":{"rendered":"<p><strong>Le club d&rsquo;athl\u00e9tisme Eupen (lac) a organis\u00e9 sa 45e course de P\u00e2ques samedi. Comme d&rsquo;habitude, l&rsquo;\u00e9v\u00e9nement de course traditionnel et m\u00eame populaire a \u00e9t\u00e9 pris au-del\u00e0 de la ville d&rsquo;Adt Eupen au stade municipal d&rsquo;Eupen sur Judenstrasse.<\/strong><\/p>\n<p><span id=\"more-413749\"><\/span>Les conditions externes ne pouvaient pas \u00eatre meilleures avec un temps printanier ensoleill\u00e9 et presque doux.<\/p>\n<p>Le premier coup de d\u00e9part a \u00e9t\u00e9 donn\u00e9 \u00e0 13 heures. pour les courses pour enfants. Les 12 points pour les ann\u00e9es 2018 \u00e0 2013 ont ouvert l&rsquo;\u00e9v\u00e9nement majeur. Les petits enfants ont ensuite \u00e9t\u00e9 autoris\u00e9s \u00e0 courir autour du pari spontan\u00e9ment et gratuitement avec le lapin de P\u00e2ques et \u00e0 gagner quelque chose comme \u00e7a.<\/p>\n<p>Le point culminant de la journ\u00e9e a \u00e9t\u00e9 la course principale sur 15 km, qui a commenc\u00e9 \u00e0 15 heures. \u00c0 15 h 15 Le signal de d\u00e9part du feuillage a \u00e9t\u00e9 donn\u00e9. Ces courses offraient aux athl\u00e8tes de la r\u00e9gion et des pays voisins pour se mesurer et tester leur pers\u00e9v\u00e9rance ou simplement courir sur leur propre rythme. Encore une fois, environ 1 000 coureurs \u00e9taient attendus pour les diff\u00e9rentes courses cette ann\u00e9e. La course de P\u00e2ques traditionnelle est un moment fort pour toute la famille.<\/p>\n<div id=\"attachment_413878\" class=\"wp-caption alignleft\" style=\"max-width: 300px\"><img fetchpriority=\"high\" decoding=\"async\" class=\"wp-image-413878 size-medium\" src=\"https:\/\/vieassociative.be\/actualites\/wp-content\/uploads\/2025\/04\/Le-45th-Eupener-Paques-se-deroule-en-photos-galerie-de.jpg\" alt=\"\" width=\"300\" height=\"201\"  ><\/p>\n<p class=\"wp-caption-text\">Les petits enfants ont \u00e9t\u00e9 autoris\u00e9s \u00e0 courir spontan\u00e9ment et gratuitement avec le lapin de P\u00e2ques. Photo: Patrick von Staufenberg<\/p>\n<\/div>\n<p>Nicolas Schyns a remport\u00e9 le 45th Eupener Easter Run. Il a pr\u00e9valu contre Francis Rauw sur la route de 15 kilom\u00e8tres. S\u00e9bastien Carabin a pris la troisi\u00e8me place. Dans les femmes, la victoire est all\u00e9e \u00e0 Sonja Vernikov. Romy Schr\u00f6der est devenu deuxi\u00e8me, Mona Michels a pris la troisi\u00e8me place. Julien Celis a remport\u00e9 la course sur six kilom\u00e8tres. La femme la plus rapide \u00e0 cette distance \u00e9tait Dana Fryns, 14 ans, qui a \u00e9t\u00e9 la premi\u00e8re \u00e0 atteindre la ligne d&rsquo;arriv\u00e9e du Stockbergerweg.<\/p>\n<p>L&rsquo;histoire de la course d&rsquo;Eupen de P\u00e2ques remonte aux ann\u00e9es 1970. En 1972, l&rsquo;Eupen Sportbund a organis\u00e9 la premi\u00e8re \u00e9dition en coop\u00e9ration avec le lac Eupen. Deux ans plus tard, le lac a organis\u00e9 cet \u00e9v\u00e9nement sportif \u00e0 lui seul.<\/p>\n<p>Dans les ann\u00e9es 1980, la course d&rsquo;Eupener Easter \u00e9tait le plus grand demi-marathon de Belgique. \u00c0 cette \u00e9poque, m\u00eame les anciens coureurs de classe mondiale tels qu&rsquo;Emiel Puttemans (Silver aux Jeux olympiques de 1972 sur 10 000 m\u00e8tres) et Karel Lismont (Silver aux Jeux olympiques de 1972 et en bronze aux Jeux olympiques de 1976) ont particip\u00e9 aux Jeux olympiques du marathon.<\/p>\n<p>En 2020 et 2021, la course de P\u00e2ques n&rsquo;a pas pu avoir lieu en raison de la pand\u00e9mie covide.<\/p>\n<p><i><b>Vous trouverez ci-dessous une galerie de photos avec des photos du photographe Patrick von Staufenberg de la 45e course de P\u00e2ques sur le site du stade de la ville sur Judenstrasse \u00e0 Eupen samedi (cliquez pour l&rsquo;\u00e9largissement):<\/b><\/i><\/p>\n<div class=\"wp-gallery row\">\n<figure class=\"column small-6 medium-3 end\"><img decoding=\"async\" src=\"https:\/\/vieassociative.be\/actualites\/wp-content\/uploads\/2025\/04\/1745201862_91_Le-45th-Eupener-Paques-se-deroule-en-photos-galerie-de.jpg\" width=\"159\" height=\"159\" alt=\"\"><\/figure>\n<figure class=\"column small-6 medium-3 end\"><img decoding=\"async\" src=\"https:\/\/vieassociative.be\/actualites\/wp-content\/uploads\/2025\/04\/1745201862_474_Le-45th-Eupener-Paques-se-deroule-en-photos-galerie-de.jpg\" width=\"159\" height=\"159\" alt=\"\"><\/figure>\n<figure class=\"column small-6 medium-3 end\"><img loading=\"lazy\" decoding=\"async\" src=\"https:\/\/vieassociative.be\/actualites\/wp-content\/uploads\/2025\/04\/1745201862_190_Le-45th-Eupener-Paques-se-deroule-en-photos-galerie-de.jpg\" width=\"159\" height=\"159\" alt=\"\"><\/figure>\n<figure class=\"column small-6 medium-3 end\"><img loading=\"lazy\" decoding=\"async\" src=\"https:\/\/vieassociative.be\/actualites\/wp-content\/uploads\/2025\/04\/1745201862_668_Le-45th-Eupener-Paques-se-deroule-en-photos-galerie-de.jpg\" width=\"159\" height=\"159\" alt=\"\"><\/figure>\n<figure class=\"column small-6 medium-3 end\"><img loading=\"lazy\" decoding=\"async\" src=\"https:\/\/vieassociative.be\/actualites\/wp-content\/uploads\/2025\/04\/1745201862_190_Le-45th-Eupener-Paques-se-deroule-en-photos-galerie-de.jpg\" width=\"159\" height=\"159\" alt=\"\"><\/figure>\n<figure class=\"column small-6 medium-3 end\"><img loading=\"lazy\" decoding=\"async\" src=\"https:\/\/vieassociative.be\/actualites\/wp-content\/uploads\/2025\/04\/1745201862_120_Le-45th-Eupener-Paques-se-deroule-en-photos-galerie-de.jpg\" width=\"159\" height=\"159\" alt=\"\"><\/figure>\n<figure class=\"column small-6 medium-3 end\"><img loading=\"lazy\" decoding=\"async\" src=\"https:\/\/vieassociative.be\/actualites\/wp-content\/uploads\/2025\/04\/1745201862_865_Le-45th-Eupener-Paques-se-deroule-en-photos-galerie-de.jpg\" width=\"159\" height=\"159\" alt=\"\"><\/figure>\n<figure class=\"column small-6 medium-3 end\"><img loading=\"lazy\" decoding=\"async\" src=\"https:\/\/vieassociative.be\/actualites\/wp-content\/uploads\/2025\/04\/1745201862_68_Le-45th-Eupener-Paques-se-deroule-en-photos-galerie-de.jpg\" width=\"159\" height=\"159\" alt=\"\"><\/figure>\n<figure class=\"column small-6 medium-3 end\"><img loading=\"lazy\" decoding=\"async\" src=\"https:\/\/vieassociative.be\/actualites\/wp-content\/uploads\/2025\/04\/1745201862_649_Le-45th-Eupener-Paques-se-deroule-en-photos-galerie-de.jpg\" width=\"159\" height=\"159\" alt=\"\"><\/figure>\n<figure class=\"column small-6 medium-3 end\"><img loading=\"lazy\" decoding=\"async\" src=\"https:\/\/vieassociative.be\/actualites\/wp-content\/uploads\/2025\/04\/1745201862_242_Le-45th-Eupener-Paques-se-deroule-en-photos-galerie-de.jpg\" width=\"159\" height=\"159\" alt=\"\"><\/figure>\n<figure class=\"column small-6 medium-3 end\"><img loading=\"lazy\" decoding=\"async\" src=\"https:\/\/vieassociative.be\/actualites\/wp-content\/uploads\/2025\/04\/1745201862_429_Le-45th-Eupener-Paques-se-deroule-en-photos-galerie-de.jpg\" width=\"159\" height=\"159\" alt=\"\"><\/figure>\n<figure class=\"column small-6 medium-3 end\"><img loading=\"lazy\" decoding=\"async\" src=\"https:\/\/vieassociative.be\/actualites\/wp-content\/uploads\/2025\/04\/1745201862_653_Le-45th-Eupener-Paques-se-deroule-en-photos-galerie-de.jpg\" width=\"159\" height=\"159\" alt=\"\"><\/figure>\n<figure class=\"column small-6 medium-3 end\"><img loading=\"lazy\" decoding=\"async\" src=\"https:\/\/vieassociative.be\/actualites\/wp-content\/uploads\/2025\/04\/1745201862_55_Le-45th-Eupener-Paques-se-deroule-en-photos-galerie-de.jpg\" width=\"159\" height=\"159\" alt=\"\"><\/figure>\n<figure class=\"column small-6 medium-3 end\"><img loading=\"lazy\" decoding=\"async\" src=\"https:\/\/vieassociative.be\/actualites\/wp-content\/uploads\/2025\/04\/1745201862_152_Le-45th-Eupener-Paques-se-deroule-en-photos-galerie-de.jpg\" width=\"159\" height=\"159\" alt=\"\"><\/figure>\n<figure class=\"column small-6 medium-3 end\"><img loading=\"lazy\" decoding=\"async\" src=\"https:\/\/vieassociative.be\/actualites\/wp-content\/uploads\/2025\/04\/1745201862_50_Le-45th-Eupener-Paques-se-deroule-en-photos-galerie-de.jpg\" width=\"159\" height=\"159\" alt=\"\"><\/figure>\n<figure class=\"column small-6 medium-3 end\"><img loading=\"lazy\" decoding=\"async\" src=\"https:\/\/vieassociative.be\/actualites\/wp-content\/uploads\/2025\/04\/1745201862_876_Le-45th-Eupener-Paques-se-deroule-en-photos-galerie-de.jpg\" width=\"159\" height=\"159\" alt=\"\"><\/figure>\n<figure class=\"column small-6 medium-3 end\"><img loading=\"lazy\" decoding=\"async\" src=\"https:\/\/vieassociative.be\/actualites\/wp-content\/uploads\/2025\/04\/1745201862_66_Le-45th-Eupener-Paques-se-deroule-en-photos-galerie-de.jpg\" width=\"159\" height=\"159\" alt=\"\"><\/figure>\n<figure class=\"column small-6 medium-3 end\"><img loading=\"lazy\" decoding=\"async\" src=\"https:\/\/vieassociative.be\/actualites\/wp-content\/uploads\/2025\/04\/1745201862_701_Le-45th-Eupener-Paques-se-deroule-en-photos-galerie-de.jpg\" width=\"159\" height=\"159\" alt=\"\"><\/figure>\n<figure class=\"column small-6 medium-3 end\"><img loading=\"lazy\" decoding=\"async\" src=\"https:\/\/vieassociative.be\/actualites\/wp-content\/uploads\/2025\/04\/1745201862_367_Le-45th-Eupener-Paques-se-deroule-en-photos-galerie-de.jpg\" width=\"159\" height=\"159\" alt=\"\"><\/figure>\n<figure class=\"column small-6 medium-3 end\"><img loading=\"lazy\" decoding=\"async\" src=\"https:\/\/vieassociative.be\/actualites\/wp-content\/uploads\/2025\/04\/1745201862_133_Le-45th-Eupener-Paques-se-deroule-en-photos-galerie-de.jpg\" width=\"159\" height=\"159\" alt=\"\"><\/figure>\n<figure class=\"column small-6 medium-3 end\"><img loading=\"lazy\" decoding=\"async\" src=\"https:\/\/vieassociative.be\/actualites\/wp-content\/uploads\/2025\/04\/1745201863_133_Le-45th-Eupener-Paques-se-deroule-en-photos-galerie-de.jpg\" width=\"159\" height=\"159\" alt=\"\"><\/figure>\n<figure class=\"column small-6 medium-3 end\"><img loading=\"lazy\" decoding=\"async\" src=\"https:\/\/vieassociative.be\/actualites\/wp-content\/uploads\/2025\/04\/1745201863_13_Le-45th-Eupener-Paques-se-deroule-en-photos-galerie-de.jpg\" width=\"159\" height=\"159\" alt=\"\"><\/figure>\n<figure class=\"column small-6 medium-3 end\"><img loading=\"lazy\" decoding=\"async\" src=\"https:\/\/vieassociative.be\/actualites\/wp-content\/uploads\/2025\/04\/1745201863_858_Le-45th-Eupener-Paques-se-deroule-en-photos-galerie-de.jpg\" width=\"159\" height=\"159\" alt=\"\"><\/figure>\n<figure class=\"column small-6 medium-3 end\"><img loading=\"lazy\" decoding=\"async\" src=\"https:\/\/vieassociative.be\/actualites\/wp-content\/uploads\/2025\/04\/1745201863_797_Le-45th-Eupener-Paques-se-deroule-en-photos-galerie-de.jpg\" width=\"159\" height=\"159\" alt=\"\"><\/figure>\n<figure class=\"column small-6 medium-3 end\"><img loading=\"lazy\" decoding=\"async\" src=\"https:\/\/vieassociative.be\/actualites\/wp-content\/uploads\/2025\/04\/1745201863_227_Le-45th-Eupener-Paques-se-deroule-en-photos-galerie-de.jpg\" width=\"159\" height=\"159\" alt=\"\"><\/figure>\n<figure class=\"column small-6 medium-3 end\"><img loading=\"lazy\" decoding=\"async\" src=\"https:\/\/vieassociative.be\/actualites\/wp-content\/uploads\/2025\/04\/1745201863_619_Le-45th-Eupener-Paques-se-deroule-en-photos-galerie-de.jpg\" width=\"159\" height=\"159\" alt=\"\"><\/figure>\n<figure class=\"column small-6 medium-3 end\"><img loading=\"lazy\" decoding=\"async\" src=\"https:\/\/vieassociative.be\/actualites\/wp-content\/uploads\/2025\/04\/1745201863_172_Le-45th-Eupener-Paques-se-deroule-en-photos-galerie-de.jpg\" width=\"159\" height=\"159\" alt=\"\"><\/figure>\n<figure class=\"column small-6 medium-3 end\"><img loading=\"lazy\" decoding=\"async\" src=\"https:\/\/vieassociative.be\/actualites\/wp-content\/uploads\/2025\/04\/1745201863_509_Le-45th-Eupener-Paques-se-deroule-en-photos-galerie-de.jpg\" width=\"159\" height=\"159\" alt=\"\"><\/figure>\n<figure class=\"column small-6 medium-3 end\"><img loading=\"lazy\" decoding=\"async\" src=\"https:\/\/vieassociative.be\/actualites\/wp-content\/uploads\/2025\/04\/1745201863_211_Le-45th-Eupener-Paques-se-deroule-en-photos-galerie-de.jpg\" width=\"159\" height=\"159\" alt=\"\"><\/figure>\n<figure class=\"column small-6 medium-3 end\"><img loading=\"lazy\" decoding=\"async\" src=\"https:\/\/vieassociative.be\/actualites\/wp-content\/uploads\/2025\/04\/1745201863_899_Le-45th-Eupener-Paques-se-deroule-en-photos-galerie-de.jpg\" width=\"159\" height=\"159\" alt=\"\"><\/figure>\n<figure class=\"column small-6 medium-3 end\"><img loading=\"lazy\" decoding=\"async\" src=\"https:\/\/vieassociative.be\/actualites\/wp-content\/uploads\/2025\/04\/1745201863_329_Le-45th-Eupener-Paques-se-deroule-en-photos-galerie-de.jpg\" width=\"159\" height=\"159\" alt=\"\"><\/figure>\n<figure class=\"column small-6 medium-3 end\"><img loading=\"lazy\" decoding=\"async\" src=\"https:\/\/vieassociative.be\/actualites\/wp-content\/uploads\/2025\/04\/1745201863_469_Le-45th-Eupener-Paques-se-deroule-en-photos-galerie-de.jpg\" width=\"159\" height=\"159\" alt=\"\"><\/figure>\n<figure class=\"column small-6 medium-3 end\"><img loading=\"lazy\" decoding=\"async\" src=\"https:\/\/vieassociative.be\/actualites\/wp-content\/uploads\/2025\/04\/1745201863_295_Le-45th-Eupener-Paques-se-deroule-en-photos-galerie-de.jpg\" width=\"159\" height=\"159\" alt=\"\"><\/figure>\n<figure class=\"column small-6 medium-3 end\"><img loading=\"lazy\" decoding=\"async\" src=\"https:\/\/vieassociative.be\/actualites\/wp-content\/uploads\/2025\/04\/1745201863_302_Le-45th-Eupener-Paques-se-deroule-en-photos-galerie-de.jpg\" width=\"159\" height=\"159\" alt=\"\"><\/figure>\n<figure class=\"column small-6 medium-3 end\"><img loading=\"lazy\" decoding=\"async\" src=\"https:\/\/vieassociative.be\/actualites\/wp-content\/uploads\/2025\/04\/1745201863_29_Le-45th-Eupener-Paques-se-deroule-en-photos-galerie-de.jpg\" width=\"159\" height=\"159\" alt=\"\"><\/figure>\n<figure class=\"column small-6 medium-3 end\"><img loading=\"lazy\" decoding=\"async\" src=\"https:\/\/vieassociative.be\/actualites\/wp-content\/uploads\/2025\/04\/1745201863_646_Le-45th-Eupener-Paques-se-deroule-en-photos-galerie-de.jpg\" width=\"159\" height=\"159\" alt=\"\"><\/figure>\n<figure class=\"column small-6 medium-3 end\"><img loading=\"lazy\" decoding=\"async\" src=\"https:\/\/vieassociative.be\/actualites\/wp-content\/uploads\/2025\/04\/1745201863_394_Le-45th-Eupener-Paques-se-deroule-en-photos-galerie-de.jpg\" width=\"159\" height=\"159\" alt=\"\"><\/figure>\n<figure class=\"column small-6 medium-3 end\"><img loading=\"lazy\" decoding=\"async\" src=\"https:\/\/vieassociative.be\/actualites\/wp-content\/uploads\/2025\/04\/1745201863_558_Le-45th-Eupener-Paques-se-deroule-en-photos-galerie-de.jpg\" width=\"159\" height=\"159\" alt=\"\"><\/figure>\n<figure class=\"column small-6 medium-3 end\"><img loading=\"lazy\" decoding=\"async\" src=\"https:\/\/vieassociative.be\/actualites\/wp-content\/uploads\/2025\/04\/1745201863_748_Le-45th-Eupener-Paques-se-deroule-en-photos-galerie-de.jpg\" width=\"159\" height=\"159\" alt=\"\"><\/figure>\n<figure class=\"column small-6 medium-3 end\"><img loading=\"lazy\" decoding=\"async\" src=\"https:\/\/vieassociative.be\/actualites\/wp-content\/uploads\/2025\/04\/1745201863_299_Le-45th-Eupener-Paques-se-deroule-en-photos-galerie-de.jpg\" width=\"159\" height=\"159\" alt=\"\"><\/figure>\n<figure class=\"column small-6 medium-3 end\"><img loading=\"lazy\" decoding=\"async\" src=\"https:\/\/vieassociative.be\/actualites\/wp-content\/uploads\/2025\/04\/1745201863_632_Le-45th-Eupener-Paques-se-deroule-en-photos-galerie-de.jpg\" width=\"159\" height=\"159\" alt=\"\"><\/figure>\n<figure class=\"column small-6 medium-3 end\"><img loading=\"lazy\" decoding=\"async\" src=\"https:\/\/vieassociative.be\/actualites\/wp-content\/uploads\/2025\/04\/1745201863_83_Le-45th-Eupener-Paques-se-deroule-en-photos-galerie-de.jpg\" width=\"159\" height=\"159\" alt=\"\"><\/figure>\n<figure class=\"column small-6 medium-3 end\"><img loading=\"lazy\" decoding=\"async\" src=\"https:\/\/vieassociative.be\/actualites\/wp-content\/uploads\/2025\/04\/1745201863_806_Le-45th-Eupener-Paques-se-deroule-en-photos-galerie-de.jpg\" width=\"159\" height=\"159\" alt=\"\"><\/figure>\n<figure class=\"column small-6 medium-3 end\"><img loading=\"lazy\" decoding=\"async\" src=\"https:\/\/vieassociative.be\/actualites\/wp-content\/uploads\/2025\/04\/1745201863_479_Le-45th-Eupener-Paques-se-deroule-en-photos-galerie-de.jpg\" width=\"159\" height=\"159\" alt=\"\"><\/figure>\n<figure class=\"column small-6 medium-3 end\"><img loading=\"lazy\" decoding=\"async\" src=\"https:\/\/vieassociative.be\/actualites\/wp-content\/uploads\/2025\/04\/1745201863_324_Le-45th-Eupener-Paques-se-deroule-en-photos-galerie-de.jpg\" width=\"159\" height=\"159\" alt=\"\"><\/figure>\n<figure class=\"column small-6 medium-3 end\"><img loading=\"lazy\" decoding=\"async\" src=\"https:\/\/vieassociative.be\/actualites\/wp-content\/uploads\/2025\/04\/1745201863_599_Le-45th-Eupener-Paques-se-deroule-en-photos-galerie-de.jpg\" width=\"159\" height=\"159\" alt=\"\"><\/figure>\n<figure class=\"column small-6 medium-3 end\"><img loading=\"lazy\" decoding=\"async\" src=\"https:\/\/vieassociative.be\/actualites\/wp-content\/uploads\/2025\/04\/1745201863_836_Le-45th-Eupener-Paques-se-deroule-en-photos-galerie-de.jpg\" width=\"159\" height=\"159\" alt=\"\"><\/figure>\n<figure class=\"column small-6 medium-3 end\"><img loading=\"lazy\" decoding=\"async\" src=\"https:\/\/vieassociative.be\/actualites\/wp-content\/uploads\/2025\/04\/1745201863_693_Le-45th-Eupener-Paques-se-deroule-en-photos-galerie-de.jpg\" width=\"159\" height=\"159\" alt=\"\"><\/figure>\n<figure class=\"column small-6 medium-3 end\"><img loading=\"lazy\" decoding=\"async\" src=\"https:\/\/vieassociative.be\/actualites\/wp-content\/uploads\/2025\/04\/1745201864_442_Le-45th-Eupener-Paques-se-deroule-en-photos-galerie-de.jpg\" width=\"159\" height=\"159\" alt=\"\"><\/figure>\n<figure class=\"column small-6 medium-3 end\"><img loading=\"lazy\" decoding=\"async\" src=\"https:\/\/vieassociative.be\/actualites\/wp-content\/uploads\/2025\/04\/1745201864_636_Le-45th-Eupener-Paques-se-deroule-en-photos-galerie-de.jpg\" width=\"159\" height=\"159\" alt=\"\"><\/figure>\n<figure class=\"column small-6 medium-3 end\"><img loading=\"lazy\" decoding=\"async\" src=\"https:\/\/vieassociative.be\/actualites\/wp-content\/uploads\/2025\/04\/1745201864_396_Le-45th-Eupener-Paques-se-deroule-en-photos-galerie-de.jpg\" width=\"159\" height=\"159\" alt=\"\"><\/figure>\n<figure class=\"column small-6 medium-3 end\"><img loading=\"lazy\" decoding=\"async\" src=\"https:\/\/vieassociative.be\/actualites\/wp-content\/uploads\/2025\/04\/1745201864_492_Le-45th-Eupener-Paques-se-deroule-en-photos-galerie-de.jpg\" width=\"159\" height=\"159\" alt=\"\"><\/figure>\n<figure class=\"column small-6 medium-3 end\"><img loading=\"lazy\" decoding=\"async\" src=\"https:\/\/vieassociative.be\/actualites\/wp-content\/uploads\/2025\/04\/1745201864_829_Le-45th-Eupener-Paques-se-deroule-en-photos-galerie-de.jpg\" width=\"159\" height=\"159\" alt=\"\"><\/figure>\n<figure class=\"column small-6 medium-3 end\"><img loading=\"lazy\" decoding=\"async\" src=\"https:\/\/vieassociative.be\/actualites\/wp-content\/uploads\/2025\/04\/1745201864_742_Le-45th-Eupener-Paques-se-deroule-en-photos-galerie-de.jpg\" width=\"159\" height=\"159\" alt=\"\"><\/figure>\n<figure class=\"column small-6 medium-3 end\"><img loading=\"lazy\" decoding=\"async\" src=\"https:\/\/vieassociative.be\/actualites\/wp-content\/uploads\/2025\/04\/1745201864_19_Le-45th-Eupener-Paques-se-deroule-en-photos-galerie-de.jpg\" width=\"159\" height=\"159\" alt=\"\"><\/figure>\n<figure class=\"column small-6 medium-3 end\"><img loading=\"lazy\" decoding=\"async\" src=\"https:\/\/vieassociative.be\/actualites\/wp-content\/uploads\/2025\/04\/1745201864_850_Le-45th-Eupener-Paques-se-deroule-en-photos-galerie-de.jpg\" width=\"159\" height=\"159\" alt=\"\"><\/figure>\n<figure class=\"column small-6 medium-3 end\"><img loading=\"lazy\" decoding=\"async\" src=\"https:\/\/vieassociative.be\/actualites\/wp-content\/uploads\/2025\/04\/1745201864_296_Le-45th-Eupener-Paques-se-deroule-en-photos-galerie-de.jpg\" width=\"159\" height=\"159\" alt=\"\"><\/figure>\n<figure class=\"column small-6 medium-3 end\"><img loading=\"lazy\" decoding=\"async\" src=\"https:\/\/vieassociative.be\/actualites\/wp-content\/uploads\/2025\/04\/1745201864_15_Le-45th-Eupener-Paques-se-deroule-en-photos-galerie-de.jpg\" width=\"159\" height=\"159\" alt=\"\"><\/figure>\n<figure class=\"column small-6 medium-3 end\"><img loading=\"lazy\" decoding=\"async\" src=\"https:\/\/vieassociative.be\/actualites\/wp-content\/uploads\/2025\/04\/1745201864_554_Le-45th-Eupener-Paques-se-deroule-en-photos-galerie-de.jpg\" width=\"159\" height=\"159\" alt=\"\"><\/figure>\n<figure class=\"column small-6 medium-3 end\"><img loading=\"lazy\" decoding=\"async\" src=\"https:\/\/vieassociative.be\/actualites\/wp-content\/uploads\/2025\/04\/1745201864_547_Le-45th-Eupener-Paques-se-deroule-en-photos-galerie-de.jpg\" width=\"159\" height=\"159\" alt=\"\"><\/figure>\n<figure class=\"column small-6 medium-3 end\"><img loading=\"lazy\" decoding=\"async\" src=\"https:\/\/vieassociative.be\/actualites\/wp-content\/uploads\/2025\/04\/1745201864_576_Le-45th-Eupener-Paques-se-deroule-en-photos-galerie-de.jpg\" width=\"159\" height=\"159\" alt=\"\"><\/figure>\n<figure class=\"column small-6 medium-3 end\"><img loading=\"lazy\" decoding=\"async\" src=\"https:\/\/vieassociative.be\/actualites\/wp-content\/uploads\/2025\/04\/1745201864_162_Le-45th-Eupener-Paques-se-deroule-en-photos-galerie-de.jpg\" width=\"159\" height=\"159\" alt=\"\"><\/figure>\n<figure class=\"column small-6 medium-3 end\"><img loading=\"lazy\" decoding=\"async\" src=\"https:\/\/vieassociative.be\/actualites\/wp-content\/uploads\/2025\/04\/1745201864_215_Le-45th-Eupener-Paques-se-deroule-en-photos-galerie-de.jpg\" width=\"159\" height=\"159\" alt=\"\"><\/figure>\n<figure class=\"column small-6 medium-3 end\"><img loading=\"lazy\" decoding=\"async\" src=\"https:\/\/vieassociative.be\/actualites\/wp-content\/uploads\/2025\/04\/1745201864_972_Le-45th-Eupener-Paques-se-deroule-en-photos-galerie-de.jpg\" width=\"159\" height=\"159\" alt=\"\"><\/figure>\n<figure class=\"column small-6 medium-3 end\"><img loading=\"lazy\" decoding=\"async\" src=\"https:\/\/vieassociative.be\/actualites\/wp-content\/uploads\/2025\/04\/1745201864_228_Le-45th-Eupener-Paques-se-deroule-en-photos-galerie-de.jpg\" width=\"159\" height=\"159\" alt=\"\"><\/figure>\n<figure class=\"column small-6 medium-3 end\"><img loading=\"lazy\" decoding=\"async\" src=\"https:\/\/vieassociative.be\/actualites\/wp-content\/uploads\/2025\/04\/1745201864_881_Le-45th-Eupener-Paques-se-deroule-en-photos-galerie-de.jpg\" width=\"159\" height=\"159\" alt=\"\"><\/figure>\n<figure class=\"column small-6 medium-3 end\"><img loading=\"lazy\" decoding=\"async\" src=\"https:\/\/vieassociative.be\/actualites\/wp-content\/uploads\/2025\/04\/1745201864_588_Le-45th-Eupener-Paques-se-deroule-en-photos-galerie-de.jpg\" width=\"159\" height=\"159\" alt=\"\"><\/figure>\n<figure class=\"column small-6 medium-3 end\"><img loading=\"lazy\" decoding=\"async\" src=\"https:\/\/vieassociative.be\/actualites\/wp-content\/uploads\/2025\/04\/1745201864_585_Le-45th-Eupener-Paques-se-deroule-en-photos-galerie-de.jpg\" width=\"159\" height=\"159\" alt=\"\"><\/figure>\n<figure class=\"column small-6 medium-3 end\"><img loading=\"lazy\" decoding=\"async\" src=\"https:\/\/vieassociative.be\/actualites\/wp-content\/uploads\/2025\/04\/1745201864_811_Le-45th-Eupener-Paques-se-deroule-en-photos-galerie-de.jpg\" width=\"159\" height=\"159\" alt=\"\"><\/figure>\n<figure class=\"column small-6 medium-3 end\"><img loading=\"lazy\" decoding=\"async\" src=\"https:\/\/vieassociative.be\/actualites\/wp-content\/uploads\/2025\/04\/1745201864_39_Le-45th-Eupener-Paques-se-deroule-en-photos-galerie-de.jpg\" width=\"159\" height=\"159\" alt=\"\"><\/figure>\n<figure class=\"column small-6 medium-3 end\"><img loading=\"lazy\" decoding=\"async\" src=\"https:\/\/vieassociative.be\/actualites\/wp-content\/uploads\/2025\/04\/1745201864_858_Le-45th-Eupener-Paques-se-deroule-en-photos-galerie-de.jpg\" width=\"159\" height=\"159\" alt=\"\"><\/figure>\n<figure class=\"column small-6 medium-3 end\"><img loading=\"lazy\" decoding=\"async\" src=\"https:\/\/vieassociative.be\/actualites\/wp-content\/uploads\/2025\/04\/1745201864_317_Le-45th-Eupener-Paques-se-deroule-en-photos-galerie-de.jpg\" width=\"159\" height=\"159\" alt=\"\"><\/figure>\n<figure class=\"column small-6 medium-3 end\"><img loading=\"lazy\" decoding=\"async\" src=\"https:\/\/vieassociative.be\/actualites\/wp-content\/uploads\/2025\/04\/1745201864_670_Le-45th-Eupener-Paques-se-deroule-en-photos-galerie-de.jpg\" width=\"159\" height=\"159\" alt=\"\"><\/figure>\n<figure class=\"column small-6 medium-3 end\"><img loading=\"lazy\" decoding=\"async\" src=\"https:\/\/vieassociative.be\/actualites\/wp-content\/uploads\/2025\/04\/1745201864_466_Le-45th-Eupener-Paques-se-deroule-en-photos-galerie-de.jpg\" width=\"159\" height=\"159\" alt=\"\"><\/figure>\n<figure class=\"column small-6 medium-3 end\"><img loading=\"lazy\" decoding=\"async\" src=\"https:\/\/vieassociative.be\/actualites\/wp-content\/uploads\/2025\/04\/1745201865_475_Le-45th-Eupener-Paques-se-deroule-en-photos-galerie-de.jpg\" width=\"159\" height=\"159\" alt=\"\"><\/figure>\n<figure class=\"column small-6 medium-3 end\"><img loading=\"lazy\" decoding=\"async\" src=\"https:\/\/vieassociative.be\/actualites\/wp-content\/uploads\/2025\/04\/1745201865_142_Le-45th-Eupener-Paques-se-deroule-en-photos-galerie-de.jpg\" width=\"159\" height=\"159\" alt=\"\"><\/figure>\n<figure class=\"column small-6 medium-3 end\"><img loading=\"lazy\" decoding=\"async\" src=\"https:\/\/vieassociative.be\/actualites\/wp-content\/uploads\/2025\/04\/1745201865_840_Le-45th-Eupener-Paques-se-deroule-en-photos-galerie-de.jpg\" width=\"159\" height=\"159\" alt=\"\"><\/figure>\n<figure class=\"column small-6 medium-3 end\"><img loading=\"lazy\" decoding=\"async\" src=\"https:\/\/vieassociative.be\/actualites\/wp-content\/uploads\/2025\/04\/1745201865_719_Le-45th-Eupener-Paques-se-deroule-en-photos-galerie-de.jpg\" width=\"159\" height=\"159\" alt=\"\"><\/figure>\n<figure class=\"column small-6 medium-3 end\"><img loading=\"lazy\" decoding=\"async\" src=\"https:\/\/vieassociative.be\/actualites\/wp-content\/uploads\/2025\/04\/1745201865_629_Le-45th-Eupener-Paques-se-deroule-en-photos-galerie-de.jpg\" width=\"159\" height=\"159\" alt=\"\"><\/figure>\n<figure class=\"column small-6 medium-3 end\"><img loading=\"lazy\" decoding=\"async\" src=\"https:\/\/vieassociative.be\/actualites\/wp-content\/uploads\/2025\/04\/1745201865_801_Le-45th-Eupener-Paques-se-deroule-en-photos-galerie-de.jpg\" width=\"159\" height=\"159\" alt=\"\"><\/figure>\n<figure class=\"column small-6 medium-3 end\"><img loading=\"lazy\" decoding=\"async\" src=\"https:\/\/vieassociative.be\/actualites\/wp-content\/uploads\/2025\/04\/1745201865_783_Le-45th-Eupener-Paques-se-deroule-en-photos-galerie-de.jpg\" width=\"159\" height=\"159\" alt=\"\"><\/figure>\n<figure class=\"column small-6 medium-3 end\"><img loading=\"lazy\" decoding=\"async\" src=\"https:\/\/vieassociative.be\/actualites\/wp-content\/uploads\/2025\/04\/1745201865_882_Le-45th-Eupener-Paques-se-deroule-en-photos-galerie-de.jpg\" width=\"159\" height=\"159\" alt=\"\"><\/figure>\n<figure class=\"column small-6 medium-3 end\"><img loading=\"lazy\" decoding=\"async\" src=\"https:\/\/vieassociative.be\/actualites\/wp-content\/uploads\/2025\/04\/1745201865_781_Le-45th-Eupener-Paques-se-deroule-en-photos-galerie-de.jpg\" width=\"159\" height=\"159\" alt=\"\"><\/figure>\n<figure class=\"column small-6 medium-3 end\"><img loading=\"lazy\" decoding=\"async\" src=\"https:\/\/vieassociative.be\/actualites\/wp-content\/uploads\/2025\/04\/1745201865_556_Le-45th-Eupener-Paques-se-deroule-en-photos-galerie-de.jpg\" width=\"159\" height=\"159\" alt=\"\"><\/figure>\n<figure class=\"column small-6 medium-3 end\"><img loading=\"lazy\" decoding=\"async\" src=\"https:\/\/vieassociative.be\/actualites\/wp-content\/uploads\/2025\/04\/1745201865_697_Le-45th-Eupener-Paques-se-deroule-en-photos-galerie-de.jpg\" width=\"159\" height=\"159\" alt=\"\"><\/figure>\n<figure class=\"column small-6 medium-3 end\"><img loading=\"lazy\" decoding=\"async\" src=\"https:\/\/vieassociative.be\/actualites\/wp-content\/uploads\/2025\/04\/1745201865_772_Le-45th-Eupener-Paques-se-deroule-en-photos-galerie-de.jpg\" width=\"159\" height=\"159\" alt=\"\"><\/figure>\n<figure class=\"column small-6 medium-3 end\"><img loading=\"lazy\" decoding=\"async\" src=\"https:\/\/vieassociative.be\/actualites\/wp-content\/uploads\/2025\/04\/1745201865_498_Le-45th-Eupener-Paques-se-deroule-en-photos-galerie-de.jpg\" width=\"159\" height=\"159\" alt=\"\"><\/figure>\n<figure class=\"column small-6 medium-3 end\"><img loading=\"lazy\" decoding=\"async\" src=\"https:\/\/vieassociative.be\/actualites\/wp-content\/uploads\/2025\/04\/1745201865_215_Le-45th-Eupener-Paques-se-deroule-en-photos-galerie-de.jpg\" width=\"159\" height=\"159\" alt=\"\"><\/figure>\n<figure class=\"column small-6 medium-3 end\"><img loading=\"lazy\" decoding=\"async\" src=\"https:\/\/vieassociative.be\/actualites\/wp-content\/uploads\/2025\/04\/1745201865_329_Le-45th-Eupener-Paques-se-deroule-en-photos-galerie-de.jpg\" width=\"159\" height=\"159\" alt=\"\"><\/figure>\n<figure class=\"column small-6 medium-3 end\"><img loading=\"lazy\" decoding=\"async\" src=\"https:\/\/vieassociative.be\/actualites\/wp-content\/uploads\/2025\/04\/1745201865_658_Le-45th-Eupener-Paques-se-deroule-en-photos-galerie-de.jpg\" width=\"159\" height=\"159\" alt=\"\"><\/figure>\n<figure class=\"column small-6 medium-3 end\"><img loading=\"lazy\" decoding=\"async\" src=\"https:\/\/vieassociative.be\/actualites\/wp-content\/uploads\/2025\/04\/1745201865_896_Le-45th-Eupener-Paques-se-deroule-en-photos-galerie-de.jpg\" width=\"159\" height=\"159\" alt=\"\"><\/figure>\n<figure class=\"column small-6 medium-3 end\"><img loading=\"lazy\" decoding=\"async\" src=\"https:\/\/vieassociative.be\/actualites\/wp-content\/uploads\/2025\/04\/1745201865_980_Le-45th-Eupener-Paques-se-deroule-en-photos-galerie-de.jpg\" width=\"159\" height=\"159\" alt=\"\"><\/figure>\n<figure class=\"column small-6 medium-3 end\"><img loading=\"lazy\" decoding=\"async\" src=\"https:\/\/vieassociative.be\/actualites\/wp-content\/uploads\/2025\/04\/1745201865_957_Le-45th-Eupener-Paques-se-deroule-en-photos-galerie-de.jpg\" width=\"159\" height=\"159\" alt=\"\"><\/figure>\n<figure class=\"column small-6 medium-3 end\"><img loading=\"lazy\" decoding=\"async\" src=\"https:\/\/vieassociative.be\/actualites\/wp-content\/uploads\/2025\/04\/1745201865_469_Le-45th-Eupener-Paques-se-deroule-en-photos-galerie-de.jpg\" width=\"159\" height=\"159\" alt=\"\"><\/figure>\n<figure class=\"column small-6 medium-3 end\"><img loading=\"lazy\" decoding=\"async\" src=\"https:\/\/vieassociative.be\/actualites\/wp-content\/uploads\/2025\/04\/1745201865_96_Le-45th-Eupener-Paques-se-deroule-en-photos-galerie-de.jpg\" width=\"159\" height=\"159\" alt=\"\"><\/figure>\n<figure class=\"column small-6 medium-3 end\"><img loading=\"lazy\" decoding=\"async\" src=\"https:\/\/vieassociative.be\/actualites\/wp-content\/uploads\/2025\/04\/1745201865_591_Le-45th-Eupener-Paques-se-deroule-en-photos-galerie-de.jpg\" width=\"159\" height=\"159\" alt=\"\"><\/figure>\n<figure class=\"column small-6 medium-3 end\"><img loading=\"lazy\" decoding=\"async\" src=\"https:\/\/vieassociative.be\/actualites\/wp-content\/uploads\/2025\/04\/1745201865_607_Le-45th-Eupener-Paques-se-deroule-en-photos-galerie-de.jpg\" width=\"159\" height=\"159\" alt=\"\"><\/figure>\n<figure class=\"column small-6 medium-3 end\"><img loading=\"lazy\" decoding=\"async\" src=\"https:\/\/vieassociative.be\/actualites\/wp-content\/uploads\/2025\/04\/1745201865_125_Le-45th-Eupener-Paques-se-deroule-en-photos-galerie-de.jpg\" width=\"159\" height=\"159\" alt=\"\"><\/figure>\n<figure class=\"column small-6 medium-3 end\"><img loading=\"lazy\" decoding=\"async\" src=\"https:\/\/vieassociative.be\/actualites\/wp-content\/uploads\/2025\/04\/1745201865_772_Le-45th-Eupener-Paques-se-deroule-en-photos-galerie-de.jpg\" width=\"159\" height=\"159\" alt=\"\"><\/figure>\n<figure class=\"column small-6 medium-3 end\"><img loading=\"lazy\" decoding=\"async\" src=\"https:\/\/vieassociative.be\/actualites\/wp-content\/uploads\/2025\/04\/1745201865_158_Le-45th-Eupener-Paques-se-deroule-en-photos-galerie-de.jpg\" width=\"159\" height=\"159\" alt=\"\"><\/figure>\n<\/div>\n","protected":false},"excerpt":{"rendered":"<p>Le club d&rsquo;athl\u00e9tisme Eupen (lac) a organis\u00e9 sa 45e course de P\u00e2ques samedi. Comme d&rsquo;habitude, l&rsquo;\u00e9v\u00e9nement de course traditionnel et m\u00eame populaire a \u00e9t\u00e9 pris<\/p>\n","protected":false},"author":1,"featured_media":6900,"comment_status":"","ping_status":"","sticky":false,"template":"","format":"standard","meta":{"footnotes":""},"categories":[298],"tags":[6535,5657,5049,3257,867,283],"class_list":["post-6899","post","type-post","status-publish","format-standard","has-post-thumbnail","hentry","category-belgique","tag-45th","tag-deroule","tag-eupener","tag-galerie","tag-paques","tag-photos","generate-columns","tablet-grid-50","mobile-grid-100","grid-parent","grid-33"],"yoast_head":"<!-- This site is optimized with the Yoast SEO plugin v24.0 - https:\/\/yoast.com\/wordpress\/plugins\/seo\/ -->\n<title>Le 45th Eupener P\u00e2ques se d\u00e9roule en photos (galerie de photos) | Vie Associative<\/title>\n<meta name=\"robots\" content=\"index, follow, max-snippet:-1, max-image-preview:large, max-video-preview:-1\" \/>\n<link rel=\"canonical\" href=\"https:\/\/vieassociative.be\/actualites\/le-45th-eupener-paques-se-deroule-en-photos-galerie-de-photos\/\" \/>\n<meta property=\"og:locale\" content=\"fr_FR\" \/>\n<meta property=\"og:type\" content=\"article\" \/>\n<meta property=\"og:title\" content=\"Le 45th Eupener P\u00e2ques se d\u00e9roule en photos (galerie de photos) | Vie Associative\" \/>\n<meta property=\"og:description\" content=\"Le club d&rsquo;athl\u00e9tisme Eupen (lac) a organis\u00e9 sa 45e course de P\u00e2ques samedi. Comme d&rsquo;habitude, l&rsquo;\u00e9v\u00e9nement de course traditionnel et m\u00eame populaire a \u00e9t\u00e9 pris\" \/>\n<meta property=\"og:url\" content=\"https:\/\/vieassociative.be\/actualites\/le-45th-eupener-paques-se-deroule-en-photos-galerie-de-photos\/\" \/>\n<meta property=\"og:site_name\" content=\"Vie Associative\" \/>\n<meta property=\"article:published_time\" content=\"2025-04-21T02:17:45+00:00\" \/>\n<meta property=\"og:image\" content=\"https:\/\/vieassociative.be\/actualites\/wp-content\/uploads\/2024\/09\/header_backgroundk-01-e1726694325946.png\" \/>\n\t<meta property=\"og:image:width\" content=\"279\" \/>\n\t<meta property=\"og:image:height\" content=\"92\" \/>\n\t<meta property=\"og:image:type\" content=\"image\/png\" \/>\n<meta name=\"author\" content=\"Julien\" \/>\n<meta name=\"twitter:card\" content=\"summary_large_image\" \/>\n<meta name=\"twitter:label1\" content=\"\u00c9crit par\" \/>\n\t<meta name=\"twitter:data1\" content=\"Julien\" \/>\n\t<meta name=\"twitter:label2\" content=\"Dur\u00e9e de lecture est.\" \/>\n\t<meta name=\"twitter:data2\" content=\"2 minutes\" \/>\n<script type=\"application\/ld+json\" class=\"yoast-schema-graph\">{\"@context\":\"https:\/\/schema.org\",\"@graph\":[{\"@type\":\"Article\",\"@id\":\"https:\/\/vieassociative.be\/actualites\/le-45th-eupener-paques-se-deroule-en-photos-galerie-de-photos\/#article\",\"isPartOf\":{\"@id\":\"https:\/\/vieassociative.be\/actualites\/le-45th-eupener-paques-se-deroule-en-photos-galerie-de-photos\/\"},\"author\":{\"name\":\"Julien\",\"@id\":\"https:\/\/vieassociative.be\/actualites\/#\/schema\/person\/b87ac4f82f9d4e7b7cec7395b679edc4\"},\"headline\":\"Le 45th Eupener P\u00e2ques se d\u00e9roule en photos (galerie de photos)\",\"datePublished\":\"2025-04-21T02:17:45+00:00\",\"dateModified\":\"2025-04-21T02:17:45+00:00\",\"mainEntityOfPage\":{\"@id\":\"https:\/\/vieassociative.be\/actualites\/le-45th-eupener-paques-se-deroule-en-photos-galerie-de-photos\/\"},\"wordCount\":494,\"publisher\":{\"@id\":\"https:\/\/vieassociative.be\/actualites\/#organization\"},\"image\":{\"@id\":\"https:\/\/vieassociative.be\/actualites\/le-45th-eupener-paques-se-deroule-en-photos-galerie-de-photos\/#primaryimage\"},\"thumbnailUrl\":\"https:\/\/vieassociative.be\/actualites\/wp-content\/uploads\/2025\/04\/1745201867_Le-45th-Eupener-Paques-se-deroule-en-photos-galerie-de.jpg\",\"keywords\":[\"45th\",\"d\u00e9roule\",\"Eupener\",\"galerie\",\"P\u00e2ques\",\"Photos\"],\"articleSection\":[\"Belgique\"],\"inLanguage\":\"fr-BE\"},{\"@type\":\"WebPage\",\"@id\":\"https:\/\/vieassociative.be\/actualites\/le-45th-eupener-paques-se-deroule-en-photos-galerie-de-photos\/\",\"url\":\"https:\/\/vieassociative.be\/actualites\/le-45th-eupener-paques-se-deroule-en-photos-galerie-de-photos\/\",\"name\":\"Le 45th Eupener P\u00e2ques se d\u00e9roule en photos (galerie de photos) | Vie Associative\",\"isPartOf\":{\"@id\":\"https:\/\/vieassociative.be\/actualites\/#website\"},\"primaryImageOfPage\":{\"@id\":\"https:\/\/vieassociative.be\/actualites\/le-45th-eupener-paques-se-deroule-en-photos-galerie-de-photos\/#primaryimage\"},\"image\":{\"@id\":\"https:\/\/vieassociative.be\/actualites\/le-45th-eupener-paques-se-deroule-en-photos-galerie-de-photos\/#primaryimage\"},\"thumbnailUrl\":\"https:\/\/vieassociative.be\/actualites\/wp-content\/uploads\/2025\/04\/1745201867_Le-45th-Eupener-Paques-se-deroule-en-photos-galerie-de.jpg\",\"datePublished\":\"2025-04-21T02:17:45+00:00\",\"dateModified\":\"2025-04-21T02:17:45+00:00\",\"breadcrumb\":{\"@id\":\"https:\/\/vieassociative.be\/actualites\/le-45th-eupener-paques-se-deroule-en-photos-galerie-de-photos\/#breadcrumb\"},\"inLanguage\":\"fr-BE\",\"potentialAction\":[{\"@type\":\"ReadAction\",\"target\":[\"https:\/\/vieassociative.be\/actualites\/le-45th-eupener-paques-se-deroule-en-photos-galerie-de-photos\/\"]}]},{\"@type\":\"ImageObject\",\"inLanguage\":\"fr-BE\",\"@id\":\"https:\/\/vieassociative.be\/actualites\/le-45th-eupener-paques-se-deroule-en-photos-galerie-de-photos\/#primaryimage\",\"url\":\"https:\/\/vieassociative.be\/actualites\/wp-content\/uploads\/2025\/04\/1745201867_Le-45th-Eupener-Paques-se-deroule-en-photos-galerie-de.jpg\",\"contentUrl\":\"https:\/\/vieassociative.be\/actualites\/wp-content\/uploads\/2025\/04\/1745201867_Le-45th-Eupener-Paques-se-deroule-en-photos-galerie-de.jpg\",\"width\":1300,\"height\":869,\"caption\":\"Le 45th Eupener P\u00e2ques se d\u00e9roule en photos (galerie de photos)\"},{\"@type\":\"BreadcrumbList\",\"@id\":\"https:\/\/vieassociative.be\/actualites\/le-45th-eupener-paques-se-deroule-en-photos-galerie-de-photos\/#breadcrumb\",\"itemListElement\":[{\"@type\":\"ListItem\",\"position\":1,\"name\":\"Accueil\",\"item\":\"https:\/\/vieassociative.be\/actualites\/\"},{\"@type\":\"ListItem\",\"position\":2,\"name\":\"Le 45th Eupener P\u00e2ques se d\u00e9roule en photos (galerie de photos)\"}]},{\"@type\":\"WebSite\",\"@id\":\"https:\/\/vieassociative.be\/actualites\/#website\",\"url\":\"https:\/\/vieassociative.be\/actualites\/\",\"name\":\"Vie Associative\",\"description\":\"\",\"publisher\":{\"@id\":\"https:\/\/vieassociative.be\/actualites\/#organization\"},\"potentialAction\":[{\"@type\":\"SearchAction\",\"target\":{\"@type\":\"EntryPoint\",\"urlTemplate\":\"https:\/\/vieassociative.be\/actualites\/?s={search_term_string}\"},\"query-input\":{\"@type\":\"PropertyValueSpecification\",\"valueRequired\":true,\"valueName\":\"search_term_string\"}}],\"inLanguage\":\"fr-BE\"},{\"@type\":\"Organization\",\"@id\":\"https:\/\/vieassociative.be\/actualites\/#organization\",\"name\":\"Vie Associative\",\"url\":\"https:\/\/vieassociative.be\/actualites\/\",\"logo\":{\"@type\":\"ImageObject\",\"inLanguage\":\"fr-BE\",\"@id\":\"https:\/\/vieassociative.be\/actualites\/#\/schema\/logo\/image\/\",\"url\":\"https:\/\/vieassociative.be\/actualites\/wp-content\/uploads\/2024\/09\/cropped-vieassociative_favicon.ico.png\",\"contentUrl\":\"https:\/\/vieassociative.be\/actualites\/wp-content\/uploads\/2024\/09\/cropped-vieassociative_favicon.ico.png\",\"width\":512,\"height\":512,\"caption\":\"Vie Associative\"},\"image\":{\"@id\":\"https:\/\/vieassociative.be\/actualites\/#\/schema\/logo\/image\/\"}},{\"@type\":\"Person\",\"@id\":\"https:\/\/vieassociative.be\/actualites\/#\/schema\/person\/b87ac4f82f9d4e7b7cec7395b679edc4\",\"name\":\"Julien\",\"image\":{\"@type\":\"ImageObject\",\"inLanguage\":\"fr-BE\",\"@id\":\"https:\/\/vieassociative.be\/actualites\/#\/schema\/person\/image\/\",\"url\":\"https:\/\/vieassociative.be\/actualites\/wp-content\/uploads\/2024\/09\/vie-associative-1-150x150.jpg\",\"contentUrl\":\"https:\/\/vieassociative.be\/actualites\/wp-content\/uploads\/2024\/09\/vie-associative-1-150x150.jpg\",\"caption\":\"Julien\"},\"description\":\"Je suis Julien, r\u00e9dacteur pour Vie Associative. Passionn\u00e9 par le monde associatif depuis plus de 10 ans, j'ai \u00e0 c\u0153ur de partager des histoires inspirantes et de mettre en lumi\u00e8re les initiatives locales. Mon objectif est de sensibiliser et d'encourager l'engagement communautaire \u00e0 travers mes articles.\",\"sameAs\":[\"https:\/\/vieassociative.be\/\"]}]}<\/script>\n<!-- \/ Yoast SEO plugin. -->","yoast_head_json":{"title":"Le 45th Eupener P\u00e2ques se d\u00e9roule en photos (galerie de photos) | Vie Associative","robots":{"index":"index","follow":"follow","max-snippet":"max-snippet:-1","max-image-preview":"max-image-preview:large","max-video-preview":"max-video-preview:-1"},"canonical":"https:\/\/vieassociative.be\/actualites\/le-45th-eupener-paques-se-deroule-en-photos-galerie-de-photos\/","og_locale":"fr_FR","og_type":"article","og_title":"Le 45th Eupener P\u00e2ques se d\u00e9roule en photos (galerie de photos) | Vie Associative","og_description":"Le club d&rsquo;athl\u00e9tisme Eupen (lac) a organis\u00e9 sa 45e course de P\u00e2ques samedi. Comme d&rsquo;habitude, l&rsquo;\u00e9v\u00e9nement de course traditionnel et m\u00eame populaire a \u00e9t\u00e9 pris","og_url":"https:\/\/vieassociative.be\/actualites\/le-45th-eupener-paques-se-deroule-en-photos-galerie-de-photos\/","og_site_name":"Vie Associative","article_published_time":"2025-04-21T02:17:45+00:00","og_image":[{"width":279,"height":92,"url":"https:\/\/vieassociative.be\/actualites\/wp-content\/uploads\/2024\/09\/header_backgroundk-01-e1726694325946.png","type":"image\/png"}],"author":"Julien","twitter_card":"summary_large_image","twitter_misc":{"\u00c9crit par":"Julien","Dur\u00e9e de lecture est.":"2 minutes"},"schema":{"@context":"https:\/\/schema.org","@graph":[{"@type":"Article","@id":"https:\/\/vieassociative.be\/actualites\/le-45th-eupener-paques-se-deroule-en-photos-galerie-de-photos\/#article","isPartOf":{"@id":"https:\/\/vieassociative.be\/actualites\/le-45th-eupener-paques-se-deroule-en-photos-galerie-de-photos\/"},"author":{"name":"Julien","@id":"https:\/\/vieassociative.be\/actualites\/#\/schema\/person\/b87ac4f82f9d4e7b7cec7395b679edc4"},"headline":"Le 45th Eupener P\u00e2ques se d\u00e9roule en photos (galerie de photos)","datePublished":"2025-04-21T02:17:45+00:00","dateModified":"2025-04-21T02:17:45+00:00","mainEntityOfPage":{"@id":"https:\/\/vieassociative.be\/actualites\/le-45th-eupener-paques-se-deroule-en-photos-galerie-de-photos\/"},"wordCount":494,"publisher":{"@id":"https:\/\/vieassociative.be\/actualites\/#organization"},"image":{"@id":"https:\/\/vieassociative.be\/actualites\/le-45th-eupener-paques-se-deroule-en-photos-galerie-de-photos\/#primaryimage"},"thumbnailUrl":"https:\/\/vieassociative.be\/actualites\/wp-content\/uploads\/2025\/04\/1745201867_Le-45th-Eupener-Paques-se-deroule-en-photos-galerie-de.jpg","keywords":["45th","d\u00e9roule","Eupener","galerie","P\u00e2ques","Photos"],"articleSection":["Belgique"],"inLanguage":"fr-BE"},{"@type":"WebPage","@id":"https:\/\/vieassociative.be\/actualites\/le-45th-eupener-paques-se-deroule-en-photos-galerie-de-photos\/","url":"https:\/\/vieassociative.be\/actualites\/le-45th-eupener-paques-se-deroule-en-photos-galerie-de-photos\/","name":"Le 45th Eupener P\u00e2ques se d\u00e9roule en photos (galerie de photos) | Vie Associative","isPartOf":{"@id":"https:\/\/vieassociative.be\/actualites\/#website"},"primaryImageOfPage":{"@id":"https:\/\/vieassociative.be\/actualites\/le-45th-eupener-paques-se-deroule-en-photos-galerie-de-photos\/#primaryimage"},"image":{"@id":"https:\/\/vieassociative.be\/actualites\/le-45th-eupener-paques-se-deroule-en-photos-galerie-de-photos\/#primaryimage"},"thumbnailUrl":"https:\/\/vieassociative.be\/actualites\/wp-content\/uploads\/2025\/04\/1745201867_Le-45th-Eupener-Paques-se-deroule-en-photos-galerie-de.jpg","datePublished":"2025-04-21T02:17:45+00:00","dateModified":"2025-04-21T02:17:45+00:00","breadcrumb":{"@id":"https:\/\/vieassociative.be\/actualites\/le-45th-eupener-paques-se-deroule-en-photos-galerie-de-photos\/#breadcrumb"},"inLanguage":"fr-BE","potentialAction":[{"@type":"ReadAction","target":["https:\/\/vieassociative.be\/actualites\/le-45th-eupener-paques-se-deroule-en-photos-galerie-de-photos\/"]}]},{"@type":"ImageObject","inLanguage":"fr-BE","@id":"https:\/\/vieassociative.be\/actualites\/le-45th-eupener-paques-se-deroule-en-photos-galerie-de-photos\/#primaryimage","url":"https:\/\/vieassociative.be\/actualites\/wp-content\/uploads\/2025\/04\/1745201867_Le-45th-Eupener-Paques-se-deroule-en-photos-galerie-de.jpg","contentUrl":"https:\/\/vieassociative.be\/actualites\/wp-content\/uploads\/2025\/04\/1745201867_Le-45th-Eupener-Paques-se-deroule-en-photos-galerie-de.jpg","width":1300,"height":869,"caption":"Le 45th Eupener P\u00e2ques se d\u00e9roule en photos (galerie de photos)"},{"@type":"BreadcrumbList","@id":"https:\/\/vieassociative.be\/actualites\/le-45th-eupener-paques-se-deroule-en-photos-galerie-de-photos\/#breadcrumb","itemListElement":[{"@type":"ListItem","position":1,"name":"Accueil","item":"https:\/\/vieassociative.be\/actualites\/"},{"@type":"ListItem","position":2,"name":"Le 45th Eupener P\u00e2ques se d\u00e9roule en photos (galerie de photos)"}]},{"@type":"WebSite","@id":"https:\/\/vieassociative.be\/actualites\/#website","url":"https:\/\/vieassociative.be\/actualites\/","name":"Vie Associative","description":"","publisher":{"@id":"https:\/\/vieassociative.be\/actualites\/#organization"},"potentialAction":[{"@type":"SearchAction","target":{"@type":"EntryPoint","urlTemplate":"https:\/\/vieassociative.be\/actualites\/?s={search_term_string}"},"query-input":{"@type":"PropertyValueSpecification","valueRequired":true,"valueName":"search_term_string"}}],"inLanguage":"fr-BE"},{"@type":"Organization","@id":"https:\/\/vieassociative.be\/actualites\/#organization","name":"Vie Associative","url":"https:\/\/vieassociative.be\/actualites\/","logo":{"@type":"ImageObject","inLanguage":"fr-BE","@id":"https:\/\/vieassociative.be\/actualites\/#\/schema\/logo\/image\/","url":"https:\/\/vieassociative.be\/actualites\/wp-content\/uploads\/2024\/09\/cropped-vieassociative_favicon.ico.png","contentUrl":"https:\/\/vieassociative.be\/actualites\/wp-content\/uploads\/2024\/09\/cropped-vieassociative_favicon.ico.png","width":512,"height":512,"caption":"Vie Associative"},"image":{"@id":"https:\/\/vieassociative.be\/actualites\/#\/schema\/logo\/image\/"}},{"@type":"Person","@id":"https:\/\/vieassociative.be\/actualites\/#\/schema\/person\/b87ac4f82f9d4e7b7cec7395b679edc4","name":"Julien","image":{"@type":"ImageObject","inLanguage":"fr-BE","@id":"https:\/\/vieassociative.be\/actualites\/#\/schema\/person\/image\/","url":"https:\/\/vieassociative.be\/actualites\/wp-content\/uploads\/2024\/09\/vie-associative-1-150x150.jpg","contentUrl":"https:\/\/vieassociative.be\/actualites\/wp-content\/uploads\/2024\/09\/vie-associative-1-150x150.jpg","caption":"Julien"},"description":"Je suis Julien, r\u00e9dacteur pour Vie Associative. Passionn\u00e9 par le monde associatif depuis plus de 10 ans, j'ai \u00e0 c\u0153ur de partager des histoires inspirantes et de mettre en lumi\u00e8re les initiatives locales. Mon objectif est de sensibiliser et d'encourager l'engagement communautaire \u00e0 travers mes articles.","sameAs":["https:\/\/vieassociative.be\/"]}]}},"_links":{"self":[{"href":"https:\/\/vieassociative.be\/actualites\/wp-json\/wp\/v2\/posts\/6899"}],"collection":[{"href":"https:\/\/vieassociative.be\/actualites\/wp-json\/wp\/v2\/posts"}],"about":[{"href":"https:\/\/vieassociative.be\/actualites\/wp-json\/wp\/v2\/types\/post"}],"author":[{"embeddable":true,"href":"https:\/\/vieassociative.be\/actualites\/wp-json\/wp\/v2\/users\/1"}],"replies":[{"embeddable":true,"href":"https:\/\/vieassociative.be\/actualites\/wp-json\/wp\/v2\/comments?post=6899"}],"version-history":[{"count":0,"href":"https:\/\/vieassociative.be\/actualites\/wp-json\/wp\/v2\/posts\/6899\/revisions"}],"wp:featuredmedia":[{"embeddable":true,"href":"https:\/\/vieassociative.be\/actualites\/wp-json\/wp\/v2\/media\/6900"}],"wp:attachment":[{"href":"https:\/\/vieassociative.be\/actualites\/wp-json\/wp\/v2\/media?parent=6899"}],"wp:term":[{"taxonomy":"category","embeddable":true,"href":"https:\/\/vieassociative.be\/actualites\/wp-json\/wp\/v2\/categories?post=6899"},{"taxonomy":"post_tag","embeddable":true,"href":"https:\/\/vieassociative.be\/actualites\/wp-json\/wp\/v2\/tags?post=6899"}],"curies":[{"name":"wp","href":"https:\/\/api.w.org\/{rel}","templated":true}]}}