{"id":6892,"date":"2025-04-20T22:17:09","date_gmt":"2025-04-20T20:17:09","guid":{"rendered":"https:\/\/vieassociative.be\/actualites\/meme-evenepoel-inspire-a-nouveau-rattrape-meme-pogacar-mais-dane-skjelmose-remporte-la-course-amstel-gold\/"},"modified":"2025-04-20T22:17:09","modified_gmt":"2025-04-20T20:17:09","slug":"meme-evenepoel-inspire-a-nouveau-rattrape-meme-pogacar-mais-dane-skjelmose-remporte-la-course-amstel-gold","status":"publish","type":"post","link":"https:\/\/vieassociative.be\/actualites\/meme-evenepoel-inspire-a-nouveau-rattrape-meme-pogacar-mais-dane-skjelmose-remporte-la-course-amstel-gold\/","title":{"rendered":"M\u00eame EvenEpoel inspire \u00e0 nouveau, rattrape m\u00eame Pogacar, mais Dane Skjelmose remporte la course Amstel Gold"},"content":{"rendered":"<p><strong>Deux jours seulement apr\u00e8s sa victoire \u00e0 la fl\u00e8che de Brabant, Remco Evenepoel a \u00e9galement impressionn\u00e9 lors de sa deuxi\u00e8me course. Personne ne rattrape g\u00e9n\u00e9ralement Tadej Pogacar lorsque le Slov\u00e8ne est seul. Lors de la course Amstel Gold, cependant, m\u00eame Ohepoel a apport\u00e9 cet exploit avec les skis de Ski de Mattias. Dans le sprint, cependant, le Danois \u00e9tait en avance.<\/strong><\/p>\n<p><span id=\"more-413896\"><\/span>Skjelmose a \u00e9t\u00e9 le premier \u00e0 essayer de prendre la pers\u00e9cution de Tadej Pogacar, qui \u00e9tait parti seul apr\u00e8s avoir quitt\u00e9 Julian Alaphilippe sur le Kruisberg. M\u00eame Onepoel a annonc\u00e9 la deuxi\u00e8me attaque et a rattrap\u00e9 les Slov\u00e8nes pendant une seconde apr\u00e8s la seconde avant de le rattraper pr\u00e8s de 10 kilom\u00e8tres avant l&rsquo;arriv\u00e9e.<\/p>\n<div id=\"attachment_413899\" class=\"wp-caption alignleft\" style=\"max-width: 300px\"><img fetchpriority=\"high\" decoding=\"async\" class=\"wp-image-413899 size-medium\" src=\"https:\/\/vieassociative.be\/actualites\/wp-content\/uploads\/2025\/04\/Meme-EvenEpoel-inspire-a-nouveau-rattrape-meme-Pogacar-mais-Dane.jpg\" alt=\"\" width=\"300\" height=\"200\"><\/p>\n<p class=\"wp-caption-text\">Tadej Pogacar de Slov\u00e9nie en action. Photo: Marco Alpozzi \/ Lapresse \/ AP \/ DPA<\/p>\n<\/div>\n<p>La liste des d\u00e9marrages a promis un grand combat: Tadej Pogacar, Remco Evenepoel, Wout Van Aert, Tom Pidcock, Maxim Van Gils, Mattias Skjelmose, Thibau Nys &#8230; en bref, c&rsquo;\u00e9tait un grand groupe au d\u00e9but \u00e0 Maastricht. En outre, Onepoel, Van Aert et NYS ont \u00e9t\u00e9 impliqu\u00e9s au milieu de la course au milieu de la course, ce qui n&rsquo;\u00e9tait pas trop mal, sauf que le vainqueur nouvellement cuit de la fl\u00e8che de Brabant a conduit un coude.<\/p>\n<p>\u00c0 l&rsquo;entr\u00e9e du Gulperberg, 50 km avant l&rsquo;arriv\u00e9e, Julian Alaphilippe a commenc\u00e9 l&rsquo;hostilit\u00e9 avec une forte attaque. Seul Tadej Pogacar pourrait suivre le champion du monde \u00e0 deux temps de la France. Le Slov\u00e8ne a ensuite fait la diff\u00e9rence sur le Kruisberg et a attaqu\u00e9 42 kilom\u00e8tres avant l&rsquo;arriv\u00e9e.<\/p>\n<p>M\u00eame si nous sommes habitu\u00e9s \u00e0 ce genre d&rsquo;attaque pr\u00e9coce de Pogacar, les autres favoris savaient \u00e9galement. Mattias Skjelmosis a \u00e9t\u00e9 le premier \u00e0 essayer de r\u00e9duire la distance, suivi de Remco m\u00eamePoel. Le Belge a relanc\u00e9 la tension. Les deux poursuivants ont finalement r\u00e9ussi \u00e0 rattraper l&rsquo;Oger slov\u00e8ne. Dans le sprint, cependant, le Danois a pr\u00e9valu contre Pogacar et Pirepoel. (Cre)<\/p>\n","protected":false},"excerpt":{"rendered":"<p>Deux jours seulement apr\u00e8s sa victoire \u00e0 la fl\u00e8che de Brabant, Remco Evenepoel a \u00e9galement impressionn\u00e9 lors de sa deuxi\u00e8me course. Personne ne rattrape g\u00e9n\u00e9ralement<\/p>\n","protected":false},"author":1,"featured_media":6893,"comment_status":"","ping_status":"","sticky":false,"template":"","format":"standard","meta":{"footnotes":""},"categories":[298],"tags":[6529,6527,3737,6530,6526,156,891,553,5976,6001,2809,6528],"class_list":["post-6892","post","type-post","status-publish","format-standard","has-post-thumbnail","hentry","category-belgique","tag-amstel","tag-dane","tag-evenepoel","tag-gold","tag-inspire","tag-mais","tag-meme","tag-nouveau","tag-pogacar","tag-rattrape","tag-remporte","tag-skjelmose","generate-columns","tablet-grid-50","mobile-grid-100","grid-parent","grid-33"],"yoast_head":"<!-- This site is optimized with the Yoast SEO plugin v24.0 - https:\/\/yoast.com\/wordpress\/plugins\/seo\/ -->\n<title>M\u00eame EvenEpoel inspire \u00e0 nouveau, rattrape m\u00eame Pogacar, mais Dane Skjelmose remporte la course Amstel Gold | Vie Associative<\/title>\n<meta name=\"robots\" content=\"index, follow, max-snippet:-1, max-image-preview:large, max-video-preview:-1\" \/>\n<link rel=\"canonical\" href=\"https:\/\/vieassociative.be\/actualites\/meme-evenepoel-inspire-a-nouveau-rattrape-meme-pogacar-mais-dane-skjelmose-remporte-la-course-amstel-gold\/\" \/>\n<meta property=\"og:locale\" content=\"fr_FR\" \/>\n<meta property=\"og:type\" content=\"article\" \/>\n<meta property=\"og:title\" content=\"M\u00eame EvenEpoel inspire \u00e0 nouveau, rattrape m\u00eame Pogacar, mais Dane Skjelmose remporte la course Amstel Gold | Vie Associative\" \/>\n<meta property=\"og:description\" content=\"Deux jours seulement apr\u00e8s sa victoire \u00e0 la fl\u00e8che de Brabant, Remco Evenepoel a \u00e9galement impressionn\u00e9 lors de sa deuxi\u00e8me course. Personne ne rattrape g\u00e9n\u00e9ralement\" \/>\n<meta property=\"og:url\" content=\"https:\/\/vieassociative.be\/actualites\/meme-evenepoel-inspire-a-nouveau-rattrape-meme-pogacar-mais-dane-skjelmose-remporte-la-course-amstel-gold\/\" \/>\n<meta property=\"og:site_name\" content=\"Vie Associative\" \/>\n<meta property=\"article:published_time\" content=\"2025-04-20T20:17:09+00:00\" \/>\n<meta property=\"og:image\" content=\"https:\/\/vieassociative.be\/actualites\/wp-content\/uploads\/2024\/09\/header_backgroundk-01-e1726694325946.png\" \/>\n\t<meta property=\"og:image:width\" content=\"279\" \/>\n\t<meta property=\"og:image:height\" content=\"92\" \/>\n\t<meta property=\"og:image:type\" content=\"image\/png\" \/>\n<meta name=\"author\" content=\"Julien\" \/>\n<meta name=\"twitter:card\" content=\"summary_large_image\" \/>\n<meta name=\"twitter:label1\" content=\"\u00c9crit par\" \/>\n\t<meta name=\"twitter:data1\" content=\"Julien\" \/>\n\t<meta name=\"twitter:label2\" content=\"Dur\u00e9e de lecture est.\" \/>\n\t<meta name=\"twitter:data2\" content=\"2 minutes\" \/>\n<script type=\"application\/ld+json\" class=\"yoast-schema-graph\">{\"@context\":\"https:\/\/schema.org\",\"@graph\":[{\"@type\":\"Article\",\"@id\":\"https:\/\/vieassociative.be\/actualites\/meme-evenepoel-inspire-a-nouveau-rattrape-meme-pogacar-mais-dane-skjelmose-remporte-la-course-amstel-gold\/#article\",\"isPartOf\":{\"@id\":\"https:\/\/vieassociative.be\/actualites\/meme-evenepoel-inspire-a-nouveau-rattrape-meme-pogacar-mais-dane-skjelmose-remporte-la-course-amstel-gold\/\"},\"author\":{\"name\":\"Julien\",\"@id\":\"https:\/\/vieassociative.be\/actualites\/#\/schema\/person\/b87ac4f82f9d4e7b7cec7395b679edc4\"},\"headline\":\"M\u00eame EvenEpoel inspire \u00e0 nouveau, rattrape m\u00eame Pogacar, mais Dane Skjelmose remporte la course Amstel Gold\",\"datePublished\":\"2025-04-20T20:17:09+00:00\",\"dateModified\":\"2025-04-20T20:17:09+00:00\",\"mainEntityOfPage\":{\"@id\":\"https:\/\/vieassociative.be\/actualites\/meme-evenepoel-inspire-a-nouveau-rattrape-meme-pogacar-mais-dane-skjelmose-remporte-la-course-amstel-gold\/\"},\"wordCount\":364,\"publisher\":{\"@id\":\"https:\/\/vieassociative.be\/actualites\/#organization\"},\"image\":{\"@id\":\"https:\/\/vieassociative.be\/actualites\/meme-evenepoel-inspire-a-nouveau-rattrape-meme-pogacar-mais-dane-skjelmose-remporte-la-course-amstel-gold\/#primaryimage\"},\"thumbnailUrl\":\"https:\/\/vieassociative.be\/actualites\/wp-content\/uploads\/2025\/04\/1745180229_Meme-EvenEpoel-inspire-a-nouveau-rattrape-meme-Pogacar-mais-Dane.jpg\",\"keywords\":[\"Amstel\",\"Dane\",\"Evenepoel\",\"Gold\",\"inspire\",\"mais\",\"m\u00eame\",\"nouveau\",\"Pogacar\",\"rattrape\",\"remport\u00e9\",\"Skjelmose\"],\"articleSection\":[\"Belgique\"],\"inLanguage\":\"fr-BE\"},{\"@type\":\"WebPage\",\"@id\":\"https:\/\/vieassociative.be\/actualites\/meme-evenepoel-inspire-a-nouveau-rattrape-meme-pogacar-mais-dane-skjelmose-remporte-la-course-amstel-gold\/\",\"url\":\"https:\/\/vieassociative.be\/actualites\/meme-evenepoel-inspire-a-nouveau-rattrape-meme-pogacar-mais-dane-skjelmose-remporte-la-course-amstel-gold\/\",\"name\":\"M\u00eame EvenEpoel inspire \u00e0 nouveau, rattrape m\u00eame Pogacar, mais Dane Skjelmose remporte la course Amstel Gold | Vie Associative\",\"isPartOf\":{\"@id\":\"https:\/\/vieassociative.be\/actualites\/#website\"},\"primaryImageOfPage\":{\"@id\":\"https:\/\/vieassociative.be\/actualites\/meme-evenepoel-inspire-a-nouveau-rattrape-meme-pogacar-mais-dane-skjelmose-remporte-la-course-amstel-gold\/#primaryimage\"},\"image\":{\"@id\":\"https:\/\/vieassociative.be\/actualites\/meme-evenepoel-inspire-a-nouveau-rattrape-meme-pogacar-mais-dane-skjelmose-remporte-la-course-amstel-gold\/#primaryimage\"},\"thumbnailUrl\":\"https:\/\/vieassociative.be\/actualites\/wp-content\/uploads\/2025\/04\/1745180229_Meme-EvenEpoel-inspire-a-nouveau-rattrape-meme-Pogacar-mais-Dane.jpg\",\"datePublished\":\"2025-04-20T20:17:09+00:00\",\"dateModified\":\"2025-04-20T20:17:09+00:00\",\"breadcrumb\":{\"@id\":\"https:\/\/vieassociative.be\/actualites\/meme-evenepoel-inspire-a-nouveau-rattrape-meme-pogacar-mais-dane-skjelmose-remporte-la-course-amstel-gold\/#breadcrumb\"},\"inLanguage\":\"fr-BE\",\"potentialAction\":[{\"@type\":\"ReadAction\",\"target\":[\"https:\/\/vieassociative.be\/actualites\/meme-evenepoel-inspire-a-nouveau-rattrape-meme-pogacar-mais-dane-skjelmose-remporte-la-course-amstel-gold\/\"]}]},{\"@type\":\"ImageObject\",\"inLanguage\":\"fr-BE\",\"@id\":\"https:\/\/vieassociative.be\/actualites\/meme-evenepoel-inspire-a-nouveau-rattrape-meme-pogacar-mais-dane-skjelmose-remporte-la-course-amstel-gold\/#primaryimage\",\"url\":\"https:\/\/vieassociative.be\/actualites\/wp-content\/uploads\/2025\/04\/1745180229_Meme-EvenEpoel-inspire-a-nouveau-rattrape-meme-Pogacar-mais-Dane.jpg\",\"contentUrl\":\"https:\/\/vieassociative.be\/actualites\/wp-content\/uploads\/2025\/04\/1745180229_Meme-EvenEpoel-inspire-a-nouveau-rattrape-meme-Pogacar-mais-Dane.jpg\",\"width\":2560,\"height\":1898,\"caption\":\"M\u00eame EvenEpoel inspire \u00e0 nouveau, rattrape m\u00eame Pogacar, mais Dane Skjelmose remporte la course Amstel Gold\"},{\"@type\":\"BreadcrumbList\",\"@id\":\"https:\/\/vieassociative.be\/actualites\/meme-evenepoel-inspire-a-nouveau-rattrape-meme-pogacar-mais-dane-skjelmose-remporte-la-course-amstel-gold\/#breadcrumb\",\"itemListElement\":[{\"@type\":\"ListItem\",\"position\":1,\"name\":\"Accueil\",\"item\":\"https:\/\/vieassociative.be\/actualites\/\"},{\"@type\":\"ListItem\",\"position\":2,\"name\":\"M\u00eame EvenEpoel inspire \u00e0 nouveau, rattrape m\u00eame Pogacar, mais Dane Skjelmose remporte la course Amstel Gold\"}]},{\"@type\":\"WebSite\",\"@id\":\"https:\/\/vieassociative.be\/actualites\/#website\",\"url\":\"https:\/\/vieassociative.be\/actualites\/\",\"name\":\"Vie Associative\",\"description\":\"\",\"publisher\":{\"@id\":\"https:\/\/vieassociative.be\/actualites\/#organization\"},\"potentialAction\":[{\"@type\":\"SearchAction\",\"target\":{\"@type\":\"EntryPoint\",\"urlTemplate\":\"https:\/\/vieassociative.be\/actualites\/?s={search_term_string}\"},\"query-input\":{\"@type\":\"PropertyValueSpecification\",\"valueRequired\":true,\"valueName\":\"search_term_string\"}}],\"inLanguage\":\"fr-BE\"},{\"@type\":\"Organization\",\"@id\":\"https:\/\/vieassociative.be\/actualites\/#organization\",\"name\":\"Vie Associative\",\"url\":\"https:\/\/vieassociative.be\/actualites\/\",\"logo\":{\"@type\":\"ImageObject\",\"inLanguage\":\"fr-BE\",\"@id\":\"https:\/\/vieassociative.be\/actualites\/#\/schema\/logo\/image\/\",\"url\":\"https:\/\/vieassociative.be\/actualites\/wp-content\/uploads\/2024\/09\/cropped-vieassociative_favicon.ico.png\",\"contentUrl\":\"https:\/\/vieassociative.be\/actualites\/wp-content\/uploads\/2024\/09\/cropped-vieassociative_favicon.ico.png\",\"width\":512,\"height\":512,\"caption\":\"Vie Associative\"},\"image\":{\"@id\":\"https:\/\/vieassociative.be\/actualites\/#\/schema\/logo\/image\/\"}},{\"@type\":\"Person\",\"@id\":\"https:\/\/vieassociative.be\/actualites\/#\/schema\/person\/b87ac4f82f9d4e7b7cec7395b679edc4\",\"name\":\"Julien\",\"image\":{\"@type\":\"ImageObject\",\"inLanguage\":\"fr-BE\",\"@id\":\"https:\/\/vieassociative.be\/actualites\/#\/schema\/person\/image\/\",\"url\":\"https:\/\/vieassociative.be\/actualites\/wp-content\/uploads\/2024\/09\/vie-associative-1-150x150.jpg\",\"contentUrl\":\"https:\/\/vieassociative.be\/actualites\/wp-content\/uploads\/2024\/09\/vie-associative-1-150x150.jpg\",\"caption\":\"Julien\"},\"description\":\"Je suis Julien, r\u00e9dacteur pour Vie Associative. Passionn\u00e9 par le monde associatif depuis plus de 10 ans, j'ai \u00e0 c\u0153ur de partager des histoires inspirantes et de mettre en lumi\u00e8re les initiatives locales. Mon objectif est de sensibiliser et d'encourager l'engagement communautaire \u00e0 travers mes articles.\",\"sameAs\":[\"https:\/\/vieassociative.be\/\"]}]}<\/script>\n<!-- \/ Yoast SEO plugin. -->","yoast_head_json":{"title":"M\u00eame EvenEpoel inspire \u00e0 nouveau, rattrape m\u00eame Pogacar, mais Dane Skjelmose remporte la course Amstel Gold | Vie Associative","robots":{"index":"index","follow":"follow","max-snippet":"max-snippet:-1","max-image-preview":"max-image-preview:large","max-video-preview":"max-video-preview:-1"},"canonical":"https:\/\/vieassociative.be\/actualites\/meme-evenepoel-inspire-a-nouveau-rattrape-meme-pogacar-mais-dane-skjelmose-remporte-la-course-amstel-gold\/","og_locale":"fr_FR","og_type":"article","og_title":"M\u00eame EvenEpoel inspire \u00e0 nouveau, rattrape m\u00eame Pogacar, mais Dane Skjelmose remporte la course Amstel Gold | Vie Associative","og_description":"Deux jours seulement apr\u00e8s sa victoire \u00e0 la fl\u00e8che de Brabant, Remco Evenepoel a \u00e9galement impressionn\u00e9 lors de sa deuxi\u00e8me course. Personne ne rattrape g\u00e9n\u00e9ralement","og_url":"https:\/\/vieassociative.be\/actualites\/meme-evenepoel-inspire-a-nouveau-rattrape-meme-pogacar-mais-dane-skjelmose-remporte-la-course-amstel-gold\/","og_site_name":"Vie Associative","article_published_time":"2025-04-20T20:17:09+00:00","og_image":[{"width":279,"height":92,"url":"https:\/\/vieassociative.be\/actualites\/wp-content\/uploads\/2024\/09\/header_backgroundk-01-e1726694325946.png","type":"image\/png"}],"author":"Julien","twitter_card":"summary_large_image","twitter_misc":{"\u00c9crit par":"Julien","Dur\u00e9e de lecture est.":"2 minutes"},"schema":{"@context":"https:\/\/schema.org","@graph":[{"@type":"Article","@id":"https:\/\/vieassociative.be\/actualites\/meme-evenepoel-inspire-a-nouveau-rattrape-meme-pogacar-mais-dane-skjelmose-remporte-la-course-amstel-gold\/#article","isPartOf":{"@id":"https:\/\/vieassociative.be\/actualites\/meme-evenepoel-inspire-a-nouveau-rattrape-meme-pogacar-mais-dane-skjelmose-remporte-la-course-amstel-gold\/"},"author":{"name":"Julien","@id":"https:\/\/vieassociative.be\/actualites\/#\/schema\/person\/b87ac4f82f9d4e7b7cec7395b679edc4"},"headline":"M\u00eame EvenEpoel inspire \u00e0 nouveau, rattrape m\u00eame Pogacar, mais Dane Skjelmose remporte la course Amstel Gold","datePublished":"2025-04-20T20:17:09+00:00","dateModified":"2025-04-20T20:17:09+00:00","mainEntityOfPage":{"@id":"https:\/\/vieassociative.be\/actualites\/meme-evenepoel-inspire-a-nouveau-rattrape-meme-pogacar-mais-dane-skjelmose-remporte-la-course-amstel-gold\/"},"wordCount":364,"publisher":{"@id":"https:\/\/vieassociative.be\/actualites\/#organization"},"image":{"@id":"https:\/\/vieassociative.be\/actualites\/meme-evenepoel-inspire-a-nouveau-rattrape-meme-pogacar-mais-dane-skjelmose-remporte-la-course-amstel-gold\/#primaryimage"},"thumbnailUrl":"https:\/\/vieassociative.be\/actualites\/wp-content\/uploads\/2025\/04\/1745180229_Meme-EvenEpoel-inspire-a-nouveau-rattrape-meme-Pogacar-mais-Dane.jpg","keywords":["Amstel","Dane","Evenepoel","Gold","inspire","mais","m\u00eame","nouveau","Pogacar","rattrape","remport\u00e9","Skjelmose"],"articleSection":["Belgique"],"inLanguage":"fr-BE"},{"@type":"WebPage","@id":"https:\/\/vieassociative.be\/actualites\/meme-evenepoel-inspire-a-nouveau-rattrape-meme-pogacar-mais-dane-skjelmose-remporte-la-course-amstel-gold\/","url":"https:\/\/vieassociative.be\/actualites\/meme-evenepoel-inspire-a-nouveau-rattrape-meme-pogacar-mais-dane-skjelmose-remporte-la-course-amstel-gold\/","name":"M\u00eame EvenEpoel inspire \u00e0 nouveau, rattrape m\u00eame Pogacar, mais Dane Skjelmose remporte la course Amstel Gold | Vie Associative","isPartOf":{"@id":"https:\/\/vieassociative.be\/actualites\/#website"},"primaryImageOfPage":{"@id":"https:\/\/vieassociative.be\/actualites\/meme-evenepoel-inspire-a-nouveau-rattrape-meme-pogacar-mais-dane-skjelmose-remporte-la-course-amstel-gold\/#primaryimage"},"image":{"@id":"https:\/\/vieassociative.be\/actualites\/meme-evenepoel-inspire-a-nouveau-rattrape-meme-pogacar-mais-dane-skjelmose-remporte-la-course-amstel-gold\/#primaryimage"},"thumbnailUrl":"https:\/\/vieassociative.be\/actualites\/wp-content\/uploads\/2025\/04\/1745180229_Meme-EvenEpoel-inspire-a-nouveau-rattrape-meme-Pogacar-mais-Dane.jpg","datePublished":"2025-04-20T20:17:09+00:00","dateModified":"2025-04-20T20:17:09+00:00","breadcrumb":{"@id":"https:\/\/vieassociative.be\/actualites\/meme-evenepoel-inspire-a-nouveau-rattrape-meme-pogacar-mais-dane-skjelmose-remporte-la-course-amstel-gold\/#breadcrumb"},"inLanguage":"fr-BE","potentialAction":[{"@type":"ReadAction","target":["https:\/\/vieassociative.be\/actualites\/meme-evenepoel-inspire-a-nouveau-rattrape-meme-pogacar-mais-dane-skjelmose-remporte-la-course-amstel-gold\/"]}]},{"@type":"ImageObject","inLanguage":"fr-BE","@id":"https:\/\/vieassociative.be\/actualites\/meme-evenepoel-inspire-a-nouveau-rattrape-meme-pogacar-mais-dane-skjelmose-remporte-la-course-amstel-gold\/#primaryimage","url":"https:\/\/vieassociative.be\/actualites\/wp-content\/uploads\/2025\/04\/1745180229_Meme-EvenEpoel-inspire-a-nouveau-rattrape-meme-Pogacar-mais-Dane.jpg","contentUrl":"https:\/\/vieassociative.be\/actualites\/wp-content\/uploads\/2025\/04\/1745180229_Meme-EvenEpoel-inspire-a-nouveau-rattrape-meme-Pogacar-mais-Dane.jpg","width":2560,"height":1898,"caption":"M\u00eame EvenEpoel inspire \u00e0 nouveau, rattrape m\u00eame Pogacar, mais Dane Skjelmose remporte la course Amstel Gold"},{"@type":"BreadcrumbList","@id":"https:\/\/vieassociative.be\/actualites\/meme-evenepoel-inspire-a-nouveau-rattrape-meme-pogacar-mais-dane-skjelmose-remporte-la-course-amstel-gold\/#breadcrumb","itemListElement":[{"@type":"ListItem","position":1,"name":"Accueil","item":"https:\/\/vieassociative.be\/actualites\/"},{"@type":"ListItem","position":2,"name":"M\u00eame EvenEpoel inspire \u00e0 nouveau, rattrape m\u00eame Pogacar, mais Dane Skjelmose remporte la course Amstel Gold"}]},{"@type":"WebSite","@id":"https:\/\/vieassociative.be\/actualites\/#website","url":"https:\/\/vieassociative.be\/actualites\/","name":"Vie Associative","description":"","publisher":{"@id":"https:\/\/vieassociative.be\/actualites\/#organization"},"potentialAction":[{"@type":"SearchAction","target":{"@type":"EntryPoint","urlTemplate":"https:\/\/vieassociative.be\/actualites\/?s={search_term_string}"},"query-input":{"@type":"PropertyValueSpecification","valueRequired":true,"valueName":"search_term_string"}}],"inLanguage":"fr-BE"},{"@type":"Organization","@id":"https:\/\/vieassociative.be\/actualites\/#organization","name":"Vie Associative","url":"https:\/\/vieassociative.be\/actualites\/","logo":{"@type":"ImageObject","inLanguage":"fr-BE","@id":"https:\/\/vieassociative.be\/actualites\/#\/schema\/logo\/image\/","url":"https:\/\/vieassociative.be\/actualites\/wp-content\/uploads\/2024\/09\/cropped-vieassociative_favicon.ico.png","contentUrl":"https:\/\/vieassociative.be\/actualites\/wp-content\/uploads\/2024\/09\/cropped-vieassociative_favicon.ico.png","width":512,"height":512,"caption":"Vie Associative"},"image":{"@id":"https:\/\/vieassociative.be\/actualites\/#\/schema\/logo\/image\/"}},{"@type":"Person","@id":"https:\/\/vieassociative.be\/actualites\/#\/schema\/person\/b87ac4f82f9d4e7b7cec7395b679edc4","name":"Julien","image":{"@type":"ImageObject","inLanguage":"fr-BE","@id":"https:\/\/vieassociative.be\/actualites\/#\/schema\/person\/image\/","url":"https:\/\/vieassociative.be\/actualites\/wp-content\/uploads\/2024\/09\/vie-associative-1-150x150.jpg","contentUrl":"https:\/\/vieassociative.be\/actualites\/wp-content\/uploads\/2024\/09\/vie-associative-1-150x150.jpg","caption":"Julien"},"description":"Je suis Julien, r\u00e9dacteur pour Vie Associative. Passionn\u00e9 par le monde associatif depuis plus de 10 ans, j'ai \u00e0 c\u0153ur de partager des histoires inspirantes et de mettre en lumi\u00e8re les initiatives locales. Mon objectif est de sensibiliser et d'encourager l'engagement communautaire \u00e0 travers mes articles.","sameAs":["https:\/\/vieassociative.be\/"]}]}},"_links":{"self":[{"href":"https:\/\/vieassociative.be\/actualites\/wp-json\/wp\/v2\/posts\/6892"}],"collection":[{"href":"https:\/\/vieassociative.be\/actualites\/wp-json\/wp\/v2\/posts"}],"about":[{"href":"https:\/\/vieassociative.be\/actualites\/wp-json\/wp\/v2\/types\/post"}],"author":[{"embeddable":true,"href":"https:\/\/vieassociative.be\/actualites\/wp-json\/wp\/v2\/users\/1"}],"replies":[{"embeddable":true,"href":"https:\/\/vieassociative.be\/actualites\/wp-json\/wp\/v2\/comments?post=6892"}],"version-history":[{"count":0,"href":"https:\/\/vieassociative.be\/actualites\/wp-json\/wp\/v2\/posts\/6892\/revisions"}],"wp:featuredmedia":[{"embeddable":true,"href":"https:\/\/vieassociative.be\/actualites\/wp-json\/wp\/v2\/media\/6893"}],"wp:attachment":[{"href":"https:\/\/vieassociative.be\/actualites\/wp-json\/wp\/v2\/media?parent=6892"}],"wp:term":[{"taxonomy":"category","embeddable":true,"href":"https:\/\/vieassociative.be\/actualites\/wp-json\/wp\/v2\/categories?post=6892"},{"taxonomy":"post_tag","embeddable":true,"href":"https:\/\/vieassociative.be\/actualites\/wp-json\/wp\/v2\/tags?post=6892"}],"curies":[{"name":"wp","href":"https:\/\/api.w.org\/{rel}","templated":true}]}}