{"id":6890,"date":"2025-04-20T21:17:25","date_gmt":"2025-04-20T19:17:25","guid":{"rendered":"https:\/\/vieassociative.be\/actualites\/vous-pouvez-obtenir-cette-imprimante-photo-instantanee-kodak-en-vente-pour-70-maintenant\/"},"modified":"2025-04-20T21:17:25","modified_gmt":"2025-04-20T19:17:25","slug":"vous-pouvez-obtenir-cette-imprimante-photo-instantanee-kodak-en-vente-pour-70-maintenant","status":"publish","type":"post","link":"https:\/\/vieassociative.be\/actualites\/vous-pouvez-obtenir-cette-imprimante-photo-instantanee-kodak-en-vente-pour-70-maintenant\/","title":{"rendered":"Vous pouvez obtenir cette imprimante photo instantan\u00e9e Kodak en vente pour 70 $ maintenant"},"content":{"rendered":"<div class=\"mt-4 leading-6 md:mb-8\">Un moyen amusant et facile d&rsquo;imprimer des photos directement \u00e0 partir de votre t\u00e9l\u00e9phone ou de vos m\u00e9dias sociaux.<\/div>\n<p><\/p>\n<p>Il y a quelque chose de nostalgique \u00e0 tenir une photo imprim\u00e9e \u00e0 la main, en particulier dans un monde plein de d\u00e9filement et de balayage. C&rsquo;est probablement pourquoi l&rsquo;imprimante de photo de smartphone Kodak Step instantan\u00e9 a attir\u00e9 autant d&rsquo;attention &#8211; elle est assez petite pour tenir dans un sac, assez rapide \u00e0 utiliser en d\u00e9placement, et ne compte pas sur de l&rsquo;encre ou du toner. \u00c0 l&rsquo;heure actuelle, il est \u00e0 69,99 $ sur la pile en noir, blanc ou bleu. Et si les r\u00e9compenses vous importent, PCMAG l&rsquo;a nomm\u00e9 sa meilleure imprimante photo de l&rsquo;ann\u00e9e pour 2023 et lui a donn\u00e9 son coup de choix de l&rsquo;\u00e9diteur. Pas mal pour quelque chose en plastique l\u00e9ger avec une finition mate, pesant moins que votre t\u00e9l\u00e9phone et s&rsquo;adaptant parfaitement dans votre poche.<\/p>\n<p>Ce petit gadget se marie avec votre smartphone &#8211; IOS ou Android &#8211; Via Bluetooth ou NFC et crache des impressions de 2&#215;3 pouces en moins d&rsquo;une minute. Il n&rsquo;y a pas d&rsquo;encre impliqu\u00e9e &#8211; juste du papier photo Zink (\u00e0 encre z\u00e9ro) qui utilise des cristaux de colorant int\u00e9gr\u00e9s. Cela dit, le Pack de d\u00e9marrage ne comprend que cinq feuilles de papier photo, vous devrez donc faire le plein t\u00f4t si vous pr\u00e9voyez de l&rsquo;utiliser souvent. Les imprim\u00e9s ne sont pas de qualit\u00e9 pro-laboratoire (mais vous ne vous y attendez pas non plus), mais ils sont color\u00e9s, r\u00e9sistants aux taches, r\u00e9sistants \u00e0 l&rsquo;eau, sont livr\u00e9s avec un support de pelage et de b\u00e2ton et sont parfaits pour les albums, les planches d&rsquo;humeur ou les gifles sur votre r\u00e9frig\u00e9rateur. Vous pouvez imprimer jusqu&rsquo;\u00e0 25 photos sur une seule charge, et tout passe par l&rsquo;application Kodak. L&rsquo;application n&rsquo;est pas \u00e9poustouflante, mais elle vous permet de faire les bases &#8211; cultiver, ajouter des filtres, m\u00e9langer quelques autocollants, peut-\u00eatre un cadre ou deux.<\/p>\n<div class=\"pogoClear relative my-10 border-b-(1.5px) border-t-(1.5px) border-dashed border-black py-5 sm:my-14 sm:border-0 sm:py-0\" x-cloak x-data=\"{ commentsCount: null }\" x-init=\"commentsCount = await window.openweb.getMessagesCount(01JR7M4VS10M7FFHZJ66J2Z64Z)\" x-show=\"commentsCount !== null &amp;&amp; commentsCount &gt; 0\">\n<div class=\"absolute top-1\/2 hidden w-full -translate-y-1\/2 border-t-(1.5px) border-dashed border-black sm:block\"><\/div>\n<div class=\"relative flex justify-center\">\n<div class=\"flex max-w-max items-center gap-x-3 bg-white px-5\">\n<div class=\"relative\">\n                <span class=\"absolute left-1\/2 top-1\/2 -translate-x-1\/2 -translate-y-1\/2 font-akshar text-sm font-medium text-black\" x-text=\"commentsCount\"><\/span><\/p>\n<p>                <svg class=\"h-8 w-8 text-black\">\n                    <use href=\"http:\/\/lifehacker.com\/images\/icons\/spritemap.svg#sprite-chat-bubble\"><\/use>\n                <\/svg>\n            <\/div>\n<p>            <span class=\"text-sm font-medium text-black\">Que pensez-vous jusqu&rsquo;\u00e0 pr\u00e9sent? <button class=\"font-semibold text-brand-green underline hover:text-brand-green-700\" onclick=\"window.openweb.scrollToComments(01JR7M4VS10M7FFHZJ66J2Z64Z)\">Publier un commentaire.<\/button><\/span>\n        <\/div>\n<\/p><\/div>\n<\/div>\n<p>Il est \u00e9galement livr\u00e9 avec la garantie d&rsquo;un fabricant d&rsquo;un an, qui est une bonne tranquillit\u00e9 d&rsquo;esprit pour une imprimante portable \u00e0 ce prix. L&rsquo;exp\u00e9dition est limit\u00e9e aux \u00c9tats-Unis contigus, alors gardez cela \u00e0 l&rsquo;esprit si vous parcourez de l&rsquo;ext\u00e9rieur. Mais dans l&rsquo;ensemble, il s&rsquo;agit d&rsquo;une petite imprimante simple qui ne surpromet pas, ne trop compliqu\u00e9 et ne se comporte pas en fait d&rsquo;imprimer vos souvenirs en temps r\u00e9el.<\/p>\n","protected":false},"excerpt":{"rendered":"<p>Un moyen amusant et facile d&rsquo;imprimer des photos directement \u00e0 partir de votre t\u00e9l\u00e9phone ou de vos m\u00e9dias sociaux. Il y a quelque chose de<\/p>\n","protected":false},"author":1,"featured_media":6891,"comment_status":"","ping_status":"","sticky":false,"template":"","format":"standard","meta":{"footnotes":""},"categories":[13],"tags":[206,6524,6239,6525,233,227,2013,81,5,223,4],"class_list":["post-6890","post","type-post","status-publish","format-standard","has-post-thumbnail","hentry","category-technologie","tag-cette","tag-imprimante","tag-instantanee","tag-kodak","tag-maintenant","tag-obtenir","tag-photo","tag-pour","tag-pouvez","tag-vente","tag-vous","generate-columns","tablet-grid-50","mobile-grid-100","grid-parent","grid-33"],"yoast_head":"<!-- This site is optimized with the Yoast SEO plugin v24.0 - https:\/\/yoast.com\/wordpress\/plugins\/seo\/ -->\n<title>Vous pouvez obtenir cette imprimante photo instantan\u00e9e Kodak en vente pour 70 $ maintenant | Vie Associative<\/title>\n<meta name=\"robots\" content=\"index, follow, max-snippet:-1, max-image-preview:large, max-video-preview:-1\" \/>\n<link rel=\"canonical\" href=\"https:\/\/vieassociative.be\/actualites\/vous-pouvez-obtenir-cette-imprimante-photo-instantanee-kodak-en-vente-pour-70-maintenant\/\" \/>\n<meta property=\"og:locale\" content=\"fr_FR\" \/>\n<meta property=\"og:type\" content=\"article\" \/>\n<meta property=\"og:title\" content=\"Vous pouvez obtenir cette imprimante photo instantan\u00e9e Kodak en vente pour 70 $ maintenant | Vie Associative\" \/>\n<meta property=\"og:description\" content=\"Un moyen amusant et facile d&rsquo;imprimer des photos directement \u00e0 partir de votre t\u00e9l\u00e9phone ou de vos m\u00e9dias sociaux. Il y a quelque chose de\" \/>\n<meta property=\"og:url\" content=\"https:\/\/vieassociative.be\/actualites\/vous-pouvez-obtenir-cette-imprimante-photo-instantanee-kodak-en-vente-pour-70-maintenant\/\" \/>\n<meta property=\"og:site_name\" content=\"Vie Associative\" \/>\n<meta property=\"article:published_time\" content=\"2025-04-20T19:17:25+00:00\" \/>\n<meta property=\"og:image\" content=\"https:\/\/vieassociative.be\/actualites\/wp-content\/uploads\/2024\/09\/header_backgroundk-01-e1726694325946.png\" \/>\n\t<meta property=\"og:image:width\" content=\"279\" \/>\n\t<meta property=\"og:image:height\" content=\"92\" \/>\n\t<meta property=\"og:image:type\" content=\"image\/png\" \/>\n<meta name=\"author\" content=\"Julien\" \/>\n<meta name=\"twitter:card\" content=\"summary_large_image\" \/>\n<meta name=\"twitter:label1\" content=\"\u00c9crit par\" \/>\n\t<meta name=\"twitter:data1\" content=\"Julien\" \/>\n\t<meta name=\"twitter:label2\" content=\"Dur\u00e9e de lecture est.\" \/>\n\t<meta name=\"twitter:data2\" content=\"2 minutes\" \/>\n<script type=\"application\/ld+json\" class=\"yoast-schema-graph\">{\"@context\":\"https:\/\/schema.org\",\"@graph\":[{\"@type\":\"Article\",\"@id\":\"https:\/\/vieassociative.be\/actualites\/vous-pouvez-obtenir-cette-imprimante-photo-instantanee-kodak-en-vente-pour-70-maintenant\/#article\",\"isPartOf\":{\"@id\":\"https:\/\/vieassociative.be\/actualites\/vous-pouvez-obtenir-cette-imprimante-photo-instantanee-kodak-en-vente-pour-70-maintenant\/\"},\"author\":{\"name\":\"Julien\",\"@id\":\"https:\/\/vieassociative.be\/actualites\/#\/schema\/person\/b87ac4f82f9d4e7b7cec7395b679edc4\"},\"headline\":\"Vous pouvez obtenir cette imprimante photo instantan\u00e9e Kodak en vente pour 70 $ maintenant\",\"datePublished\":\"2025-04-20T19:17:25+00:00\",\"dateModified\":\"2025-04-20T19:17:25+00:00\",\"mainEntityOfPage\":{\"@id\":\"https:\/\/vieassociative.be\/actualites\/vous-pouvez-obtenir-cette-imprimante-photo-instantanee-kodak-en-vente-pour-70-maintenant\/\"},\"wordCount\":459,\"publisher\":{\"@id\":\"https:\/\/vieassociative.be\/actualites\/#organization\"},\"image\":{\"@id\":\"https:\/\/vieassociative.be\/actualites\/vous-pouvez-obtenir-cette-imprimante-photo-instantanee-kodak-en-vente-pour-70-maintenant\/#primaryimage\"},\"thumbnailUrl\":\"https:\/\/vieassociative.be\/actualites\/wp-content\/uploads\/2025\/04\/Vous-pouvez-obtenir-cette-imprimante-photo-instantanee-Kodak-en-vente.png\",\"keywords\":[\"cette\",\"imprimante\",\"instantan\u00e9e\",\"Kodak\",\"maintenant\",\"obtenir\",\"photo\",\"pour\",\"pouvez\",\"vente\",\"Vous\"],\"articleSection\":[\"Technologie\"],\"inLanguage\":\"fr-BE\"},{\"@type\":\"WebPage\",\"@id\":\"https:\/\/vieassociative.be\/actualites\/vous-pouvez-obtenir-cette-imprimante-photo-instantanee-kodak-en-vente-pour-70-maintenant\/\",\"url\":\"https:\/\/vieassociative.be\/actualites\/vous-pouvez-obtenir-cette-imprimante-photo-instantanee-kodak-en-vente-pour-70-maintenant\/\",\"name\":\"Vous pouvez obtenir cette imprimante photo instantan\u00e9e Kodak en vente pour 70 $ maintenant | Vie Associative\",\"isPartOf\":{\"@id\":\"https:\/\/vieassociative.be\/actualites\/#website\"},\"primaryImageOfPage\":{\"@id\":\"https:\/\/vieassociative.be\/actualites\/vous-pouvez-obtenir-cette-imprimante-photo-instantanee-kodak-en-vente-pour-70-maintenant\/#primaryimage\"},\"image\":{\"@id\":\"https:\/\/vieassociative.be\/actualites\/vous-pouvez-obtenir-cette-imprimante-photo-instantanee-kodak-en-vente-pour-70-maintenant\/#primaryimage\"},\"thumbnailUrl\":\"https:\/\/vieassociative.be\/actualites\/wp-content\/uploads\/2025\/04\/Vous-pouvez-obtenir-cette-imprimante-photo-instantanee-Kodak-en-vente.png\",\"datePublished\":\"2025-04-20T19:17:25+00:00\",\"dateModified\":\"2025-04-20T19:17:25+00:00\",\"breadcrumb\":{\"@id\":\"https:\/\/vieassociative.be\/actualites\/vous-pouvez-obtenir-cette-imprimante-photo-instantanee-kodak-en-vente-pour-70-maintenant\/#breadcrumb\"},\"inLanguage\":\"fr-BE\",\"potentialAction\":[{\"@type\":\"ReadAction\",\"target\":[\"https:\/\/vieassociative.be\/actualites\/vous-pouvez-obtenir-cette-imprimante-photo-instantanee-kodak-en-vente-pour-70-maintenant\/\"]}]},{\"@type\":\"ImageObject\",\"inLanguage\":\"fr-BE\",\"@id\":\"https:\/\/vieassociative.be\/actualites\/vous-pouvez-obtenir-cette-imprimante-photo-instantanee-kodak-en-vente-pour-70-maintenant\/#primaryimage\",\"url\":\"https:\/\/vieassociative.be\/actualites\/wp-content\/uploads\/2025\/04\/Vous-pouvez-obtenir-cette-imprimante-photo-instantanee-Kodak-en-vente.png\",\"contentUrl\":\"https:\/\/vieassociative.be\/actualites\/wp-content\/uploads\/2025\/04\/Vous-pouvez-obtenir-cette-imprimante-photo-instantanee-Kodak-en-vente.png\",\"width\":1200,\"height\":675,\"caption\":\"Vous pouvez obtenir cette imprimante photo instantan\u00e9e Kodak en vente pour 70 $ maintenant\"},{\"@type\":\"BreadcrumbList\",\"@id\":\"https:\/\/vieassociative.be\/actualites\/vous-pouvez-obtenir-cette-imprimante-photo-instantanee-kodak-en-vente-pour-70-maintenant\/#breadcrumb\",\"itemListElement\":[{\"@type\":\"ListItem\",\"position\":1,\"name\":\"Accueil\",\"item\":\"https:\/\/vieassociative.be\/actualites\/\"},{\"@type\":\"ListItem\",\"position\":2,\"name\":\"Vous pouvez obtenir cette imprimante photo instantan\u00e9e Kodak en vente pour 70 $ maintenant\"}]},{\"@type\":\"WebSite\",\"@id\":\"https:\/\/vieassociative.be\/actualites\/#website\",\"url\":\"https:\/\/vieassociative.be\/actualites\/\",\"name\":\"Vie Associative\",\"description\":\"\",\"publisher\":{\"@id\":\"https:\/\/vieassociative.be\/actualites\/#organization\"},\"potentialAction\":[{\"@type\":\"SearchAction\",\"target\":{\"@type\":\"EntryPoint\",\"urlTemplate\":\"https:\/\/vieassociative.be\/actualites\/?s={search_term_string}\"},\"query-input\":{\"@type\":\"PropertyValueSpecification\",\"valueRequired\":true,\"valueName\":\"search_term_string\"}}],\"inLanguage\":\"fr-BE\"},{\"@type\":\"Organization\",\"@id\":\"https:\/\/vieassociative.be\/actualites\/#organization\",\"name\":\"Vie Associative\",\"url\":\"https:\/\/vieassociative.be\/actualites\/\",\"logo\":{\"@type\":\"ImageObject\",\"inLanguage\":\"fr-BE\",\"@id\":\"https:\/\/vieassociative.be\/actualites\/#\/schema\/logo\/image\/\",\"url\":\"https:\/\/vieassociative.be\/actualites\/wp-content\/uploads\/2024\/09\/cropped-vieassociative_favicon.ico.png\",\"contentUrl\":\"https:\/\/vieassociative.be\/actualites\/wp-content\/uploads\/2024\/09\/cropped-vieassociative_favicon.ico.png\",\"width\":512,\"height\":512,\"caption\":\"Vie Associative\"},\"image\":{\"@id\":\"https:\/\/vieassociative.be\/actualites\/#\/schema\/logo\/image\/\"}},{\"@type\":\"Person\",\"@id\":\"https:\/\/vieassociative.be\/actualites\/#\/schema\/person\/b87ac4f82f9d4e7b7cec7395b679edc4\",\"name\":\"Julien\",\"image\":{\"@type\":\"ImageObject\",\"inLanguage\":\"fr-BE\",\"@id\":\"https:\/\/vieassociative.be\/actualites\/#\/schema\/person\/image\/\",\"url\":\"https:\/\/vieassociative.be\/actualites\/wp-content\/uploads\/2024\/09\/vie-associative-1-150x150.jpg\",\"contentUrl\":\"https:\/\/vieassociative.be\/actualites\/wp-content\/uploads\/2024\/09\/vie-associative-1-150x150.jpg\",\"caption\":\"Julien\"},\"description\":\"Je suis Julien, r\u00e9dacteur pour Vie Associative. Passionn\u00e9 par le monde associatif depuis plus de 10 ans, j'ai \u00e0 c\u0153ur de partager des histoires inspirantes et de mettre en lumi\u00e8re les initiatives locales. Mon objectif est de sensibiliser et d'encourager l'engagement communautaire \u00e0 travers mes articles.\",\"sameAs\":[\"https:\/\/vieassociative.be\/\"]}]}<\/script>\n<!-- \/ Yoast SEO plugin. -->","yoast_head_json":{"title":"Vous pouvez obtenir cette imprimante photo instantan\u00e9e Kodak en vente pour 70 $ maintenant | Vie Associative","robots":{"index":"index","follow":"follow","max-snippet":"max-snippet:-1","max-image-preview":"max-image-preview:large","max-video-preview":"max-video-preview:-1"},"canonical":"https:\/\/vieassociative.be\/actualites\/vous-pouvez-obtenir-cette-imprimante-photo-instantanee-kodak-en-vente-pour-70-maintenant\/","og_locale":"fr_FR","og_type":"article","og_title":"Vous pouvez obtenir cette imprimante photo instantan\u00e9e Kodak en vente pour 70 $ maintenant | Vie Associative","og_description":"Un moyen amusant et facile d&rsquo;imprimer des photos directement \u00e0 partir de votre t\u00e9l\u00e9phone ou de vos m\u00e9dias sociaux. Il y a quelque chose de","og_url":"https:\/\/vieassociative.be\/actualites\/vous-pouvez-obtenir-cette-imprimante-photo-instantanee-kodak-en-vente-pour-70-maintenant\/","og_site_name":"Vie Associative","article_published_time":"2025-04-20T19:17:25+00:00","og_image":[{"width":279,"height":92,"url":"https:\/\/vieassociative.be\/actualites\/wp-content\/uploads\/2024\/09\/header_backgroundk-01-e1726694325946.png","type":"image\/png"}],"author":"Julien","twitter_card":"summary_large_image","twitter_misc":{"\u00c9crit par":"Julien","Dur\u00e9e de lecture est.":"2 minutes"},"schema":{"@context":"https:\/\/schema.org","@graph":[{"@type":"Article","@id":"https:\/\/vieassociative.be\/actualites\/vous-pouvez-obtenir-cette-imprimante-photo-instantanee-kodak-en-vente-pour-70-maintenant\/#article","isPartOf":{"@id":"https:\/\/vieassociative.be\/actualites\/vous-pouvez-obtenir-cette-imprimante-photo-instantanee-kodak-en-vente-pour-70-maintenant\/"},"author":{"name":"Julien","@id":"https:\/\/vieassociative.be\/actualites\/#\/schema\/person\/b87ac4f82f9d4e7b7cec7395b679edc4"},"headline":"Vous pouvez obtenir cette imprimante photo instantan\u00e9e Kodak en vente pour 70 $ maintenant","datePublished":"2025-04-20T19:17:25+00:00","dateModified":"2025-04-20T19:17:25+00:00","mainEntityOfPage":{"@id":"https:\/\/vieassociative.be\/actualites\/vous-pouvez-obtenir-cette-imprimante-photo-instantanee-kodak-en-vente-pour-70-maintenant\/"},"wordCount":459,"publisher":{"@id":"https:\/\/vieassociative.be\/actualites\/#organization"},"image":{"@id":"https:\/\/vieassociative.be\/actualites\/vous-pouvez-obtenir-cette-imprimante-photo-instantanee-kodak-en-vente-pour-70-maintenant\/#primaryimage"},"thumbnailUrl":"https:\/\/vieassociative.be\/actualites\/wp-content\/uploads\/2025\/04\/Vous-pouvez-obtenir-cette-imprimante-photo-instantanee-Kodak-en-vente.png","keywords":["cette","imprimante","instantan\u00e9e","Kodak","maintenant","obtenir","photo","pour","pouvez","vente","Vous"],"articleSection":["Technologie"],"inLanguage":"fr-BE"},{"@type":"WebPage","@id":"https:\/\/vieassociative.be\/actualites\/vous-pouvez-obtenir-cette-imprimante-photo-instantanee-kodak-en-vente-pour-70-maintenant\/","url":"https:\/\/vieassociative.be\/actualites\/vous-pouvez-obtenir-cette-imprimante-photo-instantanee-kodak-en-vente-pour-70-maintenant\/","name":"Vous pouvez obtenir cette imprimante photo instantan\u00e9e Kodak en vente pour 70 $ maintenant | Vie Associative","isPartOf":{"@id":"https:\/\/vieassociative.be\/actualites\/#website"},"primaryImageOfPage":{"@id":"https:\/\/vieassociative.be\/actualites\/vous-pouvez-obtenir-cette-imprimante-photo-instantanee-kodak-en-vente-pour-70-maintenant\/#primaryimage"},"image":{"@id":"https:\/\/vieassociative.be\/actualites\/vous-pouvez-obtenir-cette-imprimante-photo-instantanee-kodak-en-vente-pour-70-maintenant\/#primaryimage"},"thumbnailUrl":"https:\/\/vieassociative.be\/actualites\/wp-content\/uploads\/2025\/04\/Vous-pouvez-obtenir-cette-imprimante-photo-instantanee-Kodak-en-vente.png","datePublished":"2025-04-20T19:17:25+00:00","dateModified":"2025-04-20T19:17:25+00:00","breadcrumb":{"@id":"https:\/\/vieassociative.be\/actualites\/vous-pouvez-obtenir-cette-imprimante-photo-instantanee-kodak-en-vente-pour-70-maintenant\/#breadcrumb"},"inLanguage":"fr-BE","potentialAction":[{"@type":"ReadAction","target":["https:\/\/vieassociative.be\/actualites\/vous-pouvez-obtenir-cette-imprimante-photo-instantanee-kodak-en-vente-pour-70-maintenant\/"]}]},{"@type":"ImageObject","inLanguage":"fr-BE","@id":"https:\/\/vieassociative.be\/actualites\/vous-pouvez-obtenir-cette-imprimante-photo-instantanee-kodak-en-vente-pour-70-maintenant\/#primaryimage","url":"https:\/\/vieassociative.be\/actualites\/wp-content\/uploads\/2025\/04\/Vous-pouvez-obtenir-cette-imprimante-photo-instantanee-Kodak-en-vente.png","contentUrl":"https:\/\/vieassociative.be\/actualites\/wp-content\/uploads\/2025\/04\/Vous-pouvez-obtenir-cette-imprimante-photo-instantanee-Kodak-en-vente.png","width":1200,"height":675,"caption":"Vous pouvez obtenir cette imprimante photo instantan\u00e9e Kodak en vente pour 70 $ maintenant"},{"@type":"BreadcrumbList","@id":"https:\/\/vieassociative.be\/actualites\/vous-pouvez-obtenir-cette-imprimante-photo-instantanee-kodak-en-vente-pour-70-maintenant\/#breadcrumb","itemListElement":[{"@type":"ListItem","position":1,"name":"Accueil","item":"https:\/\/vieassociative.be\/actualites\/"},{"@type":"ListItem","position":2,"name":"Vous pouvez obtenir cette imprimante photo instantan\u00e9e Kodak en vente pour 70 $ maintenant"}]},{"@type":"WebSite","@id":"https:\/\/vieassociative.be\/actualites\/#website","url":"https:\/\/vieassociative.be\/actualites\/","name":"Vie Associative","description":"","publisher":{"@id":"https:\/\/vieassociative.be\/actualites\/#organization"},"potentialAction":[{"@type":"SearchAction","target":{"@type":"EntryPoint","urlTemplate":"https:\/\/vieassociative.be\/actualites\/?s={search_term_string}"},"query-input":{"@type":"PropertyValueSpecification","valueRequired":true,"valueName":"search_term_string"}}],"inLanguage":"fr-BE"},{"@type":"Organization","@id":"https:\/\/vieassociative.be\/actualites\/#organization","name":"Vie Associative","url":"https:\/\/vieassociative.be\/actualites\/","logo":{"@type":"ImageObject","inLanguage":"fr-BE","@id":"https:\/\/vieassociative.be\/actualites\/#\/schema\/logo\/image\/","url":"https:\/\/vieassociative.be\/actualites\/wp-content\/uploads\/2024\/09\/cropped-vieassociative_favicon.ico.png","contentUrl":"https:\/\/vieassociative.be\/actualites\/wp-content\/uploads\/2024\/09\/cropped-vieassociative_favicon.ico.png","width":512,"height":512,"caption":"Vie Associative"},"image":{"@id":"https:\/\/vieassociative.be\/actualites\/#\/schema\/logo\/image\/"}},{"@type":"Person","@id":"https:\/\/vieassociative.be\/actualites\/#\/schema\/person\/b87ac4f82f9d4e7b7cec7395b679edc4","name":"Julien","image":{"@type":"ImageObject","inLanguage":"fr-BE","@id":"https:\/\/vieassociative.be\/actualites\/#\/schema\/person\/image\/","url":"https:\/\/vieassociative.be\/actualites\/wp-content\/uploads\/2024\/09\/vie-associative-1-150x150.jpg","contentUrl":"https:\/\/vieassociative.be\/actualites\/wp-content\/uploads\/2024\/09\/vie-associative-1-150x150.jpg","caption":"Julien"},"description":"Je suis Julien, r\u00e9dacteur pour Vie Associative. Passionn\u00e9 par le monde associatif depuis plus de 10 ans, j'ai \u00e0 c\u0153ur de partager des histoires inspirantes et de mettre en lumi\u00e8re les initiatives locales. Mon objectif est de sensibiliser et d'encourager l'engagement communautaire \u00e0 travers mes articles.","sameAs":["https:\/\/vieassociative.be\/"]}]}},"_links":{"self":[{"href":"https:\/\/vieassociative.be\/actualites\/wp-json\/wp\/v2\/posts\/6890"}],"collection":[{"href":"https:\/\/vieassociative.be\/actualites\/wp-json\/wp\/v2\/posts"}],"about":[{"href":"https:\/\/vieassociative.be\/actualites\/wp-json\/wp\/v2\/types\/post"}],"author":[{"embeddable":true,"href":"https:\/\/vieassociative.be\/actualites\/wp-json\/wp\/v2\/users\/1"}],"replies":[{"embeddable":true,"href":"https:\/\/vieassociative.be\/actualites\/wp-json\/wp\/v2\/comments?post=6890"}],"version-history":[{"count":0,"href":"https:\/\/vieassociative.be\/actualites\/wp-json\/wp\/v2\/posts\/6890\/revisions"}],"wp:featuredmedia":[{"embeddable":true,"href":"https:\/\/vieassociative.be\/actualites\/wp-json\/wp\/v2\/media\/6891"}],"wp:attachment":[{"href":"https:\/\/vieassociative.be\/actualites\/wp-json\/wp\/v2\/media?parent=6890"}],"wp:term":[{"taxonomy":"category","embeddable":true,"href":"https:\/\/vieassociative.be\/actualites\/wp-json\/wp\/v2\/categories?post=6890"},{"taxonomy":"post_tag","embeddable":true,"href":"https:\/\/vieassociative.be\/actualites\/wp-json\/wp\/v2\/tags?post=6890"}],"curies":[{"name":"wp","href":"https:\/\/api.w.org\/{rel}","templated":true}]}}