{"id":689,"date":"2024-09-30T14:17:32","date_gmt":"2024-09-30T12:17:32","guid":{"rendered":"https:\/\/vieassociative.be\/actualites\/etes-vous-eligible-pour-acheter-applecare-apres-60-jours\/"},"modified":"2024-09-30T14:17:32","modified_gmt":"2024-09-30T12:17:32","slug":"etes-vous-eligible-pour-acheter-applecare-apres-60-jours","status":"publish","type":"post","link":"https:\/\/vieassociative.be\/actualites\/etes-vous-eligible-pour-acheter-applecare-apres-60-jours\/","title":{"rendered":"\u00cates-vous \u00e9ligible pour acheter AppleCare+ apr\u00e8s 60 jours ?"},"content":{"rendered":"<div class=\"mt-4 leading-6 md:mb-8\">Prot\u00e9gez votre iPhone, iPad ou Mac avant qu&rsquo;il ne soit trop tard, et il n&rsquo;est peut-\u00eatre pas trop tard.<\/div>\n<p><\/p>\n<p>Lorsque vous achetez pour la premi\u00e8re fois un nouveau produit Apple co\u00fbteux, AppleCare+ peut sembler un co\u00fbt suppl\u00e9mentaire inutile. Apr\u00e8s tout, vous allez traiter cette technologie brillante avec le plus grand soin ; tu ne laisseras rien lui arriver ! In\u00e9vitablement, vous r\u00e9alisez votre folie, soit parce que vous avez bris\u00e9 l&rsquo;\u00e9cran de votre iPhone, soit parce que vous voyez \u00e0 quel point il serait facile de le faire. M\u00eame si vous pensez peut-\u00eatre qu&rsquo;il est trop tard pour assurer ce produit aupr\u00e8s d&rsquo;Apple, vous pourriez avoir de la chance.<\/p>\n<p>Auparavant, Apple fixait le plafond d&rsquo;ajout d&rsquo;AppleCare+ \u00e0 un appareil \u00e0 60 jours \u00e0 compter de la date d&rsquo;achat. Si vous avez achet\u00e9 un iPad et que vous regrettez de ne pas avoir achet\u00e9 AppleCare+ un mois plus tard, vous pouvez l\u2019assurer. Cependant, une fois que vous aurez franchi ce seuil de deux mois, vous serez refoul\u00e9. Ce n&rsquo;est plus le cas, selon une note interne d&rsquo;Apple obtenue par MacRumors.<\/p>\n<h2 id=\"how-to-know-if-you-can-add-applecare-to-your-device\">Comment savoir si vous pouvez ajouter AppleCare+ \u00e0 votre appareil<\/h2>\n<p>Votre produit Apple est \u00e9ligible \u00e0 AppleCare+ tant que les conditions suivantes sont remplies : Votre appareil doit toujours b\u00e9n\u00e9ficier de la garantie limit\u00e9e d&rsquo;un an (ce qui signifie que vous auriez d\u00fb l&rsquo;acheter il y a moins d&rsquo;un an) et il doit passer avec succ\u00e8s une inspection physique. et les tests de diagnostic. Cette derni\u00e8re partie est certainement un peu plus subjective que de savoir quand vous avez achet\u00e9 l&rsquo;appareil, mais le plus important, surtout en ce qui concerne les iPhones, ce sont les \u00e9crans et le verre fissur\u00e9s ou endommag\u00e9s. <\/p>\n<p>Si votre appareil <em>est<\/em> endommag\u00e9, cependant, vous n&rsquo;\u00eates pas totalement perdu. Apple vous permettra toujours d&rsquo;acheter AppleCare+ pour l&rsquo;appareil apr\u00e8s l&rsquo;avoir r\u00e9par\u00e9. Disons que votre iPhone a un \u00e9cran cass\u00e9. Vous le faites r\u00e9parer et payez les frais hors garantie pour le remplacer. Une fois l&rsquo;\u00e9cran r\u00e9par\u00e9, vous pouvez alors choisir de souscrire une couverture AppleCare+ pour r\u00e9duire le co\u00fbt des r\u00e9parations futures.<\/p>\n<p>Avec iOS 15.2, qui sortira bient\u00f4t, vous pourrez \u00e9galement v\u00e9rifier si votre iPhone dispose de pi\u00e8ces d&rsquo;origine Apple. Cette analyse vous permettra de savoir si Apple acceptera votre t\u00e9l\u00e9phone tel quel ou si vous devrez remplacer une pi\u00e8ce non authentique avant de pouvoir acheter AppleCare+.<\/p>\n<p>Nous avons expliqu\u00e9 pourquoi AppleCare+ est un investissement si intelligent lorsqu&rsquo;il s&rsquo;agit de produits Apple. Malheureusement, il n&rsquo;est \u00ab intelligent \u00bb que parce qu&rsquo;Apple l&rsquo;a con\u00e7u de cette fa\u00e7on\u00a0; l&rsquo;entreprise rend la r\u00e9paration de ses appareils difficile et compliqu\u00e9e, et incroyablement co\u00fbteuse. \u00c0 l\u2019heure actuelle, souscrire une assurance peut \u00eatre le meilleur moyen de vous prot\u00e9ger contre des co\u00fbts de r\u00e9paration \u00e9lev\u00e9s et de maintenir votre appareil en bon \u00e9tat de fonctionnement.<\/p>\n<p>(MacRumeurs)<\/p>\n<p><\/p>\n","protected":false},"excerpt":{"rendered":"<p>Prot\u00e9gez votre iPhone, iPad ou Mac avant qu&rsquo;il ne soit trop tard, et il n&rsquo;est peut-\u00eatre pas trop tard. Lorsque vous achetez pour la premi\u00e8re<\/p>\n","protected":false},"author":1,"featured_media":690,"comment_status":"","ping_status":"","sticky":false,"template":"","format":"standard","meta":{"footnotes":""},"categories":[13],"tags":[428,1107,472,1106,1105,937,81],"class_list":["post-689","post","type-post","status-publish","format-standard","has-post-thumbnail","hentry","category-technologie","tag-acheter","tag-applecare","tag-apres","tag-eligible","tag-etesvous","tag-jours","tag-pour","generate-columns","tablet-grid-50","mobile-grid-100","grid-parent","grid-33"],"yoast_head":"<!-- This site is optimized with the Yoast SEO plugin v24.0 - https:\/\/yoast.com\/wordpress\/plugins\/seo\/ -->\n<title>\u00cates-vous \u00e9ligible pour acheter AppleCare+ apr\u00e8s 60 jours ? | Vie Associative<\/title>\n<meta name=\"robots\" content=\"index, follow, max-snippet:-1, max-image-preview:large, max-video-preview:-1\" \/>\n<link rel=\"canonical\" href=\"https:\/\/vieassociative.be\/actualites\/etes-vous-eligible-pour-acheter-applecare-apres-60-jours\/\" \/>\n<meta property=\"og:locale\" content=\"fr_FR\" \/>\n<meta property=\"og:type\" content=\"article\" \/>\n<meta property=\"og:title\" content=\"\u00cates-vous \u00e9ligible pour acheter AppleCare+ apr\u00e8s 60 jours ? | Vie Associative\" \/>\n<meta property=\"og:description\" content=\"Prot\u00e9gez votre iPhone, iPad ou Mac avant qu&rsquo;il ne soit trop tard, et il n&rsquo;est peut-\u00eatre pas trop tard. Lorsque vous achetez pour la premi\u00e8re\" \/>\n<meta property=\"og:url\" content=\"https:\/\/vieassociative.be\/actualites\/etes-vous-eligible-pour-acheter-applecare-apres-60-jours\/\" \/>\n<meta property=\"og:site_name\" content=\"Vie Associative\" \/>\n<meta property=\"article:published_time\" content=\"2024-09-30T12:17:32+00:00\" \/>\n<meta property=\"og:image\" content=\"https:\/\/vieassociative.be\/actualites\/wp-content\/uploads\/2024\/09\/header_backgroundk-01-e1726694325946.png\" \/>\n\t<meta property=\"og:image:width\" content=\"279\" \/>\n\t<meta property=\"og:image:height\" content=\"92\" \/>\n\t<meta property=\"og:image:type\" content=\"image\/png\" \/>\n<meta name=\"author\" content=\"Julien\" \/>\n<meta name=\"twitter:card\" content=\"summary_large_image\" \/>\n<meta name=\"twitter:label1\" content=\"\u00c9crit par\" \/>\n\t<meta name=\"twitter:data1\" content=\"Julien\" \/>\n\t<meta name=\"twitter:label2\" content=\"Dur\u00e9e de lecture est.\" \/>\n\t<meta name=\"twitter:data2\" content=\"2 minutes\" \/>\n<script type=\"application\/ld+json\" class=\"yoast-schema-graph\">{\"@context\":\"https:\/\/schema.org\",\"@graph\":[{\"@type\":\"Article\",\"@id\":\"https:\/\/vieassociative.be\/actualites\/etes-vous-eligible-pour-acheter-applecare-apres-60-jours\/#article\",\"isPartOf\":{\"@id\":\"https:\/\/vieassociative.be\/actualites\/etes-vous-eligible-pour-acheter-applecare-apres-60-jours\/\"},\"author\":{\"name\":\"Julien\",\"@id\":\"https:\/\/vieassociative.be\/actualites\/#\/schema\/person\/b87ac4f82f9d4e7b7cec7395b679edc4\"},\"headline\":\"\u00cates-vous \u00e9ligible pour acheter AppleCare+ apr\u00e8s 60 jours ?\",\"datePublished\":\"2024-09-30T12:17:32+00:00\",\"dateModified\":\"2024-09-30T12:17:32+00:00\",\"mainEntityOfPage\":{\"@id\":\"https:\/\/vieassociative.be\/actualites\/etes-vous-eligible-pour-acheter-applecare-apres-60-jours\/\"},\"wordCount\":525,\"publisher\":{\"@id\":\"https:\/\/vieassociative.be\/actualites\/#organization\"},\"image\":{\"@id\":\"https:\/\/vieassociative.be\/actualites\/etes-vous-eligible-pour-acheter-applecare-apres-60-jours\/#primaryimage\"},\"thumbnailUrl\":\"https:\/\/vieassociative.be\/actualites\/wp-content\/uploads\/2024\/09\/Etes-vous-eligible-pour-acheter-AppleCare-apres-60-jours.jpg\",\"keywords\":[\"acheter\",\"AppleCare\",\"Apr\u00e8s\",\"\u00e9ligible\",\"\u00catesvous\",\"jours\",\"pour\"],\"articleSection\":[\"Technologie\"],\"inLanguage\":\"fr-BE\"},{\"@type\":\"WebPage\",\"@id\":\"https:\/\/vieassociative.be\/actualites\/etes-vous-eligible-pour-acheter-applecare-apres-60-jours\/\",\"url\":\"https:\/\/vieassociative.be\/actualites\/etes-vous-eligible-pour-acheter-applecare-apres-60-jours\/\",\"name\":\"\u00cates-vous \u00e9ligible pour acheter AppleCare+ apr\u00e8s 60 jours ? | Vie Associative\",\"isPartOf\":{\"@id\":\"https:\/\/vieassociative.be\/actualites\/#website\"},\"primaryImageOfPage\":{\"@id\":\"https:\/\/vieassociative.be\/actualites\/etes-vous-eligible-pour-acheter-applecare-apres-60-jours\/#primaryimage\"},\"image\":{\"@id\":\"https:\/\/vieassociative.be\/actualites\/etes-vous-eligible-pour-acheter-applecare-apres-60-jours\/#primaryimage\"},\"thumbnailUrl\":\"https:\/\/vieassociative.be\/actualites\/wp-content\/uploads\/2024\/09\/Etes-vous-eligible-pour-acheter-AppleCare-apres-60-jours.jpg\",\"datePublished\":\"2024-09-30T12:17:32+00:00\",\"dateModified\":\"2024-09-30T12:17:32+00:00\",\"breadcrumb\":{\"@id\":\"https:\/\/vieassociative.be\/actualites\/etes-vous-eligible-pour-acheter-applecare-apres-60-jours\/#breadcrumb\"},\"inLanguage\":\"fr-BE\",\"potentialAction\":[{\"@type\":\"ReadAction\",\"target\":[\"https:\/\/vieassociative.be\/actualites\/etes-vous-eligible-pour-acheter-applecare-apres-60-jours\/\"]}]},{\"@type\":\"ImageObject\",\"inLanguage\":\"fr-BE\",\"@id\":\"https:\/\/vieassociative.be\/actualites\/etes-vous-eligible-pour-acheter-applecare-apres-60-jours\/#primaryimage\",\"url\":\"https:\/\/vieassociative.be\/actualites\/wp-content\/uploads\/2024\/09\/Etes-vous-eligible-pour-acheter-AppleCare-apres-60-jours.jpg\",\"contentUrl\":\"https:\/\/vieassociative.be\/actualites\/wp-content\/uploads\/2024\/09\/Etes-vous-eligible-pour-acheter-AppleCare-apres-60-jours.jpg\",\"width\":1200,\"height\":675,\"caption\":\"\u00cates-vous \u00e9ligible pour acheter AppleCare+ apr\u00e8s 60 jours ?\"},{\"@type\":\"BreadcrumbList\",\"@id\":\"https:\/\/vieassociative.be\/actualites\/etes-vous-eligible-pour-acheter-applecare-apres-60-jours\/#breadcrumb\",\"itemListElement\":[{\"@type\":\"ListItem\",\"position\":1,\"name\":\"Accueil\",\"item\":\"https:\/\/vieassociative.be\/actualites\/\"},{\"@type\":\"ListItem\",\"position\":2,\"name\":\"\u00cates-vous \u00e9ligible pour acheter AppleCare+ apr\u00e8s 60 jours ?\"}]},{\"@type\":\"WebSite\",\"@id\":\"https:\/\/vieassociative.be\/actualites\/#website\",\"url\":\"https:\/\/vieassociative.be\/actualites\/\",\"name\":\"Vie Associative\",\"description\":\"\",\"publisher\":{\"@id\":\"https:\/\/vieassociative.be\/actualites\/#organization\"},\"potentialAction\":[{\"@type\":\"SearchAction\",\"target\":{\"@type\":\"EntryPoint\",\"urlTemplate\":\"https:\/\/vieassociative.be\/actualites\/?s={search_term_string}\"},\"query-input\":{\"@type\":\"PropertyValueSpecification\",\"valueRequired\":true,\"valueName\":\"search_term_string\"}}],\"inLanguage\":\"fr-BE\"},{\"@type\":\"Organization\",\"@id\":\"https:\/\/vieassociative.be\/actualites\/#organization\",\"name\":\"Vie Associative\",\"url\":\"https:\/\/vieassociative.be\/actualites\/\",\"logo\":{\"@type\":\"ImageObject\",\"inLanguage\":\"fr-BE\",\"@id\":\"https:\/\/vieassociative.be\/actualites\/#\/schema\/logo\/image\/\",\"url\":\"https:\/\/vieassociative.be\/actualites\/wp-content\/uploads\/2024\/09\/cropped-vieassociative_favicon.ico.png\",\"contentUrl\":\"https:\/\/vieassociative.be\/actualites\/wp-content\/uploads\/2024\/09\/cropped-vieassociative_favicon.ico.png\",\"width\":512,\"height\":512,\"caption\":\"Vie Associative\"},\"image\":{\"@id\":\"https:\/\/vieassociative.be\/actualites\/#\/schema\/logo\/image\/\"}},{\"@type\":\"Person\",\"@id\":\"https:\/\/vieassociative.be\/actualites\/#\/schema\/person\/b87ac4f82f9d4e7b7cec7395b679edc4\",\"name\":\"Julien\",\"image\":{\"@type\":\"ImageObject\",\"inLanguage\":\"fr-BE\",\"@id\":\"https:\/\/vieassociative.be\/actualites\/#\/schema\/person\/image\/\",\"url\":\"https:\/\/vieassociative.be\/actualites\/wp-content\/uploads\/2024\/09\/vie-associative-1-150x150.jpg\",\"contentUrl\":\"https:\/\/vieassociative.be\/actualites\/wp-content\/uploads\/2024\/09\/vie-associative-1-150x150.jpg\",\"caption\":\"Julien\"},\"description\":\"Je suis Julien, r\u00e9dacteur pour Vie Associative. Passionn\u00e9 par le monde associatif depuis plus de 10 ans, j'ai \u00e0 c\u0153ur de partager des histoires inspirantes et de mettre en lumi\u00e8re les initiatives locales. Mon objectif est de sensibiliser et d'encourager l'engagement communautaire \u00e0 travers mes articles.\",\"sameAs\":[\"https:\/\/vieassociative.be\/\"]}]}<\/script>\n<!-- \/ Yoast SEO plugin. -->","yoast_head_json":{"title":"\u00cates-vous \u00e9ligible pour acheter AppleCare+ apr\u00e8s 60 jours ? | Vie Associative","robots":{"index":"index","follow":"follow","max-snippet":"max-snippet:-1","max-image-preview":"max-image-preview:large","max-video-preview":"max-video-preview:-1"},"canonical":"https:\/\/vieassociative.be\/actualites\/etes-vous-eligible-pour-acheter-applecare-apres-60-jours\/","og_locale":"fr_FR","og_type":"article","og_title":"\u00cates-vous \u00e9ligible pour acheter AppleCare+ apr\u00e8s 60 jours ? | Vie Associative","og_description":"Prot\u00e9gez votre iPhone, iPad ou Mac avant qu&rsquo;il ne soit trop tard, et il n&rsquo;est peut-\u00eatre pas trop tard. Lorsque vous achetez pour la premi\u00e8re","og_url":"https:\/\/vieassociative.be\/actualites\/etes-vous-eligible-pour-acheter-applecare-apres-60-jours\/","og_site_name":"Vie Associative","article_published_time":"2024-09-30T12:17:32+00:00","og_image":[{"width":279,"height":92,"url":"https:\/\/vieassociative.be\/actualites\/wp-content\/uploads\/2024\/09\/header_backgroundk-01-e1726694325946.png","type":"image\/png"}],"author":"Julien","twitter_card":"summary_large_image","twitter_misc":{"\u00c9crit par":"Julien","Dur\u00e9e de lecture est.":"2 minutes"},"schema":{"@context":"https:\/\/schema.org","@graph":[{"@type":"Article","@id":"https:\/\/vieassociative.be\/actualites\/etes-vous-eligible-pour-acheter-applecare-apres-60-jours\/#article","isPartOf":{"@id":"https:\/\/vieassociative.be\/actualites\/etes-vous-eligible-pour-acheter-applecare-apres-60-jours\/"},"author":{"name":"Julien","@id":"https:\/\/vieassociative.be\/actualites\/#\/schema\/person\/b87ac4f82f9d4e7b7cec7395b679edc4"},"headline":"\u00cates-vous \u00e9ligible pour acheter AppleCare+ apr\u00e8s 60 jours ?","datePublished":"2024-09-30T12:17:32+00:00","dateModified":"2024-09-30T12:17:32+00:00","mainEntityOfPage":{"@id":"https:\/\/vieassociative.be\/actualites\/etes-vous-eligible-pour-acheter-applecare-apres-60-jours\/"},"wordCount":525,"publisher":{"@id":"https:\/\/vieassociative.be\/actualites\/#organization"},"image":{"@id":"https:\/\/vieassociative.be\/actualites\/etes-vous-eligible-pour-acheter-applecare-apres-60-jours\/#primaryimage"},"thumbnailUrl":"https:\/\/vieassociative.be\/actualites\/wp-content\/uploads\/2024\/09\/Etes-vous-eligible-pour-acheter-AppleCare-apres-60-jours.jpg","keywords":["acheter","AppleCare","Apr\u00e8s","\u00e9ligible","\u00catesvous","jours","pour"],"articleSection":["Technologie"],"inLanguage":"fr-BE"},{"@type":"WebPage","@id":"https:\/\/vieassociative.be\/actualites\/etes-vous-eligible-pour-acheter-applecare-apres-60-jours\/","url":"https:\/\/vieassociative.be\/actualites\/etes-vous-eligible-pour-acheter-applecare-apres-60-jours\/","name":"\u00cates-vous \u00e9ligible pour acheter AppleCare+ apr\u00e8s 60 jours ? | Vie Associative","isPartOf":{"@id":"https:\/\/vieassociative.be\/actualites\/#website"},"primaryImageOfPage":{"@id":"https:\/\/vieassociative.be\/actualites\/etes-vous-eligible-pour-acheter-applecare-apres-60-jours\/#primaryimage"},"image":{"@id":"https:\/\/vieassociative.be\/actualites\/etes-vous-eligible-pour-acheter-applecare-apres-60-jours\/#primaryimage"},"thumbnailUrl":"https:\/\/vieassociative.be\/actualites\/wp-content\/uploads\/2024\/09\/Etes-vous-eligible-pour-acheter-AppleCare-apres-60-jours.jpg","datePublished":"2024-09-30T12:17:32+00:00","dateModified":"2024-09-30T12:17:32+00:00","breadcrumb":{"@id":"https:\/\/vieassociative.be\/actualites\/etes-vous-eligible-pour-acheter-applecare-apres-60-jours\/#breadcrumb"},"inLanguage":"fr-BE","potentialAction":[{"@type":"ReadAction","target":["https:\/\/vieassociative.be\/actualites\/etes-vous-eligible-pour-acheter-applecare-apres-60-jours\/"]}]},{"@type":"ImageObject","inLanguage":"fr-BE","@id":"https:\/\/vieassociative.be\/actualites\/etes-vous-eligible-pour-acheter-applecare-apres-60-jours\/#primaryimage","url":"https:\/\/vieassociative.be\/actualites\/wp-content\/uploads\/2024\/09\/Etes-vous-eligible-pour-acheter-AppleCare-apres-60-jours.jpg","contentUrl":"https:\/\/vieassociative.be\/actualites\/wp-content\/uploads\/2024\/09\/Etes-vous-eligible-pour-acheter-AppleCare-apres-60-jours.jpg","width":1200,"height":675,"caption":"\u00cates-vous \u00e9ligible pour acheter AppleCare+ apr\u00e8s 60 jours ?"},{"@type":"BreadcrumbList","@id":"https:\/\/vieassociative.be\/actualites\/etes-vous-eligible-pour-acheter-applecare-apres-60-jours\/#breadcrumb","itemListElement":[{"@type":"ListItem","position":1,"name":"Accueil","item":"https:\/\/vieassociative.be\/actualites\/"},{"@type":"ListItem","position":2,"name":"\u00cates-vous \u00e9ligible pour acheter AppleCare+ apr\u00e8s 60 jours ?"}]},{"@type":"WebSite","@id":"https:\/\/vieassociative.be\/actualites\/#website","url":"https:\/\/vieassociative.be\/actualites\/","name":"Vie Associative","description":"","publisher":{"@id":"https:\/\/vieassociative.be\/actualites\/#organization"},"potentialAction":[{"@type":"SearchAction","target":{"@type":"EntryPoint","urlTemplate":"https:\/\/vieassociative.be\/actualites\/?s={search_term_string}"},"query-input":{"@type":"PropertyValueSpecification","valueRequired":true,"valueName":"search_term_string"}}],"inLanguage":"fr-BE"},{"@type":"Organization","@id":"https:\/\/vieassociative.be\/actualites\/#organization","name":"Vie Associative","url":"https:\/\/vieassociative.be\/actualites\/","logo":{"@type":"ImageObject","inLanguage":"fr-BE","@id":"https:\/\/vieassociative.be\/actualites\/#\/schema\/logo\/image\/","url":"https:\/\/vieassociative.be\/actualites\/wp-content\/uploads\/2024\/09\/cropped-vieassociative_favicon.ico.png","contentUrl":"https:\/\/vieassociative.be\/actualites\/wp-content\/uploads\/2024\/09\/cropped-vieassociative_favicon.ico.png","width":512,"height":512,"caption":"Vie Associative"},"image":{"@id":"https:\/\/vieassociative.be\/actualites\/#\/schema\/logo\/image\/"}},{"@type":"Person","@id":"https:\/\/vieassociative.be\/actualites\/#\/schema\/person\/b87ac4f82f9d4e7b7cec7395b679edc4","name":"Julien","image":{"@type":"ImageObject","inLanguage":"fr-BE","@id":"https:\/\/vieassociative.be\/actualites\/#\/schema\/person\/image\/","url":"https:\/\/vieassociative.be\/actualites\/wp-content\/uploads\/2024\/09\/vie-associative-1-150x150.jpg","contentUrl":"https:\/\/vieassociative.be\/actualites\/wp-content\/uploads\/2024\/09\/vie-associative-1-150x150.jpg","caption":"Julien"},"description":"Je suis Julien, r\u00e9dacteur pour Vie Associative. Passionn\u00e9 par le monde associatif depuis plus de 10 ans, j'ai \u00e0 c\u0153ur de partager des histoires inspirantes et de mettre en lumi\u00e8re les initiatives locales. Mon objectif est de sensibiliser et d'encourager l'engagement communautaire \u00e0 travers mes articles.","sameAs":["https:\/\/vieassociative.be\/"]}]}},"_links":{"self":[{"href":"https:\/\/vieassociative.be\/actualites\/wp-json\/wp\/v2\/posts\/689"}],"collection":[{"href":"https:\/\/vieassociative.be\/actualites\/wp-json\/wp\/v2\/posts"}],"about":[{"href":"https:\/\/vieassociative.be\/actualites\/wp-json\/wp\/v2\/types\/post"}],"author":[{"embeddable":true,"href":"https:\/\/vieassociative.be\/actualites\/wp-json\/wp\/v2\/users\/1"}],"replies":[{"embeddable":true,"href":"https:\/\/vieassociative.be\/actualites\/wp-json\/wp\/v2\/comments?post=689"}],"version-history":[{"count":0,"href":"https:\/\/vieassociative.be\/actualites\/wp-json\/wp\/v2\/posts\/689\/revisions"}],"wp:featuredmedia":[{"embeddable":true,"href":"https:\/\/vieassociative.be\/actualites\/wp-json\/wp\/v2\/media\/690"}],"wp:attachment":[{"href":"https:\/\/vieassociative.be\/actualites\/wp-json\/wp\/v2\/media?parent=689"}],"wp:term":[{"taxonomy":"category","embeddable":true,"href":"https:\/\/vieassociative.be\/actualites\/wp-json\/wp\/v2\/categories?post=689"},{"taxonomy":"post_tag","embeddable":true,"href":"https:\/\/vieassociative.be\/actualites\/wp-json\/wp\/v2\/tags?post=689"}],"curies":[{"name":"wp","href":"https:\/\/api.w.org\/{rel}","templated":true}]}}