{"id":6887,"date":"2025-04-20T18:18:09","date_gmt":"2025-04-20T16:18:09","guid":{"rendered":"https:\/\/vieassociative.be\/actualites\/le-cafe-glace-au-jus-dorange-est-un-frisson-chaud\/"},"modified":"2025-04-20T18:18:09","modified_gmt":"2025-04-20T16:18:09","slug":"le-cafe-glace-au-jus-dorange-est-un-frisson-chaud","status":"publish","type":"post","link":"https:\/\/vieassociative.be\/actualites\/le-cafe-glace-au-jus-dorange-est-un-frisson-chaud\/","title":{"rendered":"Le caf\u00e9 glac\u00e9 au jus d&rsquo;orange est un frisson chaud"},"content":{"rendered":"<div class=\"mt-4 leading-6 md:mb-8\">Offrez-vous un caf\u00e9 glac\u00e9 avec une touche juteuse.<\/div>\n<p><\/p>\n<p>D\u00e8s que la temp\u00e9rature se d\u00e9bat \u00e0 70 \u00b0 F \u00e0 New York, la saison du caf\u00e9 glac\u00e9 commence. C&rsquo;est presque comme des vacances non officielles \u00e0 mi-ressort pour signifier l&rsquo;\u00e9t\u00e9 \u00e0 venir. Cette saison, je voudrais recommander un simple spin-off qui fera \u00e9liminer vos tongs. C&rsquo;est du caf\u00e9 glac\u00e9 au jus d&rsquo;orange, et vous devriez en faire un imm\u00e9diatement. <\/p>\n<p>Je suis tomb\u00e9 sur cette g\u00e2terie r\u00e9frig\u00e9r\u00e9e quand j&rsquo;\u00e9tais \u00e0 Bangkok l&rsquo;automne dernier. Je pensais que c&rsquo;\u00e9tait une id\u00e9e originale funky d&rsquo;un caf\u00e9, mais je ne pouvais pas arr\u00eater de le voir. Le caf\u00e9 glac\u00e9 au jus d&rsquo;orange \u00e9tait partout. J&rsquo;avoue que ma premi\u00e8re r\u00e9action a \u00e9t\u00e9 la r\u00e9vulsion. Mais plus je le voyais, je me suis dit, \u00e0 quel point cela pourrait-il \u00eatre mauvais?<\/p>\n<p>Mon partenaire et moi en avons achet\u00e9 un pour accompagner notre d\u00e9jeuner plein de chili dans un stand de l&rsquo;aire de restauration (qui a \u00e9galement vendu du caf\u00e9 glac\u00e9 de jus de fraise) et a sirot\u00e9. Nous avons bu le tout. Bien qu&rsquo;\u00e9trange au d\u00e9but, je ne pouvais pas croire \u00e0 quel point il avait un go\u00fbt g\u00e9nial. Je ne peux que le d\u00e9crire comme amusant \u00e0 boire. Dans l&rsquo;humidit\u00e9 de Bangkok, cette boisson glac\u00e9e m&rsquo;a fourni le frisson de rafra\u00eechissement que je cherchais. C&rsquo;\u00e9tait peut-\u00eatre juste la caf\u00e9ine et le sucre, mais je me sentais vivant. Le caf\u00e9 noir est amer mais le jus d&rsquo;orange adoucit la boisson sans la rendre lourde comme la cr\u00e9meuse. En fait, toute la boisson reste l\u00e9g\u00e8re et rafra\u00eechissante jusqu&rsquo;\u00e0 la derni\u00e8re gorg\u00e9e. Si vous \u00eates un fan de la saveur orange et du chocolat noir, c&rsquo;est absolument la boisson pour vous.<\/p>\n<div class=\"pogoClear mb-12 mt-10 rounded-md border-2 border-gray-100 py-7 shadow-xl md:py-6\">\n<div class=\"flex flex-wrap justify-between px-7 text-black no-underline md:flex-nowrap md:px-8\">\n<div class=\"order-1 mx-auto flex flex-col justify-center md:order-2 md:ml-4 md:w-full md:grow\">\n<div class=\"block cursor-pointer text-center font-akshar text-2xl font-medium leading-7 text-brand-green duration-200 ease-in-out hover:text-brand-green-700 md:text-left md:text-xl md:leading-6\">Califia Farms Pure Black Medium Roast Roast Cold Brew Coffee 48 Fluid Ounces\n                <\/div>\n<div class=\"mt-4 hidden md:flex md:justify-between\">\n<div class=\"self-end\">\n<div class=\"mb-0 h-11 md:flex md:flex-col md:justify-center\">\n<div class=\" font-sans leading-4 text-black\">\n<div class=\"flex flex-wrap items-center justify-center gap-x-1 md:justify-start\">\n        <span class=\"font-bold\"><\/p>\n<p>            5,48 $<br \/>\n                            <span class=\"font-medium\">\u00e0 Walmart<\/span><br \/>\n                    <\/span>\n            <\/div>\n<div class=\"flex items-center justify-center gap-x-1 font-bold md:justify-start\">\n            <span class=\"text-sm line-through\">90,32 $<\/span><br \/>\n            <span class=\"text-sm text-brand-green\">\u00c9conomisez 84,84 $<\/span>\n        <\/div>\n<\/p><\/div>\n<\/p><\/div>\n<\/p><\/div>\n<div class=\"w-44 self-end\">\n                            <button class=\"flex justify-center items-center w-full bg-brand-green text-white text-base font-sans font-medium rounded-md hover:bg-brand-green-700 hover:cursor-pointer md:text-sm h-11\"><\/p>\n<p>    Faire un magasin maintenant<br \/>\n<\/button>\n                        <\/div>\n<\/p><\/div>\n<\/p><\/div>\n<div class=\"order-2 mt-5 h-auto w-full md:order-1 md:mt-0 md:hidden\">\n<div class=\"flex aspect-video items-center justify-center\">\n                                            <img decoding=\"async\" class=\"m-0 max-h-full max-w-full rounded-md\" src=\"https:\/\/vieassociative.be\/actualites\/wp-content\/uploads\/2025\/04\/Le-cafe-glace-au-jus-dorange-est-un-frisson-chaud.jpg\" alt=\"Califia Farms Pure Black Medium Roast Roast Cold Brew Coffee 48 Fluid Ounces\" width=\"auto\" height=\"auto\" loading=\"lazy\">\n                                    <\/div>\n<\/p><\/div>\n<div class=\"order-2 ml-2 hidden w-32 shrink-0 items-center md:order-1 md:ml-0 md:flex\">\n<div class=\"flex aspect-video items-center justify-center\">\n                                            <img decoding=\"async\" class=\"m-0 max-h-full max-w-full rounded-md\" src=\"https:\/\/vieassociative.be\/actualites\/wp-content\/uploads\/2025\/04\/Le-cafe-glace-au-jus-dorange-est-un-frisson-chaud.jpg\" alt=\"Califia Farms Pure Black Medium Roast Roast Cold Brew Coffee 48 Fluid Ounces\" width=\"auto\" height=\"auto\" loading=\"lazy\">\n                                    <\/div>\n<\/p><\/div>\n<div class=\"order-3 flex grow flex-wrap md:hidden md:grow-0\">\n<div class=\"mt-4 w-full\">\n                        <button class=\"flex justify-center items-center w-full bg-brand-green text-white text-base font-sans font-medium rounded-md hover:bg-brand-green-700 hover:cursor-pointer md:text-sm h-11\"><\/p>\n<p>    Faire un magasin maintenant<br \/>\n<\/button>\n                    <\/div>\n<div class=\"mx-2 mt-4 w-full\">\n<div class=\" font-sans leading-4 text-black\">\n<div class=\"flex flex-wrap items-center justify-center gap-x-1 md:justify-start\">\n        <span class=\"font-bold\"><\/p>\n<p>            5,48 $<br \/>\n                            <span class=\"font-medium\">\u00e0 Walmart<\/span><br \/>\n                    <\/span>\n            <\/div>\n<div class=\"flex items-center justify-center gap-x-1 font-bold md:justify-start\">\n            <span class=\"text-sm line-through\">90,32 $<\/span><br \/>\n            <span class=\"text-sm text-brand-green\">\u00c9conomisez 84,84 $<\/span>\n        <\/div>\n<\/p><\/div>\n<\/p><\/div>\n<\/p><\/div>\n<\/p><\/div>\n<\/div>\n<h2 id=\"how-to-make-orange-juice-iced-coffee\">Comment faire du caf\u00e9 glac\u00e9 \u00e0 jus d&rsquo;orange<\/h2>\n<p>J&rsquo;utilise un caf\u00e9 noir r\u00f4ti l\u00e9ger dans le mien, mais j&rsquo;ai vu des gens utiliser du r\u00f4ti fonc\u00e9 et de l&rsquo;espresso pour correspondre \u00e0 leurs pr\u00e9f\u00e9rences. Le jus d&rsquo;orange d\u00e9pend totalement de vous. J&rsquo;ai utilis\u00e9 simplement Orange, mais toute marque ou frais fra\u00eeche va fonctionner tr\u00e8s bien. La proc\u00e9dure est aussi compliqu\u00e9e que possible le matin:<\/p>\n<p>1. Remplissez un verre de glace et ajoutez le jus d&rsquo;orange. <\/p>\n<div class=\"pogoClear relative my-10 border-b-(1.5px) border-t-(1.5px) border-dashed border-black py-5 sm:my-14 sm:border-0 sm:py-0\" x-cloak x-data=\"{ commentsCount: null }\" x-init=\"commentsCount = await window.openweb.getMessagesCount(117490)\" x-show=\"commentsCount !== null &amp;&amp; commentsCount &gt; 0\">\n<div class=\"absolute top-1\/2 hidden w-full -translate-y-1\/2 border-t-(1.5px) border-dashed border-black sm:block\"><\/div>\n<div class=\"relative flex justify-center\">\n<div class=\"flex max-w-max items-center gap-x-3 bg-white px-5\">\n<div class=\"relative\">\n                <span class=\"absolute left-1\/2 top-1\/2 -translate-x-1\/2 -translate-y-1\/2 font-akshar text-sm font-medium text-black\" x-text=\"commentsCount\"><\/span><\/p>\n<p>                <svg class=\"h-8 w-8 text-black\">\n                    <use href=\"http:\/\/lifehacker.com\/images\/icons\/spritemap.svg#sprite-chat-bubble\"><\/use>\n                <\/svg>\n            <\/div>\n<p>            <span class=\"text-sm font-medium text-black\">Que pensez-vous jusqu&rsquo;\u00e0 pr\u00e9sent? <button class=\"font-semibold text-brand-green underline hover:text-brand-green-700\" onclick=\"window.openweb.scrollToComments(117490)\">Publier un commentaire.<\/button><\/span>\n        <\/div>\n<\/p><\/div>\n<\/div>\n<p>2. Compl\u00e9tez-le avec du caf\u00e9 glac\u00e9 noir et ajoutez une paille. <\/p>\n<p>Le rapport est \u00e0 la hauteur de votre pr\u00e9f\u00e9rence. J&rsquo;ai utilis\u00e9 des parties \u00e9gales OJ et le caf\u00e9, mais si vous l&rsquo;aimez plus doux, utilisez plus de jus. Aimez-vous vraiment go\u00fbter le caf\u00e9, puis ajouter plus de cela ou essayer un breuvage plus fort. Boire est la deuxi\u00e8me partie du voyage car vous pouvez le garder une boisson en couches et utiliser la paille pour identifier exactement ce que vous aimeriez siroter. Je commence g\u00e9n\u00e9ralement \u00e0 siroter diff\u00e9rentes couches, puis \u00e0 mi-chemin de la boisson, je vais le m\u00e9langer. <\/p>\n<p>Les c\u00e9l\u00e9brations du caf\u00e9 glac\u00e9 ne se terminent pas par du jus d&rsquo;orange. Vos explorations de boissons caf\u00e9in\u00e9es ne sont limit\u00e9es que par l&rsquo;all\u00e9e du jus de votre supermarch\u00e9. Je n&rsquo;ai pas encore essay\u00e9 d&rsquo;autres combinaisons de jus, mais il y a une tonne de nectars et de jus de jus l\u00e0-bas pour essayer. Si vous avez essay\u00e9 un combo de jus \/ caf\u00e9 diff\u00e9rent que vous aimez, d\u00e9posez-le dans les commentaires, j&rsquo;aimerais en entendre parler.<\/p>\n","protected":false},"excerpt":{"rendered":"<p>Offrez-vous un caf\u00e9 glac\u00e9 avec une touche juteuse. D\u00e8s que la temp\u00e9rature se d\u00e9bat \u00e0 70 \u00b0 F \u00e0 New York, la saison du caf\u00e9<\/p>\n","protected":false},"author":1,"featured_media":6888,"comment_status":"","ping_status":"","sticky":false,"template":"","format":"standard","meta":{"footnotes":""},"categories":[1],"tags":[5289,1176,6522,76,6523,6521,3019],"class_list":["post-6887","post","type-post","status-publish","format-standard","has-post-thumbnail","hentry","category-non-classe","tag-cafe","tag-chaud","tag-dorange","tag-est","tag-frisson","tag-glace","tag-jus","generate-columns","tablet-grid-50","mobile-grid-100","grid-parent","grid-33"],"yoast_head":"<!-- This site is optimized with the Yoast SEO plugin v24.0 - https:\/\/yoast.com\/wordpress\/plugins\/seo\/ -->\n<title>Le caf\u00e9 glac\u00e9 au jus d&#039;orange est un frisson chaud | Vie Associative<\/title>\n<meta name=\"robots\" content=\"index, follow, max-snippet:-1, max-image-preview:large, max-video-preview:-1\" \/>\n<link rel=\"canonical\" href=\"https:\/\/vieassociative.be\/actualites\/le-cafe-glace-au-jus-dorange-est-un-frisson-chaud\/\" \/>\n<meta property=\"og:locale\" content=\"fr_FR\" \/>\n<meta property=\"og:type\" content=\"article\" \/>\n<meta property=\"og:title\" content=\"Le caf\u00e9 glac\u00e9 au jus d&#039;orange est un frisson chaud | Vie Associative\" \/>\n<meta property=\"og:description\" content=\"Offrez-vous un caf\u00e9 glac\u00e9 avec une touche juteuse. D\u00e8s que la temp\u00e9rature se d\u00e9bat \u00e0 70 \u00b0 F \u00e0 New York, la saison du caf\u00e9\" \/>\n<meta property=\"og:url\" content=\"https:\/\/vieassociative.be\/actualites\/le-cafe-glace-au-jus-dorange-est-un-frisson-chaud\/\" \/>\n<meta property=\"og:site_name\" content=\"Vie Associative\" \/>\n<meta property=\"article:published_time\" content=\"2025-04-20T16:18:09+00:00\" \/>\n<meta property=\"og:image\" content=\"https:\/\/vieassociative.be\/actualites\/wp-content\/uploads\/2025\/04\/Le-cafe-glace-au-jus-dorange-est-un-frisson-chaud.jpg\" \/>\n<meta name=\"author\" content=\"Julien\" \/>\n<meta name=\"twitter:card\" content=\"summary_large_image\" \/>\n<meta name=\"twitter:label1\" content=\"\u00c9crit par\" \/>\n\t<meta name=\"twitter:data1\" content=\"Julien\" \/>\n\t<meta name=\"twitter:label2\" content=\"Dur\u00e9e de lecture est.\" \/>\n\t<meta name=\"twitter:data2\" content=\"3 minutes\" \/>\n<script type=\"application\/ld+json\" class=\"yoast-schema-graph\">{\"@context\":\"https:\/\/schema.org\",\"@graph\":[{\"@type\":\"Article\",\"@id\":\"https:\/\/vieassociative.be\/actualites\/le-cafe-glace-au-jus-dorange-est-un-frisson-chaud\/#article\",\"isPartOf\":{\"@id\":\"https:\/\/vieassociative.be\/actualites\/le-cafe-glace-au-jus-dorange-est-un-frisson-chaud\/\"},\"author\":{\"name\":\"Julien\",\"@id\":\"https:\/\/vieassociative.be\/actualites\/#\/schema\/person\/b87ac4f82f9d4e7b7cec7395b679edc4\"},\"headline\":\"Le caf\u00e9 glac\u00e9 au jus d&rsquo;orange est un frisson chaud\",\"datePublished\":\"2025-04-20T16:18:09+00:00\",\"dateModified\":\"2025-04-20T16:18:09+00:00\",\"mainEntityOfPage\":{\"@id\":\"https:\/\/vieassociative.be\/actualites\/le-cafe-glace-au-jus-dorange-est-un-frisson-chaud\/\"},\"wordCount\":644,\"publisher\":{\"@id\":\"https:\/\/vieassociative.be\/actualites\/#organization\"},\"image\":{\"@id\":\"https:\/\/vieassociative.be\/actualites\/le-cafe-glace-au-jus-dorange-est-un-frisson-chaud\/#primaryimage\"},\"thumbnailUrl\":\"https:\/\/vieassociative.be\/actualites\/wp-content\/uploads\/2025\/04\/1745165890_Le-cafe-glace-au-jus-dorange-est-un-frisson-chaud.jpg\",\"keywords\":[\"Cafe\",\"chaud\",\"dorange\",\"est\",\"frisson\",\"glac\u00e9\",\"jus\"],\"inLanguage\":\"fr-BE\"},{\"@type\":\"WebPage\",\"@id\":\"https:\/\/vieassociative.be\/actualites\/le-cafe-glace-au-jus-dorange-est-un-frisson-chaud\/\",\"url\":\"https:\/\/vieassociative.be\/actualites\/le-cafe-glace-au-jus-dorange-est-un-frisson-chaud\/\",\"name\":\"Le caf\u00e9 glac\u00e9 au jus d'orange est un frisson chaud | Vie Associative\",\"isPartOf\":{\"@id\":\"https:\/\/vieassociative.be\/actualites\/#website\"},\"primaryImageOfPage\":{\"@id\":\"https:\/\/vieassociative.be\/actualites\/le-cafe-glace-au-jus-dorange-est-un-frisson-chaud\/#primaryimage\"},\"image\":{\"@id\":\"https:\/\/vieassociative.be\/actualites\/le-cafe-glace-au-jus-dorange-est-un-frisson-chaud\/#primaryimage\"},\"thumbnailUrl\":\"https:\/\/vieassociative.be\/actualites\/wp-content\/uploads\/2025\/04\/1745165890_Le-cafe-glace-au-jus-dorange-est-un-frisson-chaud.jpg\",\"datePublished\":\"2025-04-20T16:18:09+00:00\",\"dateModified\":\"2025-04-20T16:18:09+00:00\",\"breadcrumb\":{\"@id\":\"https:\/\/vieassociative.be\/actualites\/le-cafe-glace-au-jus-dorange-est-un-frisson-chaud\/#breadcrumb\"},\"inLanguage\":\"fr-BE\",\"potentialAction\":[{\"@type\":\"ReadAction\",\"target\":[\"https:\/\/vieassociative.be\/actualites\/le-cafe-glace-au-jus-dorange-est-un-frisson-chaud\/\"]}]},{\"@type\":\"ImageObject\",\"inLanguage\":\"fr-BE\",\"@id\":\"https:\/\/vieassociative.be\/actualites\/le-cafe-glace-au-jus-dorange-est-un-frisson-chaud\/#primaryimage\",\"url\":\"https:\/\/vieassociative.be\/actualites\/wp-content\/uploads\/2025\/04\/1745165890_Le-cafe-glace-au-jus-dorange-est-un-frisson-chaud.jpg\",\"contentUrl\":\"https:\/\/vieassociative.be\/actualites\/wp-content\/uploads\/2025\/04\/1745165890_Le-cafe-glace-au-jus-dorange-est-un-frisson-chaud.jpg\",\"width\":1200,\"height\":675,\"caption\":\"Le caf\u00e9 glac\u00e9 au jus d'orange est un frisson chaud\"},{\"@type\":\"BreadcrumbList\",\"@id\":\"https:\/\/vieassociative.be\/actualites\/le-cafe-glace-au-jus-dorange-est-un-frisson-chaud\/#breadcrumb\",\"itemListElement\":[{\"@type\":\"ListItem\",\"position\":1,\"name\":\"Accueil\",\"item\":\"https:\/\/vieassociative.be\/actualites\/\"},{\"@type\":\"ListItem\",\"position\":2,\"name\":\"Le caf\u00e9 glac\u00e9 au jus d&rsquo;orange est un frisson chaud\"}]},{\"@type\":\"WebSite\",\"@id\":\"https:\/\/vieassociative.be\/actualites\/#website\",\"url\":\"https:\/\/vieassociative.be\/actualites\/\",\"name\":\"Vie Associative\",\"description\":\"\",\"publisher\":{\"@id\":\"https:\/\/vieassociative.be\/actualites\/#organization\"},\"potentialAction\":[{\"@type\":\"SearchAction\",\"target\":{\"@type\":\"EntryPoint\",\"urlTemplate\":\"https:\/\/vieassociative.be\/actualites\/?s={search_term_string}\"},\"query-input\":{\"@type\":\"PropertyValueSpecification\",\"valueRequired\":true,\"valueName\":\"search_term_string\"}}],\"inLanguage\":\"fr-BE\"},{\"@type\":\"Organization\",\"@id\":\"https:\/\/vieassociative.be\/actualites\/#organization\",\"name\":\"Vie Associative\",\"url\":\"https:\/\/vieassociative.be\/actualites\/\",\"logo\":{\"@type\":\"ImageObject\",\"inLanguage\":\"fr-BE\",\"@id\":\"https:\/\/vieassociative.be\/actualites\/#\/schema\/logo\/image\/\",\"url\":\"https:\/\/vieassociative.be\/actualites\/wp-content\/uploads\/2024\/09\/cropped-vieassociative_favicon.ico.png\",\"contentUrl\":\"https:\/\/vieassociative.be\/actualites\/wp-content\/uploads\/2024\/09\/cropped-vieassociative_favicon.ico.png\",\"width\":512,\"height\":512,\"caption\":\"Vie Associative\"},\"image\":{\"@id\":\"https:\/\/vieassociative.be\/actualites\/#\/schema\/logo\/image\/\"}},{\"@type\":\"Person\",\"@id\":\"https:\/\/vieassociative.be\/actualites\/#\/schema\/person\/b87ac4f82f9d4e7b7cec7395b679edc4\",\"name\":\"Julien\",\"image\":{\"@type\":\"ImageObject\",\"inLanguage\":\"fr-BE\",\"@id\":\"https:\/\/vieassociative.be\/actualites\/#\/schema\/person\/image\/\",\"url\":\"https:\/\/vieassociative.be\/actualites\/wp-content\/uploads\/2024\/09\/vie-associative-1-150x150.jpg\",\"contentUrl\":\"https:\/\/vieassociative.be\/actualites\/wp-content\/uploads\/2024\/09\/vie-associative-1-150x150.jpg\",\"caption\":\"Julien\"},\"description\":\"Je suis Julien, r\u00e9dacteur pour Vie Associative. Passionn\u00e9 par le monde associatif depuis plus de 10 ans, j'ai \u00e0 c\u0153ur de partager des histoires inspirantes et de mettre en lumi\u00e8re les initiatives locales. Mon objectif est de sensibiliser et d'encourager l'engagement communautaire \u00e0 travers mes articles.\",\"sameAs\":[\"https:\/\/vieassociative.be\/\"]}]}<\/script>\n<!-- \/ Yoast SEO plugin. -->","yoast_head_json":{"title":"Le caf\u00e9 glac\u00e9 au jus d'orange est un frisson chaud | Vie Associative","robots":{"index":"index","follow":"follow","max-snippet":"max-snippet:-1","max-image-preview":"max-image-preview:large","max-video-preview":"max-video-preview:-1"},"canonical":"https:\/\/vieassociative.be\/actualites\/le-cafe-glace-au-jus-dorange-est-un-frisson-chaud\/","og_locale":"fr_FR","og_type":"article","og_title":"Le caf\u00e9 glac\u00e9 au jus d'orange est un frisson chaud | Vie Associative","og_description":"Offrez-vous un caf\u00e9 glac\u00e9 avec une touche juteuse. D\u00e8s que la temp\u00e9rature se d\u00e9bat \u00e0 70 \u00b0 F \u00e0 New York, la saison du caf\u00e9","og_url":"https:\/\/vieassociative.be\/actualites\/le-cafe-glace-au-jus-dorange-est-un-frisson-chaud\/","og_site_name":"Vie Associative","article_published_time":"2025-04-20T16:18:09+00:00","og_image":[{"url":"https:\/\/vieassociative.be\/actualites\/wp-content\/uploads\/2025\/04\/Le-cafe-glace-au-jus-dorange-est-un-frisson-chaud.jpg","type":"","width":"","height":""}],"author":"Julien","twitter_card":"summary_large_image","twitter_misc":{"\u00c9crit par":"Julien","Dur\u00e9e de lecture est.":"3 minutes"},"schema":{"@context":"https:\/\/schema.org","@graph":[{"@type":"Article","@id":"https:\/\/vieassociative.be\/actualites\/le-cafe-glace-au-jus-dorange-est-un-frisson-chaud\/#article","isPartOf":{"@id":"https:\/\/vieassociative.be\/actualites\/le-cafe-glace-au-jus-dorange-est-un-frisson-chaud\/"},"author":{"name":"Julien","@id":"https:\/\/vieassociative.be\/actualites\/#\/schema\/person\/b87ac4f82f9d4e7b7cec7395b679edc4"},"headline":"Le caf\u00e9 glac\u00e9 au jus d&rsquo;orange est un frisson chaud","datePublished":"2025-04-20T16:18:09+00:00","dateModified":"2025-04-20T16:18:09+00:00","mainEntityOfPage":{"@id":"https:\/\/vieassociative.be\/actualites\/le-cafe-glace-au-jus-dorange-est-un-frisson-chaud\/"},"wordCount":644,"publisher":{"@id":"https:\/\/vieassociative.be\/actualites\/#organization"},"image":{"@id":"https:\/\/vieassociative.be\/actualites\/le-cafe-glace-au-jus-dorange-est-un-frisson-chaud\/#primaryimage"},"thumbnailUrl":"https:\/\/vieassociative.be\/actualites\/wp-content\/uploads\/2025\/04\/1745165890_Le-cafe-glace-au-jus-dorange-est-un-frisson-chaud.jpg","keywords":["Cafe","chaud","dorange","est","frisson","glac\u00e9","jus"],"inLanguage":"fr-BE"},{"@type":"WebPage","@id":"https:\/\/vieassociative.be\/actualites\/le-cafe-glace-au-jus-dorange-est-un-frisson-chaud\/","url":"https:\/\/vieassociative.be\/actualites\/le-cafe-glace-au-jus-dorange-est-un-frisson-chaud\/","name":"Le caf\u00e9 glac\u00e9 au jus d'orange est un frisson chaud | Vie Associative","isPartOf":{"@id":"https:\/\/vieassociative.be\/actualites\/#website"},"primaryImageOfPage":{"@id":"https:\/\/vieassociative.be\/actualites\/le-cafe-glace-au-jus-dorange-est-un-frisson-chaud\/#primaryimage"},"image":{"@id":"https:\/\/vieassociative.be\/actualites\/le-cafe-glace-au-jus-dorange-est-un-frisson-chaud\/#primaryimage"},"thumbnailUrl":"https:\/\/vieassociative.be\/actualites\/wp-content\/uploads\/2025\/04\/1745165890_Le-cafe-glace-au-jus-dorange-est-un-frisson-chaud.jpg","datePublished":"2025-04-20T16:18:09+00:00","dateModified":"2025-04-20T16:18:09+00:00","breadcrumb":{"@id":"https:\/\/vieassociative.be\/actualites\/le-cafe-glace-au-jus-dorange-est-un-frisson-chaud\/#breadcrumb"},"inLanguage":"fr-BE","potentialAction":[{"@type":"ReadAction","target":["https:\/\/vieassociative.be\/actualites\/le-cafe-glace-au-jus-dorange-est-un-frisson-chaud\/"]}]},{"@type":"ImageObject","inLanguage":"fr-BE","@id":"https:\/\/vieassociative.be\/actualites\/le-cafe-glace-au-jus-dorange-est-un-frisson-chaud\/#primaryimage","url":"https:\/\/vieassociative.be\/actualites\/wp-content\/uploads\/2025\/04\/1745165890_Le-cafe-glace-au-jus-dorange-est-un-frisson-chaud.jpg","contentUrl":"https:\/\/vieassociative.be\/actualites\/wp-content\/uploads\/2025\/04\/1745165890_Le-cafe-glace-au-jus-dorange-est-un-frisson-chaud.jpg","width":1200,"height":675,"caption":"Le caf\u00e9 glac\u00e9 au jus d'orange est un frisson chaud"},{"@type":"BreadcrumbList","@id":"https:\/\/vieassociative.be\/actualites\/le-cafe-glace-au-jus-dorange-est-un-frisson-chaud\/#breadcrumb","itemListElement":[{"@type":"ListItem","position":1,"name":"Accueil","item":"https:\/\/vieassociative.be\/actualites\/"},{"@type":"ListItem","position":2,"name":"Le caf\u00e9 glac\u00e9 au jus d&rsquo;orange est un frisson chaud"}]},{"@type":"WebSite","@id":"https:\/\/vieassociative.be\/actualites\/#website","url":"https:\/\/vieassociative.be\/actualites\/","name":"Vie Associative","description":"","publisher":{"@id":"https:\/\/vieassociative.be\/actualites\/#organization"},"potentialAction":[{"@type":"SearchAction","target":{"@type":"EntryPoint","urlTemplate":"https:\/\/vieassociative.be\/actualites\/?s={search_term_string}"},"query-input":{"@type":"PropertyValueSpecification","valueRequired":true,"valueName":"search_term_string"}}],"inLanguage":"fr-BE"},{"@type":"Organization","@id":"https:\/\/vieassociative.be\/actualites\/#organization","name":"Vie Associative","url":"https:\/\/vieassociative.be\/actualites\/","logo":{"@type":"ImageObject","inLanguage":"fr-BE","@id":"https:\/\/vieassociative.be\/actualites\/#\/schema\/logo\/image\/","url":"https:\/\/vieassociative.be\/actualites\/wp-content\/uploads\/2024\/09\/cropped-vieassociative_favicon.ico.png","contentUrl":"https:\/\/vieassociative.be\/actualites\/wp-content\/uploads\/2024\/09\/cropped-vieassociative_favicon.ico.png","width":512,"height":512,"caption":"Vie Associative"},"image":{"@id":"https:\/\/vieassociative.be\/actualites\/#\/schema\/logo\/image\/"}},{"@type":"Person","@id":"https:\/\/vieassociative.be\/actualites\/#\/schema\/person\/b87ac4f82f9d4e7b7cec7395b679edc4","name":"Julien","image":{"@type":"ImageObject","inLanguage":"fr-BE","@id":"https:\/\/vieassociative.be\/actualites\/#\/schema\/person\/image\/","url":"https:\/\/vieassociative.be\/actualites\/wp-content\/uploads\/2024\/09\/vie-associative-1-150x150.jpg","contentUrl":"https:\/\/vieassociative.be\/actualites\/wp-content\/uploads\/2024\/09\/vie-associative-1-150x150.jpg","caption":"Julien"},"description":"Je suis Julien, r\u00e9dacteur pour Vie Associative. Passionn\u00e9 par le monde associatif depuis plus de 10 ans, j'ai \u00e0 c\u0153ur de partager des histoires inspirantes et de mettre en lumi\u00e8re les initiatives locales. Mon objectif est de sensibiliser et d'encourager l'engagement communautaire \u00e0 travers mes articles.","sameAs":["https:\/\/vieassociative.be\/"]}]}},"_links":{"self":[{"href":"https:\/\/vieassociative.be\/actualites\/wp-json\/wp\/v2\/posts\/6887"}],"collection":[{"href":"https:\/\/vieassociative.be\/actualites\/wp-json\/wp\/v2\/posts"}],"about":[{"href":"https:\/\/vieassociative.be\/actualites\/wp-json\/wp\/v2\/types\/post"}],"author":[{"embeddable":true,"href":"https:\/\/vieassociative.be\/actualites\/wp-json\/wp\/v2\/users\/1"}],"replies":[{"embeddable":true,"href":"https:\/\/vieassociative.be\/actualites\/wp-json\/wp\/v2\/comments?post=6887"}],"version-history":[{"count":0,"href":"https:\/\/vieassociative.be\/actualites\/wp-json\/wp\/v2\/posts\/6887\/revisions"}],"wp:featuredmedia":[{"embeddable":true,"href":"https:\/\/vieassociative.be\/actualites\/wp-json\/wp\/v2\/media\/6888"}],"wp:attachment":[{"href":"https:\/\/vieassociative.be\/actualites\/wp-json\/wp\/v2\/media?parent=6887"}],"wp:term":[{"taxonomy":"category","embeddable":true,"href":"https:\/\/vieassociative.be\/actualites\/wp-json\/wp\/v2\/categories?post=6887"},{"taxonomy":"post_tag","embeddable":true,"href":"https:\/\/vieassociative.be\/actualites\/wp-json\/wp\/v2\/tags?post=6887"}],"curies":[{"name":"wp","href":"https:\/\/api.w.org\/{rel}","templated":true}]}}