{"id":6885,"date":"2025-04-20T16:17:26","date_gmt":"2025-04-20T14:17:26","guid":{"rendered":"https:\/\/vieassociative.be\/actualites\/le-pape-francois-accueille-le-vice-jd-vance-de-trump-malgre-la-maladie-et-fait-don-de-la-benediction-urbi-et-orbi\/"},"modified":"2025-04-20T16:17:26","modified_gmt":"2025-04-20T14:17:26","slug":"le-pape-francois-accueille-le-vice-jd-vance-de-trump-malgre-la-maladie-et-fait-don-de-la-benediction-urbi-et-orbi","status":"publish","type":"post","link":"https:\/\/vieassociative.be\/actualites\/le-pape-francois-accueille-le-vice-jd-vance-de-trump-malgre-la-maladie-et-fait-don-de-la-benediction-urbi-et-orbi\/","title":{"rendered":"Le pape Fran\u00e7ois accueille le vice JD Vance de Trump malgr\u00e9 la maladie et fait don de la b\u00e9n\u00e9diction Urbi et Orbi"},"content":{"rendered":"<p><strong>Quatre semaines apr\u00e8s sa lib\u00e9ration de la clinique, Francis est applaudi par des dizaines de milliers. Avant cela, il a \u00e9galement du temps pour le vice-pr\u00e9sident am\u00e9ricain JD Vance. Cependant, il semble affaibli dans la performance.<\/strong><\/p>\n<p><span id=\"more-413886\"><\/span>Malgr\u00e9 sa sant\u00e9 frapp\u00e9e, le pape Fran\u00e7ois a personnellement fait don de la b\u00e9n\u00e9diction Urbi et Orbi (la ville et la terre) \u00e0 P\u00e2ques. Le chef de 88 ans de l&rsquo;\u00e9glise catholique a \u00e9t\u00e9 applaudi sur la place Saint-Pierre dans son apparition la plus importante depuis sa lib\u00e9ration de l&rsquo;h\u00f4pital de l&rsquo;h\u00f4pital.<\/p>\n<p>Francis a parl\u00e9 la b\u00e9n\u00e9diction d&rsquo;une voix tr\u00e8s faible et seulement dans une version raccourcie. Puis il a eu pendant plusieurs minutes dans le Papamobile ouvert au-dessus de la place au c\u0153ur du Vatican. Il s&rsquo;est arr\u00eat\u00e9 la voiture \u00e0 plusieurs reprises pour accueillir les enfants. Apr\u00e8s sa pneumonie mena\u00e7ant la vie, il avait toujours besoin d&rsquo;aide.<\/p>\n<div id=\"attachment_413891\" class=\"wp-caption alignleft\" style=\"max-width: 300px\"><img fetchpriority=\"high\" decoding=\"async\" class=\"wp-image-413891 size-medium\" src=\"https:\/\/vieassociative.be\/actualites\/wp-content\/uploads\/2025\/04\/Le-pape-Francois-accueille-le-vice-JD-Vance-de-Trump.jpg\" alt=\"\" width=\"300\" height=\"200\"><\/p>\n<p class=\"wp-caption-text\">20\/04\/2025, Vatican, Vatican City: Le pape Fran\u00e7ois accorde la b\u00e9n\u00e9diction Urbi et Orbi (latin pour \u00ab\u00a0The City and the World\u00a0\u00bb) dans le Central Lodge of St. Peter&rsquo;s Cathedral \u00e0 la fin de la foire de P\u00e2ques dirig\u00e9e par Cardinal Comastri \u00e0 Petersplatz dans le Vatican. Photo: Andrew Medichini \/ AP \/ DPA<\/p>\n<\/div>\n<p>Francis \u00e9tait \u00e0 l&rsquo;h\u00f4pital depuis un total de 38 jours \u00e0 Rome au printemps. Selon les m\u00e9decins, il \u00e9tait proche de la mort \u00e0 plusieurs reprises. Depuis sa lib\u00e9ration il y a quatre semaines, l&rsquo;Argentin natif est rarement apparu en public &#8211; et si oui, alors seulement bri\u00e8vement. S&rsquo;exprimer est toujours \u00e0 l&rsquo;origine de probl\u00e8mes importants. Jusqu&rsquo;\u00e0 peu de temps avant son apparence, il ne savait pas s&rsquo;il pouvait donner la b\u00e9n\u00e9diction.<\/p>\n<p><strong>-M\u00e9tion avec la vice-vice am\u00e9ricaine pendant la masse de P\u00e2ques:<\/strong> Imm\u00e9diatement avant la b\u00e9n\u00e9diction, Francis a re\u00e7u une conf\u00e9rence dans sa r\u00e9sidence, la maison d&rsquo;h\u00f4tes \u00e0 Santa Marta, le vice-pr\u00e9sident catholique am\u00e9ricain JD Vance pendant quelques minutes. Il n&rsquo;\u00e9tait pas encore l\u00e0 \u00e0 la messe de P\u00e2ques avec environ 35 000 croyants. Ce n&rsquo;est qu&rsquo;alors qu&rsquo;il avait conduit en fauteuil roulant sur le balcon de la basilique Saint-Pierre. Contrairement \u00e0 d&rsquo;autres apparences, il n&rsquo;avait pas de tuyau dans le nez \u00e0 travers lequel il obtient de l&rsquo;oxyg\u00e8ne suppl\u00e9mentaire.<\/p>\n<p>Son apparence a \u00e9t\u00e9 beaucoup applaudi. Appelle encore et encore \u00ab\u00a0Live The Pope\u00a0\u00bb. Francis n&rsquo;a pas dit grand-chose pendant environ 20 minutes. Au d\u00e9but, il a salu\u00e9 la foule avec les mots: \u00ab\u00a0Chers s\u0153urs et fr\u00e8res: Happy P\u00e2ques.\u00a0\u00bb Puis il s&rsquo;est assis tranquillement en fauteuil roulant, tandis que son message de P\u00e2ques a \u00e9t\u00e9 lu par un membre du clerg\u00e9. La b\u00e9n\u00e9diction ne comprenait alors que quelques phrases. Il semblait \u00e9galement affaibli dans le papamobile.<\/p>\n<p><strong>&#8211; Tous les grands salons sont c\u00e9l\u00e9br\u00e9s par les cardinaux:<\/strong> Depuis le d\u00e9but de son pontificat en 2013, Francis n&rsquo;a jamais rat\u00e9 la c\u00e9l\u00e9bration de P\u00e2ques sur la place Saint-Pierre. Cette ann\u00e9e, le festival sur la r\u00e9surrection de J\u00e9sus-Christ a encore une plus grande importance parce que l&rsquo;\u00c9glise catholique a d\u00e9clar\u00e9 en 2025 \u00e0 l&rsquo;ann\u00e9e sainte. Selon les estimations, environ un million de visiteurs sont des invit\u00e9s \u00e0 Rome ce week-end, y compris des croyants du monde entier.<\/p>\n<p>En fait, le deuxi\u00e8me pape le plus ancien de l&rsquo;histoire a toujours voulu \u00eatre l\u00e0 sur les rendez-vous importants \u00e0 P\u00e2ques. Maintenant, cependant, il devait \u00eatre repr\u00e9sent\u00e9 \u00e0 tous les principaux salons commerciaux de cardinaux. Avant la nuit de P\u00e2ques, il a \u00e9t\u00e9 amen\u00e9 \u00e0 la base de Saint-Pierre par des aides en fauteuil roulant samedi soir en fauteuil roulant. La messe de P\u00e2ques a \u00e9t\u00e9 dimanche par le cardinal Angelo Comastri (81).<\/p>\n<div id=\"attachment_413892\" class=\"wp-caption alignleft\" style=\"max-width: 300px\"><img decoding=\"async\" class=\"wp-image-413892 size-medium\" src=\"https:\/\/vieassociative.be\/actualites\/wp-content\/uploads\/2025\/04\/1745158646_777_Le-pape-Francois-accueille-le-vice-JD-Vance-de-Trump.jpg\" alt=\"\" width=\"300\" height=\"200\"><\/p>\n<p class=\"wp-caption-text\">20\/04\/2025, Vatican, Vatican City: Le pape Fran\u00e7ois re\u00e7oit le vice-pr\u00e9sident am\u00e9ricain JD Vance (L) avant d&rsquo;accorder la b\u00e9n\u00e9diction Urbi et Orbi (latin pour \u00ab\u00a0pour la ville et le monde\u00a0\u00bb) \u00e0 la fin de la messe de P\u00e2ques sous le pr\u00e9sident du cardinal Comastri sur la place Saint-Pierre \u00e0 Vatican; Au milieu, la t\u00eate de la maison pontificale, Mgr Leonardo Sapienza. Photo: Vatican Media \/ Vatican Media \/ AP \/ DPA<\/p>\n<\/div>\n<p><strong>&#8211; Le pape met en garde une meilleure gestion des migrants:<\/strong> Pendant que la foire courait, Francis lui-m\u00eame avait un invit\u00e9 dans sa r\u00e9sidence au vice-pr\u00e9sident am\u00e9ricain Vance. Le d\u00e9put\u00e9 de Donald Trump en 2019 a \u00e9t\u00e9 transf\u00e9r\u00e9 \u00e0 la foi catholique. Le Vatican n&rsquo;a pas fait d&rsquo;informations plus d\u00e9taill\u00e9es sur les sujets. Un porte-parole a ensuite annonc\u00e9: \u00ab\u00a0La conversation qui a pris quelques minutes a offert l&rsquo;occasion d&rsquo;\u00e9changer des salutations de P\u00e2ques.\u00a0\u00bb<\/p>\n<p>La relation du pape avec Trump et de son environnement est consid\u00e9r\u00e9e comme tendue. Peu de temps avant le briefing \u00e0 la clinique, Francis avait critiqu\u00e9 le traitement du nouveau gouvernement am\u00e9ricain avec des migrants et des r\u00e9fugi\u00e9s dans une lettre aux \u00e9v\u00eaques am\u00e9ricains. Dans le message de P\u00e2ques Read, il a ni\u00e9 \u00ab\u00a0combien de m\u00e9pris\u00a0\u00bb des migrants ont parfois \u00e9t\u00e9 montr\u00e9s.<\/p>\n<p><strong>&#8211; pr\u00e9occupation concernant la croissance de l&rsquo;antimitisme:<\/strong> Litt\u00e9ralement, il dit: \u00ab\u00a0Ce jour-l\u00e0, je voudrais le retrouver pour l&rsquo;espoir et la confiance dans nos coll\u00e8gues \u00eatres humains &#8211; y compris ceux qui ne sont pas proches de nous ou avec des coutumes \u00e9trang\u00e8res, des modes de vie, des id\u00e9es et des coutumes de pays lointains.\u00a0\u00bb<\/p>\n<p>Dans le m\u00eame temps, le pape a averti plus d&rsquo;efforts pour la paix dans le monde. Il a \u00e9galement mentionn\u00e9 les guerres au Moyen-Orient et en Ukraine. Sans libert\u00e9 de pens\u00e9e et de parole, il ne pourrait y avoir de r\u00e9elle paix comme sans d\u00e9sarmement. \u00ab\u00a0L&rsquo;affirmation de tous les peuples pour s&rsquo;assurer que leur propre d\u00e9fense ne doit pas conduire \u00e0 une course aux armements g\u00e9n\u00e9raux.\u00a0\u00bb De plus, Francis a condamn\u00e9 un \u00ab\u00a0climat croissant d&rsquo;anti-s\u00e9mitisme\u00a0\u00bb dans le monde entier. (DPA)<\/p>\n","protected":false},"excerpt":{"rendered":"<p>Quatre semaines apr\u00e8s sa lib\u00e9ration de la clinique, Francis est applaudi par des dizaines de milliers. Avant cela, il a \u00e9galement du temps pour le<\/p>\n","protected":false},"author":1,"featured_media":6886,"comment_status":"","ping_status":"","sticky":false,"template":"","format":"standard","meta":{"footnotes":""},"categories":[298],"tags":[2501,6518,2148,635,4202,381,4205,6520,4201,2425,6519,3083,2495],"class_list":["post-6885","post","type-post","status-publish","format-standard","has-post-thumbnail","hentry","category-belgique","tag-accueille","tag-benediction","tag-don","tag-fait","tag-francois","tag-maladie","tag-malgre","tag-orbi","tag-pape","tag-trump","tag-urbi","tag-vance","tag-vice","generate-columns","tablet-grid-50","mobile-grid-100","grid-parent","grid-33"],"yoast_head":"<!-- This site is optimized with the Yoast SEO plugin v24.0 - https:\/\/yoast.com\/wordpress\/plugins\/seo\/ -->\n<title>Le pape Fran\u00e7ois accueille le vice JD Vance de Trump malgr\u00e9 la maladie et fait don de la b\u00e9n\u00e9diction Urbi et Orbi | Vie Associative<\/title>\n<meta name=\"robots\" content=\"index, follow, max-snippet:-1, max-image-preview:large, max-video-preview:-1\" \/>\n<link rel=\"canonical\" href=\"https:\/\/vieassociative.be\/actualites\/le-pape-francois-accueille-le-vice-jd-vance-de-trump-malgre-la-maladie-et-fait-don-de-la-benediction-urbi-et-orbi\/\" \/>\n<meta property=\"og:locale\" content=\"fr_FR\" \/>\n<meta property=\"og:type\" content=\"article\" \/>\n<meta property=\"og:title\" content=\"Le pape Fran\u00e7ois accueille le vice JD Vance de Trump malgr\u00e9 la maladie et fait don de la b\u00e9n\u00e9diction Urbi et Orbi | Vie Associative\" \/>\n<meta property=\"og:description\" content=\"Quatre semaines apr\u00e8s sa lib\u00e9ration de la clinique, Francis est applaudi par des dizaines de milliers. Avant cela, il a \u00e9galement du temps pour le\" \/>\n<meta property=\"og:url\" content=\"https:\/\/vieassociative.be\/actualites\/le-pape-francois-accueille-le-vice-jd-vance-de-trump-malgre-la-maladie-et-fait-don-de-la-benediction-urbi-et-orbi\/\" \/>\n<meta property=\"og:site_name\" content=\"Vie Associative\" \/>\n<meta property=\"article:published_time\" content=\"2025-04-20T14:17:26+00:00\" \/>\n<meta property=\"og:image\" content=\"https:\/\/vieassociative.be\/actualites\/wp-content\/uploads\/2024\/09\/header_backgroundk-01-e1726694325946.png\" \/>\n\t<meta property=\"og:image:width\" content=\"279\" \/>\n\t<meta property=\"og:image:height\" content=\"92\" \/>\n\t<meta property=\"og:image:type\" content=\"image\/png\" \/>\n<meta name=\"author\" content=\"Julien\" \/>\n<meta name=\"twitter:card\" content=\"summary_large_image\" \/>\n<meta name=\"twitter:label1\" content=\"\u00c9crit par\" \/>\n\t<meta name=\"twitter:data1\" content=\"Julien\" \/>\n\t<meta name=\"twitter:label2\" content=\"Dur\u00e9e de lecture est.\" \/>\n\t<meta name=\"twitter:data2\" content=\"5 minutes\" \/>\n<script type=\"application\/ld+json\" class=\"yoast-schema-graph\">{\"@context\":\"https:\/\/schema.org\",\"@graph\":[{\"@type\":\"Article\",\"@id\":\"https:\/\/vieassociative.be\/actualites\/le-pape-francois-accueille-le-vice-jd-vance-de-trump-malgre-la-maladie-et-fait-don-de-la-benediction-urbi-et-orbi\/#article\",\"isPartOf\":{\"@id\":\"https:\/\/vieassociative.be\/actualites\/le-pape-francois-accueille-le-vice-jd-vance-de-trump-malgre-la-maladie-et-fait-don-de-la-benediction-urbi-et-orbi\/\"},\"author\":{\"name\":\"Julien\",\"@id\":\"https:\/\/vieassociative.be\/actualites\/#\/schema\/person\/b87ac4f82f9d4e7b7cec7395b679edc4\"},\"headline\":\"Le pape Fran\u00e7ois accueille le vice JD Vance de Trump malgr\u00e9 la maladie et fait don de la b\u00e9n\u00e9diction Urbi et Orbi\",\"datePublished\":\"2025-04-20T14:17:26+00:00\",\"dateModified\":\"2025-04-20T14:17:26+00:00\",\"mainEntityOfPage\":{\"@id\":\"https:\/\/vieassociative.be\/actualites\/le-pape-francois-accueille-le-vice-jd-vance-de-trump-malgre-la-maladie-et-fait-don-de-la-benediction-urbi-et-orbi\/\"},\"wordCount\":1058,\"publisher\":{\"@id\":\"https:\/\/vieassociative.be\/actualites\/#organization\"},\"image\":{\"@id\":\"https:\/\/vieassociative.be\/actualites\/le-pape-francois-accueille-le-vice-jd-vance-de-trump-malgre-la-maladie-et-fait-don-de-la-benediction-urbi-et-orbi\/#primaryimage\"},\"thumbnailUrl\":\"https:\/\/vieassociative.be\/actualites\/wp-content\/uploads\/2025\/04\/1745158646_Le-pape-Francois-accueille-le-vice-JD-Vance-de-Trump.jpg\",\"keywords\":[\"accueille\",\"b\u00e9n\u00e9diction\",\"don\",\"fait\",\"Fran\u00e7ois\",\"maladie\",\"malgr\u00e9\",\"Orbi\",\"pape\",\"Trump\",\"Urbi\",\"Vance\",\"vice\"],\"articleSection\":[\"Belgique\"],\"inLanguage\":\"fr-BE\"},{\"@type\":\"WebPage\",\"@id\":\"https:\/\/vieassociative.be\/actualites\/le-pape-francois-accueille-le-vice-jd-vance-de-trump-malgre-la-maladie-et-fait-don-de-la-benediction-urbi-et-orbi\/\",\"url\":\"https:\/\/vieassociative.be\/actualites\/le-pape-francois-accueille-le-vice-jd-vance-de-trump-malgre-la-maladie-et-fait-don-de-la-benediction-urbi-et-orbi\/\",\"name\":\"Le pape Fran\u00e7ois accueille le vice JD Vance de Trump malgr\u00e9 la maladie et fait don de la b\u00e9n\u00e9diction Urbi et Orbi | Vie Associative\",\"isPartOf\":{\"@id\":\"https:\/\/vieassociative.be\/actualites\/#website\"},\"primaryImageOfPage\":{\"@id\":\"https:\/\/vieassociative.be\/actualites\/le-pape-francois-accueille-le-vice-jd-vance-de-trump-malgre-la-maladie-et-fait-don-de-la-benediction-urbi-et-orbi\/#primaryimage\"},\"image\":{\"@id\":\"https:\/\/vieassociative.be\/actualites\/le-pape-francois-accueille-le-vice-jd-vance-de-trump-malgre-la-maladie-et-fait-don-de-la-benediction-urbi-et-orbi\/#primaryimage\"},\"thumbnailUrl\":\"https:\/\/vieassociative.be\/actualites\/wp-content\/uploads\/2025\/04\/1745158646_Le-pape-Francois-accueille-le-vice-JD-Vance-de-Trump.jpg\",\"datePublished\":\"2025-04-20T14:17:26+00:00\",\"dateModified\":\"2025-04-20T14:17:26+00:00\",\"breadcrumb\":{\"@id\":\"https:\/\/vieassociative.be\/actualites\/le-pape-francois-accueille-le-vice-jd-vance-de-trump-malgre-la-maladie-et-fait-don-de-la-benediction-urbi-et-orbi\/#breadcrumb\"},\"inLanguage\":\"fr-BE\",\"potentialAction\":[{\"@type\":\"ReadAction\",\"target\":[\"https:\/\/vieassociative.be\/actualites\/le-pape-francois-accueille-le-vice-jd-vance-de-trump-malgre-la-maladie-et-fait-don-de-la-benediction-urbi-et-orbi\/\"]}]},{\"@type\":\"ImageObject\",\"inLanguage\":\"fr-BE\",\"@id\":\"https:\/\/vieassociative.be\/actualites\/le-pape-francois-accueille-le-vice-jd-vance-de-trump-malgre-la-maladie-et-fait-don-de-la-benediction-urbi-et-orbi\/#primaryimage\",\"url\":\"https:\/\/vieassociative.be\/actualites\/wp-content\/uploads\/2025\/04\/1745158646_Le-pape-Francois-accueille-le-vice-JD-Vance-de-Trump.jpg\",\"contentUrl\":\"https:\/\/vieassociative.be\/actualites\/wp-content\/uploads\/2025\/04\/1745158646_Le-pape-Francois-accueille-le-vice-JD-Vance-de-Trump.jpg\",\"width\":1200,\"height\":800,\"caption\":\"Le pape Fran\u00e7ois accueille le vice JD Vance de Trump malgr\u00e9 la maladie et fait don de la b\u00e9n\u00e9diction Urbi et Orbi\"},{\"@type\":\"BreadcrumbList\",\"@id\":\"https:\/\/vieassociative.be\/actualites\/le-pape-francois-accueille-le-vice-jd-vance-de-trump-malgre-la-maladie-et-fait-don-de-la-benediction-urbi-et-orbi\/#breadcrumb\",\"itemListElement\":[{\"@type\":\"ListItem\",\"position\":1,\"name\":\"Accueil\",\"item\":\"https:\/\/vieassociative.be\/actualites\/\"},{\"@type\":\"ListItem\",\"position\":2,\"name\":\"Le pape Fran\u00e7ois accueille le vice JD Vance de Trump malgr\u00e9 la maladie et fait don de la b\u00e9n\u00e9diction Urbi et Orbi\"}]},{\"@type\":\"WebSite\",\"@id\":\"https:\/\/vieassociative.be\/actualites\/#website\",\"url\":\"https:\/\/vieassociative.be\/actualites\/\",\"name\":\"Vie Associative\",\"description\":\"\",\"publisher\":{\"@id\":\"https:\/\/vieassociative.be\/actualites\/#organization\"},\"potentialAction\":[{\"@type\":\"SearchAction\",\"target\":{\"@type\":\"EntryPoint\",\"urlTemplate\":\"https:\/\/vieassociative.be\/actualites\/?s={search_term_string}\"},\"query-input\":{\"@type\":\"PropertyValueSpecification\",\"valueRequired\":true,\"valueName\":\"search_term_string\"}}],\"inLanguage\":\"fr-BE\"},{\"@type\":\"Organization\",\"@id\":\"https:\/\/vieassociative.be\/actualites\/#organization\",\"name\":\"Vie Associative\",\"url\":\"https:\/\/vieassociative.be\/actualites\/\",\"logo\":{\"@type\":\"ImageObject\",\"inLanguage\":\"fr-BE\",\"@id\":\"https:\/\/vieassociative.be\/actualites\/#\/schema\/logo\/image\/\",\"url\":\"https:\/\/vieassociative.be\/actualites\/wp-content\/uploads\/2024\/09\/cropped-vieassociative_favicon.ico.png\",\"contentUrl\":\"https:\/\/vieassociative.be\/actualites\/wp-content\/uploads\/2024\/09\/cropped-vieassociative_favicon.ico.png\",\"width\":512,\"height\":512,\"caption\":\"Vie Associative\"},\"image\":{\"@id\":\"https:\/\/vieassociative.be\/actualites\/#\/schema\/logo\/image\/\"}},{\"@type\":\"Person\",\"@id\":\"https:\/\/vieassociative.be\/actualites\/#\/schema\/person\/b87ac4f82f9d4e7b7cec7395b679edc4\",\"name\":\"Julien\",\"image\":{\"@type\":\"ImageObject\",\"inLanguage\":\"fr-BE\",\"@id\":\"https:\/\/vieassociative.be\/actualites\/#\/schema\/person\/image\/\",\"url\":\"https:\/\/vieassociative.be\/actualites\/wp-content\/uploads\/2024\/09\/vie-associative-1-150x150.jpg\",\"contentUrl\":\"https:\/\/vieassociative.be\/actualites\/wp-content\/uploads\/2024\/09\/vie-associative-1-150x150.jpg\",\"caption\":\"Julien\"},\"description\":\"Je suis Julien, r\u00e9dacteur pour Vie Associative. Passionn\u00e9 par le monde associatif depuis plus de 10 ans, j'ai \u00e0 c\u0153ur de partager des histoires inspirantes et de mettre en lumi\u00e8re les initiatives locales. Mon objectif est de sensibiliser et d'encourager l'engagement communautaire \u00e0 travers mes articles.\",\"sameAs\":[\"https:\/\/vieassociative.be\/\"]}]}<\/script>\n<!-- \/ Yoast SEO plugin. -->","yoast_head_json":{"title":"Le pape Fran\u00e7ois accueille le vice JD Vance de Trump malgr\u00e9 la maladie et fait don de la b\u00e9n\u00e9diction Urbi et Orbi | Vie Associative","robots":{"index":"index","follow":"follow","max-snippet":"max-snippet:-1","max-image-preview":"max-image-preview:large","max-video-preview":"max-video-preview:-1"},"canonical":"https:\/\/vieassociative.be\/actualites\/le-pape-francois-accueille-le-vice-jd-vance-de-trump-malgre-la-maladie-et-fait-don-de-la-benediction-urbi-et-orbi\/","og_locale":"fr_FR","og_type":"article","og_title":"Le pape Fran\u00e7ois accueille le vice JD Vance de Trump malgr\u00e9 la maladie et fait don de la b\u00e9n\u00e9diction Urbi et Orbi | Vie Associative","og_description":"Quatre semaines apr\u00e8s sa lib\u00e9ration de la clinique, Francis est applaudi par des dizaines de milliers. Avant cela, il a \u00e9galement du temps pour le","og_url":"https:\/\/vieassociative.be\/actualites\/le-pape-francois-accueille-le-vice-jd-vance-de-trump-malgre-la-maladie-et-fait-don-de-la-benediction-urbi-et-orbi\/","og_site_name":"Vie Associative","article_published_time":"2025-04-20T14:17:26+00:00","og_image":[{"width":279,"height":92,"url":"https:\/\/vieassociative.be\/actualites\/wp-content\/uploads\/2024\/09\/header_backgroundk-01-e1726694325946.png","type":"image\/png"}],"author":"Julien","twitter_card":"summary_large_image","twitter_misc":{"\u00c9crit par":"Julien","Dur\u00e9e de lecture est.":"5 minutes"},"schema":{"@context":"https:\/\/schema.org","@graph":[{"@type":"Article","@id":"https:\/\/vieassociative.be\/actualites\/le-pape-francois-accueille-le-vice-jd-vance-de-trump-malgre-la-maladie-et-fait-don-de-la-benediction-urbi-et-orbi\/#article","isPartOf":{"@id":"https:\/\/vieassociative.be\/actualites\/le-pape-francois-accueille-le-vice-jd-vance-de-trump-malgre-la-maladie-et-fait-don-de-la-benediction-urbi-et-orbi\/"},"author":{"name":"Julien","@id":"https:\/\/vieassociative.be\/actualites\/#\/schema\/person\/b87ac4f82f9d4e7b7cec7395b679edc4"},"headline":"Le pape Fran\u00e7ois accueille le vice JD Vance de Trump malgr\u00e9 la maladie et fait don de la b\u00e9n\u00e9diction Urbi et Orbi","datePublished":"2025-04-20T14:17:26+00:00","dateModified":"2025-04-20T14:17:26+00:00","mainEntityOfPage":{"@id":"https:\/\/vieassociative.be\/actualites\/le-pape-francois-accueille-le-vice-jd-vance-de-trump-malgre-la-maladie-et-fait-don-de-la-benediction-urbi-et-orbi\/"},"wordCount":1058,"publisher":{"@id":"https:\/\/vieassociative.be\/actualites\/#organization"},"image":{"@id":"https:\/\/vieassociative.be\/actualites\/le-pape-francois-accueille-le-vice-jd-vance-de-trump-malgre-la-maladie-et-fait-don-de-la-benediction-urbi-et-orbi\/#primaryimage"},"thumbnailUrl":"https:\/\/vieassociative.be\/actualites\/wp-content\/uploads\/2025\/04\/1745158646_Le-pape-Francois-accueille-le-vice-JD-Vance-de-Trump.jpg","keywords":["accueille","b\u00e9n\u00e9diction","don","fait","Fran\u00e7ois","maladie","malgr\u00e9","Orbi","pape","Trump","Urbi","Vance","vice"],"articleSection":["Belgique"],"inLanguage":"fr-BE"},{"@type":"WebPage","@id":"https:\/\/vieassociative.be\/actualites\/le-pape-francois-accueille-le-vice-jd-vance-de-trump-malgre-la-maladie-et-fait-don-de-la-benediction-urbi-et-orbi\/","url":"https:\/\/vieassociative.be\/actualites\/le-pape-francois-accueille-le-vice-jd-vance-de-trump-malgre-la-maladie-et-fait-don-de-la-benediction-urbi-et-orbi\/","name":"Le pape Fran\u00e7ois accueille le vice JD Vance de Trump malgr\u00e9 la maladie et fait don de la b\u00e9n\u00e9diction Urbi et Orbi | Vie Associative","isPartOf":{"@id":"https:\/\/vieassociative.be\/actualites\/#website"},"primaryImageOfPage":{"@id":"https:\/\/vieassociative.be\/actualites\/le-pape-francois-accueille-le-vice-jd-vance-de-trump-malgre-la-maladie-et-fait-don-de-la-benediction-urbi-et-orbi\/#primaryimage"},"image":{"@id":"https:\/\/vieassociative.be\/actualites\/le-pape-francois-accueille-le-vice-jd-vance-de-trump-malgre-la-maladie-et-fait-don-de-la-benediction-urbi-et-orbi\/#primaryimage"},"thumbnailUrl":"https:\/\/vieassociative.be\/actualites\/wp-content\/uploads\/2025\/04\/1745158646_Le-pape-Francois-accueille-le-vice-JD-Vance-de-Trump.jpg","datePublished":"2025-04-20T14:17:26+00:00","dateModified":"2025-04-20T14:17:26+00:00","breadcrumb":{"@id":"https:\/\/vieassociative.be\/actualites\/le-pape-francois-accueille-le-vice-jd-vance-de-trump-malgre-la-maladie-et-fait-don-de-la-benediction-urbi-et-orbi\/#breadcrumb"},"inLanguage":"fr-BE","potentialAction":[{"@type":"ReadAction","target":["https:\/\/vieassociative.be\/actualites\/le-pape-francois-accueille-le-vice-jd-vance-de-trump-malgre-la-maladie-et-fait-don-de-la-benediction-urbi-et-orbi\/"]}]},{"@type":"ImageObject","inLanguage":"fr-BE","@id":"https:\/\/vieassociative.be\/actualites\/le-pape-francois-accueille-le-vice-jd-vance-de-trump-malgre-la-maladie-et-fait-don-de-la-benediction-urbi-et-orbi\/#primaryimage","url":"https:\/\/vieassociative.be\/actualites\/wp-content\/uploads\/2025\/04\/1745158646_Le-pape-Francois-accueille-le-vice-JD-Vance-de-Trump.jpg","contentUrl":"https:\/\/vieassociative.be\/actualites\/wp-content\/uploads\/2025\/04\/1745158646_Le-pape-Francois-accueille-le-vice-JD-Vance-de-Trump.jpg","width":1200,"height":800,"caption":"Le pape Fran\u00e7ois accueille le vice JD Vance de Trump malgr\u00e9 la maladie et fait don de la b\u00e9n\u00e9diction Urbi et Orbi"},{"@type":"BreadcrumbList","@id":"https:\/\/vieassociative.be\/actualites\/le-pape-francois-accueille-le-vice-jd-vance-de-trump-malgre-la-maladie-et-fait-don-de-la-benediction-urbi-et-orbi\/#breadcrumb","itemListElement":[{"@type":"ListItem","position":1,"name":"Accueil","item":"https:\/\/vieassociative.be\/actualites\/"},{"@type":"ListItem","position":2,"name":"Le pape Fran\u00e7ois accueille le vice JD Vance de Trump malgr\u00e9 la maladie et fait don de la b\u00e9n\u00e9diction Urbi et Orbi"}]},{"@type":"WebSite","@id":"https:\/\/vieassociative.be\/actualites\/#website","url":"https:\/\/vieassociative.be\/actualites\/","name":"Vie Associative","description":"","publisher":{"@id":"https:\/\/vieassociative.be\/actualites\/#organization"},"potentialAction":[{"@type":"SearchAction","target":{"@type":"EntryPoint","urlTemplate":"https:\/\/vieassociative.be\/actualites\/?s={search_term_string}"},"query-input":{"@type":"PropertyValueSpecification","valueRequired":true,"valueName":"search_term_string"}}],"inLanguage":"fr-BE"},{"@type":"Organization","@id":"https:\/\/vieassociative.be\/actualites\/#organization","name":"Vie Associative","url":"https:\/\/vieassociative.be\/actualites\/","logo":{"@type":"ImageObject","inLanguage":"fr-BE","@id":"https:\/\/vieassociative.be\/actualites\/#\/schema\/logo\/image\/","url":"https:\/\/vieassociative.be\/actualites\/wp-content\/uploads\/2024\/09\/cropped-vieassociative_favicon.ico.png","contentUrl":"https:\/\/vieassociative.be\/actualites\/wp-content\/uploads\/2024\/09\/cropped-vieassociative_favicon.ico.png","width":512,"height":512,"caption":"Vie Associative"},"image":{"@id":"https:\/\/vieassociative.be\/actualites\/#\/schema\/logo\/image\/"}},{"@type":"Person","@id":"https:\/\/vieassociative.be\/actualites\/#\/schema\/person\/b87ac4f82f9d4e7b7cec7395b679edc4","name":"Julien","image":{"@type":"ImageObject","inLanguage":"fr-BE","@id":"https:\/\/vieassociative.be\/actualites\/#\/schema\/person\/image\/","url":"https:\/\/vieassociative.be\/actualites\/wp-content\/uploads\/2024\/09\/vie-associative-1-150x150.jpg","contentUrl":"https:\/\/vieassociative.be\/actualites\/wp-content\/uploads\/2024\/09\/vie-associative-1-150x150.jpg","caption":"Julien"},"description":"Je suis Julien, r\u00e9dacteur pour Vie Associative. Passionn\u00e9 par le monde associatif depuis plus de 10 ans, j'ai \u00e0 c\u0153ur de partager des histoires inspirantes et de mettre en lumi\u00e8re les initiatives locales. Mon objectif est de sensibiliser et d'encourager l'engagement communautaire \u00e0 travers mes articles.","sameAs":["https:\/\/vieassociative.be\/"]}]}},"_links":{"self":[{"href":"https:\/\/vieassociative.be\/actualites\/wp-json\/wp\/v2\/posts\/6885"}],"collection":[{"href":"https:\/\/vieassociative.be\/actualites\/wp-json\/wp\/v2\/posts"}],"about":[{"href":"https:\/\/vieassociative.be\/actualites\/wp-json\/wp\/v2\/types\/post"}],"author":[{"embeddable":true,"href":"https:\/\/vieassociative.be\/actualites\/wp-json\/wp\/v2\/users\/1"}],"replies":[{"embeddable":true,"href":"https:\/\/vieassociative.be\/actualites\/wp-json\/wp\/v2\/comments?post=6885"}],"version-history":[{"count":0,"href":"https:\/\/vieassociative.be\/actualites\/wp-json\/wp\/v2\/posts\/6885\/revisions"}],"wp:featuredmedia":[{"embeddable":true,"href":"https:\/\/vieassociative.be\/actualites\/wp-json\/wp\/v2\/media\/6886"}],"wp:attachment":[{"href":"https:\/\/vieassociative.be\/actualites\/wp-json\/wp\/v2\/media?parent=6885"}],"wp:term":[{"taxonomy":"category","embeddable":true,"href":"https:\/\/vieassociative.be\/actualites\/wp-json\/wp\/v2\/categories?post=6885"},{"taxonomy":"post_tag","embeddable":true,"href":"https:\/\/vieassociative.be\/actualites\/wp-json\/wp\/v2\/tags?post=6885"}],"curies":[{"name":"wp","href":"https:\/\/api.w.org\/{rel}","templated":true}]}}