{"id":6883,"date":"2025-04-20T15:17:29","date_gmt":"2025-04-20T13:17:29","guid":{"rendered":"https:\/\/vieassociative.be\/actualites\/nintendo-a-finalement-annonce-une-nouvelle-date-de-precommande-pour-le-commutateur-2\/"},"modified":"2025-04-20T15:17:29","modified_gmt":"2025-04-20T13:17:29","slug":"nintendo-a-finalement-annonce-une-nouvelle-date-de-precommande-pour-le-commutateur-2","status":"publish","type":"post","link":"https:\/\/vieassociative.be\/actualites\/nintendo-a-finalement-annonce-une-nouvelle-date-de-precommande-pour-le-commutateur-2\/","title":{"rendered":"Nintendo a finalement annonc\u00e9 une nouvelle date de pr\u00e9commande pour le commutateur 2"},"content":{"rendered":"<div class=\"mt-4 leading-6 md:mb-8\">La soci\u00e9t\u00e9 a \u00e9galement confirm\u00e9 certaines hausses de prix en raison des conditions actuelles du march\u00e9.<\/div>\n<p><\/p>\n<p>Si vous \u00eates impatient du nouveau Nintendo Switch 2, la situation de pr\u00e9commande actuelle devrait vous rendre un peu nerveux. La prochaine console de Nintendo devrait \u00eatre lanc\u00e9e le 5 juin, mais sans pr\u00e9commande, il n&rsquo;y a pas \u00e0 dire \u00e0 quel point il sera difficile d&rsquo;en acheter un. Heureusement, les choses s&rsquo;am\u00e9liorent. Vendredi, Nintendo a finalement annonc\u00e9 la nouvelle date que les fans peuvent s&rsquo;attendre \u00e0 pr\u00e9commander un Switch 2, ainsi que de bonnes et de mauvaises nouvelles concernant les augmentations de prix. Voici le dernier.<\/p>\n<h2 id=\"switch-2-preorders-open-next-week\">Switch 2 Preorders Open de la semaine prochaine<\/h2>\n<p>C&rsquo;est officiel: si vous vivez aux \u00c9tats-Unis ou au Canada, vous pouvez pr\u00e9commander un Nintendo Switch 2 le jeudi 24 avril. La nouvelle date remplace le calendrier d&rsquo;origine du 9 avril, Nintendo a annonc\u00e9 plus t\u00f4t ce mois-ci. La soci\u00e9t\u00e9 a retard\u00e9 les pr\u00e9commandes \u00e0 la suite de la gamme impr\u00e9visible de tarifs de l&rsquo;administration Trump impos\u00e9e aux pays du monde entier. Alors que l&rsquo;administration a fait reculer certains tarifs et a fait une pause en imposant de nouveaux (du moins pour le moment), il semble que Nintendo se sente suffisamment confiant pour s&rsquo;engager aux pr\u00e9commandes aux \u00c9tats-Unis<\/p>\n<p>Une partie de la raison du retard (ou, peut-\u00eatre que la raison du retard) \u00e9tait susceptible d&rsquo;\u00e9valuer si l&rsquo;entreprise devait augmenter le prix du commutateur 2. De m\u00eame, <em>Mario Kart World<\/em> co\u00fbtera toujours 79,99 $, et <em>Donkey Kong Bananaza<\/em> co\u00fbtera 69,99 $. Bien que ces jeux soient plus chers que ce que l&rsquo;on ne peut s&rsquo;attendre des titres Nintendo, au moins ils ne vont pas co\u00fbter m\u00eame <em>plus<\/em>.<\/p>\n<h2 id=\"switch-2-price-increases\">Changer 2 augmentations de prix<\/h2>\n<p>La mauvaise nouvelle, cependant, est que tous les prix pr\u00e9c\u00e9demment annonc\u00e9s ne resteront pas les m\u00eames. Nintendo dit que les accessoires Switch 2 sauteront en co\u00fbt. Ces prix sont les suivants:<\/p>\n<div class=\"pogoClear relative my-10 border-b-(1.5px) border-t-(1.5px) border-dashed border-black py-5 sm:my-14 sm:border-0 sm:py-0\" x-cloak x-data=\"{ commentsCount: null }\" x-init=\"commentsCount = await window.openweb.getMessagesCount(01JS4N19KD32Y98QW96GQ09BPX)\" x-show=\"commentsCount !== null &amp;&amp; commentsCount &gt; 0\">\n<div class=\"absolute top-1\/2 hidden w-full -translate-y-1\/2 border-t-(1.5px) border-dashed border-black sm:block\"><\/div>\n<div class=\"relative flex justify-center\">\n<div class=\"flex max-w-max items-center gap-x-3 bg-white px-5\">\n<div class=\"relative\">\n                <span class=\"absolute left-1\/2 top-1\/2 -translate-x-1\/2 -translate-y-1\/2 font-akshar text-sm font-medium text-black\" x-text=\"commentsCount\"><\/span><\/p>\n<p>                <svg class=\"h-8 w-8 text-black\">\n                    <use href=\"http:\/\/lifehacker.com\/images\/icons\/spritemap.svg#sprite-chat-bubble\"><\/use>\n                <\/svg>\n            <\/div>\n<p>            <span class=\"text-sm font-medium text-black\">Que pensez-vous jusqu&rsquo;\u00e0 pr\u00e9sent? <button class=\"font-semibold text-brand-green underline hover:text-brand-green-700\" onclick=\"window.openweb.scrollToComments(01JS4N19KD32Y98QW96GQ09BPX)\">Publier un commentaire.<\/button><\/span>\n        <\/div>\n<\/p><\/div>\n<\/div>\n<ul>\n<li>\n<p>Switch 2 Pro Controller: 84,99 $ (\u00e9tait de 79,99 $)<\/p>\n<\/li>\n<li>\n<p>Contr\u00f4leurs Joy-Con 2 \u00e0 gauche et \u00e0 droite: 94,99 $ (\u00e9tait 89,99 $)<\/p>\n<\/li>\n<li>\n<p>Commutation 2 Cam\u00e9ra: 54,99 $ (\u00e9tait de 49,99 $)<\/p>\n<\/li>\n<\/ul>\n<p>Il semble que les trois unit\u00e9s affect\u00e9es soient toutes 5 $ plus ch\u00e8res, ce qui n&rsquo;est pas une \u00e9norme augmentation de prix, mais ces accessoires \u00e9taient d\u00e9j\u00e0 chers au d\u00e9part. (Voir Joy-Cons \u00e0 pr\u00e8s de 100 $ est vraiment quelque chose.) Heureusement, les PDSP pour les autres accessoires Switch 2 restent inchang\u00e9s. Ceux-ci incluent:<\/p>\n<ul>\n<li>\n<p>Grip de charge Joy-Con 2: 34,99 $<\/p>\n<\/li>\n<li>\n<p>Sangle Joy-Con 2: 12,99 $<\/p>\n<\/li>\n<li>\n<p>Joy-Con 2 roue (deux pack): 19,99 $<\/p>\n<\/li>\n<li>\n<p>Commutateur 2 Dock: 109,99 $<\/p>\n<\/li>\n<li>\n<p>Switch 2 Case de transport (avec protecteur d&rsquo;\u00e9cran): 34,99 $<\/p>\n<\/li>\n<li>\n<p>Commutation 2 Cas tout-en-un: 79,99 $<\/p>\n<\/li>\n<li>\n<p>Adaptateur AC Switch 2: 29,99 $<\/p>\n<\/li>\n<\/ul>\n<p>Nintendo n&rsquo;est pas non plus le seul \u00e0 augmenter les prix. Plus t\u00f4t cette semaine, Sony a annonc\u00e9 des bosses de PDSF pour PS5 \u00e0 travers le monde. Pour le moment, les \u00c9tats-Unis ont \u00e9t\u00e9 \u00e9pargn\u00e9s de ces ajustements de co\u00fbts, mais nous verrons si cela se tient.   <\/p>\n","protected":false},"excerpt":{"rendered":"<p>La soci\u00e9t\u00e9 a \u00e9galement confirm\u00e9 certaines hausses de prix en raison des conditions actuelles du march\u00e9. Si vous \u00eates impatient du nouveau Nintendo Switch 2,<\/p>\n","protected":false},"author":1,"featured_media":6884,"comment_status":"","ping_status":"","sticky":false,"template":"","format":"standard","meta":{"footnotes":""},"categories":[13],"tags":[1987,6146,1336,3707,1389,491,81,954,110],"class_list":["post-6883","post","type-post","status-publish","format-standard","has-post-thumbnail","hentry","category-technologie","tag-annonce","tag-commutateur","tag-date","tag-finalement","tag-nintendo","tag-nouvelle","tag-pour","tag-precommande","tag-une","generate-columns","tablet-grid-50","mobile-grid-100","grid-parent","grid-33"],"yoast_head":"<!-- This site is optimized with the Yoast SEO plugin v24.0 - https:\/\/yoast.com\/wordpress\/plugins\/seo\/ -->\n<title>Nintendo a finalement annonc\u00e9 une nouvelle date de pr\u00e9commande pour le commutateur 2 | Vie Associative<\/title>\n<meta name=\"robots\" content=\"index, follow, max-snippet:-1, max-image-preview:large, max-video-preview:-1\" \/>\n<link rel=\"canonical\" href=\"https:\/\/vieassociative.be\/actualites\/nintendo-a-finalement-annonce-une-nouvelle-date-de-precommande-pour-le-commutateur-2\/\" \/>\n<meta property=\"og:locale\" content=\"fr_FR\" \/>\n<meta property=\"og:type\" content=\"article\" \/>\n<meta property=\"og:title\" content=\"Nintendo a finalement annonc\u00e9 une nouvelle date de pr\u00e9commande pour le commutateur 2 | Vie Associative\" \/>\n<meta property=\"og:description\" content=\"La soci\u00e9t\u00e9 a \u00e9galement confirm\u00e9 certaines hausses de prix en raison des conditions actuelles du march\u00e9. Si vous \u00eates impatient du nouveau Nintendo Switch 2,\" \/>\n<meta property=\"og:url\" content=\"https:\/\/vieassociative.be\/actualites\/nintendo-a-finalement-annonce-une-nouvelle-date-de-precommande-pour-le-commutateur-2\/\" \/>\n<meta property=\"og:site_name\" content=\"Vie Associative\" \/>\n<meta property=\"article:published_time\" content=\"2025-04-20T13:17:29+00:00\" \/>\n<meta property=\"og:image\" content=\"https:\/\/vieassociative.be\/actualites\/wp-content\/uploads\/2024\/09\/header_backgroundk-01-e1726694325946.png\" \/>\n\t<meta property=\"og:image:width\" content=\"279\" \/>\n\t<meta property=\"og:image:height\" content=\"92\" \/>\n\t<meta property=\"og:image:type\" content=\"image\/png\" \/>\n<meta name=\"author\" content=\"Julien\" \/>\n<meta name=\"twitter:card\" content=\"summary_large_image\" \/>\n<meta name=\"twitter:label1\" content=\"\u00c9crit par\" \/>\n\t<meta name=\"twitter:data1\" content=\"Julien\" \/>\n\t<meta name=\"twitter:label2\" content=\"Dur\u00e9e de lecture est.\" \/>\n\t<meta name=\"twitter:data2\" content=\"2 minutes\" \/>\n<script type=\"application\/ld+json\" class=\"yoast-schema-graph\">{\"@context\":\"https:\/\/schema.org\",\"@graph\":[{\"@type\":\"Article\",\"@id\":\"https:\/\/vieassociative.be\/actualites\/nintendo-a-finalement-annonce-une-nouvelle-date-de-precommande-pour-le-commutateur-2\/#article\",\"isPartOf\":{\"@id\":\"https:\/\/vieassociative.be\/actualites\/nintendo-a-finalement-annonce-une-nouvelle-date-de-precommande-pour-le-commutateur-2\/\"},\"author\":{\"name\":\"Julien\",\"@id\":\"https:\/\/vieassociative.be\/actualites\/#\/schema\/person\/b87ac4f82f9d4e7b7cec7395b679edc4\"},\"headline\":\"Nintendo a finalement annonc\u00e9 une nouvelle date de pr\u00e9commande pour le commutateur 2\",\"datePublished\":\"2025-04-20T13:17:29+00:00\",\"dateModified\":\"2025-04-20T13:17:29+00:00\",\"mainEntityOfPage\":{\"@id\":\"https:\/\/vieassociative.be\/actualites\/nintendo-a-finalement-annonce-une-nouvelle-date-de-precommande-pour-le-commutateur-2\/\"},\"wordCount\":502,\"publisher\":{\"@id\":\"https:\/\/vieassociative.be\/actualites\/#organization\"},\"image\":{\"@id\":\"https:\/\/vieassociative.be\/actualites\/nintendo-a-finalement-annonce-une-nouvelle-date-de-precommande-pour-le-commutateur-2\/#primaryimage\"},\"thumbnailUrl\":\"https:\/\/vieassociative.be\/actualites\/wp-content\/uploads\/2025\/04\/Nintendo-a-finalement-annonce-une-nouvelle-date-de-precommande-pour.jpg\",\"keywords\":[\"annonce\",\"commutateur\",\"date\",\"finalement\",\"Nintendo\",\"nouvelle\",\"pour\",\"pr\u00e9commande\",\"une\"],\"articleSection\":[\"Technologie\"],\"inLanguage\":\"fr-BE\"},{\"@type\":\"WebPage\",\"@id\":\"https:\/\/vieassociative.be\/actualites\/nintendo-a-finalement-annonce-une-nouvelle-date-de-precommande-pour-le-commutateur-2\/\",\"url\":\"https:\/\/vieassociative.be\/actualites\/nintendo-a-finalement-annonce-une-nouvelle-date-de-precommande-pour-le-commutateur-2\/\",\"name\":\"Nintendo a finalement annonc\u00e9 une nouvelle date de pr\u00e9commande pour le commutateur 2 | Vie Associative\",\"isPartOf\":{\"@id\":\"https:\/\/vieassociative.be\/actualites\/#website\"},\"primaryImageOfPage\":{\"@id\":\"https:\/\/vieassociative.be\/actualites\/nintendo-a-finalement-annonce-une-nouvelle-date-de-precommande-pour-le-commutateur-2\/#primaryimage\"},\"image\":{\"@id\":\"https:\/\/vieassociative.be\/actualites\/nintendo-a-finalement-annonce-une-nouvelle-date-de-precommande-pour-le-commutateur-2\/#primaryimage\"},\"thumbnailUrl\":\"https:\/\/vieassociative.be\/actualites\/wp-content\/uploads\/2025\/04\/Nintendo-a-finalement-annonce-une-nouvelle-date-de-precommande-pour.jpg\",\"datePublished\":\"2025-04-20T13:17:29+00:00\",\"dateModified\":\"2025-04-20T13:17:29+00:00\",\"breadcrumb\":{\"@id\":\"https:\/\/vieassociative.be\/actualites\/nintendo-a-finalement-annonce-une-nouvelle-date-de-precommande-pour-le-commutateur-2\/#breadcrumb\"},\"inLanguage\":\"fr-BE\",\"potentialAction\":[{\"@type\":\"ReadAction\",\"target\":[\"https:\/\/vieassociative.be\/actualites\/nintendo-a-finalement-annonce-une-nouvelle-date-de-precommande-pour-le-commutateur-2\/\"]}]},{\"@type\":\"ImageObject\",\"inLanguage\":\"fr-BE\",\"@id\":\"https:\/\/vieassociative.be\/actualites\/nintendo-a-finalement-annonce-une-nouvelle-date-de-precommande-pour-le-commutateur-2\/#primaryimage\",\"url\":\"https:\/\/vieassociative.be\/actualites\/wp-content\/uploads\/2025\/04\/Nintendo-a-finalement-annonce-une-nouvelle-date-de-precommande-pour.jpg\",\"contentUrl\":\"https:\/\/vieassociative.be\/actualites\/wp-content\/uploads\/2025\/04\/Nintendo-a-finalement-annonce-une-nouvelle-date-de-precommande-pour.jpg\",\"width\":1200,\"height\":675,\"caption\":\"Nintendo a finalement annonc\u00e9 une nouvelle date de pr\u00e9commande pour le commutateur 2\"},{\"@type\":\"BreadcrumbList\",\"@id\":\"https:\/\/vieassociative.be\/actualites\/nintendo-a-finalement-annonce-une-nouvelle-date-de-precommande-pour-le-commutateur-2\/#breadcrumb\",\"itemListElement\":[{\"@type\":\"ListItem\",\"position\":1,\"name\":\"Accueil\",\"item\":\"https:\/\/vieassociative.be\/actualites\/\"},{\"@type\":\"ListItem\",\"position\":2,\"name\":\"Nintendo a finalement annonc\u00e9 une nouvelle date de pr\u00e9commande pour le commutateur 2\"}]},{\"@type\":\"WebSite\",\"@id\":\"https:\/\/vieassociative.be\/actualites\/#website\",\"url\":\"https:\/\/vieassociative.be\/actualites\/\",\"name\":\"Vie Associative\",\"description\":\"\",\"publisher\":{\"@id\":\"https:\/\/vieassociative.be\/actualites\/#organization\"},\"potentialAction\":[{\"@type\":\"SearchAction\",\"target\":{\"@type\":\"EntryPoint\",\"urlTemplate\":\"https:\/\/vieassociative.be\/actualites\/?s={search_term_string}\"},\"query-input\":{\"@type\":\"PropertyValueSpecification\",\"valueRequired\":true,\"valueName\":\"search_term_string\"}}],\"inLanguage\":\"fr-BE\"},{\"@type\":\"Organization\",\"@id\":\"https:\/\/vieassociative.be\/actualites\/#organization\",\"name\":\"Vie Associative\",\"url\":\"https:\/\/vieassociative.be\/actualites\/\",\"logo\":{\"@type\":\"ImageObject\",\"inLanguage\":\"fr-BE\",\"@id\":\"https:\/\/vieassociative.be\/actualites\/#\/schema\/logo\/image\/\",\"url\":\"https:\/\/vieassociative.be\/actualites\/wp-content\/uploads\/2024\/09\/cropped-vieassociative_favicon.ico.png\",\"contentUrl\":\"https:\/\/vieassociative.be\/actualites\/wp-content\/uploads\/2024\/09\/cropped-vieassociative_favicon.ico.png\",\"width\":512,\"height\":512,\"caption\":\"Vie Associative\"},\"image\":{\"@id\":\"https:\/\/vieassociative.be\/actualites\/#\/schema\/logo\/image\/\"}},{\"@type\":\"Person\",\"@id\":\"https:\/\/vieassociative.be\/actualites\/#\/schema\/person\/b87ac4f82f9d4e7b7cec7395b679edc4\",\"name\":\"Julien\",\"image\":{\"@type\":\"ImageObject\",\"inLanguage\":\"fr-BE\",\"@id\":\"https:\/\/vieassociative.be\/actualites\/#\/schema\/person\/image\/\",\"url\":\"https:\/\/vieassociative.be\/actualites\/wp-content\/uploads\/2024\/09\/vie-associative-1-150x150.jpg\",\"contentUrl\":\"https:\/\/vieassociative.be\/actualites\/wp-content\/uploads\/2024\/09\/vie-associative-1-150x150.jpg\",\"caption\":\"Julien\"},\"description\":\"Je suis Julien, r\u00e9dacteur pour Vie Associative. Passionn\u00e9 par le monde associatif depuis plus de 10 ans, j'ai \u00e0 c\u0153ur de partager des histoires inspirantes et de mettre en lumi\u00e8re les initiatives locales. Mon objectif est de sensibiliser et d'encourager l'engagement communautaire \u00e0 travers mes articles.\",\"sameAs\":[\"https:\/\/vieassociative.be\/\"]}]}<\/script>\n<!-- \/ Yoast SEO plugin. -->","yoast_head_json":{"title":"Nintendo a finalement annonc\u00e9 une nouvelle date de pr\u00e9commande pour le commutateur 2 | Vie Associative","robots":{"index":"index","follow":"follow","max-snippet":"max-snippet:-1","max-image-preview":"max-image-preview:large","max-video-preview":"max-video-preview:-1"},"canonical":"https:\/\/vieassociative.be\/actualites\/nintendo-a-finalement-annonce-une-nouvelle-date-de-precommande-pour-le-commutateur-2\/","og_locale":"fr_FR","og_type":"article","og_title":"Nintendo a finalement annonc\u00e9 une nouvelle date de pr\u00e9commande pour le commutateur 2 | Vie Associative","og_description":"La soci\u00e9t\u00e9 a \u00e9galement confirm\u00e9 certaines hausses de prix en raison des conditions actuelles du march\u00e9. Si vous \u00eates impatient du nouveau Nintendo Switch 2,","og_url":"https:\/\/vieassociative.be\/actualites\/nintendo-a-finalement-annonce-une-nouvelle-date-de-precommande-pour-le-commutateur-2\/","og_site_name":"Vie Associative","article_published_time":"2025-04-20T13:17:29+00:00","og_image":[{"width":279,"height":92,"url":"https:\/\/vieassociative.be\/actualites\/wp-content\/uploads\/2024\/09\/header_backgroundk-01-e1726694325946.png","type":"image\/png"}],"author":"Julien","twitter_card":"summary_large_image","twitter_misc":{"\u00c9crit par":"Julien","Dur\u00e9e de lecture est.":"2 minutes"},"schema":{"@context":"https:\/\/schema.org","@graph":[{"@type":"Article","@id":"https:\/\/vieassociative.be\/actualites\/nintendo-a-finalement-annonce-une-nouvelle-date-de-precommande-pour-le-commutateur-2\/#article","isPartOf":{"@id":"https:\/\/vieassociative.be\/actualites\/nintendo-a-finalement-annonce-une-nouvelle-date-de-precommande-pour-le-commutateur-2\/"},"author":{"name":"Julien","@id":"https:\/\/vieassociative.be\/actualites\/#\/schema\/person\/b87ac4f82f9d4e7b7cec7395b679edc4"},"headline":"Nintendo a finalement annonc\u00e9 une nouvelle date de pr\u00e9commande pour le commutateur 2","datePublished":"2025-04-20T13:17:29+00:00","dateModified":"2025-04-20T13:17:29+00:00","mainEntityOfPage":{"@id":"https:\/\/vieassociative.be\/actualites\/nintendo-a-finalement-annonce-une-nouvelle-date-de-precommande-pour-le-commutateur-2\/"},"wordCount":502,"publisher":{"@id":"https:\/\/vieassociative.be\/actualites\/#organization"},"image":{"@id":"https:\/\/vieassociative.be\/actualites\/nintendo-a-finalement-annonce-une-nouvelle-date-de-precommande-pour-le-commutateur-2\/#primaryimage"},"thumbnailUrl":"https:\/\/vieassociative.be\/actualites\/wp-content\/uploads\/2025\/04\/Nintendo-a-finalement-annonce-une-nouvelle-date-de-precommande-pour.jpg","keywords":["annonce","commutateur","date","finalement","Nintendo","nouvelle","pour","pr\u00e9commande","une"],"articleSection":["Technologie"],"inLanguage":"fr-BE"},{"@type":"WebPage","@id":"https:\/\/vieassociative.be\/actualites\/nintendo-a-finalement-annonce-une-nouvelle-date-de-precommande-pour-le-commutateur-2\/","url":"https:\/\/vieassociative.be\/actualites\/nintendo-a-finalement-annonce-une-nouvelle-date-de-precommande-pour-le-commutateur-2\/","name":"Nintendo a finalement annonc\u00e9 une nouvelle date de pr\u00e9commande pour le commutateur 2 | Vie Associative","isPartOf":{"@id":"https:\/\/vieassociative.be\/actualites\/#website"},"primaryImageOfPage":{"@id":"https:\/\/vieassociative.be\/actualites\/nintendo-a-finalement-annonce-une-nouvelle-date-de-precommande-pour-le-commutateur-2\/#primaryimage"},"image":{"@id":"https:\/\/vieassociative.be\/actualites\/nintendo-a-finalement-annonce-une-nouvelle-date-de-precommande-pour-le-commutateur-2\/#primaryimage"},"thumbnailUrl":"https:\/\/vieassociative.be\/actualites\/wp-content\/uploads\/2025\/04\/Nintendo-a-finalement-annonce-une-nouvelle-date-de-precommande-pour.jpg","datePublished":"2025-04-20T13:17:29+00:00","dateModified":"2025-04-20T13:17:29+00:00","breadcrumb":{"@id":"https:\/\/vieassociative.be\/actualites\/nintendo-a-finalement-annonce-une-nouvelle-date-de-precommande-pour-le-commutateur-2\/#breadcrumb"},"inLanguage":"fr-BE","potentialAction":[{"@type":"ReadAction","target":["https:\/\/vieassociative.be\/actualites\/nintendo-a-finalement-annonce-une-nouvelle-date-de-precommande-pour-le-commutateur-2\/"]}]},{"@type":"ImageObject","inLanguage":"fr-BE","@id":"https:\/\/vieassociative.be\/actualites\/nintendo-a-finalement-annonce-une-nouvelle-date-de-precommande-pour-le-commutateur-2\/#primaryimage","url":"https:\/\/vieassociative.be\/actualites\/wp-content\/uploads\/2025\/04\/Nintendo-a-finalement-annonce-une-nouvelle-date-de-precommande-pour.jpg","contentUrl":"https:\/\/vieassociative.be\/actualites\/wp-content\/uploads\/2025\/04\/Nintendo-a-finalement-annonce-une-nouvelle-date-de-precommande-pour.jpg","width":1200,"height":675,"caption":"Nintendo a finalement annonc\u00e9 une nouvelle date de pr\u00e9commande pour le commutateur 2"},{"@type":"BreadcrumbList","@id":"https:\/\/vieassociative.be\/actualites\/nintendo-a-finalement-annonce-une-nouvelle-date-de-precommande-pour-le-commutateur-2\/#breadcrumb","itemListElement":[{"@type":"ListItem","position":1,"name":"Accueil","item":"https:\/\/vieassociative.be\/actualites\/"},{"@type":"ListItem","position":2,"name":"Nintendo a finalement annonc\u00e9 une nouvelle date de pr\u00e9commande pour le commutateur 2"}]},{"@type":"WebSite","@id":"https:\/\/vieassociative.be\/actualites\/#website","url":"https:\/\/vieassociative.be\/actualites\/","name":"Vie Associative","description":"","publisher":{"@id":"https:\/\/vieassociative.be\/actualites\/#organization"},"potentialAction":[{"@type":"SearchAction","target":{"@type":"EntryPoint","urlTemplate":"https:\/\/vieassociative.be\/actualites\/?s={search_term_string}"},"query-input":{"@type":"PropertyValueSpecification","valueRequired":true,"valueName":"search_term_string"}}],"inLanguage":"fr-BE"},{"@type":"Organization","@id":"https:\/\/vieassociative.be\/actualites\/#organization","name":"Vie Associative","url":"https:\/\/vieassociative.be\/actualites\/","logo":{"@type":"ImageObject","inLanguage":"fr-BE","@id":"https:\/\/vieassociative.be\/actualites\/#\/schema\/logo\/image\/","url":"https:\/\/vieassociative.be\/actualites\/wp-content\/uploads\/2024\/09\/cropped-vieassociative_favicon.ico.png","contentUrl":"https:\/\/vieassociative.be\/actualites\/wp-content\/uploads\/2024\/09\/cropped-vieassociative_favicon.ico.png","width":512,"height":512,"caption":"Vie Associative"},"image":{"@id":"https:\/\/vieassociative.be\/actualites\/#\/schema\/logo\/image\/"}},{"@type":"Person","@id":"https:\/\/vieassociative.be\/actualites\/#\/schema\/person\/b87ac4f82f9d4e7b7cec7395b679edc4","name":"Julien","image":{"@type":"ImageObject","inLanguage":"fr-BE","@id":"https:\/\/vieassociative.be\/actualites\/#\/schema\/person\/image\/","url":"https:\/\/vieassociative.be\/actualites\/wp-content\/uploads\/2024\/09\/vie-associative-1-150x150.jpg","contentUrl":"https:\/\/vieassociative.be\/actualites\/wp-content\/uploads\/2024\/09\/vie-associative-1-150x150.jpg","caption":"Julien"},"description":"Je suis Julien, r\u00e9dacteur pour Vie Associative. Passionn\u00e9 par le monde associatif depuis plus de 10 ans, j'ai \u00e0 c\u0153ur de partager des histoires inspirantes et de mettre en lumi\u00e8re les initiatives locales. Mon objectif est de sensibiliser et d'encourager l'engagement communautaire \u00e0 travers mes articles.","sameAs":["https:\/\/vieassociative.be\/"]}]}},"_links":{"self":[{"href":"https:\/\/vieassociative.be\/actualites\/wp-json\/wp\/v2\/posts\/6883"}],"collection":[{"href":"https:\/\/vieassociative.be\/actualites\/wp-json\/wp\/v2\/posts"}],"about":[{"href":"https:\/\/vieassociative.be\/actualites\/wp-json\/wp\/v2\/types\/post"}],"author":[{"embeddable":true,"href":"https:\/\/vieassociative.be\/actualites\/wp-json\/wp\/v2\/users\/1"}],"replies":[{"embeddable":true,"href":"https:\/\/vieassociative.be\/actualites\/wp-json\/wp\/v2\/comments?post=6883"}],"version-history":[{"count":0,"href":"https:\/\/vieassociative.be\/actualites\/wp-json\/wp\/v2\/posts\/6883\/revisions"}],"wp:featuredmedia":[{"embeddable":true,"href":"https:\/\/vieassociative.be\/actualites\/wp-json\/wp\/v2\/media\/6884"}],"wp:attachment":[{"href":"https:\/\/vieassociative.be\/actualites\/wp-json\/wp\/v2\/media?parent=6883"}],"wp:term":[{"taxonomy":"category","embeddable":true,"href":"https:\/\/vieassociative.be\/actualites\/wp-json\/wp\/v2\/categories?post=6883"},{"taxonomy":"post_tag","embeddable":true,"href":"https:\/\/vieassociative.be\/actualites\/wp-json\/wp\/v2\/tags?post=6883"}],"curies":[{"name":"wp","href":"https:\/\/api.w.org\/{rel}","templated":true}]}}