{"id":6875,"date":"2025-04-20T09:17:43","date_gmt":"2025-04-20T07:17:43","guid":{"rendered":"https:\/\/vieassociative.be\/actualites\/vous-pouvez-obtenir-a-la-fois-windows-11-pro-et-office-2019-en-vente-pour-46-maintenant\/"},"modified":"2025-04-20T09:17:43","modified_gmt":"2025-04-20T07:17:43","slug":"vous-pouvez-obtenir-a-la-fois-windows-11-pro-et-office-2019-en-vente-pour-46-maintenant","status":"publish","type":"post","link":"https:\/\/vieassociative.be\/actualites\/vous-pouvez-obtenir-a-la-fois-windows-11-pro-et-office-2019-en-vente-pour-46-maintenant\/","title":{"rendered":"Vous pouvez obtenir \u00e0 la fois Windows 11 Pro et Office 2019 en vente pour 46 $ maintenant"},"content":{"rendered":"<div class=\"mt-4 leading-6 md:mb-8\">Ce paquet \u00e0 dur\u00e9e limit\u00e9e est solide, mais seulement si vous \u00eates d&rsquo;accord sur une suite de bureaux l\u00e9g\u00e8rement plus ancienne.<\/div>\n<p><\/p>\n<p>Si vous \u00eates en train de mettre \u00e0 niveau votre configuration de la maison &#8211; ou simplement essayer d&rsquo;esquiver les abonnements mensuels &#8211; cette offre de 45,97 $ sur Stacksocial pourrait attirer votre attention. C&rsquo;est un paquet qui vous donne une licence \u00e0 vie pour Microsoft Office Professional plus 2019 <em>et<\/em> Windows 11 Pro. Et pas non plus un essai limit\u00e9 ou une version d\u00e9pouill\u00e9e. Vous obtenez un acc\u00e8s complet \u00e0 la suite de bureaux classiques &#8211; mot, Excel, PowerPoint, Outlook et m\u00eame les moins utilis\u00e9s comme Publisher and Access. Ce sont les versions de 2019, donc pas la toute derni\u00e8re, mais encore plus que suffisante pour la plupart des besoins en travail ou en \u00e9cole. Et ce n&rsquo;est pas Microsoft 365, donc il n&rsquo;y a pas de fonctionnalit\u00e9s de stockage ou de collaboration bas\u00e9es sur le cloud, mais elle <em>est<\/em> Un achat unique que vous installez directement sur votre PC.<\/p>\n<p>Ce que vous obtenez avec Office 2019 est assez simple. Vous l&rsquo;installez sur une machine Windows et il y reste pour toujours. Des fonctionnalit\u00e9s telles que les nouveaux outils d&rsquo;analyse des donn\u00e9es d&rsquo;Excel, les animations am\u00e9lior\u00e9es de PowerPoint et la gestion des contacts mis \u00e0 jour d&rsquo;Outlook sont toutes incluses. Gardez \u00e0 l&rsquo;esprit que cette licence n&rsquo;est pas li\u00e9e \u00e0 votre compte Microsoft mais plut\u00f4t \u00e0 votre appareil, donc le transf\u00e9rer \u00e0 un autre PC plus tard peut ne pas \u00eatre possible. Il convient \u00e9galement de noter: cela ne fonctionnera pas sur des syst\u00e8mes plus anciens comme Windows 7 ou 8. Vous aurez besoin de Windows 10 ou 11 pour l&rsquo;ex\u00e9cuter en douceur.<\/p>\n<div class=\"pogoClear relative my-10 border-b-(1.5px) border-t-(1.5px) border-dashed border-black py-5 sm:my-14 sm:border-0 sm:py-0\" x-cloak x-data=\"{ commentsCount: null }\" x-init=\"commentsCount = await window.openweb.getMessagesCount(01JRJ0SJT0GEKG53HM57JRW6PM)\" x-show=\"commentsCount !== null &amp;&amp; commentsCount &gt; 0\">\n<div class=\"absolute top-1\/2 hidden w-full -translate-y-1\/2 border-t-(1.5px) border-dashed border-black sm:block\"><\/div>\n<div class=\"relative flex justify-center\">\n<div class=\"flex max-w-max items-center gap-x-3 bg-white px-5\">\n<div class=\"relative\">\n                <span class=\"absolute left-1\/2 top-1\/2 -translate-x-1\/2 -translate-y-1\/2 font-akshar text-sm font-medium text-black\" x-text=\"commentsCount\"><\/span><\/p>\n<p>                <svg class=\"h-8 w-8 text-black\">\n                    <use href=\"http:\/\/lifehacker.com\/images\/icons\/spritemap.svg#sprite-chat-bubble\"><\/use>\n                <\/svg>\n            <\/div>\n<p>            <span class=\"text-sm font-medium text-black\">Que pensez-vous jusqu&rsquo;\u00e0 pr\u00e9sent? <button class=\"font-semibold text-brand-green underline hover:text-brand-green-700\" onclick=\"window.openweb.scrollToComments(01JRJ0SJT0GEKG53HM57JRW6PM)\">Publier un commentaire.<\/button><\/span>\n        <\/div>\n<\/p><\/div>\n<\/div>\n<p>Et c&rsquo;est l\u00e0 que la partie Windows 11 Pro du bundle entre en jeu. Si votre machine peut le g\u00e9rer (et oui, vous <em>devrait<\/em> V\u00e9rifiez que TPM 2.0 et UEFI sont un coup), cela vous donne la version pro &#8211; id\u00e9ale pour une utilisation au travail ou une productivit\u00e9 plus lourde. Il prend en charge des fonctionnalit\u00e9s comme BitLocker pour le chiffrement et toutes les dispositions et les ordinateurs de bureau que vous attendez de Windows 11. Il est con\u00e7u pour fonctionner sur jusqu&rsquo;\u00e0 deux appareils, ce qui est utile si vous ex\u00e9cutez \u00e0 la fois un ordinateur portable et un bureau. Les joueurs pourraient \u00e9galement appr\u00e9cier la compatibilit\u00e9 Ultimate DirectX 12. Mais encore une fois, si votre PC est trop ancien pour soutenir la mise \u00e0 niveau nativement, cela ne fonctionnera pas comme un raccourci apr\u00e8s cela. Conclusion: Il s&rsquo;agit d&rsquo;un ensemble solide pour tous ceux qui souhaitent des outils essentiels et un acc\u00e8s au syst\u00e8me d&rsquo;exploitation sans frais mensuels, tant que votre mat\u00e9riel est pr\u00eat.<\/p>\n","protected":false},"excerpt":{"rendered":"<p>Ce paquet \u00e0 dur\u00e9e limit\u00e9e est solide, mais seulement si vous \u00eates d&rsquo;accord sur une suite de bureaux l\u00e9g\u00e8rement plus ancienne. Si vous \u00eates en<\/p>\n","protected":false},"author":1,"featured_media":6876,"comment_status":"","ping_status":"","sticky":false,"template":"","format":"standard","meta":{"footnotes":""},"categories":[13],"tags":[774,233,227,1604,81,5,630,223,4,171],"class_list":["post-6875","post","type-post","status-publish","format-standard","has-post-thumbnail","hentry","category-technologie","tag-fois","tag-maintenant","tag-obtenir","tag-office","tag-pour","tag-pouvez","tag-pro","tag-vente","tag-vous","tag-windows","generate-columns","tablet-grid-50","mobile-grid-100","grid-parent","grid-33"],"yoast_head":"<!-- This site is optimized with the Yoast SEO plugin v24.0 - https:\/\/yoast.com\/wordpress\/plugins\/seo\/ -->\n<title>Vous pouvez obtenir \u00e0 la fois Windows 11 Pro et Office 2019 en vente pour 46 $ maintenant | Vie Associative<\/title>\n<meta name=\"robots\" content=\"index, follow, max-snippet:-1, max-image-preview:large, max-video-preview:-1\" \/>\n<link rel=\"canonical\" href=\"https:\/\/vieassociative.be\/actualites\/vous-pouvez-obtenir-a-la-fois-windows-11-pro-et-office-2019-en-vente-pour-46-maintenant\/\" \/>\n<meta property=\"og:locale\" content=\"fr_FR\" \/>\n<meta property=\"og:type\" content=\"article\" \/>\n<meta property=\"og:title\" content=\"Vous pouvez obtenir \u00e0 la fois Windows 11 Pro et Office 2019 en vente pour 46 $ maintenant | Vie Associative\" \/>\n<meta property=\"og:description\" content=\"Ce paquet \u00e0 dur\u00e9e limit\u00e9e est solide, mais seulement si vous \u00eates d&rsquo;accord sur une suite de bureaux l\u00e9g\u00e8rement plus ancienne. Si vous \u00eates en\" \/>\n<meta property=\"og:url\" content=\"https:\/\/vieassociative.be\/actualites\/vous-pouvez-obtenir-a-la-fois-windows-11-pro-et-office-2019-en-vente-pour-46-maintenant\/\" \/>\n<meta property=\"og:site_name\" content=\"Vie Associative\" \/>\n<meta property=\"article:published_time\" content=\"2025-04-20T07:17:43+00:00\" \/>\n<meta property=\"og:image\" content=\"https:\/\/vieassociative.be\/actualites\/wp-content\/uploads\/2024\/09\/header_backgroundk-01-e1726694325946.png\" \/>\n\t<meta property=\"og:image:width\" content=\"279\" \/>\n\t<meta property=\"og:image:height\" content=\"92\" \/>\n\t<meta property=\"og:image:type\" content=\"image\/png\" \/>\n<meta name=\"author\" content=\"Julien\" \/>\n<meta name=\"twitter:card\" content=\"summary_large_image\" \/>\n<meta name=\"twitter:label1\" content=\"\u00c9crit par\" \/>\n\t<meta name=\"twitter:data1\" content=\"Julien\" \/>\n\t<meta name=\"twitter:label2\" content=\"Dur\u00e9e de lecture est.\" \/>\n\t<meta name=\"twitter:data2\" content=\"2 minutes\" \/>\n<script type=\"application\/ld+json\" class=\"yoast-schema-graph\">{\"@context\":\"https:\/\/schema.org\",\"@graph\":[{\"@type\":\"Article\",\"@id\":\"https:\/\/vieassociative.be\/actualites\/vous-pouvez-obtenir-a-la-fois-windows-11-pro-et-office-2019-en-vente-pour-46-maintenant\/#article\",\"isPartOf\":{\"@id\":\"https:\/\/vieassociative.be\/actualites\/vous-pouvez-obtenir-a-la-fois-windows-11-pro-et-office-2019-en-vente-pour-46-maintenant\/\"},\"author\":{\"name\":\"Julien\",\"@id\":\"https:\/\/vieassociative.be\/actualites\/#\/schema\/person\/b87ac4f82f9d4e7b7cec7395b679edc4\"},\"headline\":\"Vous pouvez obtenir \u00e0 la fois Windows 11 Pro et Office 2019 en vente pour 46 $ maintenant\",\"datePublished\":\"2025-04-20T07:17:43+00:00\",\"dateModified\":\"2025-04-20T07:17:43+00:00\",\"mainEntityOfPage\":{\"@id\":\"https:\/\/vieassociative.be\/actualites\/vous-pouvez-obtenir-a-la-fois-windows-11-pro-et-office-2019-en-vente-pour-46-maintenant\/\"},\"wordCount\":496,\"publisher\":{\"@id\":\"https:\/\/vieassociative.be\/actualites\/#organization\"},\"image\":{\"@id\":\"https:\/\/vieassociative.be\/actualites\/vous-pouvez-obtenir-a-la-fois-windows-11-pro-et-office-2019-en-vente-pour-46-maintenant\/#primaryimage\"},\"thumbnailUrl\":\"https:\/\/vieassociative.be\/actualites\/wp-content\/uploads\/2025\/04\/Vous-pouvez-obtenir-a-la-fois-Windows-11-Pro-et.png\",\"keywords\":[\"fois\",\"maintenant\",\"obtenir\",\"Office\",\"pour\",\"pouvez\",\"Pro\",\"vente\",\"Vous\",\"Windows\"],\"articleSection\":[\"Technologie\"],\"inLanguage\":\"fr-BE\"},{\"@type\":\"WebPage\",\"@id\":\"https:\/\/vieassociative.be\/actualites\/vous-pouvez-obtenir-a-la-fois-windows-11-pro-et-office-2019-en-vente-pour-46-maintenant\/\",\"url\":\"https:\/\/vieassociative.be\/actualites\/vous-pouvez-obtenir-a-la-fois-windows-11-pro-et-office-2019-en-vente-pour-46-maintenant\/\",\"name\":\"Vous pouvez obtenir \u00e0 la fois Windows 11 Pro et Office 2019 en vente pour 46 $ maintenant | Vie Associative\",\"isPartOf\":{\"@id\":\"https:\/\/vieassociative.be\/actualites\/#website\"},\"primaryImageOfPage\":{\"@id\":\"https:\/\/vieassociative.be\/actualites\/vous-pouvez-obtenir-a-la-fois-windows-11-pro-et-office-2019-en-vente-pour-46-maintenant\/#primaryimage\"},\"image\":{\"@id\":\"https:\/\/vieassociative.be\/actualites\/vous-pouvez-obtenir-a-la-fois-windows-11-pro-et-office-2019-en-vente-pour-46-maintenant\/#primaryimage\"},\"thumbnailUrl\":\"https:\/\/vieassociative.be\/actualites\/wp-content\/uploads\/2025\/04\/Vous-pouvez-obtenir-a-la-fois-Windows-11-Pro-et.png\",\"datePublished\":\"2025-04-20T07:17:43+00:00\",\"dateModified\":\"2025-04-20T07:17:43+00:00\",\"breadcrumb\":{\"@id\":\"https:\/\/vieassociative.be\/actualites\/vous-pouvez-obtenir-a-la-fois-windows-11-pro-et-office-2019-en-vente-pour-46-maintenant\/#breadcrumb\"},\"inLanguage\":\"fr-BE\",\"potentialAction\":[{\"@type\":\"ReadAction\",\"target\":[\"https:\/\/vieassociative.be\/actualites\/vous-pouvez-obtenir-a-la-fois-windows-11-pro-et-office-2019-en-vente-pour-46-maintenant\/\"]}]},{\"@type\":\"ImageObject\",\"inLanguage\":\"fr-BE\",\"@id\":\"https:\/\/vieassociative.be\/actualites\/vous-pouvez-obtenir-a-la-fois-windows-11-pro-et-office-2019-en-vente-pour-46-maintenant\/#primaryimage\",\"url\":\"https:\/\/vieassociative.be\/actualites\/wp-content\/uploads\/2025\/04\/Vous-pouvez-obtenir-a-la-fois-Windows-11-Pro-et.png\",\"contentUrl\":\"https:\/\/vieassociative.be\/actualites\/wp-content\/uploads\/2025\/04\/Vous-pouvez-obtenir-a-la-fois-Windows-11-Pro-et.png\",\"width\":1200,\"height\":675,\"caption\":\"Vous pouvez obtenir \u00e0 la fois Windows 11 Pro et Office 2019 en vente pour 46 $ maintenant\"},{\"@type\":\"BreadcrumbList\",\"@id\":\"https:\/\/vieassociative.be\/actualites\/vous-pouvez-obtenir-a-la-fois-windows-11-pro-et-office-2019-en-vente-pour-46-maintenant\/#breadcrumb\",\"itemListElement\":[{\"@type\":\"ListItem\",\"position\":1,\"name\":\"Accueil\",\"item\":\"https:\/\/vieassociative.be\/actualites\/\"},{\"@type\":\"ListItem\",\"position\":2,\"name\":\"Vous pouvez obtenir \u00e0 la fois Windows 11 Pro et Office 2019 en vente pour 46 $ maintenant\"}]},{\"@type\":\"WebSite\",\"@id\":\"https:\/\/vieassociative.be\/actualites\/#website\",\"url\":\"https:\/\/vieassociative.be\/actualites\/\",\"name\":\"Vie Associative\",\"description\":\"\",\"publisher\":{\"@id\":\"https:\/\/vieassociative.be\/actualites\/#organization\"},\"potentialAction\":[{\"@type\":\"SearchAction\",\"target\":{\"@type\":\"EntryPoint\",\"urlTemplate\":\"https:\/\/vieassociative.be\/actualites\/?s={search_term_string}\"},\"query-input\":{\"@type\":\"PropertyValueSpecification\",\"valueRequired\":true,\"valueName\":\"search_term_string\"}}],\"inLanguage\":\"fr-BE\"},{\"@type\":\"Organization\",\"@id\":\"https:\/\/vieassociative.be\/actualites\/#organization\",\"name\":\"Vie Associative\",\"url\":\"https:\/\/vieassociative.be\/actualites\/\",\"logo\":{\"@type\":\"ImageObject\",\"inLanguage\":\"fr-BE\",\"@id\":\"https:\/\/vieassociative.be\/actualites\/#\/schema\/logo\/image\/\",\"url\":\"https:\/\/vieassociative.be\/actualites\/wp-content\/uploads\/2024\/09\/cropped-vieassociative_favicon.ico.png\",\"contentUrl\":\"https:\/\/vieassociative.be\/actualites\/wp-content\/uploads\/2024\/09\/cropped-vieassociative_favicon.ico.png\",\"width\":512,\"height\":512,\"caption\":\"Vie Associative\"},\"image\":{\"@id\":\"https:\/\/vieassociative.be\/actualites\/#\/schema\/logo\/image\/\"}},{\"@type\":\"Person\",\"@id\":\"https:\/\/vieassociative.be\/actualites\/#\/schema\/person\/b87ac4f82f9d4e7b7cec7395b679edc4\",\"name\":\"Julien\",\"image\":{\"@type\":\"ImageObject\",\"inLanguage\":\"fr-BE\",\"@id\":\"https:\/\/vieassociative.be\/actualites\/#\/schema\/person\/image\/\",\"url\":\"https:\/\/vieassociative.be\/actualites\/wp-content\/uploads\/2024\/09\/vie-associative-1-150x150.jpg\",\"contentUrl\":\"https:\/\/vieassociative.be\/actualites\/wp-content\/uploads\/2024\/09\/vie-associative-1-150x150.jpg\",\"caption\":\"Julien\"},\"description\":\"Je suis Julien, r\u00e9dacteur pour Vie Associative. Passionn\u00e9 par le monde associatif depuis plus de 10 ans, j'ai \u00e0 c\u0153ur de partager des histoires inspirantes et de mettre en lumi\u00e8re les initiatives locales. Mon objectif est de sensibiliser et d'encourager l'engagement communautaire \u00e0 travers mes articles.\",\"sameAs\":[\"https:\/\/vieassociative.be\/\"]}]}<\/script>\n<!-- \/ Yoast SEO plugin. -->","yoast_head_json":{"title":"Vous pouvez obtenir \u00e0 la fois Windows 11 Pro et Office 2019 en vente pour 46 $ maintenant | Vie Associative","robots":{"index":"index","follow":"follow","max-snippet":"max-snippet:-1","max-image-preview":"max-image-preview:large","max-video-preview":"max-video-preview:-1"},"canonical":"https:\/\/vieassociative.be\/actualites\/vous-pouvez-obtenir-a-la-fois-windows-11-pro-et-office-2019-en-vente-pour-46-maintenant\/","og_locale":"fr_FR","og_type":"article","og_title":"Vous pouvez obtenir \u00e0 la fois Windows 11 Pro et Office 2019 en vente pour 46 $ maintenant | Vie Associative","og_description":"Ce paquet \u00e0 dur\u00e9e limit\u00e9e est solide, mais seulement si vous \u00eates d&rsquo;accord sur une suite de bureaux l\u00e9g\u00e8rement plus ancienne. Si vous \u00eates en","og_url":"https:\/\/vieassociative.be\/actualites\/vous-pouvez-obtenir-a-la-fois-windows-11-pro-et-office-2019-en-vente-pour-46-maintenant\/","og_site_name":"Vie Associative","article_published_time":"2025-04-20T07:17:43+00:00","og_image":[{"width":279,"height":92,"url":"https:\/\/vieassociative.be\/actualites\/wp-content\/uploads\/2024\/09\/header_backgroundk-01-e1726694325946.png","type":"image\/png"}],"author":"Julien","twitter_card":"summary_large_image","twitter_misc":{"\u00c9crit par":"Julien","Dur\u00e9e de lecture est.":"2 minutes"},"schema":{"@context":"https:\/\/schema.org","@graph":[{"@type":"Article","@id":"https:\/\/vieassociative.be\/actualites\/vous-pouvez-obtenir-a-la-fois-windows-11-pro-et-office-2019-en-vente-pour-46-maintenant\/#article","isPartOf":{"@id":"https:\/\/vieassociative.be\/actualites\/vous-pouvez-obtenir-a-la-fois-windows-11-pro-et-office-2019-en-vente-pour-46-maintenant\/"},"author":{"name":"Julien","@id":"https:\/\/vieassociative.be\/actualites\/#\/schema\/person\/b87ac4f82f9d4e7b7cec7395b679edc4"},"headline":"Vous pouvez obtenir \u00e0 la fois Windows 11 Pro et Office 2019 en vente pour 46 $ maintenant","datePublished":"2025-04-20T07:17:43+00:00","dateModified":"2025-04-20T07:17:43+00:00","mainEntityOfPage":{"@id":"https:\/\/vieassociative.be\/actualites\/vous-pouvez-obtenir-a-la-fois-windows-11-pro-et-office-2019-en-vente-pour-46-maintenant\/"},"wordCount":496,"publisher":{"@id":"https:\/\/vieassociative.be\/actualites\/#organization"},"image":{"@id":"https:\/\/vieassociative.be\/actualites\/vous-pouvez-obtenir-a-la-fois-windows-11-pro-et-office-2019-en-vente-pour-46-maintenant\/#primaryimage"},"thumbnailUrl":"https:\/\/vieassociative.be\/actualites\/wp-content\/uploads\/2025\/04\/Vous-pouvez-obtenir-a-la-fois-Windows-11-Pro-et.png","keywords":["fois","maintenant","obtenir","Office","pour","pouvez","Pro","vente","Vous","Windows"],"articleSection":["Technologie"],"inLanguage":"fr-BE"},{"@type":"WebPage","@id":"https:\/\/vieassociative.be\/actualites\/vous-pouvez-obtenir-a-la-fois-windows-11-pro-et-office-2019-en-vente-pour-46-maintenant\/","url":"https:\/\/vieassociative.be\/actualites\/vous-pouvez-obtenir-a-la-fois-windows-11-pro-et-office-2019-en-vente-pour-46-maintenant\/","name":"Vous pouvez obtenir \u00e0 la fois Windows 11 Pro et Office 2019 en vente pour 46 $ maintenant | Vie Associative","isPartOf":{"@id":"https:\/\/vieassociative.be\/actualites\/#website"},"primaryImageOfPage":{"@id":"https:\/\/vieassociative.be\/actualites\/vous-pouvez-obtenir-a-la-fois-windows-11-pro-et-office-2019-en-vente-pour-46-maintenant\/#primaryimage"},"image":{"@id":"https:\/\/vieassociative.be\/actualites\/vous-pouvez-obtenir-a-la-fois-windows-11-pro-et-office-2019-en-vente-pour-46-maintenant\/#primaryimage"},"thumbnailUrl":"https:\/\/vieassociative.be\/actualites\/wp-content\/uploads\/2025\/04\/Vous-pouvez-obtenir-a-la-fois-Windows-11-Pro-et.png","datePublished":"2025-04-20T07:17:43+00:00","dateModified":"2025-04-20T07:17:43+00:00","breadcrumb":{"@id":"https:\/\/vieassociative.be\/actualites\/vous-pouvez-obtenir-a-la-fois-windows-11-pro-et-office-2019-en-vente-pour-46-maintenant\/#breadcrumb"},"inLanguage":"fr-BE","potentialAction":[{"@type":"ReadAction","target":["https:\/\/vieassociative.be\/actualites\/vous-pouvez-obtenir-a-la-fois-windows-11-pro-et-office-2019-en-vente-pour-46-maintenant\/"]}]},{"@type":"ImageObject","inLanguage":"fr-BE","@id":"https:\/\/vieassociative.be\/actualites\/vous-pouvez-obtenir-a-la-fois-windows-11-pro-et-office-2019-en-vente-pour-46-maintenant\/#primaryimage","url":"https:\/\/vieassociative.be\/actualites\/wp-content\/uploads\/2025\/04\/Vous-pouvez-obtenir-a-la-fois-Windows-11-Pro-et.png","contentUrl":"https:\/\/vieassociative.be\/actualites\/wp-content\/uploads\/2025\/04\/Vous-pouvez-obtenir-a-la-fois-Windows-11-Pro-et.png","width":1200,"height":675,"caption":"Vous pouvez obtenir \u00e0 la fois Windows 11 Pro et Office 2019 en vente pour 46 $ maintenant"},{"@type":"BreadcrumbList","@id":"https:\/\/vieassociative.be\/actualites\/vous-pouvez-obtenir-a-la-fois-windows-11-pro-et-office-2019-en-vente-pour-46-maintenant\/#breadcrumb","itemListElement":[{"@type":"ListItem","position":1,"name":"Accueil","item":"https:\/\/vieassociative.be\/actualites\/"},{"@type":"ListItem","position":2,"name":"Vous pouvez obtenir \u00e0 la fois Windows 11 Pro et Office 2019 en vente pour 46 $ maintenant"}]},{"@type":"WebSite","@id":"https:\/\/vieassociative.be\/actualites\/#website","url":"https:\/\/vieassociative.be\/actualites\/","name":"Vie Associative","description":"","publisher":{"@id":"https:\/\/vieassociative.be\/actualites\/#organization"},"potentialAction":[{"@type":"SearchAction","target":{"@type":"EntryPoint","urlTemplate":"https:\/\/vieassociative.be\/actualites\/?s={search_term_string}"},"query-input":{"@type":"PropertyValueSpecification","valueRequired":true,"valueName":"search_term_string"}}],"inLanguage":"fr-BE"},{"@type":"Organization","@id":"https:\/\/vieassociative.be\/actualites\/#organization","name":"Vie Associative","url":"https:\/\/vieassociative.be\/actualites\/","logo":{"@type":"ImageObject","inLanguage":"fr-BE","@id":"https:\/\/vieassociative.be\/actualites\/#\/schema\/logo\/image\/","url":"https:\/\/vieassociative.be\/actualites\/wp-content\/uploads\/2024\/09\/cropped-vieassociative_favicon.ico.png","contentUrl":"https:\/\/vieassociative.be\/actualites\/wp-content\/uploads\/2024\/09\/cropped-vieassociative_favicon.ico.png","width":512,"height":512,"caption":"Vie Associative"},"image":{"@id":"https:\/\/vieassociative.be\/actualites\/#\/schema\/logo\/image\/"}},{"@type":"Person","@id":"https:\/\/vieassociative.be\/actualites\/#\/schema\/person\/b87ac4f82f9d4e7b7cec7395b679edc4","name":"Julien","image":{"@type":"ImageObject","inLanguage":"fr-BE","@id":"https:\/\/vieassociative.be\/actualites\/#\/schema\/person\/image\/","url":"https:\/\/vieassociative.be\/actualites\/wp-content\/uploads\/2024\/09\/vie-associative-1-150x150.jpg","contentUrl":"https:\/\/vieassociative.be\/actualites\/wp-content\/uploads\/2024\/09\/vie-associative-1-150x150.jpg","caption":"Julien"},"description":"Je suis Julien, r\u00e9dacteur pour Vie Associative. Passionn\u00e9 par le monde associatif depuis plus de 10 ans, j'ai \u00e0 c\u0153ur de partager des histoires inspirantes et de mettre en lumi\u00e8re les initiatives locales. Mon objectif est de sensibiliser et d'encourager l'engagement communautaire \u00e0 travers mes articles.","sameAs":["https:\/\/vieassociative.be\/"]}]}},"_links":{"self":[{"href":"https:\/\/vieassociative.be\/actualites\/wp-json\/wp\/v2\/posts\/6875"}],"collection":[{"href":"https:\/\/vieassociative.be\/actualites\/wp-json\/wp\/v2\/posts"}],"about":[{"href":"https:\/\/vieassociative.be\/actualites\/wp-json\/wp\/v2\/types\/post"}],"author":[{"embeddable":true,"href":"https:\/\/vieassociative.be\/actualites\/wp-json\/wp\/v2\/users\/1"}],"replies":[{"embeddable":true,"href":"https:\/\/vieassociative.be\/actualites\/wp-json\/wp\/v2\/comments?post=6875"}],"version-history":[{"count":0,"href":"https:\/\/vieassociative.be\/actualites\/wp-json\/wp\/v2\/posts\/6875\/revisions"}],"wp:featuredmedia":[{"embeddable":true,"href":"https:\/\/vieassociative.be\/actualites\/wp-json\/wp\/v2\/media\/6876"}],"wp:attachment":[{"href":"https:\/\/vieassociative.be\/actualites\/wp-json\/wp\/v2\/media?parent=6875"}],"wp:term":[{"taxonomy":"category","embeddable":true,"href":"https:\/\/vieassociative.be\/actualites\/wp-json\/wp\/v2\/categories?post=6875"},{"taxonomy":"post_tag","embeddable":true,"href":"https:\/\/vieassociative.be\/actualites\/wp-json\/wp\/v2\/tags?post=6875"}],"curies":[{"name":"wp","href":"https:\/\/api.w.org\/{rel}","templated":true}]}}