{"id":6870,"date":"2025-04-20T04:18:11","date_gmt":"2025-04-20T02:18:11","guid":{"rendered":"https:\/\/vieassociative.be\/actualites\/4-0-dans-heidenheim-bayern-gala-a-ko-dans-la-premiere-classe\/"},"modified":"2025-04-20T04:18:11","modified_gmt":"2025-04-20T02:18:11","slug":"4-0-dans-heidenheim-bayern-gala-a-ko-dans-la-premiere-classe","status":"publish","type":"post","link":"https:\/\/vieassociative.be\/actualites\/4-0-dans-heidenheim-bayern-gala-a-ko-dans-la-premiere-classe\/","title":{"rendered":"4-0 dans Heidenheim: Bayern-Gala \u00e0 KO dans la premi\u00e8re classe"},"content":{"rendered":"<p><strong>Un festival de tourbe pour la derni\u00e8re chance du titre: le FC Bayern Munich a montr\u00e9 une r\u00e9action remarquable \u00e0 sa classe royale KO et a fait un grand pas vers le championnat en Bundesliga.<\/strong><\/p>\n<p><span id=\"more-413739\"><\/span>Trois jours apr\u00e8s les douloureux quarts de finale de la Ligue des champions \u00e0 l&rsquo;Inter Milan, l&rsquo;\u00e9quipe de l&rsquo;entra\u00eeneur Vincent Kompany a gagn\u00e9 4-0 (3-0) avec le 1,0 (3: 0).<\/p>\n<p>Le buteur Harry Kane (13e minute), Konrad Laimer (19e) et Kingsley Coman (36e) se sont rencontr\u00e9s pour l&rsquo;\u00e9quipe sup\u00e9rieure de Munich avant la pause. En seconde p\u00e9riode, le capitaine Joshua Kimmich (56e) a suivi devant 15 000 spectateurs pour les invit\u00e9s. Thomas M\u00fcller, qui conna\u00eet ses derniers matchs en tant que professionnel du Bayern ce printemps, a \u00e9t\u00e9 remplac\u00e9 une demi-heure avant la fin.<\/p>\n<div id=\"attachment_413744\" class=\"wp-caption alignleft\" style=\"max-width: 300px\"><img fetchpriority=\"high\" decoding=\"async\" class=\"wp-image-413744 size-medium\" src=\"https:\/\/vieassociative.be\/actualites\/wp-content\/uploads\/2025\/04\/4-0-dans-Heidenheim-Bayern-Gala-a-KO-dans-la-premiere-classe.jpg\" alt=\"\" width=\"300\" height=\"200\"><\/p>\n<p class=\"wp-caption-text\">19\/04\/2025, Bade-W\u00fcrttemberg, Heidenheim: l&rsquo;entra\u00eeneur de Munich Vincent Kompany geste. Photo: Tom Weller \/ DPA<\/p>\n<\/div>\n<p><strong>-Heidenheim reste une \u00e9quipe \u00e0 domicile gonfl\u00e9e:<\/strong> Dans le tableau, le chef a temporairement \u00e9largi son avance au poursuivant Bayer Leverkusen \u00e0 neuf points. Le champion en titre jouera au FC St. Pauli dimanche soir.<\/p>\n<p>Heidenheim, l&rsquo;\u00e9quipe \u00e0 domicile la plus faible de la ligue, a d\u00e9j\u00e0 re\u00e7u la onzi\u00e8me d\u00e9faite de la d\u00e9faite dans son propre stade et doit esp\u00e9rer sauver le rang de rel\u00e9gation dans le sprint final. Cette fois, les Swabiens \u00e9taient loin d&rsquo;\u00eatre une sensation comme le 3: 2 contre le Bayern il y a un an.<\/p>\n<p><strong>&#8211; Bavaria depuis le d\u00e9but du ton:<\/strong> Comment le Bayern ferait-il face au r\u00eave pr\u00e9coce de gagner la Ligue des champions? Un bon nombre de Heidenheimers avaient esp\u00e9r\u00e9 avant le coup d&rsquo;envoi que l&rsquo;ensemble \u00e9toile Munich a \u00e9galement frapp\u00e9 mentalement le gardien de but Manuel Neuer ou Jamal Musiala offensive-Offensive Musiala vendredi avec un retourneur de l&rsquo;\u00e9quipe nationale Leon Goretzka en raison de probl\u00e8mes de veau, a eu le jeu sous contr\u00f4le d\u00e8s le d\u00e9but. Le Bayern n&rsquo;a laiss\u00e9 aucun doute qu&rsquo;ils voulaient au moins ramener la coquille de ma\u00eetre et terminer au moins la premi\u00e8re saison de Kompany avec un troph\u00e9e. (DPA)<\/p>\n","protected":false},"excerpt":{"rendered":"<p>Un festival de tourbe pour la derni\u00e8re chance du titre: le FC Bayern Munich a montr\u00e9 une r\u00e9action remarquable \u00e0 sa classe royale KO et<\/p>\n","protected":false},"author":1,"featured_media":6871,"comment_status":"","ping_status":"","sticky":false,"template":"","format":"standard","meta":{"footnotes":""},"categories":[298],"tags":[6511,1246,166,5109,610],"class_list":["post-6870","post","type-post","status-publish","format-standard","has-post-thumbnail","hentry","category-belgique","tag-bayerngala","tag-classe","tag-dans","tag-heidenheim","tag-premiere","generate-columns","tablet-grid-50","mobile-grid-100","grid-parent","grid-33"],"yoast_head":"<!-- This site is optimized with the Yoast SEO plugin v24.0 - https:\/\/yoast.com\/wordpress\/plugins\/seo\/ -->\n<title>4-0 dans Heidenheim: Bayern-Gala \u00e0 KO dans la premi\u00e8re classe | Vie Associative<\/title>\n<meta name=\"robots\" content=\"index, follow, max-snippet:-1, max-image-preview:large, max-video-preview:-1\" \/>\n<link rel=\"canonical\" href=\"https:\/\/vieassociative.be\/actualites\/4-0-dans-heidenheim-bayern-gala-a-ko-dans-la-premiere-classe\/\" \/>\n<meta property=\"og:locale\" content=\"fr_FR\" \/>\n<meta property=\"og:type\" content=\"article\" \/>\n<meta property=\"og:title\" content=\"4-0 dans Heidenheim: Bayern-Gala \u00e0 KO dans la premi\u00e8re classe | Vie Associative\" \/>\n<meta property=\"og:description\" content=\"Un festival de tourbe pour la derni\u00e8re chance du titre: le FC Bayern Munich a montr\u00e9 une r\u00e9action remarquable \u00e0 sa classe royale KO et\" \/>\n<meta property=\"og:url\" content=\"https:\/\/vieassociative.be\/actualites\/4-0-dans-heidenheim-bayern-gala-a-ko-dans-la-premiere-classe\/\" \/>\n<meta property=\"og:site_name\" content=\"Vie Associative\" \/>\n<meta property=\"article:published_time\" content=\"2025-04-20T02:18:11+00:00\" \/>\n<meta property=\"og:image\" content=\"https:\/\/vieassociative.be\/actualites\/wp-content\/uploads\/2024\/09\/header_backgroundk-01-e1726694325946.png\" \/>\n\t<meta property=\"og:image:width\" content=\"279\" \/>\n\t<meta property=\"og:image:height\" content=\"92\" \/>\n\t<meta property=\"og:image:type\" content=\"image\/png\" \/>\n<meta name=\"author\" content=\"Julien\" \/>\n<meta name=\"twitter:card\" content=\"summary_large_image\" \/>\n<meta name=\"twitter:label1\" content=\"\u00c9crit par\" \/>\n\t<meta name=\"twitter:data1\" content=\"Julien\" \/>\n\t<meta name=\"twitter:label2\" content=\"Dur\u00e9e de lecture est.\" \/>\n\t<meta name=\"twitter:data2\" content=\"2 minutes\" \/>\n<script type=\"application\/ld+json\" class=\"yoast-schema-graph\">{\"@context\":\"https:\/\/schema.org\",\"@graph\":[{\"@type\":\"Article\",\"@id\":\"https:\/\/vieassociative.be\/actualites\/4-0-dans-heidenheim-bayern-gala-a-ko-dans-la-premiere-classe\/#article\",\"isPartOf\":{\"@id\":\"https:\/\/vieassociative.be\/actualites\/4-0-dans-heidenheim-bayern-gala-a-ko-dans-la-premiere-classe\/\"},\"author\":{\"name\":\"Julien\",\"@id\":\"https:\/\/vieassociative.be\/actualites\/#\/schema\/person\/b87ac4f82f9d4e7b7cec7395b679edc4\"},\"headline\":\"4-0 dans Heidenheim: Bayern-Gala \u00e0 KO dans la premi\u00e8re classe\",\"datePublished\":\"2025-04-20T02:18:11+00:00\",\"dateModified\":\"2025-04-20T02:18:11+00:00\",\"mainEntityOfPage\":{\"@id\":\"https:\/\/vieassociative.be\/actualites\/4-0-dans-heidenheim-bayern-gala-a-ko-dans-la-premiere-classe\/\"},\"wordCount\":376,\"publisher\":{\"@id\":\"https:\/\/vieassociative.be\/actualites\/#organization\"},\"image\":{\"@id\":\"https:\/\/vieassociative.be\/actualites\/4-0-dans-heidenheim-bayern-gala-a-ko-dans-la-premiere-classe\/#primaryimage\"},\"thumbnailUrl\":\"https:\/\/vieassociative.be\/actualites\/wp-content\/uploads\/2025\/04\/1745115491_4-0-dans-Heidenheim-Bayern-Gala-a-KO-dans-la-premiere-classe.jpg\",\"keywords\":[\"BayernGala\",\"classe\",\"dans\",\"Heidenheim\",\"premi\u00e8re\"],\"articleSection\":[\"Belgique\"],\"inLanguage\":\"fr-BE\"},{\"@type\":\"WebPage\",\"@id\":\"https:\/\/vieassociative.be\/actualites\/4-0-dans-heidenheim-bayern-gala-a-ko-dans-la-premiere-classe\/\",\"url\":\"https:\/\/vieassociative.be\/actualites\/4-0-dans-heidenheim-bayern-gala-a-ko-dans-la-premiere-classe\/\",\"name\":\"4-0 dans Heidenheim: Bayern-Gala \u00e0 KO dans la premi\u00e8re classe | Vie Associative\",\"isPartOf\":{\"@id\":\"https:\/\/vieassociative.be\/actualites\/#website\"},\"primaryImageOfPage\":{\"@id\":\"https:\/\/vieassociative.be\/actualites\/4-0-dans-heidenheim-bayern-gala-a-ko-dans-la-premiere-classe\/#primaryimage\"},\"image\":{\"@id\":\"https:\/\/vieassociative.be\/actualites\/4-0-dans-heidenheim-bayern-gala-a-ko-dans-la-premiere-classe\/#primaryimage\"},\"thumbnailUrl\":\"https:\/\/vieassociative.be\/actualites\/wp-content\/uploads\/2025\/04\/1745115491_4-0-dans-Heidenheim-Bayern-Gala-a-KO-dans-la-premiere-classe.jpg\",\"datePublished\":\"2025-04-20T02:18:11+00:00\",\"dateModified\":\"2025-04-20T02:18:11+00:00\",\"breadcrumb\":{\"@id\":\"https:\/\/vieassociative.be\/actualites\/4-0-dans-heidenheim-bayern-gala-a-ko-dans-la-premiere-classe\/#breadcrumb\"},\"inLanguage\":\"fr-BE\",\"potentialAction\":[{\"@type\":\"ReadAction\",\"target\":[\"https:\/\/vieassociative.be\/actualites\/4-0-dans-heidenheim-bayern-gala-a-ko-dans-la-premiere-classe\/\"]}]},{\"@type\":\"ImageObject\",\"inLanguage\":\"fr-BE\",\"@id\":\"https:\/\/vieassociative.be\/actualites\/4-0-dans-heidenheim-bayern-gala-a-ko-dans-la-premiere-classe\/#primaryimage\",\"url\":\"https:\/\/vieassociative.be\/actualites\/wp-content\/uploads\/2025\/04\/1745115491_4-0-dans-Heidenheim-Bayern-Gala-a-KO-dans-la-premiere-classe.jpg\",\"contentUrl\":\"https:\/\/vieassociative.be\/actualites\/wp-content\/uploads\/2025\/04\/1745115491_4-0-dans-Heidenheim-Bayern-Gala-a-KO-dans-la-premiere-classe.jpg\",\"width\":1200,\"height\":800,\"caption\":\"4-0 dans Heidenheim: Bayern-Gala \u00e0 KO dans la premi\u00e8re classe\"},{\"@type\":\"BreadcrumbList\",\"@id\":\"https:\/\/vieassociative.be\/actualites\/4-0-dans-heidenheim-bayern-gala-a-ko-dans-la-premiere-classe\/#breadcrumb\",\"itemListElement\":[{\"@type\":\"ListItem\",\"position\":1,\"name\":\"Accueil\",\"item\":\"https:\/\/vieassociative.be\/actualites\/\"},{\"@type\":\"ListItem\",\"position\":2,\"name\":\"4-0 dans Heidenheim: Bayern-Gala \u00e0 KO dans la premi\u00e8re classe\"}]},{\"@type\":\"WebSite\",\"@id\":\"https:\/\/vieassociative.be\/actualites\/#website\",\"url\":\"https:\/\/vieassociative.be\/actualites\/\",\"name\":\"Vie Associative\",\"description\":\"\",\"publisher\":{\"@id\":\"https:\/\/vieassociative.be\/actualites\/#organization\"},\"potentialAction\":[{\"@type\":\"SearchAction\",\"target\":{\"@type\":\"EntryPoint\",\"urlTemplate\":\"https:\/\/vieassociative.be\/actualites\/?s={search_term_string}\"},\"query-input\":{\"@type\":\"PropertyValueSpecification\",\"valueRequired\":true,\"valueName\":\"search_term_string\"}}],\"inLanguage\":\"fr-BE\"},{\"@type\":\"Organization\",\"@id\":\"https:\/\/vieassociative.be\/actualites\/#organization\",\"name\":\"Vie Associative\",\"url\":\"https:\/\/vieassociative.be\/actualites\/\",\"logo\":{\"@type\":\"ImageObject\",\"inLanguage\":\"fr-BE\",\"@id\":\"https:\/\/vieassociative.be\/actualites\/#\/schema\/logo\/image\/\",\"url\":\"https:\/\/vieassociative.be\/actualites\/wp-content\/uploads\/2024\/09\/cropped-vieassociative_favicon.ico.png\",\"contentUrl\":\"https:\/\/vieassociative.be\/actualites\/wp-content\/uploads\/2024\/09\/cropped-vieassociative_favicon.ico.png\",\"width\":512,\"height\":512,\"caption\":\"Vie Associative\"},\"image\":{\"@id\":\"https:\/\/vieassociative.be\/actualites\/#\/schema\/logo\/image\/\"}},{\"@type\":\"Person\",\"@id\":\"https:\/\/vieassociative.be\/actualites\/#\/schema\/person\/b87ac4f82f9d4e7b7cec7395b679edc4\",\"name\":\"Julien\",\"image\":{\"@type\":\"ImageObject\",\"inLanguage\":\"fr-BE\",\"@id\":\"https:\/\/vieassociative.be\/actualites\/#\/schema\/person\/image\/\",\"url\":\"https:\/\/vieassociative.be\/actualites\/wp-content\/uploads\/2024\/09\/vie-associative-1-150x150.jpg\",\"contentUrl\":\"https:\/\/vieassociative.be\/actualites\/wp-content\/uploads\/2024\/09\/vie-associative-1-150x150.jpg\",\"caption\":\"Julien\"},\"description\":\"Je suis Julien, r\u00e9dacteur pour Vie Associative. Passionn\u00e9 par le monde associatif depuis plus de 10 ans, j'ai \u00e0 c\u0153ur de partager des histoires inspirantes et de mettre en lumi\u00e8re les initiatives locales. Mon objectif est de sensibiliser et d'encourager l'engagement communautaire \u00e0 travers mes articles.\",\"sameAs\":[\"https:\/\/vieassociative.be\/\"]}]}<\/script>\n<!-- \/ Yoast SEO plugin. -->","yoast_head_json":{"title":"4-0 dans Heidenheim: Bayern-Gala \u00e0 KO dans la premi\u00e8re classe | Vie Associative","robots":{"index":"index","follow":"follow","max-snippet":"max-snippet:-1","max-image-preview":"max-image-preview:large","max-video-preview":"max-video-preview:-1"},"canonical":"https:\/\/vieassociative.be\/actualites\/4-0-dans-heidenheim-bayern-gala-a-ko-dans-la-premiere-classe\/","og_locale":"fr_FR","og_type":"article","og_title":"4-0 dans Heidenheim: Bayern-Gala \u00e0 KO dans la premi\u00e8re classe | Vie Associative","og_description":"Un festival de tourbe pour la derni\u00e8re chance du titre: le FC Bayern Munich a montr\u00e9 une r\u00e9action remarquable \u00e0 sa classe royale KO et","og_url":"https:\/\/vieassociative.be\/actualites\/4-0-dans-heidenheim-bayern-gala-a-ko-dans-la-premiere-classe\/","og_site_name":"Vie Associative","article_published_time":"2025-04-20T02:18:11+00:00","og_image":[{"width":279,"height":92,"url":"https:\/\/vieassociative.be\/actualites\/wp-content\/uploads\/2024\/09\/header_backgroundk-01-e1726694325946.png","type":"image\/png"}],"author":"Julien","twitter_card":"summary_large_image","twitter_misc":{"\u00c9crit par":"Julien","Dur\u00e9e de lecture est.":"2 minutes"},"schema":{"@context":"https:\/\/schema.org","@graph":[{"@type":"Article","@id":"https:\/\/vieassociative.be\/actualites\/4-0-dans-heidenheim-bayern-gala-a-ko-dans-la-premiere-classe\/#article","isPartOf":{"@id":"https:\/\/vieassociative.be\/actualites\/4-0-dans-heidenheim-bayern-gala-a-ko-dans-la-premiere-classe\/"},"author":{"name":"Julien","@id":"https:\/\/vieassociative.be\/actualites\/#\/schema\/person\/b87ac4f82f9d4e7b7cec7395b679edc4"},"headline":"4-0 dans Heidenheim: Bayern-Gala \u00e0 KO dans la premi\u00e8re classe","datePublished":"2025-04-20T02:18:11+00:00","dateModified":"2025-04-20T02:18:11+00:00","mainEntityOfPage":{"@id":"https:\/\/vieassociative.be\/actualites\/4-0-dans-heidenheim-bayern-gala-a-ko-dans-la-premiere-classe\/"},"wordCount":376,"publisher":{"@id":"https:\/\/vieassociative.be\/actualites\/#organization"},"image":{"@id":"https:\/\/vieassociative.be\/actualites\/4-0-dans-heidenheim-bayern-gala-a-ko-dans-la-premiere-classe\/#primaryimage"},"thumbnailUrl":"https:\/\/vieassociative.be\/actualites\/wp-content\/uploads\/2025\/04\/1745115491_4-0-dans-Heidenheim-Bayern-Gala-a-KO-dans-la-premiere-classe.jpg","keywords":["BayernGala","classe","dans","Heidenheim","premi\u00e8re"],"articleSection":["Belgique"],"inLanguage":"fr-BE"},{"@type":"WebPage","@id":"https:\/\/vieassociative.be\/actualites\/4-0-dans-heidenheim-bayern-gala-a-ko-dans-la-premiere-classe\/","url":"https:\/\/vieassociative.be\/actualites\/4-0-dans-heidenheim-bayern-gala-a-ko-dans-la-premiere-classe\/","name":"4-0 dans Heidenheim: Bayern-Gala \u00e0 KO dans la premi\u00e8re classe | Vie Associative","isPartOf":{"@id":"https:\/\/vieassociative.be\/actualites\/#website"},"primaryImageOfPage":{"@id":"https:\/\/vieassociative.be\/actualites\/4-0-dans-heidenheim-bayern-gala-a-ko-dans-la-premiere-classe\/#primaryimage"},"image":{"@id":"https:\/\/vieassociative.be\/actualites\/4-0-dans-heidenheim-bayern-gala-a-ko-dans-la-premiere-classe\/#primaryimage"},"thumbnailUrl":"https:\/\/vieassociative.be\/actualites\/wp-content\/uploads\/2025\/04\/1745115491_4-0-dans-Heidenheim-Bayern-Gala-a-KO-dans-la-premiere-classe.jpg","datePublished":"2025-04-20T02:18:11+00:00","dateModified":"2025-04-20T02:18:11+00:00","breadcrumb":{"@id":"https:\/\/vieassociative.be\/actualites\/4-0-dans-heidenheim-bayern-gala-a-ko-dans-la-premiere-classe\/#breadcrumb"},"inLanguage":"fr-BE","potentialAction":[{"@type":"ReadAction","target":["https:\/\/vieassociative.be\/actualites\/4-0-dans-heidenheim-bayern-gala-a-ko-dans-la-premiere-classe\/"]}]},{"@type":"ImageObject","inLanguage":"fr-BE","@id":"https:\/\/vieassociative.be\/actualites\/4-0-dans-heidenheim-bayern-gala-a-ko-dans-la-premiere-classe\/#primaryimage","url":"https:\/\/vieassociative.be\/actualites\/wp-content\/uploads\/2025\/04\/1745115491_4-0-dans-Heidenheim-Bayern-Gala-a-KO-dans-la-premiere-classe.jpg","contentUrl":"https:\/\/vieassociative.be\/actualites\/wp-content\/uploads\/2025\/04\/1745115491_4-0-dans-Heidenheim-Bayern-Gala-a-KO-dans-la-premiere-classe.jpg","width":1200,"height":800,"caption":"4-0 dans Heidenheim: Bayern-Gala \u00e0 KO dans la premi\u00e8re classe"},{"@type":"BreadcrumbList","@id":"https:\/\/vieassociative.be\/actualites\/4-0-dans-heidenheim-bayern-gala-a-ko-dans-la-premiere-classe\/#breadcrumb","itemListElement":[{"@type":"ListItem","position":1,"name":"Accueil","item":"https:\/\/vieassociative.be\/actualites\/"},{"@type":"ListItem","position":2,"name":"4-0 dans Heidenheim: Bayern-Gala \u00e0 KO dans la premi\u00e8re classe"}]},{"@type":"WebSite","@id":"https:\/\/vieassociative.be\/actualites\/#website","url":"https:\/\/vieassociative.be\/actualites\/","name":"Vie Associative","description":"","publisher":{"@id":"https:\/\/vieassociative.be\/actualites\/#organization"},"potentialAction":[{"@type":"SearchAction","target":{"@type":"EntryPoint","urlTemplate":"https:\/\/vieassociative.be\/actualites\/?s={search_term_string}"},"query-input":{"@type":"PropertyValueSpecification","valueRequired":true,"valueName":"search_term_string"}}],"inLanguage":"fr-BE"},{"@type":"Organization","@id":"https:\/\/vieassociative.be\/actualites\/#organization","name":"Vie Associative","url":"https:\/\/vieassociative.be\/actualites\/","logo":{"@type":"ImageObject","inLanguage":"fr-BE","@id":"https:\/\/vieassociative.be\/actualites\/#\/schema\/logo\/image\/","url":"https:\/\/vieassociative.be\/actualites\/wp-content\/uploads\/2024\/09\/cropped-vieassociative_favicon.ico.png","contentUrl":"https:\/\/vieassociative.be\/actualites\/wp-content\/uploads\/2024\/09\/cropped-vieassociative_favicon.ico.png","width":512,"height":512,"caption":"Vie Associative"},"image":{"@id":"https:\/\/vieassociative.be\/actualites\/#\/schema\/logo\/image\/"}},{"@type":"Person","@id":"https:\/\/vieassociative.be\/actualites\/#\/schema\/person\/b87ac4f82f9d4e7b7cec7395b679edc4","name":"Julien","image":{"@type":"ImageObject","inLanguage":"fr-BE","@id":"https:\/\/vieassociative.be\/actualites\/#\/schema\/person\/image\/","url":"https:\/\/vieassociative.be\/actualites\/wp-content\/uploads\/2024\/09\/vie-associative-1-150x150.jpg","contentUrl":"https:\/\/vieassociative.be\/actualites\/wp-content\/uploads\/2024\/09\/vie-associative-1-150x150.jpg","caption":"Julien"},"description":"Je suis Julien, r\u00e9dacteur pour Vie Associative. Passionn\u00e9 par le monde associatif depuis plus de 10 ans, j'ai \u00e0 c\u0153ur de partager des histoires inspirantes et de mettre en lumi\u00e8re les initiatives locales. Mon objectif est de sensibiliser et d'encourager l'engagement communautaire \u00e0 travers mes articles.","sameAs":["https:\/\/vieassociative.be\/"]}]}},"_links":{"self":[{"href":"https:\/\/vieassociative.be\/actualites\/wp-json\/wp\/v2\/posts\/6870"}],"collection":[{"href":"https:\/\/vieassociative.be\/actualites\/wp-json\/wp\/v2\/posts"}],"about":[{"href":"https:\/\/vieassociative.be\/actualites\/wp-json\/wp\/v2\/types\/post"}],"author":[{"embeddable":true,"href":"https:\/\/vieassociative.be\/actualites\/wp-json\/wp\/v2\/users\/1"}],"replies":[{"embeddable":true,"href":"https:\/\/vieassociative.be\/actualites\/wp-json\/wp\/v2\/comments?post=6870"}],"version-history":[{"count":0,"href":"https:\/\/vieassociative.be\/actualites\/wp-json\/wp\/v2\/posts\/6870\/revisions"}],"wp:featuredmedia":[{"embeddable":true,"href":"https:\/\/vieassociative.be\/actualites\/wp-json\/wp\/v2\/media\/6871"}],"wp:attachment":[{"href":"https:\/\/vieassociative.be\/actualites\/wp-json\/wp\/v2\/media?parent=6870"}],"wp:term":[{"taxonomy":"category","embeddable":true,"href":"https:\/\/vieassociative.be\/actualites\/wp-json\/wp\/v2\/categories?post=6870"},{"taxonomy":"post_tag","embeddable":true,"href":"https:\/\/vieassociative.be\/actualites\/wp-json\/wp\/v2\/tags?post=6870"}],"curies":[{"name":"wp","href":"https:\/\/api.w.org\/{rel}","templated":true}]}}