{"id":6864,"date":"2025-04-19T22:17:27","date_gmt":"2025-04-19T20:17:27","guid":{"rendered":"https:\/\/vieassociative.be\/actualites\/poutine-annonce-des-pauses-incendies-paques-surprise-ou-eolienne-selenskyj-reagit-initialement-de-maniere-sceptiquement\/"},"modified":"2025-04-19T22:17:27","modified_gmt":"2025-04-19T20:17:27","slug":"poutine-annonce-des-pauses-incendies-paques-surprise-ou-eolienne-selenskyj-reagit-initialement-de-maniere-sceptiquement","status":"publish","type":"post","link":"https:\/\/vieassociative.be\/actualites\/poutine-annonce-des-pauses-incendies-paques-surprise-ou-eolienne-selenskyj-reagit-initialement-de-maniere-sceptiquement\/","title":{"rendered":"Poutine annonce des pauses-incendies &#8211; P\u00e2ques surprise ou \u00e9olienne? Selenskyj r\u00e9agit initialement de mani\u00e8re sceptiquement"},"content":{"rendered":"<p><strong>Le chef du Kremlin, Vladimir Poutine, a \u00e9tonnamment proclam\u00e9 une courte pause de feu pour P\u00e2ques dans sa guerre contre l&rsquo;Ukraine. Le minist\u00e8re de la D\u00e9fense de Moscou a d\u00e9clar\u00e9 que le cessez-le-feu \u00e9tait respect\u00e9 par les troupes russes \u00e0 condition que les forces arm\u00e9es ukrainiennes y adh\u00e8rent \u00e9galement. La pause-incendie devrait donc s&rsquo;appliquer 30 heures &#8211; du d\u00e9but du samedi soir \u00e0 minuit le dimanche de P\u00e2ques.<\/strong><\/p>\n<p><span id=\"more-413699\"><\/span>Le pr\u00e9sident ukrainien Wolodymyr Selenskyj a initialement r\u00e9agi de mani\u00e8re sceptiquement &#8211; et a fait r\u00e9f\u00e9rence aux attaques en cours de la Russie. \u00ab\u00a0Quant \u00e0 la nouvelle tentative de Poutine de jouer avec la vie humaine, l&rsquo;alarme a\u00e9rienne est entendue dans de nombreuses r\u00e9gions de l&rsquo;Ukraine\u00a0\u00bb, a \u00e9crit Selenskyj sur la plate-forme X. 45 minutes avant l&rsquo;entr\u00e9e en vigueur, les drones de combat russes dans le ciel au-dessus de l&rsquo;Ukraine ont \u00e9crit. La d\u00e9fense a\u00e9rienne a d\u00e9j\u00e0 ouvert l&rsquo;incendie. \u00ab\u00a0Les drones Shahed dans notre ciel exposent la v\u00e9ritable attitude de Poutine envers P\u00e2ques et les vies\u00a0\u00bb, a critiqu\u00e9 Selenskyj.<\/p>\n<div id=\"attachment_413761\" class=\"wp-caption alignleft\" style=\"max-width: 300px\"><img fetchpriority=\"high\" decoding=\"async\" class=\"wp-image-413761 size-medium\" src=\"https:\/\/vieassociative.be\/actualites\/wp-content\/uploads\/2025\/04\/Poutine-annonce-des-pauses-incendies-Paques-surprise-ou-eolienne-Selenskyj.jpg\" alt=\"\" width=\"300\" height=\"200\"><\/p>\n<p class=\"wp-caption-text\">19 avril 2025, Russie, Moscou: le pr\u00e9sident russe Vladimir Poutine (R) parle au chef d&rsquo;\u00e9tat-major russe Gerasimov lors de sa r\u00e9union \u00e0 Kremlin. Photo: Vyacheslav Prokofyev \/ Pool Sputnik Kremlin \/ AP \/ DPA<\/p>\n<\/div>\n<p>Le ministre des Affaires \u00e9trang\u00e8res, Andrij Sybiha, a \u00e9galement comment\u00e9 de mani\u00e8re critique. Dans une contribution sur la plate-forme X, il a rappel\u00e9 que l&rsquo;Ukraine avait approuv\u00e9 la proposition am\u00e9ricaine pour une pause de 30 jours \u00e0 Dschidda d\u00e9but mars. Cependant, la Russie a rejet\u00e9 et a plut\u00f4t fourni un certain nombre de conditions pr\u00e9alables. \u00ab\u00a030 heures au lieu de 30 jours\u00a0\u00bb, Sybiha a r\u00e9sum\u00e9 l&rsquo;offre de Poutine. \u00ab\u00a0Nous savons que nous ne pouvons pas faire confiance \u00e0 ses paroles et que nous regardons les actes, et non les mots.\u00a0\u00bb<\/p>\n<p>Apr\u00e8s une r\u00e9union de Poutine avec le chef d&rsquo;\u00e9tat-major Walireri Gerassimow, le Kremlin a annonc\u00e9 que la partie russe arr\u00eaterait toutes les hostilit\u00e9s \u00e0 partir de 18 heures. Moscou Zeit (17 h CEST) du 19 avril \u00e0 00h00 (heure de Moscou) le 21 avril. En m\u00eame temps, Poutine a souhait\u00e9 \u00e0 tous les combattants russes sur les fronts en Ukraine une heureuse P\u00e2ques. La P\u00e2ques de l&rsquo;\u00c9glise orthodoxe co\u00efncide avec la P\u00e2ques de l&rsquo;\u00c9glise catholique et \u00e9vang\u00e9lique cette ann\u00e9e.<\/p>\n<p><strong>&#8211; Pression croissante de Washington:<\/strong> Il est initialement rest\u00e9 clair si l&rsquo;Ukraine cesserait \u00e9galement le feu de P\u00e2ques. Poutine a dit selon Tass, esp\u00e9rait-il. \u00ab\u00a0La r\u00e9action de l&rsquo;Ukraine montrera \u00e0 quel point elle est au s\u00e9rieux et capable de participer \u00e0 des pourparlers de paix\u00a0\u00bb, a d\u00e9clar\u00e9 Poutine.<\/p>\n<p>Le minist\u00e8re de la D\u00e9fense de Moscou a annonc\u00e9 que le cessez-le-feu serait introduit pour des raisons humanitaires. Le contexte de cette d\u00e9cision n&rsquo;\u00e9tait pas inhabituel. Poutine avait d\u00e9j\u00e0 ordonn\u00e9 \u00e0 ses troupes de ses troupes en janvier 2023 pour ses troupes un feu de gu\u00e9rison aux fronts en Ukraine.<\/p>\n<div id=\"attachment_410335\" class=\"wp-caption alignleft\" style=\"max-width: 300px\"><img decoding=\"async\" class=\"wp-image-410335 size-medium\" src=\"https:\/\/vieassociative.be\/actualites\/wp-content\/uploads\/2025\/04\/1745093847_490_Poutine-annonce-des-pauses-incendies-Paques-surprise-ou-eolienne-Selenskyj.jpg\" alt=\"\" width=\"300\" height=\"200\"><\/p>\n<p class=\"wp-caption-text\">03.03.2025, Pologne, Varsovie: Les gens d\u00e9montrent avec des affiches qui montrent le pr\u00e9sident ukrainien Selenskyj et la phrase \u00ab\u00a0La Russie est un \u00c9tat terroriste\u00a0\u00bb, pour soutenir l&rsquo;Ukraine devant le message am\u00e9ricain \u00e0 Varsovie. Photo: Czarek Sokolowski \/ AP \/ DPA<\/p>\n<\/div>\n<p>Plus r\u00e9cemment, Washington avait augment\u00e9 la pression sur les parties en guerre pour accepter bient\u00f4t l&rsquo;enregistrement des pourparlers de paix. Le pr\u00e9sident am\u00e9ricain Donald Trump a clairement indiqu\u00e9 qu&rsquo;il voulait voir des progr\u00e8s rapides afin que la guerre en Ukraine se termine finalement, son gouvernement puisse embaucher ses efforts. Il voulait voir un accord \u00ab\u00a0tr\u00e8s bient\u00f4t\u00a0\u00bb, a d\u00e9clar\u00e9 Trump \u00e0 la Maison Blanche. Il n&rsquo;a pas pr\u00e9cis\u00e9 combien de jours signifiait.<\/p>\n<p>Le pr\u00e9sident am\u00e9ricain a soulign\u00e9 que si le compromis des deux c\u00f4t\u00e9s fait d\u00e9faut, il n&rsquo;\u00e9tait pas int\u00e9ress\u00e9 \u00e0 poursuivre ses efforts de m\u00e9diation. \u00ab\u00a0Si l&rsquo;une des deux parties rend les choses tr\u00e8s difficiles pour une raison quelconque, nous dirons simplement: vous \u00eates stupide. Vous \u00eates des imb\u00e9ciles, vous \u00eates des gens terribles, et nous allons simplement le laisser\u00a0\u00bb, a-t-il d\u00e9clar\u00e9. \u00ab\u00a0Mais j&rsquo;esp\u00e8re que nous n&rsquo;aurons pas \u00e0 faire \u00e7a.\u00a0\u00bb<\/p>\n<p><strong>&#8211; Alarme de fus\u00e9e en Ukraine:<\/strong> Les forces arm\u00e9es russes ont eu lentement et avec des pertes \u00e9lev\u00e9es au cours des derniers mois dans l&rsquo;est de l&rsquo;Ukraine. Selon l&rsquo;agence d&rsquo;\u00c9tat Tass, Poutine a repr\u00e9sent\u00e9 le d\u00e9veloppement comme suit: \u00ab\u00a0La situation sur la ligne de contact est claire et se d\u00e9veloppe de mani\u00e8re pratique\u00a0\u00bb, a-t-il d\u00e9clar\u00e9. \u00ab\u00a0Les troupes russes se d\u00e9placent \u00e9tape par \u00e9tape et confiante.\u00a0\u00bb<\/p>\n<p>En m\u00eame temps que l&rsquo;annonce de la pause incendie par Poutine, la capitale ukrainienne Kiev Alarm a \u00e9t\u00e9 d\u00e9clench\u00e9e avant une \u00e9ventuelle attaque de fus\u00e9e. Dans le m\u00eame temps, la d\u00e9fense a\u00e9rienne a pris des drones russes sous le feu, comme l&rsquo;a annonc\u00e9 le maire Vitali Klitschko sur Telegram.<\/p>\n<div id=\"attachment_413759\" class=\"wp-caption alignleft\" style=\"max-width: 300px\"><img decoding=\"async\" class=\"wp-image-413759 size-medium\" src=\"https:\/\/vieassociative.be\/actualites\/wp-content\/uploads\/2025\/04\/1745093847_525_Poutine-annonce-des-pauses-incendies-Paques-surprise-ou-eolienne-Selenskyj.jpg\" alt=\"\" width=\"300\" height=\"167\"><\/p>\n<p class=\"wp-caption-text\">20.03.2025, Ukraine, Tschernihiw: Les soldats ukrainiens seront photographi\u00e9s le 19 mars 2025 apr\u00e8s leur retour avec la Russie dans le cadre d&rsquo;un accord sur l&rsquo;\u00e9change de prisonniers de guerre. Photo: &#8211; \/ kyodo \/ dpa<\/p>\n<\/div>\n<p>Dans la ville de Cherson du sud de l&rsquo;Ukrainien, un drone a frapp\u00e9 dans un immeuble r\u00e9sidentiel multi-\u00e9tages. Il n&rsquo;\u00e9tait pas clair si cela s&rsquo;\u00e9tait produit avant ou apr\u00e8s l&rsquo;entr\u00e9e en vigueur de la pause incendie dispos\u00e9e par Moscou. Sur une photo que le consultant de Selenskyj, Andrij Jermak, a publi\u00e9 sur X, il y avait un b\u00e2timent en feu. \u00ab\u00a0Les Russes continuent d&rsquo;attaquer des civils \u00e0 Cherson\u00a0\u00bb, a-t-il comment\u00e9.<\/p>\n<p><strong>&#8211; Les Russes et les Ukrainiens \u00e9changent des prisonniers:<\/strong> La Russie et l&rsquo;Ukraine ont de nouveau \u00e9chang\u00e9 des prisonniers de guerre le samedi saint. 246 soldats russes et ukrainiens sont revenus chacun \u00e0 leurs propres troupes dans un endroit \u00e0 la fronti\u00e8re avec le B\u00e9larus, qui n&rsquo;avait pas \u00e9t\u00e9 d\u00e9crit plus en d\u00e9tail, a d\u00e9clar\u00e9 le minist\u00e8re de la D\u00e9fense \u00e0 Moscou. \u00ab\u00a0De plus, 31 prisonniers de guerre ont \u00e9t\u00e9 remis au geste de bonne volont\u00e9 en \u00e9change de 15 soldats russes bless\u00e9s qui ont de toute urgence \u00eatre des soins m\u00e9dicaux\u00a0\u00bb, indique le communiqu\u00e9.<\/p>\n<p>L&rsquo;\u00e9change a \u00e9t\u00e9 transmis par les \u00c9mirats arabes unis. Les parties en guerre ont \u00e9chang\u00e9 plusieurs prisonniers de guerre au cours des plus de trois ans depuis le d\u00e9but de l&rsquo;invasion russe. Selon le pr\u00e9sident Selenskyj, 4 552 soldats ukrainiens et civils ont pu rentrer chez eux.<\/p>\n<h3>Washington pourrait reconna\u00eetre la Crim\u00e9e comme russe<\/h3>\n<p><strong>Reconna\u00eetre la Crim\u00e9e comme russe? Les rapports non pass\u00e9s ressemblent \u00e0 un nouveau test de ballon Washington dans les efforts de paix dans la guerre de l&rsquo;Ukraine. Le probl\u00e8me avec Kyiv est in\u00e9vitable.<\/strong><\/p>\n<p><!--more-->Au milieu de la discussion sur une fin possible de la m\u00e9diation am\u00e9ricaine dans la guerre de l&rsquo;Ukraine, principalement un nouveau ballon de test a \u00e9t\u00e9 lanc\u00e9 par l&rsquo;\u00e9quipe am\u00e9ricaine. Les \u00c9tats-Unis pourraient \u00eatre pr\u00eats \u00e0 reconna\u00eetre la Crim\u00e9e comme un territoire russe, a rapport\u00e9 la Bloomberg Agency dans des cercles \u00e9clair\u00e9s.<\/p>\n<p>La Russie avait occup\u00e9 la p\u00e9ninsule de la mer Noire ukrainienne en 2014, puis annex\u00e9e \u00e0 la suite d&rsquo;un r\u00e9f\u00e9rendum contr\u00f4l\u00e9 par Moscou.<\/p>\n<div id=\"attachment_333272\" class=\"wp-caption alignleft\" style=\"max-width: 300px\"><img loading=\"lazy\" decoding=\"async\" class=\"wp-image-333272 size-medium\" src=\"https:\/\/vieassociative.be\/actualites\/wp-content\/uploads\/2025\/04\/Poutine-annonce-des-pauses-incendies-Paques-surprise-ou-eolienne-Selenskyj.jpeg\" alt=\"\" width=\"300\" height=\"190\"><\/p>\n<p class=\"wp-caption-text\">23\/12\/2019, Russie, Kersch: Le pont de Crim\u00e9e, qui \u00e9tablit un lien entre la Russie et la p\u00e9ninsule de la mer Noire. Photo: Alexei Nikolsky \/ Pool Spoutnik Kremlin \/ AP \/ DPA<\/p>\n<\/div>\n<p>Selon Bloomberg, une telle concession pourrait \u00eatre un signal du pr\u00e9sident am\u00e9ricain Donald Trump, qui veut provoquer un cessez-le-feu entre la Russie et l&rsquo;Ukraine en toutes circonstances. Jusqu&rsquo;\u00e0 pr\u00e9sent, la Russie en particulier a cl\u00f4tur\u00e9 ces efforts, tandis que l&rsquo;Ukraine a \u00e9t\u00e9 pr\u00eate pour des pourparlers de paix. Les interlocuteurs de Bloomberg ont cependant soulign\u00e9 qu&rsquo;aucune d\u00e9cision finale n&rsquo;avait encore \u00e9t\u00e9 prise dans les jeux de pens\u00e9e sur la Crim\u00e9e.<\/p>\n<p>Kyiv n&rsquo;a pas encore comment\u00e9 ces jeux de pens\u00e9e. Cependant, l&rsquo;Ukraine refuse cat\u00e9goriquement de se passer des parties de pays occup\u00e9es par la Russie. Cela s&rsquo;applique \u00e0 la fois \u00e0 la Crim\u00e9e et aux r\u00e9gions de l&rsquo;est de l&rsquo;Ukraine, qui ont \u00e9galement \u00e9t\u00e9 int\u00e9gr\u00e9es \u00e0 l&rsquo;Association d&rsquo;\u00c9tat russe par Moscou. L&rsquo;Occident rejette cat\u00e9goriquement la reconnaissance des zones occup\u00e9es en tant que russe. Jusqu&rsquo;\u00e0 pr\u00e9sent, cela s&rsquo;applique \u00e9galement aux \u00c9tats-Unis.<\/p>\n<p>Washington veut conclure rapidement un accord pour r\u00e9silier la guerre de l&rsquo;Ukraine &#8211; et autrement peut-\u00eatre arr\u00eater ses efforts. Il voulait voir un accord \u00ab\u00a0tr\u00e8s bient\u00f4t\u00a0\u00bb, a d\u00e9clar\u00e9 Trump \u00e0 la Maison Blanche. Il n&rsquo;a pas pr\u00e9cis\u00e9 combien de jours sont m\u00e9chants.<\/p>\n<p>Dans le m\u00eame temps, le pr\u00e9sident am\u00e9ricain a soulign\u00e9 que si le compromis des deux c\u00f4t\u00e9s faisait d\u00e9faut, il n&rsquo;\u00e9tait pas int\u00e9ress\u00e9 \u00e0 poursuivre ses efforts de m\u00e9diation. \u00ab\u00a0Si l&rsquo;une des deux parties rend les choses tr\u00e8s difficiles pour une raison quelconque, nous dirons simplement: vous \u00eates stupide. Vous \u00eates des imb\u00e9ciles, vous \u00eates des gens terribles, et nous allons simplement le laisser\u00a0\u00bb, a-t-il d\u00e9clar\u00e9. \u00ab\u00a0Mais j&rsquo;esp\u00e8re que nous n&rsquo;aurons pas \u00e0 faire \u00e7a.\u00a0\u00bb (DPA)<\/p>\n","protected":false},"excerpt":{"rendered":"<p>Le chef du Kremlin, Vladimir Poutine, a \u00e9tonnamment proclam\u00e9 une courte pause de feu pour P\u00e2ques dans sa guerre contre l&rsquo;Ukraine. Le minist\u00e8re de la<\/p>\n","protected":false},"author":1,"featured_media":6865,"comment_status":"","ping_status":"","sticky":false,"template":"","format":"standard","meta":{"footnotes":""},"categories":[298],"tags":[1987,29,6506,6508,327,867,6504,4227,6507,6509,5563,6505],"class_list":["post-6864","post","type-post","status-publish","format-standard","has-post-thumbnail","hentry","category-belgique","tag-annonce","tag-des","tag-eolienne","tag-initialement","tag-maniere","tag-paques","tag-pausesincendies","tag-poutine","tag-reagit","tag-sceptiquement","tag-selenskyj","tag-surprise","generate-columns","tablet-grid-50","mobile-grid-100","grid-parent","grid-33"],"yoast_head":"<!-- This site is optimized with the Yoast SEO plugin v24.0 - https:\/\/yoast.com\/wordpress\/plugins\/seo\/ -->\n<title>Poutine annonce des pauses-incendies - P\u00e2ques surprise ou \u00e9olienne? Selenskyj r\u00e9agit initialement de mani\u00e8re sceptiquement | Vie Associative<\/title>\n<meta name=\"robots\" content=\"index, follow, max-snippet:-1, max-image-preview:large, max-video-preview:-1\" \/>\n<link rel=\"canonical\" href=\"https:\/\/vieassociative.be\/actualites\/poutine-annonce-des-pauses-incendies-paques-surprise-ou-eolienne-selenskyj-reagit-initialement-de-maniere-sceptiquement\/\" \/>\n<meta property=\"og:locale\" content=\"fr_FR\" \/>\n<meta property=\"og:type\" content=\"article\" \/>\n<meta property=\"og:title\" content=\"Poutine annonce des pauses-incendies - P\u00e2ques surprise ou \u00e9olienne? Selenskyj r\u00e9agit initialement de mani\u00e8re sceptiquement | Vie Associative\" \/>\n<meta property=\"og:description\" content=\"Le chef du Kremlin, Vladimir Poutine, a \u00e9tonnamment proclam\u00e9 une courte pause de feu pour P\u00e2ques dans sa guerre contre l&rsquo;Ukraine. Le minist\u00e8re de la\" \/>\n<meta property=\"og:url\" content=\"https:\/\/vieassociative.be\/actualites\/poutine-annonce-des-pauses-incendies-paques-surprise-ou-eolienne-selenskyj-reagit-initialement-de-maniere-sceptiquement\/\" \/>\n<meta property=\"og:site_name\" content=\"Vie Associative\" \/>\n<meta property=\"article:published_time\" content=\"2025-04-19T20:17:27+00:00\" \/>\n<meta property=\"og:image\" content=\"https:\/\/vieassociative.be\/actualites\/wp-content\/uploads\/2024\/09\/header_backgroundk-01-e1726694325946.png\" \/>\n\t<meta property=\"og:image:width\" content=\"279\" \/>\n\t<meta property=\"og:image:height\" content=\"92\" \/>\n\t<meta property=\"og:image:type\" content=\"image\/png\" \/>\n<meta name=\"author\" content=\"Julien\" \/>\n<meta name=\"twitter:card\" content=\"summary_large_image\" \/>\n<meta name=\"twitter:label1\" content=\"\u00c9crit par\" \/>\n\t<meta name=\"twitter:data1\" content=\"Julien\" \/>\n\t<meta name=\"twitter:label2\" content=\"Dur\u00e9e de lecture est.\" \/>\n\t<meta name=\"twitter:data2\" content=\"8 minutes\" \/>\n<script type=\"application\/ld+json\" class=\"yoast-schema-graph\">{\"@context\":\"https:\/\/schema.org\",\"@graph\":[{\"@type\":\"Article\",\"@id\":\"https:\/\/vieassociative.be\/actualites\/poutine-annonce-des-pauses-incendies-paques-surprise-ou-eolienne-selenskyj-reagit-initialement-de-maniere-sceptiquement\/#article\",\"isPartOf\":{\"@id\":\"https:\/\/vieassociative.be\/actualites\/poutine-annonce-des-pauses-incendies-paques-surprise-ou-eolienne-selenskyj-reagit-initialement-de-maniere-sceptiquement\/\"},\"author\":{\"name\":\"Julien\",\"@id\":\"https:\/\/vieassociative.be\/actualites\/#\/schema\/person\/b87ac4f82f9d4e7b7cec7395b679edc4\"},\"headline\":\"Poutine annonce des pauses-incendies &#8211; P\u00e2ques surprise ou \u00e9olienne? Selenskyj r\u00e9agit initialement de mani\u00e8re sceptiquement\",\"datePublished\":\"2025-04-19T20:17:27+00:00\",\"dateModified\":\"2025-04-19T20:17:27+00:00\",\"mainEntityOfPage\":{\"@id\":\"https:\/\/vieassociative.be\/actualites\/poutine-annonce-des-pauses-incendies-paques-surprise-ou-eolienne-selenskyj-reagit-initialement-de-maniere-sceptiquement\/\"},\"wordCount\":1601,\"publisher\":{\"@id\":\"https:\/\/vieassociative.be\/actualites\/#organization\"},\"image\":{\"@id\":\"https:\/\/vieassociative.be\/actualites\/poutine-annonce-des-pauses-incendies-paques-surprise-ou-eolienne-selenskyj-reagit-initialement-de-maniere-sceptiquement\/#primaryimage\"},\"thumbnailUrl\":\"https:\/\/vieassociative.be\/actualites\/wp-content\/uploads\/2025\/04\/1745093848_Poutine-annonce-des-pauses-incendies-Paques-surprise-ou-eolienne-Selenskyj.jpg\",\"keywords\":[\"annonce\",\"Des\",\"\u00e9olienne\",\"initialement\",\"mani\u00e8re\",\"P\u00e2ques\",\"pausesincendies\",\"Poutine\",\"r\u00e9agit\",\"sceptiquement\",\"Selenskyj\",\"surprise\"],\"articleSection\":[\"Belgique\"],\"inLanguage\":\"fr-BE\"},{\"@type\":\"WebPage\",\"@id\":\"https:\/\/vieassociative.be\/actualites\/poutine-annonce-des-pauses-incendies-paques-surprise-ou-eolienne-selenskyj-reagit-initialement-de-maniere-sceptiquement\/\",\"url\":\"https:\/\/vieassociative.be\/actualites\/poutine-annonce-des-pauses-incendies-paques-surprise-ou-eolienne-selenskyj-reagit-initialement-de-maniere-sceptiquement\/\",\"name\":\"Poutine annonce des pauses-incendies - P\u00e2ques surprise ou \u00e9olienne? Selenskyj r\u00e9agit initialement de mani\u00e8re sceptiquement | Vie Associative\",\"isPartOf\":{\"@id\":\"https:\/\/vieassociative.be\/actualites\/#website\"},\"primaryImageOfPage\":{\"@id\":\"https:\/\/vieassociative.be\/actualites\/poutine-annonce-des-pauses-incendies-paques-surprise-ou-eolienne-selenskyj-reagit-initialement-de-maniere-sceptiquement\/#primaryimage\"},\"image\":{\"@id\":\"https:\/\/vieassociative.be\/actualites\/poutine-annonce-des-pauses-incendies-paques-surprise-ou-eolienne-selenskyj-reagit-initialement-de-maniere-sceptiquement\/#primaryimage\"},\"thumbnailUrl\":\"https:\/\/vieassociative.be\/actualites\/wp-content\/uploads\/2025\/04\/1745093848_Poutine-annonce-des-pauses-incendies-Paques-surprise-ou-eolienne-Selenskyj.jpg\",\"datePublished\":\"2025-04-19T20:17:27+00:00\",\"dateModified\":\"2025-04-19T20:17:27+00:00\",\"breadcrumb\":{\"@id\":\"https:\/\/vieassociative.be\/actualites\/poutine-annonce-des-pauses-incendies-paques-surprise-ou-eolienne-selenskyj-reagit-initialement-de-maniere-sceptiquement\/#breadcrumb\"},\"inLanguage\":\"fr-BE\",\"potentialAction\":[{\"@type\":\"ReadAction\",\"target\":[\"https:\/\/vieassociative.be\/actualites\/poutine-annonce-des-pauses-incendies-paques-surprise-ou-eolienne-selenskyj-reagit-initialement-de-maniere-sceptiquement\/\"]}]},{\"@type\":\"ImageObject\",\"inLanguage\":\"fr-BE\",\"@id\":\"https:\/\/vieassociative.be\/actualites\/poutine-annonce-des-pauses-incendies-paques-surprise-ou-eolienne-selenskyj-reagit-initialement-de-maniere-sceptiquement\/#primaryimage\",\"url\":\"https:\/\/vieassociative.be\/actualites\/wp-content\/uploads\/2025\/04\/1745093848_Poutine-annonce-des-pauses-incendies-Paques-surprise-ou-eolienne-Selenskyj.jpg\",\"contentUrl\":\"https:\/\/vieassociative.be\/actualites\/wp-content\/uploads\/2025\/04\/1745093848_Poutine-annonce-des-pauses-incendies-Paques-surprise-ou-eolienne-Selenskyj.jpg\",\"width\":1200,\"height\":800,\"caption\":\"Poutine annonce des pauses-incendies - P\u00e2ques surprise ou \u00e9olienne? Selenskyj r\u00e9agit initialement de mani\u00e8re sceptiquement\"},{\"@type\":\"BreadcrumbList\",\"@id\":\"https:\/\/vieassociative.be\/actualites\/poutine-annonce-des-pauses-incendies-paques-surprise-ou-eolienne-selenskyj-reagit-initialement-de-maniere-sceptiquement\/#breadcrumb\",\"itemListElement\":[{\"@type\":\"ListItem\",\"position\":1,\"name\":\"Accueil\",\"item\":\"https:\/\/vieassociative.be\/actualites\/\"},{\"@type\":\"ListItem\",\"position\":2,\"name\":\"Poutine annonce des pauses-incendies &#8211; P\u00e2ques surprise ou \u00e9olienne? Selenskyj r\u00e9agit initialement de mani\u00e8re sceptiquement\"}]},{\"@type\":\"WebSite\",\"@id\":\"https:\/\/vieassociative.be\/actualites\/#website\",\"url\":\"https:\/\/vieassociative.be\/actualites\/\",\"name\":\"Vie Associative\",\"description\":\"\",\"publisher\":{\"@id\":\"https:\/\/vieassociative.be\/actualites\/#organization\"},\"potentialAction\":[{\"@type\":\"SearchAction\",\"target\":{\"@type\":\"EntryPoint\",\"urlTemplate\":\"https:\/\/vieassociative.be\/actualites\/?s={search_term_string}\"},\"query-input\":{\"@type\":\"PropertyValueSpecification\",\"valueRequired\":true,\"valueName\":\"search_term_string\"}}],\"inLanguage\":\"fr-BE\"},{\"@type\":\"Organization\",\"@id\":\"https:\/\/vieassociative.be\/actualites\/#organization\",\"name\":\"Vie Associative\",\"url\":\"https:\/\/vieassociative.be\/actualites\/\",\"logo\":{\"@type\":\"ImageObject\",\"inLanguage\":\"fr-BE\",\"@id\":\"https:\/\/vieassociative.be\/actualites\/#\/schema\/logo\/image\/\",\"url\":\"https:\/\/vieassociative.be\/actualites\/wp-content\/uploads\/2024\/09\/cropped-vieassociative_favicon.ico.png\",\"contentUrl\":\"https:\/\/vieassociative.be\/actualites\/wp-content\/uploads\/2024\/09\/cropped-vieassociative_favicon.ico.png\",\"width\":512,\"height\":512,\"caption\":\"Vie Associative\"},\"image\":{\"@id\":\"https:\/\/vieassociative.be\/actualites\/#\/schema\/logo\/image\/\"}},{\"@type\":\"Person\",\"@id\":\"https:\/\/vieassociative.be\/actualites\/#\/schema\/person\/b87ac4f82f9d4e7b7cec7395b679edc4\",\"name\":\"Julien\",\"image\":{\"@type\":\"ImageObject\",\"inLanguage\":\"fr-BE\",\"@id\":\"https:\/\/vieassociative.be\/actualites\/#\/schema\/person\/image\/\",\"url\":\"https:\/\/vieassociative.be\/actualites\/wp-content\/uploads\/2024\/09\/vie-associative-1-150x150.jpg\",\"contentUrl\":\"https:\/\/vieassociative.be\/actualites\/wp-content\/uploads\/2024\/09\/vie-associative-1-150x150.jpg\",\"caption\":\"Julien\"},\"description\":\"Je suis Julien, r\u00e9dacteur pour Vie Associative. Passionn\u00e9 par le monde associatif depuis plus de 10 ans, j'ai \u00e0 c\u0153ur de partager des histoires inspirantes et de mettre en lumi\u00e8re les initiatives locales. Mon objectif est de sensibiliser et d'encourager l'engagement communautaire \u00e0 travers mes articles.\",\"sameAs\":[\"https:\/\/vieassociative.be\/\"]}]}<\/script>\n<!-- \/ Yoast SEO plugin. -->","yoast_head_json":{"title":"Poutine annonce des pauses-incendies - P\u00e2ques surprise ou \u00e9olienne? Selenskyj r\u00e9agit initialement de mani\u00e8re sceptiquement | Vie Associative","robots":{"index":"index","follow":"follow","max-snippet":"max-snippet:-1","max-image-preview":"max-image-preview:large","max-video-preview":"max-video-preview:-1"},"canonical":"https:\/\/vieassociative.be\/actualites\/poutine-annonce-des-pauses-incendies-paques-surprise-ou-eolienne-selenskyj-reagit-initialement-de-maniere-sceptiquement\/","og_locale":"fr_FR","og_type":"article","og_title":"Poutine annonce des pauses-incendies - P\u00e2ques surprise ou \u00e9olienne? Selenskyj r\u00e9agit initialement de mani\u00e8re sceptiquement | Vie Associative","og_description":"Le chef du Kremlin, Vladimir Poutine, a \u00e9tonnamment proclam\u00e9 une courte pause de feu pour P\u00e2ques dans sa guerre contre l&rsquo;Ukraine. Le minist\u00e8re de la","og_url":"https:\/\/vieassociative.be\/actualites\/poutine-annonce-des-pauses-incendies-paques-surprise-ou-eolienne-selenskyj-reagit-initialement-de-maniere-sceptiquement\/","og_site_name":"Vie Associative","article_published_time":"2025-04-19T20:17:27+00:00","og_image":[{"width":279,"height":92,"url":"https:\/\/vieassociative.be\/actualites\/wp-content\/uploads\/2024\/09\/header_backgroundk-01-e1726694325946.png","type":"image\/png"}],"author":"Julien","twitter_card":"summary_large_image","twitter_misc":{"\u00c9crit par":"Julien","Dur\u00e9e de lecture est.":"8 minutes"},"schema":{"@context":"https:\/\/schema.org","@graph":[{"@type":"Article","@id":"https:\/\/vieassociative.be\/actualites\/poutine-annonce-des-pauses-incendies-paques-surprise-ou-eolienne-selenskyj-reagit-initialement-de-maniere-sceptiquement\/#article","isPartOf":{"@id":"https:\/\/vieassociative.be\/actualites\/poutine-annonce-des-pauses-incendies-paques-surprise-ou-eolienne-selenskyj-reagit-initialement-de-maniere-sceptiquement\/"},"author":{"name":"Julien","@id":"https:\/\/vieassociative.be\/actualites\/#\/schema\/person\/b87ac4f82f9d4e7b7cec7395b679edc4"},"headline":"Poutine annonce des pauses-incendies &#8211; P\u00e2ques surprise ou \u00e9olienne? Selenskyj r\u00e9agit initialement de mani\u00e8re sceptiquement","datePublished":"2025-04-19T20:17:27+00:00","dateModified":"2025-04-19T20:17:27+00:00","mainEntityOfPage":{"@id":"https:\/\/vieassociative.be\/actualites\/poutine-annonce-des-pauses-incendies-paques-surprise-ou-eolienne-selenskyj-reagit-initialement-de-maniere-sceptiquement\/"},"wordCount":1601,"publisher":{"@id":"https:\/\/vieassociative.be\/actualites\/#organization"},"image":{"@id":"https:\/\/vieassociative.be\/actualites\/poutine-annonce-des-pauses-incendies-paques-surprise-ou-eolienne-selenskyj-reagit-initialement-de-maniere-sceptiquement\/#primaryimage"},"thumbnailUrl":"https:\/\/vieassociative.be\/actualites\/wp-content\/uploads\/2025\/04\/1745093848_Poutine-annonce-des-pauses-incendies-Paques-surprise-ou-eolienne-Selenskyj.jpg","keywords":["annonce","Des","\u00e9olienne","initialement","mani\u00e8re","P\u00e2ques","pausesincendies","Poutine","r\u00e9agit","sceptiquement","Selenskyj","surprise"],"articleSection":["Belgique"],"inLanguage":"fr-BE"},{"@type":"WebPage","@id":"https:\/\/vieassociative.be\/actualites\/poutine-annonce-des-pauses-incendies-paques-surprise-ou-eolienne-selenskyj-reagit-initialement-de-maniere-sceptiquement\/","url":"https:\/\/vieassociative.be\/actualites\/poutine-annonce-des-pauses-incendies-paques-surprise-ou-eolienne-selenskyj-reagit-initialement-de-maniere-sceptiquement\/","name":"Poutine annonce des pauses-incendies - P\u00e2ques surprise ou \u00e9olienne? Selenskyj r\u00e9agit initialement de mani\u00e8re sceptiquement | Vie Associative","isPartOf":{"@id":"https:\/\/vieassociative.be\/actualites\/#website"},"primaryImageOfPage":{"@id":"https:\/\/vieassociative.be\/actualites\/poutine-annonce-des-pauses-incendies-paques-surprise-ou-eolienne-selenskyj-reagit-initialement-de-maniere-sceptiquement\/#primaryimage"},"image":{"@id":"https:\/\/vieassociative.be\/actualites\/poutine-annonce-des-pauses-incendies-paques-surprise-ou-eolienne-selenskyj-reagit-initialement-de-maniere-sceptiquement\/#primaryimage"},"thumbnailUrl":"https:\/\/vieassociative.be\/actualites\/wp-content\/uploads\/2025\/04\/1745093848_Poutine-annonce-des-pauses-incendies-Paques-surprise-ou-eolienne-Selenskyj.jpg","datePublished":"2025-04-19T20:17:27+00:00","dateModified":"2025-04-19T20:17:27+00:00","breadcrumb":{"@id":"https:\/\/vieassociative.be\/actualites\/poutine-annonce-des-pauses-incendies-paques-surprise-ou-eolienne-selenskyj-reagit-initialement-de-maniere-sceptiquement\/#breadcrumb"},"inLanguage":"fr-BE","potentialAction":[{"@type":"ReadAction","target":["https:\/\/vieassociative.be\/actualites\/poutine-annonce-des-pauses-incendies-paques-surprise-ou-eolienne-selenskyj-reagit-initialement-de-maniere-sceptiquement\/"]}]},{"@type":"ImageObject","inLanguage":"fr-BE","@id":"https:\/\/vieassociative.be\/actualites\/poutine-annonce-des-pauses-incendies-paques-surprise-ou-eolienne-selenskyj-reagit-initialement-de-maniere-sceptiquement\/#primaryimage","url":"https:\/\/vieassociative.be\/actualites\/wp-content\/uploads\/2025\/04\/1745093848_Poutine-annonce-des-pauses-incendies-Paques-surprise-ou-eolienne-Selenskyj.jpg","contentUrl":"https:\/\/vieassociative.be\/actualites\/wp-content\/uploads\/2025\/04\/1745093848_Poutine-annonce-des-pauses-incendies-Paques-surprise-ou-eolienne-Selenskyj.jpg","width":1200,"height":800,"caption":"Poutine annonce des pauses-incendies - P\u00e2ques surprise ou \u00e9olienne? Selenskyj r\u00e9agit initialement de mani\u00e8re sceptiquement"},{"@type":"BreadcrumbList","@id":"https:\/\/vieassociative.be\/actualites\/poutine-annonce-des-pauses-incendies-paques-surprise-ou-eolienne-selenskyj-reagit-initialement-de-maniere-sceptiquement\/#breadcrumb","itemListElement":[{"@type":"ListItem","position":1,"name":"Accueil","item":"https:\/\/vieassociative.be\/actualites\/"},{"@type":"ListItem","position":2,"name":"Poutine annonce des pauses-incendies &#8211; P\u00e2ques surprise ou \u00e9olienne? Selenskyj r\u00e9agit initialement de mani\u00e8re sceptiquement"}]},{"@type":"WebSite","@id":"https:\/\/vieassociative.be\/actualites\/#website","url":"https:\/\/vieassociative.be\/actualites\/","name":"Vie Associative","description":"","publisher":{"@id":"https:\/\/vieassociative.be\/actualites\/#organization"},"potentialAction":[{"@type":"SearchAction","target":{"@type":"EntryPoint","urlTemplate":"https:\/\/vieassociative.be\/actualites\/?s={search_term_string}"},"query-input":{"@type":"PropertyValueSpecification","valueRequired":true,"valueName":"search_term_string"}}],"inLanguage":"fr-BE"},{"@type":"Organization","@id":"https:\/\/vieassociative.be\/actualites\/#organization","name":"Vie Associative","url":"https:\/\/vieassociative.be\/actualites\/","logo":{"@type":"ImageObject","inLanguage":"fr-BE","@id":"https:\/\/vieassociative.be\/actualites\/#\/schema\/logo\/image\/","url":"https:\/\/vieassociative.be\/actualites\/wp-content\/uploads\/2024\/09\/cropped-vieassociative_favicon.ico.png","contentUrl":"https:\/\/vieassociative.be\/actualites\/wp-content\/uploads\/2024\/09\/cropped-vieassociative_favicon.ico.png","width":512,"height":512,"caption":"Vie Associative"},"image":{"@id":"https:\/\/vieassociative.be\/actualites\/#\/schema\/logo\/image\/"}},{"@type":"Person","@id":"https:\/\/vieassociative.be\/actualites\/#\/schema\/person\/b87ac4f82f9d4e7b7cec7395b679edc4","name":"Julien","image":{"@type":"ImageObject","inLanguage":"fr-BE","@id":"https:\/\/vieassociative.be\/actualites\/#\/schema\/person\/image\/","url":"https:\/\/vieassociative.be\/actualites\/wp-content\/uploads\/2024\/09\/vie-associative-1-150x150.jpg","contentUrl":"https:\/\/vieassociative.be\/actualites\/wp-content\/uploads\/2024\/09\/vie-associative-1-150x150.jpg","caption":"Julien"},"description":"Je suis Julien, r\u00e9dacteur pour Vie Associative. Passionn\u00e9 par le monde associatif depuis plus de 10 ans, j'ai \u00e0 c\u0153ur de partager des histoires inspirantes et de mettre en lumi\u00e8re les initiatives locales. Mon objectif est de sensibiliser et d'encourager l'engagement communautaire \u00e0 travers mes articles.","sameAs":["https:\/\/vieassociative.be\/"]}]}},"_links":{"self":[{"href":"https:\/\/vieassociative.be\/actualites\/wp-json\/wp\/v2\/posts\/6864"}],"collection":[{"href":"https:\/\/vieassociative.be\/actualites\/wp-json\/wp\/v2\/posts"}],"about":[{"href":"https:\/\/vieassociative.be\/actualites\/wp-json\/wp\/v2\/types\/post"}],"author":[{"embeddable":true,"href":"https:\/\/vieassociative.be\/actualites\/wp-json\/wp\/v2\/users\/1"}],"replies":[{"embeddable":true,"href":"https:\/\/vieassociative.be\/actualites\/wp-json\/wp\/v2\/comments?post=6864"}],"version-history":[{"count":0,"href":"https:\/\/vieassociative.be\/actualites\/wp-json\/wp\/v2\/posts\/6864\/revisions"}],"wp:featuredmedia":[{"embeddable":true,"href":"https:\/\/vieassociative.be\/actualites\/wp-json\/wp\/v2\/media\/6865"}],"wp:attachment":[{"href":"https:\/\/vieassociative.be\/actualites\/wp-json\/wp\/v2\/media?parent=6864"}],"wp:term":[{"taxonomy":"category","embeddable":true,"href":"https:\/\/vieassociative.be\/actualites\/wp-json\/wp\/v2\/categories?post=6864"},{"taxonomy":"post_tag","embeddable":true,"href":"https:\/\/vieassociative.be\/actualites\/wp-json\/wp\/v2\/tags?post=6864"}],"curies":[{"name":"wp","href":"https:\/\/api.w.org\/{rel}","templated":true}]}}