{"id":6863,"date":"2025-04-19T21:18:04","date_gmt":"2025-04-19T19:18:04","guid":{"rendered":"https:\/\/vieassociative.be\/actualites\/cinq-facons-dempecher-vos-voisins-de-regarder-dans-votre-cour-2\/"},"modified":"2025-04-19T21:18:04","modified_gmt":"2025-04-19T19:18:04","slug":"cinq-facons-dempecher-vos-voisins-de-regarder-dans-votre-cour-2","status":"publish","type":"post","link":"https:\/\/vieassociative.be\/actualites\/cinq-facons-dempecher-vos-voisins-de-regarder-dans-votre-cour-2\/","title":{"rendered":"Cinq fa\u00e7ons d&#8217;emp\u00eacher vos voisins de regarder dans votre cour"},"content":{"rendered":"<div class=\"mt-4 leading-6 md:mb-8\">Si vos voisins sont \u00e9lev\u00e9s au-dessus de vous, vous avez besoin de diff\u00e9rentes solutions de confidentialit\u00e9.<\/div>\n<p><\/p>\n<p>Nous aimons penser que notre maison est \u00e9galement notre forteresse de l&rsquo;intimit\u00e9: une fois que vous franchissez votre porte d&rsquo;entr\u00e9e, vous \u00eates libre des yeux (ou des lentilles) et que vous pouvez vous d\u00e9tendre. Il existe une tonne de fa\u00e7ons d&rsquo;assurer votre intimit\u00e9 \u00e0 l&rsquo;int\u00e9rieur, en commen\u00e7ant par des \u00e9l\u00e9ments comme des films de fen\u00eatre, des nuances et des rideaux. Et si vous voulez prot\u00e9ger votre espace ext\u00e9rieur des voisins qui regardent la cl\u00f4ture, vous avez plusieurs options faciles.<\/p>\n<p>La plupart de ces options, cependant, supposent que vos voisins sont au m\u00eame niveau que vous. Si les maisons voisines sont situ\u00e9es <em>au-dessus de<\/em> Le v\u00f4tre, vous devrez repenser votre plan de confidentialit\u00e9. Cela est particuli\u00e8rement vrai si vos voisins ont des zones en plein air qui offrent une vue parfaite de votre jardin. Si vous avez le sentiment que vous \u00eates surveill\u00e9 chaque fois que vous sortez de votre maison, voici quelques fa\u00e7ons de retrouver une certaine intimit\u00e9. <\/p>\n<h2 id=\"plant-trees\">Planter des arbres<\/h2>\n<p>L&rsquo;option \u00e0 long terme la plus simple consiste \u00e0 planter des arbres &#8211; en particulier les arbres de la canop\u00e9e, dont les branches s&rsquo;\u00e9tendent et forment un toit vivant sur la zone ci-dessous. Vous voudrez consulter un arboreur ou un autre professionnel de l&rsquo;am\u00e9nagement paysager pour identifier les arbres de la canop\u00e9e qui prosp\u00e9reront dans votre r\u00e9gion et votre climat. Vous voudrez \u00e9galement obtenir des conseils sur l&rsquo;espacement des arbres afin que vous obteniez finalement l&rsquo;effet \u00abtoit\u00bb luxuriant et \u00e9pais qui offrira l&rsquo;intimit\u00e9 que vous recherchez (sans parler de refroidir l&rsquo;espace et de bloquer les rayons dommageables du soleil).<\/p>\n<p>Notez le mot \u00abfinalement\u00bb cependant: les arbres ne se contentent pas de appara\u00eetre en quelques jours. Les \u00e9rables, par exemple, sont d&rsquo;excellents arbres de la canop\u00e9e, mais peuvent prendre plusieurs d\u00e9cennies pour atteindre leur taille et leur taille. Mais si vous allez \u00eatre dans la maison (et utiliser la cour) pendant longtemps, investir dans des arbres \u00e0 canop\u00e9e r\u00e9soudra votre probl\u00e8me et embellira l&rsquo;espace.<\/p>\n<h2 id=\"install-shade-sails\">Installez les voiles de l&rsquo;ombre<\/h2>\n<p>Une voile d&rsquo;ombre est g\u00e9n\u00e9ralement une grande feuille de tissu triangulaire ou rectangulaire que vous attachez \u00e0 des poteaux ou \u00e0 des structures existantes dans votre cour (comme une cl\u00f4ture). Ils laissent l&rsquo;air et pleuvoir, mais bloquent le soleil, cr\u00e9ant de l&rsquo;ombre o\u00f9 vous le souhaitez. Cela signifie qu&rsquo;ils peuvent \u00e9galement \u00eatre utilis\u00e9s pour la confidentialit\u00e9 verticale &#8211; une ou plusieurs voiles d&rsquo;ombre install\u00e9es dans votre cour bloqueront la vue de quelqu&rsquo;un sur votre cour d&rsquo;en haut.<\/p>\n<p>Les voiles d&rsquo;ombre sont relativement abordables et facilement install\u00e9es. Vous pouvez acheter un kit de voile d&rsquo;ombre qui est livr\u00e9 avec tout ce dont vous avez besoin, mais il est facile de bricoler en coulant quelques messages ou en fixant des crochets \u00e0 votre cl\u00f4ture ou \u00e0 vos murs ext\u00e9rieurs. Ils peuvent \u00e9galement \u00eatre rapidement supprim\u00e9s si votre situation change.<\/p>\n<h2 id=\"add-a-covered-patio\">Ajouter un patio couvert<\/h2>\n<p>Si vous avez un espace de terrasse ou de pont d\u00e9fini o\u00f9 vous passez la plupart de votre temps \u00e0 \u00eatre observ\u00e9 par vos voisins (ou vous imaginer que vous \u00eates), vous pouvez le couvrir assez facilement en utilisant plusieurs options:<\/p>\n<div class=\"pogoClear relative my-10 border-b-(1.5px) border-t-(1.5px) border-dashed border-black py-5 sm:my-14 sm:border-0 sm:py-0\" x-cloak x-data=\"{ commentsCount: null }\" x-init=\"commentsCount = await window.openweb.getMessagesCount(01JS4YGZHPKSKY24JQDMN93N9T)\" x-show=\"commentsCount !== null &amp;&amp; commentsCount &gt; 0\">\n<div class=\"absolute top-1\/2 hidden w-full -translate-y-1\/2 border-t-(1.5px) border-dashed border-black sm:block\"><\/div>\n<div class=\"relative flex justify-center\">\n<div class=\"flex max-w-max items-center gap-x-3 bg-white px-5\">\n<div class=\"relative\">\n                <span class=\"absolute left-1\/2 top-1\/2 -translate-x-1\/2 -translate-y-1\/2 font-akshar text-sm font-medium text-black\" x-text=\"commentsCount\"><\/span><\/p>\n<p>                <svg class=\"h-8 w-8 text-black\">\n                    <use href=\"http:\/\/lifehacker.com\/images\/icons\/spritemap.svg#sprite-chat-bubble\"><\/use>\n                <\/svg>\n            <\/div>\n<p>            <span class=\"text-sm font-medium text-black\">Que pensez-vous jusqu&rsquo;\u00e0 pr\u00e9sent? <button class=\"font-semibold text-brand-green underline hover:text-brand-green-700\" onclick=\"window.openweb.scrollToComments(01JS4YGZHPKSKY24JQDMN93N9T)\">Publier un commentaire.<\/button><\/span>\n        <\/div>\n<\/p><\/div>\n<\/div>\n<ul>\n<li>\n<p>Une pergola autoportante ou une pergola attach\u00e9e \u00e0 la maison, combin\u00e9e avec des rideaux ext\u00e9rieurs<\/p>\n<\/li>\n<li>\n<p>Un gazebo avec une verri\u00e8re est un choix moins permanent qui peut \u00e9galement vous offrir une tonne d&rsquo;intimit\u00e9, du moins dans cette zone sp\u00e9cifique de votre cour.<\/p>\n<\/li>\n<li>\n<p>Une tente de canop\u00e9e pop-up est une solution rapide, bon march\u00e9 et temporaire.<\/p>\n<\/li>\n<\/ul>\n<h2 id=\"build-a-pergola-by-the-fence-line\">Construisez une pergola par la cl\u00f4ture<\/h2>\n<p>En parlant de pergolas, si la maison de votre voisin se profile sur votre cour, vous pouvez am\u00e9liorer votre intimit\u00e9 en construisant une pergola pr\u00e8s de votre cl\u00f4ture o\u00f9 se trouve leur maison. L&rsquo;angle fonctionnera en votre faveur; M\u00eame une modeste pergola peut bloquer une grande partie de la vue de votre voisin si elle ne regarde pas directement dans votre cour. Et si vous avez plusieurs voisins l\u00e0-haut, vous pouvez ajouter une solide de pergolas le long de la cl\u00f4ture pour bloquer l&rsquo;angle partout.<\/p>\n<p>Vous devrez v\u00e9rifier les r\u00e9glementations locales (ou votre association de propri\u00e9taires) avant de construire. Certaines zones n\u00e9cessiteront une pergola pour \u00eatre une distance d\u00e9finie d&rsquo;une cl\u00f4ture limite (par exemple, 16 pieds), tandis que d&rsquo;autres pourraient avoir un calcul bas\u00e9 sur la taille de la propri\u00e9t\u00e9 et la hauteur de votre cl\u00f4ture. <\/p>\n<h2 id=\"invest-in-tall-fencing\">Investir dans de hautes cl\u00f4tures<\/h2>\n<p>Enfin, la cl\u00f4ture de confidentialit\u00e9 n&rsquo;est pas votre meilleure option pour les voisins \u00e9lev\u00e9s, mais si c&rsquo;est votre <em>seulement<\/em> Option pour une raison quelconque, allez-y et installez une cl\u00f4ture de confidentialit\u00e9 extr\u00eamement haute. Vous devrez v\u00e9rifier les r\u00e9glementations locales pour voir s&rsquo;il y a des limites l\u00e9gales \u00e0 la hauteur de votre cl\u00f4ture, puis \u00e0 construire ou \u00e0 acheter une cl\u00f4ture \u00e0 la hauteur maximale (vous pouvez acheter des cl\u00f4tures de confidentialit\u00e9 pr\u00e9-faites de 12 pieds et m\u00eame de 16 pieds de haut, bien que vous paierez probablement un prix \u00e9lev\u00e9). Comme pour les pergolas pr\u00e8s du p\u00e9rim\u00e8tre, une cl\u00f4ture suffisamment haute peut bloquer l&rsquo;angle de vision de vos voisins. Une autre option consiste \u00e0 cultiver une \u00abcl\u00f4ture vivante\u00bb en utilisant des haies ou d&rsquo;autres plantes (comme Nigra arborvitae, qui peut atteindre 30 pieds de hauteur). Vous devrez attendre que vos plantes m\u00fbrissent, mais cela peut \u00eatre une option plus jolie qu&rsquo;une cl\u00f4ture imminente. <\/p>\n","protected":false},"excerpt":{"rendered":"<p>Si vos voisins sont \u00e9lev\u00e9s au-dessus de vous, vous avez besoin de diff\u00e9rentes solutions de confidentialit\u00e9. Nous aimons penser que notre maison est \u00e9galement notre<\/p>\n","protected":false},"author":1,"featured_media":6841,"comment_status":"","ping_status":"","sticky":false,"template":"","format":"standard","meta":{"footnotes":""},"categories":[40],"tags":[317,2644,166,1632,119,1924,6488,27,8],"class_list":["post-6863","post","type-post","status-publish","format-standard","has-post-thumbnail","hentry","category-maison","tag-cinq","tag-cour","tag-dans","tag-dempecher","tag-facons","tag-regarder","tag-voisins","tag-vos","tag-votre","generate-columns","tablet-grid-50","mobile-grid-100","grid-parent","grid-33"],"yoast_head":"<!-- This site is optimized with the Yoast SEO plugin v24.0 - https:\/\/yoast.com\/wordpress\/plugins\/seo\/ -->\n<title>Cinq fa\u00e7ons d&#039;emp\u00eacher vos voisins de regarder dans votre cour | Vie Associative<\/title>\n<meta name=\"robots\" content=\"index, follow, max-snippet:-1, max-image-preview:large, max-video-preview:-1\" \/>\n<link rel=\"canonical\" href=\"https:\/\/vieassociative.be\/actualites\/cinq-facons-dempecher-vos-voisins-de-regarder-dans-votre-cour-2\/\" \/>\n<meta property=\"og:locale\" content=\"fr_FR\" \/>\n<meta property=\"og:type\" content=\"article\" \/>\n<meta property=\"og:title\" content=\"Cinq fa\u00e7ons d&#039;emp\u00eacher vos voisins de regarder dans votre cour | Vie Associative\" \/>\n<meta property=\"og:description\" content=\"Si vos voisins sont \u00e9lev\u00e9s au-dessus de vous, vous avez besoin de diff\u00e9rentes solutions de confidentialit\u00e9. Nous aimons penser que notre maison est \u00e9galement notre\" \/>\n<meta property=\"og:url\" content=\"https:\/\/vieassociative.be\/actualites\/cinq-facons-dempecher-vos-voisins-de-regarder-dans-votre-cour-2\/\" \/>\n<meta property=\"og:site_name\" content=\"Vie Associative\" \/>\n<meta property=\"article:published_time\" content=\"2025-04-19T19:18:04+00:00\" \/>\n<meta property=\"og:image\" content=\"https:\/\/vieassociative.be\/actualites\/wp-content\/uploads\/2024\/09\/header_backgroundk-01-e1726694325946.png\" \/>\n\t<meta property=\"og:image:width\" content=\"279\" \/>\n\t<meta property=\"og:image:height\" content=\"92\" \/>\n\t<meta property=\"og:image:type\" content=\"image\/png\" \/>\n<meta name=\"author\" content=\"Julien\" \/>\n<meta name=\"twitter:card\" content=\"summary_large_image\" \/>\n<meta name=\"twitter:label1\" content=\"\u00c9crit par\" \/>\n\t<meta name=\"twitter:data1\" content=\"Julien\" \/>\n\t<meta name=\"twitter:label2\" content=\"Dur\u00e9e de lecture est.\" \/>\n\t<meta name=\"twitter:data2\" content=\"5 minutes\" \/>\n<script type=\"application\/ld+json\" class=\"yoast-schema-graph\">{\"@context\":\"https:\/\/schema.org\",\"@graph\":[{\"@type\":\"Article\",\"@id\":\"https:\/\/vieassociative.be\/actualites\/cinq-facons-dempecher-vos-voisins-de-regarder-dans-votre-cour-2\/#article\",\"isPartOf\":{\"@id\":\"https:\/\/vieassociative.be\/actualites\/cinq-facons-dempecher-vos-voisins-de-regarder-dans-votre-cour-2\/\"},\"author\":{\"name\":\"Julien\",\"@id\":\"https:\/\/vieassociative.be\/actualites\/#\/schema\/person\/b87ac4f82f9d4e7b7cec7395b679edc4\"},\"headline\":\"Cinq fa\u00e7ons d&#8217;emp\u00eacher vos voisins de regarder dans votre cour\",\"datePublished\":\"2025-04-19T19:18:04+00:00\",\"dateModified\":\"2025-04-19T19:18:04+00:00\",\"mainEntityOfPage\":{\"@id\":\"https:\/\/vieassociative.be\/actualites\/cinq-facons-dempecher-vos-voisins-de-regarder-dans-votre-cour-2\/\"},\"wordCount\":999,\"publisher\":{\"@id\":\"https:\/\/vieassociative.be\/actualites\/#organization\"},\"image\":{\"@id\":\"https:\/\/vieassociative.be\/actualites\/cinq-facons-dempecher-vos-voisins-de-regarder-dans-votre-cour-2\/#primaryimage\"},\"thumbnailUrl\":\"https:\/\/vieassociative.be\/actualites\/wp-content\/uploads\/2025\/04\/Cinq-facons-dempecher-vos-voisins-de-regarder-dans-votre-cour.jpg\",\"keywords\":[\"Cinq\",\"cour\",\"dans\",\"demp\u00eacher\",\"fa\u00e7ons\",\"regarder\",\"voisins\",\"vos\",\"votre\"],\"articleSection\":[\"Maison\"],\"inLanguage\":\"fr-BE\"},{\"@type\":\"WebPage\",\"@id\":\"https:\/\/vieassociative.be\/actualites\/cinq-facons-dempecher-vos-voisins-de-regarder-dans-votre-cour-2\/\",\"url\":\"https:\/\/vieassociative.be\/actualites\/cinq-facons-dempecher-vos-voisins-de-regarder-dans-votre-cour-2\/\",\"name\":\"Cinq fa\u00e7ons d'emp\u00eacher vos voisins de regarder dans votre cour | Vie Associative\",\"isPartOf\":{\"@id\":\"https:\/\/vieassociative.be\/actualites\/#website\"},\"primaryImageOfPage\":{\"@id\":\"https:\/\/vieassociative.be\/actualites\/cinq-facons-dempecher-vos-voisins-de-regarder-dans-votre-cour-2\/#primaryimage\"},\"image\":{\"@id\":\"https:\/\/vieassociative.be\/actualites\/cinq-facons-dempecher-vos-voisins-de-regarder-dans-votre-cour-2\/#primaryimage\"},\"thumbnailUrl\":\"https:\/\/vieassociative.be\/actualites\/wp-content\/uploads\/2025\/04\/Cinq-facons-dempecher-vos-voisins-de-regarder-dans-votre-cour.jpg\",\"datePublished\":\"2025-04-19T19:18:04+00:00\",\"dateModified\":\"2025-04-19T19:18:04+00:00\",\"breadcrumb\":{\"@id\":\"https:\/\/vieassociative.be\/actualites\/cinq-facons-dempecher-vos-voisins-de-regarder-dans-votre-cour-2\/#breadcrumb\"},\"inLanguage\":\"fr-BE\",\"potentialAction\":[{\"@type\":\"ReadAction\",\"target\":[\"https:\/\/vieassociative.be\/actualites\/cinq-facons-dempecher-vos-voisins-de-regarder-dans-votre-cour-2\/\"]}]},{\"@type\":\"ImageObject\",\"inLanguage\":\"fr-BE\",\"@id\":\"https:\/\/vieassociative.be\/actualites\/cinq-facons-dempecher-vos-voisins-de-regarder-dans-votre-cour-2\/#primaryimage\",\"url\":\"https:\/\/vieassociative.be\/actualites\/wp-content\/uploads\/2025\/04\/Cinq-facons-dempecher-vos-voisins-de-regarder-dans-votre-cour.jpg\",\"contentUrl\":\"https:\/\/vieassociative.be\/actualites\/wp-content\/uploads\/2025\/04\/Cinq-facons-dempecher-vos-voisins-de-regarder-dans-votre-cour.jpg\",\"width\":1200,\"height\":675,\"caption\":\"Cinq fa\u00e7ons d'emp\u00eacher vos voisins de regarder dans votre cour\"},{\"@type\":\"BreadcrumbList\",\"@id\":\"https:\/\/vieassociative.be\/actualites\/cinq-facons-dempecher-vos-voisins-de-regarder-dans-votre-cour-2\/#breadcrumb\",\"itemListElement\":[{\"@type\":\"ListItem\",\"position\":1,\"name\":\"Accueil\",\"item\":\"https:\/\/vieassociative.be\/actualites\/\"},{\"@type\":\"ListItem\",\"position\":2,\"name\":\"Cinq fa\u00e7ons d&#8217;emp\u00eacher vos voisins de regarder dans votre cour\"}]},{\"@type\":\"WebSite\",\"@id\":\"https:\/\/vieassociative.be\/actualites\/#website\",\"url\":\"https:\/\/vieassociative.be\/actualites\/\",\"name\":\"Vie Associative\",\"description\":\"\",\"publisher\":{\"@id\":\"https:\/\/vieassociative.be\/actualites\/#organization\"},\"potentialAction\":[{\"@type\":\"SearchAction\",\"target\":{\"@type\":\"EntryPoint\",\"urlTemplate\":\"https:\/\/vieassociative.be\/actualites\/?s={search_term_string}\"},\"query-input\":{\"@type\":\"PropertyValueSpecification\",\"valueRequired\":true,\"valueName\":\"search_term_string\"}}],\"inLanguage\":\"fr-BE\"},{\"@type\":\"Organization\",\"@id\":\"https:\/\/vieassociative.be\/actualites\/#organization\",\"name\":\"Vie Associative\",\"url\":\"https:\/\/vieassociative.be\/actualites\/\",\"logo\":{\"@type\":\"ImageObject\",\"inLanguage\":\"fr-BE\",\"@id\":\"https:\/\/vieassociative.be\/actualites\/#\/schema\/logo\/image\/\",\"url\":\"https:\/\/vieassociative.be\/actualites\/wp-content\/uploads\/2024\/09\/cropped-vieassociative_favicon.ico.png\",\"contentUrl\":\"https:\/\/vieassociative.be\/actualites\/wp-content\/uploads\/2024\/09\/cropped-vieassociative_favicon.ico.png\",\"width\":512,\"height\":512,\"caption\":\"Vie Associative\"},\"image\":{\"@id\":\"https:\/\/vieassociative.be\/actualites\/#\/schema\/logo\/image\/\"}},{\"@type\":\"Person\",\"@id\":\"https:\/\/vieassociative.be\/actualites\/#\/schema\/person\/b87ac4f82f9d4e7b7cec7395b679edc4\",\"name\":\"Julien\",\"image\":{\"@type\":\"ImageObject\",\"inLanguage\":\"fr-BE\",\"@id\":\"https:\/\/vieassociative.be\/actualites\/#\/schema\/person\/image\/\",\"url\":\"https:\/\/vieassociative.be\/actualites\/wp-content\/uploads\/2024\/09\/vie-associative-1-150x150.jpg\",\"contentUrl\":\"https:\/\/vieassociative.be\/actualites\/wp-content\/uploads\/2024\/09\/vie-associative-1-150x150.jpg\",\"caption\":\"Julien\"},\"description\":\"Je suis Julien, r\u00e9dacteur pour Vie Associative. Passionn\u00e9 par le monde associatif depuis plus de 10 ans, j'ai \u00e0 c\u0153ur de partager des histoires inspirantes et de mettre en lumi\u00e8re les initiatives locales. Mon objectif est de sensibiliser et d'encourager l'engagement communautaire \u00e0 travers mes articles.\",\"sameAs\":[\"https:\/\/vieassociative.be\/\"]}]}<\/script>\n<!-- \/ Yoast SEO plugin. -->","yoast_head_json":{"title":"Cinq fa\u00e7ons d'emp\u00eacher vos voisins de regarder dans votre cour | Vie Associative","robots":{"index":"index","follow":"follow","max-snippet":"max-snippet:-1","max-image-preview":"max-image-preview:large","max-video-preview":"max-video-preview:-1"},"canonical":"https:\/\/vieassociative.be\/actualites\/cinq-facons-dempecher-vos-voisins-de-regarder-dans-votre-cour-2\/","og_locale":"fr_FR","og_type":"article","og_title":"Cinq fa\u00e7ons d'emp\u00eacher vos voisins de regarder dans votre cour | Vie Associative","og_description":"Si vos voisins sont \u00e9lev\u00e9s au-dessus de vous, vous avez besoin de diff\u00e9rentes solutions de confidentialit\u00e9. Nous aimons penser que notre maison est \u00e9galement notre","og_url":"https:\/\/vieassociative.be\/actualites\/cinq-facons-dempecher-vos-voisins-de-regarder-dans-votre-cour-2\/","og_site_name":"Vie Associative","article_published_time":"2025-04-19T19:18:04+00:00","og_image":[{"width":279,"height":92,"url":"https:\/\/vieassociative.be\/actualites\/wp-content\/uploads\/2024\/09\/header_backgroundk-01-e1726694325946.png","type":"image\/png"}],"author":"Julien","twitter_card":"summary_large_image","twitter_misc":{"\u00c9crit par":"Julien","Dur\u00e9e de lecture est.":"5 minutes"},"schema":{"@context":"https:\/\/schema.org","@graph":[{"@type":"Article","@id":"https:\/\/vieassociative.be\/actualites\/cinq-facons-dempecher-vos-voisins-de-regarder-dans-votre-cour-2\/#article","isPartOf":{"@id":"https:\/\/vieassociative.be\/actualites\/cinq-facons-dempecher-vos-voisins-de-regarder-dans-votre-cour-2\/"},"author":{"name":"Julien","@id":"https:\/\/vieassociative.be\/actualites\/#\/schema\/person\/b87ac4f82f9d4e7b7cec7395b679edc4"},"headline":"Cinq fa\u00e7ons d&#8217;emp\u00eacher vos voisins de regarder dans votre cour","datePublished":"2025-04-19T19:18:04+00:00","dateModified":"2025-04-19T19:18:04+00:00","mainEntityOfPage":{"@id":"https:\/\/vieassociative.be\/actualites\/cinq-facons-dempecher-vos-voisins-de-regarder-dans-votre-cour-2\/"},"wordCount":999,"publisher":{"@id":"https:\/\/vieassociative.be\/actualites\/#organization"},"image":{"@id":"https:\/\/vieassociative.be\/actualites\/cinq-facons-dempecher-vos-voisins-de-regarder-dans-votre-cour-2\/#primaryimage"},"thumbnailUrl":"https:\/\/vieassociative.be\/actualites\/wp-content\/uploads\/2025\/04\/Cinq-facons-dempecher-vos-voisins-de-regarder-dans-votre-cour.jpg","keywords":["Cinq","cour","dans","demp\u00eacher","fa\u00e7ons","regarder","voisins","vos","votre"],"articleSection":["Maison"],"inLanguage":"fr-BE"},{"@type":"WebPage","@id":"https:\/\/vieassociative.be\/actualites\/cinq-facons-dempecher-vos-voisins-de-regarder-dans-votre-cour-2\/","url":"https:\/\/vieassociative.be\/actualites\/cinq-facons-dempecher-vos-voisins-de-regarder-dans-votre-cour-2\/","name":"Cinq fa\u00e7ons d'emp\u00eacher vos voisins de regarder dans votre cour | Vie Associative","isPartOf":{"@id":"https:\/\/vieassociative.be\/actualites\/#website"},"primaryImageOfPage":{"@id":"https:\/\/vieassociative.be\/actualites\/cinq-facons-dempecher-vos-voisins-de-regarder-dans-votre-cour-2\/#primaryimage"},"image":{"@id":"https:\/\/vieassociative.be\/actualites\/cinq-facons-dempecher-vos-voisins-de-regarder-dans-votre-cour-2\/#primaryimage"},"thumbnailUrl":"https:\/\/vieassociative.be\/actualites\/wp-content\/uploads\/2025\/04\/Cinq-facons-dempecher-vos-voisins-de-regarder-dans-votre-cour.jpg","datePublished":"2025-04-19T19:18:04+00:00","dateModified":"2025-04-19T19:18:04+00:00","breadcrumb":{"@id":"https:\/\/vieassociative.be\/actualites\/cinq-facons-dempecher-vos-voisins-de-regarder-dans-votre-cour-2\/#breadcrumb"},"inLanguage":"fr-BE","potentialAction":[{"@type":"ReadAction","target":["https:\/\/vieassociative.be\/actualites\/cinq-facons-dempecher-vos-voisins-de-regarder-dans-votre-cour-2\/"]}]},{"@type":"ImageObject","inLanguage":"fr-BE","@id":"https:\/\/vieassociative.be\/actualites\/cinq-facons-dempecher-vos-voisins-de-regarder-dans-votre-cour-2\/#primaryimage","url":"https:\/\/vieassociative.be\/actualites\/wp-content\/uploads\/2025\/04\/Cinq-facons-dempecher-vos-voisins-de-regarder-dans-votre-cour.jpg","contentUrl":"https:\/\/vieassociative.be\/actualites\/wp-content\/uploads\/2025\/04\/Cinq-facons-dempecher-vos-voisins-de-regarder-dans-votre-cour.jpg","width":1200,"height":675,"caption":"Cinq fa\u00e7ons d'emp\u00eacher vos voisins de regarder dans votre cour"},{"@type":"BreadcrumbList","@id":"https:\/\/vieassociative.be\/actualites\/cinq-facons-dempecher-vos-voisins-de-regarder-dans-votre-cour-2\/#breadcrumb","itemListElement":[{"@type":"ListItem","position":1,"name":"Accueil","item":"https:\/\/vieassociative.be\/actualites\/"},{"@type":"ListItem","position":2,"name":"Cinq fa\u00e7ons d&#8217;emp\u00eacher vos voisins de regarder dans votre cour"}]},{"@type":"WebSite","@id":"https:\/\/vieassociative.be\/actualites\/#website","url":"https:\/\/vieassociative.be\/actualites\/","name":"Vie Associative","description":"","publisher":{"@id":"https:\/\/vieassociative.be\/actualites\/#organization"},"potentialAction":[{"@type":"SearchAction","target":{"@type":"EntryPoint","urlTemplate":"https:\/\/vieassociative.be\/actualites\/?s={search_term_string}"},"query-input":{"@type":"PropertyValueSpecification","valueRequired":true,"valueName":"search_term_string"}}],"inLanguage":"fr-BE"},{"@type":"Organization","@id":"https:\/\/vieassociative.be\/actualites\/#organization","name":"Vie Associative","url":"https:\/\/vieassociative.be\/actualites\/","logo":{"@type":"ImageObject","inLanguage":"fr-BE","@id":"https:\/\/vieassociative.be\/actualites\/#\/schema\/logo\/image\/","url":"https:\/\/vieassociative.be\/actualites\/wp-content\/uploads\/2024\/09\/cropped-vieassociative_favicon.ico.png","contentUrl":"https:\/\/vieassociative.be\/actualites\/wp-content\/uploads\/2024\/09\/cropped-vieassociative_favicon.ico.png","width":512,"height":512,"caption":"Vie Associative"},"image":{"@id":"https:\/\/vieassociative.be\/actualites\/#\/schema\/logo\/image\/"}},{"@type":"Person","@id":"https:\/\/vieassociative.be\/actualites\/#\/schema\/person\/b87ac4f82f9d4e7b7cec7395b679edc4","name":"Julien","image":{"@type":"ImageObject","inLanguage":"fr-BE","@id":"https:\/\/vieassociative.be\/actualites\/#\/schema\/person\/image\/","url":"https:\/\/vieassociative.be\/actualites\/wp-content\/uploads\/2024\/09\/vie-associative-1-150x150.jpg","contentUrl":"https:\/\/vieassociative.be\/actualites\/wp-content\/uploads\/2024\/09\/vie-associative-1-150x150.jpg","caption":"Julien"},"description":"Je suis Julien, r\u00e9dacteur pour Vie Associative. Passionn\u00e9 par le monde associatif depuis plus de 10 ans, j'ai \u00e0 c\u0153ur de partager des histoires inspirantes et de mettre en lumi\u00e8re les initiatives locales. Mon objectif est de sensibiliser et d'encourager l'engagement communautaire \u00e0 travers mes articles.","sameAs":["https:\/\/vieassociative.be\/"]}]}},"_links":{"self":[{"href":"https:\/\/vieassociative.be\/actualites\/wp-json\/wp\/v2\/posts\/6863"}],"collection":[{"href":"https:\/\/vieassociative.be\/actualites\/wp-json\/wp\/v2\/posts"}],"about":[{"href":"https:\/\/vieassociative.be\/actualites\/wp-json\/wp\/v2\/types\/post"}],"author":[{"embeddable":true,"href":"https:\/\/vieassociative.be\/actualites\/wp-json\/wp\/v2\/users\/1"}],"replies":[{"embeddable":true,"href":"https:\/\/vieassociative.be\/actualites\/wp-json\/wp\/v2\/comments?post=6863"}],"version-history":[{"count":0,"href":"https:\/\/vieassociative.be\/actualites\/wp-json\/wp\/v2\/posts\/6863\/revisions"}],"wp:featuredmedia":[{"embeddable":true,"href":"https:\/\/vieassociative.be\/actualites\/wp-json\/wp\/v2\/media\/6841"}],"wp:attachment":[{"href":"https:\/\/vieassociative.be\/actualites\/wp-json\/wp\/v2\/media?parent=6863"}],"wp:term":[{"taxonomy":"category","embeddable":true,"href":"https:\/\/vieassociative.be\/actualites\/wp-json\/wp\/v2\/categories?post=6863"},{"taxonomy":"post_tag","embeddable":true,"href":"https:\/\/vieassociative.be\/actualites\/wp-json\/wp\/v2\/tags?post=6863"}],"curies":[{"name":"wp","href":"https:\/\/api.w.org\/{rel}","templated":true}]}}