{"id":6859,"date":"2025-04-19T18:19:31","date_gmt":"2025-04-19T16:19:31","guid":{"rendered":"https:\/\/vieassociative.be\/actualites\/cette-poitrine-moyenne-rare-est-un-miracle-sous-vide\/"},"modified":"2025-04-19T18:19:31","modified_gmt":"2025-04-19T16:19:31","slug":"cette-poitrine-moyenne-rare-est-un-miracle-sous-vide","status":"publish","type":"post","link":"https:\/\/vieassociative.be\/actualites\/cette-poitrine-moyenne-rare-est-un-miracle-sous-vide\/","title":{"rendered":"Cette poitrine moyenne-rare est un miracle sous vide"},"content":{"rendered":"<div class=\"mt-4 leading-6 md:mb-8\">Apr\u00e8s dix minutes de pr\u00e9paration, cette recette est sans interruption pour un bain de 50 heures.<\/div>\n<p><\/p>\n<p>Pour atteindre une poitrine parfaite, vous avez g\u00e9n\u00e9ralement d\u00fb le faire cuire le diable, au moins assez pour rendre toute la graisse pour la rendre tendre. Le r\u00e9sultat est d\u00e9licieux, mais bien fait. Si vous cherchez une solution moyenne-rare avec toute la sensibilit\u00e9 et la foi d&rsquo;une poitrine normale, Sous Vide est la r\u00e9ponse. La meilleure partie est que la recette est d\u00e9licieusement sans interruption; Le pire, c&rsquo;est qu&rsquo;\u00e0 partir du moment o\u00f9 vous lisez cette recette, vous \u00eates \u00e0 au moins 50 heures de manger. \u00c7a vaut la peine d&rsquo;attendre.<\/p>\n<h2 id=\"prep-is-blissfully-simple\">La pr\u00e9paration est avec bonheur<\/h2>\n<p>J&rsquo;ai pr\u00e9c\u00e9demment discut\u00e9 de la fa\u00e7on dont les poitrines sont assez grandes et compos\u00e9es de deux parties (l&rsquo;appartement et le point), qui sont \u00e9galement assez grandes. Cependant, la plupart des march\u00e9s vendent des coupes crois\u00e9es qui incluent un peu des deux, plus une grande quantit\u00e9 de graisse qui doit \u00eatre coup\u00e9e. Cette recette utilise une coupe de 5 livres, mais pourrait s&rsquo;adapter \u00e0 toute coupe de taille qui s&rsquo;inscrira dans le sac sous vide. Quelle que soit la coupe que vous allez, assurez-vous de r\u00e9duire toute la graisse \u00e0 \u00bc de pouce au maximum. <\/p>\n<p>Les poitrines ont besoin d&rsquo;assaisonnement, et en particulier, elles b\u00e9n\u00e9ficient d&rsquo;un peu de sel. Internet est plein de frottements et de recettes complexes pour la poitrine, mais je trouve que Za&rsquo;atar est un choix terriblement sous-utilis\u00e9. J&rsquo;ai appliqu\u00e9 g\u00e9n\u00e9reusement ce m\u00e9lange d&rsquo;\u00e9pices de marjoram, de thym, de cumin, de coriandre, de sumac, de sel et de graines de s\u00e9same, partout dans les coupes de viande, en utilisant 6 ou 7 cuill\u00e8res \u00e0 soupe de celui-ci, puis j&rsquo;ai \u00e9galement saupoudr\u00e9 2 cuill\u00e8res \u00e0 soupe de sel de table sur la viande. <\/p>\n<h2 id=\"occasionally-top-up-the-water-bath\">Remplacer occasionnellement le bain-marie<\/h2>\n<p>Dans de nombreux cas, lorsque la viande vide de sous-marin, une saisie au d\u00e9but (ou une saisie inverse \u00e0 la fin) est n\u00e9cessaire. Nous ne faisons ni l&rsquo;un ni l&rsquo;autre. Placez simplement la viande dans le sac sous vide une fois assaisonn\u00e9, r\u00e9glez la temp\u00e9rature \u00e0 131 \u00b0 F et laissez passer 50 heures. V\u00e9rifiez toutes les 12 heures environ pour vous assurer que le niveau d&rsquo;eau est suffisant dans le r\u00e9cipient que vous utilisez. <\/p>\n<p>Apr\u00e8s 50 heures, sortez la poitrine et laissez le sac reposer sur le comptoir pour vous reposer pendant 20 minutes. \u00c0 ce stade, retirez la poitrine du sac et d\u00e9placez-la vers une planche \u00e0 d\u00e9couper. <strong> <\/strong>Coupez-le \u00e0 \u00bc-\u215c de pouce, sur le biais. Servez-le avec votre moutarde granuleuse pr\u00e9f\u00e9r\u00e9e et quelques cornichons; J&rsquo;ai utilis\u00e9 des haricots verts marin\u00e9s, mais les cornichons ou les oignons rouges marin\u00e9s seraient parfaits. <\/p>\n<div class=\"pogoClear relative my-10 border-b-(1.5px) border-t-(1.5px) border-dashed border-black py-5 sm:my-14 sm:border-0 sm:py-0\" x-cloak x-data=\"{ commentsCount: null }\" x-init=\"commentsCount = await window.openweb.getMessagesCount(114818)\" x-show=\"commentsCount !== null &amp;&amp; commentsCount &gt; 0\">\n<div class=\"absolute top-1\/2 hidden w-full -translate-y-1\/2 border-t-(1.5px) border-dashed border-black sm:block\"><\/div>\n<div class=\"relative flex justify-center\">\n<div class=\"flex max-w-max items-center gap-x-3 bg-white px-5\">\n<div class=\"relative\">\n                <span class=\"absolute left-1\/2 top-1\/2 -translate-x-1\/2 -translate-y-1\/2 font-akshar text-sm font-medium text-black\" x-text=\"commentsCount\"><\/span><\/p>\n<p>                <svg class=\"h-8 w-8 text-black\">\n                    <use href=\"http:\/\/lifehacker.com\/images\/icons\/spritemap.svg#sprite-chat-bubble\"><\/use>\n                <\/svg>\n            <\/div>\n<p>            <span class=\"text-sm font-medium text-black\">Que pensez-vous jusqu&rsquo;\u00e0 pr\u00e9sent? <button class=\"font-semibold text-brand-green underline hover:text-brand-green-700\" onclick=\"window.openweb.scrollToComments(114818)\">Publier un commentaire.<\/button><\/span>\n        <\/div>\n<\/p><\/div>\n<\/div>\n<h2 id=\"luxuriously-silky-and-melt-in-your-mouth\">Luxueusement soyeux et fondre dans la bouche <\/h2>\n<p>Tout ce que la poitrine a fait bien est tendre, mais c&rsquo;\u00e9tait la poitrine la plus soyeuse que j&rsquo;aie jamais eu, et parfaitement rose de bout en bout. La fusion dans la bouche est la phrase \u00e0 laquelle je n&rsquo;arr\u00eatais pas de penser, et c&rsquo;\u00e9tait tellement simple \u00e0 faire. Il r\u00e9chauffe magnifiquement, m\u00eame au micro-ondes.<\/p>\n<div class=\"eloquent-imagery-image\">\n<div class=\"flex justify-center\">\n                    <img decoding=\"async\" class=\"border border-gray-100\" src=\"https:\/\/vieassociative.be\/actualites\/wp-content\/uploads\/2025\/04\/Cette-poitrine-moyenne-rare-est-un-miracle-sous-vide.jpg\" alt=\"Sous vide poitrine assaisonn\u00e9e simplement avec du sel feuillet\u00e9, servi avec de la moutarde granuleuse, des haricots verts marin\u00e9s et des oignons rouges\" width=\"2000\" height=\"1506\" loading=\"lazy\"  >\n            <\/div>\n<\/p><\/div>\n<h2 id=\"sous-vide-zaatar-brisket-recipe\">Sous vide Za&rsquo;atar Brisket Recepe<\/h2>\n<p>Ingr\u00e9dients:<\/p>\n<ul>\n<li>\n<p>1 coupe de 5 livres de poitrine, bien taill\u00e9 de graisse (demandez au boucher de le faire si vous pr\u00e9f\u00e9rez)<\/p>\n<\/li>\n<li>\n<p>6-8 cuill\u00e8res \u00e0 soupe d&rsquo;assaisonnement za&rsquo;atar (ou un autre m\u00e9lange d&rsquo;assaisonnement que vous appr\u00e9ciez)<\/p>\n<\/li>\n<li>\n<p>2 cuill\u00e8res \u00e0 soupe de table de table<\/p>\n<\/li>\n<\/ul>\n<ol>\n<li>\n<p>Coupez la poitrine de tous sauf \u00bc de pouce de graisse, sinon d\u00e9j\u00e0 fait. <\/p>\n<\/li>\n<li>\n<p>Assaisonner la viande g\u00e9n\u00e9reusement avec l&rsquo;assaisonnement et le sel, en le frottant dans toutes les surfaces de la viande. <\/p>\n<\/li>\n<li>\n<p>Placez la viande dans le sac sous vide, puis assurez-vous que tout l&rsquo;air est retir\u00e9 du sac.<\/p>\n<\/li>\n<li>\n<p>Cuire \u00e0 131 \u00b0 F pendant 50 heures, en v\u00e9rifiant occasionnellement que le r\u00e9cipient a suffisamment d&rsquo;eau. <\/p>\n<\/li>\n<li>\n<p>Retirez le sac de l&rsquo;eau et laissez reposer pendant 20 minutes. <\/p>\n<\/li>\n<li>\n<p>Retirer la viande et trancher sur le biais finement. Servir avec de la moutarde et des cornichons.<\/p>\n<\/li>\n<\/ol>\n","protected":false},"excerpt":{"rendered":"<p>Apr\u00e8s dix minutes de pr\u00e9paration, cette recette est sans interruption pour un bain de 50 heures. Pour atteindre une poitrine parfaite, vous avez g\u00e9n\u00e9ralement d\u00fb<\/p>\n","protected":false},"author":1,"featured_media":6860,"comment_status":"","ping_status":"","sticky":false,"template":"","format":"standard","meta":{"footnotes":""},"categories":[1],"tags":[206,76,6502,6501,6500,467,2686],"class_list":["post-6859","post","type-post","status-publish","format-standard","has-post-thumbnail","hentry","category-non-classe","tag-cette","tag-est","tag-miracle","tag-moyennerare","tag-poitrine","tag-sous","tag-vide","generate-columns","tablet-grid-50","mobile-grid-100","grid-parent","grid-33"],"yoast_head":"<!-- This site is optimized with the Yoast SEO plugin v24.0 - https:\/\/yoast.com\/wordpress\/plugins\/seo\/ -->\n<title>Cette poitrine moyenne-rare est un miracle sous vide | Vie Associative<\/title>\n<meta name=\"robots\" content=\"index, follow, max-snippet:-1, max-image-preview:large, max-video-preview:-1\" \/>\n<link rel=\"canonical\" href=\"https:\/\/vieassociative.be\/actualites\/cette-poitrine-moyenne-rare-est-un-miracle-sous-vide\/\" \/>\n<meta property=\"og:locale\" content=\"fr_FR\" \/>\n<meta property=\"og:type\" content=\"article\" \/>\n<meta property=\"og:title\" content=\"Cette poitrine moyenne-rare est un miracle sous vide | Vie Associative\" \/>\n<meta property=\"og:description\" content=\"Apr\u00e8s dix minutes de pr\u00e9paration, cette recette est sans interruption pour un bain de 50 heures. Pour atteindre une poitrine parfaite, vous avez g\u00e9n\u00e9ralement d\u00fb\" \/>\n<meta property=\"og:url\" content=\"https:\/\/vieassociative.be\/actualites\/cette-poitrine-moyenne-rare-est-un-miracle-sous-vide\/\" \/>\n<meta property=\"og:site_name\" content=\"Vie Associative\" \/>\n<meta property=\"article:published_time\" content=\"2025-04-19T16:19:31+00:00\" \/>\n<meta property=\"og:image\" content=\"https:\/\/vieassociative.be\/actualites\/wp-content\/uploads\/2025\/04\/Cette-poitrine-moyenne-rare-est-un-miracle-sous-vide.jpg\" \/>\n<meta name=\"author\" content=\"Julien\" \/>\n<meta name=\"twitter:card\" content=\"summary_large_image\" \/>\n<meta name=\"twitter:label1\" content=\"\u00c9crit par\" \/>\n\t<meta name=\"twitter:data1\" content=\"Julien\" \/>\n\t<meta name=\"twitter:label2\" content=\"Dur\u00e9e de lecture est.\" \/>\n\t<meta name=\"twitter:data2\" content=\"3 minutes\" \/>\n<script type=\"application\/ld+json\" class=\"yoast-schema-graph\">{\"@context\":\"https:\/\/schema.org\",\"@graph\":[{\"@type\":\"Article\",\"@id\":\"https:\/\/vieassociative.be\/actualites\/cette-poitrine-moyenne-rare-est-un-miracle-sous-vide\/#article\",\"isPartOf\":{\"@id\":\"https:\/\/vieassociative.be\/actualites\/cette-poitrine-moyenne-rare-est-un-miracle-sous-vide\/\"},\"author\":{\"name\":\"Julien\",\"@id\":\"https:\/\/vieassociative.be\/actualites\/#\/schema\/person\/b87ac4f82f9d4e7b7cec7395b679edc4\"},\"headline\":\"Cette poitrine moyenne-rare est un miracle sous vide\",\"datePublished\":\"2025-04-19T16:19:31+00:00\",\"dateModified\":\"2025-04-19T16:19:31+00:00\",\"mainEntityOfPage\":{\"@id\":\"https:\/\/vieassociative.be\/actualites\/cette-poitrine-moyenne-rare-est-un-miracle-sous-vide\/\"},\"wordCount\":711,\"publisher\":{\"@id\":\"https:\/\/vieassociative.be\/actualites\/#organization\"},\"image\":{\"@id\":\"https:\/\/vieassociative.be\/actualites\/cette-poitrine-moyenne-rare-est-un-miracle-sous-vide\/#primaryimage\"},\"thumbnailUrl\":\"https:\/\/vieassociative.be\/actualites\/wp-content\/uploads\/2025\/04\/Cette-poitrine-moyenne-rare-est-un-miracle-sous-vide.png\",\"keywords\":[\"cette\",\"est\",\"miracle\",\"moyennerare\",\"poitrine\",\"sous\",\"vide\"],\"inLanguage\":\"fr-BE\"},{\"@type\":\"WebPage\",\"@id\":\"https:\/\/vieassociative.be\/actualites\/cette-poitrine-moyenne-rare-est-un-miracle-sous-vide\/\",\"url\":\"https:\/\/vieassociative.be\/actualites\/cette-poitrine-moyenne-rare-est-un-miracle-sous-vide\/\",\"name\":\"Cette poitrine moyenne-rare est un miracle sous vide | Vie Associative\",\"isPartOf\":{\"@id\":\"https:\/\/vieassociative.be\/actualites\/#website\"},\"primaryImageOfPage\":{\"@id\":\"https:\/\/vieassociative.be\/actualites\/cette-poitrine-moyenne-rare-est-un-miracle-sous-vide\/#primaryimage\"},\"image\":{\"@id\":\"https:\/\/vieassociative.be\/actualites\/cette-poitrine-moyenne-rare-est-un-miracle-sous-vide\/#primaryimage\"},\"thumbnailUrl\":\"https:\/\/vieassociative.be\/actualites\/wp-content\/uploads\/2025\/04\/Cette-poitrine-moyenne-rare-est-un-miracle-sous-vide.png\",\"datePublished\":\"2025-04-19T16:19:31+00:00\",\"dateModified\":\"2025-04-19T16:19:31+00:00\",\"breadcrumb\":{\"@id\":\"https:\/\/vieassociative.be\/actualites\/cette-poitrine-moyenne-rare-est-un-miracle-sous-vide\/#breadcrumb\"},\"inLanguage\":\"fr-BE\",\"potentialAction\":[{\"@type\":\"ReadAction\",\"target\":[\"https:\/\/vieassociative.be\/actualites\/cette-poitrine-moyenne-rare-est-un-miracle-sous-vide\/\"]}]},{\"@type\":\"ImageObject\",\"inLanguage\":\"fr-BE\",\"@id\":\"https:\/\/vieassociative.be\/actualites\/cette-poitrine-moyenne-rare-est-un-miracle-sous-vide\/#primaryimage\",\"url\":\"https:\/\/vieassociative.be\/actualites\/wp-content\/uploads\/2025\/04\/Cette-poitrine-moyenne-rare-est-un-miracle-sous-vide.png\",\"contentUrl\":\"https:\/\/vieassociative.be\/actualites\/wp-content\/uploads\/2025\/04\/Cette-poitrine-moyenne-rare-est-un-miracle-sous-vide.png\",\"width\":1200,\"height\":674,\"caption\":\"Cette poitrine moyenne-rare est un miracle sous vide\"},{\"@type\":\"BreadcrumbList\",\"@id\":\"https:\/\/vieassociative.be\/actualites\/cette-poitrine-moyenne-rare-est-un-miracle-sous-vide\/#breadcrumb\",\"itemListElement\":[{\"@type\":\"ListItem\",\"position\":1,\"name\":\"Accueil\",\"item\":\"https:\/\/vieassociative.be\/actualites\/\"},{\"@type\":\"ListItem\",\"position\":2,\"name\":\"Cette poitrine moyenne-rare est un miracle sous vide\"}]},{\"@type\":\"WebSite\",\"@id\":\"https:\/\/vieassociative.be\/actualites\/#website\",\"url\":\"https:\/\/vieassociative.be\/actualites\/\",\"name\":\"Vie Associative\",\"description\":\"\",\"publisher\":{\"@id\":\"https:\/\/vieassociative.be\/actualites\/#organization\"},\"potentialAction\":[{\"@type\":\"SearchAction\",\"target\":{\"@type\":\"EntryPoint\",\"urlTemplate\":\"https:\/\/vieassociative.be\/actualites\/?s={search_term_string}\"},\"query-input\":{\"@type\":\"PropertyValueSpecification\",\"valueRequired\":true,\"valueName\":\"search_term_string\"}}],\"inLanguage\":\"fr-BE\"},{\"@type\":\"Organization\",\"@id\":\"https:\/\/vieassociative.be\/actualites\/#organization\",\"name\":\"Vie Associative\",\"url\":\"https:\/\/vieassociative.be\/actualites\/\",\"logo\":{\"@type\":\"ImageObject\",\"inLanguage\":\"fr-BE\",\"@id\":\"https:\/\/vieassociative.be\/actualites\/#\/schema\/logo\/image\/\",\"url\":\"https:\/\/vieassociative.be\/actualites\/wp-content\/uploads\/2024\/09\/cropped-vieassociative_favicon.ico.png\",\"contentUrl\":\"https:\/\/vieassociative.be\/actualites\/wp-content\/uploads\/2024\/09\/cropped-vieassociative_favicon.ico.png\",\"width\":512,\"height\":512,\"caption\":\"Vie Associative\"},\"image\":{\"@id\":\"https:\/\/vieassociative.be\/actualites\/#\/schema\/logo\/image\/\"}},{\"@type\":\"Person\",\"@id\":\"https:\/\/vieassociative.be\/actualites\/#\/schema\/person\/b87ac4f82f9d4e7b7cec7395b679edc4\",\"name\":\"Julien\",\"image\":{\"@type\":\"ImageObject\",\"inLanguage\":\"fr-BE\",\"@id\":\"https:\/\/vieassociative.be\/actualites\/#\/schema\/person\/image\/\",\"url\":\"https:\/\/vieassociative.be\/actualites\/wp-content\/uploads\/2024\/09\/vie-associative-1-150x150.jpg\",\"contentUrl\":\"https:\/\/vieassociative.be\/actualites\/wp-content\/uploads\/2024\/09\/vie-associative-1-150x150.jpg\",\"caption\":\"Julien\"},\"description\":\"Je suis Julien, r\u00e9dacteur pour Vie Associative. Passionn\u00e9 par le monde associatif depuis plus de 10 ans, j'ai \u00e0 c\u0153ur de partager des histoires inspirantes et de mettre en lumi\u00e8re les initiatives locales. Mon objectif est de sensibiliser et d'encourager l'engagement communautaire \u00e0 travers mes articles.\",\"sameAs\":[\"https:\/\/vieassociative.be\/\"]}]}<\/script>\n<!-- \/ Yoast SEO plugin. -->","yoast_head_json":{"title":"Cette poitrine moyenne-rare est un miracle sous vide | Vie Associative","robots":{"index":"index","follow":"follow","max-snippet":"max-snippet:-1","max-image-preview":"max-image-preview:large","max-video-preview":"max-video-preview:-1"},"canonical":"https:\/\/vieassociative.be\/actualites\/cette-poitrine-moyenne-rare-est-un-miracle-sous-vide\/","og_locale":"fr_FR","og_type":"article","og_title":"Cette poitrine moyenne-rare est un miracle sous vide | Vie Associative","og_description":"Apr\u00e8s dix minutes de pr\u00e9paration, cette recette est sans interruption pour un bain de 50 heures. Pour atteindre une poitrine parfaite, vous avez g\u00e9n\u00e9ralement d\u00fb","og_url":"https:\/\/vieassociative.be\/actualites\/cette-poitrine-moyenne-rare-est-un-miracle-sous-vide\/","og_site_name":"Vie Associative","article_published_time":"2025-04-19T16:19:31+00:00","og_image":[{"url":"https:\/\/vieassociative.be\/actualites\/wp-content\/uploads\/2025\/04\/Cette-poitrine-moyenne-rare-est-un-miracle-sous-vide.jpg","type":"","width":"","height":""}],"author":"Julien","twitter_card":"summary_large_image","twitter_misc":{"\u00c9crit par":"Julien","Dur\u00e9e de lecture est.":"3 minutes"},"schema":{"@context":"https:\/\/schema.org","@graph":[{"@type":"Article","@id":"https:\/\/vieassociative.be\/actualites\/cette-poitrine-moyenne-rare-est-un-miracle-sous-vide\/#article","isPartOf":{"@id":"https:\/\/vieassociative.be\/actualites\/cette-poitrine-moyenne-rare-est-un-miracle-sous-vide\/"},"author":{"name":"Julien","@id":"https:\/\/vieassociative.be\/actualites\/#\/schema\/person\/b87ac4f82f9d4e7b7cec7395b679edc4"},"headline":"Cette poitrine moyenne-rare est un miracle sous vide","datePublished":"2025-04-19T16:19:31+00:00","dateModified":"2025-04-19T16:19:31+00:00","mainEntityOfPage":{"@id":"https:\/\/vieassociative.be\/actualites\/cette-poitrine-moyenne-rare-est-un-miracle-sous-vide\/"},"wordCount":711,"publisher":{"@id":"https:\/\/vieassociative.be\/actualites\/#organization"},"image":{"@id":"https:\/\/vieassociative.be\/actualites\/cette-poitrine-moyenne-rare-est-un-miracle-sous-vide\/#primaryimage"},"thumbnailUrl":"https:\/\/vieassociative.be\/actualites\/wp-content\/uploads\/2025\/04\/Cette-poitrine-moyenne-rare-est-un-miracle-sous-vide.png","keywords":["cette","est","miracle","moyennerare","poitrine","sous","vide"],"inLanguage":"fr-BE"},{"@type":"WebPage","@id":"https:\/\/vieassociative.be\/actualites\/cette-poitrine-moyenne-rare-est-un-miracle-sous-vide\/","url":"https:\/\/vieassociative.be\/actualites\/cette-poitrine-moyenne-rare-est-un-miracle-sous-vide\/","name":"Cette poitrine moyenne-rare est un miracle sous vide | Vie Associative","isPartOf":{"@id":"https:\/\/vieassociative.be\/actualites\/#website"},"primaryImageOfPage":{"@id":"https:\/\/vieassociative.be\/actualites\/cette-poitrine-moyenne-rare-est-un-miracle-sous-vide\/#primaryimage"},"image":{"@id":"https:\/\/vieassociative.be\/actualites\/cette-poitrine-moyenne-rare-est-un-miracle-sous-vide\/#primaryimage"},"thumbnailUrl":"https:\/\/vieassociative.be\/actualites\/wp-content\/uploads\/2025\/04\/Cette-poitrine-moyenne-rare-est-un-miracle-sous-vide.png","datePublished":"2025-04-19T16:19:31+00:00","dateModified":"2025-04-19T16:19:31+00:00","breadcrumb":{"@id":"https:\/\/vieassociative.be\/actualites\/cette-poitrine-moyenne-rare-est-un-miracle-sous-vide\/#breadcrumb"},"inLanguage":"fr-BE","potentialAction":[{"@type":"ReadAction","target":["https:\/\/vieassociative.be\/actualites\/cette-poitrine-moyenne-rare-est-un-miracle-sous-vide\/"]}]},{"@type":"ImageObject","inLanguage":"fr-BE","@id":"https:\/\/vieassociative.be\/actualites\/cette-poitrine-moyenne-rare-est-un-miracle-sous-vide\/#primaryimage","url":"https:\/\/vieassociative.be\/actualites\/wp-content\/uploads\/2025\/04\/Cette-poitrine-moyenne-rare-est-un-miracle-sous-vide.png","contentUrl":"https:\/\/vieassociative.be\/actualites\/wp-content\/uploads\/2025\/04\/Cette-poitrine-moyenne-rare-est-un-miracle-sous-vide.png","width":1200,"height":674,"caption":"Cette poitrine moyenne-rare est un miracle sous vide"},{"@type":"BreadcrumbList","@id":"https:\/\/vieassociative.be\/actualites\/cette-poitrine-moyenne-rare-est-un-miracle-sous-vide\/#breadcrumb","itemListElement":[{"@type":"ListItem","position":1,"name":"Accueil","item":"https:\/\/vieassociative.be\/actualites\/"},{"@type":"ListItem","position":2,"name":"Cette poitrine moyenne-rare est un miracle sous vide"}]},{"@type":"WebSite","@id":"https:\/\/vieassociative.be\/actualites\/#website","url":"https:\/\/vieassociative.be\/actualites\/","name":"Vie Associative","description":"","publisher":{"@id":"https:\/\/vieassociative.be\/actualites\/#organization"},"potentialAction":[{"@type":"SearchAction","target":{"@type":"EntryPoint","urlTemplate":"https:\/\/vieassociative.be\/actualites\/?s={search_term_string}"},"query-input":{"@type":"PropertyValueSpecification","valueRequired":true,"valueName":"search_term_string"}}],"inLanguage":"fr-BE"},{"@type":"Organization","@id":"https:\/\/vieassociative.be\/actualites\/#organization","name":"Vie Associative","url":"https:\/\/vieassociative.be\/actualites\/","logo":{"@type":"ImageObject","inLanguage":"fr-BE","@id":"https:\/\/vieassociative.be\/actualites\/#\/schema\/logo\/image\/","url":"https:\/\/vieassociative.be\/actualites\/wp-content\/uploads\/2024\/09\/cropped-vieassociative_favicon.ico.png","contentUrl":"https:\/\/vieassociative.be\/actualites\/wp-content\/uploads\/2024\/09\/cropped-vieassociative_favicon.ico.png","width":512,"height":512,"caption":"Vie Associative"},"image":{"@id":"https:\/\/vieassociative.be\/actualites\/#\/schema\/logo\/image\/"}},{"@type":"Person","@id":"https:\/\/vieassociative.be\/actualites\/#\/schema\/person\/b87ac4f82f9d4e7b7cec7395b679edc4","name":"Julien","image":{"@type":"ImageObject","inLanguage":"fr-BE","@id":"https:\/\/vieassociative.be\/actualites\/#\/schema\/person\/image\/","url":"https:\/\/vieassociative.be\/actualites\/wp-content\/uploads\/2024\/09\/vie-associative-1-150x150.jpg","contentUrl":"https:\/\/vieassociative.be\/actualites\/wp-content\/uploads\/2024\/09\/vie-associative-1-150x150.jpg","caption":"Julien"},"description":"Je suis Julien, r\u00e9dacteur pour Vie Associative. Passionn\u00e9 par le monde associatif depuis plus de 10 ans, j'ai \u00e0 c\u0153ur de partager des histoires inspirantes et de mettre en lumi\u00e8re les initiatives locales. Mon objectif est de sensibiliser et d'encourager l'engagement communautaire \u00e0 travers mes articles.","sameAs":["https:\/\/vieassociative.be\/"]}]}},"_links":{"self":[{"href":"https:\/\/vieassociative.be\/actualites\/wp-json\/wp\/v2\/posts\/6859"}],"collection":[{"href":"https:\/\/vieassociative.be\/actualites\/wp-json\/wp\/v2\/posts"}],"about":[{"href":"https:\/\/vieassociative.be\/actualites\/wp-json\/wp\/v2\/types\/post"}],"author":[{"embeddable":true,"href":"https:\/\/vieassociative.be\/actualites\/wp-json\/wp\/v2\/users\/1"}],"replies":[{"embeddable":true,"href":"https:\/\/vieassociative.be\/actualites\/wp-json\/wp\/v2\/comments?post=6859"}],"version-history":[{"count":0,"href":"https:\/\/vieassociative.be\/actualites\/wp-json\/wp\/v2\/posts\/6859\/revisions"}],"wp:featuredmedia":[{"embeddable":true,"href":"https:\/\/vieassociative.be\/actualites\/wp-json\/wp\/v2\/media\/6860"}],"wp:attachment":[{"href":"https:\/\/vieassociative.be\/actualites\/wp-json\/wp\/v2\/media?parent=6859"}],"wp:term":[{"taxonomy":"category","embeddable":true,"href":"https:\/\/vieassociative.be\/actualites\/wp-json\/wp\/v2\/categories?post=6859"},{"taxonomy":"post_tag","embeddable":true,"href":"https:\/\/vieassociative.be\/actualites\/wp-json\/wp\/v2\/tags?post=6859"}],"curies":[{"name":"wp","href":"https:\/\/api.w.org\/{rel}","templated":true}]}}