{"id":6858,"date":"2025-04-19T16:17:25","date_gmt":"2025-04-19T14:17:25","guid":{"rendered":"https:\/\/vieassociative.be\/actualites\/mon-velo-et-moi-faire-du-velo-avec-la-zone-de-police-de-weser-gohl-et-fahrmit\/"},"modified":"2025-04-19T16:17:25","modified_gmt":"2025-04-19T14:17:25","slug":"mon-velo-et-moi-faire-du-velo-avec-la-zone-de-police-de-weser-gohl-et-fahrmit","status":"publish","type":"post","link":"https:\/\/vieassociative.be\/actualites\/mon-velo-et-moi-faire-du-velo-avec-la-zone-de-police-de-weser-gohl-et-fahrmit\/","title":{"rendered":"Mon v\u00e9lo et moi: faire du v\u00e9lo avec la zone de police de Weser-G\u00f6hl et Fahrmit"},"content":{"rendered":"<p><strong>L&rsquo;association \u00ab\u00a0Fahrmit\u00a0\u00bb et la zone de police de Weser-G\u00f6hl ensemble lancent ensemble une nouvelle offre de formation pour les cyclistes dans les quatre communaut\u00e9s de la DG. Sous la devise \u00ab\u00a0My Bike &#038; Me\u00a0\u00bb, des cours de trois heures pour une participation s\u00e9curis\u00e9e \u00e0 la circulation routi\u00e8re en v\u00e9lo sont r\u00e9guli\u00e8rement dans le programme.<\/strong><\/p>\n<p><span id=\"more-413712\"><\/span><strong>&#8211; Une nouvelle offre pour les deux roues, avec ou sans batterie:<\/strong> L&rsquo;offre s&rsquo;adresse \u00e0 tous les adultes \u00e0 partir de 18 ans, que ce soit avec un v\u00e9lo classique ou un v\u00e9lo \u00e9lectrique. L&rsquo;objectif est de rafra\u00eechir la connaissance des r\u00e8gles de la circulation et d&rsquo;am\u00e9liorer votre propre comportement dans le trafic routier dans la pratique.<\/p>\n<p>\u00ab\u00a0Notre objectif est d&rsquo;augmenter la s\u00e9curit\u00e9 de la circulation sur le v\u00e9lo\u00a0\u00bb, souligne l&rsquo;inspecteur principal de la police de la zone de police de Weser-G\u00f6hl. Claudia Schmitz von Fahrmit ajoute: \u00ab\u00a0De nombreux citoyens voulaient de tels cours de formation &#8211; nous sommes heureux de r\u00e9pondre \u00e0 ce souhait maintenant.\u00a0\u00bb<\/p>\n<p><strong>&#8211; La th\u00e9orie rencontre la pratique:<\/strong> La formation commence par une pr\u00e9sentation interactive dans laquelle les r\u00e8gles de base du trafic sont discut\u00e9es et les connaissances ant\u00e9rieures des participants sont test\u00e9es. Ensuite, il fait une visite \u00e0 v\u00e9lo guid\u00e9e \u00e0 travers le village, dans lequel de v\u00e9ritables situations de circulation sont analys\u00e9es ensemble et des conseils pour un comportement s\u00fbr sont donn\u00e9s.<\/p>\n<p><strong>&#8211; Conditions de participation:<\/strong> La participation est gratuite, mais est li\u00e9e aux conditions suivantes. \u00c2ge minimum: 18 ans. Propre v\u00e9lo en \u00e9tat de route (freins fonctionnels, lumi\u00e8re, r\u00e9flecteurs, pneus gonfl\u00e9s). Apportez: casque de v\u00e9lo et gilet l\u00e9ger.<\/p>\n<p><strong>&#8211; Inscription et contact:<\/strong> L&rsquo;inscription a lieu en ligne sur: www.fahrmit.beww.fahrmit.be. Il peut \u00e9galement \u00eatre \u00e9lu entre des \u00e9v\u00e9nements en allemand et en fran\u00e7ais. Des groupes de 10 \u00e0 15 personnes peuvent demander une date distincte. Pour d&rsquo;autres questions: <u>cs@fahrmit.be<\/u><\/p>\n","protected":false},"excerpt":{"rendered":"<p>L&rsquo;association \u00ab\u00a0Fahrmit\u00a0\u00bb et la zone de police de Weser-G\u00f6hl ensemble lancent ensemble une nouvelle offre de formation pour les cyclistes dans les quatre communaut\u00e9s de<\/p>\n","protected":false},"author":1,"featured_media":0,"comment_status":"","ping_status":"","sticky":false,"template":"","format":"standard","meta":{"footnotes":""},"categories":[298],"tags":[61,6499,127,3790,49,2741,921,5023,4291],"class_list":["post-6858","post","type-post","status-publish","format-standard","hentry","category-belgique","tag-avec","tag-fahrmit","tag-faire","tag-moi","tag-mon","tag-police","tag-velo","tag-wesergohl","tag-zone","generate-columns","tablet-grid-50","mobile-grid-100","grid-parent","grid-33"],"yoast_head":"<!-- This site is optimized with the Yoast SEO plugin v24.0 - https:\/\/yoast.com\/wordpress\/plugins\/seo\/ -->\n<title>Mon v\u00e9lo et moi: faire du v\u00e9lo avec la zone de police de Weser-G\u00f6hl et Fahrmit | Vie Associative<\/title>\n<meta name=\"robots\" content=\"index, follow, max-snippet:-1, max-image-preview:large, max-video-preview:-1\" \/>\n<link rel=\"canonical\" href=\"https:\/\/vieassociative.be\/actualites\/mon-velo-et-moi-faire-du-velo-avec-la-zone-de-police-de-weser-gohl-et-fahrmit\/\" \/>\n<meta property=\"og:locale\" content=\"fr_FR\" \/>\n<meta property=\"og:type\" content=\"article\" \/>\n<meta property=\"og:title\" content=\"Mon v\u00e9lo et moi: faire du v\u00e9lo avec la zone de police de Weser-G\u00f6hl et Fahrmit | Vie Associative\" \/>\n<meta property=\"og:description\" content=\"L&rsquo;association \u00ab\u00a0Fahrmit\u00a0\u00bb et la zone de police de Weser-G\u00f6hl ensemble lancent ensemble une nouvelle offre de formation pour les cyclistes dans les quatre communaut\u00e9s de\" \/>\n<meta property=\"og:url\" content=\"https:\/\/vieassociative.be\/actualites\/mon-velo-et-moi-faire-du-velo-avec-la-zone-de-police-de-weser-gohl-et-fahrmit\/\" \/>\n<meta property=\"og:site_name\" content=\"Vie Associative\" \/>\n<meta property=\"article:published_time\" content=\"2025-04-19T14:17:25+00:00\" \/>\n<meta property=\"og:image\" content=\"https:\/\/vieassociative.be\/actualites\/wp-content\/uploads\/2024\/09\/header_backgroundk-01-e1726694325946.png\" \/>\n\t<meta property=\"og:image:width\" content=\"279\" \/>\n\t<meta property=\"og:image:height\" content=\"92\" \/>\n\t<meta property=\"og:image:type\" content=\"image\/png\" \/>\n<meta name=\"author\" content=\"Julien\" \/>\n<meta name=\"twitter:card\" content=\"summary_large_image\" \/>\n<meta name=\"twitter:label1\" content=\"\u00c9crit par\" \/>\n\t<meta name=\"twitter:data1\" content=\"Julien\" \/>\n\t<meta name=\"twitter:label2\" content=\"Dur\u00e9e de lecture est.\" \/>\n\t<meta name=\"twitter:data2\" content=\"2 minutes\" \/>\n<script type=\"application\/ld+json\" class=\"yoast-schema-graph\">{\"@context\":\"https:\/\/schema.org\",\"@graph\":[{\"@type\":\"Article\",\"@id\":\"https:\/\/vieassociative.be\/actualites\/mon-velo-et-moi-faire-du-velo-avec-la-zone-de-police-de-weser-gohl-et-fahrmit\/#article\",\"isPartOf\":{\"@id\":\"https:\/\/vieassociative.be\/actualites\/mon-velo-et-moi-faire-du-velo-avec-la-zone-de-police-de-weser-gohl-et-fahrmit\/\"},\"author\":{\"name\":\"Julien\",\"@id\":\"https:\/\/vieassociative.be\/actualites\/#\/schema\/person\/b87ac4f82f9d4e7b7cec7395b679edc4\"},\"headline\":\"Mon v\u00e9lo et moi: faire du v\u00e9lo avec la zone de police de Weser-G\u00f6hl et Fahrmit\",\"datePublished\":\"2025-04-19T14:17:25+00:00\",\"dateModified\":\"2025-04-19T14:17:25+00:00\",\"mainEntityOfPage\":{\"@id\":\"https:\/\/vieassociative.be\/actualites\/mon-velo-et-moi-faire-du-velo-avec-la-zone-de-police-de-weser-gohl-et-fahrmit\/\"},\"wordCount\":359,\"publisher\":{\"@id\":\"https:\/\/vieassociative.be\/actualites\/#organization\"},\"keywords\":[\"avec\",\"Fahrmit\",\"faire\",\"moi\",\"Mon\",\"police\",\"v\u00e9lo\",\"WeserG\u00f6hl\",\"zone\"],\"articleSection\":[\"Belgique\"],\"inLanguage\":\"fr-BE\"},{\"@type\":\"WebPage\",\"@id\":\"https:\/\/vieassociative.be\/actualites\/mon-velo-et-moi-faire-du-velo-avec-la-zone-de-police-de-weser-gohl-et-fahrmit\/\",\"url\":\"https:\/\/vieassociative.be\/actualites\/mon-velo-et-moi-faire-du-velo-avec-la-zone-de-police-de-weser-gohl-et-fahrmit\/\",\"name\":\"Mon v\u00e9lo et moi: faire du v\u00e9lo avec la zone de police de Weser-G\u00f6hl et Fahrmit | Vie Associative\",\"isPartOf\":{\"@id\":\"https:\/\/vieassociative.be\/actualites\/#website\"},\"datePublished\":\"2025-04-19T14:17:25+00:00\",\"dateModified\":\"2025-04-19T14:17:25+00:00\",\"breadcrumb\":{\"@id\":\"https:\/\/vieassociative.be\/actualites\/mon-velo-et-moi-faire-du-velo-avec-la-zone-de-police-de-weser-gohl-et-fahrmit\/#breadcrumb\"},\"inLanguage\":\"fr-BE\",\"potentialAction\":[{\"@type\":\"ReadAction\",\"target\":[\"https:\/\/vieassociative.be\/actualites\/mon-velo-et-moi-faire-du-velo-avec-la-zone-de-police-de-weser-gohl-et-fahrmit\/\"]}]},{\"@type\":\"BreadcrumbList\",\"@id\":\"https:\/\/vieassociative.be\/actualites\/mon-velo-et-moi-faire-du-velo-avec-la-zone-de-police-de-weser-gohl-et-fahrmit\/#breadcrumb\",\"itemListElement\":[{\"@type\":\"ListItem\",\"position\":1,\"name\":\"Accueil\",\"item\":\"https:\/\/vieassociative.be\/actualites\/\"},{\"@type\":\"ListItem\",\"position\":2,\"name\":\"Mon v\u00e9lo et moi: faire du v\u00e9lo avec la zone de police de Weser-G\u00f6hl et Fahrmit\"}]},{\"@type\":\"WebSite\",\"@id\":\"https:\/\/vieassociative.be\/actualites\/#website\",\"url\":\"https:\/\/vieassociative.be\/actualites\/\",\"name\":\"Vie Associative\",\"description\":\"\",\"publisher\":{\"@id\":\"https:\/\/vieassociative.be\/actualites\/#organization\"},\"potentialAction\":[{\"@type\":\"SearchAction\",\"target\":{\"@type\":\"EntryPoint\",\"urlTemplate\":\"https:\/\/vieassociative.be\/actualites\/?s={search_term_string}\"},\"query-input\":{\"@type\":\"PropertyValueSpecification\",\"valueRequired\":true,\"valueName\":\"search_term_string\"}}],\"inLanguage\":\"fr-BE\"},{\"@type\":\"Organization\",\"@id\":\"https:\/\/vieassociative.be\/actualites\/#organization\",\"name\":\"Vie Associative\",\"url\":\"https:\/\/vieassociative.be\/actualites\/\",\"logo\":{\"@type\":\"ImageObject\",\"inLanguage\":\"fr-BE\",\"@id\":\"https:\/\/vieassociative.be\/actualites\/#\/schema\/logo\/image\/\",\"url\":\"https:\/\/vieassociative.be\/actualites\/wp-content\/uploads\/2024\/09\/cropped-vieassociative_favicon.ico.png\",\"contentUrl\":\"https:\/\/vieassociative.be\/actualites\/wp-content\/uploads\/2024\/09\/cropped-vieassociative_favicon.ico.png\",\"width\":512,\"height\":512,\"caption\":\"Vie Associative\"},\"image\":{\"@id\":\"https:\/\/vieassociative.be\/actualites\/#\/schema\/logo\/image\/\"}},{\"@type\":\"Person\",\"@id\":\"https:\/\/vieassociative.be\/actualites\/#\/schema\/person\/b87ac4f82f9d4e7b7cec7395b679edc4\",\"name\":\"Julien\",\"image\":{\"@type\":\"ImageObject\",\"inLanguage\":\"fr-BE\",\"@id\":\"https:\/\/vieassociative.be\/actualites\/#\/schema\/person\/image\/\",\"url\":\"https:\/\/vieassociative.be\/actualites\/wp-content\/uploads\/2024\/09\/vie-associative-1-150x150.jpg\",\"contentUrl\":\"https:\/\/vieassociative.be\/actualites\/wp-content\/uploads\/2024\/09\/vie-associative-1-150x150.jpg\",\"caption\":\"Julien\"},\"description\":\"Je suis Julien, r\u00e9dacteur pour Vie Associative. Passionn\u00e9 par le monde associatif depuis plus de 10 ans, j'ai \u00e0 c\u0153ur de partager des histoires inspirantes et de mettre en lumi\u00e8re les initiatives locales. Mon objectif est de sensibiliser et d'encourager l'engagement communautaire \u00e0 travers mes articles.\",\"sameAs\":[\"https:\/\/vieassociative.be\/\"]}]}<\/script>\n<!-- \/ Yoast SEO plugin. -->","yoast_head_json":{"title":"Mon v\u00e9lo et moi: faire du v\u00e9lo avec la zone de police de Weser-G\u00f6hl et Fahrmit | Vie Associative","robots":{"index":"index","follow":"follow","max-snippet":"max-snippet:-1","max-image-preview":"max-image-preview:large","max-video-preview":"max-video-preview:-1"},"canonical":"https:\/\/vieassociative.be\/actualites\/mon-velo-et-moi-faire-du-velo-avec-la-zone-de-police-de-weser-gohl-et-fahrmit\/","og_locale":"fr_FR","og_type":"article","og_title":"Mon v\u00e9lo et moi: faire du v\u00e9lo avec la zone de police de Weser-G\u00f6hl et Fahrmit | Vie Associative","og_description":"L&rsquo;association \u00ab\u00a0Fahrmit\u00a0\u00bb et la zone de police de Weser-G\u00f6hl ensemble lancent ensemble une nouvelle offre de formation pour les cyclistes dans les quatre communaut\u00e9s de","og_url":"https:\/\/vieassociative.be\/actualites\/mon-velo-et-moi-faire-du-velo-avec-la-zone-de-police-de-weser-gohl-et-fahrmit\/","og_site_name":"Vie Associative","article_published_time":"2025-04-19T14:17:25+00:00","og_image":[{"width":279,"height":92,"url":"https:\/\/vieassociative.be\/actualites\/wp-content\/uploads\/2024\/09\/header_backgroundk-01-e1726694325946.png","type":"image\/png"}],"author":"Julien","twitter_card":"summary_large_image","twitter_misc":{"\u00c9crit par":"Julien","Dur\u00e9e de lecture est.":"2 minutes"},"schema":{"@context":"https:\/\/schema.org","@graph":[{"@type":"Article","@id":"https:\/\/vieassociative.be\/actualites\/mon-velo-et-moi-faire-du-velo-avec-la-zone-de-police-de-weser-gohl-et-fahrmit\/#article","isPartOf":{"@id":"https:\/\/vieassociative.be\/actualites\/mon-velo-et-moi-faire-du-velo-avec-la-zone-de-police-de-weser-gohl-et-fahrmit\/"},"author":{"name":"Julien","@id":"https:\/\/vieassociative.be\/actualites\/#\/schema\/person\/b87ac4f82f9d4e7b7cec7395b679edc4"},"headline":"Mon v\u00e9lo et moi: faire du v\u00e9lo avec la zone de police de Weser-G\u00f6hl et Fahrmit","datePublished":"2025-04-19T14:17:25+00:00","dateModified":"2025-04-19T14:17:25+00:00","mainEntityOfPage":{"@id":"https:\/\/vieassociative.be\/actualites\/mon-velo-et-moi-faire-du-velo-avec-la-zone-de-police-de-weser-gohl-et-fahrmit\/"},"wordCount":359,"publisher":{"@id":"https:\/\/vieassociative.be\/actualites\/#organization"},"keywords":["avec","Fahrmit","faire","moi","Mon","police","v\u00e9lo","WeserG\u00f6hl","zone"],"articleSection":["Belgique"],"inLanguage":"fr-BE"},{"@type":"WebPage","@id":"https:\/\/vieassociative.be\/actualites\/mon-velo-et-moi-faire-du-velo-avec-la-zone-de-police-de-weser-gohl-et-fahrmit\/","url":"https:\/\/vieassociative.be\/actualites\/mon-velo-et-moi-faire-du-velo-avec-la-zone-de-police-de-weser-gohl-et-fahrmit\/","name":"Mon v\u00e9lo et moi: faire du v\u00e9lo avec la zone de police de Weser-G\u00f6hl et Fahrmit | Vie Associative","isPartOf":{"@id":"https:\/\/vieassociative.be\/actualites\/#website"},"datePublished":"2025-04-19T14:17:25+00:00","dateModified":"2025-04-19T14:17:25+00:00","breadcrumb":{"@id":"https:\/\/vieassociative.be\/actualites\/mon-velo-et-moi-faire-du-velo-avec-la-zone-de-police-de-weser-gohl-et-fahrmit\/#breadcrumb"},"inLanguage":"fr-BE","potentialAction":[{"@type":"ReadAction","target":["https:\/\/vieassociative.be\/actualites\/mon-velo-et-moi-faire-du-velo-avec-la-zone-de-police-de-weser-gohl-et-fahrmit\/"]}]},{"@type":"BreadcrumbList","@id":"https:\/\/vieassociative.be\/actualites\/mon-velo-et-moi-faire-du-velo-avec-la-zone-de-police-de-weser-gohl-et-fahrmit\/#breadcrumb","itemListElement":[{"@type":"ListItem","position":1,"name":"Accueil","item":"https:\/\/vieassociative.be\/actualites\/"},{"@type":"ListItem","position":2,"name":"Mon v\u00e9lo et moi: faire du v\u00e9lo avec la zone de police de Weser-G\u00f6hl et Fahrmit"}]},{"@type":"WebSite","@id":"https:\/\/vieassociative.be\/actualites\/#website","url":"https:\/\/vieassociative.be\/actualites\/","name":"Vie Associative","description":"","publisher":{"@id":"https:\/\/vieassociative.be\/actualites\/#organization"},"potentialAction":[{"@type":"SearchAction","target":{"@type":"EntryPoint","urlTemplate":"https:\/\/vieassociative.be\/actualites\/?s={search_term_string}"},"query-input":{"@type":"PropertyValueSpecification","valueRequired":true,"valueName":"search_term_string"}}],"inLanguage":"fr-BE"},{"@type":"Organization","@id":"https:\/\/vieassociative.be\/actualites\/#organization","name":"Vie Associative","url":"https:\/\/vieassociative.be\/actualites\/","logo":{"@type":"ImageObject","inLanguage":"fr-BE","@id":"https:\/\/vieassociative.be\/actualites\/#\/schema\/logo\/image\/","url":"https:\/\/vieassociative.be\/actualites\/wp-content\/uploads\/2024\/09\/cropped-vieassociative_favicon.ico.png","contentUrl":"https:\/\/vieassociative.be\/actualites\/wp-content\/uploads\/2024\/09\/cropped-vieassociative_favicon.ico.png","width":512,"height":512,"caption":"Vie Associative"},"image":{"@id":"https:\/\/vieassociative.be\/actualites\/#\/schema\/logo\/image\/"}},{"@type":"Person","@id":"https:\/\/vieassociative.be\/actualites\/#\/schema\/person\/b87ac4f82f9d4e7b7cec7395b679edc4","name":"Julien","image":{"@type":"ImageObject","inLanguage":"fr-BE","@id":"https:\/\/vieassociative.be\/actualites\/#\/schema\/person\/image\/","url":"https:\/\/vieassociative.be\/actualites\/wp-content\/uploads\/2024\/09\/vie-associative-1-150x150.jpg","contentUrl":"https:\/\/vieassociative.be\/actualites\/wp-content\/uploads\/2024\/09\/vie-associative-1-150x150.jpg","caption":"Julien"},"description":"Je suis Julien, r\u00e9dacteur pour Vie Associative. Passionn\u00e9 par le monde associatif depuis plus de 10 ans, j'ai \u00e0 c\u0153ur de partager des histoires inspirantes et de mettre en lumi\u00e8re les initiatives locales. Mon objectif est de sensibiliser et d'encourager l'engagement communautaire \u00e0 travers mes articles.","sameAs":["https:\/\/vieassociative.be\/"]}]}},"_links":{"self":[{"href":"https:\/\/vieassociative.be\/actualites\/wp-json\/wp\/v2\/posts\/6858"}],"collection":[{"href":"https:\/\/vieassociative.be\/actualites\/wp-json\/wp\/v2\/posts"}],"about":[{"href":"https:\/\/vieassociative.be\/actualites\/wp-json\/wp\/v2\/types\/post"}],"author":[{"embeddable":true,"href":"https:\/\/vieassociative.be\/actualites\/wp-json\/wp\/v2\/users\/1"}],"replies":[{"embeddable":true,"href":"https:\/\/vieassociative.be\/actualites\/wp-json\/wp\/v2\/comments?post=6858"}],"version-history":[{"count":0,"href":"https:\/\/vieassociative.be\/actualites\/wp-json\/wp\/v2\/posts\/6858\/revisions"}],"wp:attachment":[{"href":"https:\/\/vieassociative.be\/actualites\/wp-json\/wp\/v2\/media?parent=6858"}],"wp:term":[{"taxonomy":"category","embeddable":true,"href":"https:\/\/vieassociative.be\/actualites\/wp-json\/wp\/v2\/categories?post=6858"},{"taxonomy":"post_tag","embeddable":true,"href":"https:\/\/vieassociative.be\/actualites\/wp-json\/wp\/v2\/tags?post=6858"}],"curies":[{"name":"wp","href":"https:\/\/api.w.org\/{rel}","templated":true}]}}