{"id":6852,"date":"2025-04-19T12:19:17","date_gmt":"2025-04-19T10:19:17","guid":{"rendered":"https:\/\/vieassociative.be\/actualites\/mariner-un-coke-de-regime-dans-le-refrigerateur-nest-pas-une-chose\/"},"modified":"2025-04-19T12:19:17","modified_gmt":"2025-04-19T10:19:17","slug":"mariner-un-coke-de-regime-dans-le-refrigerateur-nest-pas-une-chose","status":"publish","type":"post","link":"https:\/\/vieassociative.be\/actualites\/mariner-un-coke-de-regime-dans-le-refrigerateur-nest-pas-une-chose\/","title":{"rendered":"\u00abMariner\u00bb un coke de r\u00e9gime dans le r\u00e9frig\u00e9rateur n&rsquo;est pas une chose"},"content":{"rendered":"<div class=\"mt-4 leading-6 md:mb-8\">Il y a un moyen de devenir encore plus froid, mais \u00ab\u00a0mariner\u00a0\u00bb n&rsquo;est pas \u00e7a.<\/div>\n<p><\/p>\n<p>Le dernier \u00abpiratage\u00bb Tiktok qui m&rsquo;a fait remettre en question la r\u00e9alit\u00e9 est la tendance \u00abmarin\u00e9e\u00bb du coke du r\u00e9gime. (Atteignez-vous pour beaucoup de guillemets dans ce post.) En tant que r\u00e9dacteur alimentaire, j&rsquo;ai un v\u00e9ritable int\u00e9r\u00eat pour ce qu&rsquo;un coke de r\u00e9gime marin\u00e9 pourrait \u00eatre, alors j&rsquo;ai fait une petite escale dans le terrier du lapin pour voir ce qu&rsquo;\u00e9tait le battage m\u00e9diatique &#8211; puis j&rsquo;ai d\u00e9sesp\u00e9r\u00e9ment grill\u00e9. Bien que je puisse appr\u00e9cier une Bev super froide et p\u00e9tillante, je suis d\u00e9sol\u00e9 de signaler qu&rsquo;aucun coke de r\u00e9gime n&rsquo;a \u00e9t\u00e9 marin\u00e9. <\/p>\n<p>D\u00e9crivez ce processus: un coke de r\u00e9gime en conserve va au r\u00e9frig\u00e9rateur pendant trois jours ou jusqu&rsquo;\u00e0 deux semaines. Le coke de r\u00e9gime est ensuite consomm\u00e9. Comment nommeriez-vous cette activit\u00e9? Peut-\u00eatre que le mot \u00abstockage\u00bb est venu \u00e0 l&rsquo;esprit. Peut-\u00eatre que vous appelleriez cela \u00abboire du coke de r\u00e9gime\u00bb. \u00abChilling\u00bb est \u00e9galement une description digne (pour toute cette tendance \u00e0 plus d&rsquo;un titre). <\/p>\n<p>Cette vid\u00e9o mentionne le processus de \u00abmarination\u00bb de Diet Coke, o\u00f9 le Tiktoker, Hauskris, dit que la boisson en conserve devrait s&rsquo;asseoir au r\u00e9frig\u00e9rateur pour <em>au moins<\/em> Quelques jours, mais implique plus longtemps, c&rsquo;est encore mieux. Le reste de la \u00ab\u00a0recette\u00a0\u00bb est la fa\u00e7on dont elle aime verser le soda, le type de verrerie qu&rsquo;elle utilise et l&rsquo;ajout de saveurs de citron vert. Tout cela est vraiment une question de pr\u00e9f\u00e9rence et \u00e0 quel point vous aimez votre boisson. Ma principale pr\u00e9occupation est le processus de marinage. Elle d\u00e9crit le coke de r\u00e9gime qu&rsquo;elle utilise comme \u00absuper froid\u00bb en raison de la \u00abmariner\u00bb dans le r\u00e9frig\u00e9rateur. Parlons de cela.<\/p>\n<h2 id=\"what-is-marinating-really\">Qu&rsquo;est-ce que la marination, vraiment?<\/h2>\n<p>J&rsquo;essayais de penser \u00e0 un autre terme pour cette tendance &#8211; gu\u00e9ri, ferment\u00e9e, marin\u00e9e &#8211; mais tout comme \u00abmariner\u00bb, ils signifient tous quelque chose de r\u00e9el. <\/p>\n<p>La marination est un terme culinaire pour tremper les viandes, les fruits ou les l\u00e9gumes dans un liquide. Ce liquide est appel\u00e9 une marinade. La marinade est g\u00e9n\u00e9ralement compos\u00e9e d&rsquo;un acide, de graisse, de sel et peut-\u00eatre du sucre. L&rsquo;acide est pour la saveur et pour attendre les fibres dures. Le sel aide les saveurs \u00e0 p\u00e9n\u00e9trer la viande. L&rsquo;huile ajoute de la richesse, de l&rsquo;hydratation et encourage le brunissement pendant la cuisson, et le sucre ajoute de la saveur et favorise \u00e9galement le brunissement. La liste des ingr\u00e9dients fait allusion \u00e0 l&rsquo;objectif et au profit de la marination des aliments &#8211; pour ajouter de la saveur et attendre. <\/p>\n<p>Est-ce que cela se produit dans le coke Diet Coke \u00ab\u00a0Hack?\u00a0\u00bb Non. Vous ne pouvez pas mariner sans marinade. De plus, pouvez-vous m\u00eame mariner un liquide? C&rsquo;est \u00e0 ce moment que les murs de la r\u00e9alit\u00e9 commencent \u00e0 se plier si vous pensez trop dur. La marination d&rsquo;un liquide avec un liquide est simplement de m\u00e9langer des liquides. Vous ne pouvez pas mariner au coke de r\u00e9gime, mais vous pouvez mariner <em>avec<\/em> Diet Coke. Quoi qu&rsquo;il en soit, une bo\u00eete de r\u00e9gime Coke n&rsquo;a aucune possibilit\u00e9 de se m\u00ealer \u00e0 quoi que ce soit, ou d&rsquo;absorber ou de perdre des saveurs de n&rsquo;importe o\u00f9. Le but de la bo\u00eete et de tout emballage est d&#8217;emp\u00eacher cela.<\/p>\n<h2 id=\"but-marinating-is-just-to-make-the-soda-super-cold-right\">Mais \u00abmariner\u00bb est juste de rendre le soda \u00absuper froid\u00bb, non?<\/h2>\n<p>Peut-\u00eatre que \u00abmariner\u00bb est juste une jolie fa\u00e7on de d\u00e9crire quelque chose qui se trouve pendant un certain temps. Habituellement, les aliments se marient pendant des heures afin que les effets de la marinade puissent prendre racine. Cette tendance se concentre principalement sur l&rsquo;obtention d&rsquo;une boisson croustillante et froide, donc le raisonnement est que plus une canette est longue dans le r\u00e9frig\u00e9rateur, plus elle est froide. Bien qu&rsquo;il y ait une certaine v\u00e9rit\u00e9 l\u00e0-dedans, ce n&rsquo;est tout simplement pas le fonctionnement de la temp\u00e9rature. Sinon, pourquoi m\u00eame un cong\u00e9lateur? <\/p>\n<div class=\"pogoClear relative my-10 border-b-(1.5px) border-t-(1.5px) border-dashed border-black py-5 sm:my-14 sm:border-0 sm:py-0\" x-cloak x-data=\"{ commentsCount: null }\" x-init=\"commentsCount = await window.openweb.getMessagesCount(114942)\" x-show=\"commentsCount !== null &amp;&amp; commentsCount &gt; 0\">\n<div class=\"absolute top-1\/2 hidden w-full -translate-y-1\/2 border-t-(1.5px) border-dashed border-black sm:block\"><\/div>\n<div class=\"relative flex justify-center\">\n<div class=\"flex max-w-max items-center gap-x-3 bg-white px-5\">\n<div class=\"relative\">\n                <span class=\"absolute left-1\/2 top-1\/2 -translate-x-1\/2 -translate-y-1\/2 font-akshar text-sm font-medium text-black\" x-text=\"commentsCount\"><\/span><\/p>\n<p>                <svg class=\"h-8 w-8 text-black\">\n                    <use href=\"http:\/\/lifehacker.com\/images\/icons\/spritemap.svg#sprite-chat-bubble\"><\/use>\n                <\/svg>\n            <\/div>\n<p>            <span class=\"text-sm font-medium text-black\">Que pensez-vous jusqu&rsquo;\u00e0 pr\u00e9sent? <button class=\"font-semibold text-brand-green underline hover:text-brand-green-700\" onclick=\"window.openweb.scrollToComments(114942)\">Publier un commentaire.<\/button><\/span>\n        <\/div>\n<\/p><\/div>\n<\/div>\n<p>Le soda, et tout ce que vous mettez au r\u00e9frig\u00e9rateur d&rsquo;ailleurs, ne fera que froid que la temp\u00e9rature \u00e0 laquelle le r\u00e9frig\u00e9rateur est r\u00e9gl\u00e9. Selon la temp\u00e9rature de d\u00e9part de votre r\u00e9gime Coke, il ne faudra que jusqu&rsquo;\u00e0 quelques heures (pas des jours et certainement pas des semaines) pour que la boisson atteigne la m\u00eame temp\u00e9rature que le r\u00e9frig\u00e9rateur. Apr\u00e8s cela, rien ne fera le soda plus froid, outre une diminution de la temp\u00e9rature ambiante. <\/p>\n<h2 id=\"how-can-you-actually-make-your-diet-coke-colder\">Comment pouvez-vous r\u00e9ellement rendre votre r\u00e9gime coke plus froid?<\/h2>\n<p>Lorsque vous jouez avec le feu, comme on dit. Vous voulez du coke de r\u00e9gime froid et froid? Que faites-vous en le mettant dans un r\u00e9frig\u00e9rateur \u00e0 un faible 40 \u00b0 F? Selon NBC South Florida, qui mentionne sp\u00e9cifiquement le gel des sodas alimentaires \u00e0 une temp\u00e9rature l\u00e9g\u00e8rement plus \u00e9lev\u00e9e que la vari\u00e9t\u00e9 r\u00e9guli\u00e8re (les soda r\u00e9guliers se g\u00e8lent \u00e0 30 \u00b0 F), Diet Coke se figera \u00e0 32 \u00b0 F. On dirait que vous avez 8 degr\u00e9s que vous avez manqu\u00e9 pendant tout ce temps.<\/p>\n<p>Vous pouvez mettre vos canettes de coke dans le cong\u00e9lateur, mais vous risquez d&rsquo;exploser et de cracher des boues de soude partout. Cela pourrait \u00eatre un risque digne, assurez-vous simplement de d\u00e9finir une minuterie pour ne pas l&rsquo;oublier. <\/p>\n<p>Pour les vraiment d\u00e9di\u00e9s, voici une autre option: vous pouvez r\u00e9duire la temp\u00e9rature de votre r\u00e9frig\u00e9rateur \u00e0 quelque part entre 32 \u00b0 F et 39 \u00b0 F. Cependant, ce n&rsquo;est que la temp\u00e9rature principale de la section, et si vous stockez des aliments dans le r\u00e9frig\u00e9rateur, certains articles pourraient geler dans les grandes port\u00e9e. Au lieu de cela, si vous \u00eates suffisamment engag\u00e9, vous devriez vraiment acheter un deuxi\u00e8me r\u00e9frig\u00e9rateur \u00e0 r\u00e9gime alimentaire. R\u00e9glez la temp\u00e9rature \u00e0 33 \u00b0 F et chargez-la avec du coke de r\u00e9gime. Maintenant, vous aurez la boisson la plus froide sur Tiktok.<\/p>\n<p><script async src=\"\/\/www.tiktok.com\/embed.js\"><\/script><\/p>\n","protected":false},"excerpt":{"rendered":"<p>Il y a un moyen de devenir encore plus froid, mais \u00ab\u00a0mariner\u00a0\u00bb n&rsquo;est pas \u00e7a. Le dernier \u00abpiratage\u00bb Tiktok qui m&rsquo;a fait remettre en question<\/p>\n","protected":false},"author":1,"featured_media":6853,"comment_status":"","ping_status":"","sticky":false,"template":"","format":"standard","meta":{"footnotes":""},"categories":[1],"tags":[1651,6496,166,6495,1082,126,989,4550,110],"class_list":["post-6852","post","type-post","status-publish","format-standard","has-post-thumbnail","hentry","category-non-classe","tag-chose","tag-coke","tag-dans","tag-mariner","tag-nest","tag-pas","tag-refrigerateur","tag-regime","tag-une","generate-columns","tablet-grid-50","mobile-grid-100","grid-parent","grid-33"],"yoast_head":"<!-- This site is optimized with the Yoast SEO plugin v24.0 - https:\/\/yoast.com\/wordpress\/plugins\/seo\/ -->\n<title>\u00abMariner\u00bb un coke de r\u00e9gime dans le r\u00e9frig\u00e9rateur n&#039;est pas une chose | Vie Associative<\/title>\n<meta name=\"robots\" content=\"index, follow, max-snippet:-1, max-image-preview:large, max-video-preview:-1\" \/>\n<link rel=\"canonical\" href=\"https:\/\/vieassociative.be\/actualites\/mariner-un-coke-de-regime-dans-le-refrigerateur-nest-pas-une-chose\/\" \/>\n<meta property=\"og:locale\" content=\"fr_FR\" \/>\n<meta property=\"og:type\" content=\"article\" \/>\n<meta property=\"og:title\" content=\"\u00abMariner\u00bb un coke de r\u00e9gime dans le r\u00e9frig\u00e9rateur n&#039;est pas une chose | Vie Associative\" \/>\n<meta property=\"og:description\" content=\"Il y a un moyen de devenir encore plus froid, mais \u00ab\u00a0mariner\u00a0\u00bb n&rsquo;est pas \u00e7a. Le dernier \u00abpiratage\u00bb Tiktok qui m&rsquo;a fait remettre en question\" \/>\n<meta property=\"og:url\" content=\"https:\/\/vieassociative.be\/actualites\/mariner-un-coke-de-regime-dans-le-refrigerateur-nest-pas-une-chose\/\" \/>\n<meta property=\"og:site_name\" content=\"Vie Associative\" \/>\n<meta property=\"article:published_time\" content=\"2025-04-19T10:19:17+00:00\" \/>\n<meta property=\"og:image\" content=\"https:\/\/vieassociative.be\/actualites\/wp-content\/uploads\/2024\/09\/header_backgroundk-01-e1726694325946.png\" \/>\n\t<meta property=\"og:image:width\" content=\"279\" \/>\n\t<meta property=\"og:image:height\" content=\"92\" \/>\n\t<meta property=\"og:image:type\" content=\"image\/png\" \/>\n<meta name=\"author\" content=\"Julien\" \/>\n<meta name=\"twitter:card\" content=\"summary_large_image\" \/>\n<meta name=\"twitter:label1\" content=\"\u00c9crit par\" \/>\n\t<meta name=\"twitter:data1\" content=\"Julien\" \/>\n\t<meta name=\"twitter:label2\" content=\"Dur\u00e9e de lecture est.\" \/>\n\t<meta name=\"twitter:data2\" content=\"5 minutes\" \/>\n<script type=\"application\/ld+json\" class=\"yoast-schema-graph\">{\"@context\":\"https:\/\/schema.org\",\"@graph\":[{\"@type\":\"Article\",\"@id\":\"https:\/\/vieassociative.be\/actualites\/mariner-un-coke-de-regime-dans-le-refrigerateur-nest-pas-une-chose\/#article\",\"isPartOf\":{\"@id\":\"https:\/\/vieassociative.be\/actualites\/mariner-un-coke-de-regime-dans-le-refrigerateur-nest-pas-une-chose\/\"},\"author\":{\"name\":\"Julien\",\"@id\":\"https:\/\/vieassociative.be\/actualites\/#\/schema\/person\/b87ac4f82f9d4e7b7cec7395b679edc4\"},\"headline\":\"\u00abMariner\u00bb un coke de r\u00e9gime dans le r\u00e9frig\u00e9rateur n&rsquo;est pas une chose\",\"datePublished\":\"2025-04-19T10:19:17+00:00\",\"dateModified\":\"2025-04-19T10:19:17+00:00\",\"mainEntityOfPage\":{\"@id\":\"https:\/\/vieassociative.be\/actualites\/mariner-un-coke-de-regime-dans-le-refrigerateur-nest-pas-une-chose\/\"},\"wordCount\":1088,\"publisher\":{\"@id\":\"https:\/\/vieassociative.be\/actualites\/#organization\"},\"image\":{\"@id\":\"https:\/\/vieassociative.be\/actualites\/mariner-un-coke-de-regime-dans-le-refrigerateur-nest-pas-une-chose\/#primaryimage\"},\"thumbnailUrl\":\"https:\/\/vieassociative.be\/actualites\/wp-content\/uploads\/2025\/04\/Mariner-un-coke-de-regime-dans-le-refrigerateur-nest-pas.jpg\",\"keywords\":[\"chose\",\"coke\",\"dans\",\"Mariner\",\"nest\",\"pas\",\"r\u00e9frig\u00e9rateur\",\"r\u00e9gime\",\"une\"],\"inLanguage\":\"fr-BE\"},{\"@type\":\"WebPage\",\"@id\":\"https:\/\/vieassociative.be\/actualites\/mariner-un-coke-de-regime-dans-le-refrigerateur-nest-pas-une-chose\/\",\"url\":\"https:\/\/vieassociative.be\/actualites\/mariner-un-coke-de-regime-dans-le-refrigerateur-nest-pas-une-chose\/\",\"name\":\"\u00abMariner\u00bb un coke de r\u00e9gime dans le r\u00e9frig\u00e9rateur n'est pas une chose | Vie Associative\",\"isPartOf\":{\"@id\":\"https:\/\/vieassociative.be\/actualites\/#website\"},\"primaryImageOfPage\":{\"@id\":\"https:\/\/vieassociative.be\/actualites\/mariner-un-coke-de-regime-dans-le-refrigerateur-nest-pas-une-chose\/#primaryimage\"},\"image\":{\"@id\":\"https:\/\/vieassociative.be\/actualites\/mariner-un-coke-de-regime-dans-le-refrigerateur-nest-pas-une-chose\/#primaryimage\"},\"thumbnailUrl\":\"https:\/\/vieassociative.be\/actualites\/wp-content\/uploads\/2025\/04\/Mariner-un-coke-de-regime-dans-le-refrigerateur-nest-pas.jpg\",\"datePublished\":\"2025-04-19T10:19:17+00:00\",\"dateModified\":\"2025-04-19T10:19:17+00:00\",\"breadcrumb\":{\"@id\":\"https:\/\/vieassociative.be\/actualites\/mariner-un-coke-de-regime-dans-le-refrigerateur-nest-pas-une-chose\/#breadcrumb\"},\"inLanguage\":\"fr-BE\",\"potentialAction\":[{\"@type\":\"ReadAction\",\"target\":[\"https:\/\/vieassociative.be\/actualites\/mariner-un-coke-de-regime-dans-le-refrigerateur-nest-pas-une-chose\/\"]}]},{\"@type\":\"ImageObject\",\"inLanguage\":\"fr-BE\",\"@id\":\"https:\/\/vieassociative.be\/actualites\/mariner-un-coke-de-regime-dans-le-refrigerateur-nest-pas-une-chose\/#primaryimage\",\"url\":\"https:\/\/vieassociative.be\/actualites\/wp-content\/uploads\/2025\/04\/Mariner-un-coke-de-regime-dans-le-refrigerateur-nest-pas.jpg\",\"contentUrl\":\"https:\/\/vieassociative.be\/actualites\/wp-content\/uploads\/2025\/04\/Mariner-un-coke-de-regime-dans-le-refrigerateur-nest-pas.jpg\",\"width\":1200,\"height\":675,\"caption\":\"\u00abMariner\u00bb un coke de r\u00e9gime dans le r\u00e9frig\u00e9rateur n'est pas une chose\"},{\"@type\":\"BreadcrumbList\",\"@id\":\"https:\/\/vieassociative.be\/actualites\/mariner-un-coke-de-regime-dans-le-refrigerateur-nest-pas-une-chose\/#breadcrumb\",\"itemListElement\":[{\"@type\":\"ListItem\",\"position\":1,\"name\":\"Accueil\",\"item\":\"https:\/\/vieassociative.be\/actualites\/\"},{\"@type\":\"ListItem\",\"position\":2,\"name\":\"\u00abMariner\u00bb un coke de r\u00e9gime dans le r\u00e9frig\u00e9rateur n&rsquo;est pas une chose\"}]},{\"@type\":\"WebSite\",\"@id\":\"https:\/\/vieassociative.be\/actualites\/#website\",\"url\":\"https:\/\/vieassociative.be\/actualites\/\",\"name\":\"Vie Associative\",\"description\":\"\",\"publisher\":{\"@id\":\"https:\/\/vieassociative.be\/actualites\/#organization\"},\"potentialAction\":[{\"@type\":\"SearchAction\",\"target\":{\"@type\":\"EntryPoint\",\"urlTemplate\":\"https:\/\/vieassociative.be\/actualites\/?s={search_term_string}\"},\"query-input\":{\"@type\":\"PropertyValueSpecification\",\"valueRequired\":true,\"valueName\":\"search_term_string\"}}],\"inLanguage\":\"fr-BE\"},{\"@type\":\"Organization\",\"@id\":\"https:\/\/vieassociative.be\/actualites\/#organization\",\"name\":\"Vie Associative\",\"url\":\"https:\/\/vieassociative.be\/actualites\/\",\"logo\":{\"@type\":\"ImageObject\",\"inLanguage\":\"fr-BE\",\"@id\":\"https:\/\/vieassociative.be\/actualites\/#\/schema\/logo\/image\/\",\"url\":\"https:\/\/vieassociative.be\/actualites\/wp-content\/uploads\/2024\/09\/cropped-vieassociative_favicon.ico.png\",\"contentUrl\":\"https:\/\/vieassociative.be\/actualites\/wp-content\/uploads\/2024\/09\/cropped-vieassociative_favicon.ico.png\",\"width\":512,\"height\":512,\"caption\":\"Vie Associative\"},\"image\":{\"@id\":\"https:\/\/vieassociative.be\/actualites\/#\/schema\/logo\/image\/\"}},{\"@type\":\"Person\",\"@id\":\"https:\/\/vieassociative.be\/actualites\/#\/schema\/person\/b87ac4f82f9d4e7b7cec7395b679edc4\",\"name\":\"Julien\",\"image\":{\"@type\":\"ImageObject\",\"inLanguage\":\"fr-BE\",\"@id\":\"https:\/\/vieassociative.be\/actualites\/#\/schema\/person\/image\/\",\"url\":\"https:\/\/vieassociative.be\/actualites\/wp-content\/uploads\/2024\/09\/vie-associative-1-150x150.jpg\",\"contentUrl\":\"https:\/\/vieassociative.be\/actualites\/wp-content\/uploads\/2024\/09\/vie-associative-1-150x150.jpg\",\"caption\":\"Julien\"},\"description\":\"Je suis Julien, r\u00e9dacteur pour Vie Associative. Passionn\u00e9 par le monde associatif depuis plus de 10 ans, j'ai \u00e0 c\u0153ur de partager des histoires inspirantes et de mettre en lumi\u00e8re les initiatives locales. Mon objectif est de sensibiliser et d'encourager l'engagement communautaire \u00e0 travers mes articles.\",\"sameAs\":[\"https:\/\/vieassociative.be\/\"]}]}<\/script>\n<!-- \/ Yoast SEO plugin. -->","yoast_head_json":{"title":"\u00abMariner\u00bb un coke de r\u00e9gime dans le r\u00e9frig\u00e9rateur n'est pas une chose | Vie Associative","robots":{"index":"index","follow":"follow","max-snippet":"max-snippet:-1","max-image-preview":"max-image-preview:large","max-video-preview":"max-video-preview:-1"},"canonical":"https:\/\/vieassociative.be\/actualites\/mariner-un-coke-de-regime-dans-le-refrigerateur-nest-pas-une-chose\/","og_locale":"fr_FR","og_type":"article","og_title":"\u00abMariner\u00bb un coke de r\u00e9gime dans le r\u00e9frig\u00e9rateur n'est pas une chose | Vie Associative","og_description":"Il y a un moyen de devenir encore plus froid, mais \u00ab\u00a0mariner\u00a0\u00bb n&rsquo;est pas \u00e7a. Le dernier \u00abpiratage\u00bb Tiktok qui m&rsquo;a fait remettre en question","og_url":"https:\/\/vieassociative.be\/actualites\/mariner-un-coke-de-regime-dans-le-refrigerateur-nest-pas-une-chose\/","og_site_name":"Vie Associative","article_published_time":"2025-04-19T10:19:17+00:00","og_image":[{"width":279,"height":92,"url":"https:\/\/vieassociative.be\/actualites\/wp-content\/uploads\/2024\/09\/header_backgroundk-01-e1726694325946.png","type":"image\/png"}],"author":"Julien","twitter_card":"summary_large_image","twitter_misc":{"\u00c9crit par":"Julien","Dur\u00e9e de lecture est.":"5 minutes"},"schema":{"@context":"https:\/\/schema.org","@graph":[{"@type":"Article","@id":"https:\/\/vieassociative.be\/actualites\/mariner-un-coke-de-regime-dans-le-refrigerateur-nest-pas-une-chose\/#article","isPartOf":{"@id":"https:\/\/vieassociative.be\/actualites\/mariner-un-coke-de-regime-dans-le-refrigerateur-nest-pas-une-chose\/"},"author":{"name":"Julien","@id":"https:\/\/vieassociative.be\/actualites\/#\/schema\/person\/b87ac4f82f9d4e7b7cec7395b679edc4"},"headline":"\u00abMariner\u00bb un coke de r\u00e9gime dans le r\u00e9frig\u00e9rateur n&rsquo;est pas une chose","datePublished":"2025-04-19T10:19:17+00:00","dateModified":"2025-04-19T10:19:17+00:00","mainEntityOfPage":{"@id":"https:\/\/vieassociative.be\/actualites\/mariner-un-coke-de-regime-dans-le-refrigerateur-nest-pas-une-chose\/"},"wordCount":1088,"publisher":{"@id":"https:\/\/vieassociative.be\/actualites\/#organization"},"image":{"@id":"https:\/\/vieassociative.be\/actualites\/mariner-un-coke-de-regime-dans-le-refrigerateur-nest-pas-une-chose\/#primaryimage"},"thumbnailUrl":"https:\/\/vieassociative.be\/actualites\/wp-content\/uploads\/2025\/04\/Mariner-un-coke-de-regime-dans-le-refrigerateur-nest-pas.jpg","keywords":["chose","coke","dans","Mariner","nest","pas","r\u00e9frig\u00e9rateur","r\u00e9gime","une"],"inLanguage":"fr-BE"},{"@type":"WebPage","@id":"https:\/\/vieassociative.be\/actualites\/mariner-un-coke-de-regime-dans-le-refrigerateur-nest-pas-une-chose\/","url":"https:\/\/vieassociative.be\/actualites\/mariner-un-coke-de-regime-dans-le-refrigerateur-nest-pas-une-chose\/","name":"\u00abMariner\u00bb un coke de r\u00e9gime dans le r\u00e9frig\u00e9rateur n'est pas une chose | Vie Associative","isPartOf":{"@id":"https:\/\/vieassociative.be\/actualites\/#website"},"primaryImageOfPage":{"@id":"https:\/\/vieassociative.be\/actualites\/mariner-un-coke-de-regime-dans-le-refrigerateur-nest-pas-une-chose\/#primaryimage"},"image":{"@id":"https:\/\/vieassociative.be\/actualites\/mariner-un-coke-de-regime-dans-le-refrigerateur-nest-pas-une-chose\/#primaryimage"},"thumbnailUrl":"https:\/\/vieassociative.be\/actualites\/wp-content\/uploads\/2025\/04\/Mariner-un-coke-de-regime-dans-le-refrigerateur-nest-pas.jpg","datePublished":"2025-04-19T10:19:17+00:00","dateModified":"2025-04-19T10:19:17+00:00","breadcrumb":{"@id":"https:\/\/vieassociative.be\/actualites\/mariner-un-coke-de-regime-dans-le-refrigerateur-nest-pas-une-chose\/#breadcrumb"},"inLanguage":"fr-BE","potentialAction":[{"@type":"ReadAction","target":["https:\/\/vieassociative.be\/actualites\/mariner-un-coke-de-regime-dans-le-refrigerateur-nest-pas-une-chose\/"]}]},{"@type":"ImageObject","inLanguage":"fr-BE","@id":"https:\/\/vieassociative.be\/actualites\/mariner-un-coke-de-regime-dans-le-refrigerateur-nest-pas-une-chose\/#primaryimage","url":"https:\/\/vieassociative.be\/actualites\/wp-content\/uploads\/2025\/04\/Mariner-un-coke-de-regime-dans-le-refrigerateur-nest-pas.jpg","contentUrl":"https:\/\/vieassociative.be\/actualites\/wp-content\/uploads\/2025\/04\/Mariner-un-coke-de-regime-dans-le-refrigerateur-nest-pas.jpg","width":1200,"height":675,"caption":"\u00abMariner\u00bb un coke de r\u00e9gime dans le r\u00e9frig\u00e9rateur n'est pas une chose"},{"@type":"BreadcrumbList","@id":"https:\/\/vieassociative.be\/actualites\/mariner-un-coke-de-regime-dans-le-refrigerateur-nest-pas-une-chose\/#breadcrumb","itemListElement":[{"@type":"ListItem","position":1,"name":"Accueil","item":"https:\/\/vieassociative.be\/actualites\/"},{"@type":"ListItem","position":2,"name":"\u00abMariner\u00bb un coke de r\u00e9gime dans le r\u00e9frig\u00e9rateur n&rsquo;est pas une chose"}]},{"@type":"WebSite","@id":"https:\/\/vieassociative.be\/actualites\/#website","url":"https:\/\/vieassociative.be\/actualites\/","name":"Vie Associative","description":"","publisher":{"@id":"https:\/\/vieassociative.be\/actualites\/#organization"},"potentialAction":[{"@type":"SearchAction","target":{"@type":"EntryPoint","urlTemplate":"https:\/\/vieassociative.be\/actualites\/?s={search_term_string}"},"query-input":{"@type":"PropertyValueSpecification","valueRequired":true,"valueName":"search_term_string"}}],"inLanguage":"fr-BE"},{"@type":"Organization","@id":"https:\/\/vieassociative.be\/actualites\/#organization","name":"Vie Associative","url":"https:\/\/vieassociative.be\/actualites\/","logo":{"@type":"ImageObject","inLanguage":"fr-BE","@id":"https:\/\/vieassociative.be\/actualites\/#\/schema\/logo\/image\/","url":"https:\/\/vieassociative.be\/actualites\/wp-content\/uploads\/2024\/09\/cropped-vieassociative_favicon.ico.png","contentUrl":"https:\/\/vieassociative.be\/actualites\/wp-content\/uploads\/2024\/09\/cropped-vieassociative_favicon.ico.png","width":512,"height":512,"caption":"Vie Associative"},"image":{"@id":"https:\/\/vieassociative.be\/actualites\/#\/schema\/logo\/image\/"}},{"@type":"Person","@id":"https:\/\/vieassociative.be\/actualites\/#\/schema\/person\/b87ac4f82f9d4e7b7cec7395b679edc4","name":"Julien","image":{"@type":"ImageObject","inLanguage":"fr-BE","@id":"https:\/\/vieassociative.be\/actualites\/#\/schema\/person\/image\/","url":"https:\/\/vieassociative.be\/actualites\/wp-content\/uploads\/2024\/09\/vie-associative-1-150x150.jpg","contentUrl":"https:\/\/vieassociative.be\/actualites\/wp-content\/uploads\/2024\/09\/vie-associative-1-150x150.jpg","caption":"Julien"},"description":"Je suis Julien, r\u00e9dacteur pour Vie Associative. Passionn\u00e9 par le monde associatif depuis plus de 10 ans, j'ai \u00e0 c\u0153ur de partager des histoires inspirantes et de mettre en lumi\u00e8re les initiatives locales. Mon objectif est de sensibiliser et d'encourager l'engagement communautaire \u00e0 travers mes articles.","sameAs":["https:\/\/vieassociative.be\/"]}]}},"_links":{"self":[{"href":"https:\/\/vieassociative.be\/actualites\/wp-json\/wp\/v2\/posts\/6852"}],"collection":[{"href":"https:\/\/vieassociative.be\/actualites\/wp-json\/wp\/v2\/posts"}],"about":[{"href":"https:\/\/vieassociative.be\/actualites\/wp-json\/wp\/v2\/types\/post"}],"author":[{"embeddable":true,"href":"https:\/\/vieassociative.be\/actualites\/wp-json\/wp\/v2\/users\/1"}],"replies":[{"embeddable":true,"href":"https:\/\/vieassociative.be\/actualites\/wp-json\/wp\/v2\/comments?post=6852"}],"version-history":[{"count":0,"href":"https:\/\/vieassociative.be\/actualites\/wp-json\/wp\/v2\/posts\/6852\/revisions"}],"wp:featuredmedia":[{"embeddable":true,"href":"https:\/\/vieassociative.be\/actualites\/wp-json\/wp\/v2\/media\/6853"}],"wp:attachment":[{"href":"https:\/\/vieassociative.be\/actualites\/wp-json\/wp\/v2\/media?parent=6852"}],"wp:term":[{"taxonomy":"category","embeddable":true,"href":"https:\/\/vieassociative.be\/actualites\/wp-json\/wp\/v2\/categories?post=6852"},{"taxonomy":"post_tag","embeddable":true,"href":"https:\/\/vieassociative.be\/actualites\/wp-json\/wp\/v2\/tags?post=6852"}],"curies":[{"name":"wp","href":"https:\/\/api.w.org\/{rel}","templated":true}]}}