{"id":6846,"date":"2025-04-19T04:19:07","date_gmt":"2025-04-19T02:19:07","guid":{"rendered":"https:\/\/vieassociative.be\/actualites\/impressionnant-retour-de-remco-evenepoel-lors-de-sa-premiere-course-de-saison-il-remporte-le-duel-de-sprint-avec-wout-van-aert\/"},"modified":"2025-04-19T04:19:07","modified_gmt":"2025-04-19T02:19:07","slug":"impressionnant-retour-de-remco-evenepoel-lors-de-sa-premiere-course-de-saison-il-remporte-le-duel-de-sprint-avec-wout-van-aert","status":"publish","type":"post","link":"https:\/\/vieassociative.be\/actualites\/impressionnant-retour-de-remco-evenepoel-lors-de-sa-premiere-course-de-saison-il-remporte-le-duel-de-sprint-avec-wout-van-aert\/","title":{"rendered":"Impressionnant retour de Remco Evenepoel: Lors de sa premi\u00e8re course de saison, il remporte le duel de sprint avec Wout van Aert"},"content":{"rendered":"<p><strong>Premi\u00e8re victoire dans la premi\u00e8re course apr\u00e8s une longue pause sur les blessures: apr\u00e8s un grand duel avec Wout Van Aert, Remco Ovenepoel a remport\u00e9 la fl\u00e8che demi-classique de Brabant.<\/strong><\/p>\n<p><span id=\"more-413658\"><\/span>Le champion olympique de deux temps a fait son retour apr\u00e8s avoir conduit contre un bus postal en d\u00e9cembre 2024 et gravement bless\u00e9. Van Aert a d\u00fb abandonner \u00e0 nouveau dans le sprint. Antonio Morgado de Grande-Bretagne a pris la troisi\u00e8me place.<\/p>\n<p>Apr\u00e8s quatre classiques en neuf jours avec le Climax Li\u00e8ge-Bastogne-Li\u00e8ge, Remco Evenepoel a finalement commenc\u00e9 la saison 2025 vendredi.<\/p>\n<p>En plus de lui, Wout Van Aert a d\u00e9clar\u00e9 avec l&rsquo;intention ferme de sauver son printemps. Il a ouvert la course avec une forte attaque de 50 km avant l&rsquo;arriv\u00e9e, suivie de Nelson Powless et de son co\u00e9quipier Tiesj Benoot. <\/p>\n<\/p>\n<div id=\"attachment_381886\" class=\"wp-caption alignleft\" style=\"max-width: 300px\"><img fetchpriority=\"high\" decoding=\"async\" class=\"wp-image-381886 size-medium\" src=\"https:\/\/vieassociative.be\/actualites\/wp-content\/uploads\/2025\/04\/Impressionnant-retour-de-Remco-Evenepoel-Lors-de-sa-premiere-course.jpg\" alt=\"\" width=\"300\" height=\"200\"><\/p>\n<p class=\"wp-caption-text\">Wout van Aert de Belgique de l&rsquo;\u00e9quipe Visma-Laissez un v\u00e9lo. Photo: David Pintens \/ Belga \/ DPA<\/p>\n<\/div>\n<p>Onepoel a commenc\u00e9 une deuxi\u00e8me attaque deux kilom\u00e8tres plus tard et a form\u00e9 un trio de leadership avec Van Aert et Joseph Blackmore (Isra\u00ebl &#8211; Premier Tech).<\/p>\n<p>Ce n&rsquo;est qu&rsquo;au dernier tour et la derni\u00e8re mont\u00e9e du Hertsstraat que les deux Belges ont pu secouer les Britanniques. M\u00eame Onepoel et Van Aert ont combattu un grand duel \u00e0 la destination de Overijse, qui a finalement remport\u00e9 Remco MEINEPOEL. <\/p>\n<p>Apr\u00e8s la quatri\u00e8me place sur la Tour Flandre et Paris-Roubaix, o\u00f9 il \u00e9tait inf\u00e9rieur dans le combat pour la troisi\u00e8me place, Van Aert a d\u00fb abandonner \u00e0 nouveau, cette fois dans le sprint pour la victoire.<\/p>\n<p>La fl\u00e8che de Brabant forme la transition des classiques flamands \u00e0 la semaine des classiques d&rsquo;Ardennes, qui commence dimanche avec la course Amstel Gold. La Floche Wallonne suit mercredi avant que le quatri\u00e8me des cinq monuments ne soit abord\u00e9 avec Li\u00e8ge-Bastogne-Li\u00e8ge dimanche apr\u00e8s. <\/p>\n<p>Les cinq monuments sont Milan Remo, la Tour Flandre, Paris-Roubaix, Li\u00e8ge-Bastogne-Li\u00e8ge et la Lombardy Tour. Vous attendez d\u00e9j\u00e0 avec impatience le duel pr\u00e9vu du champion olympique \u00e0 deux temps Pisepoel avec le champion du monde en titre Tadej Pogacar de Slov\u00e9nie. (Cre)<\/p>\n","protected":false},"excerpt":{"rendered":"<p>Premi\u00e8re victoire dans la premi\u00e8re course apr\u00e8s une longue pause sur les blessures: apr\u00e8s un grand duel avec Wout Van Aert, Remco Ovenepoel a remport\u00e9<\/p>\n","protected":false},"author":1,"featured_media":6847,"comment_status":"","ping_status":"","sticky":false,"template":"","format":"standard","meta":{"footnotes":""},"categories":[298],"tags":[6144,61,4821,3737,923,353,610,6493,2809,787,690,6145,4100,6143],"class_list":["post-6846","post","type-post","status-publish","format-standard","has-post-thumbnail","hentry","category-belgique","tag-aert","tag-avec","tag-duel","tag-evenepoel","tag-impressionnant","tag-lors","tag-premiere","tag-remco","tag-remporte","tag-retour","tag-saison","tag-sprint","tag-van","tag-wout","generate-columns","tablet-grid-50","mobile-grid-100","grid-parent","grid-33"],"yoast_head":"<!-- This site is optimized with the Yoast SEO plugin v24.0 - https:\/\/yoast.com\/wordpress\/plugins\/seo\/ -->\n<title>Impressionnant retour de Remco Evenepoel: Lors de sa premi\u00e8re course de saison, il remporte le duel de sprint avec Wout van Aert | Vie Associative<\/title>\n<meta name=\"robots\" content=\"index, follow, max-snippet:-1, max-image-preview:large, max-video-preview:-1\" \/>\n<link rel=\"canonical\" href=\"https:\/\/vieassociative.be\/actualites\/impressionnant-retour-de-remco-evenepoel-lors-de-sa-premiere-course-de-saison-il-remporte-le-duel-de-sprint-avec-wout-van-aert\/\" \/>\n<meta property=\"og:locale\" content=\"fr_FR\" \/>\n<meta property=\"og:type\" content=\"article\" \/>\n<meta property=\"og:title\" content=\"Impressionnant retour de Remco Evenepoel: Lors de sa premi\u00e8re course de saison, il remporte le duel de sprint avec Wout van Aert | Vie Associative\" \/>\n<meta property=\"og:description\" content=\"Premi\u00e8re victoire dans la premi\u00e8re course apr\u00e8s une longue pause sur les blessures: apr\u00e8s un grand duel avec Wout Van Aert, Remco Ovenepoel a remport\u00e9\" \/>\n<meta property=\"og:url\" content=\"https:\/\/vieassociative.be\/actualites\/impressionnant-retour-de-remco-evenepoel-lors-de-sa-premiere-course-de-saison-il-remporte-le-duel-de-sprint-avec-wout-van-aert\/\" \/>\n<meta property=\"og:site_name\" content=\"Vie Associative\" \/>\n<meta property=\"article:published_time\" content=\"2025-04-19T02:19:07+00:00\" \/>\n<meta property=\"og:image\" content=\"https:\/\/vieassociative.be\/actualites\/wp-content\/uploads\/2024\/09\/header_backgroundk-01-e1726694325946.png\" \/>\n\t<meta property=\"og:image:width\" content=\"279\" \/>\n\t<meta property=\"og:image:height\" content=\"92\" \/>\n\t<meta property=\"og:image:type\" content=\"image\/png\" \/>\n<meta name=\"author\" content=\"Julien\" \/>\n<meta name=\"twitter:card\" content=\"summary_large_image\" \/>\n<meta name=\"twitter:label1\" content=\"\u00c9crit par\" \/>\n\t<meta name=\"twitter:data1\" content=\"Julien\" \/>\n\t<meta name=\"twitter:label2\" content=\"Dur\u00e9e de lecture est.\" \/>\n\t<meta name=\"twitter:data2\" content=\"2 minutes\" \/>\n<script type=\"application\/ld+json\" class=\"yoast-schema-graph\">{\"@context\":\"https:\/\/schema.org\",\"@graph\":[{\"@type\":\"Article\",\"@id\":\"https:\/\/vieassociative.be\/actualites\/impressionnant-retour-de-remco-evenepoel-lors-de-sa-premiere-course-de-saison-il-remporte-le-duel-de-sprint-avec-wout-van-aert\/#article\",\"isPartOf\":{\"@id\":\"https:\/\/vieassociative.be\/actualites\/impressionnant-retour-de-remco-evenepoel-lors-de-sa-premiere-course-de-saison-il-remporte-le-duel-de-sprint-avec-wout-van-aert\/\"},\"author\":{\"name\":\"Julien\",\"@id\":\"https:\/\/vieassociative.be\/actualites\/#\/schema\/person\/b87ac4f82f9d4e7b7cec7395b679edc4\"},\"headline\":\"Impressionnant retour de Remco Evenepoel: Lors de sa premi\u00e8re course de saison, il remporte le duel de sprint avec Wout van Aert\",\"datePublished\":\"2025-04-19T02:19:07+00:00\",\"dateModified\":\"2025-04-19T02:19:07+00:00\",\"mainEntityOfPage\":{\"@id\":\"https:\/\/vieassociative.be\/actualites\/impressionnant-retour-de-remco-evenepoel-lors-de-sa-premiere-course-de-saison-il-remporte-le-duel-de-sprint-avec-wout-van-aert\/\"},\"wordCount\":391,\"publisher\":{\"@id\":\"https:\/\/vieassociative.be\/actualites\/#organization\"},\"image\":{\"@id\":\"https:\/\/vieassociative.be\/actualites\/impressionnant-retour-de-remco-evenepoel-lors-de-sa-premiere-course-de-saison-il-remporte-le-duel-de-sprint-avec-wout-van-aert\/#primaryimage\"},\"thumbnailUrl\":\"https:\/\/vieassociative.be\/actualites\/wp-content\/uploads\/2025\/04\/1745029147_Impressionnant-retour-de-Remco-Evenepoel-Lors-de-sa-premiere-course.jpg\",\"keywords\":[\"aert\",\"avec\",\"duel\",\"Evenepoel\",\"impressionnant\",\"lors\",\"premi\u00e8re\",\"Remco\",\"remport\u00e9\",\"retour\",\"Saison\",\"sprint\",\"Van\",\"wout\"],\"articleSection\":[\"Belgique\"],\"inLanguage\":\"fr-BE\"},{\"@type\":\"WebPage\",\"@id\":\"https:\/\/vieassociative.be\/actualites\/impressionnant-retour-de-remco-evenepoel-lors-de-sa-premiere-course-de-saison-il-remporte-le-duel-de-sprint-avec-wout-van-aert\/\",\"url\":\"https:\/\/vieassociative.be\/actualites\/impressionnant-retour-de-remco-evenepoel-lors-de-sa-premiere-course-de-saison-il-remporte-le-duel-de-sprint-avec-wout-van-aert\/\",\"name\":\"Impressionnant retour de Remco Evenepoel: Lors de sa premi\u00e8re course de saison, il remporte le duel de sprint avec Wout van Aert | Vie Associative\",\"isPartOf\":{\"@id\":\"https:\/\/vieassociative.be\/actualites\/#website\"},\"primaryImageOfPage\":{\"@id\":\"https:\/\/vieassociative.be\/actualites\/impressionnant-retour-de-remco-evenepoel-lors-de-sa-premiere-course-de-saison-il-remporte-le-duel-de-sprint-avec-wout-van-aert\/#primaryimage\"},\"image\":{\"@id\":\"https:\/\/vieassociative.be\/actualites\/impressionnant-retour-de-remco-evenepoel-lors-de-sa-premiere-course-de-saison-il-remporte-le-duel-de-sprint-avec-wout-van-aert\/#primaryimage\"},\"thumbnailUrl\":\"https:\/\/vieassociative.be\/actualites\/wp-content\/uploads\/2025\/04\/1745029147_Impressionnant-retour-de-Remco-Evenepoel-Lors-de-sa-premiere-course.jpg\",\"datePublished\":\"2025-04-19T02:19:07+00:00\",\"dateModified\":\"2025-04-19T02:19:07+00:00\",\"breadcrumb\":{\"@id\":\"https:\/\/vieassociative.be\/actualites\/impressionnant-retour-de-remco-evenepoel-lors-de-sa-premiere-course-de-saison-il-remporte-le-duel-de-sprint-avec-wout-van-aert\/#breadcrumb\"},\"inLanguage\":\"fr-BE\",\"potentialAction\":[{\"@type\":\"ReadAction\",\"target\":[\"https:\/\/vieassociative.be\/actualites\/impressionnant-retour-de-remco-evenepoel-lors-de-sa-premiere-course-de-saison-il-remporte-le-duel-de-sprint-avec-wout-van-aert\/\"]}]},{\"@type\":\"ImageObject\",\"inLanguage\":\"fr-BE\",\"@id\":\"https:\/\/vieassociative.be\/actualites\/impressionnant-retour-de-remco-evenepoel-lors-de-sa-premiere-course-de-saison-il-remporte-le-duel-de-sprint-avec-wout-van-aert\/#primaryimage\",\"url\":\"https:\/\/vieassociative.be\/actualites\/wp-content\/uploads\/2025\/04\/1745029147_Impressionnant-retour-de-Remco-Evenepoel-Lors-de-sa-premiere-course.jpg\",\"contentUrl\":\"https:\/\/vieassociative.be\/actualites\/wp-content\/uploads\/2025\/04\/1745029147_Impressionnant-retour-de-Remco-Evenepoel-Lors-de-sa-premiere-course.jpg\",\"width\":1200,\"height\":802,\"caption\":\"Impressionnant retour de Remco Evenepoel: Lors de sa premi\u00e8re course de saison, il remporte le duel de sprint avec Wout van Aert\"},{\"@type\":\"BreadcrumbList\",\"@id\":\"https:\/\/vieassociative.be\/actualites\/impressionnant-retour-de-remco-evenepoel-lors-de-sa-premiere-course-de-saison-il-remporte-le-duel-de-sprint-avec-wout-van-aert\/#breadcrumb\",\"itemListElement\":[{\"@type\":\"ListItem\",\"position\":1,\"name\":\"Accueil\",\"item\":\"https:\/\/vieassociative.be\/actualites\/\"},{\"@type\":\"ListItem\",\"position\":2,\"name\":\"Impressionnant retour de Remco Evenepoel: Lors de sa premi\u00e8re course de saison, il remporte le duel de sprint avec Wout van Aert\"}]},{\"@type\":\"WebSite\",\"@id\":\"https:\/\/vieassociative.be\/actualites\/#website\",\"url\":\"https:\/\/vieassociative.be\/actualites\/\",\"name\":\"Vie Associative\",\"description\":\"\",\"publisher\":{\"@id\":\"https:\/\/vieassociative.be\/actualites\/#organization\"},\"potentialAction\":[{\"@type\":\"SearchAction\",\"target\":{\"@type\":\"EntryPoint\",\"urlTemplate\":\"https:\/\/vieassociative.be\/actualites\/?s={search_term_string}\"},\"query-input\":{\"@type\":\"PropertyValueSpecification\",\"valueRequired\":true,\"valueName\":\"search_term_string\"}}],\"inLanguage\":\"fr-BE\"},{\"@type\":\"Organization\",\"@id\":\"https:\/\/vieassociative.be\/actualites\/#organization\",\"name\":\"Vie Associative\",\"url\":\"https:\/\/vieassociative.be\/actualites\/\",\"logo\":{\"@type\":\"ImageObject\",\"inLanguage\":\"fr-BE\",\"@id\":\"https:\/\/vieassociative.be\/actualites\/#\/schema\/logo\/image\/\",\"url\":\"https:\/\/vieassociative.be\/actualites\/wp-content\/uploads\/2024\/09\/cropped-vieassociative_favicon.ico.png\",\"contentUrl\":\"https:\/\/vieassociative.be\/actualites\/wp-content\/uploads\/2024\/09\/cropped-vieassociative_favicon.ico.png\",\"width\":512,\"height\":512,\"caption\":\"Vie Associative\"},\"image\":{\"@id\":\"https:\/\/vieassociative.be\/actualites\/#\/schema\/logo\/image\/\"}},{\"@type\":\"Person\",\"@id\":\"https:\/\/vieassociative.be\/actualites\/#\/schema\/person\/b87ac4f82f9d4e7b7cec7395b679edc4\",\"name\":\"Julien\",\"image\":{\"@type\":\"ImageObject\",\"inLanguage\":\"fr-BE\",\"@id\":\"https:\/\/vieassociative.be\/actualites\/#\/schema\/person\/image\/\",\"url\":\"https:\/\/vieassociative.be\/actualites\/wp-content\/uploads\/2024\/09\/vie-associative-1-150x150.jpg\",\"contentUrl\":\"https:\/\/vieassociative.be\/actualites\/wp-content\/uploads\/2024\/09\/vie-associative-1-150x150.jpg\",\"caption\":\"Julien\"},\"description\":\"Je suis Julien, r\u00e9dacteur pour Vie Associative. Passionn\u00e9 par le monde associatif depuis plus de 10 ans, j'ai \u00e0 c\u0153ur de partager des histoires inspirantes et de mettre en lumi\u00e8re les initiatives locales. Mon objectif est de sensibiliser et d'encourager l'engagement communautaire \u00e0 travers mes articles.\",\"sameAs\":[\"https:\/\/vieassociative.be\/\"]}]}<\/script>\n<!-- \/ Yoast SEO plugin. -->","yoast_head_json":{"title":"Impressionnant retour de Remco Evenepoel: Lors de sa premi\u00e8re course de saison, il remporte le duel de sprint avec Wout van Aert | Vie Associative","robots":{"index":"index","follow":"follow","max-snippet":"max-snippet:-1","max-image-preview":"max-image-preview:large","max-video-preview":"max-video-preview:-1"},"canonical":"https:\/\/vieassociative.be\/actualites\/impressionnant-retour-de-remco-evenepoel-lors-de-sa-premiere-course-de-saison-il-remporte-le-duel-de-sprint-avec-wout-van-aert\/","og_locale":"fr_FR","og_type":"article","og_title":"Impressionnant retour de Remco Evenepoel: Lors de sa premi\u00e8re course de saison, il remporte le duel de sprint avec Wout van Aert | Vie Associative","og_description":"Premi\u00e8re victoire dans la premi\u00e8re course apr\u00e8s une longue pause sur les blessures: apr\u00e8s un grand duel avec Wout Van Aert, Remco Ovenepoel a remport\u00e9","og_url":"https:\/\/vieassociative.be\/actualites\/impressionnant-retour-de-remco-evenepoel-lors-de-sa-premiere-course-de-saison-il-remporte-le-duel-de-sprint-avec-wout-van-aert\/","og_site_name":"Vie Associative","article_published_time":"2025-04-19T02:19:07+00:00","og_image":[{"width":279,"height":92,"url":"https:\/\/vieassociative.be\/actualites\/wp-content\/uploads\/2024\/09\/header_backgroundk-01-e1726694325946.png","type":"image\/png"}],"author":"Julien","twitter_card":"summary_large_image","twitter_misc":{"\u00c9crit par":"Julien","Dur\u00e9e de lecture est.":"2 minutes"},"schema":{"@context":"https:\/\/schema.org","@graph":[{"@type":"Article","@id":"https:\/\/vieassociative.be\/actualites\/impressionnant-retour-de-remco-evenepoel-lors-de-sa-premiere-course-de-saison-il-remporte-le-duel-de-sprint-avec-wout-van-aert\/#article","isPartOf":{"@id":"https:\/\/vieassociative.be\/actualites\/impressionnant-retour-de-remco-evenepoel-lors-de-sa-premiere-course-de-saison-il-remporte-le-duel-de-sprint-avec-wout-van-aert\/"},"author":{"name":"Julien","@id":"https:\/\/vieassociative.be\/actualites\/#\/schema\/person\/b87ac4f82f9d4e7b7cec7395b679edc4"},"headline":"Impressionnant retour de Remco Evenepoel: Lors de sa premi\u00e8re course de saison, il remporte le duel de sprint avec Wout van Aert","datePublished":"2025-04-19T02:19:07+00:00","dateModified":"2025-04-19T02:19:07+00:00","mainEntityOfPage":{"@id":"https:\/\/vieassociative.be\/actualites\/impressionnant-retour-de-remco-evenepoel-lors-de-sa-premiere-course-de-saison-il-remporte-le-duel-de-sprint-avec-wout-van-aert\/"},"wordCount":391,"publisher":{"@id":"https:\/\/vieassociative.be\/actualites\/#organization"},"image":{"@id":"https:\/\/vieassociative.be\/actualites\/impressionnant-retour-de-remco-evenepoel-lors-de-sa-premiere-course-de-saison-il-remporte-le-duel-de-sprint-avec-wout-van-aert\/#primaryimage"},"thumbnailUrl":"https:\/\/vieassociative.be\/actualites\/wp-content\/uploads\/2025\/04\/1745029147_Impressionnant-retour-de-Remco-Evenepoel-Lors-de-sa-premiere-course.jpg","keywords":["aert","avec","duel","Evenepoel","impressionnant","lors","premi\u00e8re","Remco","remport\u00e9","retour","Saison","sprint","Van","wout"],"articleSection":["Belgique"],"inLanguage":"fr-BE"},{"@type":"WebPage","@id":"https:\/\/vieassociative.be\/actualites\/impressionnant-retour-de-remco-evenepoel-lors-de-sa-premiere-course-de-saison-il-remporte-le-duel-de-sprint-avec-wout-van-aert\/","url":"https:\/\/vieassociative.be\/actualites\/impressionnant-retour-de-remco-evenepoel-lors-de-sa-premiere-course-de-saison-il-remporte-le-duel-de-sprint-avec-wout-van-aert\/","name":"Impressionnant retour de Remco Evenepoel: Lors de sa premi\u00e8re course de saison, il remporte le duel de sprint avec Wout van Aert | Vie Associative","isPartOf":{"@id":"https:\/\/vieassociative.be\/actualites\/#website"},"primaryImageOfPage":{"@id":"https:\/\/vieassociative.be\/actualites\/impressionnant-retour-de-remco-evenepoel-lors-de-sa-premiere-course-de-saison-il-remporte-le-duel-de-sprint-avec-wout-van-aert\/#primaryimage"},"image":{"@id":"https:\/\/vieassociative.be\/actualites\/impressionnant-retour-de-remco-evenepoel-lors-de-sa-premiere-course-de-saison-il-remporte-le-duel-de-sprint-avec-wout-van-aert\/#primaryimage"},"thumbnailUrl":"https:\/\/vieassociative.be\/actualites\/wp-content\/uploads\/2025\/04\/1745029147_Impressionnant-retour-de-Remco-Evenepoel-Lors-de-sa-premiere-course.jpg","datePublished":"2025-04-19T02:19:07+00:00","dateModified":"2025-04-19T02:19:07+00:00","breadcrumb":{"@id":"https:\/\/vieassociative.be\/actualites\/impressionnant-retour-de-remco-evenepoel-lors-de-sa-premiere-course-de-saison-il-remporte-le-duel-de-sprint-avec-wout-van-aert\/#breadcrumb"},"inLanguage":"fr-BE","potentialAction":[{"@type":"ReadAction","target":["https:\/\/vieassociative.be\/actualites\/impressionnant-retour-de-remco-evenepoel-lors-de-sa-premiere-course-de-saison-il-remporte-le-duel-de-sprint-avec-wout-van-aert\/"]}]},{"@type":"ImageObject","inLanguage":"fr-BE","@id":"https:\/\/vieassociative.be\/actualites\/impressionnant-retour-de-remco-evenepoel-lors-de-sa-premiere-course-de-saison-il-remporte-le-duel-de-sprint-avec-wout-van-aert\/#primaryimage","url":"https:\/\/vieassociative.be\/actualites\/wp-content\/uploads\/2025\/04\/1745029147_Impressionnant-retour-de-Remco-Evenepoel-Lors-de-sa-premiere-course.jpg","contentUrl":"https:\/\/vieassociative.be\/actualites\/wp-content\/uploads\/2025\/04\/1745029147_Impressionnant-retour-de-Remco-Evenepoel-Lors-de-sa-premiere-course.jpg","width":1200,"height":802,"caption":"Impressionnant retour de Remco Evenepoel: Lors de sa premi\u00e8re course de saison, il remporte le duel de sprint avec Wout van Aert"},{"@type":"BreadcrumbList","@id":"https:\/\/vieassociative.be\/actualites\/impressionnant-retour-de-remco-evenepoel-lors-de-sa-premiere-course-de-saison-il-remporte-le-duel-de-sprint-avec-wout-van-aert\/#breadcrumb","itemListElement":[{"@type":"ListItem","position":1,"name":"Accueil","item":"https:\/\/vieassociative.be\/actualites\/"},{"@type":"ListItem","position":2,"name":"Impressionnant retour de Remco Evenepoel: Lors de sa premi\u00e8re course de saison, il remporte le duel de sprint avec Wout van Aert"}]},{"@type":"WebSite","@id":"https:\/\/vieassociative.be\/actualites\/#website","url":"https:\/\/vieassociative.be\/actualites\/","name":"Vie Associative","description":"","publisher":{"@id":"https:\/\/vieassociative.be\/actualites\/#organization"},"potentialAction":[{"@type":"SearchAction","target":{"@type":"EntryPoint","urlTemplate":"https:\/\/vieassociative.be\/actualites\/?s={search_term_string}"},"query-input":{"@type":"PropertyValueSpecification","valueRequired":true,"valueName":"search_term_string"}}],"inLanguage":"fr-BE"},{"@type":"Organization","@id":"https:\/\/vieassociative.be\/actualites\/#organization","name":"Vie Associative","url":"https:\/\/vieassociative.be\/actualites\/","logo":{"@type":"ImageObject","inLanguage":"fr-BE","@id":"https:\/\/vieassociative.be\/actualites\/#\/schema\/logo\/image\/","url":"https:\/\/vieassociative.be\/actualites\/wp-content\/uploads\/2024\/09\/cropped-vieassociative_favicon.ico.png","contentUrl":"https:\/\/vieassociative.be\/actualites\/wp-content\/uploads\/2024\/09\/cropped-vieassociative_favicon.ico.png","width":512,"height":512,"caption":"Vie Associative"},"image":{"@id":"https:\/\/vieassociative.be\/actualites\/#\/schema\/logo\/image\/"}},{"@type":"Person","@id":"https:\/\/vieassociative.be\/actualites\/#\/schema\/person\/b87ac4f82f9d4e7b7cec7395b679edc4","name":"Julien","image":{"@type":"ImageObject","inLanguage":"fr-BE","@id":"https:\/\/vieassociative.be\/actualites\/#\/schema\/person\/image\/","url":"https:\/\/vieassociative.be\/actualites\/wp-content\/uploads\/2024\/09\/vie-associative-1-150x150.jpg","contentUrl":"https:\/\/vieassociative.be\/actualites\/wp-content\/uploads\/2024\/09\/vie-associative-1-150x150.jpg","caption":"Julien"},"description":"Je suis Julien, r\u00e9dacteur pour Vie Associative. Passionn\u00e9 par le monde associatif depuis plus de 10 ans, j'ai \u00e0 c\u0153ur de partager des histoires inspirantes et de mettre en lumi\u00e8re les initiatives locales. Mon objectif est de sensibiliser et d'encourager l'engagement communautaire \u00e0 travers mes articles.","sameAs":["https:\/\/vieassociative.be\/"]}]}},"_links":{"self":[{"href":"https:\/\/vieassociative.be\/actualites\/wp-json\/wp\/v2\/posts\/6846"}],"collection":[{"href":"https:\/\/vieassociative.be\/actualites\/wp-json\/wp\/v2\/posts"}],"about":[{"href":"https:\/\/vieassociative.be\/actualites\/wp-json\/wp\/v2\/types\/post"}],"author":[{"embeddable":true,"href":"https:\/\/vieassociative.be\/actualites\/wp-json\/wp\/v2\/users\/1"}],"replies":[{"embeddable":true,"href":"https:\/\/vieassociative.be\/actualites\/wp-json\/wp\/v2\/comments?post=6846"}],"version-history":[{"count":0,"href":"https:\/\/vieassociative.be\/actualites\/wp-json\/wp\/v2\/posts\/6846\/revisions"}],"wp:featuredmedia":[{"embeddable":true,"href":"https:\/\/vieassociative.be\/actualites\/wp-json\/wp\/v2\/media\/6847"}],"wp:attachment":[{"href":"https:\/\/vieassociative.be\/actualites\/wp-json\/wp\/v2\/media?parent=6846"}],"wp:term":[{"taxonomy":"category","embeddable":true,"href":"https:\/\/vieassociative.be\/actualites\/wp-json\/wp\/v2\/categories?post=6846"},{"taxonomy":"post_tag","embeddable":true,"href":"https:\/\/vieassociative.be\/actualites\/wp-json\/wp\/v2\/tags?post=6846"}],"curies":[{"name":"wp","href":"https:\/\/api.w.org\/{rel}","templated":true}]}}