{"id":6833,"date":"2025-04-18T18:18:41","date_gmt":"2025-04-18T16:18:41","guid":{"rendered":"https:\/\/vieassociative.be\/actualites\/pourquoi-votre-cuisine-a-besoin-de-son-propre-vide\/"},"modified":"2025-04-18T18:18:41","modified_gmt":"2025-04-18T16:18:41","slug":"pourquoi-votre-cuisine-a-besoin-de-son-propre-vide","status":"publish","type":"post","link":"https:\/\/vieassociative.be\/actualites\/pourquoi-votre-cuisine-a-besoin-de-son-propre-vide\/","title":{"rendered":"Pourquoi votre cuisine a besoin de son propre vide"},"content":{"rendered":"<div class=\"mt-4 leading-6 md:mb-8\">Je d\u00e9teste le nettoyage, mais j&rsquo;aime bannir les grappes de miettes de mon royaume avec un minuscule et un vide puissant.<\/div>\n<p><\/p>\n<p>Je d\u00e9teste le nettoyage, qui pr\u00e9sente une v\u00e9ritable situation pour quelqu&rsquo;un (moi) qui fait un g\u00e2chis dans la cuisine tous les jours. Souvent, mon petit ami nettoie apr\u00e8s moi &#8211; il est gentil et je le nourris, mais le moment est venu o\u00f9 j&rsquo;ai l&rsquo;impression de devoir essayer de faire plus d&rsquo;effort. J&rsquo;ai achet\u00e9 un aspirateur de cuisine et je suis heureux d&rsquo;annoncer que cela nous a rendus tous les deux plus heureux. <\/p>\n<p>Il y a les d\u00e9g\u00e2ts de cuisine \u00e9vidents &#8211; du caf\u00e9 coup\u00e9, des \u00e9claboussures d&rsquo;huile sur le po\u00eale ou des plats sans fin &#8211; et ceux qui ont besoin d&rsquo;un traitement individuel relativement imm\u00e9diat. L&rsquo;autre type de g\u00e2chis de cuisine est plus sinistre, qui se cache, poussant silencieusement jusqu&rsquo;\u00e0 ce que vous ouvrez le tiroir de l&rsquo;argenterie et r\u00e9alisez \u00e0 quel point vous seriez g\u00ean\u00e9 si un ami venait et allait chercher une fourchette. Ce sont des miettes diverses. Cela ne semble pas grave, mais c&rsquo;est exactement le genre d&rsquo;attitude qu&rsquo;ils s&rsquo;attaquent.<\/p>\n<p>\u00abCrumb\u00bb est le mot que j&rsquo;utilise pour des morceaux de mat\u00e9riau sec qui s&rsquo;accumulent dans les tiroirs, les bords de l&rsquo;armoire, les coins du comptoir et dans les rebords \u00e9tranges de votre porte de four. Les \u00abmiettes\u00bb comprennent plus que des morceaux de nourriture s\u00e8che &#8211; c&rsquo;est du duvet, de la poussi\u00e8re, des graines, des poils de bras, des poils pour animaux de compagnie, des grinces de caf\u00e9 et une merde de particules al\u00e9atoires qui est principalement non identifiable. C&rsquo;est ce qui s&rsquo;accumule lentement dans des crevasses les plus \u00e9tranges et les plus ennuyeuses \u00e0 nettoyer. C&rsquo;est l\u00e0 que l&rsquo;aspirateur de la cuisine entre en jeu. <\/p>\n<h2 id=\"what-to-look-for-when-buying-your-kitchen-vac\">Que rechercher lors de l&rsquo;achat de votre cuisine<\/h2>\n<p>Un aspirateur de cuisine n&rsquo;est pas diff\u00e9rent d&rsquo;un aspirateur de voiture en ce qu&rsquo;il est con\u00e7u pour \u00eatre portable, mais ils sont g\u00e9n\u00e9ralement encore plus petits et tr\u00e8s l\u00e9gers. Il n&rsquo;y a pas de branchement pour d\u00e9ranger et ils sont faciles \u00e0 cliquer. En quelques secondes, vous pouvez bannir un groupe de miettes, l&rsquo;\u00e9teindre, la ranger et revenir \u00e0 votre vie. Cela me repr\u00e9sente le succ\u00e8s. Pas d&rsquo;agitation, pas d&rsquo;\u00e9ponges ou de serviettes en papier n\u00e9cessaires, et si vite qu&rsquo;elle interrompt \u00e0 peine ma t\u00e2che. <\/p>\n<p>Je recommande de garder le v\u00f4tre dans un quartier de la cuisine facile d&rsquo;acc\u00e8s et d&rsquo;essayer de r\u00e9sister \u00e0 l&rsquo;utiliser tout autour de votre maison. Le fait est qu&rsquo;il ne finit pas par vivre dans votre voiture ou dans la chambre de votre fils. Peut-\u00eatre que ces espaces ont \u00e9galement besoin d&rsquo;un vide, mais celui-ci reste dans la cuisine. Il collectera in\u00e9vitablement des particules de nourriture, et il est pr\u00e9f\u00e9rable que ceux-ci restent proches (et dans) la poubelle, pas dans d&rsquo;autres parties de votre maison. Voici des fonctionnalit\u00e9s de conception et des accessoires \u00e0 consid\u00e9rer lorsque vous achetez pour le v\u00f4tre.<\/p>\n<p><strong>Conception mince.<\/strong> Assurez-vous que tout le vide a un corps \u00e9troit et n&rsquo;est pas trop long. Cela permet de le man\u0153uvrer facilement sur les bords et de p\u00e9n\u00e9trer facilement dans les armoires. La raison pour laquelle les aspirateurs de la cuisine facilitent la vie, c&rsquo;est parce que vous n&rsquo;avez pas vraiment \u00e0 \u00e9loigner quoi que ce soit pour le nettoyer. <\/p>\n<div class=\"pogoClear relative my-10 border-b-(1.5px) border-t-(1.5px) border-dashed border-black py-5 sm:my-14 sm:border-0 sm:py-0\" x-cloak x-data=\"{ commentsCount: null }\" x-init=\"commentsCount = await window.openweb.getMessagesCount(118467)\" x-show=\"commentsCount !== null &amp;&amp; commentsCount &gt; 0\">\n<div class=\"absolute top-1\/2 hidden w-full -translate-y-1\/2 border-t-(1.5px) border-dashed border-black sm:block\"><\/div>\n<div class=\"relative flex justify-center\">\n<div class=\"flex max-w-max items-center gap-x-3 bg-white px-5\">\n<div class=\"relative\">\n                <span class=\"absolute left-1\/2 top-1\/2 -translate-x-1\/2 -translate-y-1\/2 font-akshar text-sm font-medium text-black\" x-text=\"commentsCount\"><\/span><\/p>\n<p>                <svg class=\"h-8 w-8 text-black\">\n                    <use href=\"http:\/\/lifehacker.com\/images\/icons\/spritemap.svg#sprite-chat-bubble\"><\/use>\n                <\/svg>\n            <\/div>\n<p>            <span class=\"text-sm font-medium text-black\">Que pensez-vous jusqu&rsquo;\u00e0 pr\u00e9sent? <button class=\"font-semibold text-brand-green underline hover:text-brand-green-700\" onclick=\"window.openweb.scrollToComments(118467)\">Publier un commentaire.<\/button><\/span>\n        <\/div>\n<\/p><\/div>\n<\/div>\n<p><strong>Le sans fil est le chemin.<\/strong> Tous les aspirateurs c\u00e2bl\u00e9s sont ennuyeux, mais un cordon dans la cuisine peut vraiment ruiner votre journ\u00e9e. La plupart des prises sont situ\u00e9es au-dessus du comptoir afin que les appareils puissent facilement les atteindre, mais un cordon \u00e0 vide branch\u00e9 sur la prise de comptoir peut facilement renverser les choses. Croyez-moi, j&rsquo;ai cass\u00e9 quelques lunettes de cette fa\u00e7on. Recherchez un vide qui a une centrale \u00e9lectrique rechargeable et une longue dur\u00e9e de vie de la batterie.<\/p>\n<p><strong>La fixation de la buse est la cl\u00e9.<\/strong> La plupart des petits VAC portatifs ont un point de suceur effil\u00e9. C&rsquo;est bon pour les d\u00e9g\u00e2ts de comptoir o\u00f9 vous avez acc\u00e8s \u00e0 une large zone, ou de grandes miettes \u00e9pais. Cependant, une fixation mince et longue de buse avec une ouverture inclin\u00e9e est l&rsquo;outil le plus efficace pour p\u00e9n\u00e9trer dans les coins et nettoyer les bords sur\u00e9lev\u00e9s. Personnellement, c&rsquo;est l\u00e0 que toutes mes miettes de cuisine finissent.<\/p>\n<p>Je garde mon vide de main sans fil de requin sur une \u00e9tag\u00e8re facilement accessible dans la cuisine, donc d\u00e8s que je vois une congr\u00e9gation de miettes, je suis pr\u00eat \u00e0 attaquer. Je le fais quelques fois par semaine, et cela a fait toute la diff\u00e9rence entre \u00abbien rang\u00e9\u00bb et \u00absans tache\u00bb dans ma cuisine. Si l&rsquo;une des ci-dessous vous f\u00e2chez, essayez-le et rejoignez-moi dans une vie de maintenance de cuisine simplifi\u00e9e.<\/p>\n<hr>\n<h3>Aspirateurs de la cuisine \u00e0 consid\u00e9rer:<\/h3>\n<div class=\"shadow-b-2 mb-12 mt-10 rounded-md border-2 border-(#F0F0F0) px-6 py-2 shadow-lg md:px-12\" role=\"region\" aria-label=\"Products List\" x-data=\"{ showMore: false }\">\n<div class=\"flex w-full gap-x-5\">\n<div class=\"flex w-full flex-col flex-nowrap justify-center gap-2 text-black no-underline md:order-2 md:gap-y-6\">\n<div class=\"flex flex-col justify-between gap-y-2 md:w-full md:gap-y-1\">\n<div class=\"block font-sans text-xs font-semibold capitalize leading-3 text-gray-900 md:leading-4\">Cet aspirateur sans fil mince est livr\u00e9 avec une station de charge et deux pi\u00e8ces jointes.<\/div>\n<div class=\"block w-fit cursor-pointer font-akshar text-lg font-medium leading-5 text-brand-green duration-200 ease-in-out hover:text-brand-green-700 md:text-xl md:leading-6\">\n<p>                            Vide de main sans fil de requin\n                        <\/p><\/div>\n<\/p><\/div>\n<div class=\"hidden md:flex md:justify-between md:gap-x-4\">\n<div class=\"w-full mb-0 md:flex md:flex-col md:justify-center font-sans leading-4 text-black\">\n<div class=\"flex flex-wrap items-center justify-center gap-x-1 md:justify-start\">\n        <span class=\"font-bold\"><\/p>\n<p>            99,99 $<br \/>\n                            <span class=\"font-medium\">\u00e0 Amazon<\/span><br \/>\n                    <\/span><br \/>\n                    <img decoding=\"async\" class=\"mt-0 h-(15px)\" src=\"https:\/\/vieassociative.be\/actualites\/wp-content\/uploads\/2025\/04\/Pourquoi-votre-cuisine-a-besoin-de-son-propre-vide.svg.svg+xml\" title=\"Amazon Prime\" alt=\"Amazon Prime\">\n            <\/div>\n<\/p><\/div>\n<p>                            <button class=\"flex justify-center items-center w-full bg-brand-green text-white text-base font-sans font-medium rounded-md hover:bg-brand-green-700 hover:cursor-pointer md:text-sm hidden self-end h-12 max-w-(10rem) duration-200 ease-in-out hover:bg-brand-green-700 md:flex md:h-10\"><\/p>\n<p>    Faire un magasin maintenant<br \/>\n<\/button>\n                        <\/div>\n<\/p><\/div>\n<div class=\"flex aspect-video h-(90px) shrink-0 items-center justify-center self-center md:order-1\">\n                        <img decoding=\"async\" class=\"m-0 max-h-full max-w-full rounded-md\" src=\"https:\/\/vieassociative.be\/actualites\/wp-content\/uploads\/2025\/04\/Pourquoi-votre-cuisine-a-besoin-de-son-propre-vide.jpg\" alt=\"Shark WV201BK WANDVAC Handless sans fil, l\u00e9ger et portable \u00e0 1,4 lb. Avec une aspiration puissante, un quai de charge, une touche vide pour la voiture et la maison, le matelas, l'outil de crevasse \u00e0 bouteille inclus, noir (pack de 1)\" width=\"auto\" height=\"auto\" loading=\"lazy\">\n                    <\/div>\n<\/p><\/div>\n<p>                            <button class=\"flex justify-center items-center w-full bg-brand-green text-white text-base font-sans font-medium rounded-md hover:bg-brand-green-700 hover:cursor-pointer md:text-sm w-full h-12 duration-200 ease-in-out hover:bg-brand-green-700 md:hidden md:h-10\"><\/p>\n<p>    Faire un magasin maintenant<br \/>\n<\/button><\/p>\n<div class=\"flex flex-col items-center w-full md:hidden font-sans leading-4 text-black\">\n<div class=\"flex flex-wrap items-center justify-center gap-x-1 md:justify-start\">\n        <span class=\"font-bold\"><\/p>\n<p>            99,99 $<br \/>\n                            <span class=\"font-medium\">\u00e0 Amazon<\/span><br \/>\n                    <\/span><br \/>\n                    <img decoding=\"async\" class=\"mt-0 h-(15px)\" src=\"https:\/\/vieassociative.be\/actualites\/wp-content\/uploads\/2025\/04\/Pourquoi-votre-cuisine-a-besoin-de-son-propre-vide.svg.svg+xml\" title=\"Amazon Prime\" alt=\"Amazon Prime\">\n            <\/div>\n<\/p><\/div>\n<div class=\"flex w-full gap-x-5\">\n<div class=\"flex w-full flex-col flex-nowrap justify-center gap-2 text-black no-underline md:order-2 md:gap-y-6\">\n<div class=\"flex flex-col justify-between gap-y-2 md:w-full md:gap-y-1\">\n<div class=\"block font-sans text-xs font-semibold capitalize leading-3 text-gray-900 md:leading-4\">Son cadre l\u00e9ger et compact rend cet aspirateur bon pour les espaces restreints.<\/div>\n<div class=\"block w-fit cursor-pointer font-akshar text-lg font-medium leading-5 text-brand-green duration-200 ease-in-out hover:text-brand-green-700 md:text-xl md:leading-6\">\n<p>                            Bissell &#8211; Vacuum \u00e0 la main a\u00e9roslim &#8211; titane\n                        <\/p><\/div>\n<\/p><\/div>\n<div class=\"hidden md:flex md:justify-between md:gap-x-4\">\n<div class=\"w-full mb-0 md:flex md:flex-col md:justify-center font-sans leading-4 text-black\">\n<div class=\"flex flex-wrap items-center justify-center gap-x-1 md:justify-start\">\n        <span class=\"font-bold\"><\/p>\n<p>            41,19 $<br \/>\n                            <span class=\"font-medium\">\u00e0 Best Buy<\/span><br \/>\n                    <\/span>\n            <\/div>\n<\/p><\/div>\n<p>                            <button class=\"flex justify-center items-center w-full bg-brand-green text-white text-base font-sans font-medium rounded-md hover:bg-brand-green-700 hover:cursor-pointer md:text-sm hidden self-end h-12 max-w-(10rem) duration-200 ease-in-out hover:bg-brand-green-700 md:flex md:h-10\"><\/p>\n<p>    Faire un magasin maintenant<br \/>\n<\/button>\n                        <\/div>\n<\/p><\/div>\n<div class=\"flex aspect-video h-(90px) shrink-0 items-center justify-center self-center md:order-1\">\n                        <img decoding=\"async\" class=\"m-0 max-h-full max-w-full rounded-md\" src=\"https:\/\/vieassociative.be\/actualites\/wp-content\/uploads\/2025\/04\/1744993121_204_Pourquoi-votre-cuisine-a-besoin-de-son-propre-vide.jpg\" alt=\"Bissell - Vacuum \u00e0 la main a\u00e9roslim - titane\" width=\"auto\" height=\"auto\" loading=\"lazy\">\n                    <\/div>\n<\/p><\/div>\n<p>                            <button class=\"flex justify-center items-center w-full bg-brand-green text-white text-base font-sans font-medium rounded-md hover:bg-brand-green-700 hover:cursor-pointer md:text-sm w-full h-12 duration-200 ease-in-out hover:bg-brand-green-700 md:hidden md:h-10\"><\/p>\n<p>    Faire un magasin maintenant<br \/>\n<\/button><\/p>\n<div class=\"flex flex-col items-center w-full md:hidden font-sans leading-4 text-black\">\n<div class=\"flex flex-wrap items-center justify-center gap-x-1 md:justify-start\">\n        <span class=\"font-bold\"><\/p>\n<p>            41,19 $<br \/>\n                            <span class=\"font-medium\">\u00e0 Best Buy<\/span><br \/>\n                    <\/span>\n            <\/div>\n<\/p><\/div>\n<div class=\"flex w-full gap-x-5\">\n<div class=\"flex w-full flex-col flex-nowrap justify-center gap-2 text-black no-underline md:order-2 md:gap-y-6\">\n<div class=\"flex flex-col justify-between gap-y-2 md:w-full md:gap-y-1\">\n<div class=\"block font-sans text-xs font-semibold capitalize leading-3 text-gray-900 md:leading-4\">Ce vide \u00e0 main peut nettoyer \u00e0 la fois les d\u00e9versements humides et les d\u00e9g\u00e2ts secs. Comprend plusieurs pi\u00e8ces jointes.<\/div>\n<div class=\"block w-fit cursor-pointer font-akshar text-lg font-medium leading-5 text-brand-green duration-200 ease-in-out hover:text-brand-green-700 md:text-xl md:leading-6\">\n<p>                            Image plus nette sans fil humide \/ aspirateur sec\n                        <\/p><\/div>\n<\/p><\/div>\n<div class=\"hidden md:flex md:justify-between md:gap-x-4\">\n<div class=\"w-full mb-0 md:flex md:flex-col md:justify-center font-sans leading-4 text-black\">\n<div class=\"flex flex-wrap items-center justify-center gap-x-1 md:justify-start\">\n        <span class=\"font-bold\"><\/p>\n<p>            119,99 $<br \/>\n                            <span class=\"font-medium\">\u00e0 l&rsquo;image plus nette<\/span><br \/>\n                    <\/span>\n            <\/div>\n<\/p><\/div>\n<p>                            <button class=\"flex justify-center items-center w-full bg-brand-green text-white text-base font-sans font-medium rounded-md hover:bg-brand-green-700 hover:cursor-pointer md:text-sm hidden self-end h-12 max-w-(10rem) duration-200 ease-in-out hover:bg-brand-green-700 md:flex md:h-10\"><\/p>\n<p>    Faire un magasin maintenant<br \/>\n<\/button>\n                        <\/div>\n<\/p><\/div>\n<div class=\"flex aspect-video h-(90px) shrink-0 items-center justify-center self-center md:order-1\">\n                        <img decoding=\"async\" class=\"m-0 max-h-full max-w-full rounded-md\" src=\"https:\/\/vieassociative.be\/actualites\/wp-content\/uploads\/2025\/04\/Pourquoi-votre-cuisine-a-besoin-de-son-propre-vide.png\" alt=\"Une personne aspirant le lait renvers\u00e9 sur une table.\" width=\"auto\" height=\"auto\" loading=\"lazy\">\n                    <\/div>\n<\/p><\/div>\n<p>                            <button class=\"flex justify-center items-center w-full bg-brand-green text-white text-base font-sans font-medium rounded-md hover:bg-brand-green-700 hover:cursor-pointer md:text-sm w-full h-12 duration-200 ease-in-out hover:bg-brand-green-700 md:hidden md:h-10\"><\/p>\n<p>    Faire un magasin maintenant<br \/>\n<\/button><\/p>\n<div class=\"flex flex-col items-center w-full md:hidden font-sans leading-4 text-black\">\n<div class=\"flex flex-wrap items-center justify-center gap-x-1 md:justify-start\">\n        <span class=\"font-bold\"><\/p>\n<p>            119,99 $<br \/>\n                            <span class=\"font-medium\">\u00e0 l&rsquo;image plus nette<\/span><br \/>\n                    <\/span>\n            <\/div>\n<\/p><\/div>\n<\/div>\n","protected":false},"excerpt":{"rendered":"<p>Je d\u00e9teste le nettoyage, mais j&rsquo;aime bannir les grappes de miettes de mon royaume avec un minuscule et un vide puissant. Je d\u00e9teste le nettoyage,<\/p>\n","protected":false},"author":1,"featured_media":6834,"comment_status":"","ping_status":"","sticky":false,"template":"","format":"standard","meta":{"footnotes":""},"categories":[1],"tags":[259,1937,734,2292,800,2686,8],"class_list":["post-6833","post","type-post","status-publish","format-standard","has-post-thumbnail","hentry","category-non-classe","tag-besoin","tag-cuisine","tag-pourquoi","tag-propre","tag-son","tag-vide","tag-votre","generate-columns","tablet-grid-50","mobile-grid-100","grid-parent","grid-33"],"yoast_head":"<!-- This site is optimized with the Yoast SEO plugin v24.0 - https:\/\/yoast.com\/wordpress\/plugins\/seo\/ -->\n<title>Pourquoi votre cuisine a besoin de son propre vide | Vie Associative<\/title>\n<meta name=\"robots\" content=\"index, follow, max-snippet:-1, max-image-preview:large, max-video-preview:-1\" \/>\n<link rel=\"canonical\" href=\"https:\/\/vieassociative.be\/actualites\/pourquoi-votre-cuisine-a-besoin-de-son-propre-vide\/\" \/>\n<meta property=\"og:locale\" content=\"fr_FR\" \/>\n<meta property=\"og:type\" content=\"article\" \/>\n<meta property=\"og:title\" content=\"Pourquoi votre cuisine a besoin de son propre vide | Vie Associative\" \/>\n<meta property=\"og:description\" content=\"Je d\u00e9teste le nettoyage, mais j&rsquo;aime bannir les grappes de miettes de mon royaume avec un minuscule et un vide puissant. Je d\u00e9teste le nettoyage,\" \/>\n<meta property=\"og:url\" content=\"https:\/\/vieassociative.be\/actualites\/pourquoi-votre-cuisine-a-besoin-de-son-propre-vide\/\" \/>\n<meta property=\"og:site_name\" content=\"Vie Associative\" \/>\n<meta property=\"article:published_time\" content=\"2025-04-18T16:18:41+00:00\" \/>\n<meta property=\"og:image\" content=\"https:\/\/vieassociative.be\/actualites\/wp-content\/uploads\/2025\/04\/Pourquoi-votre-cuisine-a-besoin-de-son-propre-vide.svg.svg+xml\" \/>\n<meta name=\"author\" content=\"Julien\" \/>\n<meta name=\"twitter:card\" content=\"summary_large_image\" \/>\n<meta name=\"twitter:label1\" content=\"\u00c9crit par\" \/>\n\t<meta name=\"twitter:data1\" content=\"Julien\" \/>\n\t<meta name=\"twitter:label2\" content=\"Dur\u00e9e de lecture est.\" \/>\n\t<meta name=\"twitter:data2\" content=\"5 minutes\" \/>\n<script type=\"application\/ld+json\" class=\"yoast-schema-graph\">{\"@context\":\"https:\/\/schema.org\",\"@graph\":[{\"@type\":\"Article\",\"@id\":\"https:\/\/vieassociative.be\/actualites\/pourquoi-votre-cuisine-a-besoin-de-son-propre-vide\/#article\",\"isPartOf\":{\"@id\":\"https:\/\/vieassociative.be\/actualites\/pourquoi-votre-cuisine-a-besoin-de-son-propre-vide\/\"},\"author\":{\"name\":\"Julien\",\"@id\":\"https:\/\/vieassociative.be\/actualites\/#\/schema\/person\/b87ac4f82f9d4e7b7cec7395b679edc4\"},\"headline\":\"Pourquoi votre cuisine a besoin de son propre vide\",\"datePublished\":\"2025-04-18T16:18:41+00:00\",\"dateModified\":\"2025-04-18T16:18:41+00:00\",\"mainEntityOfPage\":{\"@id\":\"https:\/\/vieassociative.be\/actualites\/pourquoi-votre-cuisine-a-besoin-de-son-propre-vide\/\"},\"wordCount\":1012,\"publisher\":{\"@id\":\"https:\/\/vieassociative.be\/actualites\/#organization\"},\"image\":{\"@id\":\"https:\/\/vieassociative.be\/actualites\/pourquoi-votre-cuisine-a-besoin-de-son-propre-vide\/#primaryimage\"},\"thumbnailUrl\":\"https:\/\/vieassociative.be\/actualites\/wp-content\/uploads\/2025\/04\/1744993122_Pourquoi-votre-cuisine-a-besoin-de-son-propre-vide.jpg\",\"keywords\":[\"besoin\",\"cuisine\",\"Pourquoi\",\"propre\",\"son\",\"vide\",\"votre\"],\"inLanguage\":\"fr-BE\"},{\"@type\":\"WebPage\",\"@id\":\"https:\/\/vieassociative.be\/actualites\/pourquoi-votre-cuisine-a-besoin-de-son-propre-vide\/\",\"url\":\"https:\/\/vieassociative.be\/actualites\/pourquoi-votre-cuisine-a-besoin-de-son-propre-vide\/\",\"name\":\"Pourquoi votre cuisine a besoin de son propre vide | Vie Associative\",\"isPartOf\":{\"@id\":\"https:\/\/vieassociative.be\/actualites\/#website\"},\"primaryImageOfPage\":{\"@id\":\"https:\/\/vieassociative.be\/actualites\/pourquoi-votre-cuisine-a-besoin-de-son-propre-vide\/#primaryimage\"},\"image\":{\"@id\":\"https:\/\/vieassociative.be\/actualites\/pourquoi-votre-cuisine-a-besoin-de-son-propre-vide\/#primaryimage\"},\"thumbnailUrl\":\"https:\/\/vieassociative.be\/actualites\/wp-content\/uploads\/2025\/04\/1744993122_Pourquoi-votre-cuisine-a-besoin-de-son-propre-vide.jpg\",\"datePublished\":\"2025-04-18T16:18:41+00:00\",\"dateModified\":\"2025-04-18T16:18:41+00:00\",\"breadcrumb\":{\"@id\":\"https:\/\/vieassociative.be\/actualites\/pourquoi-votre-cuisine-a-besoin-de-son-propre-vide\/#breadcrumb\"},\"inLanguage\":\"fr-BE\",\"potentialAction\":[{\"@type\":\"ReadAction\",\"target\":[\"https:\/\/vieassociative.be\/actualites\/pourquoi-votre-cuisine-a-besoin-de-son-propre-vide\/\"]}]},{\"@type\":\"ImageObject\",\"inLanguage\":\"fr-BE\",\"@id\":\"https:\/\/vieassociative.be\/actualites\/pourquoi-votre-cuisine-a-besoin-de-son-propre-vide\/#primaryimage\",\"url\":\"https:\/\/vieassociative.be\/actualites\/wp-content\/uploads\/2025\/04\/1744993122_Pourquoi-votre-cuisine-a-besoin-de-son-propre-vide.jpg\",\"contentUrl\":\"https:\/\/vieassociative.be\/actualites\/wp-content\/uploads\/2025\/04\/1744993122_Pourquoi-votre-cuisine-a-besoin-de-son-propre-vide.jpg\",\"width\":1200,\"height\":675,\"caption\":\"Pourquoi votre cuisine a besoin de son propre vide\"},{\"@type\":\"BreadcrumbList\",\"@id\":\"https:\/\/vieassociative.be\/actualites\/pourquoi-votre-cuisine-a-besoin-de-son-propre-vide\/#breadcrumb\",\"itemListElement\":[{\"@type\":\"ListItem\",\"position\":1,\"name\":\"Accueil\",\"item\":\"https:\/\/vieassociative.be\/actualites\/\"},{\"@type\":\"ListItem\",\"position\":2,\"name\":\"Pourquoi votre cuisine a besoin de son propre vide\"}]},{\"@type\":\"WebSite\",\"@id\":\"https:\/\/vieassociative.be\/actualites\/#website\",\"url\":\"https:\/\/vieassociative.be\/actualites\/\",\"name\":\"Vie Associative\",\"description\":\"\",\"publisher\":{\"@id\":\"https:\/\/vieassociative.be\/actualites\/#organization\"},\"potentialAction\":[{\"@type\":\"SearchAction\",\"target\":{\"@type\":\"EntryPoint\",\"urlTemplate\":\"https:\/\/vieassociative.be\/actualites\/?s={search_term_string}\"},\"query-input\":{\"@type\":\"PropertyValueSpecification\",\"valueRequired\":true,\"valueName\":\"search_term_string\"}}],\"inLanguage\":\"fr-BE\"},{\"@type\":\"Organization\",\"@id\":\"https:\/\/vieassociative.be\/actualites\/#organization\",\"name\":\"Vie Associative\",\"url\":\"https:\/\/vieassociative.be\/actualites\/\",\"logo\":{\"@type\":\"ImageObject\",\"inLanguage\":\"fr-BE\",\"@id\":\"https:\/\/vieassociative.be\/actualites\/#\/schema\/logo\/image\/\",\"url\":\"https:\/\/vieassociative.be\/actualites\/wp-content\/uploads\/2024\/09\/cropped-vieassociative_favicon.ico.png\",\"contentUrl\":\"https:\/\/vieassociative.be\/actualites\/wp-content\/uploads\/2024\/09\/cropped-vieassociative_favicon.ico.png\",\"width\":512,\"height\":512,\"caption\":\"Vie Associative\"},\"image\":{\"@id\":\"https:\/\/vieassociative.be\/actualites\/#\/schema\/logo\/image\/\"}},{\"@type\":\"Person\",\"@id\":\"https:\/\/vieassociative.be\/actualites\/#\/schema\/person\/b87ac4f82f9d4e7b7cec7395b679edc4\",\"name\":\"Julien\",\"image\":{\"@type\":\"ImageObject\",\"inLanguage\":\"fr-BE\",\"@id\":\"https:\/\/vieassociative.be\/actualites\/#\/schema\/person\/image\/\",\"url\":\"https:\/\/vieassociative.be\/actualites\/wp-content\/uploads\/2024\/09\/vie-associative-1-150x150.jpg\",\"contentUrl\":\"https:\/\/vieassociative.be\/actualites\/wp-content\/uploads\/2024\/09\/vie-associative-1-150x150.jpg\",\"caption\":\"Julien\"},\"description\":\"Je suis Julien, r\u00e9dacteur pour Vie Associative. Passionn\u00e9 par le monde associatif depuis plus de 10 ans, j'ai \u00e0 c\u0153ur de partager des histoires inspirantes et de mettre en lumi\u00e8re les initiatives locales. Mon objectif est de sensibiliser et d'encourager l'engagement communautaire \u00e0 travers mes articles.\",\"sameAs\":[\"https:\/\/vieassociative.be\/\"]}]}<\/script>\n<!-- \/ Yoast SEO plugin. -->","yoast_head_json":{"title":"Pourquoi votre cuisine a besoin de son propre vide | Vie Associative","robots":{"index":"index","follow":"follow","max-snippet":"max-snippet:-1","max-image-preview":"max-image-preview:large","max-video-preview":"max-video-preview:-1"},"canonical":"https:\/\/vieassociative.be\/actualites\/pourquoi-votre-cuisine-a-besoin-de-son-propre-vide\/","og_locale":"fr_FR","og_type":"article","og_title":"Pourquoi votre cuisine a besoin de son propre vide | Vie Associative","og_description":"Je d\u00e9teste le nettoyage, mais j&rsquo;aime bannir les grappes de miettes de mon royaume avec un minuscule et un vide puissant. Je d\u00e9teste le nettoyage,","og_url":"https:\/\/vieassociative.be\/actualites\/pourquoi-votre-cuisine-a-besoin-de-son-propre-vide\/","og_site_name":"Vie Associative","article_published_time":"2025-04-18T16:18:41+00:00","og_image":[{"url":"https:\/\/vieassociative.be\/actualites\/wp-content\/uploads\/2025\/04\/Pourquoi-votre-cuisine-a-besoin-de-son-propre-vide.svg.svg+xml","type":"","width":"","height":""}],"author":"Julien","twitter_card":"summary_large_image","twitter_misc":{"\u00c9crit par":"Julien","Dur\u00e9e de lecture est.":"5 minutes"},"schema":{"@context":"https:\/\/schema.org","@graph":[{"@type":"Article","@id":"https:\/\/vieassociative.be\/actualites\/pourquoi-votre-cuisine-a-besoin-de-son-propre-vide\/#article","isPartOf":{"@id":"https:\/\/vieassociative.be\/actualites\/pourquoi-votre-cuisine-a-besoin-de-son-propre-vide\/"},"author":{"name":"Julien","@id":"https:\/\/vieassociative.be\/actualites\/#\/schema\/person\/b87ac4f82f9d4e7b7cec7395b679edc4"},"headline":"Pourquoi votre cuisine a besoin de son propre vide","datePublished":"2025-04-18T16:18:41+00:00","dateModified":"2025-04-18T16:18:41+00:00","mainEntityOfPage":{"@id":"https:\/\/vieassociative.be\/actualites\/pourquoi-votre-cuisine-a-besoin-de-son-propre-vide\/"},"wordCount":1012,"publisher":{"@id":"https:\/\/vieassociative.be\/actualites\/#organization"},"image":{"@id":"https:\/\/vieassociative.be\/actualites\/pourquoi-votre-cuisine-a-besoin-de-son-propre-vide\/#primaryimage"},"thumbnailUrl":"https:\/\/vieassociative.be\/actualites\/wp-content\/uploads\/2025\/04\/1744993122_Pourquoi-votre-cuisine-a-besoin-de-son-propre-vide.jpg","keywords":["besoin","cuisine","Pourquoi","propre","son","vide","votre"],"inLanguage":"fr-BE"},{"@type":"WebPage","@id":"https:\/\/vieassociative.be\/actualites\/pourquoi-votre-cuisine-a-besoin-de-son-propre-vide\/","url":"https:\/\/vieassociative.be\/actualites\/pourquoi-votre-cuisine-a-besoin-de-son-propre-vide\/","name":"Pourquoi votre cuisine a besoin de son propre vide | Vie Associative","isPartOf":{"@id":"https:\/\/vieassociative.be\/actualites\/#website"},"primaryImageOfPage":{"@id":"https:\/\/vieassociative.be\/actualites\/pourquoi-votre-cuisine-a-besoin-de-son-propre-vide\/#primaryimage"},"image":{"@id":"https:\/\/vieassociative.be\/actualites\/pourquoi-votre-cuisine-a-besoin-de-son-propre-vide\/#primaryimage"},"thumbnailUrl":"https:\/\/vieassociative.be\/actualites\/wp-content\/uploads\/2025\/04\/1744993122_Pourquoi-votre-cuisine-a-besoin-de-son-propre-vide.jpg","datePublished":"2025-04-18T16:18:41+00:00","dateModified":"2025-04-18T16:18:41+00:00","breadcrumb":{"@id":"https:\/\/vieassociative.be\/actualites\/pourquoi-votre-cuisine-a-besoin-de-son-propre-vide\/#breadcrumb"},"inLanguage":"fr-BE","potentialAction":[{"@type":"ReadAction","target":["https:\/\/vieassociative.be\/actualites\/pourquoi-votre-cuisine-a-besoin-de-son-propre-vide\/"]}]},{"@type":"ImageObject","inLanguage":"fr-BE","@id":"https:\/\/vieassociative.be\/actualites\/pourquoi-votre-cuisine-a-besoin-de-son-propre-vide\/#primaryimage","url":"https:\/\/vieassociative.be\/actualites\/wp-content\/uploads\/2025\/04\/1744993122_Pourquoi-votre-cuisine-a-besoin-de-son-propre-vide.jpg","contentUrl":"https:\/\/vieassociative.be\/actualites\/wp-content\/uploads\/2025\/04\/1744993122_Pourquoi-votre-cuisine-a-besoin-de-son-propre-vide.jpg","width":1200,"height":675,"caption":"Pourquoi votre cuisine a besoin de son propre vide"},{"@type":"BreadcrumbList","@id":"https:\/\/vieassociative.be\/actualites\/pourquoi-votre-cuisine-a-besoin-de-son-propre-vide\/#breadcrumb","itemListElement":[{"@type":"ListItem","position":1,"name":"Accueil","item":"https:\/\/vieassociative.be\/actualites\/"},{"@type":"ListItem","position":2,"name":"Pourquoi votre cuisine a besoin de son propre vide"}]},{"@type":"WebSite","@id":"https:\/\/vieassociative.be\/actualites\/#website","url":"https:\/\/vieassociative.be\/actualites\/","name":"Vie Associative","description":"","publisher":{"@id":"https:\/\/vieassociative.be\/actualites\/#organization"},"potentialAction":[{"@type":"SearchAction","target":{"@type":"EntryPoint","urlTemplate":"https:\/\/vieassociative.be\/actualites\/?s={search_term_string}"},"query-input":{"@type":"PropertyValueSpecification","valueRequired":true,"valueName":"search_term_string"}}],"inLanguage":"fr-BE"},{"@type":"Organization","@id":"https:\/\/vieassociative.be\/actualites\/#organization","name":"Vie Associative","url":"https:\/\/vieassociative.be\/actualites\/","logo":{"@type":"ImageObject","inLanguage":"fr-BE","@id":"https:\/\/vieassociative.be\/actualites\/#\/schema\/logo\/image\/","url":"https:\/\/vieassociative.be\/actualites\/wp-content\/uploads\/2024\/09\/cropped-vieassociative_favicon.ico.png","contentUrl":"https:\/\/vieassociative.be\/actualites\/wp-content\/uploads\/2024\/09\/cropped-vieassociative_favicon.ico.png","width":512,"height":512,"caption":"Vie Associative"},"image":{"@id":"https:\/\/vieassociative.be\/actualites\/#\/schema\/logo\/image\/"}},{"@type":"Person","@id":"https:\/\/vieassociative.be\/actualites\/#\/schema\/person\/b87ac4f82f9d4e7b7cec7395b679edc4","name":"Julien","image":{"@type":"ImageObject","inLanguage":"fr-BE","@id":"https:\/\/vieassociative.be\/actualites\/#\/schema\/person\/image\/","url":"https:\/\/vieassociative.be\/actualites\/wp-content\/uploads\/2024\/09\/vie-associative-1-150x150.jpg","contentUrl":"https:\/\/vieassociative.be\/actualites\/wp-content\/uploads\/2024\/09\/vie-associative-1-150x150.jpg","caption":"Julien"},"description":"Je suis Julien, r\u00e9dacteur pour Vie Associative. Passionn\u00e9 par le monde associatif depuis plus de 10 ans, j'ai \u00e0 c\u0153ur de partager des histoires inspirantes et de mettre en lumi\u00e8re les initiatives locales. Mon objectif est de sensibiliser et d'encourager l'engagement communautaire \u00e0 travers mes articles.","sameAs":["https:\/\/vieassociative.be\/"]}]}},"_links":{"self":[{"href":"https:\/\/vieassociative.be\/actualites\/wp-json\/wp\/v2\/posts\/6833"}],"collection":[{"href":"https:\/\/vieassociative.be\/actualites\/wp-json\/wp\/v2\/posts"}],"about":[{"href":"https:\/\/vieassociative.be\/actualites\/wp-json\/wp\/v2\/types\/post"}],"author":[{"embeddable":true,"href":"https:\/\/vieassociative.be\/actualites\/wp-json\/wp\/v2\/users\/1"}],"replies":[{"embeddable":true,"href":"https:\/\/vieassociative.be\/actualites\/wp-json\/wp\/v2\/comments?post=6833"}],"version-history":[{"count":0,"href":"https:\/\/vieassociative.be\/actualites\/wp-json\/wp\/v2\/posts\/6833\/revisions"}],"wp:featuredmedia":[{"embeddable":true,"href":"https:\/\/vieassociative.be\/actualites\/wp-json\/wp\/v2\/media\/6834"}],"wp:attachment":[{"href":"https:\/\/vieassociative.be\/actualites\/wp-json\/wp\/v2\/media?parent=6833"}],"wp:term":[{"taxonomy":"category","embeddable":true,"href":"https:\/\/vieassociative.be\/actualites\/wp-json\/wp\/v2\/categories?post=6833"},{"taxonomy":"post_tag","embeddable":true,"href":"https:\/\/vieassociative.be\/actualites\/wp-json\/wp\/v2\/tags?post=6833"}],"curies":[{"name":"wp","href":"https:\/\/api.w.org\/{rel}","templated":true}]}}