{"id":6831,"date":"2025-04-18T16:17:06","date_gmt":"2025-04-18T14:17:06","guid":{"rendered":"https:\/\/vieassociative.be\/actualites\/la-dg-genere-des-accords-sur-le-financement-communautaire-fonds-speciaux-supplementaires-pour-eupen-et-kelmis\/"},"modified":"2025-04-18T16:17:06","modified_gmt":"2025-04-18T14:17:06","slug":"la-dg-genere-des-accords-sur-le-financement-communautaire-fonds-speciaux-supplementaires-pour-eupen-et-kelmis","status":"publish","type":"post","link":"https:\/\/vieassociative.be\/actualites\/la-dg-genere-des-accords-sur-le-financement-communautaire-fonds-speciaux-supplementaires-pour-eupen-et-kelmis\/","title":{"rendered":"La DG g\u00e9n\u00e8re des accords sur le financement communautaire: fonds sp\u00e9ciaux suppl\u00e9mentaires pour Eupen et Kelmis"},"content":{"rendered":"<p><strong>Lors de plusieurs r\u00e9unions, le Premier ministre de la DG, les neuf maires, les juges financiers et les repr\u00e9sentants des administrations municipales ont trait\u00e9 de mani\u00e8re intensive sur le d\u00e9veloppement des finances municipales et de la doudation communautaire. La DG et les municipalit\u00e9s ont pu parvenir \u00e0 un accord.<\/strong><\/p>\n<p><span id=\"more-413643\"><\/span>Comme le rapporte le Premier ministre Oliver Paasch (ProDG), le gouvernement DG et les municipalit\u00e9s pourraient conclure un certain nombre d&rsquo;accords. Ceux-ci peuvent \u00eatre r\u00e9sum\u00e9s comme suit:<\/p>\n<p>&#8211; La \u00abvieille\u00bb cl\u00e9 de la distribution de la dotation municipale (avant le d\u00e9cret du programme) sera r\u00e9introduite en tant qu&rsquo;ann\u00e9e de transition pour l&rsquo;exercice 2025.<\/p>\n<div id=\"attachment_98473\" class=\"wp-caption alignleft\" style=\"max-width: 300px\"><img fetchpriority=\"high\" decoding=\"async\" class=\"wp-image-98473 size-medium\" src=\"https:\/\/vieassociative.be\/actualites\/wp-content\/uploads\/2025\/04\/La-DG-genere-des-accords-sur-le-financement-communautaire-fonds.jpeg\" alt=\"\" width=\"300\" height=\"200\"  ><\/p>\n<p class=\"wp-caption-text\">Photo: Shutterstock<\/p>\n<\/div>\n<p>&#8211; \u00c0 partir de 2028 au plus tard, les paiements encore en suspens de la Dodation municipale seront augment\u00e9s de 2% au plus tard.<\/p>\n<p>&#8211; Un fonds sp\u00e9cial suppl\u00e9mentaire pour les municipalit\u00e9s est cr\u00e9\u00e9, dans le domaine dont un nombre moyen de logements sociaux ci-dessus a \u00e9t\u00e9 cr\u00e9\u00e9 ou toujours cr\u00e9\u00e9. Le fonds sera aliment\u00e9 par la DG \u00e0 partir de 2025 avec 1,5 million d&rsquo;euros par an. Selon la situation actuelle, ces fonds b\u00e9n\u00e9ficient aux municipalit\u00e9s d&rsquo;Eupen (716 286 euros) et de Kelmis (783 714 euros).<\/p>\n<p>&#8211; Un fonds de solidarit\u00e9 suppl\u00e9mentaire est cr\u00e9\u00e9 et aliment\u00e9 par la DG \u00e0 partir de 2025 avec 150 000 euros par an. Le gouvernement d\u00e9cide de la distribution de ces fonds lors de la proposition de la conf\u00e9rence du maire.<\/p>\n<p>&#8211; Ces ajustements n&rsquo;ont pas d&rsquo;effets n\u00e9gatifs sur d&rsquo;autres r\u00e9ceptions de DG aux municipalit\u00e9s.<\/p>\n<p>&#8211; Un groupe de travail a \u00e9t\u00e9 fond\u00e9 avec des repr\u00e9sentants de la DG et des municipalit\u00e9s pour d\u00e9terminer la cl\u00e9 de distribution (de l&rsquo;exercice 2026) et la formule d&rsquo;indexation \u00e0 long terme.<\/p>\n","protected":false},"excerpt":{"rendered":"<p>Lors de plusieurs r\u00e9unions, le Premier ministre de la DG, les neuf maires, les juges financiers et les repr\u00e9sentants des administrations municipales ont trait\u00e9 de<\/p>\n","protected":false},"author":1,"featured_media":6832,"comment_status":"","ping_status":"","sticky":false,"template":"","format":"standard","meta":{"footnotes":""},"categories":[298],"tags":[6481,2485,29,2329,4420,366,6480,3719,81,5152,3099,33],"class_list":["post-6831","post","type-post","status-publish","format-standard","has-post-thumbnail","hentry","category-belgique","tag-accords","tag-communautaire","tag-des","tag-eupen","tag-financement","tag-fonds","tag-genere","tag-kelmis","tag-pour","tag-speciaux","tag-supplementaires","tag-sur","generate-columns","tablet-grid-50","mobile-grid-100","grid-parent","grid-33"],"yoast_head":"<!-- This site is optimized with the Yoast SEO plugin v24.0 - https:\/\/yoast.com\/wordpress\/plugins\/seo\/ -->\n<title>La DG g\u00e9n\u00e8re des accords sur le financement communautaire: fonds sp\u00e9ciaux suppl\u00e9mentaires pour Eupen et Kelmis | Vie Associative<\/title>\n<meta name=\"robots\" content=\"index, follow, max-snippet:-1, max-image-preview:large, max-video-preview:-1\" \/>\n<link rel=\"canonical\" href=\"https:\/\/vieassociative.be\/actualites\/la-dg-genere-des-accords-sur-le-financement-communautaire-fonds-speciaux-supplementaires-pour-eupen-et-kelmis\/\" \/>\n<meta property=\"og:locale\" content=\"fr_FR\" \/>\n<meta property=\"og:type\" content=\"article\" \/>\n<meta property=\"og:title\" content=\"La DG g\u00e9n\u00e8re des accords sur le financement communautaire: fonds sp\u00e9ciaux suppl\u00e9mentaires pour Eupen et Kelmis | Vie Associative\" \/>\n<meta property=\"og:description\" content=\"Lors de plusieurs r\u00e9unions, le Premier ministre de la DG, les neuf maires, les juges financiers et les repr\u00e9sentants des administrations municipales ont trait\u00e9 de\" \/>\n<meta property=\"og:url\" content=\"https:\/\/vieassociative.be\/actualites\/la-dg-genere-des-accords-sur-le-financement-communautaire-fonds-speciaux-supplementaires-pour-eupen-et-kelmis\/\" \/>\n<meta property=\"og:site_name\" content=\"Vie Associative\" \/>\n<meta property=\"article:published_time\" content=\"2025-04-18T14:17:06+00:00\" \/>\n<meta property=\"og:image\" content=\"https:\/\/vieassociative.be\/actualites\/wp-content\/uploads\/2024\/09\/header_backgroundk-01-e1726694325946.png\" \/>\n\t<meta property=\"og:image:width\" content=\"279\" \/>\n\t<meta property=\"og:image:height\" content=\"92\" \/>\n\t<meta property=\"og:image:type\" content=\"image\/png\" \/>\n<meta name=\"author\" content=\"Julien\" \/>\n<meta name=\"twitter:card\" content=\"summary_large_image\" \/>\n<meta name=\"twitter:label1\" content=\"\u00c9crit par\" \/>\n\t<meta name=\"twitter:data1\" content=\"Julien\" \/>\n\t<meta name=\"twitter:label2\" content=\"Dur\u00e9e de lecture est.\" \/>\n\t<meta name=\"twitter:data2\" content=\"1 minute\" \/>\n<script type=\"application\/ld+json\" class=\"yoast-schema-graph\">{\"@context\":\"https:\/\/schema.org\",\"@graph\":[{\"@type\":\"Article\",\"@id\":\"https:\/\/vieassociative.be\/actualites\/la-dg-genere-des-accords-sur-le-financement-communautaire-fonds-speciaux-supplementaires-pour-eupen-et-kelmis\/#article\",\"isPartOf\":{\"@id\":\"https:\/\/vieassociative.be\/actualites\/la-dg-genere-des-accords-sur-le-financement-communautaire-fonds-speciaux-supplementaires-pour-eupen-et-kelmis\/\"},\"author\":{\"name\":\"Julien\",\"@id\":\"https:\/\/vieassociative.be\/actualites\/#\/schema\/person\/b87ac4f82f9d4e7b7cec7395b679edc4\"},\"headline\":\"La DG g\u00e9n\u00e8re des accords sur le financement communautaire: fonds sp\u00e9ciaux suppl\u00e9mentaires pour Eupen et Kelmis\",\"datePublished\":\"2025-04-18T14:17:06+00:00\",\"dateModified\":\"2025-04-18T14:17:06+00:00\",\"mainEntityOfPage\":{\"@id\":\"https:\/\/vieassociative.be\/actualites\/la-dg-genere-des-accords-sur-le-financement-communautaire-fonds-speciaux-supplementaires-pour-eupen-et-kelmis\/\"},\"wordCount\":318,\"publisher\":{\"@id\":\"https:\/\/vieassociative.be\/actualites\/#organization\"},\"image\":{\"@id\":\"https:\/\/vieassociative.be\/actualites\/la-dg-genere-des-accords-sur-le-financement-communautaire-fonds-speciaux-supplementaires-pour-eupen-et-kelmis\/#primaryimage\"},\"thumbnailUrl\":\"https:\/\/vieassociative.be\/actualites\/wp-content\/uploads\/2025\/04\/La-DG-genere-des-accords-sur-le-financement-communautaire-fonds.jpg\",\"keywords\":[\"accords\",\"communautaire\",\"Des\",\"Eupen\",\"financement\",\"Fonds\",\"g\u00e9n\u00e8re\",\"Kelmis\",\"pour\",\"sp\u00e9ciaux\",\"suppl\u00e9mentaires\",\"sur\"],\"articleSection\":[\"Belgique\"],\"inLanguage\":\"fr-BE\"},{\"@type\":\"WebPage\",\"@id\":\"https:\/\/vieassociative.be\/actualites\/la-dg-genere-des-accords-sur-le-financement-communautaire-fonds-speciaux-supplementaires-pour-eupen-et-kelmis\/\",\"url\":\"https:\/\/vieassociative.be\/actualites\/la-dg-genere-des-accords-sur-le-financement-communautaire-fonds-speciaux-supplementaires-pour-eupen-et-kelmis\/\",\"name\":\"La DG g\u00e9n\u00e8re des accords sur le financement communautaire: fonds sp\u00e9ciaux suppl\u00e9mentaires pour Eupen et Kelmis | Vie Associative\",\"isPartOf\":{\"@id\":\"https:\/\/vieassociative.be\/actualites\/#website\"},\"primaryImageOfPage\":{\"@id\":\"https:\/\/vieassociative.be\/actualites\/la-dg-genere-des-accords-sur-le-financement-communautaire-fonds-speciaux-supplementaires-pour-eupen-et-kelmis\/#primaryimage\"},\"image\":{\"@id\":\"https:\/\/vieassociative.be\/actualites\/la-dg-genere-des-accords-sur-le-financement-communautaire-fonds-speciaux-supplementaires-pour-eupen-et-kelmis\/#primaryimage\"},\"thumbnailUrl\":\"https:\/\/vieassociative.be\/actualites\/wp-content\/uploads\/2025\/04\/La-DG-genere-des-accords-sur-le-financement-communautaire-fonds.jpg\",\"datePublished\":\"2025-04-18T14:17:06+00:00\",\"dateModified\":\"2025-04-18T14:17:06+00:00\",\"breadcrumb\":{\"@id\":\"https:\/\/vieassociative.be\/actualites\/la-dg-genere-des-accords-sur-le-financement-communautaire-fonds-speciaux-supplementaires-pour-eupen-et-kelmis\/#breadcrumb\"},\"inLanguage\":\"fr-BE\",\"potentialAction\":[{\"@type\":\"ReadAction\",\"target\":[\"https:\/\/vieassociative.be\/actualites\/la-dg-genere-des-accords-sur-le-financement-communautaire-fonds-speciaux-supplementaires-pour-eupen-et-kelmis\/\"]}]},{\"@type\":\"ImageObject\",\"inLanguage\":\"fr-BE\",\"@id\":\"https:\/\/vieassociative.be\/actualites\/la-dg-genere-des-accords-sur-le-financement-communautaire-fonds-speciaux-supplementaires-pour-eupen-et-kelmis\/#primaryimage\",\"url\":\"https:\/\/vieassociative.be\/actualites\/wp-content\/uploads\/2025\/04\/La-DG-genere-des-accords-sur-le-financement-communautaire-fonds.jpg\",\"contentUrl\":\"https:\/\/vieassociative.be\/actualites\/wp-content\/uploads\/2025\/04\/La-DG-genere-des-accords-sur-le-financement-communautaire-fonds.jpg\",\"width\":1200,\"height\":802,\"caption\":\"La DG g\u00e9n\u00e8re des accords sur le financement communautaire: fonds sp\u00e9ciaux suppl\u00e9mentaires pour Eupen et Kelmis\"},{\"@type\":\"BreadcrumbList\",\"@id\":\"https:\/\/vieassociative.be\/actualites\/la-dg-genere-des-accords-sur-le-financement-communautaire-fonds-speciaux-supplementaires-pour-eupen-et-kelmis\/#breadcrumb\",\"itemListElement\":[{\"@type\":\"ListItem\",\"position\":1,\"name\":\"Accueil\",\"item\":\"https:\/\/vieassociative.be\/actualites\/\"},{\"@type\":\"ListItem\",\"position\":2,\"name\":\"La DG g\u00e9n\u00e8re des accords sur le financement communautaire: fonds sp\u00e9ciaux suppl\u00e9mentaires pour Eupen et Kelmis\"}]},{\"@type\":\"WebSite\",\"@id\":\"https:\/\/vieassociative.be\/actualites\/#website\",\"url\":\"https:\/\/vieassociative.be\/actualites\/\",\"name\":\"Vie Associative\",\"description\":\"\",\"publisher\":{\"@id\":\"https:\/\/vieassociative.be\/actualites\/#organization\"},\"potentialAction\":[{\"@type\":\"SearchAction\",\"target\":{\"@type\":\"EntryPoint\",\"urlTemplate\":\"https:\/\/vieassociative.be\/actualites\/?s={search_term_string}\"},\"query-input\":{\"@type\":\"PropertyValueSpecification\",\"valueRequired\":true,\"valueName\":\"search_term_string\"}}],\"inLanguage\":\"fr-BE\"},{\"@type\":\"Organization\",\"@id\":\"https:\/\/vieassociative.be\/actualites\/#organization\",\"name\":\"Vie Associative\",\"url\":\"https:\/\/vieassociative.be\/actualites\/\",\"logo\":{\"@type\":\"ImageObject\",\"inLanguage\":\"fr-BE\",\"@id\":\"https:\/\/vieassociative.be\/actualites\/#\/schema\/logo\/image\/\",\"url\":\"https:\/\/vieassociative.be\/actualites\/wp-content\/uploads\/2024\/09\/cropped-vieassociative_favicon.ico.png\",\"contentUrl\":\"https:\/\/vieassociative.be\/actualites\/wp-content\/uploads\/2024\/09\/cropped-vieassociative_favicon.ico.png\",\"width\":512,\"height\":512,\"caption\":\"Vie Associative\"},\"image\":{\"@id\":\"https:\/\/vieassociative.be\/actualites\/#\/schema\/logo\/image\/\"}},{\"@type\":\"Person\",\"@id\":\"https:\/\/vieassociative.be\/actualites\/#\/schema\/person\/b87ac4f82f9d4e7b7cec7395b679edc4\",\"name\":\"Julien\",\"image\":{\"@type\":\"ImageObject\",\"inLanguage\":\"fr-BE\",\"@id\":\"https:\/\/vieassociative.be\/actualites\/#\/schema\/person\/image\/\",\"url\":\"https:\/\/vieassociative.be\/actualites\/wp-content\/uploads\/2024\/09\/vie-associative-1-150x150.jpg\",\"contentUrl\":\"https:\/\/vieassociative.be\/actualites\/wp-content\/uploads\/2024\/09\/vie-associative-1-150x150.jpg\",\"caption\":\"Julien\"},\"description\":\"Je suis Julien, r\u00e9dacteur pour Vie Associative. Passionn\u00e9 par le monde associatif depuis plus de 10 ans, j'ai \u00e0 c\u0153ur de partager des histoires inspirantes et de mettre en lumi\u00e8re les initiatives locales. Mon objectif est de sensibiliser et d'encourager l'engagement communautaire \u00e0 travers mes articles.\",\"sameAs\":[\"https:\/\/vieassociative.be\/\"]}]}<\/script>\n<!-- \/ Yoast SEO plugin. -->","yoast_head_json":{"title":"La DG g\u00e9n\u00e8re des accords sur le financement communautaire: fonds sp\u00e9ciaux suppl\u00e9mentaires pour Eupen et Kelmis | Vie Associative","robots":{"index":"index","follow":"follow","max-snippet":"max-snippet:-1","max-image-preview":"max-image-preview:large","max-video-preview":"max-video-preview:-1"},"canonical":"https:\/\/vieassociative.be\/actualites\/la-dg-genere-des-accords-sur-le-financement-communautaire-fonds-speciaux-supplementaires-pour-eupen-et-kelmis\/","og_locale":"fr_FR","og_type":"article","og_title":"La DG g\u00e9n\u00e8re des accords sur le financement communautaire: fonds sp\u00e9ciaux suppl\u00e9mentaires pour Eupen et Kelmis | Vie Associative","og_description":"Lors de plusieurs r\u00e9unions, le Premier ministre de la DG, les neuf maires, les juges financiers et les repr\u00e9sentants des administrations municipales ont trait\u00e9 de","og_url":"https:\/\/vieassociative.be\/actualites\/la-dg-genere-des-accords-sur-le-financement-communautaire-fonds-speciaux-supplementaires-pour-eupen-et-kelmis\/","og_site_name":"Vie Associative","article_published_time":"2025-04-18T14:17:06+00:00","og_image":[{"width":279,"height":92,"url":"https:\/\/vieassociative.be\/actualites\/wp-content\/uploads\/2024\/09\/header_backgroundk-01-e1726694325946.png","type":"image\/png"}],"author":"Julien","twitter_card":"summary_large_image","twitter_misc":{"\u00c9crit par":"Julien","Dur\u00e9e de lecture est.":"1 minute"},"schema":{"@context":"https:\/\/schema.org","@graph":[{"@type":"Article","@id":"https:\/\/vieassociative.be\/actualites\/la-dg-genere-des-accords-sur-le-financement-communautaire-fonds-speciaux-supplementaires-pour-eupen-et-kelmis\/#article","isPartOf":{"@id":"https:\/\/vieassociative.be\/actualites\/la-dg-genere-des-accords-sur-le-financement-communautaire-fonds-speciaux-supplementaires-pour-eupen-et-kelmis\/"},"author":{"name":"Julien","@id":"https:\/\/vieassociative.be\/actualites\/#\/schema\/person\/b87ac4f82f9d4e7b7cec7395b679edc4"},"headline":"La DG g\u00e9n\u00e8re des accords sur le financement communautaire: fonds sp\u00e9ciaux suppl\u00e9mentaires pour Eupen et Kelmis","datePublished":"2025-04-18T14:17:06+00:00","dateModified":"2025-04-18T14:17:06+00:00","mainEntityOfPage":{"@id":"https:\/\/vieassociative.be\/actualites\/la-dg-genere-des-accords-sur-le-financement-communautaire-fonds-speciaux-supplementaires-pour-eupen-et-kelmis\/"},"wordCount":318,"publisher":{"@id":"https:\/\/vieassociative.be\/actualites\/#organization"},"image":{"@id":"https:\/\/vieassociative.be\/actualites\/la-dg-genere-des-accords-sur-le-financement-communautaire-fonds-speciaux-supplementaires-pour-eupen-et-kelmis\/#primaryimage"},"thumbnailUrl":"https:\/\/vieassociative.be\/actualites\/wp-content\/uploads\/2025\/04\/La-DG-genere-des-accords-sur-le-financement-communautaire-fonds.jpg","keywords":["accords","communautaire","Des","Eupen","financement","Fonds","g\u00e9n\u00e8re","Kelmis","pour","sp\u00e9ciaux","suppl\u00e9mentaires","sur"],"articleSection":["Belgique"],"inLanguage":"fr-BE"},{"@type":"WebPage","@id":"https:\/\/vieassociative.be\/actualites\/la-dg-genere-des-accords-sur-le-financement-communautaire-fonds-speciaux-supplementaires-pour-eupen-et-kelmis\/","url":"https:\/\/vieassociative.be\/actualites\/la-dg-genere-des-accords-sur-le-financement-communautaire-fonds-speciaux-supplementaires-pour-eupen-et-kelmis\/","name":"La DG g\u00e9n\u00e8re des accords sur le financement communautaire: fonds sp\u00e9ciaux suppl\u00e9mentaires pour Eupen et Kelmis | Vie Associative","isPartOf":{"@id":"https:\/\/vieassociative.be\/actualites\/#website"},"primaryImageOfPage":{"@id":"https:\/\/vieassociative.be\/actualites\/la-dg-genere-des-accords-sur-le-financement-communautaire-fonds-speciaux-supplementaires-pour-eupen-et-kelmis\/#primaryimage"},"image":{"@id":"https:\/\/vieassociative.be\/actualites\/la-dg-genere-des-accords-sur-le-financement-communautaire-fonds-speciaux-supplementaires-pour-eupen-et-kelmis\/#primaryimage"},"thumbnailUrl":"https:\/\/vieassociative.be\/actualites\/wp-content\/uploads\/2025\/04\/La-DG-genere-des-accords-sur-le-financement-communautaire-fonds.jpg","datePublished":"2025-04-18T14:17:06+00:00","dateModified":"2025-04-18T14:17:06+00:00","breadcrumb":{"@id":"https:\/\/vieassociative.be\/actualites\/la-dg-genere-des-accords-sur-le-financement-communautaire-fonds-speciaux-supplementaires-pour-eupen-et-kelmis\/#breadcrumb"},"inLanguage":"fr-BE","potentialAction":[{"@type":"ReadAction","target":["https:\/\/vieassociative.be\/actualites\/la-dg-genere-des-accords-sur-le-financement-communautaire-fonds-speciaux-supplementaires-pour-eupen-et-kelmis\/"]}]},{"@type":"ImageObject","inLanguage":"fr-BE","@id":"https:\/\/vieassociative.be\/actualites\/la-dg-genere-des-accords-sur-le-financement-communautaire-fonds-speciaux-supplementaires-pour-eupen-et-kelmis\/#primaryimage","url":"https:\/\/vieassociative.be\/actualites\/wp-content\/uploads\/2025\/04\/La-DG-genere-des-accords-sur-le-financement-communautaire-fonds.jpg","contentUrl":"https:\/\/vieassociative.be\/actualites\/wp-content\/uploads\/2025\/04\/La-DG-genere-des-accords-sur-le-financement-communautaire-fonds.jpg","width":1200,"height":802,"caption":"La DG g\u00e9n\u00e8re des accords sur le financement communautaire: fonds sp\u00e9ciaux suppl\u00e9mentaires pour Eupen et Kelmis"},{"@type":"BreadcrumbList","@id":"https:\/\/vieassociative.be\/actualites\/la-dg-genere-des-accords-sur-le-financement-communautaire-fonds-speciaux-supplementaires-pour-eupen-et-kelmis\/#breadcrumb","itemListElement":[{"@type":"ListItem","position":1,"name":"Accueil","item":"https:\/\/vieassociative.be\/actualites\/"},{"@type":"ListItem","position":2,"name":"La DG g\u00e9n\u00e8re des accords sur le financement communautaire: fonds sp\u00e9ciaux suppl\u00e9mentaires pour Eupen et Kelmis"}]},{"@type":"WebSite","@id":"https:\/\/vieassociative.be\/actualites\/#website","url":"https:\/\/vieassociative.be\/actualites\/","name":"Vie Associative","description":"","publisher":{"@id":"https:\/\/vieassociative.be\/actualites\/#organization"},"potentialAction":[{"@type":"SearchAction","target":{"@type":"EntryPoint","urlTemplate":"https:\/\/vieassociative.be\/actualites\/?s={search_term_string}"},"query-input":{"@type":"PropertyValueSpecification","valueRequired":true,"valueName":"search_term_string"}}],"inLanguage":"fr-BE"},{"@type":"Organization","@id":"https:\/\/vieassociative.be\/actualites\/#organization","name":"Vie Associative","url":"https:\/\/vieassociative.be\/actualites\/","logo":{"@type":"ImageObject","inLanguage":"fr-BE","@id":"https:\/\/vieassociative.be\/actualites\/#\/schema\/logo\/image\/","url":"https:\/\/vieassociative.be\/actualites\/wp-content\/uploads\/2024\/09\/cropped-vieassociative_favicon.ico.png","contentUrl":"https:\/\/vieassociative.be\/actualites\/wp-content\/uploads\/2024\/09\/cropped-vieassociative_favicon.ico.png","width":512,"height":512,"caption":"Vie Associative"},"image":{"@id":"https:\/\/vieassociative.be\/actualites\/#\/schema\/logo\/image\/"}},{"@type":"Person","@id":"https:\/\/vieassociative.be\/actualites\/#\/schema\/person\/b87ac4f82f9d4e7b7cec7395b679edc4","name":"Julien","image":{"@type":"ImageObject","inLanguage":"fr-BE","@id":"https:\/\/vieassociative.be\/actualites\/#\/schema\/person\/image\/","url":"https:\/\/vieassociative.be\/actualites\/wp-content\/uploads\/2024\/09\/vie-associative-1-150x150.jpg","contentUrl":"https:\/\/vieassociative.be\/actualites\/wp-content\/uploads\/2024\/09\/vie-associative-1-150x150.jpg","caption":"Julien"},"description":"Je suis Julien, r\u00e9dacteur pour Vie Associative. Passionn\u00e9 par le monde associatif depuis plus de 10 ans, j'ai \u00e0 c\u0153ur de partager des histoires inspirantes et de mettre en lumi\u00e8re les initiatives locales. Mon objectif est de sensibiliser et d'encourager l'engagement communautaire \u00e0 travers mes articles.","sameAs":["https:\/\/vieassociative.be\/"]}]}},"_links":{"self":[{"href":"https:\/\/vieassociative.be\/actualites\/wp-json\/wp\/v2\/posts\/6831"}],"collection":[{"href":"https:\/\/vieassociative.be\/actualites\/wp-json\/wp\/v2\/posts"}],"about":[{"href":"https:\/\/vieassociative.be\/actualites\/wp-json\/wp\/v2\/types\/post"}],"author":[{"embeddable":true,"href":"https:\/\/vieassociative.be\/actualites\/wp-json\/wp\/v2\/users\/1"}],"replies":[{"embeddable":true,"href":"https:\/\/vieassociative.be\/actualites\/wp-json\/wp\/v2\/comments?post=6831"}],"version-history":[{"count":0,"href":"https:\/\/vieassociative.be\/actualites\/wp-json\/wp\/v2\/posts\/6831\/revisions"}],"wp:featuredmedia":[{"embeddable":true,"href":"https:\/\/vieassociative.be\/actualites\/wp-json\/wp\/v2\/media\/6832"}],"wp:attachment":[{"href":"https:\/\/vieassociative.be\/actualites\/wp-json\/wp\/v2\/media?parent=6831"}],"wp:term":[{"taxonomy":"category","embeddable":true,"href":"https:\/\/vieassociative.be\/actualites\/wp-json\/wp\/v2\/categories?post=6831"},{"taxonomy":"post_tag","embeddable":true,"href":"https:\/\/vieassociative.be\/actualites\/wp-json\/wp\/v2\/tags?post=6831"}],"curies":[{"name":"wp","href":"https:\/\/api.w.org\/{rel}","templated":true}]}}